{"id":6883,"date":"2026-09-06T01:54:53","date_gmt":"2026-09-05T23:54:53","guid":{"rendered":"https:\/\/velipost.com\/?p=6883"},"modified":"2026-09-06T01:54:56","modified_gmt":"2026-09-05T23:54:56","slug":"processus-electoral-le-cep-presente-letat-davancement-au-groupe-des-eminentes-personnalites-de-la-caricom","status":"publish","type":"post","link":"https:\/\/velipost.com\/?p=6883","title":{"rendered":"Processus \u00e9lectoral : le CEP pr\u00e9sente l\u2019\u00e9tat d\u2019avancement au Groupe des \u00e9minentes personnalit\u00e9s de la CARICOM"},"content":{"rendered":"\n<p class=\"wp-block-paragraph\">Le Conseil \u00e9lectoral provisoire poursuit ses \u00e9changes avec les partenaires r\u00e9gionaux engag\u00e9s dans le processus \u00e9lectoral en Ha\u00efti. Vendredi 4 septembre 2026, des membres du CEP ont rencontr\u00e9 le Groupe des \u00e9minentes personnalit\u00e9s de la CARICOM au si\u00e8ge de l\u2019institution, \u00e0 P\u00e9tion-Ville.<\/p>\n\n\n\n<p class=\"wp-block-paragraph\">Cette rencontre a permis aux deux parties d\u2019aborder plusieurs dossiers li\u00e9s au processus \u00e9lectoral. Les discussions ont notamment port\u00e9 sur l\u2019inscription des \u00e9lecteurs, l\u2019application du calendrier \u00e9lectoral et les prochaines \u00e9tapes avant l\u2019organisation des \u00e9lections.<\/p>\n\n\n\n<p class=\"wp-block-paragraph\">Le pr\u00e9sident du CEP, Jacques Desrosiers, a pr\u00e9sent\u00e9 l\u2019\u00e9tat d\u2019avancement des op\u00e9rations \u00e9lectorales. Il a notamment \u00e9voqu\u00e9 les activit\u00e9s d\u2019inscription des \u00e9lecteurs ainsi que le fonctionnement des Centres d\u2019inscription et de vote.<\/p>\n\n\n\n<p class=\"wp-block-paragraph\">L\u2019institution \u00e9lectorale a \u00e9galement pr\u00e9sent\u00e9 les mesures adopt\u00e9es pour faciliter l\u2019acc\u00e8s des citoyens aux services \u00e9lectoraux. Une attention particuli\u00e8re est accord\u00e9e \u00e0 la sensibilisation et \u00e0 la mobilisation des jeunes, des femmes, des personnes d\u00e9plac\u00e9es internes et des autres cat\u00e9gories de citoyens appel\u00e9es \u00e0 participer au processus.<\/p>\n\n\n\n<p class=\"wp-block-paragraph\">Le Groupe des \u00e9minentes personnalit\u00e9s de la CARICOM a, pour sa part, manifest\u00e9 son int\u00e9r\u00eat pour l\u2019\u00e9volution du processus \u00e9lectoral ha\u00eftien. Il a souhait\u00e9 que celui-ci puisse aboutir dans l\u2019int\u00e9r\u00eat sup\u00e9rieur de la nation.<\/p>\n\n    <div class=\"xs_social_share_widget xs_share_url after_content \t\tmain_content  wslu-style-3 wslu-share-box-shaped wslu-fill-brand-hover-colored wslu-share-m-5 wslu-none wslu-share-horizontal wslu-theme-font-no wslu-main_content\">\n\n\t\t\n        <ul>\n\t\t\t                    <li class=\"xs-share-li twitter                        wslu-no-extra-data\">\n                        <a href=\"javascript:void(0);\"\n                           id=\"xs_feed_twitter\"\n                           onclick=\"xs_social_sharer(this);\"\n                           data-pid=\"6883\"\n                           data-uri_hash=\"c5813a7ee6ade4cd653e3d1a8dc40364\"\n                           data-key=\"twitter\"\n                           data-xs-href=\"https:\/\/twitter.com\/intent\/tweet?text=Processus+%C3%A9lectoral+%3A+le+CEP+pr%C3%A9sente+l%E2%80%99%C3%A9tat+d%E2%80%99avancement+au+Groupe+des+%C3%A9minentes+personnalit%C3%A9s+de+la+CARICOM+https%3A%2F%2Fvelipost.com%2Findex.php%3Frest_route%3D%252Fwp%252Fv2%252Fposts%252F6883&amp;original_referer=https%3A%2F%2Fvelipost.com%2Findex.php%3Frest_route%3D%252Fwp%252Fv2%252Fposts%252F6883&amp;related=xpeedstudio\">\n\n                            <div class=\"xs-social-icon\">\n                                <span class=\"met-social met-social-twitter\"><\/span>\n                            <\/div>\n\n\t\t\t\t\t\t\t\n                            <div class=\"wslu-hover-content\">\n                                <div class=\"xs-social-followers\">\n\t\t\t\t\t\t\t\t\t10                                <\/div>\n                                <div class=\"xs-social-follower-text\">\n\t\t\t\t\t\t\t\t\tShare                                <\/div>\n                                <div class=\"xs-social-follower-label\">\n\t\t\t\t\t\t\t\t\tTwitter                                <\/div>\n                            <\/div>\n                        <\/a>\n                    <\/li>\n\t\t\t\t\t                    <li class=\"xs-share-li telegram                        wslu-no-extra-data\">\n                        <a href=\"javascript:void(0);\"\n                           id=\"xs_feed_telegram\"\n                           onclick=\"xs_social_sharer(this);\"\n                           data-pid=\"6883\"\n                           data-uri_hash=\"c5813a7ee6ade4cd653e3d1a8dc40364\"\n                           data-key=\"telegram\"\n                           data-xs-href=\"https:\/\/telegram.me\/share\/url?url=https%3A%2F%2Fvelipost.com%2Findex.php%3Frest_route%3D%252Fwp%252Fv2%252Fposts%252F6883&amp;text=Processus+%C3%A9lectoral+%3A+le+CEP+pr%C3%A9sente+l%E2%80%99%C3%A9tat+d%E2%80%99avancement+au+Groupe+des+%C3%A9minentes+personnalit%C3%A9s+de+la+CARICOM\">\n\n                            <div class=\"xs-social-icon\">\n                                <span class=\"met-social met-social-telegram\"><\/span>\n                            <\/div>\n\n\t\t\t\t\t\t\t\n                            <div class=\"wslu-hover-content\">\n                                <div class=\"xs-social-followers\">\n\t\t\t\t\t\t\t\t\t0                                <\/div>\n                                <div class=\"xs-social-follower-text\">\n\t\t\t\t\t\t\t\t\tShare                                <\/div>\n                                <div class=\"xs-social-follower-label\">\n\t\t\t\t\t\t\t\t\tTelegram                                <\/div>\n                            <\/div>\n                        <\/a>\n                    <\/li>\n\t\t\t\t\t                    <li class=\"xs-share-li email                        wslu-no-extra-data\">\n                        <a href=\"javascript:void(0);\"\n                           id=\"xs_feed_email\"\n                           onclick=\"xs_social_sharer(this);\"\n                           data-pid=\"6883\"\n                           data-uri_hash=\"c5813a7ee6ade4cd653e3d1a8dc40364\"\n                           data-key=\"email\"\n                           data-xs-href=\"mailto:?body=Title%3A+Processus+%C3%A9lectoral+%3A+le+CEP+pr%C3%A9sente+l%E2%80%99%C3%A9tat+d%E2%80%99avancement+au+Groupe+des+%C3%A9minentes+personnalit%C3%A9s+de+la+CARICOM+%5Cn%5Cn+URL%3A+https%3A%2F%2Fvelipost.com%2Findex.php%3Frest_route%3D%252Fwp%252Fv2%252Fposts%252F6883&amp;subject=Processus+%C3%A9lectoral+%3A+le+CEP+pr%C3%A9sente+l%E2%80%99%C3%A9tat+d%E2%80%99avancement+au+Groupe+des+%C3%A9minentes+personnalit%C3%A9s+de+la+CARICOM\">\n\n                            <div class=\"xs-social-icon\">\n                                <span class=\"met-social met-social-email\"><\/span>\n                            <\/div>\n\n\t\t\t\t\t\t\t\n                            <div class=\"wslu-hover-content\">\n                                <div class=\"xs-social-followers\">\n\t\t\t\t\t\t\t\t\t0                                <\/div>\n                                <div class=\"xs-social-follower-text\">\n\t\t\t\t\t\t\t\t\tShare                                <\/div>\n                                <div class=\"xs-social-follower-label\">\n\t\t\t\t\t\t\t\t\tEmail                                <\/div>\n                            <\/div>\n                        <\/a>\n                    <\/li>\n\t\t\t\t\t        <\/ul>\n    <\/div> \n","protected":false},"excerpt":{"rendered":"<p>Le Conseil \u00e9lectoral provisoire poursuit ses \u00e9changes avec les partenaires r\u00e9gionaux engag\u00e9s dans le processus \u00e9lectoral en Ha\u00efti. Vendredi 4 septembre 2026, des membres<\/p>\n","protected":false},"author":1,"featured_media":6884,"comment_status":"open","ping_status":"open","sticky":false,"template":"","format":"standard","meta":{"_uag_custom_page_level_css":"","footnotes":"","jetpack_publicize_message":"","jetpack_publicize_feature_enabled":true,"jetpack_social_post_already_shared":true,"jetpack_social_options":{"image_generator_settings":{"template":"highway","default_image_id":0,"font":"","enabled":false},"version":2}},"categories":[257,115],"tags":[],"class_list":["post-6883","post","type-post","status-publish","format-standard","has-post-thumbnail","hentry","category-elections-haitienne","category-politique"],"yoast_head":"<!-- This site is optimized with the Yoast SEO plugin v25.3.1 - https:\/\/yoast.com\/wordpress\/plugins\/seo\/ -->\n<title>Processus \u00e9lectoral : le CEP pr\u00e9sente l\u2019\u00e9tat d\u2019avancement au Groupe des \u00e9minentes personnalit\u00e9s de la CARICOM &#8211; VeliPost<\/title>\n<meta name=\"robots\" content=\"index, follow, max-snippet:-1, max-image-preview:large, max-video-preview:-1\" \/>\n<link rel=\"canonical\" href=\"https:\/\/velipost.com\/?p=6883\" \/>\n<meta property=\"og:locale\" content=\"fr_FR\" \/>\n<meta property=\"og:type\" content=\"article\" \/>\n<meta property=\"og:title\" content=\"Processus \u00e9lectoral : le CEP pr\u00e9sente l\u2019\u00e9tat d\u2019avancement au Groupe des \u00e9minentes personnalit\u00e9s de la CARICOM &#8211; VeliPost\" \/>\n<meta property=\"og:description\" content=\"Le Conseil \u00e9lectoral provisoire poursuit ses \u00e9changes avec les partenaires r\u00e9gionaux engag\u00e9s dans le processus \u00e9lectoral en Ha\u00efti. Vendredi 4 septembre 2026, des membres\" \/>\n<meta property=\"og:url\" content=\"https:\/\/velipost.com\/?p=6883\" \/>\n<meta property=\"og:site_name\" content=\"VeliPost\" \/>\n<meta property=\"article:publisher\" content=\"https:\/\/www.facebook.com\/veliposthaiti\" \/>\n<meta property=\"article:published_time\" content=\"2026-09-05T23:54:53+00:00\" \/>\n<meta property=\"article:modified_time\" content=\"2026-09-05T23:54:56+00:00\" \/>\n<meta property=\"og:image\" content=\"https:\/\/velipost.com\/wp-content\/uploads\/2026\/09\/cep-caricom.jpg\" \/>\n\t<meta property=\"og:image:width\" content=\"1170\" \/>\n\t<meta property=\"og:image:height\" content=\"603\" \/>\n\t<meta property=\"og:image:type\" content=\"image\/jpeg\" \/>\n<meta name=\"author\" content=\"VeliPost\" \/>\n<meta name=\"twitter:card\" content=\"summary_large_image\" \/>\n<meta name=\"twitter:creator\" content=\"@veliposthaiti\" \/>\n<meta name=\"twitter:site\" content=\"@veliposthaiti\" \/>\n<meta name=\"twitter:label1\" content=\"\u00c9crit par\" \/>\n\t<meta name=\"twitter:data1\" content=\"VeliPost\" \/>\n\t<meta name=\"twitter:label2\" content=\"Dur\u00e9e de lecture estim\u00e9e\" \/>\n\t<meta name=\"twitter:data2\" content=\"2 minutes\" \/>\n<script type=\"application\/ld+json\" class=\"yoast-schema-graph\">{\"@context\":\"https:\/\/schema.org\",\"@graph\":[{\"@type\":\"Article\",\"@id\":\"https:\/\/velipost.com\/?p=6883#article\",\"isPartOf\":{\"@id\":\"https:\/\/velipost.com\/?p=6883\"},\"author\":{\"name\":\"VeliPost\",\"@id\":\"https:\/\/velipost.com\/#\/schema\/person\/32ff49a53c9c1bb24302ee8ece058096\"},\"headline\":\"Processus \u00e9lectoral : le CEP pr\u00e9sente l\u2019\u00e9tat d\u2019avancement au Groupe des \u00e9minentes personnalit\u00e9s de la CARICOM\",\"datePublished\":\"2026-09-05T23:54:53+00:00\",\"dateModified\":\"2026-09-05T23:54:56+00:00\",\"mainEntityOfPage\":{\"@id\":\"https:\/\/velipost.com\/?p=6883\"},\"wordCount\":243,\"commentCount\":0,\"publisher\":{\"@id\":\"https:\/\/velipost.com\/#organization\"},\"image\":{\"@id\":\"https:\/\/velipost.com\/?p=6883#primaryimage\"},\"thumbnailUrl\":\"https:\/\/velipost.com\/wp-content\/uploads\/2026\/09\/cep-caricom.jpg\",\"articleSection\":[\"\u00c9lections Ha\u00eftienne\",\"Politique\"],\"inLanguage\":\"fr-FR\",\"potentialAction\":[{\"@type\":\"CommentAction\",\"name\":\"Comment\",\"target\":[\"https:\/\/velipost.com\/?p=6883#respond\"]}]},{\"@type\":\"WebPage\",\"@id\":\"https:\/\/velipost.com\/?p=6883\",\"url\":\"https:\/\/velipost.com\/?p=6883\",\"name\":\"Processus \u00e9lectoral : le CEP pr\u00e9sente l\u2019\u00e9tat d\u2019avancement au Groupe des \u00e9minentes personnalit\u00e9s de la CARICOM &#8211; VeliPost\",\"isPartOf\":{\"@id\":\"https:\/\/velipost.com\/#website\"},\"primaryImageOfPage\":{\"@id\":\"https:\/\/velipost.com\/?p=6883#primaryimage\"},\"image\":{\"@id\":\"https:\/\/velipost.com\/?p=6883#primaryimage\"},\"thumbnailUrl\":\"https:\/\/velipost.com\/wp-content\/uploads\/2026\/09\/cep-caricom.jpg\",\"datePublished\":\"2026-09-05T23:54:53+00:00\",\"dateModified\":\"2026-09-05T23:54:56+00:00\",\"breadcrumb\":{\"@id\":\"https:\/\/velipost.com\/?p=6883#breadcrumb\"},\"inLanguage\":\"fr-FR\",\"potentialAction\":[{\"@type\":\"ReadAction\",\"target\":[\"https:\/\/velipost.com\/?p=6883\"]}]},{\"@type\":\"ImageObject\",\"inLanguage\":\"fr-FR\",\"@id\":\"https:\/\/velipost.com\/?p=6883#primaryimage\",\"url\":\"https:\/\/velipost.com\/wp-content\/uploads\/2026\/09\/cep-caricom.jpg\",\"contentUrl\":\"https:\/\/velipost.com\/wp-content\/uploads\/2026\/09\/cep-caricom.jpg\",\"width\":1170,\"height\":603},{\"@type\":\"BreadcrumbList\",\"@id\":\"https:\/\/velipost.com\/?p=6883#breadcrumb\",\"itemListElement\":[{\"@type\":\"ListItem\",\"position\":1,\"name\":\"Accueil\",\"item\":\"https:\/\/velipost.com\/\"},{\"@type\":\"ListItem\",\"position\":2,\"name\":\"Processus \u00e9lectoral : le CEP pr\u00e9sente l\u2019\u00e9tat d\u2019avancement au Groupe des \u00e9minentes personnalit\u00e9s de la CARICOM\"}]},{\"@type\":\"WebSite\",\"@id\":\"https:\/\/velipost.com\/#website\",\"url\":\"https:\/\/velipost.com\/\",\"name\":\"VeliPost\",\"description\":\"L\u2019info en un clic\",\"publisher\":{\"@id\":\"https:\/\/velipost.com\/#organization\"},\"potentialAction\":[{\"@type\":\"SearchAction\",\"target\":{\"@type\":\"EntryPoint\",\"urlTemplate\":\"https:\/\/velipost.com\/?s={search_term_string}\"},\"query-input\":{\"@type\":\"PropertyValueSpecification\",\"valueRequired\":true,\"valueName\":\"search_term_string\"}}],\"inLanguage\":\"fr-FR\"},{\"@type\":\"Organization\",\"@id\":\"https:\/\/velipost.com\/#organization\",\"name\":\"VeliPost\",\"url\":\"https:\/\/velipost.com\/\",\"logo\":{\"@type\":\"ImageObject\",\"inLanguage\":\"fr-FR\",\"@id\":\"https:\/\/velipost.com\/#\/schema\/logo\/image\/\",\"url\":\"https:\/\/velipost.com\/wp-content\/uploads\/2024\/08\/cropped-VP-logo-piti.png\",\"contentUrl\":\"https:\/\/velipost.com\/wp-content\/uploads\/2024\/08\/cropped-VP-logo-piti.png\",\"width\":201,\"height\":69,\"caption\":\"VeliPost\"},\"image\":{\"@id\":\"https:\/\/velipost.com\/#\/schema\/logo\/image\/\"},\"sameAs\":[\"https:\/\/www.facebook.com\/veliposthaiti\",\"https:\/\/x.com\/veliposthaiti\",\"https:\/\/www.instagram.com\/veliposthaiti\"]},{\"@type\":\"Person\",\"@id\":\"https:\/\/velipost.com\/#\/schema\/person\/32ff49a53c9c1bb24302ee8ece058096\",\"name\":\"VeliPost\",\"image\":{\"@type\":\"ImageObject\",\"inLanguage\":\"fr-FR\",\"@id\":\"https:\/\/velipost.com\/#\/schema\/person\/image\/\",\"url\":\"https:\/\/secure.gravatar.com\/avatar\/57c226c264de62f794185a89596d4a37b85a5ad20aca30d9d5a478b27d8c8d9d?s=96&d=mm&r=g\",\"contentUrl\":\"https:\/\/secure.gravatar.com\/avatar\/57c226c264de62f794185a89596d4a37b85a5ad20aca30d9d5a478b27d8c8d9d?s=96&d=mm&r=g\",\"caption\":\"VeliPost\"},\"sameAs\":[\"https:\/\/velipost.com\"],\"url\":\"https:\/\/velipost.com\/?author=1\"}]}<\/script>\n<!-- \/ Yoast SEO plugin. -->","yoast_head_json":{"title":"Processus \u00e9lectoral : le CEP pr\u00e9sente l\u2019\u00e9tat d\u2019avancement au Groupe des \u00e9minentes personnalit\u00e9s de la CARICOM &#8211; VeliPost","robots":{"index":"index","follow":"follow","max-snippet":"max-snippet:-1","max-image-preview":"max-image-preview:large","max-video-preview":"max-video-preview:-1"},"canonical":"https:\/\/velipost.com\/?p=6883","og_locale":"fr_FR","og_type":"article","og_title":"Processus \u00e9lectoral : le CEP pr\u00e9sente l\u2019\u00e9tat d\u2019avancement au Groupe des \u00e9minentes personnalit\u00e9s de la CARICOM &#8211; VeliPost","og_description":"Le Conseil \u00e9lectoral provisoire poursuit ses \u00e9changes avec les partenaires r\u00e9gionaux engag\u00e9s dans le processus \u00e9lectoral en Ha\u00efti. Vendredi 4 septembre 2026, des membres","og_url":"https:\/\/velipost.com\/?p=6883","og_site_name":"VeliPost","article_publisher":"https:\/\/www.facebook.com\/veliposthaiti","article_published_time":"2026-09-05T23:54:53+00:00","article_modified_time":"2026-09-05T23:54:56+00:00","og_image":[{"width":1170,"height":603,"url":"https:\/\/velipost.com\/wp-content\/uploads\/2026\/09\/cep-caricom.jpg","type":"image\/jpeg"}],"author":"VeliPost","twitter_card":"summary_large_image","twitter_creator":"@veliposthaiti","twitter_site":"@veliposthaiti","twitter_misc":{"\u00c9crit par":"VeliPost","Dur\u00e9e de lecture estim\u00e9e":"2 minutes"},"schema":{"@context":"https:\/\/schema.org","@graph":[{"@type":"Article","@id":"https:\/\/velipost.com\/?p=6883#article","isPartOf":{"@id":"https:\/\/velipost.com\/?p=6883"},"author":{"name":"VeliPost","@id":"https:\/\/velipost.com\/#\/schema\/person\/32ff49a53c9c1bb24302ee8ece058096"},"headline":"Processus \u00e9lectoral : le CEP pr\u00e9sente l\u2019\u00e9tat d\u2019avancement au Groupe des \u00e9minentes personnalit\u00e9s de la CARICOM","datePublished":"2026-09-05T23:54:53+00:00","dateModified":"2026-09-05T23:54:56+00:00","mainEntityOfPage":{"@id":"https:\/\/velipost.com\/?p=6883"},"wordCount":243,"commentCount":0,"publisher":{"@id":"https:\/\/velipost.com\/#organization"},"image":{"@id":"https:\/\/velipost.com\/?p=6883#primaryimage"},"thumbnailUrl":"https:\/\/velipost.com\/wp-content\/uploads\/2026\/09\/cep-caricom.jpg","articleSection":["\u00c9lections Ha\u00eftienne","Politique"],"inLanguage":"fr-FR","potentialAction":[{"@type":"CommentAction","name":"Comment","target":["https:\/\/velipost.com\/?p=6883#respond"]}]},{"@type":"WebPage","@id":"https:\/\/velipost.com\/?p=6883","url":"https:\/\/velipost.com\/?p=6883","name":"Processus \u00e9lectoral : le CEP pr\u00e9sente l\u2019\u00e9tat d\u2019avancement au Groupe des \u00e9minentes personnalit\u00e9s de la CARICOM &#8211; VeliPost","isPartOf":{"@id":"https:\/\/velipost.com\/#website"},"primaryImageOfPage":{"@id":"https:\/\/velipost.com\/?p=6883#primaryimage"},"image":{"@id":"https:\/\/velipost.com\/?p=6883#primaryimage"},"thumbnailUrl":"https:\/\/velipost.com\/wp-content\/uploads\/2026\/09\/cep-caricom.jpg","datePublished":"2026-09-05T23:54:53+00:00","dateModified":"2026-09-05T23:54:56+00:00","breadcrumb":{"@id":"https:\/\/velipost.com\/?p=6883#breadcrumb"},"inLanguage":"fr-FR","potentialAction":[{"@type":"ReadAction","target":["https:\/\/velipost.com\/?p=6883"]}]},{"@type":"ImageObject","inLanguage":"fr-FR","@id":"https:\/\/velipost.com\/?p=6883#primaryimage","url":"https:\/\/velipost.com\/wp-content\/uploads\/2026\/09\/cep-caricom.jpg","contentUrl":"https:\/\/velipost.com\/wp-content\/uploads\/2026\/09\/cep-caricom.jpg","width":1170,"height":603},{"@type":"BreadcrumbList","@id":"https:\/\/velipost.com\/?p=6883#breadcrumb","itemListElement":[{"@type":"ListItem","position":1,"name":"Accueil","item":"https:\/\/velipost.com\/"},{"@type":"ListItem","position":2,"name":"Processus \u00e9lectoral : le CEP pr\u00e9sente l\u2019\u00e9tat d\u2019avancement au Groupe des \u00e9minentes personnalit\u00e9s de la CARICOM"}]},{"@type":"WebSite","@id":"https:\/\/velipost.com\/#website","url":"https:\/\/velipost.com\/","name":"VeliPost","description":"L\u2019info en un clic","publisher":{"@id":"https:\/\/velipost.com\/#organization"},"potentialAction":[{"@type":"SearchAction","target":{"@type":"EntryPoint","urlTemplate":"https:\/\/velipost.com\/?s={search_term_string}"},"query-input":{"@type":"PropertyValueSpecification","valueRequired":true,"valueName":"search_term_string"}}],"inLanguage":"fr-FR"},{"@type":"Organization","@id":"https:\/\/velipost.com\/#organization","name":"VeliPost","url":"https:\/\/velipost.com\/","logo":{"@type":"ImageObject","inLanguage":"fr-FR","@id":"https:\/\/velipost.com\/#\/schema\/logo\/image\/","url":"https:\/\/velipost.com\/wp-content\/uploads\/2024\/08\/cropped-VP-logo-piti.png","contentUrl":"https:\/\/velipost.com\/wp-content\/uploads\/2024\/08\/cropped-VP-logo-piti.png","width":201,"height":69,"caption":"VeliPost"},"image":{"@id":"https:\/\/velipost.com\/#\/schema\/logo\/image\/"},"sameAs":["https:\/\/www.facebook.com\/veliposthaiti","https:\/\/x.com\/veliposthaiti","https:\/\/www.instagram.com\/veliposthaiti"]},{"@type":"Person","@id":"https:\/\/velipost.com\/#\/schema\/person\/32ff49a53c9c1bb24302ee8ece058096","name":"VeliPost","image":{"@type":"ImageObject","inLanguage":"fr-FR","@id":"https:\/\/velipost.com\/#\/schema\/person\/image\/","url":"https:\/\/secure.gravatar.com\/avatar\/57c226c264de62f794185a89596d4a37b85a5ad20aca30d9d5a478b27d8c8d9d?s=96&d=mm&r=g","contentUrl":"https:\/\/secure.gravatar.com\/avatar\/57c226c264de62f794185a89596d4a37b85a5ad20aca30d9d5a478b27d8c8d9d?s=96&d=mm&r=g","caption":"VeliPost"},"sameAs":["https:\/\/velipost.com"],"url":"https:\/\/velipost.com\/?author=1"}]}},"views":0,"jetpack_publicize_connections":[],"uagb_featured_image_src":{"full":["https:\/\/velipost.com\/wp-content\/uploads\/2026\/09\/cep-caricom.jpg",1170,603,false],"thumbnail":["https:\/\/velipost.com\/wp-content\/uploads\/2026\/09\/cep-caricom-150x150.jpg",150,150,true],"medium":["https:\/\/velipost.com\/wp-content\/uploads\/2026\/09\/cep-caricom-300x155.jpg",300,155,true],"medium_large":["https:\/\/velipost.com\/wp-content\/uploads\/2026\/09\/cep-caricom-768x396.jpg",715,369,true],"large":["https:\/\/velipost.com\/wp-content\/uploads\/2026\/09\/cep-caricom-1024x528.jpg",715,369,true],"1536x1536":["https:\/\/velipost.com\/wp-content\/uploads\/2026\/09\/cep-caricom.jpg",1170,603,false],"2048x2048":["https:\/\/velipost.com\/wp-content\/uploads\/2026\/09\/cep-caricom.jpg",1170,603,false],"colornews-big-slider":["https:\/\/velipost.com\/wp-content\/uploads\/2026\/09\/cep-caricom-1070x470.jpg",1070,470,true],"colornews-big-slider-thumb":["https:\/\/velipost.com\/wp-content\/uploads\/2026\/09\/cep-caricom-184x109.jpg",184,109,true],"colornews-featured-post-medium":["https:\/\/velipost.com\/wp-content\/uploads\/2026\/09\/cep-caricom-345x265.jpg",345,265,true],"colornews-featured-post-small":["https:\/\/velipost.com\/wp-content\/uploads\/2026\/09\/cep-caricom-115x73.jpg",115,73,true],"colornews-random-posts":["https:\/\/velipost.com\/wp-content\/uploads\/2026\/09\/cep-caricom-215x215.jpg",215,215,true],"colornews-featured-image":["https:\/\/velipost.com\/wp-content\/uploads\/2026\/09\/cep-caricom-715x400.jpg",715,400,true],"mailpoet_newsletter_max":["https:\/\/velipost.com\/wp-content\/uploads\/2026\/09\/cep-caricom.jpg",1170,603,false]},"uagb_author_info":{"display_name":"VeliPost","author_link":"https:\/\/velipost.com\/?author=1"},"uagb_comment_info":0,"uagb_excerpt":"Le Conseil \u00e9lectoral provisoire poursuit ses \u00e9changes avec les partenaires r\u00e9gionaux engag\u00e9s dans le processus \u00e9lectoral en Ha\u00efti. Vendredi 4 septembre 2026, des membres","_links":{"self":[{"href":"https:\/\/velipost.com\/index.php?rest_route=\/wp\/v2\/posts\/6883","targetHints":{"allow":["GET"]}}],"collection":[{"href":"https:\/\/velipost.com\/index.php?rest_route=\/wp\/v2\/posts"}],"about":[{"href":"https:\/\/velipost.com\/index.php?rest_route=\/wp\/v2\/types\/post"}],"author":[{"embeddable":true,"href":"https:\/\/velipost.com\/index.php?rest_route=\/wp\/v2\/users\/1"}],"replies":[{"embeddable":true,"href":"https:\/\/velipost.com\/index.php?rest_route=%2Fwp%2Fv2%2Fcomments&post=6883"}],"version-history":[{"count":1,"href":"https:\/\/velipost.com\/index.php?rest_route=\/wp\/v2\/posts\/6883\/revisions"}],"predecessor-version":[{"id":6885,"href":"https:\/\/velipost.com\/index.php?rest_route=\/wp\/v2\/posts\/6883\/revisions\/6885"}],"wp:featuredmedia":[{"embeddable":true,"href":"https:\/\/velipost.com\/index.php?rest_route=\/wp\/v2\/media\/6884"}],"wp:attachment":[{"href":"https:\/\/velipost.com\/index.php?rest_route=%2Fwp%2Fv2%2Fmedia&parent=6883"}],"wp:term":[{"taxonomy":"category","embeddable":true,"href":"https:\/\/velipost.com\/index.php?rest_route=%2Fwp%2Fv2%2Fcategories&post=6883"},{"taxonomy":"post_tag","embeddable":true,"href":"https:\/\/velipost.com\/index.php?rest_route=%2Fwp%2Fv2%2Ftags&post=6883"}],"curies":[{"name":"wp","href":"https:\/\/api.w.org\/{rel}","templated":true}]}}