{"id":6880,"date":"2026-09-05T01:20:57","date_gmt":"2026-09-04T23:20:57","guid":{"rendered":"https:\/\/velipost.com\/?p=6880"},"modified":"2026-09-05T01:21:00","modified_gmt":"2026-09-04T23:21:00","slug":"arnel-belizaire-convoque-par-le-parquet-apres-la-manifestation-du-4-septembre","status":"publish","type":"post","link":"https:\/\/velipost.com\/?p=6880","title":{"rendered":"Arnel B\u00e9lizaire convoqu\u00e9 par le parquet apr\u00e8s la manifestation du 4 septembre"},"content":{"rendered":"\n<p class=\"wp-block-paragraph\">Le parquet de Port-au-Prince convoque Arnel B\u00e9lizaire apr\u00e8s la manifestation organis\u00e9e ce vendredi 4 septembre 2026. L\u2019ancien d\u00e9put\u00e9 est attendu au bureau du Commissaire du Gouvernement, Jean Fritz Patterson Dorval, le lundi 7 septembre \u00e0 13 heures.<\/p>\n\n\n\n<p class=\"wp-block-paragraph\">Dans une correspondance dat\u00e9e du 4 septembre, le parquet indique vouloir entendre B\u00e9lizaire sur son implication pr\u00e9sum\u00e9e dans l\u2019organisation et la participation \u00e0 cette manifestation.<\/p>\n\n\n\n<p class=\"wp-block-paragraph\">Cette convocation intervient alors que le parquet affirme avoir re\u00e7u des informations faisant \u00e9tat d\u2019agissements susceptibles de troubler l\u2019ordre social et de porter atteinte au fonctionnement r\u00e9gulier des institutions de la R\u00e9publique.<\/p>\n\n\n\n<p class=\"wp-block-paragraph\">Arnel B\u00e9lizaire devra se pr\u00e9senter muni d\u2019une pi\u00e8ce d\u2019identit\u00e9 et, le cas \u00e9ch\u00e9ant, de tout document ou \u00e9l\u00e9ment pouvant servir \u00e0 ses explications.<\/p>\n\n\n\n<p class=\"wp-block-paragraph\">Le parquet pr\u00e9cise que cette d\u00e9marche ne pr\u00e9juge pas des \u00e9ventuelles suites judiciaires qui pourraient \u00eatre donn\u00e9es au dossier apr\u00e8s l\u2019examen des \u00e9l\u00e9ments recueillis.<\/p>\n\n    <div class=\"xs_social_share_widget xs_share_url after_content \t\tmain_content  wslu-style-3 wslu-share-box-shaped wslu-fill-brand-hover-colored wslu-share-m-5 wslu-none wslu-share-horizontal wslu-theme-font-no wslu-main_content\">\n\n\t\t\n        <ul>\n\t\t\t                    <li class=\"xs-share-li twitter                        wslu-no-extra-data\">\n                        <a href=\"javascript:void(0);\"\n                           id=\"xs_feed_twitter\"\n                           onclick=\"xs_social_sharer(this);\"\n                           data-pid=\"6880\"\n                           data-uri_hash=\"0e93b643c92e0f9be28ca404520005ce\"\n                           data-key=\"twitter\"\n                           data-xs-href=\"https:\/\/twitter.com\/intent\/tweet?text=Arnel+B%C3%A9lizaire+convoqu%C3%A9+par+le+parquet+apr%C3%A8s+la+manifestation+du+4+septembre+https%3A%2F%2Fvelipost.com%2Findex.php%3Frest_route%3D%252Fwp%252Fv2%252Fposts%252F6880&amp;original_referer=https%3A%2F%2Fvelipost.com%2Findex.php%3Frest_route%3D%252Fwp%252Fv2%252Fposts%252F6880&amp;related=xpeedstudio\">\n\n                            <div class=\"xs-social-icon\">\n                                <span class=\"met-social met-social-twitter\"><\/span>\n                            <\/div>\n\n\t\t\t\t\t\t\t\n                            <div class=\"wslu-hover-content\">\n                                <div class=\"xs-social-followers\">\n\t\t\t\t\t\t\t\t\t10                                <\/div>\n                                <div class=\"xs-social-follower-text\">\n\t\t\t\t\t\t\t\t\tShare                                <\/div>\n                                <div class=\"xs-social-follower-label\">\n\t\t\t\t\t\t\t\t\tTwitter                                <\/div>\n                            <\/div>\n                        <\/a>\n                    <\/li>\n\t\t\t\t\t                    <li class=\"xs-share-li telegram                        wslu-no-extra-data\">\n                        <a href=\"javascript:void(0);\"\n                           id=\"xs_feed_telegram\"\n                           onclick=\"xs_social_sharer(this);\"\n                           data-pid=\"6880\"\n                           data-uri_hash=\"0e93b643c92e0f9be28ca404520005ce\"\n                           data-key=\"telegram\"\n                           data-xs-href=\"https:\/\/telegram.me\/share\/url?url=https%3A%2F%2Fvelipost.com%2Findex.php%3Frest_route%3D%252Fwp%252Fv2%252Fposts%252F6880&amp;text=Arnel+B%C3%A9lizaire+convoqu%C3%A9+par+le+parquet+apr%C3%A8s+la+manifestation+du+4+septembre\">\n\n                            <div class=\"xs-social-icon\">\n                                <span class=\"met-social met-social-telegram\"><\/span>\n                            <\/div>\n\n\t\t\t\t\t\t\t\n                            <div class=\"wslu-hover-content\">\n                                <div class=\"xs-social-followers\">\n\t\t\t\t\t\t\t\t\t0                                <\/div>\n                                <div class=\"xs-social-follower-text\">\n\t\t\t\t\t\t\t\t\tShare                                <\/div>\n                                <div class=\"xs-social-follower-label\">\n\t\t\t\t\t\t\t\t\tTelegram                                <\/div>\n                            <\/div>\n                        <\/a>\n                    <\/li>\n\t\t\t\t\t                    <li class=\"xs-share-li email                        wslu-no-extra-data\">\n                        <a href=\"javascript:void(0);\"\n                           id=\"xs_feed_email\"\n                           onclick=\"xs_social_sharer(this);\"\n                           data-pid=\"6880\"\n                           data-uri_hash=\"0e93b643c92e0f9be28ca404520005ce\"\n                           data-key=\"email\"\n                           data-xs-href=\"mailto:?body=Title%3A+Arnel+B%C3%A9lizaire+convoqu%C3%A9+par+le+parquet+apr%C3%A8s+la+manifestation+du+4+septembre+%5Cn%5Cn+URL%3A+https%3A%2F%2Fvelipost.com%2Findex.php%3Frest_route%3D%252Fwp%252Fv2%252Fposts%252F6880&amp;subject=Arnel+B%C3%A9lizaire+convoqu%C3%A9+par+le+parquet+apr%C3%A8s+la+manifestation+du+4+septembre\">\n\n                            <div class=\"xs-social-icon\">\n                                <span class=\"met-social met-social-email\"><\/span>\n                            <\/div>\n\n\t\t\t\t\t\t\t\n                            <div class=\"wslu-hover-content\">\n                                <div class=\"xs-social-followers\">\n\t\t\t\t\t\t\t\t\t0                                <\/div>\n                                <div class=\"xs-social-follower-text\">\n\t\t\t\t\t\t\t\t\tShare                                <\/div>\n                                <div class=\"xs-social-follower-label\">\n\t\t\t\t\t\t\t\t\tEmail                                <\/div>\n                            <\/div>\n                        <\/a>\n                    <\/li>\n\t\t\t\t\t        <\/ul>\n    <\/div> \n","protected":false},"excerpt":{"rendered":"<p>Le parquet de Port-au-Prince convoque Arnel B\u00e9lizaire apr\u00e8s la manifestation organis\u00e9e ce vendredi 4 septembre 2026. L\u2019ancien d\u00e9put\u00e9 est attendu au bureau du Commissaire<\/p>\n","protected":false},"author":1,"featured_media":6881,"comment_status":"open","ping_status":"open","sticky":false,"template":"","format":"standard","meta":{"_uag_custom_page_level_css":"","footnotes":"","jetpack_publicize_message":"","jetpack_publicize_feature_enabled":true,"jetpack_social_post_already_shared":true,"jetpack_social_options":{"image_generator_settings":{"template":"highway","default_image_id":0,"font":"","enabled":false},"version":2}},"categories":[259],"tags":[],"class_list":["post-6880","post","type-post","status-publish","format-standard","has-post-thumbnail","hentry","category-justice"],"yoast_head":"<!-- This site is optimized with the Yoast SEO plugin v25.3.1 - https:\/\/yoast.com\/wordpress\/plugins\/seo\/ -->\n<title>Arnel B\u00e9lizaire convoqu\u00e9 par le parquet apr\u00e8s la manifestation du 4 septembre &#8211; VeliPost<\/title>\n<meta name=\"robots\" content=\"index, follow, max-snippet:-1, max-image-preview:large, max-video-preview:-1\" \/>\n<link rel=\"canonical\" href=\"https:\/\/velipost.com\/?p=6880\" \/>\n<meta property=\"og:locale\" content=\"fr_FR\" \/>\n<meta property=\"og:type\" content=\"article\" \/>\n<meta property=\"og:title\" content=\"Arnel B\u00e9lizaire convoqu\u00e9 par le parquet apr\u00e8s la manifestation du 4 septembre &#8211; VeliPost\" \/>\n<meta property=\"og:description\" content=\"Le parquet de Port-au-Prince convoque Arnel B\u00e9lizaire apr\u00e8s la manifestation organis\u00e9e ce vendredi 4 septembre 2026. L\u2019ancien d\u00e9put\u00e9 est attendu au bureau du Commissaire\" \/>\n<meta property=\"og:url\" content=\"https:\/\/velipost.com\/?p=6880\" \/>\n<meta property=\"og:site_name\" content=\"VeliPost\" \/>\n<meta property=\"article:publisher\" content=\"https:\/\/www.facebook.com\/veliposthaiti\" \/>\n<meta property=\"article:published_time\" content=\"2026-09-04T23:20:57+00:00\" \/>\n<meta property=\"article:modified_time\" content=\"2026-09-04T23:21:00+00:00\" \/>\n<meta property=\"og:image\" content=\"https:\/\/velipost.com\/wp-content\/uploads\/2026\/09\/Arnel.jpg\" \/>\n\t<meta property=\"og:image:width\" content=\"1170\" \/>\n\t<meta property=\"og:image:height\" content=\"603\" \/>\n\t<meta property=\"og:image:type\" content=\"image\/jpeg\" \/>\n<meta name=\"author\" content=\"VeliPost\" \/>\n<meta name=\"twitter:card\" content=\"summary_large_image\" \/>\n<meta name=\"twitter:creator\" content=\"@veliposthaiti\" \/>\n<meta name=\"twitter:site\" content=\"@veliposthaiti\" \/>\n<meta name=\"twitter:label1\" content=\"\u00c9crit par\" \/>\n\t<meta name=\"twitter:data1\" content=\"VeliPost\" \/>\n\t<meta name=\"twitter:label2\" content=\"Dur\u00e9e de lecture estim\u00e9e\" \/>\n\t<meta name=\"twitter:data2\" content=\"1 minute\" \/>\n<script type=\"application\/ld+json\" class=\"yoast-schema-graph\">{\"@context\":\"https:\/\/schema.org\",\"@graph\":[{\"@type\":\"Article\",\"@id\":\"https:\/\/velipost.com\/?p=6880#article\",\"isPartOf\":{\"@id\":\"https:\/\/velipost.com\/?p=6880\"},\"author\":{\"name\":\"VeliPost\",\"@id\":\"https:\/\/velipost.com\/#\/schema\/person\/32ff49a53c9c1bb24302ee8ece058096\"},\"headline\":\"Arnel B\u00e9lizaire convoqu\u00e9 par le parquet apr\u00e8s la manifestation du 4 septembre\",\"datePublished\":\"2026-09-04T23:20:57+00:00\",\"dateModified\":\"2026-09-04T23:21:00+00:00\",\"mainEntityOfPage\":{\"@id\":\"https:\/\/velipost.com\/?p=6880\"},\"wordCount\":175,\"commentCount\":0,\"publisher\":{\"@id\":\"https:\/\/velipost.com\/#organization\"},\"image\":{\"@id\":\"https:\/\/velipost.com\/?p=6880#primaryimage\"},\"thumbnailUrl\":\"https:\/\/velipost.com\/wp-content\/uploads\/2026\/09\/Arnel.jpg\",\"articleSection\":[\"Justice\"],\"inLanguage\":\"fr-FR\",\"potentialAction\":[{\"@type\":\"CommentAction\",\"name\":\"Comment\",\"target\":[\"https:\/\/velipost.com\/?p=6880#respond\"]}]},{\"@type\":\"WebPage\",\"@id\":\"https:\/\/velipost.com\/?p=6880\",\"url\":\"https:\/\/velipost.com\/?p=6880\",\"name\":\"Arnel B\u00e9lizaire convoqu\u00e9 par le parquet apr\u00e8s la manifestation du 4 septembre &#8211; VeliPost\",\"isPartOf\":{\"@id\":\"https:\/\/velipost.com\/#website\"},\"primaryImageOfPage\":{\"@id\":\"https:\/\/velipost.com\/?p=6880#primaryimage\"},\"image\":{\"@id\":\"https:\/\/velipost.com\/?p=6880#primaryimage\"},\"thumbnailUrl\":\"https:\/\/velipost.com\/wp-content\/uploads\/2026\/09\/Arnel.jpg\",\"datePublished\":\"2026-09-04T23:20:57+00:00\",\"dateModified\":\"2026-09-04T23:21:00+00:00\",\"breadcrumb\":{\"@id\":\"https:\/\/velipost.com\/?p=6880#breadcrumb\"},\"inLanguage\":\"fr-FR\",\"potentialAction\":[{\"@type\":\"ReadAction\",\"target\":[\"https:\/\/velipost.com\/?p=6880\"]}]},{\"@type\":\"ImageObject\",\"inLanguage\":\"fr-FR\",\"@id\":\"https:\/\/velipost.com\/?p=6880#primaryimage\",\"url\":\"https:\/\/velipost.com\/wp-content\/uploads\/2026\/09\/Arnel.jpg\",\"contentUrl\":\"https:\/\/velipost.com\/wp-content\/uploads\/2026\/09\/Arnel.jpg\",\"width\":1170,\"height\":603},{\"@type\":\"BreadcrumbList\",\"@id\":\"https:\/\/velipost.com\/?p=6880#breadcrumb\",\"itemListElement\":[{\"@type\":\"ListItem\",\"position\":1,\"name\":\"Accueil\",\"item\":\"https:\/\/velipost.com\/\"},{\"@type\":\"ListItem\",\"position\":2,\"name\":\"Arnel B\u00e9lizaire convoqu\u00e9 par le parquet apr\u00e8s la manifestation du 4 septembre\"}]},{\"@type\":\"WebSite\",\"@id\":\"https:\/\/velipost.com\/#website\",\"url\":\"https:\/\/velipost.com\/\",\"name\":\"VeliPost\",\"description\":\"L\u2019info en un clic\",\"publisher\":{\"@id\":\"https:\/\/velipost.com\/#organization\"},\"potentialAction\":[{\"@type\":\"SearchAction\",\"target\":{\"@type\":\"EntryPoint\",\"urlTemplate\":\"https:\/\/velipost.com\/?s={search_term_string}\"},\"query-input\":{\"@type\":\"PropertyValueSpecification\",\"valueRequired\":true,\"valueName\":\"search_term_string\"}}],\"inLanguage\":\"fr-FR\"},{\"@type\":\"Organization\",\"@id\":\"https:\/\/velipost.com\/#organization\",\"name\":\"VeliPost\",\"url\":\"https:\/\/velipost.com\/\",\"logo\":{\"@type\":\"ImageObject\",\"inLanguage\":\"fr-FR\",\"@id\":\"https:\/\/velipost.com\/#\/schema\/logo\/image\/\",\"url\":\"https:\/\/velipost.com\/wp-content\/uploads\/2024\/08\/cropped-VP-logo-piti.png\",\"contentUrl\":\"https:\/\/velipost.com\/wp-content\/uploads\/2024\/08\/cropped-VP-logo-piti.png\",\"width\":201,\"height\":69,\"caption\":\"VeliPost\"},\"image\":{\"@id\":\"https:\/\/velipost.com\/#\/schema\/logo\/image\/\"},\"sameAs\":[\"https:\/\/www.facebook.com\/veliposthaiti\",\"https:\/\/x.com\/veliposthaiti\",\"https:\/\/www.instagram.com\/veliposthaiti\"]},{\"@type\":\"Person\",\"@id\":\"https:\/\/velipost.com\/#\/schema\/person\/32ff49a53c9c1bb24302ee8ece058096\",\"name\":\"VeliPost\",\"image\":{\"@type\":\"ImageObject\",\"inLanguage\":\"fr-FR\",\"@id\":\"https:\/\/velipost.com\/#\/schema\/person\/image\/\",\"url\":\"https:\/\/secure.gravatar.com\/avatar\/57c226c264de62f794185a89596d4a37b85a5ad20aca30d9d5a478b27d8c8d9d?s=96&d=mm&r=g\",\"contentUrl\":\"https:\/\/secure.gravatar.com\/avatar\/57c226c264de62f794185a89596d4a37b85a5ad20aca30d9d5a478b27d8c8d9d?s=96&d=mm&r=g\",\"caption\":\"VeliPost\"},\"sameAs\":[\"https:\/\/velipost.com\"],\"url\":\"https:\/\/velipost.com\/?author=1\"}]}<\/script>\n<!-- \/ Yoast SEO plugin. -->","yoast_head_json":{"title":"Arnel B\u00e9lizaire convoqu\u00e9 par le parquet apr\u00e8s la manifestation du 4 septembre &#8211; VeliPost","robots":{"index":"index","follow":"follow","max-snippet":"max-snippet:-1","max-image-preview":"max-image-preview:large","max-video-preview":"max-video-preview:-1"},"canonical":"https:\/\/velipost.com\/?p=6880","og_locale":"fr_FR","og_type":"article","og_title":"Arnel B\u00e9lizaire convoqu\u00e9 par le parquet apr\u00e8s la manifestation du 4 septembre &#8211; VeliPost","og_description":"Le parquet de Port-au-Prince convoque Arnel B\u00e9lizaire apr\u00e8s la manifestation organis\u00e9e ce vendredi 4 septembre 2026. L\u2019ancien d\u00e9put\u00e9 est attendu au bureau du Commissaire","og_url":"https:\/\/velipost.com\/?p=6880","og_site_name":"VeliPost","article_publisher":"https:\/\/www.facebook.com\/veliposthaiti","article_published_time":"2026-09-04T23:20:57+00:00","article_modified_time":"2026-09-04T23:21:00+00:00","og_image":[{"width":1170,"height":603,"url":"https:\/\/velipost.com\/wp-content\/uploads\/2026\/09\/Arnel.jpg","type":"image\/jpeg"}],"author":"VeliPost","twitter_card":"summary_large_image","twitter_creator":"@veliposthaiti","twitter_site":"@veliposthaiti","twitter_misc":{"\u00c9crit par":"VeliPost","Dur\u00e9e de lecture estim\u00e9e":"1 minute"},"schema":{"@context":"https:\/\/schema.org","@graph":[{"@type":"Article","@id":"https:\/\/velipost.com\/?p=6880#article","isPartOf":{"@id":"https:\/\/velipost.com\/?p=6880"},"author":{"name":"VeliPost","@id":"https:\/\/velipost.com\/#\/schema\/person\/32ff49a53c9c1bb24302ee8ece058096"},"headline":"Arnel B\u00e9lizaire convoqu\u00e9 par le parquet apr\u00e8s la manifestation du 4 septembre","datePublished":"2026-09-04T23:20:57+00:00","dateModified":"2026-09-04T23:21:00+00:00","mainEntityOfPage":{"@id":"https:\/\/velipost.com\/?p=6880"},"wordCount":175,"commentCount":0,"publisher":{"@id":"https:\/\/velipost.com\/#organization"},"image":{"@id":"https:\/\/velipost.com\/?p=6880#primaryimage"},"thumbnailUrl":"https:\/\/velipost.com\/wp-content\/uploads\/2026\/09\/Arnel.jpg","articleSection":["Justice"],"inLanguage":"fr-FR","potentialAction":[{"@type":"CommentAction","name":"Comment","target":["https:\/\/velipost.com\/?p=6880#respond"]}]},{"@type":"WebPage","@id":"https:\/\/velipost.com\/?p=6880","url":"https:\/\/velipost.com\/?p=6880","name":"Arnel B\u00e9lizaire convoqu\u00e9 par le parquet apr\u00e8s la manifestation du 4 septembre &#8211; VeliPost","isPartOf":{"@id":"https:\/\/velipost.com\/#website"},"primaryImageOfPage":{"@id":"https:\/\/velipost.com\/?p=6880#primaryimage"},"image":{"@id":"https:\/\/velipost.com\/?p=6880#primaryimage"},"thumbnailUrl":"https:\/\/velipost.com\/wp-content\/uploads\/2026\/09\/Arnel.jpg","datePublished":"2026-09-04T23:20:57+00:00","dateModified":"2026-09-04T23:21:00+00:00","breadcrumb":{"@id":"https:\/\/velipost.com\/?p=6880#breadcrumb"},"inLanguage":"fr-FR","potentialAction":[{"@type":"ReadAction","target":["https:\/\/velipost.com\/?p=6880"]}]},{"@type":"ImageObject","inLanguage":"fr-FR","@id":"https:\/\/velipost.com\/?p=6880#primaryimage","url":"https:\/\/velipost.com\/wp-content\/uploads\/2026\/09\/Arnel.jpg","contentUrl":"https:\/\/velipost.com\/wp-content\/uploads\/2026\/09\/Arnel.jpg","width":1170,"height":603},{"@type":"BreadcrumbList","@id":"https:\/\/velipost.com\/?p=6880#breadcrumb","itemListElement":[{"@type":"ListItem","position":1,"name":"Accueil","item":"https:\/\/velipost.com\/"},{"@type":"ListItem","position":2,"name":"Arnel B\u00e9lizaire convoqu\u00e9 par le parquet apr\u00e8s la manifestation du 4 septembre"}]},{"@type":"WebSite","@id":"https:\/\/velipost.com\/#website","url":"https:\/\/velipost.com\/","name":"VeliPost","description":"L\u2019info en un clic","publisher":{"@id":"https:\/\/velipost.com\/#organization"},"potentialAction":[{"@type":"SearchAction","target":{"@type":"EntryPoint","urlTemplate":"https:\/\/velipost.com\/?s={search_term_string}"},"query-input":{"@type":"PropertyValueSpecification","valueRequired":true,"valueName":"search_term_string"}}],"inLanguage":"fr-FR"},{"@type":"Organization","@id":"https:\/\/velipost.com\/#organization","name":"VeliPost","url":"https:\/\/velipost.com\/","logo":{"@type":"ImageObject","inLanguage":"fr-FR","@id":"https:\/\/velipost.com\/#\/schema\/logo\/image\/","url":"https:\/\/velipost.com\/wp-content\/uploads\/2024\/08\/cropped-VP-logo-piti.png","contentUrl":"https:\/\/velipost.com\/wp-content\/uploads\/2024\/08\/cropped-VP-logo-piti.png","width":201,"height":69,"caption":"VeliPost"},"image":{"@id":"https:\/\/velipost.com\/#\/schema\/logo\/image\/"},"sameAs":["https:\/\/www.facebook.com\/veliposthaiti","https:\/\/x.com\/veliposthaiti","https:\/\/www.instagram.com\/veliposthaiti"]},{"@type":"Person","@id":"https:\/\/velipost.com\/#\/schema\/person\/32ff49a53c9c1bb24302ee8ece058096","name":"VeliPost","image":{"@type":"ImageObject","inLanguage":"fr-FR","@id":"https:\/\/velipost.com\/#\/schema\/person\/image\/","url":"https:\/\/secure.gravatar.com\/avatar\/57c226c264de62f794185a89596d4a37b85a5ad20aca30d9d5a478b27d8c8d9d?s=96&d=mm&r=g","contentUrl":"https:\/\/secure.gravatar.com\/avatar\/57c226c264de62f794185a89596d4a37b85a5ad20aca30d9d5a478b27d8c8d9d?s=96&d=mm&r=g","caption":"VeliPost"},"sameAs":["https:\/\/velipost.com"],"url":"https:\/\/velipost.com\/?author=1"}]}},"views":0,"jetpack_publicize_connections":[],"uagb_featured_image_src":{"full":["https:\/\/velipost.com\/wp-content\/uploads\/2026\/09\/Arnel.jpg",1170,603,false],"thumbnail":["https:\/\/velipost.com\/wp-content\/uploads\/2026\/09\/Arnel-150x150.jpg",150,150,true],"medium":["https:\/\/velipost.com\/wp-content\/uploads\/2026\/09\/Arnel-300x155.jpg",300,155,true],"medium_large":["https:\/\/velipost.com\/wp-content\/uploads\/2026\/09\/Arnel-768x396.jpg",715,369,true],"large":["https:\/\/velipost.com\/wp-content\/uploads\/2026\/09\/Arnel-1024x528.jpg",715,369,true],"1536x1536":["https:\/\/velipost.com\/wp-content\/uploads\/2026\/09\/Arnel.jpg",1170,603,false],"2048x2048":["https:\/\/velipost.com\/wp-content\/uploads\/2026\/09\/Arnel.jpg",1170,603,false],"colornews-big-slider":["https:\/\/velipost.com\/wp-content\/uploads\/2026\/09\/Arnel-1070x470.jpg",1070,470,true],"colornews-big-slider-thumb":["https:\/\/velipost.com\/wp-content\/uploads\/2026\/09\/Arnel-184x109.jpg",184,109,true],"colornews-featured-post-medium":["https:\/\/velipost.com\/wp-content\/uploads\/2026\/09\/Arnel-345x265.jpg",345,265,true],"colornews-featured-post-small":["https:\/\/velipost.com\/wp-content\/uploads\/2026\/09\/Arnel-115x73.jpg",115,73,true],"colornews-random-posts":["https:\/\/velipost.com\/wp-content\/uploads\/2026\/09\/Arnel-215x215.jpg",215,215,true],"colornews-featured-image":["https:\/\/velipost.com\/wp-content\/uploads\/2026\/09\/Arnel-715x400.jpg",715,400,true],"mailpoet_newsletter_max":["https:\/\/velipost.com\/wp-content\/uploads\/2026\/09\/Arnel.jpg",1170,603,false]},"uagb_author_info":{"display_name":"VeliPost","author_link":"https:\/\/velipost.com\/?author=1"},"uagb_comment_info":0,"uagb_excerpt":"Le parquet de Port-au-Prince convoque Arnel B\u00e9lizaire apr\u00e8s la manifestation organis\u00e9e ce vendredi 4 septembre 2026. L\u2019ancien d\u00e9put\u00e9 est attendu au bureau du Commissaire","_links":{"self":[{"href":"https:\/\/velipost.com\/index.php?rest_route=\/wp\/v2\/posts\/6880","targetHints":{"allow":["GET"]}}],"collection":[{"href":"https:\/\/velipost.com\/index.php?rest_route=\/wp\/v2\/posts"}],"about":[{"href":"https:\/\/velipost.com\/index.php?rest_route=\/wp\/v2\/types\/post"}],"author":[{"embeddable":true,"href":"https:\/\/velipost.com\/index.php?rest_route=\/wp\/v2\/users\/1"}],"replies":[{"embeddable":true,"href":"https:\/\/velipost.com\/index.php?rest_route=%2Fwp%2Fv2%2Fcomments&post=6880"}],"version-history":[{"count":1,"href":"https:\/\/velipost.com\/index.php?rest_route=\/wp\/v2\/posts\/6880\/revisions"}],"predecessor-version":[{"id":6882,"href":"https:\/\/velipost.com\/index.php?rest_route=\/wp\/v2\/posts\/6880\/revisions\/6882"}],"wp:featuredmedia":[{"embeddable":true,"href":"https:\/\/velipost.com\/index.php?rest_route=\/wp\/v2\/media\/6881"}],"wp:attachment":[{"href":"https:\/\/velipost.com\/index.php?rest_route=%2Fwp%2Fv2%2Fmedia&parent=6880"}],"wp:term":[{"taxonomy":"category","embeddable":true,"href":"https:\/\/velipost.com\/index.php?rest_route=%2Fwp%2Fv2%2Fcategories&post=6880"},{"taxonomy":"post_tag","embeddable":true,"href":"https:\/\/velipost.com\/index.php?rest_route=%2Fwp%2Fv2%2Ftags&post=6880"}],"curies":[{"name":"wp","href":"https:\/\/api.w.org\/{rel}","templated":true}]}}