{"id":6876,"date":"2026-09-04T04:17:00","date_gmt":"2026-09-04T02:17:00","guid":{"rendered":"https:\/\/velipost.com\/?p=6876"},"modified":"2026-09-04T04:17:03","modified_gmt":"2026-09-04T02:17:03","slug":"le-mpce-lance-une-tournee-dans-le-grand-nord-pour-renforcer-ses-directions-departementales","status":"publish","type":"post","link":"https:\/\/velipost.com\/?p=6876","title":{"rendered":"Le MPCE lance une tourn\u00e9e dans le Grand Nord pour renforcer ses directions d\u00e9partementales"},"content":{"rendered":"\n<p class=\"wp-block-paragraph\">La ministre de la Planification et de la Coop\u00e9ration Externe, Dre Sandra Paulemon, conduit, du 3 au 7 septembre, une importante d\u00e9l\u00e9gation du MPCE dans le Grand Nord du pays. Cette tourn\u00e9e vise notamment \u00e0 renforcer les structures d\u00e9concentr\u00e9es du minist\u00e8re et \u00e0 mieux int\u00e9grer les r\u00e9alit\u00e9s locales dans la planification du d\u00e9veloppement.<\/p>\n\n\n\n<p class=\"wp-block-paragraph\">La d\u00e9l\u00e9gation comprend plusieurs hauts responsables du MPCE, dont le directeur g\u00e9n\u00e9ral Guy Rom\u00e9ro Latry, l\u2019assistant coordonnateur de l\u2019Unit\u00e9 de Coordination des Directions D\u00e9partementales, Wilson Matthieu, ainsi que des responsables du suivi de l\u2019investissement public, de l\u2019am\u00e9nagement du territoire et du d\u00e9veloppement local. Des responsables de la coordination des activit\u00e9s des organisations non gouvernementales participent \u00e9galement \u00e0 cette mission.<\/p>\n\n\n\n<p class=\"wp-block-paragraph\">Au cours de cette tourn\u00e9e, la d\u00e9l\u00e9gation pr\u00e9voit de visiter plusieurs directions d\u00e9partementales afin d\u2019\u00e9valuer leurs conditions de fonctionnement et de recueillir les pr\u00e9occupations des employ\u00e9s. Les \u00e9changes doivent \u00e9galement permettre d\u2019identifier les moyens n\u00e9cessaires pour renforcer ces structures et am\u00e9liorer leur capacit\u00e9 \u00e0 remplir leurs missions. La ministre Sandra Paulemon doit par ailleurs pr\u00e9sider des tables d\u00e9partementales, une premi\u00e8re pour un ministre de la Planification selon le MPCE.<\/p>\n\n\n\n<p class=\"wp-block-paragraph\">La tourn\u00e9e concerne notamment les d\u00e9partements du Nord-Est, du Nord, du Nord-Ouest et de l\u2019Artibonite. \u00c0 travers ces rencontres, le MPCE entend rapprocher davantage la planification nationale des r\u00e9alit\u00e9s des territoires et favoriser la participation des acteurs locaux aux r\u00e9flexions sur les priorit\u00e9s de d\u00e9veloppement. L\u2019initiative s\u2019inscrit dans la volont\u00e9 du gouvernement d\u2019Alix Didier Fils-Aim\u00e9 de renforcer l\u2019action publique au niveau d\u00e9partemental.<\/p>\n\n    <div class=\"xs_social_share_widget xs_share_url after_content \t\tmain_content  wslu-style-3 wslu-share-box-shaped wslu-fill-brand-hover-colored wslu-share-m-5 wslu-none wslu-share-horizontal wslu-theme-font-no wslu-main_content\">\n\n\t\t\n        <ul>\n\t\t\t                    <li class=\"xs-share-li twitter                        wslu-no-extra-data\">\n                        <a href=\"javascript:void(0);\"\n                           id=\"xs_feed_twitter\"\n                           onclick=\"xs_social_sharer(this);\"\n                           data-pid=\"6876\"\n                           data-uri_hash=\"415b4e229daa29fb59a4867334334ea6\"\n                           data-key=\"twitter\"\n                           data-xs-href=\"https:\/\/twitter.com\/intent\/tweet?text=Le+MPCE+lance+une+tourn%C3%A9e+dans+le+Grand+Nord+pour+renforcer+ses+directions+d%C3%A9partementales+https%3A%2F%2Fvelipost.com%2Findex.php%3Frest_route%3D%252Fwp%252Fv2%252Fposts%252F6876&amp;original_referer=https%3A%2F%2Fvelipost.com%2Findex.php%3Frest_route%3D%252Fwp%252Fv2%252Fposts%252F6876&amp;related=xpeedstudio\">\n\n                            <div class=\"xs-social-icon\">\n                                <span class=\"met-social met-social-twitter\"><\/span>\n                            <\/div>\n\n\t\t\t\t\t\t\t\n                            <div class=\"wslu-hover-content\">\n                                <div class=\"xs-social-followers\">\n\t\t\t\t\t\t\t\t\t10                                <\/div>\n                                <div class=\"xs-social-follower-text\">\n\t\t\t\t\t\t\t\t\tShare                                <\/div>\n                                <div class=\"xs-social-follower-label\">\n\t\t\t\t\t\t\t\t\tTwitter                                <\/div>\n                            <\/div>\n                        <\/a>\n                    <\/li>\n\t\t\t\t\t                    <li class=\"xs-share-li telegram                        wslu-no-extra-data\">\n                        <a href=\"javascript:void(0);\"\n                           id=\"xs_feed_telegram\"\n                           onclick=\"xs_social_sharer(this);\"\n                           data-pid=\"6876\"\n                           data-uri_hash=\"415b4e229daa29fb59a4867334334ea6\"\n                           data-key=\"telegram\"\n                           data-xs-href=\"https:\/\/telegram.me\/share\/url?url=https%3A%2F%2Fvelipost.com%2Findex.php%3Frest_route%3D%252Fwp%252Fv2%252Fposts%252F6876&amp;text=Le+MPCE+lance+une+tourn%C3%A9e+dans+le+Grand+Nord+pour+renforcer+ses+directions+d%C3%A9partementales\">\n\n                            <div class=\"xs-social-icon\">\n                                <span class=\"met-social met-social-telegram\"><\/span>\n                            <\/div>\n\n\t\t\t\t\t\t\t\n                            <div class=\"wslu-hover-content\">\n                                <div class=\"xs-social-followers\">\n\t\t\t\t\t\t\t\t\t0                                <\/div>\n                                <div class=\"xs-social-follower-text\">\n\t\t\t\t\t\t\t\t\tShare                                <\/div>\n                                <div class=\"xs-social-follower-label\">\n\t\t\t\t\t\t\t\t\tTelegram                                <\/div>\n                            <\/div>\n                        <\/a>\n                    <\/li>\n\t\t\t\t\t                    <li class=\"xs-share-li email                        wslu-no-extra-data\">\n                        <a href=\"javascript:void(0);\"\n                           id=\"xs_feed_email\"\n                           onclick=\"xs_social_sharer(this);\"\n                           data-pid=\"6876\"\n                           data-uri_hash=\"415b4e229daa29fb59a4867334334ea6\"\n                           data-key=\"email\"\n                           data-xs-href=\"mailto:?body=Title%3A+Le+MPCE+lance+une+tourn%C3%A9e+dans+le+Grand+Nord+pour+renforcer+ses+directions+d%C3%A9partementales+%5Cn%5Cn+URL%3A+https%3A%2F%2Fvelipost.com%2Findex.php%3Frest_route%3D%252Fwp%252Fv2%252Fposts%252F6876&amp;subject=Le+MPCE+lance+une+tourn%C3%A9e+dans+le+Grand+Nord+pour+renforcer+ses+directions+d%C3%A9partementales\">\n\n                            <div class=\"xs-social-icon\">\n                                <span class=\"met-social met-social-email\"><\/span>\n                            <\/div>\n\n\t\t\t\t\t\t\t\n                            <div class=\"wslu-hover-content\">\n                                <div class=\"xs-social-followers\">\n\t\t\t\t\t\t\t\t\t0                                <\/div>\n                                <div class=\"xs-social-follower-text\">\n\t\t\t\t\t\t\t\t\tShare                                <\/div>\n                                <div class=\"xs-social-follower-label\">\n\t\t\t\t\t\t\t\t\tEmail                                <\/div>\n                            <\/div>\n                        <\/a>\n                    <\/li>\n\t\t\t\t\t        <\/ul>\n    <\/div> \n","protected":false},"excerpt":{"rendered":"<p>La ministre de la Planification et de la Coop\u00e9ration Externe, Dre Sandra Paulemon, conduit, du 3 au 7 septembre, une importante d\u00e9l\u00e9gation du MPCE<\/p>\n","protected":false},"author":1,"featured_media":6877,"comment_status":"open","ping_status":"open","sticky":false,"template":"","format":"standard","meta":{"_uag_custom_page_level_css":"","footnotes":"","jetpack_publicize_message":"","jetpack_publicize_feature_enabled":true,"jetpack_social_post_already_shared":true,"jetpack_social_options":{"image_generator_settings":{"template":"highway","default_image_id":0,"font":"","enabled":false},"version":2}},"categories":[115],"tags":[],"class_list":["post-6876","post","type-post","status-publish","format-standard","has-post-thumbnail","hentry","category-politique"],"yoast_head":"<!-- This site is optimized with the Yoast SEO plugin v25.3.1 - https:\/\/yoast.com\/wordpress\/plugins\/seo\/ -->\n<title>Le MPCE lance une tourn\u00e9e dans le Grand Nord pour renforcer ses directions d\u00e9partementales &#8211; VeliPost<\/title>\n<meta name=\"robots\" content=\"index, follow, max-snippet:-1, max-image-preview:large, max-video-preview:-1\" \/>\n<link rel=\"canonical\" href=\"https:\/\/velipost.com\/?p=6876\" \/>\n<meta property=\"og:locale\" content=\"fr_FR\" \/>\n<meta property=\"og:type\" content=\"article\" \/>\n<meta property=\"og:title\" content=\"Le MPCE lance une tourn\u00e9e dans le Grand Nord pour renforcer ses directions d\u00e9partementales &#8211; VeliPost\" \/>\n<meta property=\"og:description\" content=\"La ministre de la Planification et de la Coop\u00e9ration Externe, Dre Sandra Paulemon, conduit, du 3 au 7 septembre, une importante d\u00e9l\u00e9gation du MPCE\" \/>\n<meta property=\"og:url\" content=\"https:\/\/velipost.com\/?p=6876\" \/>\n<meta property=\"og:site_name\" content=\"VeliPost\" \/>\n<meta property=\"article:publisher\" content=\"https:\/\/www.facebook.com\/veliposthaiti\" \/>\n<meta property=\"article:published_time\" content=\"2026-09-04T02:17:00+00:00\" \/>\n<meta property=\"article:modified_time\" content=\"2026-09-04T02:17:03+00:00\" \/>\n<meta property=\"og:image\" content=\"https:\/\/velipost.com\/wp-content\/uploads\/2026\/09\/nbn.png\" \/>\n\t<meta property=\"og:image:width\" content=\"1170\" \/>\n\t<meta property=\"og:image:height\" content=\"603\" \/>\n\t<meta property=\"og:image:type\" content=\"image\/png\" \/>\n<meta name=\"author\" content=\"VeliPost\" \/>\n<meta name=\"twitter:card\" content=\"summary_large_image\" \/>\n<meta name=\"twitter:creator\" content=\"@veliposthaiti\" \/>\n<meta name=\"twitter:site\" content=\"@veliposthaiti\" \/>\n<meta name=\"twitter:label1\" content=\"\u00c9crit par\" \/>\n\t<meta name=\"twitter:data1\" content=\"VeliPost\" \/>\n\t<meta name=\"twitter:label2\" content=\"Dur\u00e9e de lecture estim\u00e9e\" \/>\n\t<meta name=\"twitter:data2\" content=\"2 minutes\" \/>\n<script type=\"application\/ld+json\" class=\"yoast-schema-graph\">{\"@context\":\"https:\/\/schema.org\",\"@graph\":[{\"@type\":\"Article\",\"@id\":\"https:\/\/velipost.com\/?p=6876#article\",\"isPartOf\":{\"@id\":\"https:\/\/velipost.com\/?p=6876\"},\"author\":{\"name\":\"VeliPost\",\"@id\":\"https:\/\/velipost.com\/#\/schema\/person\/32ff49a53c9c1bb24302ee8ece058096\"},\"headline\":\"Le MPCE lance une tourn\u00e9e dans le Grand Nord pour renforcer ses directions d\u00e9partementales\",\"datePublished\":\"2026-09-04T02:17:00+00:00\",\"dateModified\":\"2026-09-04T02:17:03+00:00\",\"mainEntityOfPage\":{\"@id\":\"https:\/\/velipost.com\/?p=6876\"},\"wordCount\":303,\"commentCount\":0,\"publisher\":{\"@id\":\"https:\/\/velipost.com\/#organization\"},\"image\":{\"@id\":\"https:\/\/velipost.com\/?p=6876#primaryimage\"},\"thumbnailUrl\":\"https:\/\/velipost.com\/wp-content\/uploads\/2026\/09\/nbn.png\",\"articleSection\":[\"Politique\"],\"inLanguage\":\"fr-FR\",\"potentialAction\":[{\"@type\":\"CommentAction\",\"name\":\"Comment\",\"target\":[\"https:\/\/velipost.com\/?p=6876#respond\"]}]},{\"@type\":\"WebPage\",\"@id\":\"https:\/\/velipost.com\/?p=6876\",\"url\":\"https:\/\/velipost.com\/?p=6876\",\"name\":\"Le MPCE lance une tourn\u00e9e dans le Grand Nord pour renforcer ses directions d\u00e9partementales &#8211; VeliPost\",\"isPartOf\":{\"@id\":\"https:\/\/velipost.com\/#website\"},\"primaryImageOfPage\":{\"@id\":\"https:\/\/velipost.com\/?p=6876#primaryimage\"},\"image\":{\"@id\":\"https:\/\/velipost.com\/?p=6876#primaryimage\"},\"thumbnailUrl\":\"https:\/\/velipost.com\/wp-content\/uploads\/2026\/09\/nbn.png\",\"datePublished\":\"2026-09-04T02:17:00+00:00\",\"dateModified\":\"2026-09-04T02:17:03+00:00\",\"breadcrumb\":{\"@id\":\"https:\/\/velipost.com\/?p=6876#breadcrumb\"},\"inLanguage\":\"fr-FR\",\"potentialAction\":[{\"@type\":\"ReadAction\",\"target\":[\"https:\/\/velipost.com\/?p=6876\"]}]},{\"@type\":\"ImageObject\",\"inLanguage\":\"fr-FR\",\"@id\":\"https:\/\/velipost.com\/?p=6876#primaryimage\",\"url\":\"https:\/\/velipost.com\/wp-content\/uploads\/2026\/09\/nbn.png\",\"contentUrl\":\"https:\/\/velipost.com\/wp-content\/uploads\/2026\/09\/nbn.png\",\"width\":1170,\"height\":603},{\"@type\":\"BreadcrumbList\",\"@id\":\"https:\/\/velipost.com\/?p=6876#breadcrumb\",\"itemListElement\":[{\"@type\":\"ListItem\",\"position\":1,\"name\":\"Accueil\",\"item\":\"https:\/\/velipost.com\/\"},{\"@type\":\"ListItem\",\"position\":2,\"name\":\"Le MPCE lance une tourn\u00e9e dans le Grand Nord pour renforcer ses directions d\u00e9partementales\"}]},{\"@type\":\"WebSite\",\"@id\":\"https:\/\/velipost.com\/#website\",\"url\":\"https:\/\/velipost.com\/\",\"name\":\"VeliPost\",\"description\":\"L\u2019info en un clic\",\"publisher\":{\"@id\":\"https:\/\/velipost.com\/#organization\"},\"potentialAction\":[{\"@type\":\"SearchAction\",\"target\":{\"@type\":\"EntryPoint\",\"urlTemplate\":\"https:\/\/velipost.com\/?s={search_term_string}\"},\"query-input\":{\"@type\":\"PropertyValueSpecification\",\"valueRequired\":true,\"valueName\":\"search_term_string\"}}],\"inLanguage\":\"fr-FR\"},{\"@type\":\"Organization\",\"@id\":\"https:\/\/velipost.com\/#organization\",\"name\":\"VeliPost\",\"url\":\"https:\/\/velipost.com\/\",\"logo\":{\"@type\":\"ImageObject\",\"inLanguage\":\"fr-FR\",\"@id\":\"https:\/\/velipost.com\/#\/schema\/logo\/image\/\",\"url\":\"https:\/\/velipost.com\/wp-content\/uploads\/2024\/08\/cropped-VP-logo-piti.png\",\"contentUrl\":\"https:\/\/velipost.com\/wp-content\/uploads\/2024\/08\/cropped-VP-logo-piti.png\",\"width\":201,\"height\":69,\"caption\":\"VeliPost\"},\"image\":{\"@id\":\"https:\/\/velipost.com\/#\/schema\/logo\/image\/\"},\"sameAs\":[\"https:\/\/www.facebook.com\/veliposthaiti\",\"https:\/\/x.com\/veliposthaiti\",\"https:\/\/www.instagram.com\/veliposthaiti\"]},{\"@type\":\"Person\",\"@id\":\"https:\/\/velipost.com\/#\/schema\/person\/32ff49a53c9c1bb24302ee8ece058096\",\"name\":\"VeliPost\",\"image\":{\"@type\":\"ImageObject\",\"inLanguage\":\"fr-FR\",\"@id\":\"https:\/\/velipost.com\/#\/schema\/person\/image\/\",\"url\":\"https:\/\/secure.gravatar.com\/avatar\/57c226c264de62f794185a89596d4a37b85a5ad20aca30d9d5a478b27d8c8d9d?s=96&d=mm&r=g\",\"contentUrl\":\"https:\/\/secure.gravatar.com\/avatar\/57c226c264de62f794185a89596d4a37b85a5ad20aca30d9d5a478b27d8c8d9d?s=96&d=mm&r=g\",\"caption\":\"VeliPost\"},\"sameAs\":[\"https:\/\/velipost.com\"],\"url\":\"https:\/\/velipost.com\/?author=1\"}]}<\/script>\n<!-- \/ Yoast SEO plugin. -->","yoast_head_json":{"title":"Le MPCE lance une tourn\u00e9e dans le Grand Nord pour renforcer ses directions d\u00e9partementales &#8211; VeliPost","robots":{"index":"index","follow":"follow","max-snippet":"max-snippet:-1","max-image-preview":"max-image-preview:large","max-video-preview":"max-video-preview:-1"},"canonical":"https:\/\/velipost.com\/?p=6876","og_locale":"fr_FR","og_type":"article","og_title":"Le MPCE lance une tourn\u00e9e dans le Grand Nord pour renforcer ses directions d\u00e9partementales &#8211; VeliPost","og_description":"La ministre de la Planification et de la Coop\u00e9ration Externe, Dre Sandra Paulemon, conduit, du 3 au 7 septembre, une importante d\u00e9l\u00e9gation du MPCE","og_url":"https:\/\/velipost.com\/?p=6876","og_site_name":"VeliPost","article_publisher":"https:\/\/www.facebook.com\/veliposthaiti","article_published_time":"2026-09-04T02:17:00+00:00","article_modified_time":"2026-09-04T02:17:03+00:00","og_image":[{"width":1170,"height":603,"url":"https:\/\/velipost.com\/wp-content\/uploads\/2026\/09\/nbn.png","type":"image\/png"}],"author":"VeliPost","twitter_card":"summary_large_image","twitter_creator":"@veliposthaiti","twitter_site":"@veliposthaiti","twitter_misc":{"\u00c9crit par":"VeliPost","Dur\u00e9e de lecture estim\u00e9e":"2 minutes"},"schema":{"@context":"https:\/\/schema.org","@graph":[{"@type":"Article","@id":"https:\/\/velipost.com\/?p=6876#article","isPartOf":{"@id":"https:\/\/velipost.com\/?p=6876"},"author":{"name":"VeliPost","@id":"https:\/\/velipost.com\/#\/schema\/person\/32ff49a53c9c1bb24302ee8ece058096"},"headline":"Le MPCE lance une tourn\u00e9e dans le Grand Nord pour renforcer ses directions d\u00e9partementales","datePublished":"2026-09-04T02:17:00+00:00","dateModified":"2026-09-04T02:17:03+00:00","mainEntityOfPage":{"@id":"https:\/\/velipost.com\/?p=6876"},"wordCount":303,"commentCount":0,"publisher":{"@id":"https:\/\/velipost.com\/#organization"},"image":{"@id":"https:\/\/velipost.com\/?p=6876#primaryimage"},"thumbnailUrl":"https:\/\/velipost.com\/wp-content\/uploads\/2026\/09\/nbn.png","articleSection":["Politique"],"inLanguage":"fr-FR","potentialAction":[{"@type":"CommentAction","name":"Comment","target":["https:\/\/velipost.com\/?p=6876#respond"]}]},{"@type":"WebPage","@id":"https:\/\/velipost.com\/?p=6876","url":"https:\/\/velipost.com\/?p=6876","name":"Le MPCE lance une tourn\u00e9e dans le Grand Nord pour renforcer ses directions d\u00e9partementales &#8211; VeliPost","isPartOf":{"@id":"https:\/\/velipost.com\/#website"},"primaryImageOfPage":{"@id":"https:\/\/velipost.com\/?p=6876#primaryimage"},"image":{"@id":"https:\/\/velipost.com\/?p=6876#primaryimage"},"thumbnailUrl":"https:\/\/velipost.com\/wp-content\/uploads\/2026\/09\/nbn.png","datePublished":"2026-09-04T02:17:00+00:00","dateModified":"2026-09-04T02:17:03+00:00","breadcrumb":{"@id":"https:\/\/velipost.com\/?p=6876#breadcrumb"},"inLanguage":"fr-FR","potentialAction":[{"@type":"ReadAction","target":["https:\/\/velipost.com\/?p=6876"]}]},{"@type":"ImageObject","inLanguage":"fr-FR","@id":"https:\/\/velipost.com\/?p=6876#primaryimage","url":"https:\/\/velipost.com\/wp-content\/uploads\/2026\/09\/nbn.png","contentUrl":"https:\/\/velipost.com\/wp-content\/uploads\/2026\/09\/nbn.png","width":1170,"height":603},{"@type":"BreadcrumbList","@id":"https:\/\/velipost.com\/?p=6876#breadcrumb","itemListElement":[{"@type":"ListItem","position":1,"name":"Accueil","item":"https:\/\/velipost.com\/"},{"@type":"ListItem","position":2,"name":"Le MPCE lance une tourn\u00e9e dans le Grand Nord pour renforcer ses directions d\u00e9partementales"}]},{"@type":"WebSite","@id":"https:\/\/velipost.com\/#website","url":"https:\/\/velipost.com\/","name":"VeliPost","description":"L\u2019info en un clic","publisher":{"@id":"https:\/\/velipost.com\/#organization"},"potentialAction":[{"@type":"SearchAction","target":{"@type":"EntryPoint","urlTemplate":"https:\/\/velipost.com\/?s={search_term_string}"},"query-input":{"@type":"PropertyValueSpecification","valueRequired":true,"valueName":"search_term_string"}}],"inLanguage":"fr-FR"},{"@type":"Organization","@id":"https:\/\/velipost.com\/#organization","name":"VeliPost","url":"https:\/\/velipost.com\/","logo":{"@type":"ImageObject","inLanguage":"fr-FR","@id":"https:\/\/velipost.com\/#\/schema\/logo\/image\/","url":"https:\/\/velipost.com\/wp-content\/uploads\/2024\/08\/cropped-VP-logo-piti.png","contentUrl":"https:\/\/velipost.com\/wp-content\/uploads\/2024\/08\/cropped-VP-logo-piti.png","width":201,"height":69,"caption":"VeliPost"},"image":{"@id":"https:\/\/velipost.com\/#\/schema\/logo\/image\/"},"sameAs":["https:\/\/www.facebook.com\/veliposthaiti","https:\/\/x.com\/veliposthaiti","https:\/\/www.instagram.com\/veliposthaiti"]},{"@type":"Person","@id":"https:\/\/velipost.com\/#\/schema\/person\/32ff49a53c9c1bb24302ee8ece058096","name":"VeliPost","image":{"@type":"ImageObject","inLanguage":"fr-FR","@id":"https:\/\/velipost.com\/#\/schema\/person\/image\/","url":"https:\/\/secure.gravatar.com\/avatar\/57c226c264de62f794185a89596d4a37b85a5ad20aca30d9d5a478b27d8c8d9d?s=96&d=mm&r=g","contentUrl":"https:\/\/secure.gravatar.com\/avatar\/57c226c264de62f794185a89596d4a37b85a5ad20aca30d9d5a478b27d8c8d9d?s=96&d=mm&r=g","caption":"VeliPost"},"sameAs":["https:\/\/velipost.com"],"url":"https:\/\/velipost.com\/?author=1"}]}},"views":0,"jetpack_publicize_connections":[],"uagb_featured_image_src":{"full":["https:\/\/velipost.com\/wp-content\/uploads\/2026\/09\/nbn.png",1170,603,false],"thumbnail":["https:\/\/velipost.com\/wp-content\/uploads\/2026\/09\/nbn-150x150.png",150,150,true],"medium":["https:\/\/velipost.com\/wp-content\/uploads\/2026\/09\/nbn-300x155.png",300,155,true],"medium_large":["https:\/\/velipost.com\/wp-content\/uploads\/2026\/09\/nbn-768x396.png",715,369,true],"large":["https:\/\/velipost.com\/wp-content\/uploads\/2026\/09\/nbn-1024x528.png",715,369,true],"1536x1536":["https:\/\/velipost.com\/wp-content\/uploads\/2026\/09\/nbn.png",1170,603,false],"2048x2048":["https:\/\/velipost.com\/wp-content\/uploads\/2026\/09\/nbn.png",1170,603,false],"colornews-big-slider":["https:\/\/velipost.com\/wp-content\/uploads\/2026\/09\/nbn-1070x470.png",1070,470,true],"colornews-big-slider-thumb":["https:\/\/velipost.com\/wp-content\/uploads\/2026\/09\/nbn-184x109.png",184,109,true],"colornews-featured-post-medium":["https:\/\/velipost.com\/wp-content\/uploads\/2026\/09\/nbn-345x265.png",345,265,true],"colornews-featured-post-small":["https:\/\/velipost.com\/wp-content\/uploads\/2026\/09\/nbn-115x73.png",115,73,true],"colornews-random-posts":["https:\/\/velipost.com\/wp-content\/uploads\/2026\/09\/nbn-215x215.png",215,215,true],"colornews-featured-image":["https:\/\/velipost.com\/wp-content\/uploads\/2026\/09\/nbn-715x400.png",715,400,true],"mailpoet_newsletter_max":["https:\/\/velipost.com\/wp-content\/uploads\/2026\/09\/nbn.png",1170,603,false]},"uagb_author_info":{"display_name":"VeliPost","author_link":"https:\/\/velipost.com\/?author=1"},"uagb_comment_info":0,"uagb_excerpt":"La ministre de la Planification et de la Coop\u00e9ration Externe, Dre Sandra Paulemon, conduit, du 3 au 7 septembre, une importante d\u00e9l\u00e9gation du MPCE","_links":{"self":[{"href":"https:\/\/velipost.com\/index.php?rest_route=\/wp\/v2\/posts\/6876","targetHints":{"allow":["GET"]}}],"collection":[{"href":"https:\/\/velipost.com\/index.php?rest_route=\/wp\/v2\/posts"}],"about":[{"href":"https:\/\/velipost.com\/index.php?rest_route=\/wp\/v2\/types\/post"}],"author":[{"embeddable":true,"href":"https:\/\/velipost.com\/index.php?rest_route=\/wp\/v2\/users\/1"}],"replies":[{"embeddable":true,"href":"https:\/\/velipost.com\/index.php?rest_route=%2Fwp%2Fv2%2Fcomments&post=6876"}],"version-history":[{"count":1,"href":"https:\/\/velipost.com\/index.php?rest_route=\/wp\/v2\/posts\/6876\/revisions"}],"predecessor-version":[{"id":6878,"href":"https:\/\/velipost.com\/index.php?rest_route=\/wp\/v2\/posts\/6876\/revisions\/6878"}],"wp:featuredmedia":[{"embeddable":true,"href":"https:\/\/velipost.com\/index.php?rest_route=\/wp\/v2\/media\/6877"}],"wp:attachment":[{"href":"https:\/\/velipost.com\/index.php?rest_route=%2Fwp%2Fv2%2Fmedia&parent=6876"}],"wp:term":[{"taxonomy":"category","embeddable":true,"href":"https:\/\/velipost.com\/index.php?rest_route=%2Fwp%2Fv2%2Fcategories&post=6876"},{"taxonomy":"post_tag","embeddable":true,"href":"https:\/\/velipost.com\/index.php?rest_route=%2Fwp%2Fv2%2Ftags&post=6876"}],"curies":[{"name":"wp","href":"https:\/\/api.w.org\/{rel}","templated":true}]}}