{"id":6869,"date":"2026-09-03T22:12:10","date_gmt":"2026-09-03T20:12:10","guid":{"rendered":"https:\/\/velipost.com\/?p=6869"},"modified":"2026-09-03T22:12:13","modified_gmt":"2026-09-03T20:12:13","slug":"haiti-et-la-republique-dominicaine-renforcent-leur-cooperation-sur-la-securite-frontaliere-et-la-migration","status":"publish","type":"post","link":"https:\/\/velipost.com\/?p=6869","title":{"rendered":"Ha\u00efti et la R\u00e9publique dominicaine renforcent leur coop\u00e9ration sur la s\u00e9curit\u00e9 frontali\u00e8re et la migration"},"content":{"rendered":"\n<p class=\"wp-block-paragraph\">Ha\u00efti et la R\u00e9publique dominicaine entendent renforcer leur coop\u00e9ration sur la s\u00e9curit\u00e9 frontali\u00e8re et les questions migratoires. Les ministres des Affaires \u00e9trang\u00e8res des deux pays, Raina Forbin et V\u00edctor O. Bison\u00f3 Haza, ont tenu une r\u00e9union de travail, jeudi 3 septembre 2026, au Parc industriel CODEVI. Les discussions ont port\u00e9 sur plusieurs dossiers de l\u2019agenda bilat\u00e9ral, notamment la lutte contre les activit\u00e9s \u00e9conomiques illicites, la formalisation du commerce et des investissements, ainsi que l\u2019\u00e9largissement des liaisons a\u00e9riennes.<\/p>\n\n\n\n<p class=\"wp-block-paragraph\">Les deux responsables ont convenu de renforcer les m\u00e9canismes de coop\u00e9ration pour am\u00e9liorer la gouvernance de la s\u00e9curit\u00e9 frontali\u00e8re et des questions migratoires. Ils ont \u00e9galement soulign\u00e9 l\u2019importance de la poursuite du soutien international \u00e0 la Force de suppression des gangs (GSF). Les deux parties souhaitent poursuivre leurs d\u00e9marches aupr\u00e8s du Conseil de s\u00e9curit\u00e9 de l\u2019ONU afin de favoriser le plein d\u00e9ploiement de cette force et le renouvellement de son mandat, en appui aux autorit\u00e9s ha\u00eftiennes.<\/p>\n\n\n\n<p class=\"wp-block-paragraph\">La normalisation des op\u00e9rations consulaires dominicaines en Ha\u00efti a \u00e9galement \u00e9t\u00e9 \u00e9voqu\u00e9e. Les deux gouvernements ont exprim\u00e9 leur volont\u00e9 de permettre leur reprise dans les meilleurs d\u00e9lais, d\u00e8s que les conditions de s\u00e9curit\u00e9 seront r\u00e9unies dans les juridictions concern\u00e9es. Les d\u00e9l\u00e9gations ont par ailleurs \u00e9chang\u00e9 avec des repr\u00e9sentants du secteur priv\u00e9 sur le d\u00e9veloppement des activit\u00e9s productives, la cr\u00e9ation d\u2019emplois et la dynamisation des relations \u00e9conomiques entre les deux pays.<\/p>\n\n\n\n<p class=\"wp-block-paragraph\">\u00c0 l\u2019issue de cette rencontre, Ha\u00efti et la R\u00e9publique dominicaine ont r\u00e9affirm\u00e9 leur volont\u00e9 de maintenir actif le dialogue bilat\u00e9ral. Les deux parties consid\u00e8rent ce dialogue comme une voie privil\u00e9gi\u00e9e pour traiter les questions d\u2019int\u00e9r\u00eat commun, dans un cadre fond\u00e9 sur le respect mutuel et le bon voisinage. La r\u00e9union s\u2019est d\u00e9roul\u00e9e dans un climat qualifi\u00e9 de cordial par les deux d\u00e9l\u00e9gations.<\/p>\n\n    <div class=\"xs_social_share_widget xs_share_url after_content \t\tmain_content  wslu-style-3 wslu-share-box-shaped wslu-fill-brand-hover-colored wslu-share-m-5 wslu-none wslu-share-horizontal wslu-theme-font-no wslu-main_content\">\n\n\t\t\n        <ul>\n\t\t\t                    <li class=\"xs-share-li twitter                        wslu-no-extra-data\">\n                        <a href=\"javascript:void(0);\"\n                           id=\"xs_feed_twitter\"\n                           onclick=\"xs_social_sharer(this);\"\n                           data-pid=\"6869\"\n                           data-uri_hash=\"d67b3580e92f29c9ab757ea89a78b77d\"\n                           data-key=\"twitter\"\n                           data-xs-href=\"https:\/\/twitter.com\/intent\/tweet?text=Ha%C3%AFti+et+la+R%C3%A9publique+dominicaine+renforcent+leur+coop%C3%A9ration+sur+la+s%C3%A9curit%C3%A9+frontali%C3%A8re+et+la+migration+https%3A%2F%2Fvelipost.com%2Findex.php%3Frest_route%3D%252Fwp%252Fv2%252Fposts%252F6869&amp;original_referer=https%3A%2F%2Fvelipost.com%2Findex.php%3Frest_route%3D%252Fwp%252Fv2%252Fposts%252F6869&amp;related=xpeedstudio\">\n\n                            <div class=\"xs-social-icon\">\n                                <span class=\"met-social met-social-twitter\"><\/span>\n                            <\/div>\n\n\t\t\t\t\t\t\t\n                            <div class=\"wslu-hover-content\">\n                                <div class=\"xs-social-followers\">\n\t\t\t\t\t\t\t\t\t10                                <\/div>\n                                <div class=\"xs-social-follower-text\">\n\t\t\t\t\t\t\t\t\tShare                                <\/div>\n                                <div class=\"xs-social-follower-label\">\n\t\t\t\t\t\t\t\t\tTwitter                                <\/div>\n                            <\/div>\n                        <\/a>\n                    <\/li>\n\t\t\t\t\t                    <li class=\"xs-share-li telegram                        wslu-no-extra-data\">\n                        <a href=\"javascript:void(0);\"\n                           id=\"xs_feed_telegram\"\n                           onclick=\"xs_social_sharer(this);\"\n                           data-pid=\"6869\"\n                           data-uri_hash=\"d67b3580e92f29c9ab757ea89a78b77d\"\n                           data-key=\"telegram\"\n                           data-xs-href=\"https:\/\/telegram.me\/share\/url?url=https%3A%2F%2Fvelipost.com%2Findex.php%3Frest_route%3D%252Fwp%252Fv2%252Fposts%252F6869&amp;text=Ha%C3%AFti+et+la+R%C3%A9publique+dominicaine+renforcent+leur+coop%C3%A9ration+sur+la+s%C3%A9curit%C3%A9+frontali%C3%A8re+et+la+migration\">\n\n                            <div class=\"xs-social-icon\">\n                                <span class=\"met-social met-social-telegram\"><\/span>\n                            <\/div>\n\n\t\t\t\t\t\t\t\n                            <div class=\"wslu-hover-content\">\n                                <div class=\"xs-social-followers\">\n\t\t\t\t\t\t\t\t\t0                                <\/div>\n                                <div class=\"xs-social-follower-text\">\n\t\t\t\t\t\t\t\t\tShare                                <\/div>\n                                <div class=\"xs-social-follower-label\">\n\t\t\t\t\t\t\t\t\tTelegram                                <\/div>\n                            <\/div>\n                        <\/a>\n                    <\/li>\n\t\t\t\t\t                    <li class=\"xs-share-li email                        wslu-no-extra-data\">\n                        <a href=\"javascript:void(0);\"\n                           id=\"xs_feed_email\"\n                           onclick=\"xs_social_sharer(this);\"\n                           data-pid=\"6869\"\n                           data-uri_hash=\"d67b3580e92f29c9ab757ea89a78b77d\"\n                           data-key=\"email\"\n                           data-xs-href=\"mailto:?body=Title%3A+Ha%C3%AFti+et+la+R%C3%A9publique+dominicaine+renforcent+leur+coop%C3%A9ration+sur+la+s%C3%A9curit%C3%A9+frontali%C3%A8re+et+la+migration+%5Cn%5Cn+URL%3A+https%3A%2F%2Fvelipost.com%2Findex.php%3Frest_route%3D%252Fwp%252Fv2%252Fposts%252F6869&amp;subject=Ha%C3%AFti+et+la+R%C3%A9publique+dominicaine+renforcent+leur+coop%C3%A9ration+sur+la+s%C3%A9curit%C3%A9+frontali%C3%A8re+et+la+migration\">\n\n                            <div class=\"xs-social-icon\">\n                                <span class=\"met-social met-social-email\"><\/span>\n                            <\/div>\n\n\t\t\t\t\t\t\t\n                            <div class=\"wslu-hover-content\">\n                                <div class=\"xs-social-followers\">\n\t\t\t\t\t\t\t\t\t0                                <\/div>\n                                <div class=\"xs-social-follower-text\">\n\t\t\t\t\t\t\t\t\tShare                                <\/div>\n                                <div class=\"xs-social-follower-label\">\n\t\t\t\t\t\t\t\t\tEmail                                <\/div>\n                            <\/div>\n                        <\/a>\n                    <\/li>\n\t\t\t\t\t        <\/ul>\n    <\/div> \n","protected":false},"excerpt":{"rendered":"<p>Ha\u00efti et la R\u00e9publique dominicaine entendent renforcer leur coop\u00e9ration sur la s\u00e9curit\u00e9 frontali\u00e8re et les questions migratoires. Les ministres des Affaires \u00e9trang\u00e8res des deux<\/p>\n","protected":false},"author":1,"featured_media":6870,"comment_status":"open","ping_status":"open","sticky":false,"template":"","format":"standard","meta":{"_uag_custom_page_level_css":"","footnotes":"","jetpack_publicize_message":"","jetpack_publicize_feature_enabled":true,"jetpack_social_post_already_shared":true,"jetpack_social_options":{"image_generator_settings":{"template":"highway","default_image_id":0,"font":"","enabled":false},"version":2}},"categories":[258],"tags":[],"class_list":["post-6869","post","type-post","status-publish","format-standard","has-post-thumbnail","hentry","category-diplomatie"],"yoast_head":"<!-- This site is optimized with the Yoast SEO plugin v25.3.1 - https:\/\/yoast.com\/wordpress\/plugins\/seo\/ -->\n<title>Ha\u00efti et la R\u00e9publique dominicaine renforcent leur coop\u00e9ration sur la s\u00e9curit\u00e9 frontali\u00e8re et la migration &#8211; VeliPost<\/title>\n<meta name=\"robots\" content=\"index, follow, max-snippet:-1, max-image-preview:large, max-video-preview:-1\" \/>\n<link rel=\"canonical\" href=\"https:\/\/velipost.com\/?p=6869\" \/>\n<meta property=\"og:locale\" content=\"fr_FR\" \/>\n<meta property=\"og:type\" content=\"article\" \/>\n<meta property=\"og:title\" content=\"Ha\u00efti et la R\u00e9publique dominicaine renforcent leur coop\u00e9ration sur la s\u00e9curit\u00e9 frontali\u00e8re et la migration &#8211; VeliPost\" \/>\n<meta property=\"og:description\" content=\"Ha\u00efti et la R\u00e9publique dominicaine entendent renforcer leur coop\u00e9ration sur la s\u00e9curit\u00e9 frontali\u00e8re et les questions migratoires. Les ministres des Affaires \u00e9trang\u00e8res des deux\" \/>\n<meta property=\"og:url\" content=\"https:\/\/velipost.com\/?p=6869\" \/>\n<meta property=\"og:site_name\" content=\"VeliPost\" \/>\n<meta property=\"article:publisher\" content=\"https:\/\/www.facebook.com\/veliposthaiti\" \/>\n<meta property=\"article:published_time\" content=\"2026-09-03T20:12:10+00:00\" \/>\n<meta property=\"article:modified_time\" content=\"2026-09-03T20:12:13+00:00\" \/>\n<meta property=\"og:image\" content=\"https:\/\/velipost.com\/wp-content\/uploads\/2026\/09\/HT-RD.jpg\" \/>\n\t<meta property=\"og:image:width\" content=\"1170\" \/>\n\t<meta property=\"og:image:height\" content=\"603\" \/>\n\t<meta property=\"og:image:type\" content=\"image\/jpeg\" \/>\n<meta name=\"author\" content=\"VeliPost\" \/>\n<meta name=\"twitter:card\" content=\"summary_large_image\" \/>\n<meta name=\"twitter:creator\" content=\"@veliposthaiti\" \/>\n<meta name=\"twitter:site\" content=\"@veliposthaiti\" \/>\n<meta name=\"twitter:label1\" content=\"\u00c9crit par\" \/>\n\t<meta name=\"twitter:data1\" content=\"VeliPost\" \/>\n\t<meta name=\"twitter:label2\" content=\"Dur\u00e9e de lecture estim\u00e9e\" \/>\n\t<meta name=\"twitter:data2\" content=\"2 minutes\" \/>\n<script type=\"application\/ld+json\" class=\"yoast-schema-graph\">{\"@context\":\"https:\/\/schema.org\",\"@graph\":[{\"@type\":\"Article\",\"@id\":\"https:\/\/velipost.com\/?p=6869#article\",\"isPartOf\":{\"@id\":\"https:\/\/velipost.com\/?p=6869\"},\"author\":{\"name\":\"VeliPost\",\"@id\":\"https:\/\/velipost.com\/#\/schema\/person\/32ff49a53c9c1bb24302ee8ece058096\"},\"headline\":\"Ha\u00efti et la R\u00e9publique dominicaine renforcent leur coop\u00e9ration sur la s\u00e9curit\u00e9 frontali\u00e8re et la migration\",\"datePublished\":\"2026-09-03T20:12:10+00:00\",\"dateModified\":\"2026-09-03T20:12:13+00:00\",\"mainEntityOfPage\":{\"@id\":\"https:\/\/velipost.com\/?p=6869\"},\"wordCount\":359,\"commentCount\":0,\"publisher\":{\"@id\":\"https:\/\/velipost.com\/#organization\"},\"image\":{\"@id\":\"https:\/\/velipost.com\/?p=6869#primaryimage\"},\"thumbnailUrl\":\"https:\/\/velipost.com\/wp-content\/uploads\/2026\/09\/HT-RD.jpg\",\"articleSection\":[\"Diplomatie\"],\"inLanguage\":\"fr-FR\",\"potentialAction\":[{\"@type\":\"CommentAction\",\"name\":\"Comment\",\"target\":[\"https:\/\/velipost.com\/?p=6869#respond\"]}]},{\"@type\":\"WebPage\",\"@id\":\"https:\/\/velipost.com\/?p=6869\",\"url\":\"https:\/\/velipost.com\/?p=6869\",\"name\":\"Ha\u00efti et la R\u00e9publique dominicaine renforcent leur coop\u00e9ration sur la s\u00e9curit\u00e9 frontali\u00e8re et la migration &#8211; VeliPost\",\"isPartOf\":{\"@id\":\"https:\/\/velipost.com\/#website\"},\"primaryImageOfPage\":{\"@id\":\"https:\/\/velipost.com\/?p=6869#primaryimage\"},\"image\":{\"@id\":\"https:\/\/velipost.com\/?p=6869#primaryimage\"},\"thumbnailUrl\":\"https:\/\/velipost.com\/wp-content\/uploads\/2026\/09\/HT-RD.jpg\",\"datePublished\":\"2026-09-03T20:12:10+00:00\",\"dateModified\":\"2026-09-03T20:12:13+00:00\",\"breadcrumb\":{\"@id\":\"https:\/\/velipost.com\/?p=6869#breadcrumb\"},\"inLanguage\":\"fr-FR\",\"potentialAction\":[{\"@type\":\"ReadAction\",\"target\":[\"https:\/\/velipost.com\/?p=6869\"]}]},{\"@type\":\"ImageObject\",\"inLanguage\":\"fr-FR\",\"@id\":\"https:\/\/velipost.com\/?p=6869#primaryimage\",\"url\":\"https:\/\/velipost.com\/wp-content\/uploads\/2026\/09\/HT-RD.jpg\",\"contentUrl\":\"https:\/\/velipost.com\/wp-content\/uploads\/2026\/09\/HT-RD.jpg\",\"width\":1170,\"height\":603},{\"@type\":\"BreadcrumbList\",\"@id\":\"https:\/\/velipost.com\/?p=6869#breadcrumb\",\"itemListElement\":[{\"@type\":\"ListItem\",\"position\":1,\"name\":\"Accueil\",\"item\":\"https:\/\/velipost.com\/\"},{\"@type\":\"ListItem\",\"position\":2,\"name\":\"Ha\u00efti et la R\u00e9publique dominicaine renforcent leur coop\u00e9ration sur la s\u00e9curit\u00e9 frontali\u00e8re et la migration\"}]},{\"@type\":\"WebSite\",\"@id\":\"https:\/\/velipost.com\/#website\",\"url\":\"https:\/\/velipost.com\/\",\"name\":\"VeliPost\",\"description\":\"L\u2019info en un clic\",\"publisher\":{\"@id\":\"https:\/\/velipost.com\/#organization\"},\"potentialAction\":[{\"@type\":\"SearchAction\",\"target\":{\"@type\":\"EntryPoint\",\"urlTemplate\":\"https:\/\/velipost.com\/?s={search_term_string}\"},\"query-input\":{\"@type\":\"PropertyValueSpecification\",\"valueRequired\":true,\"valueName\":\"search_term_string\"}}],\"inLanguage\":\"fr-FR\"},{\"@type\":\"Organization\",\"@id\":\"https:\/\/velipost.com\/#organization\",\"name\":\"VeliPost\",\"url\":\"https:\/\/velipost.com\/\",\"logo\":{\"@type\":\"ImageObject\",\"inLanguage\":\"fr-FR\",\"@id\":\"https:\/\/velipost.com\/#\/schema\/logo\/image\/\",\"url\":\"https:\/\/velipost.com\/wp-content\/uploads\/2024\/08\/cropped-VP-logo-piti.png\",\"contentUrl\":\"https:\/\/velipost.com\/wp-content\/uploads\/2024\/08\/cropped-VP-logo-piti.png\",\"width\":201,\"height\":69,\"caption\":\"VeliPost\"},\"image\":{\"@id\":\"https:\/\/velipost.com\/#\/schema\/logo\/image\/\"},\"sameAs\":[\"https:\/\/www.facebook.com\/veliposthaiti\",\"https:\/\/x.com\/veliposthaiti\",\"https:\/\/www.instagram.com\/veliposthaiti\"]},{\"@type\":\"Person\",\"@id\":\"https:\/\/velipost.com\/#\/schema\/person\/32ff49a53c9c1bb24302ee8ece058096\",\"name\":\"VeliPost\",\"image\":{\"@type\":\"ImageObject\",\"inLanguage\":\"fr-FR\",\"@id\":\"https:\/\/velipost.com\/#\/schema\/person\/image\/\",\"url\":\"https:\/\/secure.gravatar.com\/avatar\/57c226c264de62f794185a89596d4a37b85a5ad20aca30d9d5a478b27d8c8d9d?s=96&d=mm&r=g\",\"contentUrl\":\"https:\/\/secure.gravatar.com\/avatar\/57c226c264de62f794185a89596d4a37b85a5ad20aca30d9d5a478b27d8c8d9d?s=96&d=mm&r=g\",\"caption\":\"VeliPost\"},\"sameAs\":[\"https:\/\/velipost.com\"],\"url\":\"https:\/\/velipost.com\/?author=1\"}]}<\/script>\n<!-- \/ Yoast SEO plugin. -->","yoast_head_json":{"title":"Ha\u00efti et la R\u00e9publique dominicaine renforcent leur coop\u00e9ration sur la s\u00e9curit\u00e9 frontali\u00e8re et la migration &#8211; VeliPost","robots":{"index":"index","follow":"follow","max-snippet":"max-snippet:-1","max-image-preview":"max-image-preview:large","max-video-preview":"max-video-preview:-1"},"canonical":"https:\/\/velipost.com\/?p=6869","og_locale":"fr_FR","og_type":"article","og_title":"Ha\u00efti et la R\u00e9publique dominicaine renforcent leur coop\u00e9ration sur la s\u00e9curit\u00e9 frontali\u00e8re et la migration &#8211; VeliPost","og_description":"Ha\u00efti et la R\u00e9publique dominicaine entendent renforcer leur coop\u00e9ration sur la s\u00e9curit\u00e9 frontali\u00e8re et les questions migratoires. Les ministres des Affaires \u00e9trang\u00e8res des deux","og_url":"https:\/\/velipost.com\/?p=6869","og_site_name":"VeliPost","article_publisher":"https:\/\/www.facebook.com\/veliposthaiti","article_published_time":"2026-09-03T20:12:10+00:00","article_modified_time":"2026-09-03T20:12:13+00:00","og_image":[{"width":1170,"height":603,"url":"https:\/\/velipost.com\/wp-content\/uploads\/2026\/09\/HT-RD.jpg","type":"image\/jpeg"}],"author":"VeliPost","twitter_card":"summary_large_image","twitter_creator":"@veliposthaiti","twitter_site":"@veliposthaiti","twitter_misc":{"\u00c9crit par":"VeliPost","Dur\u00e9e de lecture estim\u00e9e":"2 minutes"},"schema":{"@context":"https:\/\/schema.org","@graph":[{"@type":"Article","@id":"https:\/\/velipost.com\/?p=6869#article","isPartOf":{"@id":"https:\/\/velipost.com\/?p=6869"},"author":{"name":"VeliPost","@id":"https:\/\/velipost.com\/#\/schema\/person\/32ff49a53c9c1bb24302ee8ece058096"},"headline":"Ha\u00efti et la R\u00e9publique dominicaine renforcent leur coop\u00e9ration sur la s\u00e9curit\u00e9 frontali\u00e8re et la migration","datePublished":"2026-09-03T20:12:10+00:00","dateModified":"2026-09-03T20:12:13+00:00","mainEntityOfPage":{"@id":"https:\/\/velipost.com\/?p=6869"},"wordCount":359,"commentCount":0,"publisher":{"@id":"https:\/\/velipost.com\/#organization"},"image":{"@id":"https:\/\/velipost.com\/?p=6869#primaryimage"},"thumbnailUrl":"https:\/\/velipost.com\/wp-content\/uploads\/2026\/09\/HT-RD.jpg","articleSection":["Diplomatie"],"inLanguage":"fr-FR","potentialAction":[{"@type":"CommentAction","name":"Comment","target":["https:\/\/velipost.com\/?p=6869#respond"]}]},{"@type":"WebPage","@id":"https:\/\/velipost.com\/?p=6869","url":"https:\/\/velipost.com\/?p=6869","name":"Ha\u00efti et la R\u00e9publique dominicaine renforcent leur coop\u00e9ration sur la s\u00e9curit\u00e9 frontali\u00e8re et la migration &#8211; VeliPost","isPartOf":{"@id":"https:\/\/velipost.com\/#website"},"primaryImageOfPage":{"@id":"https:\/\/velipost.com\/?p=6869#primaryimage"},"image":{"@id":"https:\/\/velipost.com\/?p=6869#primaryimage"},"thumbnailUrl":"https:\/\/velipost.com\/wp-content\/uploads\/2026\/09\/HT-RD.jpg","datePublished":"2026-09-03T20:12:10+00:00","dateModified":"2026-09-03T20:12:13+00:00","breadcrumb":{"@id":"https:\/\/velipost.com\/?p=6869#breadcrumb"},"inLanguage":"fr-FR","potentialAction":[{"@type":"ReadAction","target":["https:\/\/velipost.com\/?p=6869"]}]},{"@type":"ImageObject","inLanguage":"fr-FR","@id":"https:\/\/velipost.com\/?p=6869#primaryimage","url":"https:\/\/velipost.com\/wp-content\/uploads\/2026\/09\/HT-RD.jpg","contentUrl":"https:\/\/velipost.com\/wp-content\/uploads\/2026\/09\/HT-RD.jpg","width":1170,"height":603},{"@type":"BreadcrumbList","@id":"https:\/\/velipost.com\/?p=6869#breadcrumb","itemListElement":[{"@type":"ListItem","position":1,"name":"Accueil","item":"https:\/\/velipost.com\/"},{"@type":"ListItem","position":2,"name":"Ha\u00efti et la R\u00e9publique dominicaine renforcent leur coop\u00e9ration sur la s\u00e9curit\u00e9 frontali\u00e8re et la migration"}]},{"@type":"WebSite","@id":"https:\/\/velipost.com\/#website","url":"https:\/\/velipost.com\/","name":"VeliPost","description":"L\u2019info en un clic","publisher":{"@id":"https:\/\/velipost.com\/#organization"},"potentialAction":[{"@type":"SearchAction","target":{"@type":"EntryPoint","urlTemplate":"https:\/\/velipost.com\/?s={search_term_string}"},"query-input":{"@type":"PropertyValueSpecification","valueRequired":true,"valueName":"search_term_string"}}],"inLanguage":"fr-FR"},{"@type":"Organization","@id":"https:\/\/velipost.com\/#organization","name":"VeliPost","url":"https:\/\/velipost.com\/","logo":{"@type":"ImageObject","inLanguage":"fr-FR","@id":"https:\/\/velipost.com\/#\/schema\/logo\/image\/","url":"https:\/\/velipost.com\/wp-content\/uploads\/2024\/08\/cropped-VP-logo-piti.png","contentUrl":"https:\/\/velipost.com\/wp-content\/uploads\/2024\/08\/cropped-VP-logo-piti.png","width":201,"height":69,"caption":"VeliPost"},"image":{"@id":"https:\/\/velipost.com\/#\/schema\/logo\/image\/"},"sameAs":["https:\/\/www.facebook.com\/veliposthaiti","https:\/\/x.com\/veliposthaiti","https:\/\/www.instagram.com\/veliposthaiti"]},{"@type":"Person","@id":"https:\/\/velipost.com\/#\/schema\/person\/32ff49a53c9c1bb24302ee8ece058096","name":"VeliPost","image":{"@type":"ImageObject","inLanguage":"fr-FR","@id":"https:\/\/velipost.com\/#\/schema\/person\/image\/","url":"https:\/\/secure.gravatar.com\/avatar\/57c226c264de62f794185a89596d4a37b85a5ad20aca30d9d5a478b27d8c8d9d?s=96&d=mm&r=g","contentUrl":"https:\/\/secure.gravatar.com\/avatar\/57c226c264de62f794185a89596d4a37b85a5ad20aca30d9d5a478b27d8c8d9d?s=96&d=mm&r=g","caption":"VeliPost"},"sameAs":["https:\/\/velipost.com"],"url":"https:\/\/velipost.com\/?author=1"}]}},"views":0,"jetpack_publicize_connections":[],"uagb_featured_image_src":{"full":["https:\/\/velipost.com\/wp-content\/uploads\/2026\/09\/HT-RD.jpg",1170,603,false],"thumbnail":["https:\/\/velipost.com\/wp-content\/uploads\/2026\/09\/HT-RD-150x150.jpg",150,150,true],"medium":["https:\/\/velipost.com\/wp-content\/uploads\/2026\/09\/HT-RD-300x155.jpg",300,155,true],"medium_large":["https:\/\/velipost.com\/wp-content\/uploads\/2026\/09\/HT-RD-768x396.jpg",715,369,true],"large":["https:\/\/velipost.com\/wp-content\/uploads\/2026\/09\/HT-RD-1024x528.jpg",715,369,true],"1536x1536":["https:\/\/velipost.com\/wp-content\/uploads\/2026\/09\/HT-RD.jpg",1170,603,false],"2048x2048":["https:\/\/velipost.com\/wp-content\/uploads\/2026\/09\/HT-RD.jpg",1170,603,false],"colornews-big-slider":["https:\/\/velipost.com\/wp-content\/uploads\/2026\/09\/HT-RD-1070x470.jpg",1070,470,true],"colornews-big-slider-thumb":["https:\/\/velipost.com\/wp-content\/uploads\/2026\/09\/HT-RD-184x109.jpg",184,109,true],"colornews-featured-post-medium":["https:\/\/velipost.com\/wp-content\/uploads\/2026\/09\/HT-RD-345x265.jpg",345,265,true],"colornews-featured-post-small":["https:\/\/velipost.com\/wp-content\/uploads\/2026\/09\/HT-RD-115x73.jpg",115,73,true],"colornews-random-posts":["https:\/\/velipost.com\/wp-content\/uploads\/2026\/09\/HT-RD-215x215.jpg",215,215,true],"colornews-featured-image":["https:\/\/velipost.com\/wp-content\/uploads\/2026\/09\/HT-RD-715x400.jpg",715,400,true],"mailpoet_newsletter_max":["https:\/\/velipost.com\/wp-content\/uploads\/2026\/09\/HT-RD.jpg",1170,603,false]},"uagb_author_info":{"display_name":"VeliPost","author_link":"https:\/\/velipost.com\/?author=1"},"uagb_comment_info":0,"uagb_excerpt":"Ha\u00efti et la R\u00e9publique dominicaine entendent renforcer leur coop\u00e9ration sur la s\u00e9curit\u00e9 frontali\u00e8re et les questions migratoires. Les ministres des Affaires \u00e9trang\u00e8res des deux","_links":{"self":[{"href":"https:\/\/velipost.com\/index.php?rest_route=\/wp\/v2\/posts\/6869","targetHints":{"allow":["GET"]}}],"collection":[{"href":"https:\/\/velipost.com\/index.php?rest_route=\/wp\/v2\/posts"}],"about":[{"href":"https:\/\/velipost.com\/index.php?rest_route=\/wp\/v2\/types\/post"}],"author":[{"embeddable":true,"href":"https:\/\/velipost.com\/index.php?rest_route=\/wp\/v2\/users\/1"}],"replies":[{"embeddable":true,"href":"https:\/\/velipost.com\/index.php?rest_route=%2Fwp%2Fv2%2Fcomments&post=6869"}],"version-history":[{"count":1,"href":"https:\/\/velipost.com\/index.php?rest_route=\/wp\/v2\/posts\/6869\/revisions"}],"predecessor-version":[{"id":6871,"href":"https:\/\/velipost.com\/index.php?rest_route=\/wp\/v2\/posts\/6869\/revisions\/6871"}],"wp:featuredmedia":[{"embeddable":true,"href":"https:\/\/velipost.com\/index.php?rest_route=\/wp\/v2\/media\/6870"}],"wp:attachment":[{"href":"https:\/\/velipost.com\/index.php?rest_route=%2Fwp%2Fv2%2Fmedia&parent=6869"}],"wp:term":[{"taxonomy":"category","embeddable":true,"href":"https:\/\/velipost.com\/index.php?rest_route=%2Fwp%2Fv2%2Fcategories&post=6869"},{"taxonomy":"post_tag","embeddable":true,"href":"https:\/\/velipost.com\/index.php?rest_route=%2Fwp%2Fv2%2Ftags&post=6869"}],"curies":[{"name":"wp","href":"https:\/\/api.w.org\/{rel}","templated":true}]}}