{"id":6865,"date":"2026-09-03T16:15:15","date_gmt":"2026-09-03T14:15:15","guid":{"rendered":"https:\/\/velipost.com\/?p=6865"},"modified":"2026-09-03T16:15:18","modified_gmt":"2026-09-03T14:15:18","slug":"michel-soukar-appelle-a-un-pacte-patriotique-et-a-une-transition-structuree-avant-les-elections","status":"publish","type":"post","link":"https:\/\/velipost.com\/?p=6865","title":{"rendered":"Michel Soukar appelle \u00e0 un \u00ab pacte patriotique \u00bb et \u00e0 une transition structur\u00e9e avant les \u00e9lections"},"content":{"rendered":"\n<p class=\"wp-block-paragraph\">Dans une lettre ouverte adress\u00e9e aux dirigeants politiques, aux acteurs de la soci\u00e9t\u00e9 civile, aux secteurs \u00e9conomiques, \u00e0 la communaut\u00e9 universitaire, \u00e0 la diaspora et \u00e0 l\u2019ensemble des forces vives de la nation, Michel Soukar tire la sonnette d\u2019alarme face \u00e0 la d\u00e9gradation de la situation en Ha\u00efti. Selon lui, la crise actuelle n\u2019est ni une fatalit\u00e9 ni une surprise, mais le r\u00e9sultat de dynamiques anciennes dont les cons\u00e9quences se manifestent aujourd\u2019hui.<\/p>\n\n\n\n<p class=\"wp-block-paragraph\">L\u2019historien estime toutefois qu\u2019une marge d\u2019action demeure possible. Il propose l\u2019instauration d\u2019un cadre de concertation, la mise en \u0153uvre de mesures permettant \u00e0 l\u2019\u00c9tat de reprendre le contr\u00f4le du processus national, puis la formulation d\u2019un&nbsp;<strong>\u00ab Pacte patriotique \u00bb<\/strong>. Il pr\u00e9conise \u00e9galement une architecture de transition cr\u00e9dible et la mise en place d\u2019une instance de gouvernance consensuelle, qu\u2019il qualifie de&nbsp;<strong>\u00ab gouvernement de Salut public \u00bb<\/strong>.<\/p>\n\n\n\n<p class=\"wp-block-paragraph\">Michel Soukar met particuli\u00e8rement en garde contre l\u2019organisation d\u2019\u00e9lections dans les conditions actuelles. Pour lui, un scrutin ne peut \u00eatre cr\u00e9dible sans contr\u00f4le effectif du territoire et des institutions. Miser uniquement sur l\u2019\u00e9lection d\u2019un \u00ab meilleur \u00bb candidat serait, selon lui, une \u00ab illusion dangereuse \u00bb.<\/p>\n\n\n\n<p class=\"wp-block-paragraph\">Il appelle ainsi \u00e0 structurer d\u2019abord la transition afin que les \u00e9lections deviennent l\u2019aboutissement d\u2019un processus ordonn\u00e9, plut\u00f4t qu\u2019un simple geste politique. \u00ab Pita ka pi tris \u00bb, avertit-il.<\/p>\n\n\n\n<p class=\"wp-block-paragraph\"><strong>Lisez la lettre int\u00e9grale de Michel Soukar ci-dessous.<\/strong><\/p>\n\n\n\n<figure class=\"wp-block-image size-large\"><a href=\"https:\/\/velipost.com\/wp-content\/uploads\/2026\/09\/michel.jpg\"><img fetchpriority=\"high\" decoding=\"async\" width=\"1024\" height=\"528\" src=\"https:\/\/velipost.com\/wp-content\/uploads\/2026\/09\/michel-1024x528.jpg\" alt=\"\" class=\"wp-image-6866\" srcset=\"https:\/\/velipost.com\/wp-content\/uploads\/2026\/09\/michel-1024x528.jpg 1024w, https:\/\/velipost.com\/wp-content\/uploads\/2026\/09\/michel-300x155.jpg 300w, https:\/\/velipost.com\/wp-content\/uploads\/2026\/09\/michel-768x396.jpg 768w, https:\/\/velipost.com\/wp-content\/uploads\/2026\/09\/michel.jpg 1170w\" sizes=\"(max-width: 1024px) 100vw, 1024px\" \/><\/a><\/figure>\n\n\n\n<p class=\"wp-block-paragraph\">Lettre ouverte de Michel Soukar aux :\u00a0<br>Dirigeants politiques,aux acteurs de la Soci\u00e9t\u00e9 civile,aux secteurs \u00e9conomiques, \u00e0 la communaut\u00e9 universitaire, \u00e0 la diaspora ha\u00eftienne, \u00e0 toutes celles et ceux qui portent encore ici et ailleurs la responsabilit\u00e9 et l&rsquo;avenir d&rsquo;Ha\u00efti, \u00e0 l&rsquo;ensemble des forces vives de la nation.<\/p>\n\n\n\n<p class=\"wp-block-paragraph\"><br>Aujourd&rsquo;hui,il est d\u00e9sormais inutile de feindre l&rsquo;\u00e9tonnement devant la situation qui pr\u00e9vaut\u00a0\u00a0depuis quelques temps \u00e0 travers le pays. Les signes annonciateurs \u00e9taient visibles et tout cela, croyez moi,r\u00e9sulte de toutes ces\u00a0\u00a0dynamiques anciennes, patiemment install\u00e9es et dont les effets se d\u00e9ploient maintenant sous nos yeux sans aucune suprise. Cela fait longtemps mais\u00a0je l&rsquo;avais annonc\u00e9,non en tant que proph\u00e8te, mais\u00a0\u00a0\u00e0 partir d&rsquo;une compr\u00e9hension lucide des dynamiques profondes que traverse le pays depuis bien des d\u00e9cennies.<\/p>\n\n\n\n<p class=\"wp-block-paragraph\"><br>Cependant, l&rsquo;histoire r\u00e9cente a montr\u00e9 clairement comment , d&rsquo;un niveau \u00e0 l&rsquo;autre, beaucoup d&rsquo;entre nous,ont \u00e9t\u00e9 utilis\u00e9s volontairement,que ce soit par faiblesse,par pression ,ou pour toute autre raison qui leur a momentan\u00e9ment priv\u00e9 de votre esprit de discernement \u00e0 participer \u00e0 cette politique d&rsquo;humiliation et de destruction de leur propre pays.<\/p>\n\n\n\n<p class=\"wp-block-paragraph\"><br>Je ne veux m\u00eame plus en douter : c&rsquo;est si\u00a0\u00a0\u00e9vident. C&rsquo;est \u00e9vident que le pays ne s&rsquo;est pas effondr\u00e9 par une simple fatalit\u00e9, une sorte de mal\u00e9diction que l&rsquo;on \u00e9voque volontiers, pour \u00e9viter de regarder en face les causes r\u00e9elles et profondes de son effondrement. Parceque ,ceux qui avaient le devoir de le prot\u00e9ger ont sciemment accept\u00e9 de devenir les instruments d&rsquo;un projet inavou\u00e9 et inavouable qui a ni\u00e9 toute notre dignit\u00e9,notre avenir et notre m\u00e9moire. <\/p>\n\n\n\n<p class=\"wp-block-paragraph\">Je vous \u00e9cris pour vous dire que : cette \u00e9vidence n&rsquo;est plus discutable, elle s&rsquo;impose \u00e0 nous tous sans aucune possibilit\u00e9 de la contourner. L&rsquo;histoire nous regarde, vous et moi. <\/p>\n\n\n\n<p class=\"wp-block-paragraph\">Bien que nombre d&rsquo;entre nous, apr\u00e8s avoir tir\u00e9 profit de leurs actes malhonn\u00eates, ont d\u00e9j\u00e0 abandonn\u00e9 le pays, reproduisant ainsi le m\u00eame sch\u00e9ma d\u00e9j\u00e0 connu de d\u00e9sertion de leurs responsabilit\u00e9s comme \u00e0 chaque cycle de ruine. \u00a0\u00bb Yo fin manje yo jet\u00e9 yo\u00a0\u00bb\u00a0 Mais, aujourd&rsquo;hui j&rsquo;\u00e9cris pour vous rappeler que malgr\u00e9 tout,il est encore possible d&rsquo;agir ensemble, dans la bonne direction.\u00a0Je vous affirme qu&rsquo;une marge d&rsquo;action demeure encore possible et qu&rsquo;elle doit \u00eatre saisie avant que les dynamiques actuelles ne deviennent irr\u00e9versibles .{Pita ka pi Tris }<\/p>\n\n\n\n<p class=\"wp-block-paragraph\"><br>Donc , pour cela il faudra:<br>1- Instaurer un cadre de concertation fond\u00e9 sur les ressources encore disponibles.<br>2- Mettre en \u0153uvre des mesures structurantes qui permettent de reprendre le contr\u00f4le du processus national.<br>Sachant qu&rsquo;il ne peut y avoir d&rsquo;\u00e9lections cr\u00e9dibles sans un contr\u00f4le effectif de l&rsquo;\u00e9tat sur le territoire et sur les institutions charg\u00e9es d&rsquo;en garantir l&rsquo;int\u00e9grit\u00e9.<br>3- Ensuite envisager la formulation d&rsquo;un Pacte patriotique.<br>4 &#8211; D\u00e9finir dans la foul\u00e9e une architecture de transition cr\u00e9dible.<br>5- Mettre en place une instance de gouvernance consensuellle .(Un gouvernement de Salut public).<br>6- Organiser des \u00e9lections dans des conditions r\u00e9ellement am\u00e9lior\u00e9es et faire de ce scrutin non un frein ,mais un passage oblig\u00e9 vers la r\u00e9solution de la crise.<\/p>\n\n\n\n<p class=\"wp-block-paragraph\"><br>Aujourd&rsquo;hui,je consid\u00e8re,que miser sur des \u00e9lections o\u00f9 un \u00a0\u00bb meilleur\u00a0\u00bb doit simplement gagner serait une illusion dangereuse.\u00a0\u00a0Tout d&rsquo;abord,un scrutin n&rsquo;a de sens que s&rsquo;il s&rsquo;inscrit dans un cadre institutionnel solide, sous le contr\u00f4le effectif de l&rsquo;\u00e9tat et des conditions permettant aux \u00e9lecteurs d&rsquo;exprimer r\u00e9ellement la souverainet\u00e9 populaire et qu&rsquo;il serait incens\u00e9 de pr\u00e9tendre r\u00e9soudre la crise, \u00e0 partir d&rsquo;une simple grille d&rsquo;analyse ,tant les dynamiques en jeu exigent une compr\u00e9hension plurielle structur\u00e9e et profonde , ancr\u00e9e dans la r\u00e9alit\u00e9 du pays.<\/p>\n\n\n\n<p class=\"wp-block-paragraph\"><br>Un leadership individuel, m\u00eame anim\u00e9 des plus belles intentions, ne pourra en aucun cas absorber toute la profondeur de ces d\u00e9faillances politiques, \u00e9conomiques et institutionelles. Dans ces conditions,je crois qu&rsquo;aller aux \u00e9lections sans un cadre collectif, sans ce Pacte patriotique, sans une transition structur\u00e9e ,risque de conduire le pays vers une crise encore plus grave, \u00e0 moins que l&rsquo;on accepte consciemment, l&rsquo;effacement progressif du pays comme une fatalit\u00e9 silencieuse, que certains semblent pr\u00eats \u00e0 cautionner,ce qui serait\u00a0\u00a0\u00e9galement la cons\u00e9quence logique de cette dynamique de cette politique fragment\u00e9e.<\/p>\n\n\n\n<p class=\"wp-block-paragraph\"><br>Lorsque les \u00e9lites se retirent ou se d\u00e9robent de la vie publique, o\u00f9 les choix collectifs se r\u00e9duisent \u00e0 des strat\u00e9gies individuelles, c&rsquo;est l&rsquo;existence m\u00eame du pays qui se trouve menac\u00e9e. Et sans un cadre commun, sans un pacte patriotique r\u00e9el, sans une vision partag\u00e9e la nation risque de continuer \u00e0 glisser vers une forme de disparition politique, symbolique, et historique.<\/p>\n\n\n\n<p class=\"wp-block-paragraph\"><br>Un scrutin n&rsquo;aura de sens, que s&rsquo;il proc\u00e8de d&rsquo;un processus ordonn\u00e9 et doit \u00eatre issu d&rsquo;une transition et non d&rsquo;un geste isol\u00e9. Ce qu&rsquo;il faut aujourd&rsquo;hui ; c&rsquo;est d&rsquo;\u00e9tablir un cadre de r\u00e9flexion clair, d\u00e9finir un agenda de travail pour finalement structurer la transition et ainsi permettre que les \u00e9lections en \u00e9mergent naturellement m\u00eame dans un contexte o\u00f9 les gangs arm\u00e9s ne seront pas totalement disparus. Vu que le processus de d\u00e9mant\u00e8lement des gangs prendrait du temps et qu&rsquo;il serait\u00a0\u00a0illusoire d&rsquo;attendre leur disparition compl\u00e8te avant d&rsquo;engager la reconstruction institutionnelle.<\/p>\n\n\n\n<p class=\"wp-block-paragraph\"><br>Michel Soukar\u00a0<br>1er Septembre 2026<br>Port- au-Prince<br>Ha\u00efti.<\/p>\n\n    <div class=\"xs_social_share_widget xs_share_url after_content \t\tmain_content  wslu-style-3 wslu-share-box-shaped wslu-fill-brand-hover-colored wslu-share-m-5 wslu-none wslu-share-horizontal wslu-theme-font-no wslu-main_content\">\n\n\t\t\n        <ul>\n\t\t\t                    <li class=\"xs-share-li twitter                        wslu-no-extra-data\">\n                        <a href=\"javascript:void(0);\"\n                           id=\"xs_feed_twitter\"\n                           onclick=\"xs_social_sharer(this);\"\n                           data-pid=\"6865\"\n                           data-uri_hash=\"819d59d7fcf38d8e4328b780769ed69d\"\n                           data-key=\"twitter\"\n                           data-xs-href=\"https:\/\/twitter.com\/intent\/tweet?text=Michel+Soukar+appelle+%C3%A0+un+%C2%AB+pacte+patriotique+%C2%BB+et+%C3%A0+une+transition+structur%C3%A9e+avant+les+%C3%A9lections+https%3A%2F%2Fvelipost.com%2Findex.php%3Frest_route%3D%252Fwp%252Fv2%252Fposts%252F6865&amp;original_referer=https%3A%2F%2Fvelipost.com%2Findex.php%3Frest_route%3D%252Fwp%252Fv2%252Fposts%252F6865&amp;related=xpeedstudio\">\n\n                            <div class=\"xs-social-icon\">\n                                <span class=\"met-social met-social-twitter\"><\/span>\n                            <\/div>\n\n\t\t\t\t\t\t\t\n                            <div class=\"wslu-hover-content\">\n                                <div class=\"xs-social-followers\">\n\t\t\t\t\t\t\t\t\t10                                <\/div>\n                                <div class=\"xs-social-follower-text\">\n\t\t\t\t\t\t\t\t\tShare                                <\/div>\n                                <div class=\"xs-social-follower-label\">\n\t\t\t\t\t\t\t\t\tTwitter                                <\/div>\n                            <\/div>\n                        <\/a>\n                    <\/li>\n\t\t\t\t\t                    <li class=\"xs-share-li telegram                        wslu-no-extra-data\">\n                        <a href=\"javascript:void(0);\"\n                           id=\"xs_feed_telegram\"\n                           onclick=\"xs_social_sharer(this);\"\n                           data-pid=\"6865\"\n                           data-uri_hash=\"819d59d7fcf38d8e4328b780769ed69d\"\n                           data-key=\"telegram\"\n                           data-xs-href=\"https:\/\/telegram.me\/share\/url?url=https%3A%2F%2Fvelipost.com%2Findex.php%3Frest_route%3D%252Fwp%252Fv2%252Fposts%252F6865&amp;text=Michel+Soukar+appelle+%C3%A0+un+%C2%AB+pacte+patriotique+%C2%BB+et+%C3%A0+une+transition+structur%C3%A9e+avant+les+%C3%A9lections\">\n\n                            <div class=\"xs-social-icon\">\n                                <span class=\"met-social met-social-telegram\"><\/span>\n                            <\/div>\n\n\t\t\t\t\t\t\t\n                            <div class=\"wslu-hover-content\">\n                                <div class=\"xs-social-followers\">\n\t\t\t\t\t\t\t\t\t0                                <\/div>\n                                <div class=\"xs-social-follower-text\">\n\t\t\t\t\t\t\t\t\tShare                                <\/div>\n                                <div class=\"xs-social-follower-label\">\n\t\t\t\t\t\t\t\t\tTelegram                                <\/div>\n                            <\/div>\n                        <\/a>\n                    <\/li>\n\t\t\t\t\t                    <li class=\"xs-share-li email                        wslu-no-extra-data\">\n                        <a href=\"javascript:void(0);\"\n                           id=\"xs_feed_email\"\n                           onclick=\"xs_social_sharer(this);\"\n                           data-pid=\"6865\"\n                           data-uri_hash=\"819d59d7fcf38d8e4328b780769ed69d\"\n                           data-key=\"email\"\n                           data-xs-href=\"mailto:?body=Title%3A+Michel+Soukar+appelle+%C3%A0+un+%C2%AB+pacte+patriotique+%C2%BB+et+%C3%A0+une+transition+structur%C3%A9e+avant+les+%C3%A9lections+%5Cn%5Cn+URL%3A+https%3A%2F%2Fvelipost.com%2Findex.php%3Frest_route%3D%252Fwp%252Fv2%252Fposts%252F6865&amp;subject=Michel+Soukar+appelle+%C3%A0+un+%C2%AB+pacte+patriotique+%C2%BB+et+%C3%A0+une+transition+structur%C3%A9e+avant+les+%C3%A9lections\">\n\n                            <div class=\"xs-social-icon\">\n                                <span class=\"met-social met-social-email\"><\/span>\n                            <\/div>\n\n\t\t\t\t\t\t\t\n                            <div class=\"wslu-hover-content\">\n                                <div class=\"xs-social-followers\">\n\t\t\t\t\t\t\t\t\t0                                <\/div>\n                                <div class=\"xs-social-follower-text\">\n\t\t\t\t\t\t\t\t\tShare                                <\/div>\n                                <div class=\"xs-social-follower-label\">\n\t\t\t\t\t\t\t\t\tEmail                                <\/div>\n                            <\/div>\n                        <\/a>\n                    <\/li>\n\t\t\t\t\t        <\/ul>\n    <\/div> \n","protected":false},"excerpt":{"rendered":"<p>Dans une lettre ouverte adress\u00e9e aux dirigeants politiques, aux acteurs de la soci\u00e9t\u00e9 civile, aux secteurs \u00e9conomiques, \u00e0 la communaut\u00e9 universitaire, \u00e0 la diaspora<\/p>\n","protected":false},"author":1,"featured_media":6867,"comment_status":"open","ping_status":"open","sticky":false,"template":"","format":"standard","meta":{"_uag_custom_page_level_css":"","footnotes":"","jetpack_publicize_message":"","jetpack_publicize_feature_enabled":true,"jetpack_social_post_already_shared":true,"jetpack_social_options":{"image_generator_settings":{"template":"highway","default_image_id":0,"font":"","enabled":false},"version":2}},"categories":[115],"tags":[],"class_list":["post-6865","post","type-post","status-publish","format-standard","has-post-thumbnail","hentry","category-politique"],"yoast_head":"<!-- This site is optimized with the Yoast SEO plugin v25.3.1 - https:\/\/yoast.com\/wordpress\/plugins\/seo\/ -->\n<title>Michel Soukar appelle \u00e0 un \u00ab pacte patriotique \u00bb et \u00e0 une transition structur\u00e9e avant les \u00e9lections &#8211; VeliPost<\/title>\n<meta name=\"robots\" content=\"index, follow, max-snippet:-1, max-image-preview:large, max-video-preview:-1\" \/>\n<link rel=\"canonical\" href=\"https:\/\/velipost.com\/?p=6865\" \/>\n<meta property=\"og:locale\" content=\"fr_FR\" \/>\n<meta property=\"og:type\" content=\"article\" \/>\n<meta property=\"og:title\" content=\"Michel Soukar appelle \u00e0 un \u00ab pacte patriotique \u00bb et \u00e0 une transition structur\u00e9e avant les \u00e9lections &#8211; VeliPost\" \/>\n<meta property=\"og:description\" content=\"Dans une lettre ouverte adress\u00e9e aux dirigeants politiques, aux acteurs de la soci\u00e9t\u00e9 civile, aux secteurs \u00e9conomiques, \u00e0 la communaut\u00e9 universitaire, \u00e0 la diaspora\" \/>\n<meta property=\"og:url\" content=\"https:\/\/velipost.com\/?p=6865\" \/>\n<meta property=\"og:site_name\" content=\"VeliPost\" \/>\n<meta property=\"article:publisher\" content=\"https:\/\/www.facebook.com\/veliposthaiti\" \/>\n<meta property=\"article:published_time\" content=\"2026-09-03T14:15:15+00:00\" \/>\n<meta property=\"article:modified_time\" content=\"2026-09-03T14:15:18+00:00\" \/>\n<meta property=\"og:image\" content=\"https:\/\/velipost.com\/wp-content\/uploads\/2026\/09\/Soukar.jpg\" \/>\n\t<meta property=\"og:image:width\" content=\"1170\" \/>\n\t<meta property=\"og:image:height\" content=\"603\" \/>\n\t<meta property=\"og:image:type\" content=\"image\/jpeg\" \/>\n<meta name=\"author\" content=\"VeliPost\" \/>\n<meta name=\"twitter:card\" content=\"summary_large_image\" \/>\n<meta name=\"twitter:creator\" content=\"@veliposthaiti\" \/>\n<meta name=\"twitter:site\" content=\"@veliposthaiti\" \/>\n<meta name=\"twitter:label1\" content=\"\u00c9crit par\" \/>\n\t<meta name=\"twitter:data1\" content=\"VeliPost\" \/>\n\t<meta name=\"twitter:label2\" content=\"Dur\u00e9e de lecture estim\u00e9e\" \/>\n\t<meta name=\"twitter:data2\" content=\"6 minutes\" \/>\n<script type=\"application\/ld+json\" class=\"yoast-schema-graph\">{\"@context\":\"https:\/\/schema.org\",\"@graph\":[{\"@type\":\"Article\",\"@id\":\"https:\/\/velipost.com\/?p=6865#article\",\"isPartOf\":{\"@id\":\"https:\/\/velipost.com\/?p=6865\"},\"author\":{\"name\":\"VeliPost\",\"@id\":\"https:\/\/velipost.com\/#\/schema\/person\/32ff49a53c9c1bb24302ee8ece058096\"},\"headline\":\"Michel Soukar appelle \u00e0 un \u00ab pacte patriotique \u00bb et \u00e0 une transition structur\u00e9e avant les \u00e9lections\",\"datePublished\":\"2026-09-03T14:15:15+00:00\",\"dateModified\":\"2026-09-03T14:15:18+00:00\",\"mainEntityOfPage\":{\"@id\":\"https:\/\/velipost.com\/?p=6865\"},\"wordCount\":1192,\"commentCount\":0,\"publisher\":{\"@id\":\"https:\/\/velipost.com\/#organization\"},\"image\":{\"@id\":\"https:\/\/velipost.com\/?p=6865#primaryimage\"},\"thumbnailUrl\":\"https:\/\/velipost.com\/wp-content\/uploads\/2026\/09\/Soukar.jpg\",\"articleSection\":[\"Politique\"],\"inLanguage\":\"fr-FR\",\"potentialAction\":[{\"@type\":\"CommentAction\",\"name\":\"Comment\",\"target\":[\"https:\/\/velipost.com\/?p=6865#respond\"]}]},{\"@type\":\"WebPage\",\"@id\":\"https:\/\/velipost.com\/?p=6865\",\"url\":\"https:\/\/velipost.com\/?p=6865\",\"name\":\"Michel Soukar appelle \u00e0 un \u00ab pacte patriotique \u00bb et \u00e0 une transition structur\u00e9e avant les \u00e9lections &#8211; VeliPost\",\"isPartOf\":{\"@id\":\"https:\/\/velipost.com\/#website\"},\"primaryImageOfPage\":{\"@id\":\"https:\/\/velipost.com\/?p=6865#primaryimage\"},\"image\":{\"@id\":\"https:\/\/velipost.com\/?p=6865#primaryimage\"},\"thumbnailUrl\":\"https:\/\/velipost.com\/wp-content\/uploads\/2026\/09\/Soukar.jpg\",\"datePublished\":\"2026-09-03T14:15:15+00:00\",\"dateModified\":\"2026-09-03T14:15:18+00:00\",\"breadcrumb\":{\"@id\":\"https:\/\/velipost.com\/?p=6865#breadcrumb\"},\"inLanguage\":\"fr-FR\",\"potentialAction\":[{\"@type\":\"ReadAction\",\"target\":[\"https:\/\/velipost.com\/?p=6865\"]}]},{\"@type\":\"ImageObject\",\"inLanguage\":\"fr-FR\",\"@id\":\"https:\/\/velipost.com\/?p=6865#primaryimage\",\"url\":\"https:\/\/velipost.com\/wp-content\/uploads\/2026\/09\/Soukar.jpg\",\"contentUrl\":\"https:\/\/velipost.com\/wp-content\/uploads\/2026\/09\/Soukar.jpg\",\"width\":1170,\"height\":603},{\"@type\":\"BreadcrumbList\",\"@id\":\"https:\/\/velipost.com\/?p=6865#breadcrumb\",\"itemListElement\":[{\"@type\":\"ListItem\",\"position\":1,\"name\":\"Accueil\",\"item\":\"https:\/\/velipost.com\/\"},{\"@type\":\"ListItem\",\"position\":2,\"name\":\"Michel Soukar appelle \u00e0 un \u00ab pacte patriotique \u00bb et \u00e0 une transition structur\u00e9e avant les \u00e9lections\"}]},{\"@type\":\"WebSite\",\"@id\":\"https:\/\/velipost.com\/#website\",\"url\":\"https:\/\/velipost.com\/\",\"name\":\"VeliPost\",\"description\":\"L\u2019info en un clic\",\"publisher\":{\"@id\":\"https:\/\/velipost.com\/#organization\"},\"potentialAction\":[{\"@type\":\"SearchAction\",\"target\":{\"@type\":\"EntryPoint\",\"urlTemplate\":\"https:\/\/velipost.com\/?s={search_term_string}\"},\"query-input\":{\"@type\":\"PropertyValueSpecification\",\"valueRequired\":true,\"valueName\":\"search_term_string\"}}],\"inLanguage\":\"fr-FR\"},{\"@type\":\"Organization\",\"@id\":\"https:\/\/velipost.com\/#organization\",\"name\":\"VeliPost\",\"url\":\"https:\/\/velipost.com\/\",\"logo\":{\"@type\":\"ImageObject\",\"inLanguage\":\"fr-FR\",\"@id\":\"https:\/\/velipost.com\/#\/schema\/logo\/image\/\",\"url\":\"https:\/\/velipost.com\/wp-content\/uploads\/2024\/08\/cropped-VP-logo-piti.png\",\"contentUrl\":\"https:\/\/velipost.com\/wp-content\/uploads\/2024\/08\/cropped-VP-logo-piti.png\",\"width\":201,\"height\":69,\"caption\":\"VeliPost\"},\"image\":{\"@id\":\"https:\/\/velipost.com\/#\/schema\/logo\/image\/\"},\"sameAs\":[\"https:\/\/www.facebook.com\/veliposthaiti\",\"https:\/\/x.com\/veliposthaiti\",\"https:\/\/www.instagram.com\/veliposthaiti\"]},{\"@type\":\"Person\",\"@id\":\"https:\/\/velipost.com\/#\/schema\/person\/32ff49a53c9c1bb24302ee8ece058096\",\"name\":\"VeliPost\",\"image\":{\"@type\":\"ImageObject\",\"inLanguage\":\"fr-FR\",\"@id\":\"https:\/\/velipost.com\/#\/schema\/person\/image\/\",\"url\":\"https:\/\/secure.gravatar.com\/avatar\/57c226c264de62f794185a89596d4a37b85a5ad20aca30d9d5a478b27d8c8d9d?s=96&d=mm&r=g\",\"contentUrl\":\"https:\/\/secure.gravatar.com\/avatar\/57c226c264de62f794185a89596d4a37b85a5ad20aca30d9d5a478b27d8c8d9d?s=96&d=mm&r=g\",\"caption\":\"VeliPost\"},\"sameAs\":[\"https:\/\/velipost.com\"],\"url\":\"https:\/\/velipost.com\/?author=1\"}]}<\/script>\n<!-- \/ Yoast SEO plugin. -->","yoast_head_json":{"title":"Michel Soukar appelle \u00e0 un \u00ab pacte patriotique \u00bb et \u00e0 une transition structur\u00e9e avant les \u00e9lections &#8211; VeliPost","robots":{"index":"index","follow":"follow","max-snippet":"max-snippet:-1","max-image-preview":"max-image-preview:large","max-video-preview":"max-video-preview:-1"},"canonical":"https:\/\/velipost.com\/?p=6865","og_locale":"fr_FR","og_type":"article","og_title":"Michel Soukar appelle \u00e0 un \u00ab pacte patriotique \u00bb et \u00e0 une transition structur\u00e9e avant les \u00e9lections &#8211; VeliPost","og_description":"Dans une lettre ouverte adress\u00e9e aux dirigeants politiques, aux acteurs de la soci\u00e9t\u00e9 civile, aux secteurs \u00e9conomiques, \u00e0 la communaut\u00e9 universitaire, \u00e0 la diaspora","og_url":"https:\/\/velipost.com\/?p=6865","og_site_name":"VeliPost","article_publisher":"https:\/\/www.facebook.com\/veliposthaiti","article_published_time":"2026-09-03T14:15:15+00:00","article_modified_time":"2026-09-03T14:15:18+00:00","og_image":[{"width":1170,"height":603,"url":"https:\/\/velipost.com\/wp-content\/uploads\/2026\/09\/Soukar.jpg","type":"image\/jpeg"}],"author":"VeliPost","twitter_card":"summary_large_image","twitter_creator":"@veliposthaiti","twitter_site":"@veliposthaiti","twitter_misc":{"\u00c9crit par":"VeliPost","Dur\u00e9e de lecture estim\u00e9e":"6 minutes"},"schema":{"@context":"https:\/\/schema.org","@graph":[{"@type":"Article","@id":"https:\/\/velipost.com\/?p=6865#article","isPartOf":{"@id":"https:\/\/velipost.com\/?p=6865"},"author":{"name":"VeliPost","@id":"https:\/\/velipost.com\/#\/schema\/person\/32ff49a53c9c1bb24302ee8ece058096"},"headline":"Michel Soukar appelle \u00e0 un \u00ab pacte patriotique \u00bb et \u00e0 une transition structur\u00e9e avant les \u00e9lections","datePublished":"2026-09-03T14:15:15+00:00","dateModified":"2026-09-03T14:15:18+00:00","mainEntityOfPage":{"@id":"https:\/\/velipost.com\/?p=6865"},"wordCount":1192,"commentCount":0,"publisher":{"@id":"https:\/\/velipost.com\/#organization"},"image":{"@id":"https:\/\/velipost.com\/?p=6865#primaryimage"},"thumbnailUrl":"https:\/\/velipost.com\/wp-content\/uploads\/2026\/09\/Soukar.jpg","articleSection":["Politique"],"inLanguage":"fr-FR","potentialAction":[{"@type":"CommentAction","name":"Comment","target":["https:\/\/velipost.com\/?p=6865#respond"]}]},{"@type":"WebPage","@id":"https:\/\/velipost.com\/?p=6865","url":"https:\/\/velipost.com\/?p=6865","name":"Michel Soukar appelle \u00e0 un \u00ab pacte patriotique \u00bb et \u00e0 une transition structur\u00e9e avant les \u00e9lections &#8211; VeliPost","isPartOf":{"@id":"https:\/\/velipost.com\/#website"},"primaryImageOfPage":{"@id":"https:\/\/velipost.com\/?p=6865#primaryimage"},"image":{"@id":"https:\/\/velipost.com\/?p=6865#primaryimage"},"thumbnailUrl":"https:\/\/velipost.com\/wp-content\/uploads\/2026\/09\/Soukar.jpg","datePublished":"2026-09-03T14:15:15+00:00","dateModified":"2026-09-03T14:15:18+00:00","breadcrumb":{"@id":"https:\/\/velipost.com\/?p=6865#breadcrumb"},"inLanguage":"fr-FR","potentialAction":[{"@type":"ReadAction","target":["https:\/\/velipost.com\/?p=6865"]}]},{"@type":"ImageObject","inLanguage":"fr-FR","@id":"https:\/\/velipost.com\/?p=6865#primaryimage","url":"https:\/\/velipost.com\/wp-content\/uploads\/2026\/09\/Soukar.jpg","contentUrl":"https:\/\/velipost.com\/wp-content\/uploads\/2026\/09\/Soukar.jpg","width":1170,"height":603},{"@type":"BreadcrumbList","@id":"https:\/\/velipost.com\/?p=6865#breadcrumb","itemListElement":[{"@type":"ListItem","position":1,"name":"Accueil","item":"https:\/\/velipost.com\/"},{"@type":"ListItem","position":2,"name":"Michel Soukar appelle \u00e0 un \u00ab pacte patriotique \u00bb et \u00e0 une transition structur\u00e9e avant les \u00e9lections"}]},{"@type":"WebSite","@id":"https:\/\/velipost.com\/#website","url":"https:\/\/velipost.com\/","name":"VeliPost","description":"L\u2019info en un clic","publisher":{"@id":"https:\/\/velipost.com\/#organization"},"potentialAction":[{"@type":"SearchAction","target":{"@type":"EntryPoint","urlTemplate":"https:\/\/velipost.com\/?s={search_term_string}"},"query-input":{"@type":"PropertyValueSpecification","valueRequired":true,"valueName":"search_term_string"}}],"inLanguage":"fr-FR"},{"@type":"Organization","@id":"https:\/\/velipost.com\/#organization","name":"VeliPost","url":"https:\/\/velipost.com\/","logo":{"@type":"ImageObject","inLanguage":"fr-FR","@id":"https:\/\/velipost.com\/#\/schema\/logo\/image\/","url":"https:\/\/velipost.com\/wp-content\/uploads\/2024\/08\/cropped-VP-logo-piti.png","contentUrl":"https:\/\/velipost.com\/wp-content\/uploads\/2024\/08\/cropped-VP-logo-piti.png","width":201,"height":69,"caption":"VeliPost"},"image":{"@id":"https:\/\/velipost.com\/#\/schema\/logo\/image\/"},"sameAs":["https:\/\/www.facebook.com\/veliposthaiti","https:\/\/x.com\/veliposthaiti","https:\/\/www.instagram.com\/veliposthaiti"]},{"@type":"Person","@id":"https:\/\/velipost.com\/#\/schema\/person\/32ff49a53c9c1bb24302ee8ece058096","name":"VeliPost","image":{"@type":"ImageObject","inLanguage":"fr-FR","@id":"https:\/\/velipost.com\/#\/schema\/person\/image\/","url":"https:\/\/secure.gravatar.com\/avatar\/57c226c264de62f794185a89596d4a37b85a5ad20aca30d9d5a478b27d8c8d9d?s=96&d=mm&r=g","contentUrl":"https:\/\/secure.gravatar.com\/avatar\/57c226c264de62f794185a89596d4a37b85a5ad20aca30d9d5a478b27d8c8d9d?s=96&d=mm&r=g","caption":"VeliPost"},"sameAs":["https:\/\/velipost.com"],"url":"https:\/\/velipost.com\/?author=1"}]}},"views":0,"jetpack_publicize_connections":[],"uagb_featured_image_src":{"full":["https:\/\/velipost.com\/wp-content\/uploads\/2026\/09\/Soukar.jpg",1170,603,false],"thumbnail":["https:\/\/velipost.com\/wp-content\/uploads\/2026\/09\/Soukar-150x150.jpg",150,150,true],"medium":["https:\/\/velipost.com\/wp-content\/uploads\/2026\/09\/Soukar-300x155.jpg",300,155,true],"medium_large":["https:\/\/velipost.com\/wp-content\/uploads\/2026\/09\/Soukar-768x396.jpg",715,369,true],"large":["https:\/\/velipost.com\/wp-content\/uploads\/2026\/09\/Soukar-1024x528.jpg",715,369,true],"1536x1536":["https:\/\/velipost.com\/wp-content\/uploads\/2026\/09\/Soukar.jpg",1170,603,false],"2048x2048":["https:\/\/velipost.com\/wp-content\/uploads\/2026\/09\/Soukar.jpg",1170,603,false],"colornews-big-slider":["https:\/\/velipost.com\/wp-content\/uploads\/2026\/09\/Soukar-1070x470.jpg",1070,470,true],"colornews-big-slider-thumb":["https:\/\/velipost.com\/wp-content\/uploads\/2026\/09\/Soukar-184x109.jpg",184,109,true],"colornews-featured-post-medium":["https:\/\/velipost.com\/wp-content\/uploads\/2026\/09\/Soukar-345x265.jpg",345,265,true],"colornews-featured-post-small":["https:\/\/velipost.com\/wp-content\/uploads\/2026\/09\/Soukar-115x73.jpg",115,73,true],"colornews-random-posts":["https:\/\/velipost.com\/wp-content\/uploads\/2026\/09\/Soukar-215x215.jpg",215,215,true],"colornews-featured-image":["https:\/\/velipost.com\/wp-content\/uploads\/2026\/09\/Soukar-715x400.jpg",715,400,true],"mailpoet_newsletter_max":["https:\/\/velipost.com\/wp-content\/uploads\/2026\/09\/Soukar.jpg",1170,603,false]},"uagb_author_info":{"display_name":"VeliPost","author_link":"https:\/\/velipost.com\/?author=1"},"uagb_comment_info":0,"uagb_excerpt":"Dans une lettre ouverte adress\u00e9e aux dirigeants politiques, aux acteurs de la soci\u00e9t\u00e9 civile, aux secteurs \u00e9conomiques, \u00e0 la communaut\u00e9 universitaire, \u00e0 la diaspora","_links":{"self":[{"href":"https:\/\/velipost.com\/index.php?rest_route=\/wp\/v2\/posts\/6865","targetHints":{"allow":["GET"]}}],"collection":[{"href":"https:\/\/velipost.com\/index.php?rest_route=\/wp\/v2\/posts"}],"about":[{"href":"https:\/\/velipost.com\/index.php?rest_route=\/wp\/v2\/types\/post"}],"author":[{"embeddable":true,"href":"https:\/\/velipost.com\/index.php?rest_route=\/wp\/v2\/users\/1"}],"replies":[{"embeddable":true,"href":"https:\/\/velipost.com\/index.php?rest_route=%2Fwp%2Fv2%2Fcomments&post=6865"}],"version-history":[{"count":1,"href":"https:\/\/velipost.com\/index.php?rest_route=\/wp\/v2\/posts\/6865\/revisions"}],"predecessor-version":[{"id":6868,"href":"https:\/\/velipost.com\/index.php?rest_route=\/wp\/v2\/posts\/6865\/revisions\/6868"}],"wp:featuredmedia":[{"embeddable":true,"href":"https:\/\/velipost.com\/index.php?rest_route=\/wp\/v2\/media\/6867"}],"wp:attachment":[{"href":"https:\/\/velipost.com\/index.php?rest_route=%2Fwp%2Fv2%2Fmedia&parent=6865"}],"wp:term":[{"taxonomy":"category","embeddable":true,"href":"https:\/\/velipost.com\/index.php?rest_route=%2Fwp%2Fv2%2Fcategories&post=6865"},{"taxonomy":"post_tag","embeddable":true,"href":"https:\/\/velipost.com\/index.php?rest_route=%2Fwp%2Fv2%2Ftags&post=6865"}],"curies":[{"name":"wp","href":"https:\/\/api.w.org\/{rel}","templated":true}]}}