{"id":6855,"date":"2026-09-03T02:59:34","date_gmt":"2026-09-03T00:59:34","guid":{"rendered":"https:\/\/velipost.com\/?p=6855"},"modified":"2026-09-03T02:59:38","modified_gmt":"2026-09-03T00:59:38","slug":"haiti-caricom-la-securite-et-les-elections-au-coeur-des-discussions","status":"publish","type":"post","link":"https:\/\/velipost.com\/?p=6855","title":{"rendered":"Ha\u00efti-CARICOM : la s\u00e9curit\u00e9 et les \u00e9lections au c\u0153ur des discussions"},"content":{"rendered":"\n<p class=\"wp-block-paragraph\">La situation politique et s\u00e9curitaire d\u2019Ha\u00efti ainsi que l\u2019\u00e9volution du processus \u00e9lectoral ont domin\u00e9 les \u00e9changes entre la ministre des Affaires \u00e9trang\u00e8res et des Cultes, Raina Forbin, et une d\u00e9l\u00e9gation du Groupe des \u00c9minentes Personnalit\u00e9s (EPG) de la CARICOM.<\/p>\n\n\n\n<p class=\"wp-block-paragraph\">En visite officielle en Ha\u00efti, la d\u00e9l\u00e9gation a \u00e9t\u00e9 re\u00e7ue mercredi \u00e0 la Chancellerie par la ministre Raina Forbin. Un d\u00e9jeuner de travail a \u00e9galement \u00e9t\u00e9 organis\u00e9 \u00e0 cette occasion. Plusieurs personnalit\u00e9s de la r\u00e9gion ont pris part aux discussions, dont les anciens Premiers ministres Kenny Anthony de Sainte-Lucie, Orette Bruce Golding de la Jama\u00efque et Perry Christie des Bahamas.<\/p>\n\n\n\n<p class=\"wp-block-paragraph\">Les discussions ont notamment port\u00e9 sur les conditions n\u00e9cessaires \u00e0 l\u2019organisation d\u2019\u00e9lections libres, cr\u00e9dibles, inclusives et s\u00e9curis\u00e9es. Les responsables ont \u00e9galement abord\u00e9 les d\u00e9fis politiques et s\u00e9curitaires auxquels le pays est confront\u00e9, ainsi que les moyens de renforcer l\u2019accompagnement r\u00e9gional dans le processus \u00e9lectoral.<\/p>\n\n\n\n<p class=\"wp-block-paragraph\">La ministre Raina Forbin a r\u00e9affirm\u00e9 l\u2019engagement du gouvernement dirig\u00e9 par le Premier ministre Alix Didier Fils-Aim\u00e9 \u00e0 travailler avec les acteurs nationaux et les partenaires internationaux. L\u2019objectif affich\u00e9 est de contribuer au r\u00e9tablissement de la s\u00e9curit\u00e9 et \u00e0 la tenue des prochaines \u00e9lections.<\/p>\n\n\n\n<p class=\"wp-block-paragraph\">\u00c0 travers cette rencontre, les autorit\u00e9s ha\u00eftiennes entendent maintenir le dialogue avec la CARICOM, alors que le pays cherche \u00e0 cr\u00e9er les conditions n\u00e9cessaires \u00e0 une transition vers un processus \u00e9lectoral cr\u00e9dible. La ministre a, par ailleurs, salu\u00e9 l\u2019engagement de l\u2019organisation r\u00e9gionale aux c\u00f4t\u00e9s d\u2019Ha\u00efti et souhait\u00e9 la poursuite de cet accompagnement.<\/p>\n\n    <div class=\"xs_social_share_widget xs_share_url after_content \t\tmain_content  wslu-style-3 wslu-share-box-shaped wslu-fill-brand-hover-colored wslu-share-m-5 wslu-none wslu-share-horizontal wslu-theme-font-no wslu-main_content\">\n\n\t\t\n        <ul>\n\t\t\t                    <li class=\"xs-share-li twitter                        wslu-no-extra-data\">\n                        <a href=\"javascript:void(0);\"\n                           id=\"xs_feed_twitter\"\n                           onclick=\"xs_social_sharer(this);\"\n                           data-pid=\"6855\"\n                           data-uri_hash=\"1f56829ef36a38fe25eb976c27461195\"\n                           data-key=\"twitter\"\n                           data-xs-href=\"https:\/\/twitter.com\/intent\/tweet?text=Ha%C3%AFti-CARICOM+%3A+la+s%C3%A9curit%C3%A9+et+les+%C3%A9lections+au+c%C5%93ur+des+discussions+https%3A%2F%2Fvelipost.com%2Findex.php%3Frest_route%3D%252Fwp%252Fv2%252Fposts%252F6855&amp;original_referer=https%3A%2F%2Fvelipost.com%2Findex.php%3Frest_route%3D%252Fwp%252Fv2%252Fposts%252F6855&amp;related=xpeedstudio\">\n\n                            <div class=\"xs-social-icon\">\n                                <span class=\"met-social met-social-twitter\"><\/span>\n                            <\/div>\n\n\t\t\t\t\t\t\t\n                            <div class=\"wslu-hover-content\">\n                                <div class=\"xs-social-followers\">\n\t\t\t\t\t\t\t\t\t10                                <\/div>\n                                <div class=\"xs-social-follower-text\">\n\t\t\t\t\t\t\t\t\tShare                                <\/div>\n                                <div class=\"xs-social-follower-label\">\n\t\t\t\t\t\t\t\t\tTwitter                                <\/div>\n                            <\/div>\n                        <\/a>\n                    <\/li>\n\t\t\t\t\t                    <li class=\"xs-share-li telegram                        wslu-no-extra-data\">\n                        <a href=\"javascript:void(0);\"\n                           id=\"xs_feed_telegram\"\n                           onclick=\"xs_social_sharer(this);\"\n                           data-pid=\"6855\"\n                           data-uri_hash=\"1f56829ef36a38fe25eb976c27461195\"\n                           data-key=\"telegram\"\n                           data-xs-href=\"https:\/\/telegram.me\/share\/url?url=https%3A%2F%2Fvelipost.com%2Findex.php%3Frest_route%3D%252Fwp%252Fv2%252Fposts%252F6855&amp;text=Ha%C3%AFti-CARICOM+%3A+la+s%C3%A9curit%C3%A9+et+les+%C3%A9lections+au+c%C5%93ur+des+discussions\">\n\n                            <div class=\"xs-social-icon\">\n                                <span class=\"met-social met-social-telegram\"><\/span>\n                            <\/div>\n\n\t\t\t\t\t\t\t\n                            <div class=\"wslu-hover-content\">\n                                <div class=\"xs-social-followers\">\n\t\t\t\t\t\t\t\t\t0                                <\/div>\n                                <div class=\"xs-social-follower-text\">\n\t\t\t\t\t\t\t\t\tShare                                <\/div>\n                                <div class=\"xs-social-follower-label\">\n\t\t\t\t\t\t\t\t\tTelegram                                <\/div>\n                            <\/div>\n                        <\/a>\n                    <\/li>\n\t\t\t\t\t                    <li class=\"xs-share-li email                        wslu-no-extra-data\">\n                        <a href=\"javascript:void(0);\"\n                           id=\"xs_feed_email\"\n                           onclick=\"xs_social_sharer(this);\"\n                           data-pid=\"6855\"\n                           data-uri_hash=\"1f56829ef36a38fe25eb976c27461195\"\n                           data-key=\"email\"\n                           data-xs-href=\"mailto:?body=Title%3A+Ha%C3%AFti-CARICOM+%3A+la+s%C3%A9curit%C3%A9+et+les+%C3%A9lections+au+c%C5%93ur+des+discussions+%5Cn%5Cn+URL%3A+https%3A%2F%2Fvelipost.com%2Findex.php%3Frest_route%3D%252Fwp%252Fv2%252Fposts%252F6855&amp;subject=Ha%C3%AFti-CARICOM+%3A+la+s%C3%A9curit%C3%A9+et+les+%C3%A9lections+au+c%C5%93ur+des+discussions\">\n\n                            <div class=\"xs-social-icon\">\n                                <span class=\"met-social met-social-email\"><\/span>\n                            <\/div>\n\n\t\t\t\t\t\t\t\n                            <div class=\"wslu-hover-content\">\n                                <div class=\"xs-social-followers\">\n\t\t\t\t\t\t\t\t\t0                                <\/div>\n                                <div class=\"xs-social-follower-text\">\n\t\t\t\t\t\t\t\t\tShare                                <\/div>\n                                <div class=\"xs-social-follower-label\">\n\t\t\t\t\t\t\t\t\tEmail                                <\/div>\n                            <\/div>\n                        <\/a>\n                    <\/li>\n\t\t\t\t\t        <\/ul>\n    <\/div> \n","protected":false},"excerpt":{"rendered":"<p>La situation politique et s\u00e9curitaire d\u2019Ha\u00efti ainsi que l\u2019\u00e9volution du processus \u00e9lectoral ont domin\u00e9 les \u00e9changes entre la ministre des Affaires \u00e9trang\u00e8res et des<\/p>\n","protected":false},"author":1,"featured_media":6857,"comment_status":"open","ping_status":"open","sticky":false,"template":"","format":"standard","meta":{"_uag_custom_page_level_css":"","footnotes":"","jetpack_publicize_message":"","jetpack_publicize_feature_enabled":true,"jetpack_social_post_already_shared":true,"jetpack_social_options":{"image_generator_settings":{"template":"highway","default_image_id":0,"font":"","enabled":false},"version":2}},"categories":[115],"tags":[],"class_list":["post-6855","post","type-post","status-publish","format-standard","has-post-thumbnail","hentry","category-politique"],"yoast_head":"<!-- This site is optimized with the Yoast SEO plugin v25.3.1 - https:\/\/yoast.com\/wordpress\/plugins\/seo\/ -->\n<title>Ha\u00efti-CARICOM : la s\u00e9curit\u00e9 et les \u00e9lections au c\u0153ur des discussions &#8211; VeliPost<\/title>\n<meta name=\"robots\" content=\"index, follow, max-snippet:-1, max-image-preview:large, max-video-preview:-1\" \/>\n<link rel=\"canonical\" href=\"https:\/\/velipost.com\/?p=6855\" \/>\n<meta property=\"og:locale\" content=\"fr_FR\" \/>\n<meta property=\"og:type\" content=\"article\" \/>\n<meta property=\"og:title\" content=\"Ha\u00efti-CARICOM : la s\u00e9curit\u00e9 et les \u00e9lections au c\u0153ur des discussions &#8211; VeliPost\" \/>\n<meta property=\"og:description\" content=\"La situation politique et s\u00e9curitaire d\u2019Ha\u00efti ainsi que l\u2019\u00e9volution du processus \u00e9lectoral ont domin\u00e9 les \u00e9changes entre la ministre des Affaires \u00e9trang\u00e8res et des\" \/>\n<meta property=\"og:url\" content=\"https:\/\/velipost.com\/?p=6855\" \/>\n<meta property=\"og:site_name\" content=\"VeliPost\" \/>\n<meta property=\"article:publisher\" content=\"https:\/\/www.facebook.com\/veliposthaiti\" \/>\n<meta property=\"article:published_time\" content=\"2026-09-03T00:59:34+00:00\" \/>\n<meta property=\"article:modified_time\" content=\"2026-09-03T00:59:38+00:00\" \/>\n<meta property=\"og:image\" content=\"https:\/\/velipost.com\/wp-content\/uploads\/2026\/09\/raina-caricom.jpg\" \/>\n\t<meta property=\"og:image:width\" content=\"1170\" \/>\n\t<meta property=\"og:image:height\" content=\"603\" \/>\n\t<meta property=\"og:image:type\" content=\"image\/jpeg\" \/>\n<meta name=\"author\" content=\"VeliPost\" \/>\n<meta name=\"twitter:card\" content=\"summary_large_image\" \/>\n<meta name=\"twitter:creator\" content=\"@veliposthaiti\" \/>\n<meta name=\"twitter:site\" content=\"@veliposthaiti\" \/>\n<meta name=\"twitter:label1\" content=\"\u00c9crit par\" \/>\n\t<meta name=\"twitter:data1\" content=\"VeliPost\" \/>\n\t<meta name=\"twitter:label2\" content=\"Dur\u00e9e de lecture estim\u00e9e\" \/>\n\t<meta name=\"twitter:data2\" content=\"2 minutes\" \/>\n<script type=\"application\/ld+json\" class=\"yoast-schema-graph\">{\"@context\":\"https:\/\/schema.org\",\"@graph\":[{\"@type\":\"Article\",\"@id\":\"https:\/\/velipost.com\/?p=6855#article\",\"isPartOf\":{\"@id\":\"https:\/\/velipost.com\/?p=6855\"},\"author\":{\"name\":\"VeliPost\",\"@id\":\"https:\/\/velipost.com\/#\/schema\/person\/32ff49a53c9c1bb24302ee8ece058096\"},\"headline\":\"Ha\u00efti-CARICOM : la s\u00e9curit\u00e9 et les \u00e9lections au c\u0153ur des discussions\",\"datePublished\":\"2026-09-03T00:59:34+00:00\",\"dateModified\":\"2026-09-03T00:59:38+00:00\",\"mainEntityOfPage\":{\"@id\":\"https:\/\/velipost.com\/?p=6855\"},\"wordCount\":287,\"commentCount\":0,\"publisher\":{\"@id\":\"https:\/\/velipost.com\/#organization\"},\"image\":{\"@id\":\"https:\/\/velipost.com\/?p=6855#primaryimage\"},\"thumbnailUrl\":\"https:\/\/velipost.com\/wp-content\/uploads\/2026\/09\/raina-caricom.jpg\",\"articleSection\":[\"Politique\"],\"inLanguage\":\"fr-FR\",\"potentialAction\":[{\"@type\":\"CommentAction\",\"name\":\"Comment\",\"target\":[\"https:\/\/velipost.com\/?p=6855#respond\"]}]},{\"@type\":\"WebPage\",\"@id\":\"https:\/\/velipost.com\/?p=6855\",\"url\":\"https:\/\/velipost.com\/?p=6855\",\"name\":\"Ha\u00efti-CARICOM : la s\u00e9curit\u00e9 et les \u00e9lections au c\u0153ur des discussions &#8211; VeliPost\",\"isPartOf\":{\"@id\":\"https:\/\/velipost.com\/#website\"},\"primaryImageOfPage\":{\"@id\":\"https:\/\/velipost.com\/?p=6855#primaryimage\"},\"image\":{\"@id\":\"https:\/\/velipost.com\/?p=6855#primaryimage\"},\"thumbnailUrl\":\"https:\/\/velipost.com\/wp-content\/uploads\/2026\/09\/raina-caricom.jpg\",\"datePublished\":\"2026-09-03T00:59:34+00:00\",\"dateModified\":\"2026-09-03T00:59:38+00:00\",\"breadcrumb\":{\"@id\":\"https:\/\/velipost.com\/?p=6855#breadcrumb\"},\"inLanguage\":\"fr-FR\",\"potentialAction\":[{\"@type\":\"ReadAction\",\"target\":[\"https:\/\/velipost.com\/?p=6855\"]}]},{\"@type\":\"ImageObject\",\"inLanguage\":\"fr-FR\",\"@id\":\"https:\/\/velipost.com\/?p=6855#primaryimage\",\"url\":\"https:\/\/velipost.com\/wp-content\/uploads\/2026\/09\/raina-caricom.jpg\",\"contentUrl\":\"https:\/\/velipost.com\/wp-content\/uploads\/2026\/09\/raina-caricom.jpg\",\"width\":1170,\"height\":603},{\"@type\":\"BreadcrumbList\",\"@id\":\"https:\/\/velipost.com\/?p=6855#breadcrumb\",\"itemListElement\":[{\"@type\":\"ListItem\",\"position\":1,\"name\":\"Accueil\",\"item\":\"https:\/\/velipost.com\/\"},{\"@type\":\"ListItem\",\"position\":2,\"name\":\"Ha\u00efti-CARICOM : la s\u00e9curit\u00e9 et les \u00e9lections au c\u0153ur des discussions\"}]},{\"@type\":\"WebSite\",\"@id\":\"https:\/\/velipost.com\/#website\",\"url\":\"https:\/\/velipost.com\/\",\"name\":\"VeliPost\",\"description\":\"L\u2019info en un clic\",\"publisher\":{\"@id\":\"https:\/\/velipost.com\/#organization\"},\"potentialAction\":[{\"@type\":\"SearchAction\",\"target\":{\"@type\":\"EntryPoint\",\"urlTemplate\":\"https:\/\/velipost.com\/?s={search_term_string}\"},\"query-input\":{\"@type\":\"PropertyValueSpecification\",\"valueRequired\":true,\"valueName\":\"search_term_string\"}}],\"inLanguage\":\"fr-FR\"},{\"@type\":\"Organization\",\"@id\":\"https:\/\/velipost.com\/#organization\",\"name\":\"VeliPost\",\"url\":\"https:\/\/velipost.com\/\",\"logo\":{\"@type\":\"ImageObject\",\"inLanguage\":\"fr-FR\",\"@id\":\"https:\/\/velipost.com\/#\/schema\/logo\/image\/\",\"url\":\"https:\/\/velipost.com\/wp-content\/uploads\/2024\/08\/cropped-VP-logo-piti.png\",\"contentUrl\":\"https:\/\/velipost.com\/wp-content\/uploads\/2024\/08\/cropped-VP-logo-piti.png\",\"width\":201,\"height\":69,\"caption\":\"VeliPost\"},\"image\":{\"@id\":\"https:\/\/velipost.com\/#\/schema\/logo\/image\/\"},\"sameAs\":[\"https:\/\/www.facebook.com\/veliposthaiti\",\"https:\/\/x.com\/veliposthaiti\",\"https:\/\/www.instagram.com\/veliposthaiti\"]},{\"@type\":\"Person\",\"@id\":\"https:\/\/velipost.com\/#\/schema\/person\/32ff49a53c9c1bb24302ee8ece058096\",\"name\":\"VeliPost\",\"image\":{\"@type\":\"ImageObject\",\"inLanguage\":\"fr-FR\",\"@id\":\"https:\/\/velipost.com\/#\/schema\/person\/image\/\",\"url\":\"https:\/\/secure.gravatar.com\/avatar\/57c226c264de62f794185a89596d4a37b85a5ad20aca30d9d5a478b27d8c8d9d?s=96&d=mm&r=g\",\"contentUrl\":\"https:\/\/secure.gravatar.com\/avatar\/57c226c264de62f794185a89596d4a37b85a5ad20aca30d9d5a478b27d8c8d9d?s=96&d=mm&r=g\",\"caption\":\"VeliPost\"},\"sameAs\":[\"https:\/\/velipost.com\"],\"url\":\"https:\/\/velipost.com\/?author=1\"}]}<\/script>\n<!-- \/ Yoast SEO plugin. -->","yoast_head_json":{"title":"Ha\u00efti-CARICOM : la s\u00e9curit\u00e9 et les \u00e9lections au c\u0153ur des discussions &#8211; VeliPost","robots":{"index":"index","follow":"follow","max-snippet":"max-snippet:-1","max-image-preview":"max-image-preview:large","max-video-preview":"max-video-preview:-1"},"canonical":"https:\/\/velipost.com\/?p=6855","og_locale":"fr_FR","og_type":"article","og_title":"Ha\u00efti-CARICOM : la s\u00e9curit\u00e9 et les \u00e9lections au c\u0153ur des discussions &#8211; VeliPost","og_description":"La situation politique et s\u00e9curitaire d\u2019Ha\u00efti ainsi que l\u2019\u00e9volution du processus \u00e9lectoral ont domin\u00e9 les \u00e9changes entre la ministre des Affaires \u00e9trang\u00e8res et des","og_url":"https:\/\/velipost.com\/?p=6855","og_site_name":"VeliPost","article_publisher":"https:\/\/www.facebook.com\/veliposthaiti","article_published_time":"2026-09-03T00:59:34+00:00","article_modified_time":"2026-09-03T00:59:38+00:00","og_image":[{"width":1170,"height":603,"url":"https:\/\/velipost.com\/wp-content\/uploads\/2026\/09\/raina-caricom.jpg","type":"image\/jpeg"}],"author":"VeliPost","twitter_card":"summary_large_image","twitter_creator":"@veliposthaiti","twitter_site":"@veliposthaiti","twitter_misc":{"\u00c9crit par":"VeliPost","Dur\u00e9e de lecture estim\u00e9e":"2 minutes"},"schema":{"@context":"https:\/\/schema.org","@graph":[{"@type":"Article","@id":"https:\/\/velipost.com\/?p=6855#article","isPartOf":{"@id":"https:\/\/velipost.com\/?p=6855"},"author":{"name":"VeliPost","@id":"https:\/\/velipost.com\/#\/schema\/person\/32ff49a53c9c1bb24302ee8ece058096"},"headline":"Ha\u00efti-CARICOM : la s\u00e9curit\u00e9 et les \u00e9lections au c\u0153ur des discussions","datePublished":"2026-09-03T00:59:34+00:00","dateModified":"2026-09-03T00:59:38+00:00","mainEntityOfPage":{"@id":"https:\/\/velipost.com\/?p=6855"},"wordCount":287,"commentCount":0,"publisher":{"@id":"https:\/\/velipost.com\/#organization"},"image":{"@id":"https:\/\/velipost.com\/?p=6855#primaryimage"},"thumbnailUrl":"https:\/\/velipost.com\/wp-content\/uploads\/2026\/09\/raina-caricom.jpg","articleSection":["Politique"],"inLanguage":"fr-FR","potentialAction":[{"@type":"CommentAction","name":"Comment","target":["https:\/\/velipost.com\/?p=6855#respond"]}]},{"@type":"WebPage","@id":"https:\/\/velipost.com\/?p=6855","url":"https:\/\/velipost.com\/?p=6855","name":"Ha\u00efti-CARICOM : la s\u00e9curit\u00e9 et les \u00e9lections au c\u0153ur des discussions &#8211; VeliPost","isPartOf":{"@id":"https:\/\/velipost.com\/#website"},"primaryImageOfPage":{"@id":"https:\/\/velipost.com\/?p=6855#primaryimage"},"image":{"@id":"https:\/\/velipost.com\/?p=6855#primaryimage"},"thumbnailUrl":"https:\/\/velipost.com\/wp-content\/uploads\/2026\/09\/raina-caricom.jpg","datePublished":"2026-09-03T00:59:34+00:00","dateModified":"2026-09-03T00:59:38+00:00","breadcrumb":{"@id":"https:\/\/velipost.com\/?p=6855#breadcrumb"},"inLanguage":"fr-FR","potentialAction":[{"@type":"ReadAction","target":["https:\/\/velipost.com\/?p=6855"]}]},{"@type":"ImageObject","inLanguage":"fr-FR","@id":"https:\/\/velipost.com\/?p=6855#primaryimage","url":"https:\/\/velipost.com\/wp-content\/uploads\/2026\/09\/raina-caricom.jpg","contentUrl":"https:\/\/velipost.com\/wp-content\/uploads\/2026\/09\/raina-caricom.jpg","width":1170,"height":603},{"@type":"BreadcrumbList","@id":"https:\/\/velipost.com\/?p=6855#breadcrumb","itemListElement":[{"@type":"ListItem","position":1,"name":"Accueil","item":"https:\/\/velipost.com\/"},{"@type":"ListItem","position":2,"name":"Ha\u00efti-CARICOM : la s\u00e9curit\u00e9 et les \u00e9lections au c\u0153ur des discussions"}]},{"@type":"WebSite","@id":"https:\/\/velipost.com\/#website","url":"https:\/\/velipost.com\/","name":"VeliPost","description":"L\u2019info en un clic","publisher":{"@id":"https:\/\/velipost.com\/#organization"},"potentialAction":[{"@type":"SearchAction","target":{"@type":"EntryPoint","urlTemplate":"https:\/\/velipost.com\/?s={search_term_string}"},"query-input":{"@type":"PropertyValueSpecification","valueRequired":true,"valueName":"search_term_string"}}],"inLanguage":"fr-FR"},{"@type":"Organization","@id":"https:\/\/velipost.com\/#organization","name":"VeliPost","url":"https:\/\/velipost.com\/","logo":{"@type":"ImageObject","inLanguage":"fr-FR","@id":"https:\/\/velipost.com\/#\/schema\/logo\/image\/","url":"https:\/\/velipost.com\/wp-content\/uploads\/2024\/08\/cropped-VP-logo-piti.png","contentUrl":"https:\/\/velipost.com\/wp-content\/uploads\/2024\/08\/cropped-VP-logo-piti.png","width":201,"height":69,"caption":"VeliPost"},"image":{"@id":"https:\/\/velipost.com\/#\/schema\/logo\/image\/"},"sameAs":["https:\/\/www.facebook.com\/veliposthaiti","https:\/\/x.com\/veliposthaiti","https:\/\/www.instagram.com\/veliposthaiti"]},{"@type":"Person","@id":"https:\/\/velipost.com\/#\/schema\/person\/32ff49a53c9c1bb24302ee8ece058096","name":"VeliPost","image":{"@type":"ImageObject","inLanguage":"fr-FR","@id":"https:\/\/velipost.com\/#\/schema\/person\/image\/","url":"https:\/\/secure.gravatar.com\/avatar\/57c226c264de62f794185a89596d4a37b85a5ad20aca30d9d5a478b27d8c8d9d?s=96&d=mm&r=g","contentUrl":"https:\/\/secure.gravatar.com\/avatar\/57c226c264de62f794185a89596d4a37b85a5ad20aca30d9d5a478b27d8c8d9d?s=96&d=mm&r=g","caption":"VeliPost"},"sameAs":["https:\/\/velipost.com"],"url":"https:\/\/velipost.com\/?author=1"}]}},"views":0,"jetpack_publicize_connections":[],"uagb_featured_image_src":{"full":["https:\/\/velipost.com\/wp-content\/uploads\/2026\/09\/raina-caricom.jpg",1170,603,false],"thumbnail":["https:\/\/velipost.com\/wp-content\/uploads\/2026\/09\/raina-caricom-150x150.jpg",150,150,true],"medium":["https:\/\/velipost.com\/wp-content\/uploads\/2026\/09\/raina-caricom-300x155.jpg",300,155,true],"medium_large":["https:\/\/velipost.com\/wp-content\/uploads\/2026\/09\/raina-caricom-768x396.jpg",715,369,true],"large":["https:\/\/velipost.com\/wp-content\/uploads\/2026\/09\/raina-caricom-1024x528.jpg",715,369,true],"1536x1536":["https:\/\/velipost.com\/wp-content\/uploads\/2026\/09\/raina-caricom.jpg",1170,603,false],"2048x2048":["https:\/\/velipost.com\/wp-content\/uploads\/2026\/09\/raina-caricom.jpg",1170,603,false],"colornews-big-slider":["https:\/\/velipost.com\/wp-content\/uploads\/2026\/09\/raina-caricom-1070x470.jpg",1070,470,true],"colornews-big-slider-thumb":["https:\/\/velipost.com\/wp-content\/uploads\/2026\/09\/raina-caricom-184x109.jpg",184,109,true],"colornews-featured-post-medium":["https:\/\/velipost.com\/wp-content\/uploads\/2026\/09\/raina-caricom-345x265.jpg",345,265,true],"colornews-featured-post-small":["https:\/\/velipost.com\/wp-content\/uploads\/2026\/09\/raina-caricom-115x73.jpg",115,73,true],"colornews-random-posts":["https:\/\/velipost.com\/wp-content\/uploads\/2026\/09\/raina-caricom-215x215.jpg",215,215,true],"colornews-featured-image":["https:\/\/velipost.com\/wp-content\/uploads\/2026\/09\/raina-caricom-715x400.jpg",715,400,true],"mailpoet_newsletter_max":["https:\/\/velipost.com\/wp-content\/uploads\/2026\/09\/raina-caricom.jpg",1170,603,false]},"uagb_author_info":{"display_name":"VeliPost","author_link":"https:\/\/velipost.com\/?author=1"},"uagb_comment_info":0,"uagb_excerpt":"La situation politique et s\u00e9curitaire d\u2019Ha\u00efti ainsi que l\u2019\u00e9volution du processus \u00e9lectoral ont domin\u00e9 les \u00e9changes entre la ministre des Affaires \u00e9trang\u00e8res et des","_links":{"self":[{"href":"https:\/\/velipost.com\/index.php?rest_route=\/wp\/v2\/posts\/6855","targetHints":{"allow":["GET"]}}],"collection":[{"href":"https:\/\/velipost.com\/index.php?rest_route=\/wp\/v2\/posts"}],"about":[{"href":"https:\/\/velipost.com\/index.php?rest_route=\/wp\/v2\/types\/post"}],"author":[{"embeddable":true,"href":"https:\/\/velipost.com\/index.php?rest_route=\/wp\/v2\/users\/1"}],"replies":[{"embeddable":true,"href":"https:\/\/velipost.com\/index.php?rest_route=%2Fwp%2Fv2%2Fcomments&post=6855"}],"version-history":[{"count":1,"href":"https:\/\/velipost.com\/index.php?rest_route=\/wp\/v2\/posts\/6855\/revisions"}],"predecessor-version":[{"id":6858,"href":"https:\/\/velipost.com\/index.php?rest_route=\/wp\/v2\/posts\/6855\/revisions\/6858"}],"wp:featuredmedia":[{"embeddable":true,"href":"https:\/\/velipost.com\/index.php?rest_route=\/wp\/v2\/media\/6857"}],"wp:attachment":[{"href":"https:\/\/velipost.com\/index.php?rest_route=%2Fwp%2Fv2%2Fmedia&parent=6855"}],"wp:term":[{"taxonomy":"category","embeddable":true,"href":"https:\/\/velipost.com\/index.php?rest_route=%2Fwp%2Fv2%2Fcategories&post=6855"},{"taxonomy":"post_tag","embeddable":true,"href":"https:\/\/velipost.com\/index.php?rest_route=%2Fwp%2Fv2%2Ftags&post=6855"}],"curies":[{"name":"wp","href":"https:\/\/api.w.org\/{rel}","templated":true}]}}