{"id":6849,"date":"2026-09-02T14:12:51","date_gmt":"2026-09-02T12:12:51","guid":{"rendered":"https:\/\/velipost.com\/?p=6849"},"modified":"2026-09-02T14:12:54","modified_gmt":"2026-09-02T12:12:54","slug":"sabine-lamour-inaugure-un-cours-consacre-aux-feminismes-afro-caribeens-a-luniversite-de-montreal","status":"publish","type":"post","link":"https:\/\/velipost.com\/?p=6849","title":{"rendered":"Sabine Lamour inaugure un cours consacr\u00e9 aux f\u00e9minismes afro-carib\u00e9ens \u00e0 l\u2019Universit\u00e9 de Montr\u00e9al"},"content":{"rendered":"\n<p class=\"wp-block-paragraph\"><strong>L\u2019Universit\u00e9 de Montr\u00e9al accueille, \u00e0 l\u2019automne 2026, un nouveau cours de deuxi\u00e8me cycle consacr\u00e9 aux f\u00e9minismes afro-carib\u00e9ens. Dirig\u00e9 par la professeure Sabine Lamour, au D\u00e9partement de sociologie, ce cours entend approfondir l\u2019\u00e9tude des pens\u00e9es, des r\u00e9sistances et des mobilisations f\u00e9ministes dans la Cara\u00efbe francophone et anglophone.<\/strong><\/p>\n\n\n\n<p class=\"wp-block-paragraph\">Intitul\u00e9&nbsp;<strong>SOL6014 \u2013 Fondements th\u00e9oriques 1<\/strong>, le cours est offert chaque mardi au pavillon Lionel-Groulx. Il propose aux \u00e9tudiantes et \u00e9tudiants une r\u00e9flexion sur les r\u00e9alit\u00e9s historiques et sociales qui ont fa\u00e7onn\u00e9 les soci\u00e9t\u00e9s afro-carib\u00e9ennes, notamment les h\u00e9ritages de l\u2019esclavage, du colonialisme et de l\u2019imp\u00e9rialisme.<\/p>\n\n\n\n<p class=\"wp-block-paragraph\">Les enseignements s\u2019appuient notamment sur plusieurs concepts cl\u00e9s des \u00e9tudes f\u00e9ministes et postcoloniales, parmi lesquels l\u2019intersectionnalit\u00e9, la colonialit\u00e9, le colorisme et l\u2019\u00c9tat postcolonial. L\u2019objectif est de permettre aux participants de mieux comprendre les rapports de pouvoir qui traversent les soci\u00e9t\u00e9s carib\u00e9ennes et leurs diasporas.<\/p>\n\n\n\n<p class=\"wp-block-paragraph\">Le programme accorde \u00e9galement une place importante aux contributions intellectuelles de figures afro-carib\u00e9ennes ainsi qu\u2019aux diff\u00e9rentes formes de mobilisation f\u00e9ministe. Les questions li\u00e9es \u00e0 la famille, aux masculinit\u00e9s et aux sexualit\u00e9s figurent \u00e9galement parmi les th\u00e8mes abord\u00e9s.<\/p>\n\n\n\n<p class=\"wp-block-paragraph\">Le cours s\u2019int\u00e9resse par ailleurs \u00e0 la circulation transnationale des id\u00e9es entre les diff\u00e9rents territoires de la Cara\u00efbe et leurs diasporas. Cette approche vise \u00e0 mettre en \u00e9vidence les \u00e9changes, les influences et les exp\u00e9riences communes qui participent \u00e0 la construction des pens\u00e9es f\u00e9ministes afro-carib\u00e9ennes.<\/p>\n\n\n\n<p class=\"wp-block-paragraph\">La d\u00e9marche p\u00e9dagogique repose sur une approche f\u00e9ministe et collaborative. Les discussions critiques, les expos\u00e9s et l\u2019analyse d\u2019\u0153uvres litt\u00e9raires, artistiques et audiovisuelles constituent ainsi une partie importante des activit\u00e9s propos\u00e9es aux \u00e9tudiants.<\/p>\n\n\n\n<p class=\"wp-block-paragraph\">\u00c0 travers ce nouveau cours, Sabine Lamour contribue \u00e0 inscrire les exp\u00e9riences et les savoirs des personnes et des groupes marginalis\u00e9s au c\u0153ur de la r\u00e9flexion universitaire. L\u2019initiative offre \u00e9galement un espace pour approfondir la connaissance des f\u00e9minismes afro-carib\u00e9ens et de leur \u00e9volution dans diff\u00e9rents contextes historiques, sociaux et culturels.<\/p>\n\n    <div class=\"xs_social_share_widget xs_share_url after_content \t\tmain_content  wslu-style-3 wslu-share-box-shaped wslu-fill-brand-hover-colored wslu-share-m-5 wslu-none wslu-share-horizontal wslu-theme-font-no wslu-main_content\">\n\n\t\t\n        <ul>\n\t\t\t                    <li class=\"xs-share-li twitter                        wslu-no-extra-data\">\n                        <a href=\"javascript:void(0);\"\n                           id=\"xs_feed_twitter\"\n                           onclick=\"xs_social_sharer(this);\"\n                           data-pid=\"6849\"\n                           data-uri_hash=\"9a1eb16708518791be6b2af899ace4c2\"\n                           data-key=\"twitter\"\n                           data-xs-href=\"https:\/\/twitter.com\/intent\/tweet?text=Sabine+Lamour+inaugure+un+cours+consacr%C3%A9+aux+f%C3%A9minismes+afro-carib%C3%A9ens+%C3%A0+l%E2%80%99Universit%C3%A9+de+Montr%C3%A9al+https%3A%2F%2Fvelipost.com%2Findex.php%3Frest_route%3D%252Fwp%252Fv2%252Fposts%252F6849&amp;original_referer=https%3A%2F%2Fvelipost.com%2Findex.php%3Frest_route%3D%252Fwp%252Fv2%252Fposts%252F6849&amp;related=xpeedstudio\">\n\n                            <div class=\"xs-social-icon\">\n                                <span class=\"met-social met-social-twitter\"><\/span>\n                            <\/div>\n\n\t\t\t\t\t\t\t\n                            <div class=\"wslu-hover-content\">\n                                <div class=\"xs-social-followers\">\n\t\t\t\t\t\t\t\t\t10                                <\/div>\n                                <div class=\"xs-social-follower-text\">\n\t\t\t\t\t\t\t\t\tShare                                <\/div>\n                                <div class=\"xs-social-follower-label\">\n\t\t\t\t\t\t\t\t\tTwitter                                <\/div>\n                            <\/div>\n                        <\/a>\n                    <\/li>\n\t\t\t\t\t                    <li class=\"xs-share-li telegram                        wslu-no-extra-data\">\n                        <a href=\"javascript:void(0);\"\n                           id=\"xs_feed_telegram\"\n                           onclick=\"xs_social_sharer(this);\"\n                           data-pid=\"6849\"\n                           data-uri_hash=\"9a1eb16708518791be6b2af899ace4c2\"\n                           data-key=\"telegram\"\n                           data-xs-href=\"https:\/\/telegram.me\/share\/url?url=https%3A%2F%2Fvelipost.com%2Findex.php%3Frest_route%3D%252Fwp%252Fv2%252Fposts%252F6849&amp;text=Sabine+Lamour+inaugure+un+cours+consacr%C3%A9+aux+f%C3%A9minismes+afro-carib%C3%A9ens+%C3%A0+l%E2%80%99Universit%C3%A9+de+Montr%C3%A9al\">\n\n                            <div class=\"xs-social-icon\">\n                                <span class=\"met-social met-social-telegram\"><\/span>\n                            <\/div>\n\n\t\t\t\t\t\t\t\n                            <div class=\"wslu-hover-content\">\n                                <div class=\"xs-social-followers\">\n\t\t\t\t\t\t\t\t\t0                                <\/div>\n                                <div class=\"xs-social-follower-text\">\n\t\t\t\t\t\t\t\t\tShare                                <\/div>\n                                <div class=\"xs-social-follower-label\">\n\t\t\t\t\t\t\t\t\tTelegram                                <\/div>\n                            <\/div>\n                        <\/a>\n                    <\/li>\n\t\t\t\t\t                    <li class=\"xs-share-li email                        wslu-no-extra-data\">\n                        <a href=\"javascript:void(0);\"\n                           id=\"xs_feed_email\"\n                           onclick=\"xs_social_sharer(this);\"\n                           data-pid=\"6849\"\n                           data-uri_hash=\"9a1eb16708518791be6b2af899ace4c2\"\n                           data-key=\"email\"\n                           data-xs-href=\"mailto:?body=Title%3A+Sabine+Lamour+inaugure+un+cours+consacr%C3%A9+aux+f%C3%A9minismes+afro-carib%C3%A9ens+%C3%A0+l%E2%80%99Universit%C3%A9+de+Montr%C3%A9al+%5Cn%5Cn+URL%3A+https%3A%2F%2Fvelipost.com%2Findex.php%3Frest_route%3D%252Fwp%252Fv2%252Fposts%252F6849&amp;subject=Sabine+Lamour+inaugure+un+cours+consacr%C3%A9+aux+f%C3%A9minismes+afro-carib%C3%A9ens+%C3%A0+l%E2%80%99Universit%C3%A9+de+Montr%C3%A9al\">\n\n                            <div class=\"xs-social-icon\">\n                                <span class=\"met-social met-social-email\"><\/span>\n                            <\/div>\n\n\t\t\t\t\t\t\t\n                            <div class=\"wslu-hover-content\">\n                                <div class=\"xs-social-followers\">\n\t\t\t\t\t\t\t\t\t0                                <\/div>\n                                <div class=\"xs-social-follower-text\">\n\t\t\t\t\t\t\t\t\tShare                                <\/div>\n                                <div class=\"xs-social-follower-label\">\n\t\t\t\t\t\t\t\t\tEmail                                <\/div>\n                            <\/div>\n                        <\/a>\n                    <\/li>\n\t\t\t\t\t        <\/ul>\n    <\/div> \n","protected":false},"excerpt":{"rendered":"<p>L\u2019Universit\u00e9 de Montr\u00e9al accueille, \u00e0 l\u2019automne 2026, un nouveau cours de deuxi\u00e8me cycle consacr\u00e9 aux f\u00e9minismes afro-carib\u00e9ens. Dirig\u00e9 par la professeure Sabine Lamour, au<\/p>\n","protected":false},"author":1,"featured_media":6850,"comment_status":"open","ping_status":"open","sticky":false,"template":"","format":"standard","meta":{"_uag_custom_page_level_css":"","footnotes":"","jetpack_publicize_message":"","jetpack_publicize_feature_enabled":true,"jetpack_social_post_already_shared":true,"jetpack_social_options":{"image_generator_settings":{"template":"highway","default_image_id":0,"font":"","enabled":false},"version":2}},"categories":[260],"tags":[],"class_list":["post-6849","post","type-post","status-publish","format-standard","has-post-thumbnail","hentry","category-education"],"yoast_head":"<!-- This site is optimized with the Yoast SEO plugin v25.3.1 - https:\/\/yoast.com\/wordpress\/plugins\/seo\/ -->\n<title>Sabine Lamour inaugure un cours consacr\u00e9 aux f\u00e9minismes afro-carib\u00e9ens \u00e0 l\u2019Universit\u00e9 de Montr\u00e9al &#8211; VeliPost<\/title>\n<meta name=\"robots\" content=\"index, follow, max-snippet:-1, max-image-preview:large, max-video-preview:-1\" \/>\n<link rel=\"canonical\" href=\"https:\/\/velipost.com\/?p=6849\" \/>\n<meta property=\"og:locale\" content=\"fr_FR\" \/>\n<meta property=\"og:type\" content=\"article\" \/>\n<meta property=\"og:title\" content=\"Sabine Lamour inaugure un cours consacr\u00e9 aux f\u00e9minismes afro-carib\u00e9ens \u00e0 l\u2019Universit\u00e9 de Montr\u00e9al &#8211; VeliPost\" \/>\n<meta property=\"og:description\" content=\"L\u2019Universit\u00e9 de Montr\u00e9al accueille, \u00e0 l\u2019automne 2026, un nouveau cours de deuxi\u00e8me cycle consacr\u00e9 aux f\u00e9minismes afro-carib\u00e9ens. Dirig\u00e9 par la professeure Sabine Lamour, au\" \/>\n<meta property=\"og:url\" content=\"https:\/\/velipost.com\/?p=6849\" \/>\n<meta property=\"og:site_name\" content=\"VeliPost\" \/>\n<meta property=\"article:publisher\" content=\"https:\/\/www.facebook.com\/veliposthaiti\" \/>\n<meta property=\"article:published_time\" content=\"2026-09-02T12:12:51+00:00\" \/>\n<meta property=\"article:modified_time\" content=\"2026-09-02T12:12:54+00:00\" \/>\n<meta property=\"og:image\" content=\"https:\/\/velipost.com\/wp-content\/uploads\/2026\/09\/www.velipost.com_.jpg\" \/>\n\t<meta property=\"og:image:width\" content=\"1170\" \/>\n\t<meta property=\"og:image:height\" content=\"603\" \/>\n\t<meta property=\"og:image:type\" content=\"image\/jpeg\" \/>\n<meta name=\"author\" content=\"VeliPost\" \/>\n<meta name=\"twitter:card\" content=\"summary_large_image\" \/>\n<meta name=\"twitter:creator\" content=\"@veliposthaiti\" \/>\n<meta name=\"twitter:site\" content=\"@veliposthaiti\" \/>\n<meta name=\"twitter:label1\" content=\"\u00c9crit par\" \/>\n\t<meta name=\"twitter:data1\" content=\"VeliPost\" \/>\n\t<meta name=\"twitter:label2\" content=\"Dur\u00e9e de lecture estim\u00e9e\" \/>\n\t<meta name=\"twitter:data2\" content=\"2 minutes\" \/>\n<script type=\"application\/ld+json\" class=\"yoast-schema-graph\">{\"@context\":\"https:\/\/schema.org\",\"@graph\":[{\"@type\":\"Article\",\"@id\":\"https:\/\/velipost.com\/?p=6849#article\",\"isPartOf\":{\"@id\":\"https:\/\/velipost.com\/?p=6849\"},\"author\":{\"name\":\"VeliPost\",\"@id\":\"https:\/\/velipost.com\/#\/schema\/person\/32ff49a53c9c1bb24302ee8ece058096\"},\"headline\":\"Sabine Lamour inaugure un cours consacr\u00e9 aux f\u00e9minismes afro-carib\u00e9ens \u00e0 l\u2019Universit\u00e9 de Montr\u00e9al\",\"datePublished\":\"2026-09-02T12:12:51+00:00\",\"dateModified\":\"2026-09-02T12:12:54+00:00\",\"mainEntityOfPage\":{\"@id\":\"https:\/\/velipost.com\/?p=6849\"},\"wordCount\":374,\"commentCount\":0,\"publisher\":{\"@id\":\"https:\/\/velipost.com\/#organization\"},\"image\":{\"@id\":\"https:\/\/velipost.com\/?p=6849#primaryimage\"},\"thumbnailUrl\":\"https:\/\/velipost.com\/wp-content\/uploads\/2026\/09\/www.velipost.com_.jpg\",\"articleSection\":[\"Education\"],\"inLanguage\":\"fr-FR\",\"potentialAction\":[{\"@type\":\"CommentAction\",\"name\":\"Comment\",\"target\":[\"https:\/\/velipost.com\/?p=6849#respond\"]}]},{\"@type\":\"WebPage\",\"@id\":\"https:\/\/velipost.com\/?p=6849\",\"url\":\"https:\/\/velipost.com\/?p=6849\",\"name\":\"Sabine Lamour inaugure un cours consacr\u00e9 aux f\u00e9minismes afro-carib\u00e9ens \u00e0 l\u2019Universit\u00e9 de Montr\u00e9al &#8211; VeliPost\",\"isPartOf\":{\"@id\":\"https:\/\/velipost.com\/#website\"},\"primaryImageOfPage\":{\"@id\":\"https:\/\/velipost.com\/?p=6849#primaryimage\"},\"image\":{\"@id\":\"https:\/\/velipost.com\/?p=6849#primaryimage\"},\"thumbnailUrl\":\"https:\/\/velipost.com\/wp-content\/uploads\/2026\/09\/www.velipost.com_.jpg\",\"datePublished\":\"2026-09-02T12:12:51+00:00\",\"dateModified\":\"2026-09-02T12:12:54+00:00\",\"breadcrumb\":{\"@id\":\"https:\/\/velipost.com\/?p=6849#breadcrumb\"},\"inLanguage\":\"fr-FR\",\"potentialAction\":[{\"@type\":\"ReadAction\",\"target\":[\"https:\/\/velipost.com\/?p=6849\"]}]},{\"@type\":\"ImageObject\",\"inLanguage\":\"fr-FR\",\"@id\":\"https:\/\/velipost.com\/?p=6849#primaryimage\",\"url\":\"https:\/\/velipost.com\/wp-content\/uploads\/2026\/09\/www.velipost.com_.jpg\",\"contentUrl\":\"https:\/\/velipost.com\/wp-content\/uploads\/2026\/09\/www.velipost.com_.jpg\",\"width\":1170,\"height\":603},{\"@type\":\"BreadcrumbList\",\"@id\":\"https:\/\/velipost.com\/?p=6849#breadcrumb\",\"itemListElement\":[{\"@type\":\"ListItem\",\"position\":1,\"name\":\"Accueil\",\"item\":\"https:\/\/velipost.com\/\"},{\"@type\":\"ListItem\",\"position\":2,\"name\":\"Sabine Lamour inaugure un cours consacr\u00e9 aux f\u00e9minismes afro-carib\u00e9ens \u00e0 l\u2019Universit\u00e9 de Montr\u00e9al\"}]},{\"@type\":\"WebSite\",\"@id\":\"https:\/\/velipost.com\/#website\",\"url\":\"https:\/\/velipost.com\/\",\"name\":\"VeliPost\",\"description\":\"L\u2019info en un clic\",\"publisher\":{\"@id\":\"https:\/\/velipost.com\/#organization\"},\"potentialAction\":[{\"@type\":\"SearchAction\",\"target\":{\"@type\":\"EntryPoint\",\"urlTemplate\":\"https:\/\/velipost.com\/?s={search_term_string}\"},\"query-input\":{\"@type\":\"PropertyValueSpecification\",\"valueRequired\":true,\"valueName\":\"search_term_string\"}}],\"inLanguage\":\"fr-FR\"},{\"@type\":\"Organization\",\"@id\":\"https:\/\/velipost.com\/#organization\",\"name\":\"VeliPost\",\"url\":\"https:\/\/velipost.com\/\",\"logo\":{\"@type\":\"ImageObject\",\"inLanguage\":\"fr-FR\",\"@id\":\"https:\/\/velipost.com\/#\/schema\/logo\/image\/\",\"url\":\"https:\/\/velipost.com\/wp-content\/uploads\/2024\/08\/cropped-VP-logo-piti.png\",\"contentUrl\":\"https:\/\/velipost.com\/wp-content\/uploads\/2024\/08\/cropped-VP-logo-piti.png\",\"width\":201,\"height\":69,\"caption\":\"VeliPost\"},\"image\":{\"@id\":\"https:\/\/velipost.com\/#\/schema\/logo\/image\/\"},\"sameAs\":[\"https:\/\/www.facebook.com\/veliposthaiti\",\"https:\/\/x.com\/veliposthaiti\",\"https:\/\/www.instagram.com\/veliposthaiti\"]},{\"@type\":\"Person\",\"@id\":\"https:\/\/velipost.com\/#\/schema\/person\/32ff49a53c9c1bb24302ee8ece058096\",\"name\":\"VeliPost\",\"image\":{\"@type\":\"ImageObject\",\"inLanguage\":\"fr-FR\",\"@id\":\"https:\/\/velipost.com\/#\/schema\/person\/image\/\",\"url\":\"https:\/\/secure.gravatar.com\/avatar\/57c226c264de62f794185a89596d4a37b85a5ad20aca30d9d5a478b27d8c8d9d?s=96&d=mm&r=g\",\"contentUrl\":\"https:\/\/secure.gravatar.com\/avatar\/57c226c264de62f794185a89596d4a37b85a5ad20aca30d9d5a478b27d8c8d9d?s=96&d=mm&r=g\",\"caption\":\"VeliPost\"},\"sameAs\":[\"https:\/\/velipost.com\"],\"url\":\"https:\/\/velipost.com\/?author=1\"}]}<\/script>\n<!-- \/ Yoast SEO plugin. -->","yoast_head_json":{"title":"Sabine Lamour inaugure un cours consacr\u00e9 aux f\u00e9minismes afro-carib\u00e9ens \u00e0 l\u2019Universit\u00e9 de Montr\u00e9al &#8211; VeliPost","robots":{"index":"index","follow":"follow","max-snippet":"max-snippet:-1","max-image-preview":"max-image-preview:large","max-video-preview":"max-video-preview:-1"},"canonical":"https:\/\/velipost.com\/?p=6849","og_locale":"fr_FR","og_type":"article","og_title":"Sabine Lamour inaugure un cours consacr\u00e9 aux f\u00e9minismes afro-carib\u00e9ens \u00e0 l\u2019Universit\u00e9 de Montr\u00e9al &#8211; VeliPost","og_description":"L\u2019Universit\u00e9 de Montr\u00e9al accueille, \u00e0 l\u2019automne 2026, un nouveau cours de deuxi\u00e8me cycle consacr\u00e9 aux f\u00e9minismes afro-carib\u00e9ens. Dirig\u00e9 par la professeure Sabine Lamour, au","og_url":"https:\/\/velipost.com\/?p=6849","og_site_name":"VeliPost","article_publisher":"https:\/\/www.facebook.com\/veliposthaiti","article_published_time":"2026-09-02T12:12:51+00:00","article_modified_time":"2026-09-02T12:12:54+00:00","og_image":[{"width":1170,"height":603,"url":"https:\/\/velipost.com\/wp-content\/uploads\/2026\/09\/www.velipost.com_.jpg","type":"image\/jpeg"}],"author":"VeliPost","twitter_card":"summary_large_image","twitter_creator":"@veliposthaiti","twitter_site":"@veliposthaiti","twitter_misc":{"\u00c9crit par":"VeliPost","Dur\u00e9e de lecture estim\u00e9e":"2 minutes"},"schema":{"@context":"https:\/\/schema.org","@graph":[{"@type":"Article","@id":"https:\/\/velipost.com\/?p=6849#article","isPartOf":{"@id":"https:\/\/velipost.com\/?p=6849"},"author":{"name":"VeliPost","@id":"https:\/\/velipost.com\/#\/schema\/person\/32ff49a53c9c1bb24302ee8ece058096"},"headline":"Sabine Lamour inaugure un cours consacr\u00e9 aux f\u00e9minismes afro-carib\u00e9ens \u00e0 l\u2019Universit\u00e9 de Montr\u00e9al","datePublished":"2026-09-02T12:12:51+00:00","dateModified":"2026-09-02T12:12:54+00:00","mainEntityOfPage":{"@id":"https:\/\/velipost.com\/?p=6849"},"wordCount":374,"commentCount":0,"publisher":{"@id":"https:\/\/velipost.com\/#organization"},"image":{"@id":"https:\/\/velipost.com\/?p=6849#primaryimage"},"thumbnailUrl":"https:\/\/velipost.com\/wp-content\/uploads\/2026\/09\/www.velipost.com_.jpg","articleSection":["Education"],"inLanguage":"fr-FR","potentialAction":[{"@type":"CommentAction","name":"Comment","target":["https:\/\/velipost.com\/?p=6849#respond"]}]},{"@type":"WebPage","@id":"https:\/\/velipost.com\/?p=6849","url":"https:\/\/velipost.com\/?p=6849","name":"Sabine Lamour inaugure un cours consacr\u00e9 aux f\u00e9minismes afro-carib\u00e9ens \u00e0 l\u2019Universit\u00e9 de Montr\u00e9al &#8211; VeliPost","isPartOf":{"@id":"https:\/\/velipost.com\/#website"},"primaryImageOfPage":{"@id":"https:\/\/velipost.com\/?p=6849#primaryimage"},"image":{"@id":"https:\/\/velipost.com\/?p=6849#primaryimage"},"thumbnailUrl":"https:\/\/velipost.com\/wp-content\/uploads\/2026\/09\/www.velipost.com_.jpg","datePublished":"2026-09-02T12:12:51+00:00","dateModified":"2026-09-02T12:12:54+00:00","breadcrumb":{"@id":"https:\/\/velipost.com\/?p=6849#breadcrumb"},"inLanguage":"fr-FR","potentialAction":[{"@type":"ReadAction","target":["https:\/\/velipost.com\/?p=6849"]}]},{"@type":"ImageObject","inLanguage":"fr-FR","@id":"https:\/\/velipost.com\/?p=6849#primaryimage","url":"https:\/\/velipost.com\/wp-content\/uploads\/2026\/09\/www.velipost.com_.jpg","contentUrl":"https:\/\/velipost.com\/wp-content\/uploads\/2026\/09\/www.velipost.com_.jpg","width":1170,"height":603},{"@type":"BreadcrumbList","@id":"https:\/\/velipost.com\/?p=6849#breadcrumb","itemListElement":[{"@type":"ListItem","position":1,"name":"Accueil","item":"https:\/\/velipost.com\/"},{"@type":"ListItem","position":2,"name":"Sabine Lamour inaugure un cours consacr\u00e9 aux f\u00e9minismes afro-carib\u00e9ens \u00e0 l\u2019Universit\u00e9 de Montr\u00e9al"}]},{"@type":"WebSite","@id":"https:\/\/velipost.com\/#website","url":"https:\/\/velipost.com\/","name":"VeliPost","description":"L\u2019info en un clic","publisher":{"@id":"https:\/\/velipost.com\/#organization"},"potentialAction":[{"@type":"SearchAction","target":{"@type":"EntryPoint","urlTemplate":"https:\/\/velipost.com\/?s={search_term_string}"},"query-input":{"@type":"PropertyValueSpecification","valueRequired":true,"valueName":"search_term_string"}}],"inLanguage":"fr-FR"},{"@type":"Organization","@id":"https:\/\/velipost.com\/#organization","name":"VeliPost","url":"https:\/\/velipost.com\/","logo":{"@type":"ImageObject","inLanguage":"fr-FR","@id":"https:\/\/velipost.com\/#\/schema\/logo\/image\/","url":"https:\/\/velipost.com\/wp-content\/uploads\/2024\/08\/cropped-VP-logo-piti.png","contentUrl":"https:\/\/velipost.com\/wp-content\/uploads\/2024\/08\/cropped-VP-logo-piti.png","width":201,"height":69,"caption":"VeliPost"},"image":{"@id":"https:\/\/velipost.com\/#\/schema\/logo\/image\/"},"sameAs":["https:\/\/www.facebook.com\/veliposthaiti","https:\/\/x.com\/veliposthaiti","https:\/\/www.instagram.com\/veliposthaiti"]},{"@type":"Person","@id":"https:\/\/velipost.com\/#\/schema\/person\/32ff49a53c9c1bb24302ee8ece058096","name":"VeliPost","image":{"@type":"ImageObject","inLanguage":"fr-FR","@id":"https:\/\/velipost.com\/#\/schema\/person\/image\/","url":"https:\/\/secure.gravatar.com\/avatar\/57c226c264de62f794185a89596d4a37b85a5ad20aca30d9d5a478b27d8c8d9d?s=96&d=mm&r=g","contentUrl":"https:\/\/secure.gravatar.com\/avatar\/57c226c264de62f794185a89596d4a37b85a5ad20aca30d9d5a478b27d8c8d9d?s=96&d=mm&r=g","caption":"VeliPost"},"sameAs":["https:\/\/velipost.com"],"url":"https:\/\/velipost.com\/?author=1"}]}},"views":0,"jetpack_publicize_connections":[],"uagb_featured_image_src":{"full":["https:\/\/velipost.com\/wp-content\/uploads\/2026\/09\/www.velipost.com_.jpg",1170,603,false],"thumbnail":["https:\/\/velipost.com\/wp-content\/uploads\/2026\/09\/www.velipost.com_-150x150.jpg",150,150,true],"medium":["https:\/\/velipost.com\/wp-content\/uploads\/2026\/09\/www.velipost.com_-300x155.jpg",300,155,true],"medium_large":["https:\/\/velipost.com\/wp-content\/uploads\/2026\/09\/www.velipost.com_-768x396.jpg",715,369,true],"large":["https:\/\/velipost.com\/wp-content\/uploads\/2026\/09\/www.velipost.com_-1024x528.jpg",715,369,true],"1536x1536":["https:\/\/velipost.com\/wp-content\/uploads\/2026\/09\/www.velipost.com_.jpg",1170,603,false],"2048x2048":["https:\/\/velipost.com\/wp-content\/uploads\/2026\/09\/www.velipost.com_.jpg",1170,603,false],"colornews-big-slider":["https:\/\/velipost.com\/wp-content\/uploads\/2026\/09\/www.velipost.com_-1070x470.jpg",1070,470,true],"colornews-big-slider-thumb":["https:\/\/velipost.com\/wp-content\/uploads\/2026\/09\/www.velipost.com_-184x109.jpg",184,109,true],"colornews-featured-post-medium":["https:\/\/velipost.com\/wp-content\/uploads\/2026\/09\/www.velipost.com_-345x265.jpg",345,265,true],"colornews-featured-post-small":["https:\/\/velipost.com\/wp-content\/uploads\/2026\/09\/www.velipost.com_-115x73.jpg",115,73,true],"colornews-random-posts":["https:\/\/velipost.com\/wp-content\/uploads\/2026\/09\/www.velipost.com_-215x215.jpg",215,215,true],"colornews-featured-image":["https:\/\/velipost.com\/wp-content\/uploads\/2026\/09\/www.velipost.com_-715x400.jpg",715,400,true],"mailpoet_newsletter_max":["https:\/\/velipost.com\/wp-content\/uploads\/2026\/09\/www.velipost.com_.jpg",1170,603,false]},"uagb_author_info":{"display_name":"VeliPost","author_link":"https:\/\/velipost.com\/?author=1"},"uagb_comment_info":0,"uagb_excerpt":"L\u2019Universit\u00e9 de Montr\u00e9al accueille, \u00e0 l\u2019automne 2026, un nouveau cours de deuxi\u00e8me cycle consacr\u00e9 aux f\u00e9minismes afro-carib\u00e9ens. Dirig\u00e9 par la professeure Sabine Lamour, au","_links":{"self":[{"href":"https:\/\/velipost.com\/index.php?rest_route=\/wp\/v2\/posts\/6849","targetHints":{"allow":["GET"]}}],"collection":[{"href":"https:\/\/velipost.com\/index.php?rest_route=\/wp\/v2\/posts"}],"about":[{"href":"https:\/\/velipost.com\/index.php?rest_route=\/wp\/v2\/types\/post"}],"author":[{"embeddable":true,"href":"https:\/\/velipost.com\/index.php?rest_route=\/wp\/v2\/users\/1"}],"replies":[{"embeddable":true,"href":"https:\/\/velipost.com\/index.php?rest_route=%2Fwp%2Fv2%2Fcomments&post=6849"}],"version-history":[{"count":1,"href":"https:\/\/velipost.com\/index.php?rest_route=\/wp\/v2\/posts\/6849\/revisions"}],"predecessor-version":[{"id":6851,"href":"https:\/\/velipost.com\/index.php?rest_route=\/wp\/v2\/posts\/6849\/revisions\/6851"}],"wp:featuredmedia":[{"embeddable":true,"href":"https:\/\/velipost.com\/index.php?rest_route=\/wp\/v2\/media\/6850"}],"wp:attachment":[{"href":"https:\/\/velipost.com\/index.php?rest_route=%2Fwp%2Fv2%2Fmedia&parent=6849"}],"wp:term":[{"taxonomy":"category","embeddable":true,"href":"https:\/\/velipost.com\/index.php?rest_route=%2Fwp%2Fv2%2Fcategories&post=6849"},{"taxonomy":"post_tag","embeddable":true,"href":"https:\/\/velipost.com\/index.php?rest_route=%2Fwp%2Fv2%2Ftags&post=6849"}],"curies":[{"name":"wp","href":"https:\/\/api.w.org\/{rel}","templated":true}]}}