{"id":6839,"date":"2026-09-02T00:18:05","date_gmt":"2026-09-01T22:18:05","guid":{"rendered":"https:\/\/velipost.com\/?p=6839"},"modified":"2026-09-02T00:18:07","modified_gmt":"2026-09-01T22:18:07","slug":"haiti-tec-prepare-sa-nouvelle-cohorte-et-renforce-son-accompagnement-professionnel","status":"publish","type":"post","link":"https:\/\/velipost.com\/?p=6839","title":{"rendered":"Ha\u00efti Tec pr\u00e9pare sa nouvelle cohorte et renforce son accompagnement professionnel"},"content":{"rendered":"\n<p class=\"wp-block-paragraph\">Ha\u00efti Tec se pr\u00e9pare \u00e0 accueillir une nouvelle cohorte de formation en octobre 2026, apr\u00e8s une Journ\u00e9e Portes Ouvertes qui a attir\u00e9 plus de 300 visiteurs. Organis\u00e9e le 14 ao\u00fbt dernier, cette activit\u00e9 a permis \u00e0 de nombreux jeunes, parents et professionnels de d\u00e9couvrir les programmes propos\u00e9s par l\u2019institution.<\/p>\n\n\n\n<p class=\"wp-block-paragraph\">Parmi les visiteurson comptait des jeunes \u00e0 la recherche d\u2019une orientation, des parents, des professionnels, des repr\u00e9sentants d\u2019institutions et des partenaires. Des personnes int\u00e9ress\u00e9es par les nouvelles technologies ont \u00e9galement profit\u00e9 de cette journ\u00e9e pour obtenir des informations sur les diff\u00e9rentes formations.<\/p>\n\n\n\n<p class=\"wp-block-paragraph\">Ha\u00efti Tec fait \u00e9tat de premi\u00e8res retomb\u00e9es jug\u00e9es encourageantes. Au moins cinq inscriptions ont d\u00e9j\u00e0 \u00e9t\u00e9 r\u00e9alis\u00e9es, tandis que d\u2019autres participants envisagent de rejoindre une prochaine session.<\/p>\n\n\n\n<p class=\"wp-block-paragraph\">La demande d\u2019informations a \u00e9t\u00e9 particuli\u00e8rement forte autour de certains programmes. Les formations en \u00e9nergie solaire et en photovolta\u00efque ont notamment suscit\u00e9 un int\u00e9r\u00eat important aupr\u00e8s des visiteurs.<\/p>\n\n\n\n<p class=\"wp-block-paragraph\">Plusieurs participants ont aussi souhait\u00e9 voir des formations organis\u00e9es durant les week-ends. Cette demande pourrait orienter certains choix de l\u2019institution pour les prochaines sessions.<\/p>\n\n\n\n<p class=\"wp-block-paragraph\">Pour Ha\u00efti Tec, la Journ\u00e9e Portes Ouvertes repr\u00e9sente une \u00e9tape dans la pr\u00e9paration de la nouvelle cohorte. L\u2019institution entend maintenant poursuivre les \u00e9changes avec les personnes int\u00e9ress\u00e9es et tirer profit des contacts \u00e9tablis lors de l\u2019activit\u00e9.<\/p>\n\n\n\n<p class=\"wp-block-paragraph\">L\u2019objectif est de mieux accompagner les futurs apprenants d\u00e8s leur entr\u00e9e en formation. Ha\u00efti Tec souhaite \u00e9galement maintenir la qualit\u00e9 de ses programmes tout en tenant compte des besoins exprim\u00e9s par les participants.<\/p>\n\n\n\n<p class=\"wp-block-paragraph\">La formation ne constitue pas la seule priorit\u00e9 de l\u2019institution. Ha\u00efti Tec veut \u00e9galement aider ses \u00e9tudiants \u00e0 mieux pr\u00e9parer leur entr\u00e9e dans le monde professionnel.<\/p>\n\n\n\n<p class=\"wp-block-paragraph\">Dans cette perspective, l\u2019\u00e9tablissement travaille au rapprochement avec les entreprises et recherche davantage de possibilit\u00e9s de stages et d\u2019immersion professionnelle. La mise en contact des \u00e9tudiants avec des professionnels fait aussi partie de cette d\u00e9marche.<\/p>\n\n\n\n<p class=\"wp-block-paragraph\">Chaque premier lundi du mois, Ha\u00efti Tec organise une rencontre d\u2019information et d\u2019\u00e9changes avec ses \u00e9tudiants. Des s\u00e9ances sont \u00e9galement consacr\u00e9es \u00e0 diff\u00e9rentes th\u00e9matiques li\u00e9es \u00e0 l\u2019actualit\u00e9 et aux \u00e9volutions du march\u00e9 du travail.<\/p>\n\n\n\n<p class=\"wp-block-paragraph\">L\u2019intelligence artificielle fait d\u00e9j\u00e0 partie de ces nouvelles initiatives. Une formation consacr\u00e9e \u00e0 l\u2019IA a \u00e9t\u00e9 organis\u00e9e pour les \u00e9tudiants de tous les programmes, m\u00eame si cette mati\u00e8re ne figurait pas initialement dans les cursus.<\/p>\n\n\n\n<p class=\"wp-block-paragraph\">Les \u00ab Vendredis de Ha\u00efti Tec \u00bb constituent une autre activit\u00e9 mise en place pour rapprocher les \u00e9tudiants du monde professionnel. Ces rencontres permettent d\u2019\u00e9changer avec des personnalit\u00e9s issues notamment de l\u2019\u00e9ducation, de l\u2019entrepreneuriat et de diff\u00e9rents secteurs d\u2019activit\u00e9.<\/p>\n\n\n\n<p class=\"wp-block-paragraph\">Les travaux pratiques r\u00e9alis\u00e9s pendant les formations occupent \u00e9galement une place importante. Ils donnent aux \u00e9tudiants l\u2019occasion de d\u00e9velopper des comp\u00e9tences concr\u00e8tes et de disposer d\u2019exp\u00e9riences \u00e0 pr\u00e9senter aux employeurs.<\/p>\n\n\n\n<p class=\"wp-block-paragraph\">Quatre priorit\u00e9s pour les prochains mois<\/p>\n\n\n\n<p class=\"wp-block-paragraph\">Pour la fin de 2026, Ha\u00efti Tec entend concentrer ses efforts sur quatre axes : la formation, l\u2019insertion professionnelle, l\u2019\u00e9volution de son offre et le d\u00e9veloppement de ses partenariats.<\/p>\n\n\n\n<p class=\"wp-block-paragraph\">Le d\u00e9marrage de la nouvelle cohorte d\u2019octobre figure parmi les principales priorit\u00e9s. L\u2019institution veut \u00e9galement d\u00e9velopper des formations r\u00e9pondant aux besoins du march\u00e9, notamment dans les nouvelles technologies, l\u2019intelligence artificielle et l\u2019\u00e9nergie solaire photovolta\u00efque.<\/p>\n\n\n\n<p class=\"wp-block-paragraph\">L\u2019accompagnement vers l\u2019emploi sera \u00e9galement renforc\u00e9. Ha\u00efti Tec souhaite multiplier les liens avec les entreprises, faciliter l\u2019acc\u00e8s aux stages et cr\u00e9er davantage d\u2019occasions de rencontre entre \u00e9tudiants et professionnels.<\/p>\n\n\n\n<p class=\"wp-block-paragraph\">L\u2019institution compte enfin renforcer son programme de partenariats et de parrainage. Cette d\u00e9marche vise notamment \u00e0 mobiliser des ressources pour faciliter l\u2019acc\u00e8s \u00e0 la formation \u00e0 des jeunes disposant de moyens limit\u00e9s.<\/p>\n\n\n\n<p class=\"wp-block-paragraph\">Ha\u00efti Tec fixe d\u00e9j\u00e0 le cap pour 2027<\/p>\n\n\n\n<p class=\"wp-block-paragraph\">Pour 2027, Ha\u00efti Tec retient quatre objectifs principaux : am\u00e9liorer la qualit\u00e9 des formations, renforcer l\u2019employabilit\u00e9 des dipl\u00f4m\u00e9s, moderniser l\u2019offre et d\u00e9velopper les partenariats.<\/p>\n\n\n\n<p class=\"wp-block-paragraph\">L\u2019institution souhaite ainsi adapter davantage ses formations aux r\u00e9alit\u00e9s du march\u00e9 du travail. Elle veut aussi donner aux \u00e9tudiants des outils qui leur permettront de mieux faire face aux changements dans les secteurs professionnels.<\/p>\n\n\n\n<p class=\"wp-block-paragraph\">Aux jeunes qui souhaitent int\u00e9grer Ha\u00efti Tec, l\u2019\u00e9tablissement adresse un message simple : choisir une formation en fonction de son projet d\u2019avenir et miser d\u2019abord sur les comp\u00e9tences.<\/p>\n\n\n\n<p class=\"wp-block-paragraph\">La discipline, la responsabilit\u00e9, la pratique et l\u2019esprit d\u2019initiative sont \u00e9galement mis en avant. Pour Ha\u00efti Tec, une formation doit servir de point de d\u00e9part \u00e0 une v\u00e9ritable exp\u00e9rience professionnelle et ouvrir la voie vers l\u2019autonomie.<\/p>\n\n    <div class=\"xs_social_share_widget xs_share_url after_content \t\tmain_content  wslu-style-3 wslu-share-box-shaped wslu-fill-brand-hover-colored wslu-share-m-5 wslu-none wslu-share-horizontal wslu-theme-font-no wslu-main_content\">\n\n\t\t\n        <ul>\n\t\t\t                    <li class=\"xs-share-li twitter                        wslu-no-extra-data\">\n                        <a href=\"javascript:void(0);\"\n                           id=\"xs_feed_twitter\"\n                           onclick=\"xs_social_sharer(this);\"\n                           data-pid=\"6839\"\n                           data-uri_hash=\"51c1164c2c51b957870e0505d2bc6d8b\"\n                           data-key=\"twitter\"\n                           data-xs-href=\"https:\/\/twitter.com\/intent\/tweet?text=Ha%C3%AFti+Tec+pr%C3%A9pare+sa+nouvelle+cohorte+et+renforce+son+accompagnement+professionnel+https%3A%2F%2Fvelipost.com%2Findex.php%3Frest_route%3D%252Fwp%252Fv2%252Fposts%252F6839&amp;original_referer=https%3A%2F%2Fvelipost.com%2Findex.php%3Frest_route%3D%252Fwp%252Fv2%252Fposts%252F6839&amp;related=xpeedstudio\">\n\n                            <div class=\"xs-social-icon\">\n                                <span class=\"met-social met-social-twitter\"><\/span>\n                            <\/div>\n\n\t\t\t\t\t\t\t\n                            <div class=\"wslu-hover-content\">\n                                <div class=\"xs-social-followers\">\n\t\t\t\t\t\t\t\t\t10                                <\/div>\n                                <div class=\"xs-social-follower-text\">\n\t\t\t\t\t\t\t\t\tShare                                <\/div>\n                                <div class=\"xs-social-follower-label\">\n\t\t\t\t\t\t\t\t\tTwitter                                <\/div>\n                            <\/div>\n                        <\/a>\n                    <\/li>\n\t\t\t\t\t                    <li class=\"xs-share-li telegram                        wslu-no-extra-data\">\n                        <a href=\"javascript:void(0);\"\n                           id=\"xs_feed_telegram\"\n                           onclick=\"xs_social_sharer(this);\"\n                           data-pid=\"6839\"\n                           data-uri_hash=\"51c1164c2c51b957870e0505d2bc6d8b\"\n                           data-key=\"telegram\"\n                           data-xs-href=\"https:\/\/telegram.me\/share\/url?url=https%3A%2F%2Fvelipost.com%2Findex.php%3Frest_route%3D%252Fwp%252Fv2%252Fposts%252F6839&amp;text=Ha%C3%AFti+Tec+pr%C3%A9pare+sa+nouvelle+cohorte+et+renforce+son+accompagnement+professionnel\">\n\n                            <div class=\"xs-social-icon\">\n                                <span class=\"met-social met-social-telegram\"><\/span>\n                            <\/div>\n\n\t\t\t\t\t\t\t\n                            <div class=\"wslu-hover-content\">\n                                <div class=\"xs-social-followers\">\n\t\t\t\t\t\t\t\t\t0                                <\/div>\n                                <div class=\"xs-social-follower-text\">\n\t\t\t\t\t\t\t\t\tShare                                <\/div>\n                                <div class=\"xs-social-follower-label\">\n\t\t\t\t\t\t\t\t\tTelegram                                <\/div>\n                            <\/div>\n                        <\/a>\n                    <\/li>\n\t\t\t\t\t                    <li class=\"xs-share-li email                        wslu-no-extra-data\">\n                        <a href=\"javascript:void(0);\"\n                           id=\"xs_feed_email\"\n                           onclick=\"xs_social_sharer(this);\"\n                           data-pid=\"6839\"\n                           data-uri_hash=\"51c1164c2c51b957870e0505d2bc6d8b\"\n                           data-key=\"email\"\n                           data-xs-href=\"mailto:?body=Title%3A+Ha%C3%AFti+Tec+pr%C3%A9pare+sa+nouvelle+cohorte+et+renforce+son+accompagnement+professionnel+%5Cn%5Cn+URL%3A+https%3A%2F%2Fvelipost.com%2Findex.php%3Frest_route%3D%252Fwp%252Fv2%252Fposts%252F6839&amp;subject=Ha%C3%AFti+Tec+pr%C3%A9pare+sa+nouvelle+cohorte+et+renforce+son+accompagnement+professionnel\">\n\n                            <div class=\"xs-social-icon\">\n                                <span class=\"met-social met-social-email\"><\/span>\n                            <\/div>\n\n\t\t\t\t\t\t\t\n                            <div class=\"wslu-hover-content\">\n                                <div class=\"xs-social-followers\">\n\t\t\t\t\t\t\t\t\t0                                <\/div>\n                                <div class=\"xs-social-follower-text\">\n\t\t\t\t\t\t\t\t\tShare                                <\/div>\n                                <div class=\"xs-social-follower-label\">\n\t\t\t\t\t\t\t\t\tEmail                                <\/div>\n                            <\/div>\n                        <\/a>\n                    <\/li>\n\t\t\t\t\t        <\/ul>\n    <\/div> \n","protected":false},"excerpt":{"rendered":"<p>Ha\u00efti Tec se pr\u00e9pare \u00e0 accueillir une nouvelle cohorte de formation en octobre 2026, apr\u00e8s une Journ\u00e9e Portes Ouvertes qui a attir\u00e9 plus de<\/p>\n","protected":false},"author":1,"featured_media":6843,"comment_status":"open","ping_status":"open","sticky":false,"template":"","format":"standard","meta":{"_uag_custom_page_level_css":"","footnotes":"","jetpack_publicize_message":"","jetpack_publicize_feature_enabled":true,"jetpack_social_post_already_shared":true,"jetpack_social_options":{"image_generator_settings":{"template":"highway","default_image_id":0,"font":"","enabled":false},"version":2}},"categories":[260,267],"tags":[],"class_list":["post-6839","post","type-post","status-publish","format-standard","has-post-thumbnail","hentry","category-education","category-non-classe-fr"],"yoast_head":"<!-- This site is optimized with the Yoast SEO plugin v25.3.1 - https:\/\/yoast.com\/wordpress\/plugins\/seo\/ -->\n<title>Ha\u00efti Tec pr\u00e9pare sa nouvelle cohorte et renforce son accompagnement professionnel &#8211; VeliPost<\/title>\n<meta name=\"robots\" content=\"index, follow, max-snippet:-1, max-image-preview:large, max-video-preview:-1\" \/>\n<link rel=\"canonical\" href=\"https:\/\/velipost.com\/?p=6839\" \/>\n<meta property=\"og:locale\" content=\"fr_FR\" \/>\n<meta property=\"og:type\" content=\"article\" \/>\n<meta property=\"og:title\" content=\"Ha\u00efti Tec pr\u00e9pare sa nouvelle cohorte et renforce son accompagnement professionnel &#8211; VeliPost\" \/>\n<meta property=\"og:description\" content=\"Ha\u00efti Tec se pr\u00e9pare \u00e0 accueillir une nouvelle cohorte de formation en octobre 2026, apr\u00e8s une Journ\u00e9e Portes Ouvertes qui a attir\u00e9 plus de\" \/>\n<meta property=\"og:url\" content=\"https:\/\/velipost.com\/?p=6839\" \/>\n<meta property=\"og:site_name\" content=\"VeliPost\" \/>\n<meta property=\"article:publisher\" content=\"https:\/\/www.facebook.com\/veliposthaiti\" \/>\n<meta property=\"article:published_time\" content=\"2026-09-01T22:18:05+00:00\" \/>\n<meta property=\"article:modified_time\" content=\"2026-09-01T22:18:07+00:00\" \/>\n<meta property=\"og:image\" content=\"https:\/\/velipost.com\/wp-content\/uploads\/2026\/09\/Haiti-tec.jpg\" \/>\n\t<meta property=\"og:image:width\" content=\"1170\" \/>\n\t<meta property=\"og:image:height\" content=\"603\" \/>\n\t<meta property=\"og:image:type\" content=\"image\/jpeg\" \/>\n<meta name=\"author\" content=\"VeliPost\" \/>\n<meta name=\"twitter:card\" content=\"summary_large_image\" \/>\n<meta name=\"twitter:creator\" content=\"@veliposthaiti\" \/>\n<meta name=\"twitter:site\" content=\"@veliposthaiti\" \/>\n<meta name=\"twitter:label1\" content=\"\u00c9crit par\" \/>\n\t<meta name=\"twitter:data1\" content=\"VeliPost\" \/>\n\t<meta name=\"twitter:label2\" content=\"Dur\u00e9e de lecture estim\u00e9e\" \/>\n\t<meta name=\"twitter:data2\" content=\"4 minutes\" \/>\n<script type=\"application\/ld+json\" class=\"yoast-schema-graph\">{\"@context\":\"https:\/\/schema.org\",\"@graph\":[{\"@type\":\"Article\",\"@id\":\"https:\/\/velipost.com\/?p=6839#article\",\"isPartOf\":{\"@id\":\"https:\/\/velipost.com\/?p=6839\"},\"author\":{\"name\":\"VeliPost\",\"@id\":\"https:\/\/velipost.com\/#\/schema\/person\/32ff49a53c9c1bb24302ee8ece058096\"},\"headline\":\"Ha\u00efti Tec pr\u00e9pare sa nouvelle cohorte et renforce son accompagnement professionnel\",\"datePublished\":\"2026-09-01T22:18:05+00:00\",\"dateModified\":\"2026-09-01T22:18:07+00:00\",\"mainEntityOfPage\":{\"@id\":\"https:\/\/velipost.com\/?p=6839\"},\"wordCount\":824,\"commentCount\":0,\"publisher\":{\"@id\":\"https:\/\/velipost.com\/#organization\"},\"image\":{\"@id\":\"https:\/\/velipost.com\/?p=6839#primaryimage\"},\"thumbnailUrl\":\"https:\/\/velipost.com\/wp-content\/uploads\/2026\/09\/Haiti-tec.jpg\",\"articleSection\":[\"Education\"],\"inLanguage\":\"fr-FR\",\"potentialAction\":[{\"@type\":\"CommentAction\",\"name\":\"Comment\",\"target\":[\"https:\/\/velipost.com\/?p=6839#respond\"]}]},{\"@type\":\"WebPage\",\"@id\":\"https:\/\/velipost.com\/?p=6839\",\"url\":\"https:\/\/velipost.com\/?p=6839\",\"name\":\"Ha\u00efti Tec pr\u00e9pare sa nouvelle cohorte et renforce son accompagnement professionnel &#8211; VeliPost\",\"isPartOf\":{\"@id\":\"https:\/\/velipost.com\/#website\"},\"primaryImageOfPage\":{\"@id\":\"https:\/\/velipost.com\/?p=6839#primaryimage\"},\"image\":{\"@id\":\"https:\/\/velipost.com\/?p=6839#primaryimage\"},\"thumbnailUrl\":\"https:\/\/velipost.com\/wp-content\/uploads\/2026\/09\/Haiti-tec.jpg\",\"datePublished\":\"2026-09-01T22:18:05+00:00\",\"dateModified\":\"2026-09-01T22:18:07+00:00\",\"breadcrumb\":{\"@id\":\"https:\/\/velipost.com\/?p=6839#breadcrumb\"},\"inLanguage\":\"fr-FR\",\"potentialAction\":[{\"@type\":\"ReadAction\",\"target\":[\"https:\/\/velipost.com\/?p=6839\"]}]},{\"@type\":\"ImageObject\",\"inLanguage\":\"fr-FR\",\"@id\":\"https:\/\/velipost.com\/?p=6839#primaryimage\",\"url\":\"https:\/\/velipost.com\/wp-content\/uploads\/2026\/09\/Haiti-tec.jpg\",\"contentUrl\":\"https:\/\/velipost.com\/wp-content\/uploads\/2026\/09\/Haiti-tec.jpg\",\"width\":1170,\"height\":603},{\"@type\":\"BreadcrumbList\",\"@id\":\"https:\/\/velipost.com\/?p=6839#breadcrumb\",\"itemListElement\":[{\"@type\":\"ListItem\",\"position\":1,\"name\":\"Accueil\",\"item\":\"https:\/\/velipost.com\/\"},{\"@type\":\"ListItem\",\"position\":2,\"name\":\"Ha\u00efti Tec pr\u00e9pare sa nouvelle cohorte et renforce son accompagnement professionnel\"}]},{\"@type\":\"WebSite\",\"@id\":\"https:\/\/velipost.com\/#website\",\"url\":\"https:\/\/velipost.com\/\",\"name\":\"VeliPost\",\"description\":\"L\u2019info en un clic\",\"publisher\":{\"@id\":\"https:\/\/velipost.com\/#organization\"},\"potentialAction\":[{\"@type\":\"SearchAction\",\"target\":{\"@type\":\"EntryPoint\",\"urlTemplate\":\"https:\/\/velipost.com\/?s={search_term_string}\"},\"query-input\":{\"@type\":\"PropertyValueSpecification\",\"valueRequired\":true,\"valueName\":\"search_term_string\"}}],\"inLanguage\":\"fr-FR\"},{\"@type\":\"Organization\",\"@id\":\"https:\/\/velipost.com\/#organization\",\"name\":\"VeliPost\",\"url\":\"https:\/\/velipost.com\/\",\"logo\":{\"@type\":\"ImageObject\",\"inLanguage\":\"fr-FR\",\"@id\":\"https:\/\/velipost.com\/#\/schema\/logo\/image\/\",\"url\":\"https:\/\/velipost.com\/wp-content\/uploads\/2024\/08\/cropped-VP-logo-piti.png\",\"contentUrl\":\"https:\/\/velipost.com\/wp-content\/uploads\/2024\/08\/cropped-VP-logo-piti.png\",\"width\":201,\"height\":69,\"caption\":\"VeliPost\"},\"image\":{\"@id\":\"https:\/\/velipost.com\/#\/schema\/logo\/image\/\"},\"sameAs\":[\"https:\/\/www.facebook.com\/veliposthaiti\",\"https:\/\/x.com\/veliposthaiti\",\"https:\/\/www.instagram.com\/veliposthaiti\"]},{\"@type\":\"Person\",\"@id\":\"https:\/\/velipost.com\/#\/schema\/person\/32ff49a53c9c1bb24302ee8ece058096\",\"name\":\"VeliPost\",\"image\":{\"@type\":\"ImageObject\",\"inLanguage\":\"fr-FR\",\"@id\":\"https:\/\/velipost.com\/#\/schema\/person\/image\/\",\"url\":\"https:\/\/secure.gravatar.com\/avatar\/57c226c264de62f794185a89596d4a37b85a5ad20aca30d9d5a478b27d8c8d9d?s=96&d=mm&r=g\",\"contentUrl\":\"https:\/\/secure.gravatar.com\/avatar\/57c226c264de62f794185a89596d4a37b85a5ad20aca30d9d5a478b27d8c8d9d?s=96&d=mm&r=g\",\"caption\":\"VeliPost\"},\"sameAs\":[\"https:\/\/velipost.com\"],\"url\":\"https:\/\/velipost.com\/?author=1\"}]}<\/script>\n<!-- \/ Yoast SEO plugin. -->","yoast_head_json":{"title":"Ha\u00efti Tec pr\u00e9pare sa nouvelle cohorte et renforce son accompagnement professionnel &#8211; VeliPost","robots":{"index":"index","follow":"follow","max-snippet":"max-snippet:-1","max-image-preview":"max-image-preview:large","max-video-preview":"max-video-preview:-1"},"canonical":"https:\/\/velipost.com\/?p=6839","og_locale":"fr_FR","og_type":"article","og_title":"Ha\u00efti Tec pr\u00e9pare sa nouvelle cohorte et renforce son accompagnement professionnel &#8211; VeliPost","og_description":"Ha\u00efti Tec se pr\u00e9pare \u00e0 accueillir une nouvelle cohorte de formation en octobre 2026, apr\u00e8s une Journ\u00e9e Portes Ouvertes qui a attir\u00e9 plus de","og_url":"https:\/\/velipost.com\/?p=6839","og_site_name":"VeliPost","article_publisher":"https:\/\/www.facebook.com\/veliposthaiti","article_published_time":"2026-09-01T22:18:05+00:00","article_modified_time":"2026-09-01T22:18:07+00:00","og_image":[{"width":1170,"height":603,"url":"https:\/\/velipost.com\/wp-content\/uploads\/2026\/09\/Haiti-tec.jpg","type":"image\/jpeg"}],"author":"VeliPost","twitter_card":"summary_large_image","twitter_creator":"@veliposthaiti","twitter_site":"@veliposthaiti","twitter_misc":{"\u00c9crit par":"VeliPost","Dur\u00e9e de lecture estim\u00e9e":"4 minutes"},"schema":{"@context":"https:\/\/schema.org","@graph":[{"@type":"Article","@id":"https:\/\/velipost.com\/?p=6839#article","isPartOf":{"@id":"https:\/\/velipost.com\/?p=6839"},"author":{"name":"VeliPost","@id":"https:\/\/velipost.com\/#\/schema\/person\/32ff49a53c9c1bb24302ee8ece058096"},"headline":"Ha\u00efti Tec pr\u00e9pare sa nouvelle cohorte et renforce son accompagnement professionnel","datePublished":"2026-09-01T22:18:05+00:00","dateModified":"2026-09-01T22:18:07+00:00","mainEntityOfPage":{"@id":"https:\/\/velipost.com\/?p=6839"},"wordCount":824,"commentCount":0,"publisher":{"@id":"https:\/\/velipost.com\/#organization"},"image":{"@id":"https:\/\/velipost.com\/?p=6839#primaryimage"},"thumbnailUrl":"https:\/\/velipost.com\/wp-content\/uploads\/2026\/09\/Haiti-tec.jpg","articleSection":["Education"],"inLanguage":"fr-FR","potentialAction":[{"@type":"CommentAction","name":"Comment","target":["https:\/\/velipost.com\/?p=6839#respond"]}]},{"@type":"WebPage","@id":"https:\/\/velipost.com\/?p=6839","url":"https:\/\/velipost.com\/?p=6839","name":"Ha\u00efti Tec pr\u00e9pare sa nouvelle cohorte et renforce son accompagnement professionnel &#8211; VeliPost","isPartOf":{"@id":"https:\/\/velipost.com\/#website"},"primaryImageOfPage":{"@id":"https:\/\/velipost.com\/?p=6839#primaryimage"},"image":{"@id":"https:\/\/velipost.com\/?p=6839#primaryimage"},"thumbnailUrl":"https:\/\/velipost.com\/wp-content\/uploads\/2026\/09\/Haiti-tec.jpg","datePublished":"2026-09-01T22:18:05+00:00","dateModified":"2026-09-01T22:18:07+00:00","breadcrumb":{"@id":"https:\/\/velipost.com\/?p=6839#breadcrumb"},"inLanguage":"fr-FR","potentialAction":[{"@type":"ReadAction","target":["https:\/\/velipost.com\/?p=6839"]}]},{"@type":"ImageObject","inLanguage":"fr-FR","@id":"https:\/\/velipost.com\/?p=6839#primaryimage","url":"https:\/\/velipost.com\/wp-content\/uploads\/2026\/09\/Haiti-tec.jpg","contentUrl":"https:\/\/velipost.com\/wp-content\/uploads\/2026\/09\/Haiti-tec.jpg","width":1170,"height":603},{"@type":"BreadcrumbList","@id":"https:\/\/velipost.com\/?p=6839#breadcrumb","itemListElement":[{"@type":"ListItem","position":1,"name":"Accueil","item":"https:\/\/velipost.com\/"},{"@type":"ListItem","position":2,"name":"Ha\u00efti Tec pr\u00e9pare sa nouvelle cohorte et renforce son accompagnement professionnel"}]},{"@type":"WebSite","@id":"https:\/\/velipost.com\/#website","url":"https:\/\/velipost.com\/","name":"VeliPost","description":"L\u2019info en un clic","publisher":{"@id":"https:\/\/velipost.com\/#organization"},"potentialAction":[{"@type":"SearchAction","target":{"@type":"EntryPoint","urlTemplate":"https:\/\/velipost.com\/?s={search_term_string}"},"query-input":{"@type":"PropertyValueSpecification","valueRequired":true,"valueName":"search_term_string"}}],"inLanguage":"fr-FR"},{"@type":"Organization","@id":"https:\/\/velipost.com\/#organization","name":"VeliPost","url":"https:\/\/velipost.com\/","logo":{"@type":"ImageObject","inLanguage":"fr-FR","@id":"https:\/\/velipost.com\/#\/schema\/logo\/image\/","url":"https:\/\/velipost.com\/wp-content\/uploads\/2024\/08\/cropped-VP-logo-piti.png","contentUrl":"https:\/\/velipost.com\/wp-content\/uploads\/2024\/08\/cropped-VP-logo-piti.png","width":201,"height":69,"caption":"VeliPost"},"image":{"@id":"https:\/\/velipost.com\/#\/schema\/logo\/image\/"},"sameAs":["https:\/\/www.facebook.com\/veliposthaiti","https:\/\/x.com\/veliposthaiti","https:\/\/www.instagram.com\/veliposthaiti"]},{"@type":"Person","@id":"https:\/\/velipost.com\/#\/schema\/person\/32ff49a53c9c1bb24302ee8ece058096","name":"VeliPost","image":{"@type":"ImageObject","inLanguage":"fr-FR","@id":"https:\/\/velipost.com\/#\/schema\/person\/image\/","url":"https:\/\/secure.gravatar.com\/avatar\/57c226c264de62f794185a89596d4a37b85a5ad20aca30d9d5a478b27d8c8d9d?s=96&d=mm&r=g","contentUrl":"https:\/\/secure.gravatar.com\/avatar\/57c226c264de62f794185a89596d4a37b85a5ad20aca30d9d5a478b27d8c8d9d?s=96&d=mm&r=g","caption":"VeliPost"},"sameAs":["https:\/\/velipost.com"],"url":"https:\/\/velipost.com\/?author=1"}]}},"views":0,"jetpack_publicize_connections":[],"uagb_featured_image_src":{"full":["https:\/\/velipost.com\/wp-content\/uploads\/2026\/09\/Haiti-tec.jpg",1170,603,false],"thumbnail":["https:\/\/velipost.com\/wp-content\/uploads\/2026\/09\/Haiti-tec-150x150.jpg",150,150,true],"medium":["https:\/\/velipost.com\/wp-content\/uploads\/2026\/09\/Haiti-tec-300x155.jpg",300,155,true],"medium_large":["https:\/\/velipost.com\/wp-content\/uploads\/2026\/09\/Haiti-tec-768x396.jpg",715,369,true],"large":["https:\/\/velipost.com\/wp-content\/uploads\/2026\/09\/Haiti-tec-1024x528.jpg",715,369,true],"1536x1536":["https:\/\/velipost.com\/wp-content\/uploads\/2026\/09\/Haiti-tec.jpg",1170,603,false],"2048x2048":["https:\/\/velipost.com\/wp-content\/uploads\/2026\/09\/Haiti-tec.jpg",1170,603,false],"colornews-big-slider":["https:\/\/velipost.com\/wp-content\/uploads\/2026\/09\/Haiti-tec-1070x470.jpg",1070,470,true],"colornews-big-slider-thumb":["https:\/\/velipost.com\/wp-content\/uploads\/2026\/09\/Haiti-tec-184x109.jpg",184,109,true],"colornews-featured-post-medium":["https:\/\/velipost.com\/wp-content\/uploads\/2026\/09\/Haiti-tec-345x265.jpg",345,265,true],"colornews-featured-post-small":["https:\/\/velipost.com\/wp-content\/uploads\/2026\/09\/Haiti-tec-115x73.jpg",115,73,true],"colornews-random-posts":["https:\/\/velipost.com\/wp-content\/uploads\/2026\/09\/Haiti-tec-215x215.jpg",215,215,true],"colornews-featured-image":["https:\/\/velipost.com\/wp-content\/uploads\/2026\/09\/Haiti-tec-715x400.jpg",715,400,true],"mailpoet_newsletter_max":["https:\/\/velipost.com\/wp-content\/uploads\/2026\/09\/Haiti-tec.jpg",1170,603,false]},"uagb_author_info":{"display_name":"VeliPost","author_link":"https:\/\/velipost.com\/?author=1"},"uagb_comment_info":0,"uagb_excerpt":"Ha\u00efti Tec se pr\u00e9pare \u00e0 accueillir une nouvelle cohorte de formation en octobre 2026, apr\u00e8s une Journ\u00e9e Portes Ouvertes qui a attir\u00e9 plus de","_links":{"self":[{"href":"https:\/\/velipost.com\/index.php?rest_route=\/wp\/v2\/posts\/6839","targetHints":{"allow":["GET"]}}],"collection":[{"href":"https:\/\/velipost.com\/index.php?rest_route=\/wp\/v2\/posts"}],"about":[{"href":"https:\/\/velipost.com\/index.php?rest_route=\/wp\/v2\/types\/post"}],"author":[{"embeddable":true,"href":"https:\/\/velipost.com\/index.php?rest_route=\/wp\/v2\/users\/1"}],"replies":[{"embeddable":true,"href":"https:\/\/velipost.com\/index.php?rest_route=%2Fwp%2Fv2%2Fcomments&post=6839"}],"version-history":[{"count":2,"href":"https:\/\/velipost.com\/index.php?rest_route=\/wp\/v2\/posts\/6839\/revisions"}],"predecessor-version":[{"id":6844,"href":"https:\/\/velipost.com\/index.php?rest_route=\/wp\/v2\/posts\/6839\/revisions\/6844"}],"wp:featuredmedia":[{"embeddable":true,"href":"https:\/\/velipost.com\/index.php?rest_route=\/wp\/v2\/media\/6843"}],"wp:attachment":[{"href":"https:\/\/velipost.com\/index.php?rest_route=%2Fwp%2Fv2%2Fmedia&parent=6839"}],"wp:term":[{"taxonomy":"category","embeddable":true,"href":"https:\/\/velipost.com\/index.php?rest_route=%2Fwp%2Fv2%2Fcategories&post=6839"},{"taxonomy":"post_tag","embeddable":true,"href":"https:\/\/velipost.com\/index.php?rest_route=%2Fwp%2Fv2%2Ftags&post=6839"}],"curies":[{"name":"wp","href":"https:\/\/api.w.org\/{rel}","templated":true}]}}