{"id":6831,"date":"2026-09-01T15:21:05","date_gmt":"2026-09-01T13:21:05","guid":{"rendered":"https:\/\/velipost.com\/?p=6831"},"modified":"2026-09-01T15:21:07","modified_gmt":"2026-09-01T13:21:07","slug":"subvention-scolaire-2026-2027-le-fne-ouvre-la-periode-de-depot-des-dossiers","status":"publish","type":"post","link":"https:\/\/velipost.com\/?p=6831","title":{"rendered":"Subvention scolaire 2026-2027 : le FNE ouvre la p\u00e9riode de d\u00e9p\u00f4t des dossiers"},"content":{"rendered":"\n<p class=\"wp-block-paragraph\">Le Fonds national de l\u2019\u00c9ducation (FNE) annonce l\u2019ouverture de la p\u00e9riode de d\u00e9p\u00f4t des dossiers dans le cadre de son programme de Subvention scolaire pour l\u2019ann\u00e9e acad\u00e9mique 2026-2027. Les personnes concern\u00e9es sont invit\u00e9es \u00e0 constituer et \u00e0 d\u00e9poser leurs dossiers du 1er au 4 septembre 2026, conform\u00e9ment aux exigences administratives et aux proc\u00e9dures \u00e9tablies par l\u2019institution.<\/p>\n\n\n\n<p class=\"wp-block-paragraph\">Pour le d\u00e9partement de l\u2019Ouest, les dossiers doivent \u00eatre d\u00e9pos\u00e9s \u00e0 Rue la P\u00e9pini\u00e8re, angle Route de Fr\u00e8res et Fr\u00e8res 28, P\u00e9tion-Ville, \u00e0 l\u2019entr\u00e9e de la P\u00e9pini\u00e8re H\u00f4tel. Le FNE pr\u00e9cise que les demandeurs doivent notamment fournir une lettre adress\u00e9e \u00e0 la Direction g\u00e9n\u00e9rale, comportant deux num\u00e9ros de t\u00e9l\u00e9phone joignables, ainsi qu\u2019une pi\u00e8ce d\u2019identit\u00e9 valide de la personne responsable et le dernier carnet scolaire de l\u2019enfant.<\/p>\n\n\n\n<p class=\"wp-block-paragraph\">Le dossier doit \u00e9galement comprendre le bordereau de l\u2019\u00e9cole, le nom et le num\u00e9ro de t\u00e9l\u00e9phone valides de la personne responsable de l\u2019\u00e9tablissement scolaire, ainsi que l\u2019acte de naissance ou un extrait d\u2019archive de l\u2019enfant. Le FNE indique qu\u2019il se r\u00e9serve le droit de proc\u00e9der aux v\u00e9rifications n\u00e9cessaires aupr\u00e8s des \u00e9tablissements scolaires concern\u00e9s avant le traitement d\u00e9finitif des demandes.<\/p>\n\n\n\n<p class=\"wp-block-paragraph\">L\u2019institution pr\u00e9vient enfin que tout dossier incomplet, irr\u00e9gulier ou comportant des informations contradictoires pourra \u00eatre retourn\u00e9 au d\u00e9posant pour correction ou compl\u00e9ment d\u2019information. L\u2019avis, sign\u00e9 par Jefnie Toussaint, Directrice g\u00e9n\u00e9rale du FNE, rappelle ainsi aux personnes concern\u00e9es l\u2019importance de respecter les exigences fix\u00e9es pour le d\u00e9p\u00f4t des demandes.<\/p>\n\n    <div class=\"xs_social_share_widget xs_share_url after_content \t\tmain_content  wslu-style-3 wslu-share-box-shaped wslu-fill-brand-hover-colored wslu-share-m-5 wslu-none wslu-share-horizontal wslu-theme-font-no wslu-main_content\">\n\n\t\t\n        <ul>\n\t\t\t                    <li class=\"xs-share-li twitter                        wslu-no-extra-data\">\n                        <a href=\"javascript:void(0);\"\n                           id=\"xs_feed_twitter\"\n                           onclick=\"xs_social_sharer(this);\"\n                           data-pid=\"6831\"\n                           data-uri_hash=\"0cfbcfcafc5a0029edceee7a784531da\"\n                           data-key=\"twitter\"\n                           data-xs-href=\"https:\/\/twitter.com\/intent\/tweet?text=Subvention+scolaire+2026-2027+%3A+le+FNE+ouvre+la+p%C3%A9riode+de+d%C3%A9p%C3%B4t+des+dossiers+https%3A%2F%2Fvelipost.com%2Findex.php%3Frest_route%3D%252Fwp%252Fv2%252Fposts%252F6831&amp;original_referer=https%3A%2F%2Fvelipost.com%2Findex.php%3Frest_route%3D%252Fwp%252Fv2%252Fposts%252F6831&amp;related=xpeedstudio\">\n\n                            <div class=\"xs-social-icon\">\n                                <span class=\"met-social met-social-twitter\"><\/span>\n                            <\/div>\n\n\t\t\t\t\t\t\t\n                            <div class=\"wslu-hover-content\">\n                                <div class=\"xs-social-followers\">\n\t\t\t\t\t\t\t\t\t10                                <\/div>\n                                <div class=\"xs-social-follower-text\">\n\t\t\t\t\t\t\t\t\tShare                                <\/div>\n                                <div class=\"xs-social-follower-label\">\n\t\t\t\t\t\t\t\t\tTwitter                                <\/div>\n                            <\/div>\n                        <\/a>\n                    <\/li>\n\t\t\t\t\t                    <li class=\"xs-share-li telegram                        wslu-no-extra-data\">\n                        <a href=\"javascript:void(0);\"\n                           id=\"xs_feed_telegram\"\n                           onclick=\"xs_social_sharer(this);\"\n                           data-pid=\"6831\"\n                           data-uri_hash=\"0cfbcfcafc5a0029edceee7a784531da\"\n                           data-key=\"telegram\"\n                           data-xs-href=\"https:\/\/telegram.me\/share\/url?url=https%3A%2F%2Fvelipost.com%2Findex.php%3Frest_route%3D%252Fwp%252Fv2%252Fposts%252F6831&amp;text=Subvention+scolaire+2026-2027+%3A+le+FNE+ouvre+la+p%C3%A9riode+de+d%C3%A9p%C3%B4t+des+dossiers\">\n\n                            <div class=\"xs-social-icon\">\n                                <span class=\"met-social met-social-telegram\"><\/span>\n                            <\/div>\n\n\t\t\t\t\t\t\t\n                            <div class=\"wslu-hover-content\">\n                                <div class=\"xs-social-followers\">\n\t\t\t\t\t\t\t\t\t0                                <\/div>\n                                <div class=\"xs-social-follower-text\">\n\t\t\t\t\t\t\t\t\tShare                                <\/div>\n                                <div class=\"xs-social-follower-label\">\n\t\t\t\t\t\t\t\t\tTelegram                                <\/div>\n                            <\/div>\n                        <\/a>\n                    <\/li>\n\t\t\t\t\t                    <li class=\"xs-share-li email                        wslu-no-extra-data\">\n                        <a href=\"javascript:void(0);\"\n                           id=\"xs_feed_email\"\n                           onclick=\"xs_social_sharer(this);\"\n                           data-pid=\"6831\"\n                           data-uri_hash=\"0cfbcfcafc5a0029edceee7a784531da\"\n                           data-key=\"email\"\n                           data-xs-href=\"mailto:?body=Title%3A+Subvention+scolaire+2026-2027+%3A+le+FNE+ouvre+la+p%C3%A9riode+de+d%C3%A9p%C3%B4t+des+dossiers+%5Cn%5Cn+URL%3A+https%3A%2F%2Fvelipost.com%2Findex.php%3Frest_route%3D%252Fwp%252Fv2%252Fposts%252F6831&amp;subject=Subvention+scolaire+2026-2027+%3A+le+FNE+ouvre+la+p%C3%A9riode+de+d%C3%A9p%C3%B4t+des+dossiers\">\n\n                            <div class=\"xs-social-icon\">\n                                <span class=\"met-social met-social-email\"><\/span>\n                            <\/div>\n\n\t\t\t\t\t\t\t\n                            <div class=\"wslu-hover-content\">\n                                <div class=\"xs-social-followers\">\n\t\t\t\t\t\t\t\t\t0                                <\/div>\n                                <div class=\"xs-social-follower-text\">\n\t\t\t\t\t\t\t\t\tShare                                <\/div>\n                                <div class=\"xs-social-follower-label\">\n\t\t\t\t\t\t\t\t\tEmail                                <\/div>\n                            <\/div>\n                        <\/a>\n                    <\/li>\n\t\t\t\t\t        <\/ul>\n    <\/div> \n","protected":false},"excerpt":{"rendered":"<p>Le Fonds national de l\u2019\u00c9ducation (FNE) annonce l\u2019ouverture de la p\u00e9riode de d\u00e9p\u00f4t des dossiers dans le cadre de son programme de Subvention scolaire<\/p>\n","protected":false},"author":1,"featured_media":6832,"comment_status":"open","ping_status":"open","sticky":false,"template":"","format":"standard","meta":{"_uag_custom_page_level_css":"","footnotes":"","jetpack_publicize_message":"","jetpack_publicize_feature_enabled":true,"jetpack_social_post_already_shared":true,"jetpack_social_options":{"image_generator_settings":{"template":"highway","default_image_id":0,"font":"","enabled":false},"version":2}},"categories":[260],"tags":[],"class_list":["post-6831","post","type-post","status-publish","format-standard","has-post-thumbnail","hentry","category-education"],"yoast_head":"<!-- This site is optimized with the Yoast SEO plugin v25.3.1 - https:\/\/yoast.com\/wordpress\/plugins\/seo\/ -->\n<title>Subvention scolaire 2026-2027 : le FNE ouvre la p\u00e9riode de d\u00e9p\u00f4t des dossiers &#8211; VeliPost<\/title>\n<meta name=\"robots\" content=\"index, follow, max-snippet:-1, max-image-preview:large, max-video-preview:-1\" \/>\n<link rel=\"canonical\" href=\"https:\/\/velipost.com\/?p=6831\" \/>\n<meta property=\"og:locale\" content=\"fr_FR\" \/>\n<meta property=\"og:type\" content=\"article\" \/>\n<meta property=\"og:title\" content=\"Subvention scolaire 2026-2027 : le FNE ouvre la p\u00e9riode de d\u00e9p\u00f4t des dossiers &#8211; VeliPost\" \/>\n<meta property=\"og:description\" content=\"Le Fonds national de l\u2019\u00c9ducation (FNE) annonce l\u2019ouverture de la p\u00e9riode de d\u00e9p\u00f4t des dossiers dans le cadre de son programme de Subvention scolaire\" \/>\n<meta property=\"og:url\" content=\"https:\/\/velipost.com\/?p=6831\" \/>\n<meta property=\"og:site_name\" content=\"VeliPost\" \/>\n<meta property=\"article:publisher\" content=\"https:\/\/www.facebook.com\/veliposthaiti\" \/>\n<meta property=\"article:published_time\" content=\"2026-09-01T13:21:05+00:00\" \/>\n<meta property=\"article:modified_time\" content=\"2026-09-01T13:21:07+00:00\" \/>\n<meta property=\"og:image\" content=\"https:\/\/velipost.com\/wp-content\/uploads\/2026\/09\/fne1.jpg\" \/>\n\t<meta property=\"og:image:width\" content=\"1170\" \/>\n\t<meta property=\"og:image:height\" content=\"603\" \/>\n\t<meta property=\"og:image:type\" content=\"image\/jpeg\" \/>\n<meta name=\"author\" content=\"VeliPost\" \/>\n<meta name=\"twitter:card\" content=\"summary_large_image\" \/>\n<meta name=\"twitter:creator\" content=\"@veliposthaiti\" \/>\n<meta name=\"twitter:site\" content=\"@veliposthaiti\" \/>\n<meta name=\"twitter:label1\" content=\"\u00c9crit par\" \/>\n\t<meta name=\"twitter:data1\" content=\"VeliPost\" \/>\n\t<meta name=\"twitter:label2\" content=\"Dur\u00e9e de lecture estim\u00e9e\" \/>\n\t<meta name=\"twitter:data2\" content=\"2 minutes\" \/>\n<script type=\"application\/ld+json\" class=\"yoast-schema-graph\">{\"@context\":\"https:\/\/schema.org\",\"@graph\":[{\"@type\":\"Article\",\"@id\":\"https:\/\/velipost.com\/?p=6831#article\",\"isPartOf\":{\"@id\":\"https:\/\/velipost.com\/?p=6831\"},\"author\":{\"name\":\"VeliPost\",\"@id\":\"https:\/\/velipost.com\/#\/schema\/person\/32ff49a53c9c1bb24302ee8ece058096\"},\"headline\":\"Subvention scolaire 2026-2027 : le FNE ouvre la p\u00e9riode de d\u00e9p\u00f4t des dossiers\",\"datePublished\":\"2026-09-01T13:21:05+00:00\",\"dateModified\":\"2026-09-01T13:21:07+00:00\",\"mainEntityOfPage\":{\"@id\":\"https:\/\/velipost.com\/?p=6831\"},\"wordCount\":305,\"commentCount\":0,\"publisher\":{\"@id\":\"https:\/\/velipost.com\/#organization\"},\"image\":{\"@id\":\"https:\/\/velipost.com\/?p=6831#primaryimage\"},\"thumbnailUrl\":\"https:\/\/velipost.com\/wp-content\/uploads\/2026\/09\/fne1.jpg\",\"articleSection\":[\"Education\"],\"inLanguage\":\"fr-FR\",\"potentialAction\":[{\"@type\":\"CommentAction\",\"name\":\"Comment\",\"target\":[\"https:\/\/velipost.com\/?p=6831#respond\"]}]},{\"@type\":\"WebPage\",\"@id\":\"https:\/\/velipost.com\/?p=6831\",\"url\":\"https:\/\/velipost.com\/?p=6831\",\"name\":\"Subvention scolaire 2026-2027 : le FNE ouvre la p\u00e9riode de d\u00e9p\u00f4t des dossiers &#8211; VeliPost\",\"isPartOf\":{\"@id\":\"https:\/\/velipost.com\/#website\"},\"primaryImageOfPage\":{\"@id\":\"https:\/\/velipost.com\/?p=6831#primaryimage\"},\"image\":{\"@id\":\"https:\/\/velipost.com\/?p=6831#primaryimage\"},\"thumbnailUrl\":\"https:\/\/velipost.com\/wp-content\/uploads\/2026\/09\/fne1.jpg\",\"datePublished\":\"2026-09-01T13:21:05+00:00\",\"dateModified\":\"2026-09-01T13:21:07+00:00\",\"breadcrumb\":{\"@id\":\"https:\/\/velipost.com\/?p=6831#breadcrumb\"},\"inLanguage\":\"fr-FR\",\"potentialAction\":[{\"@type\":\"ReadAction\",\"target\":[\"https:\/\/velipost.com\/?p=6831\"]}]},{\"@type\":\"ImageObject\",\"inLanguage\":\"fr-FR\",\"@id\":\"https:\/\/velipost.com\/?p=6831#primaryimage\",\"url\":\"https:\/\/velipost.com\/wp-content\/uploads\/2026\/09\/fne1.jpg\",\"contentUrl\":\"https:\/\/velipost.com\/wp-content\/uploads\/2026\/09\/fne1.jpg\",\"width\":1170,\"height\":603},{\"@type\":\"BreadcrumbList\",\"@id\":\"https:\/\/velipost.com\/?p=6831#breadcrumb\",\"itemListElement\":[{\"@type\":\"ListItem\",\"position\":1,\"name\":\"Accueil\",\"item\":\"https:\/\/velipost.com\/\"},{\"@type\":\"ListItem\",\"position\":2,\"name\":\"Subvention scolaire 2026-2027 : le FNE ouvre la p\u00e9riode de d\u00e9p\u00f4t des dossiers\"}]},{\"@type\":\"WebSite\",\"@id\":\"https:\/\/velipost.com\/#website\",\"url\":\"https:\/\/velipost.com\/\",\"name\":\"VeliPost\",\"description\":\"L\u2019info en un clic\",\"publisher\":{\"@id\":\"https:\/\/velipost.com\/#organization\"},\"potentialAction\":[{\"@type\":\"SearchAction\",\"target\":{\"@type\":\"EntryPoint\",\"urlTemplate\":\"https:\/\/velipost.com\/?s={search_term_string}\"},\"query-input\":{\"@type\":\"PropertyValueSpecification\",\"valueRequired\":true,\"valueName\":\"search_term_string\"}}],\"inLanguage\":\"fr-FR\"},{\"@type\":\"Organization\",\"@id\":\"https:\/\/velipost.com\/#organization\",\"name\":\"VeliPost\",\"url\":\"https:\/\/velipost.com\/\",\"logo\":{\"@type\":\"ImageObject\",\"inLanguage\":\"fr-FR\",\"@id\":\"https:\/\/velipost.com\/#\/schema\/logo\/image\/\",\"url\":\"https:\/\/velipost.com\/wp-content\/uploads\/2024\/08\/cropped-VP-logo-piti.png\",\"contentUrl\":\"https:\/\/velipost.com\/wp-content\/uploads\/2024\/08\/cropped-VP-logo-piti.png\",\"width\":201,\"height\":69,\"caption\":\"VeliPost\"},\"image\":{\"@id\":\"https:\/\/velipost.com\/#\/schema\/logo\/image\/\"},\"sameAs\":[\"https:\/\/www.facebook.com\/veliposthaiti\",\"https:\/\/x.com\/veliposthaiti\",\"https:\/\/www.instagram.com\/veliposthaiti\"]},{\"@type\":\"Person\",\"@id\":\"https:\/\/velipost.com\/#\/schema\/person\/32ff49a53c9c1bb24302ee8ece058096\",\"name\":\"VeliPost\",\"image\":{\"@type\":\"ImageObject\",\"inLanguage\":\"fr-FR\",\"@id\":\"https:\/\/velipost.com\/#\/schema\/person\/image\/\",\"url\":\"https:\/\/secure.gravatar.com\/avatar\/57c226c264de62f794185a89596d4a37b85a5ad20aca30d9d5a478b27d8c8d9d?s=96&d=mm&r=g\",\"contentUrl\":\"https:\/\/secure.gravatar.com\/avatar\/57c226c264de62f794185a89596d4a37b85a5ad20aca30d9d5a478b27d8c8d9d?s=96&d=mm&r=g\",\"caption\":\"VeliPost\"},\"sameAs\":[\"https:\/\/velipost.com\"],\"url\":\"https:\/\/velipost.com\/?author=1\"}]}<\/script>\n<!-- \/ Yoast SEO plugin. -->","yoast_head_json":{"title":"Subvention scolaire 2026-2027 : le FNE ouvre la p\u00e9riode de d\u00e9p\u00f4t des dossiers &#8211; VeliPost","robots":{"index":"index","follow":"follow","max-snippet":"max-snippet:-1","max-image-preview":"max-image-preview:large","max-video-preview":"max-video-preview:-1"},"canonical":"https:\/\/velipost.com\/?p=6831","og_locale":"fr_FR","og_type":"article","og_title":"Subvention scolaire 2026-2027 : le FNE ouvre la p\u00e9riode de d\u00e9p\u00f4t des dossiers &#8211; VeliPost","og_description":"Le Fonds national de l\u2019\u00c9ducation (FNE) annonce l\u2019ouverture de la p\u00e9riode de d\u00e9p\u00f4t des dossiers dans le cadre de son programme de Subvention scolaire","og_url":"https:\/\/velipost.com\/?p=6831","og_site_name":"VeliPost","article_publisher":"https:\/\/www.facebook.com\/veliposthaiti","article_published_time":"2026-09-01T13:21:05+00:00","article_modified_time":"2026-09-01T13:21:07+00:00","og_image":[{"width":1170,"height":603,"url":"https:\/\/velipost.com\/wp-content\/uploads\/2026\/09\/fne1.jpg","type":"image\/jpeg"}],"author":"VeliPost","twitter_card":"summary_large_image","twitter_creator":"@veliposthaiti","twitter_site":"@veliposthaiti","twitter_misc":{"\u00c9crit par":"VeliPost","Dur\u00e9e de lecture estim\u00e9e":"2 minutes"},"schema":{"@context":"https:\/\/schema.org","@graph":[{"@type":"Article","@id":"https:\/\/velipost.com\/?p=6831#article","isPartOf":{"@id":"https:\/\/velipost.com\/?p=6831"},"author":{"name":"VeliPost","@id":"https:\/\/velipost.com\/#\/schema\/person\/32ff49a53c9c1bb24302ee8ece058096"},"headline":"Subvention scolaire 2026-2027 : le FNE ouvre la p\u00e9riode de d\u00e9p\u00f4t des dossiers","datePublished":"2026-09-01T13:21:05+00:00","dateModified":"2026-09-01T13:21:07+00:00","mainEntityOfPage":{"@id":"https:\/\/velipost.com\/?p=6831"},"wordCount":305,"commentCount":0,"publisher":{"@id":"https:\/\/velipost.com\/#organization"},"image":{"@id":"https:\/\/velipost.com\/?p=6831#primaryimage"},"thumbnailUrl":"https:\/\/velipost.com\/wp-content\/uploads\/2026\/09\/fne1.jpg","articleSection":["Education"],"inLanguage":"fr-FR","potentialAction":[{"@type":"CommentAction","name":"Comment","target":["https:\/\/velipost.com\/?p=6831#respond"]}]},{"@type":"WebPage","@id":"https:\/\/velipost.com\/?p=6831","url":"https:\/\/velipost.com\/?p=6831","name":"Subvention scolaire 2026-2027 : le FNE ouvre la p\u00e9riode de d\u00e9p\u00f4t des dossiers &#8211; VeliPost","isPartOf":{"@id":"https:\/\/velipost.com\/#website"},"primaryImageOfPage":{"@id":"https:\/\/velipost.com\/?p=6831#primaryimage"},"image":{"@id":"https:\/\/velipost.com\/?p=6831#primaryimage"},"thumbnailUrl":"https:\/\/velipost.com\/wp-content\/uploads\/2026\/09\/fne1.jpg","datePublished":"2026-09-01T13:21:05+00:00","dateModified":"2026-09-01T13:21:07+00:00","breadcrumb":{"@id":"https:\/\/velipost.com\/?p=6831#breadcrumb"},"inLanguage":"fr-FR","potentialAction":[{"@type":"ReadAction","target":["https:\/\/velipost.com\/?p=6831"]}]},{"@type":"ImageObject","inLanguage":"fr-FR","@id":"https:\/\/velipost.com\/?p=6831#primaryimage","url":"https:\/\/velipost.com\/wp-content\/uploads\/2026\/09\/fne1.jpg","contentUrl":"https:\/\/velipost.com\/wp-content\/uploads\/2026\/09\/fne1.jpg","width":1170,"height":603},{"@type":"BreadcrumbList","@id":"https:\/\/velipost.com\/?p=6831#breadcrumb","itemListElement":[{"@type":"ListItem","position":1,"name":"Accueil","item":"https:\/\/velipost.com\/"},{"@type":"ListItem","position":2,"name":"Subvention scolaire 2026-2027 : le FNE ouvre la p\u00e9riode de d\u00e9p\u00f4t des dossiers"}]},{"@type":"WebSite","@id":"https:\/\/velipost.com\/#website","url":"https:\/\/velipost.com\/","name":"VeliPost","description":"L\u2019info en un clic","publisher":{"@id":"https:\/\/velipost.com\/#organization"},"potentialAction":[{"@type":"SearchAction","target":{"@type":"EntryPoint","urlTemplate":"https:\/\/velipost.com\/?s={search_term_string}"},"query-input":{"@type":"PropertyValueSpecification","valueRequired":true,"valueName":"search_term_string"}}],"inLanguage":"fr-FR"},{"@type":"Organization","@id":"https:\/\/velipost.com\/#organization","name":"VeliPost","url":"https:\/\/velipost.com\/","logo":{"@type":"ImageObject","inLanguage":"fr-FR","@id":"https:\/\/velipost.com\/#\/schema\/logo\/image\/","url":"https:\/\/velipost.com\/wp-content\/uploads\/2024\/08\/cropped-VP-logo-piti.png","contentUrl":"https:\/\/velipost.com\/wp-content\/uploads\/2024\/08\/cropped-VP-logo-piti.png","width":201,"height":69,"caption":"VeliPost"},"image":{"@id":"https:\/\/velipost.com\/#\/schema\/logo\/image\/"},"sameAs":["https:\/\/www.facebook.com\/veliposthaiti","https:\/\/x.com\/veliposthaiti","https:\/\/www.instagram.com\/veliposthaiti"]},{"@type":"Person","@id":"https:\/\/velipost.com\/#\/schema\/person\/32ff49a53c9c1bb24302ee8ece058096","name":"VeliPost","image":{"@type":"ImageObject","inLanguage":"fr-FR","@id":"https:\/\/velipost.com\/#\/schema\/person\/image\/","url":"https:\/\/secure.gravatar.com\/avatar\/57c226c264de62f794185a89596d4a37b85a5ad20aca30d9d5a478b27d8c8d9d?s=96&d=mm&r=g","contentUrl":"https:\/\/secure.gravatar.com\/avatar\/57c226c264de62f794185a89596d4a37b85a5ad20aca30d9d5a478b27d8c8d9d?s=96&d=mm&r=g","caption":"VeliPost"},"sameAs":["https:\/\/velipost.com"],"url":"https:\/\/velipost.com\/?author=1"}]}},"views":0,"jetpack_publicize_connections":[],"uagb_featured_image_src":{"full":["https:\/\/velipost.com\/wp-content\/uploads\/2026\/09\/fne1.jpg",1170,603,false],"thumbnail":["https:\/\/velipost.com\/wp-content\/uploads\/2026\/09\/fne1-150x150.jpg",150,150,true],"medium":["https:\/\/velipost.com\/wp-content\/uploads\/2026\/09\/fne1-300x155.jpg",300,155,true],"medium_large":["https:\/\/velipost.com\/wp-content\/uploads\/2026\/09\/fne1-768x396.jpg",715,369,true],"large":["https:\/\/velipost.com\/wp-content\/uploads\/2026\/09\/fne1-1024x528.jpg",715,369,true],"1536x1536":["https:\/\/velipost.com\/wp-content\/uploads\/2026\/09\/fne1.jpg",1170,603,false],"2048x2048":["https:\/\/velipost.com\/wp-content\/uploads\/2026\/09\/fne1.jpg",1170,603,false],"colornews-big-slider":["https:\/\/velipost.com\/wp-content\/uploads\/2026\/09\/fne1-1070x470.jpg",1070,470,true],"colornews-big-slider-thumb":["https:\/\/velipost.com\/wp-content\/uploads\/2026\/09\/fne1-184x109.jpg",184,109,true],"colornews-featured-post-medium":["https:\/\/velipost.com\/wp-content\/uploads\/2026\/09\/fne1-345x265.jpg",345,265,true],"colornews-featured-post-small":["https:\/\/velipost.com\/wp-content\/uploads\/2026\/09\/fne1-115x73.jpg",115,73,true],"colornews-random-posts":["https:\/\/velipost.com\/wp-content\/uploads\/2026\/09\/fne1-215x215.jpg",215,215,true],"colornews-featured-image":["https:\/\/velipost.com\/wp-content\/uploads\/2026\/09\/fne1-715x400.jpg",715,400,true],"mailpoet_newsletter_max":["https:\/\/velipost.com\/wp-content\/uploads\/2026\/09\/fne1.jpg",1170,603,false]},"uagb_author_info":{"display_name":"VeliPost","author_link":"https:\/\/velipost.com\/?author=1"},"uagb_comment_info":0,"uagb_excerpt":"Le Fonds national de l\u2019\u00c9ducation (FNE) annonce l\u2019ouverture de la p\u00e9riode de d\u00e9p\u00f4t des dossiers dans le cadre de son programme de Subvention scolaire","_links":{"self":[{"href":"https:\/\/velipost.com\/index.php?rest_route=\/wp\/v2\/posts\/6831","targetHints":{"allow":["GET"]}}],"collection":[{"href":"https:\/\/velipost.com\/index.php?rest_route=\/wp\/v2\/posts"}],"about":[{"href":"https:\/\/velipost.com\/index.php?rest_route=\/wp\/v2\/types\/post"}],"author":[{"embeddable":true,"href":"https:\/\/velipost.com\/index.php?rest_route=\/wp\/v2\/users\/1"}],"replies":[{"embeddable":true,"href":"https:\/\/velipost.com\/index.php?rest_route=%2Fwp%2Fv2%2Fcomments&post=6831"}],"version-history":[{"count":1,"href":"https:\/\/velipost.com\/index.php?rest_route=\/wp\/v2\/posts\/6831\/revisions"}],"predecessor-version":[{"id":6833,"href":"https:\/\/velipost.com\/index.php?rest_route=\/wp\/v2\/posts\/6831\/revisions\/6833"}],"wp:featuredmedia":[{"embeddable":true,"href":"https:\/\/velipost.com\/index.php?rest_route=\/wp\/v2\/media\/6832"}],"wp:attachment":[{"href":"https:\/\/velipost.com\/index.php?rest_route=%2Fwp%2Fv2%2Fmedia&parent=6831"}],"wp:term":[{"taxonomy":"category","embeddable":true,"href":"https:\/\/velipost.com\/index.php?rest_route=%2Fwp%2Fv2%2Fcategories&post=6831"},{"taxonomy":"post_tag","embeddable":true,"href":"https:\/\/velipost.com\/index.php?rest_route=%2Fwp%2Fv2%2Ftags&post=6831"}],"curies":[{"name":"wp","href":"https:\/\/api.w.org\/{rel}","templated":true}]}}