{"id":6098,"date":"2026-05-02T04:45:14","date_gmt":"2026-05-02T02:45:14","guid":{"rendered":"https:\/\/velipost.com\/?p=6098"},"modified":"2026-05-02T04:45:18","modified_gmt":"2026-05-02T02:45:18","slug":"migration-le-gouvernement-ouvre-un-colloque-national-pour-refonder-sa-strategie","status":"publish","type":"post","link":"https:\/\/velipost.com\/?p=6098","title":{"rendered":"Migration : le gouvernement ouvre un colloque national pour refonder sa strat\u00e9gie"},"content":{"rendered":"\n<p>Le minist\u00e8re des Affaires \u00e9trang\u00e8res et des Cultes (MAEC) a lanc\u00e9, ce mercredi, un colloque national consacr\u00e9 \u00e0 la migration, dans le but de red\u00e9finir les orientations strat\u00e9giques d\u2019Ha\u00efti en la mati\u00e8re. L\u2019initiative s\u2019inscrit dans la vision du gouvernement dirig\u00e9 par le Premier ministre Alix Didier Fils-Aim\u00e9.<\/p>\n\n\n\n<p>La c\u00e9r\u00e9monie d\u2019ouverture a \u00e9t\u00e9 pr\u00e9sid\u00e9e par la ministre des Affaires \u00e9trang\u00e8res, Raina Forbin, qui a insist\u00e9 sur la n\u00e9cessit\u00e9 pour l\u2019\u00c9tat ha\u00eftien de se doter d\u2019une politique migratoire plus coh\u00e9rente, adapt\u00e9e aux r\u00e9alit\u00e9s contemporaines. Elle a rappel\u00e9 que la migration constitue aujourd\u2019hui un enjeu majeur de la diplomatie ha\u00eftienne.<\/p>\n\n\n\n<p>Ce colloque, organis\u00e9 dans la capitale, r\u00e9unit des repr\u00e9sentants d\u2019institutions publiques, des organisations internationales, des universitaires ainsi que des membres de la soci\u00e9t\u00e9 civile. Les discussions visent \u00e0 poser les bases d\u2019une strat\u00e9gie nationale capable de mieux encadrer les flux migratoires et de renforcer la protection des ressortissants ha\u00eftiens \u00e0 l\u2019\u00e9tranger.<\/p>\n\n\n\n<p>Selon les autorit\u00e9s, cette d\u00e9marche s\u2019inscrit \u00e9galement dans une perspective internationale, \u00e0 l\u2019approche du Forum international d\u2019examen des migrations 2026, pr\u00e9vu du 5 au 8 mai prochain au si\u00e8ge des Nations Unies.<\/p>\n\n\n\n<p>Dans son intervention, la cheffe de la diplomatie a mis en avant le r\u00f4le central du MAEC dans la gestion des relations avec les pays d\u2019accueil, la n\u00e9gociation d\u2019accords migratoires et la d\u00e9fense des droits des migrants ha\u00eftiens. Elle a aussi soulign\u00e9 l\u2019importance de la coordination interinstitutionnelle, notamment avec les minist\u00e8res des Affaires sociales, de l\u2019Int\u00e9rieur et des Ha\u00eftiens vivant \u00e0 l\u2019\u00e9tranger.<\/p>\n\n\n\n<p>Le minist\u00e8re collabore \u00e9galement avec des partenaires internationaux, dont l\u2019Organisation internationale pour les migrations, afin de promouvoir une gouvernance migratoire plus efficace et concert\u00e9e.<\/p>\n\n\n\n<p>Abordant les causes des migrations, Raina Forbin a \u00e9voqu\u00e9 les crises s\u00e9curitaires, les in\u00e9galit\u00e9s \u00e9conomiques, les catastrophes naturelles et les effets des changements climatiques. Elle a r\u00e9affirm\u00e9 l\u2019engagement du gouvernement \u00e0 promouvoir une migration \u00ab s\u00fbre, ordonn\u00e9e et r\u00e9guli\u00e8re \u00bb, dans le respect des droits humains et des lois des pays d\u2019accueil.<\/p>\n\n\n\n<p>Pour l\u2019ex\u00e9cutif, la migration doit \u00eatre per\u00e7ue comme une opportunit\u00e9 de coop\u00e9ration et de d\u00e9veloppement, plut\u00f4t que comme une contrainte. Les travaux du colloque, coordonn\u00e9s par l\u2019Acad\u00e9mie diplomatique Jean Price-Mars, devraient d\u00e9boucher sur des recommandations concr\u00e8tes en vue d\u2019am\u00e9liorer la gouvernance migratoire et la prise en charge des Ha\u00eftiens vivant \u00e0 l\u2019\u00e9tranger.<\/p>\n\n    <div class=\"xs_social_share_widget xs_share_url after_content \t\tmain_content  wslu-style-3 wslu-share-box-shaped wslu-fill-brand-hover-colored wslu-share-m-5 wslu-none wslu-share-horizontal wslu-theme-font-no wslu-main_content\">\n\n\t\t\n        <ul>\n\t\t\t                    <li class=\"xs-share-li twitter                        wslu-no-extra-data\">\n                        <a href=\"javascript:void(0);\"\n                           id=\"xs_feed_twitter\"\n                           onclick=\"xs_social_sharer(this);\"\n                           data-pid=\"6098\"\n                           data-uri_hash=\"fbad5fb5b137a7c14bb0693681ad588f\"\n                           data-key=\"twitter\"\n                           data-xs-href=\"https:\/\/twitter.com\/intent\/tweet?text=Migration+%3A+le+gouvernement+ouvre+un+colloque+national+pour+refonder+sa+strat%C3%A9gie+https%3A%2F%2Fvelipost.com%2Findex.php%3Frest_route%3D%252Fwp%252Fv2%252Fposts%252F6098&amp;original_referer=https%3A%2F%2Fvelipost.com%2Findex.php%3Frest_route%3D%252Fwp%252Fv2%252Fposts%252F6098&amp;related=xpeedstudio\">\n\n                            <div class=\"xs-social-icon\">\n                                <span class=\"met-social met-social-twitter\"><\/span>\n                            <\/div>\n\n\t\t\t\t\t\t\t\n                            <div class=\"wslu-hover-content\">\n                                <div class=\"xs-social-followers\">\n\t\t\t\t\t\t\t\t\t10                                <\/div>\n                                <div class=\"xs-social-follower-text\">\n\t\t\t\t\t\t\t\t\tShare                                <\/div>\n                                <div class=\"xs-social-follower-label\">\n\t\t\t\t\t\t\t\t\tTwitter                                <\/div>\n                            <\/div>\n                        <\/a>\n                    <\/li>\n\t\t\t\t\t                    <li class=\"xs-share-li telegram                        wslu-no-extra-data\">\n                        <a href=\"javascript:void(0);\"\n                           id=\"xs_feed_telegram\"\n                           onclick=\"xs_social_sharer(this);\"\n                           data-pid=\"6098\"\n                           data-uri_hash=\"fbad5fb5b137a7c14bb0693681ad588f\"\n                           data-key=\"telegram\"\n                           data-xs-href=\"https:\/\/telegram.me\/share\/url?url=https%3A%2F%2Fvelipost.com%2Findex.php%3Frest_route%3D%252Fwp%252Fv2%252Fposts%252F6098&amp;text=Migration+%3A+le+gouvernement+ouvre+un+colloque+national+pour+refonder+sa+strat%C3%A9gie\">\n\n                            <div class=\"xs-social-icon\">\n                                <span class=\"met-social met-social-telegram\"><\/span>\n                            <\/div>\n\n\t\t\t\t\t\t\t\n                            <div class=\"wslu-hover-content\">\n                                <div class=\"xs-social-followers\">\n\t\t\t\t\t\t\t\t\t0                                <\/div>\n                                <div class=\"xs-social-follower-text\">\n\t\t\t\t\t\t\t\t\tShare                                <\/div>\n                                <div class=\"xs-social-follower-label\">\n\t\t\t\t\t\t\t\t\tTelegram                                <\/div>\n                            <\/div>\n                        <\/a>\n                    <\/li>\n\t\t\t\t\t                    <li class=\"xs-share-li email                        wslu-no-extra-data\">\n                        <a href=\"javascript:void(0);\"\n                           id=\"xs_feed_email\"\n                           onclick=\"xs_social_sharer(this);\"\n                           data-pid=\"6098\"\n                           data-uri_hash=\"fbad5fb5b137a7c14bb0693681ad588f\"\n                           data-key=\"email\"\n                           data-xs-href=\"mailto:?body=Title%3A+Migration+%3A+le+gouvernement+ouvre+un+colloque+national+pour+refonder+sa+strat%C3%A9gie+%5Cn%5Cn+URL%3A+https%3A%2F%2Fvelipost.com%2Findex.php%3Frest_route%3D%252Fwp%252Fv2%252Fposts%252F6098&amp;subject=Migration+%3A+le+gouvernement+ouvre+un+colloque+national+pour+refonder+sa+strat%C3%A9gie\">\n\n                            <div class=\"xs-social-icon\">\n                                <span class=\"met-social met-social-email\"><\/span>\n                            <\/div>\n\n\t\t\t\t\t\t\t\n                            <div class=\"wslu-hover-content\">\n                                <div class=\"xs-social-followers\">\n\t\t\t\t\t\t\t\t\t0                                <\/div>\n                                <div class=\"xs-social-follower-text\">\n\t\t\t\t\t\t\t\t\tShare                                <\/div>\n                                <div class=\"xs-social-follower-label\">\n\t\t\t\t\t\t\t\t\tEmail                                <\/div>\n                            <\/div>\n                        <\/a>\n                    <\/li>\n\t\t\t\t\t        <\/ul>\n    <\/div> \n","protected":false},"excerpt":{"rendered":"<p>Le minist\u00e8re des Affaires \u00e9trang\u00e8res et des Cultes (MAEC) a lanc\u00e9, ce mercredi, un colloque national consacr\u00e9 \u00e0 la migration, dans le but de<\/p>\n","protected":false},"author":1,"featured_media":6099,"comment_status":"open","ping_status":"open","sticky":false,"template":"","format":"standard","meta":{"_uag_custom_page_level_css":"","footnotes":"","jetpack_publicize_message":"","jetpack_publicize_feature_enabled":true,"jetpack_social_post_already_shared":true,"jetpack_social_options":{"image_generator_settings":{"template":"highway","default_image_id":0,"font":"","enabled":false},"version":2}},"categories":[94],"tags":[],"class_list":["post-6098","post","type-post","status-publish","format-standard","has-post-thumbnail","hentry","category-a-la-une"],"yoast_head":"<!-- This site is optimized with the Yoast SEO plugin v25.3.1 - https:\/\/yoast.com\/wordpress\/plugins\/seo\/ -->\n<title>Migration : le gouvernement ouvre un colloque national pour refonder sa strat\u00e9gie &#8211; VeliPost<\/title>\n<meta name=\"robots\" content=\"index, follow, max-snippet:-1, max-image-preview:large, max-video-preview:-1\" \/>\n<link rel=\"canonical\" href=\"https:\/\/velipost.com\/?p=6098\" \/>\n<meta property=\"og:locale\" content=\"fr_FR\" \/>\n<meta property=\"og:type\" content=\"article\" \/>\n<meta property=\"og:title\" content=\"Migration : le gouvernement ouvre un colloque national pour refonder sa strat\u00e9gie &#8211; VeliPost\" \/>\n<meta property=\"og:description\" content=\"Le minist\u00e8re des Affaires \u00e9trang\u00e8res et des Cultes (MAEC) a lanc\u00e9, ce mercredi, un colloque national consacr\u00e9 \u00e0 la migration, dans le but de\" \/>\n<meta property=\"og:url\" content=\"https:\/\/velipost.com\/?p=6098\" \/>\n<meta property=\"og:site_name\" content=\"VeliPost\" \/>\n<meta property=\"article:publisher\" content=\"https:\/\/www.facebook.com\/veliposthaiti\" \/>\n<meta property=\"article:published_time\" content=\"2026-05-02T02:45:14+00:00\" \/>\n<meta property=\"article:modified_time\" content=\"2026-05-02T02:45:18+00:00\" \/>\n<meta property=\"og:image\" content=\"https:\/\/velipost.com\/wp-content\/uploads\/2026\/05\/MAEC.jpg\" \/>\n\t<meta property=\"og:image:width\" content=\"1170\" \/>\n\t<meta property=\"og:image:height\" content=\"603\" \/>\n\t<meta property=\"og:image:type\" content=\"image\/jpeg\" \/>\n<meta name=\"author\" content=\"VeliPost\" \/>\n<meta name=\"twitter:card\" content=\"summary_large_image\" \/>\n<meta name=\"twitter:creator\" content=\"@veliposthaiti\" \/>\n<meta name=\"twitter:site\" content=\"@veliposthaiti\" \/>\n<meta name=\"twitter:label1\" content=\"\u00c9crit par\" \/>\n\t<meta name=\"twitter:data1\" content=\"VeliPost\" \/>\n\t<meta name=\"twitter:label2\" content=\"Dur\u00e9e de lecture estim\u00e9e\" \/>\n\t<meta name=\"twitter:data2\" content=\"3 minutes\" \/>\n<script type=\"application\/ld+json\" class=\"yoast-schema-graph\">{\"@context\":\"https:\/\/schema.org\",\"@graph\":[{\"@type\":\"Article\",\"@id\":\"https:\/\/velipost.com\/?p=6098#article\",\"isPartOf\":{\"@id\":\"https:\/\/velipost.com\/?p=6098\"},\"author\":{\"name\":\"VeliPost\",\"@id\":\"https:\/\/velipost.com\/#\/schema\/person\/32ff49a53c9c1bb24302ee8ece058096\"},\"headline\":\"Migration : le gouvernement ouvre un colloque national pour refonder sa strat\u00e9gie\",\"datePublished\":\"2026-05-02T02:45:14+00:00\",\"dateModified\":\"2026-05-02T02:45:18+00:00\",\"mainEntityOfPage\":{\"@id\":\"https:\/\/velipost.com\/?p=6098\"},\"wordCount\":450,\"commentCount\":0,\"publisher\":{\"@id\":\"https:\/\/velipost.com\/#organization\"},\"image\":{\"@id\":\"https:\/\/velipost.com\/?p=6098#primaryimage\"},\"thumbnailUrl\":\"https:\/\/velipost.com\/wp-content\/uploads\/2026\/05\/MAEC.jpg\",\"articleSection\":[\"A la Une\"],\"inLanguage\":\"fr-FR\",\"potentialAction\":[{\"@type\":\"CommentAction\",\"name\":\"Comment\",\"target\":[\"https:\/\/velipost.com\/?p=6098#respond\"]}]},{\"@type\":\"WebPage\",\"@id\":\"https:\/\/velipost.com\/?p=6098\",\"url\":\"https:\/\/velipost.com\/?p=6098\",\"name\":\"Migration : le gouvernement ouvre un colloque national pour refonder sa strat\u00e9gie &#8211; VeliPost\",\"isPartOf\":{\"@id\":\"https:\/\/velipost.com\/#website\"},\"primaryImageOfPage\":{\"@id\":\"https:\/\/velipost.com\/?p=6098#primaryimage\"},\"image\":{\"@id\":\"https:\/\/velipost.com\/?p=6098#primaryimage\"},\"thumbnailUrl\":\"https:\/\/velipost.com\/wp-content\/uploads\/2026\/05\/MAEC.jpg\",\"datePublished\":\"2026-05-02T02:45:14+00:00\",\"dateModified\":\"2026-05-02T02:45:18+00:00\",\"breadcrumb\":{\"@id\":\"https:\/\/velipost.com\/?p=6098#breadcrumb\"},\"inLanguage\":\"fr-FR\",\"potentialAction\":[{\"@type\":\"ReadAction\",\"target\":[\"https:\/\/velipost.com\/?p=6098\"]}]},{\"@type\":\"ImageObject\",\"inLanguage\":\"fr-FR\",\"@id\":\"https:\/\/velipost.com\/?p=6098#primaryimage\",\"url\":\"https:\/\/velipost.com\/wp-content\/uploads\/2026\/05\/MAEC.jpg\",\"contentUrl\":\"https:\/\/velipost.com\/wp-content\/uploads\/2026\/05\/MAEC.jpg\",\"width\":1170,\"height\":603},{\"@type\":\"BreadcrumbList\",\"@id\":\"https:\/\/velipost.com\/?p=6098#breadcrumb\",\"itemListElement\":[{\"@type\":\"ListItem\",\"position\":1,\"name\":\"Accueil\",\"item\":\"https:\/\/velipost.com\/\"},{\"@type\":\"ListItem\",\"position\":2,\"name\":\"Migration : le gouvernement ouvre un colloque national pour refonder sa strat\u00e9gie\"}]},{\"@type\":\"WebSite\",\"@id\":\"https:\/\/velipost.com\/#website\",\"url\":\"https:\/\/velipost.com\/\",\"name\":\"VeliPost\",\"description\":\"L\u2019info en un clic\",\"publisher\":{\"@id\":\"https:\/\/velipost.com\/#organization\"},\"potentialAction\":[{\"@type\":\"SearchAction\",\"target\":{\"@type\":\"EntryPoint\",\"urlTemplate\":\"https:\/\/velipost.com\/?s={search_term_string}\"},\"query-input\":{\"@type\":\"PropertyValueSpecification\",\"valueRequired\":true,\"valueName\":\"search_term_string\"}}],\"inLanguage\":\"fr-FR\"},{\"@type\":\"Organization\",\"@id\":\"https:\/\/velipost.com\/#organization\",\"name\":\"VeliPost\",\"url\":\"https:\/\/velipost.com\/\",\"logo\":{\"@type\":\"ImageObject\",\"inLanguage\":\"fr-FR\",\"@id\":\"https:\/\/velipost.com\/#\/schema\/logo\/image\/\",\"url\":\"https:\/\/velipost.com\/wp-content\/uploads\/2024\/08\/cropped-VP-logo-piti.png\",\"contentUrl\":\"https:\/\/velipost.com\/wp-content\/uploads\/2024\/08\/cropped-VP-logo-piti.png\",\"width\":201,\"height\":69,\"caption\":\"VeliPost\"},\"image\":{\"@id\":\"https:\/\/velipost.com\/#\/schema\/logo\/image\/\"},\"sameAs\":[\"https:\/\/www.facebook.com\/veliposthaiti\",\"https:\/\/x.com\/veliposthaiti\",\"https:\/\/www.instagram.com\/veliposthaiti\"]},{\"@type\":\"Person\",\"@id\":\"https:\/\/velipost.com\/#\/schema\/person\/32ff49a53c9c1bb24302ee8ece058096\",\"name\":\"VeliPost\",\"image\":{\"@type\":\"ImageObject\",\"inLanguage\":\"fr-FR\",\"@id\":\"https:\/\/velipost.com\/#\/schema\/person\/image\/\",\"url\":\"https:\/\/secure.gravatar.com\/avatar\/57c226c264de62f794185a89596d4a37b85a5ad20aca30d9d5a478b27d8c8d9d?s=96&d=mm&r=g\",\"contentUrl\":\"https:\/\/secure.gravatar.com\/avatar\/57c226c264de62f794185a89596d4a37b85a5ad20aca30d9d5a478b27d8c8d9d?s=96&d=mm&r=g\",\"caption\":\"VeliPost\"},\"sameAs\":[\"https:\/\/velipost.com\"],\"url\":\"https:\/\/velipost.com\/?author=1\"}]}<\/script>\n<!-- \/ Yoast SEO plugin. -->","yoast_head_json":{"title":"Migration : le gouvernement ouvre un colloque national pour refonder sa strat\u00e9gie &#8211; VeliPost","robots":{"index":"index","follow":"follow","max-snippet":"max-snippet:-1","max-image-preview":"max-image-preview:large","max-video-preview":"max-video-preview:-1"},"canonical":"https:\/\/velipost.com\/?p=6098","og_locale":"fr_FR","og_type":"article","og_title":"Migration : le gouvernement ouvre un colloque national pour refonder sa strat\u00e9gie &#8211; VeliPost","og_description":"Le minist\u00e8re des Affaires \u00e9trang\u00e8res et des Cultes (MAEC) a lanc\u00e9, ce mercredi, un colloque national consacr\u00e9 \u00e0 la migration, dans le but de","og_url":"https:\/\/velipost.com\/?p=6098","og_site_name":"VeliPost","article_publisher":"https:\/\/www.facebook.com\/veliposthaiti","article_published_time":"2026-05-02T02:45:14+00:00","article_modified_time":"2026-05-02T02:45:18+00:00","og_image":[{"width":1170,"height":603,"url":"https:\/\/velipost.com\/wp-content\/uploads\/2026\/05\/MAEC.jpg","type":"image\/jpeg"}],"author":"VeliPost","twitter_card":"summary_large_image","twitter_creator":"@veliposthaiti","twitter_site":"@veliposthaiti","twitter_misc":{"\u00c9crit par":"VeliPost","Dur\u00e9e de lecture estim\u00e9e":"3 minutes"},"schema":{"@context":"https:\/\/schema.org","@graph":[{"@type":"Article","@id":"https:\/\/velipost.com\/?p=6098#article","isPartOf":{"@id":"https:\/\/velipost.com\/?p=6098"},"author":{"name":"VeliPost","@id":"https:\/\/velipost.com\/#\/schema\/person\/32ff49a53c9c1bb24302ee8ece058096"},"headline":"Migration : le gouvernement ouvre un colloque national pour refonder sa strat\u00e9gie","datePublished":"2026-05-02T02:45:14+00:00","dateModified":"2026-05-02T02:45:18+00:00","mainEntityOfPage":{"@id":"https:\/\/velipost.com\/?p=6098"},"wordCount":450,"commentCount":0,"publisher":{"@id":"https:\/\/velipost.com\/#organization"},"image":{"@id":"https:\/\/velipost.com\/?p=6098#primaryimage"},"thumbnailUrl":"https:\/\/velipost.com\/wp-content\/uploads\/2026\/05\/MAEC.jpg","articleSection":["A la Une"],"inLanguage":"fr-FR","potentialAction":[{"@type":"CommentAction","name":"Comment","target":["https:\/\/velipost.com\/?p=6098#respond"]}]},{"@type":"WebPage","@id":"https:\/\/velipost.com\/?p=6098","url":"https:\/\/velipost.com\/?p=6098","name":"Migration : le gouvernement ouvre un colloque national pour refonder sa strat\u00e9gie &#8211; VeliPost","isPartOf":{"@id":"https:\/\/velipost.com\/#website"},"primaryImageOfPage":{"@id":"https:\/\/velipost.com\/?p=6098#primaryimage"},"image":{"@id":"https:\/\/velipost.com\/?p=6098#primaryimage"},"thumbnailUrl":"https:\/\/velipost.com\/wp-content\/uploads\/2026\/05\/MAEC.jpg","datePublished":"2026-05-02T02:45:14+00:00","dateModified":"2026-05-02T02:45:18+00:00","breadcrumb":{"@id":"https:\/\/velipost.com\/?p=6098#breadcrumb"},"inLanguage":"fr-FR","potentialAction":[{"@type":"ReadAction","target":["https:\/\/velipost.com\/?p=6098"]}]},{"@type":"ImageObject","inLanguage":"fr-FR","@id":"https:\/\/velipost.com\/?p=6098#primaryimage","url":"https:\/\/velipost.com\/wp-content\/uploads\/2026\/05\/MAEC.jpg","contentUrl":"https:\/\/velipost.com\/wp-content\/uploads\/2026\/05\/MAEC.jpg","width":1170,"height":603},{"@type":"BreadcrumbList","@id":"https:\/\/velipost.com\/?p=6098#breadcrumb","itemListElement":[{"@type":"ListItem","position":1,"name":"Accueil","item":"https:\/\/velipost.com\/"},{"@type":"ListItem","position":2,"name":"Migration : le gouvernement ouvre un colloque national pour refonder sa strat\u00e9gie"}]},{"@type":"WebSite","@id":"https:\/\/velipost.com\/#website","url":"https:\/\/velipost.com\/","name":"VeliPost","description":"L\u2019info en un clic","publisher":{"@id":"https:\/\/velipost.com\/#organization"},"potentialAction":[{"@type":"SearchAction","target":{"@type":"EntryPoint","urlTemplate":"https:\/\/velipost.com\/?s={search_term_string}"},"query-input":{"@type":"PropertyValueSpecification","valueRequired":true,"valueName":"search_term_string"}}],"inLanguage":"fr-FR"},{"@type":"Organization","@id":"https:\/\/velipost.com\/#organization","name":"VeliPost","url":"https:\/\/velipost.com\/","logo":{"@type":"ImageObject","inLanguage":"fr-FR","@id":"https:\/\/velipost.com\/#\/schema\/logo\/image\/","url":"https:\/\/velipost.com\/wp-content\/uploads\/2024\/08\/cropped-VP-logo-piti.png","contentUrl":"https:\/\/velipost.com\/wp-content\/uploads\/2024\/08\/cropped-VP-logo-piti.png","width":201,"height":69,"caption":"VeliPost"},"image":{"@id":"https:\/\/velipost.com\/#\/schema\/logo\/image\/"},"sameAs":["https:\/\/www.facebook.com\/veliposthaiti","https:\/\/x.com\/veliposthaiti","https:\/\/www.instagram.com\/veliposthaiti"]},{"@type":"Person","@id":"https:\/\/velipost.com\/#\/schema\/person\/32ff49a53c9c1bb24302ee8ece058096","name":"VeliPost","image":{"@type":"ImageObject","inLanguage":"fr-FR","@id":"https:\/\/velipost.com\/#\/schema\/person\/image\/","url":"https:\/\/secure.gravatar.com\/avatar\/57c226c264de62f794185a89596d4a37b85a5ad20aca30d9d5a478b27d8c8d9d?s=96&d=mm&r=g","contentUrl":"https:\/\/secure.gravatar.com\/avatar\/57c226c264de62f794185a89596d4a37b85a5ad20aca30d9d5a478b27d8c8d9d?s=96&d=mm&r=g","caption":"VeliPost"},"sameAs":["https:\/\/velipost.com"],"url":"https:\/\/velipost.com\/?author=1"}]}},"views":0,"jetpack_publicize_connections":[],"uagb_featured_image_src":{"full":["https:\/\/velipost.com\/wp-content\/uploads\/2026\/05\/MAEC.jpg",1170,603,false],"thumbnail":["https:\/\/velipost.com\/wp-content\/uploads\/2026\/05\/MAEC-150x150.jpg",150,150,true],"medium":["https:\/\/velipost.com\/wp-content\/uploads\/2026\/05\/MAEC-300x155.jpg",300,155,true],"medium_large":["https:\/\/velipost.com\/wp-content\/uploads\/2026\/05\/MAEC-768x396.jpg",715,369,true],"large":["https:\/\/velipost.com\/wp-content\/uploads\/2026\/05\/MAEC-1024x528.jpg",715,369,true],"1536x1536":["https:\/\/velipost.com\/wp-content\/uploads\/2026\/05\/MAEC.jpg",1170,603,false],"2048x2048":["https:\/\/velipost.com\/wp-content\/uploads\/2026\/05\/MAEC.jpg",1170,603,false],"colornews-big-slider":["https:\/\/velipost.com\/wp-content\/uploads\/2026\/05\/MAEC-1070x470.jpg",1070,470,true],"colornews-big-slider-thumb":["https:\/\/velipost.com\/wp-content\/uploads\/2026\/05\/MAEC-184x109.jpg",184,109,true],"colornews-featured-post-medium":["https:\/\/velipost.com\/wp-content\/uploads\/2026\/05\/MAEC-345x265.jpg",345,265,true],"colornews-featured-post-small":["https:\/\/velipost.com\/wp-content\/uploads\/2026\/05\/MAEC-115x73.jpg",115,73,true],"colornews-random-posts":["https:\/\/velipost.com\/wp-content\/uploads\/2026\/05\/MAEC-215x215.jpg",215,215,true],"colornews-featured-image":["https:\/\/velipost.com\/wp-content\/uploads\/2026\/05\/MAEC-715x400.jpg",715,400,true],"mailpoet_newsletter_max":["https:\/\/velipost.com\/wp-content\/uploads\/2026\/05\/MAEC.jpg",1170,603,false]},"uagb_author_info":{"display_name":"VeliPost","author_link":"https:\/\/velipost.com\/?author=1"},"uagb_comment_info":0,"uagb_excerpt":"Le minist\u00e8re des Affaires \u00e9trang\u00e8res et des Cultes (MAEC) a lanc\u00e9, ce mercredi, un colloque national consacr\u00e9 \u00e0 la migration, dans le but de","_links":{"self":[{"href":"https:\/\/velipost.com\/index.php?rest_route=\/wp\/v2\/posts\/6098","targetHints":{"allow":["GET"]}}],"collection":[{"href":"https:\/\/velipost.com\/index.php?rest_route=\/wp\/v2\/posts"}],"about":[{"href":"https:\/\/velipost.com\/index.php?rest_route=\/wp\/v2\/types\/post"}],"author":[{"embeddable":true,"href":"https:\/\/velipost.com\/index.php?rest_route=\/wp\/v2\/users\/1"}],"replies":[{"embeddable":true,"href":"https:\/\/velipost.com\/index.php?rest_route=%2Fwp%2Fv2%2Fcomments&post=6098"}],"version-history":[{"count":1,"href":"https:\/\/velipost.com\/index.php?rest_route=\/wp\/v2\/posts\/6098\/revisions"}],"predecessor-version":[{"id":6100,"href":"https:\/\/velipost.com\/index.php?rest_route=\/wp\/v2\/posts\/6098\/revisions\/6100"}],"wp:featuredmedia":[{"embeddable":true,"href":"https:\/\/velipost.com\/index.php?rest_route=\/wp\/v2\/media\/6099"}],"wp:attachment":[{"href":"https:\/\/velipost.com\/index.php?rest_route=%2Fwp%2Fv2%2Fmedia&parent=6098"}],"wp:term":[{"taxonomy":"category","embeddable":true,"href":"https:\/\/velipost.com\/index.php?rest_route=%2Fwp%2Fv2%2Fcategories&post=6098"},{"taxonomy":"post_tag","embeddable":true,"href":"https:\/\/velipost.com\/index.php?rest_route=%2Fwp%2Fv2%2Ftags&post=6098"}],"curies":[{"name":"wp","href":"https:\/\/api.w.org\/{rel}","templated":true}]}}