{"id":6086,"date":"2026-04-29T03:52:21","date_gmt":"2026-04-29T01:52:21","guid":{"rendered":"https:\/\/velipost.com\/?p=6086"},"modified":"2026-04-29T03:52:24","modified_gmt":"2026-04-29T01:52:24","slug":"menaces-contre-le-juge-nesly-phele-lapm-alerte-sur-un-danger-pour-lindependance-judiciaire-dans-laffaire-wilo-joseph","status":"publish","type":"post","link":"https:\/\/velipost.com\/?p=6086","title":{"rendered":"Menaces contre le juge Nesly Ph\u00e8le : l\u2019APM alerte sur un danger pour l\u2019ind\u00e9pendance judiciaire dans l\u2019affaire Wilo Joseph"},"content":{"rendered":"\n<p>L\u2019Association Professionnelle des Magistrats (APM) tire la sonnette d\u2019alarme face aux menaces de mort visant le juge d\u2019instruction Nesly Ph\u00e8le, survenues apr\u00e8s une d\u00e9cision judiciaire rendue dans le cadre de l\u2019affaire impliquant l\u2019ancien s\u00e9nateur Wilo Joseph.<\/p>\n\n\n\n<p>Dans un communiqu\u00e9 publi\u00e9 ce mardi, l\u2019APM condamne fermement ces actes qu\u2019elle consid\u00e8re comme une d\u00e9rive grave mettant en p\u00e9ril non seulement la s\u00e9curit\u00e9 du magistrat, mais aussi le bon fonctionnement de l\u2019institution judiciaire. Le juge Ph\u00e8le, en poste au Tribunal de Premi\u00e8re Instance de Hinche, est vis\u00e9 apr\u00e8s avoir rendu une ordonnance renvoyant Wilo Joseph ainsi que l\u2019ancien greffier en chef Wilfrid Elie devant le tribunal criminel.<\/p>\n\n\n\n<p>Les deux accus\u00e9s devront r\u00e9pondre de faits pr\u00e9sum\u00e9s de faux en \u00e9criture publique et d\u2019abus de fonction. Une d\u00e9cision qui, selon l\u2019APM, aurait d\u00e9clench\u00e9 des r\u00e9actions hostiles traduites par des menaces directes \u00e0 l\u2019encontre du magistrat instructeur.<\/p>\n\n\n\n<p>L\u2019organisation professionnelle d\u00e9nonce une tentative d\u2019intimidation susceptible de compromettre l\u2019ind\u00e9pendance des juges et d\u2019instaurer un climat de peur au sein de l\u2019appareil judiciaire. Elle rappelle que de telles pressions constituent une atteinte s\u00e9rieuse \u00e0 l\u2019\u00c9tat de droit et \u00e0 la cr\u00e9dibilit\u00e9 du syst\u00e8me judiciaire.<\/p>\n\n\n\n<p>Face \u00e0 cette situation pr\u00e9occupante, l\u2019APM exprime sa solidarit\u00e9 envers le juge Nesly Ph\u00e8le et appelle les autorit\u00e9s comp\u00e9tentes \u00e0 agir sans d\u00e9lai pour garantir sa s\u00e9curit\u00e9. Elle insiste \u00e9galement sur la n\u00e9cessit\u00e9 de prot\u00e9ger tous les magistrats contre toute forme de menace ou de pression dans l\u2019exercice de leurs fonctions.<\/p>\n\n\n\n<p>R\u00e9affirmant son engagement en faveur d\u2019une justice ind\u00e9pendante, l\u2019APM souligne que le respect des d\u00e9cisions judiciaires demeure un pilier essentiel pour la stabilit\u00e9 institutionnelle et la confiance des citoyens envers la justice.<\/p>\n\n    <div class=\"xs_social_share_widget xs_share_url after_content \t\tmain_content  wslu-style-3 wslu-share-box-shaped wslu-fill-brand-hover-colored wslu-share-m-5 wslu-none wslu-share-horizontal wslu-theme-font-no wslu-main_content\">\n\n\t\t\n        <ul>\n\t\t\t                    <li class=\"xs-share-li twitter                        wslu-no-extra-data\">\n                        <a href=\"javascript:void(0);\"\n                           id=\"xs_feed_twitter\"\n                           onclick=\"xs_social_sharer(this);\"\n                           data-pid=\"6086\"\n                           data-uri_hash=\"53e3d2e144116896d0224a59f64499d7\"\n                           data-key=\"twitter\"\n                           data-xs-href=\"https:\/\/twitter.com\/intent\/tweet?text=Menaces+contre+le+juge+Nesly+Ph%C3%A8le+%3A+l%E2%80%99APM+alerte+sur+un+danger+pour+l%E2%80%99ind%C3%A9pendance+judiciaire+dans+l%E2%80%99affaire+Wilo+Joseph+https%3A%2F%2Fvelipost.com%2Findex.php%3Frest_route%3D%252Fwp%252Fv2%252Fposts%252F6086&amp;original_referer=https%3A%2F%2Fvelipost.com%2Findex.php%3Frest_route%3D%252Fwp%252Fv2%252Fposts%252F6086&amp;related=xpeedstudio\">\n\n                            <div class=\"xs-social-icon\">\n                                <span class=\"met-social met-social-twitter\"><\/span>\n                            <\/div>\n\n\t\t\t\t\t\t\t\n                            <div class=\"wslu-hover-content\">\n                                <div class=\"xs-social-followers\">\n\t\t\t\t\t\t\t\t\t10                                <\/div>\n                                <div class=\"xs-social-follower-text\">\n\t\t\t\t\t\t\t\t\tShare                                <\/div>\n                                <div class=\"xs-social-follower-label\">\n\t\t\t\t\t\t\t\t\tTwitter                                <\/div>\n                            <\/div>\n                        <\/a>\n                    <\/li>\n\t\t\t\t\t                    <li class=\"xs-share-li telegram                        wslu-no-extra-data\">\n                        <a href=\"javascript:void(0);\"\n                           id=\"xs_feed_telegram\"\n                           onclick=\"xs_social_sharer(this);\"\n                           data-pid=\"6086\"\n                           data-uri_hash=\"53e3d2e144116896d0224a59f64499d7\"\n                           data-key=\"telegram\"\n                           data-xs-href=\"https:\/\/telegram.me\/share\/url?url=https%3A%2F%2Fvelipost.com%2Findex.php%3Frest_route%3D%252Fwp%252Fv2%252Fposts%252F6086&amp;text=Menaces+contre+le+juge+Nesly+Ph%C3%A8le+%3A+l%E2%80%99APM+alerte+sur+un+danger+pour+l%E2%80%99ind%C3%A9pendance+judiciaire+dans+l%E2%80%99affaire+Wilo+Joseph\">\n\n                            <div class=\"xs-social-icon\">\n                                <span class=\"met-social met-social-telegram\"><\/span>\n                            <\/div>\n\n\t\t\t\t\t\t\t\n                            <div class=\"wslu-hover-content\">\n                                <div class=\"xs-social-followers\">\n\t\t\t\t\t\t\t\t\t0                                <\/div>\n                                <div class=\"xs-social-follower-text\">\n\t\t\t\t\t\t\t\t\tShare                                <\/div>\n                                <div class=\"xs-social-follower-label\">\n\t\t\t\t\t\t\t\t\tTelegram                                <\/div>\n                            <\/div>\n                        <\/a>\n                    <\/li>\n\t\t\t\t\t                    <li class=\"xs-share-li email                        wslu-no-extra-data\">\n                        <a href=\"javascript:void(0);\"\n                           id=\"xs_feed_email\"\n                           onclick=\"xs_social_sharer(this);\"\n                           data-pid=\"6086\"\n                           data-uri_hash=\"53e3d2e144116896d0224a59f64499d7\"\n                           data-key=\"email\"\n                           data-xs-href=\"mailto:?body=Title%3A+Menaces+contre+le+juge+Nesly+Ph%C3%A8le+%3A+l%E2%80%99APM+alerte+sur+un+danger+pour+l%E2%80%99ind%C3%A9pendance+judiciaire+dans+l%E2%80%99affaire+Wilo+Joseph+%5Cn%5Cn+URL%3A+https%3A%2F%2Fvelipost.com%2Findex.php%3Frest_route%3D%252Fwp%252Fv2%252Fposts%252F6086&amp;subject=Menaces+contre+le+juge+Nesly+Ph%C3%A8le+%3A+l%E2%80%99APM+alerte+sur+un+danger+pour+l%E2%80%99ind%C3%A9pendance+judiciaire+dans+l%E2%80%99affaire+Wilo+Joseph\">\n\n                            <div class=\"xs-social-icon\">\n                                <span class=\"met-social met-social-email\"><\/span>\n                            <\/div>\n\n\t\t\t\t\t\t\t\n                            <div class=\"wslu-hover-content\">\n                                <div class=\"xs-social-followers\">\n\t\t\t\t\t\t\t\t\t0                                <\/div>\n                                <div class=\"xs-social-follower-text\">\n\t\t\t\t\t\t\t\t\tShare                                <\/div>\n                                <div class=\"xs-social-follower-label\">\n\t\t\t\t\t\t\t\t\tEmail                                <\/div>\n                            <\/div>\n                        <\/a>\n                    <\/li>\n\t\t\t\t\t        <\/ul>\n    <\/div> \n","protected":false},"excerpt":{"rendered":"<p>L\u2019Association Professionnelle des Magistrats (APM) tire la sonnette d\u2019alarme face aux menaces de mort visant le juge d\u2019instruction Nesly Ph\u00e8le, survenues apr\u00e8s une d\u00e9cision<\/p>\n","protected":false},"author":1,"featured_media":6087,"comment_status":"open","ping_status":"open","sticky":false,"template":"","format":"standard","meta":{"_uag_custom_page_level_css":"","footnotes":"","jetpack_publicize_message":"","jetpack_publicize_feature_enabled":true,"jetpack_social_post_already_shared":true,"jetpack_social_options":{"image_generator_settings":{"template":"highway","default_image_id":0,"font":"","enabled":false},"version":2}},"categories":[267],"tags":[],"class_list":["post-6086","post","type-post","status-publish","format-standard","has-post-thumbnail","hentry","category-non-classe-fr"],"yoast_head":"<!-- This site is optimized with the Yoast SEO plugin v25.3.1 - https:\/\/yoast.com\/wordpress\/plugins\/seo\/ -->\n<title>Menaces contre le juge Nesly Ph\u00e8le : l\u2019APM alerte sur un danger pour l\u2019ind\u00e9pendance judiciaire dans l\u2019affaire Wilo Joseph &#8211; VeliPost<\/title>\n<meta name=\"robots\" content=\"index, follow, max-snippet:-1, max-image-preview:large, max-video-preview:-1\" \/>\n<link rel=\"canonical\" href=\"https:\/\/velipost.com\/?p=6086\" \/>\n<meta property=\"og:locale\" content=\"fr_FR\" \/>\n<meta property=\"og:type\" content=\"article\" \/>\n<meta property=\"og:title\" content=\"Menaces contre le juge Nesly Ph\u00e8le : l\u2019APM alerte sur un danger pour l\u2019ind\u00e9pendance judiciaire dans l\u2019affaire Wilo Joseph &#8211; VeliPost\" \/>\n<meta property=\"og:description\" content=\"L\u2019Association Professionnelle des Magistrats (APM) tire la sonnette d\u2019alarme face aux menaces de mort visant le juge d\u2019instruction Nesly Ph\u00e8le, survenues apr\u00e8s une d\u00e9cision\" \/>\n<meta property=\"og:url\" content=\"https:\/\/velipost.com\/?p=6086\" \/>\n<meta property=\"og:site_name\" content=\"VeliPost\" \/>\n<meta property=\"article:publisher\" content=\"https:\/\/www.facebook.com\/veliposthaiti\" \/>\n<meta property=\"article:published_time\" content=\"2026-04-29T01:52:21+00:00\" \/>\n<meta property=\"article:modified_time\" content=\"2026-04-29T01:52:24+00:00\" \/>\n<meta property=\"og:image\" content=\"https:\/\/velipost.com\/wp-content\/uploads\/2026\/04\/682269888_122245143320265860_3010057779801610944_n.jpg\" \/>\n\t<meta property=\"og:image:width\" content=\"750\" \/>\n\t<meta property=\"og:image:height\" content=\"450\" \/>\n\t<meta property=\"og:image:type\" content=\"image\/jpeg\" \/>\n<meta name=\"author\" content=\"VeliPost\" \/>\n<meta name=\"twitter:card\" content=\"summary_large_image\" \/>\n<meta name=\"twitter:creator\" content=\"@veliposthaiti\" \/>\n<meta name=\"twitter:site\" content=\"@veliposthaiti\" \/>\n<meta name=\"twitter:label1\" content=\"\u00c9crit par\" \/>\n\t<meta name=\"twitter:data1\" content=\"VeliPost\" \/>\n\t<meta name=\"twitter:label2\" content=\"Dur\u00e9e de lecture estim\u00e9e\" \/>\n\t<meta name=\"twitter:data2\" content=\"2 minutes\" \/>\n<script type=\"application\/ld+json\" class=\"yoast-schema-graph\">{\"@context\":\"https:\/\/schema.org\",\"@graph\":[{\"@type\":\"Article\",\"@id\":\"https:\/\/velipost.com\/?p=6086#article\",\"isPartOf\":{\"@id\":\"https:\/\/velipost.com\/?p=6086\"},\"author\":{\"name\":\"VeliPost\",\"@id\":\"https:\/\/velipost.com\/#\/schema\/person\/32ff49a53c9c1bb24302ee8ece058096\"},\"headline\":\"Menaces contre le juge Nesly Ph\u00e8le : l\u2019APM alerte sur un danger pour l\u2019ind\u00e9pendance judiciaire dans l\u2019affaire Wilo Joseph\",\"datePublished\":\"2026-04-29T01:52:21+00:00\",\"dateModified\":\"2026-04-29T01:52:24+00:00\",\"mainEntityOfPage\":{\"@id\":\"https:\/\/velipost.com\/?p=6086\"},\"wordCount\":342,\"commentCount\":0,\"publisher\":{\"@id\":\"https:\/\/velipost.com\/#organization\"},\"image\":{\"@id\":\"https:\/\/velipost.com\/?p=6086#primaryimage\"},\"thumbnailUrl\":\"https:\/\/velipost.com\/wp-content\/uploads\/2026\/04\/682269888_122245143320265860_3010057779801610944_n.jpg\",\"inLanguage\":\"fr-FR\",\"potentialAction\":[{\"@type\":\"CommentAction\",\"name\":\"Comment\",\"target\":[\"https:\/\/velipost.com\/?p=6086#respond\"]}]},{\"@type\":\"WebPage\",\"@id\":\"https:\/\/velipost.com\/?p=6086\",\"url\":\"https:\/\/velipost.com\/?p=6086\",\"name\":\"Menaces contre le juge Nesly Ph\u00e8le : l\u2019APM alerte sur un danger pour l\u2019ind\u00e9pendance judiciaire dans l\u2019affaire Wilo Joseph &#8211; VeliPost\",\"isPartOf\":{\"@id\":\"https:\/\/velipost.com\/#website\"},\"primaryImageOfPage\":{\"@id\":\"https:\/\/velipost.com\/?p=6086#primaryimage\"},\"image\":{\"@id\":\"https:\/\/velipost.com\/?p=6086#primaryimage\"},\"thumbnailUrl\":\"https:\/\/velipost.com\/wp-content\/uploads\/2026\/04\/682269888_122245143320265860_3010057779801610944_n.jpg\",\"datePublished\":\"2026-04-29T01:52:21+00:00\",\"dateModified\":\"2026-04-29T01:52:24+00:00\",\"breadcrumb\":{\"@id\":\"https:\/\/velipost.com\/?p=6086#breadcrumb\"},\"inLanguage\":\"fr-FR\",\"potentialAction\":[{\"@type\":\"ReadAction\",\"target\":[\"https:\/\/velipost.com\/?p=6086\"]}]},{\"@type\":\"ImageObject\",\"inLanguage\":\"fr-FR\",\"@id\":\"https:\/\/velipost.com\/?p=6086#primaryimage\",\"url\":\"https:\/\/velipost.com\/wp-content\/uploads\/2026\/04\/682269888_122245143320265860_3010057779801610944_n.jpg\",\"contentUrl\":\"https:\/\/velipost.com\/wp-content\/uploads\/2026\/04\/682269888_122245143320265860_3010057779801610944_n.jpg\",\"width\":750,\"height\":450},{\"@type\":\"BreadcrumbList\",\"@id\":\"https:\/\/velipost.com\/?p=6086#breadcrumb\",\"itemListElement\":[{\"@type\":\"ListItem\",\"position\":1,\"name\":\"Accueil\",\"item\":\"https:\/\/velipost.com\/\"},{\"@type\":\"ListItem\",\"position\":2,\"name\":\"Menaces contre le juge Nesly Ph\u00e8le : l\u2019APM alerte sur un danger pour l\u2019ind\u00e9pendance judiciaire dans l\u2019affaire Wilo Joseph\"}]},{\"@type\":\"WebSite\",\"@id\":\"https:\/\/velipost.com\/#website\",\"url\":\"https:\/\/velipost.com\/\",\"name\":\"VeliPost\",\"description\":\"L\u2019info en un clic\",\"publisher\":{\"@id\":\"https:\/\/velipost.com\/#organization\"},\"potentialAction\":[{\"@type\":\"SearchAction\",\"target\":{\"@type\":\"EntryPoint\",\"urlTemplate\":\"https:\/\/velipost.com\/?s={search_term_string}\"},\"query-input\":{\"@type\":\"PropertyValueSpecification\",\"valueRequired\":true,\"valueName\":\"search_term_string\"}}],\"inLanguage\":\"fr-FR\"},{\"@type\":\"Organization\",\"@id\":\"https:\/\/velipost.com\/#organization\",\"name\":\"VeliPost\",\"url\":\"https:\/\/velipost.com\/\",\"logo\":{\"@type\":\"ImageObject\",\"inLanguage\":\"fr-FR\",\"@id\":\"https:\/\/velipost.com\/#\/schema\/logo\/image\/\",\"url\":\"https:\/\/velipost.com\/wp-content\/uploads\/2024\/08\/cropped-VP-logo-piti.png\",\"contentUrl\":\"https:\/\/velipost.com\/wp-content\/uploads\/2024\/08\/cropped-VP-logo-piti.png\",\"width\":201,\"height\":69,\"caption\":\"VeliPost\"},\"image\":{\"@id\":\"https:\/\/velipost.com\/#\/schema\/logo\/image\/\"},\"sameAs\":[\"https:\/\/www.facebook.com\/veliposthaiti\",\"https:\/\/x.com\/veliposthaiti\",\"https:\/\/www.instagram.com\/veliposthaiti\"]},{\"@type\":\"Person\",\"@id\":\"https:\/\/velipost.com\/#\/schema\/person\/32ff49a53c9c1bb24302ee8ece058096\",\"name\":\"VeliPost\",\"image\":{\"@type\":\"ImageObject\",\"inLanguage\":\"fr-FR\",\"@id\":\"https:\/\/velipost.com\/#\/schema\/person\/image\/\",\"url\":\"https:\/\/secure.gravatar.com\/avatar\/57c226c264de62f794185a89596d4a37b85a5ad20aca30d9d5a478b27d8c8d9d?s=96&d=mm&r=g\",\"contentUrl\":\"https:\/\/secure.gravatar.com\/avatar\/57c226c264de62f794185a89596d4a37b85a5ad20aca30d9d5a478b27d8c8d9d?s=96&d=mm&r=g\",\"caption\":\"VeliPost\"},\"sameAs\":[\"https:\/\/velipost.com\"],\"url\":\"https:\/\/velipost.com\/?author=1\"}]}<\/script>\n<!-- \/ Yoast SEO plugin. -->","yoast_head_json":{"title":"Menaces contre le juge Nesly Ph\u00e8le : l\u2019APM alerte sur un danger pour l\u2019ind\u00e9pendance judiciaire dans l\u2019affaire Wilo Joseph &#8211; VeliPost","robots":{"index":"index","follow":"follow","max-snippet":"max-snippet:-1","max-image-preview":"max-image-preview:large","max-video-preview":"max-video-preview:-1"},"canonical":"https:\/\/velipost.com\/?p=6086","og_locale":"fr_FR","og_type":"article","og_title":"Menaces contre le juge Nesly Ph\u00e8le : l\u2019APM alerte sur un danger pour l\u2019ind\u00e9pendance judiciaire dans l\u2019affaire Wilo Joseph &#8211; VeliPost","og_description":"L\u2019Association Professionnelle des Magistrats (APM) tire la sonnette d\u2019alarme face aux menaces de mort visant le juge d\u2019instruction Nesly Ph\u00e8le, survenues apr\u00e8s une d\u00e9cision","og_url":"https:\/\/velipost.com\/?p=6086","og_site_name":"VeliPost","article_publisher":"https:\/\/www.facebook.com\/veliposthaiti","article_published_time":"2026-04-29T01:52:21+00:00","article_modified_time":"2026-04-29T01:52:24+00:00","og_image":[{"width":750,"height":450,"url":"https:\/\/velipost.com\/wp-content\/uploads\/2026\/04\/682269888_122245143320265860_3010057779801610944_n.jpg","type":"image\/jpeg"}],"author":"VeliPost","twitter_card":"summary_large_image","twitter_creator":"@veliposthaiti","twitter_site":"@veliposthaiti","twitter_misc":{"\u00c9crit par":"VeliPost","Dur\u00e9e de lecture estim\u00e9e":"2 minutes"},"schema":{"@context":"https:\/\/schema.org","@graph":[{"@type":"Article","@id":"https:\/\/velipost.com\/?p=6086#article","isPartOf":{"@id":"https:\/\/velipost.com\/?p=6086"},"author":{"name":"VeliPost","@id":"https:\/\/velipost.com\/#\/schema\/person\/32ff49a53c9c1bb24302ee8ece058096"},"headline":"Menaces contre le juge Nesly Ph\u00e8le : l\u2019APM alerte sur un danger pour l\u2019ind\u00e9pendance judiciaire dans l\u2019affaire Wilo Joseph","datePublished":"2026-04-29T01:52:21+00:00","dateModified":"2026-04-29T01:52:24+00:00","mainEntityOfPage":{"@id":"https:\/\/velipost.com\/?p=6086"},"wordCount":342,"commentCount":0,"publisher":{"@id":"https:\/\/velipost.com\/#organization"},"image":{"@id":"https:\/\/velipost.com\/?p=6086#primaryimage"},"thumbnailUrl":"https:\/\/velipost.com\/wp-content\/uploads\/2026\/04\/682269888_122245143320265860_3010057779801610944_n.jpg","inLanguage":"fr-FR","potentialAction":[{"@type":"CommentAction","name":"Comment","target":["https:\/\/velipost.com\/?p=6086#respond"]}]},{"@type":"WebPage","@id":"https:\/\/velipost.com\/?p=6086","url":"https:\/\/velipost.com\/?p=6086","name":"Menaces contre le juge Nesly Ph\u00e8le : l\u2019APM alerte sur un danger pour l\u2019ind\u00e9pendance judiciaire dans l\u2019affaire Wilo Joseph &#8211; VeliPost","isPartOf":{"@id":"https:\/\/velipost.com\/#website"},"primaryImageOfPage":{"@id":"https:\/\/velipost.com\/?p=6086#primaryimage"},"image":{"@id":"https:\/\/velipost.com\/?p=6086#primaryimage"},"thumbnailUrl":"https:\/\/velipost.com\/wp-content\/uploads\/2026\/04\/682269888_122245143320265860_3010057779801610944_n.jpg","datePublished":"2026-04-29T01:52:21+00:00","dateModified":"2026-04-29T01:52:24+00:00","breadcrumb":{"@id":"https:\/\/velipost.com\/?p=6086#breadcrumb"},"inLanguage":"fr-FR","potentialAction":[{"@type":"ReadAction","target":["https:\/\/velipost.com\/?p=6086"]}]},{"@type":"ImageObject","inLanguage":"fr-FR","@id":"https:\/\/velipost.com\/?p=6086#primaryimage","url":"https:\/\/velipost.com\/wp-content\/uploads\/2026\/04\/682269888_122245143320265860_3010057779801610944_n.jpg","contentUrl":"https:\/\/velipost.com\/wp-content\/uploads\/2026\/04\/682269888_122245143320265860_3010057779801610944_n.jpg","width":750,"height":450},{"@type":"BreadcrumbList","@id":"https:\/\/velipost.com\/?p=6086#breadcrumb","itemListElement":[{"@type":"ListItem","position":1,"name":"Accueil","item":"https:\/\/velipost.com\/"},{"@type":"ListItem","position":2,"name":"Menaces contre le juge Nesly Ph\u00e8le : l\u2019APM alerte sur un danger pour l\u2019ind\u00e9pendance judiciaire dans l\u2019affaire Wilo Joseph"}]},{"@type":"WebSite","@id":"https:\/\/velipost.com\/#website","url":"https:\/\/velipost.com\/","name":"VeliPost","description":"L\u2019info en un clic","publisher":{"@id":"https:\/\/velipost.com\/#organization"},"potentialAction":[{"@type":"SearchAction","target":{"@type":"EntryPoint","urlTemplate":"https:\/\/velipost.com\/?s={search_term_string}"},"query-input":{"@type":"PropertyValueSpecification","valueRequired":true,"valueName":"search_term_string"}}],"inLanguage":"fr-FR"},{"@type":"Organization","@id":"https:\/\/velipost.com\/#organization","name":"VeliPost","url":"https:\/\/velipost.com\/","logo":{"@type":"ImageObject","inLanguage":"fr-FR","@id":"https:\/\/velipost.com\/#\/schema\/logo\/image\/","url":"https:\/\/velipost.com\/wp-content\/uploads\/2024\/08\/cropped-VP-logo-piti.png","contentUrl":"https:\/\/velipost.com\/wp-content\/uploads\/2024\/08\/cropped-VP-logo-piti.png","width":201,"height":69,"caption":"VeliPost"},"image":{"@id":"https:\/\/velipost.com\/#\/schema\/logo\/image\/"},"sameAs":["https:\/\/www.facebook.com\/veliposthaiti","https:\/\/x.com\/veliposthaiti","https:\/\/www.instagram.com\/veliposthaiti"]},{"@type":"Person","@id":"https:\/\/velipost.com\/#\/schema\/person\/32ff49a53c9c1bb24302ee8ece058096","name":"VeliPost","image":{"@type":"ImageObject","inLanguage":"fr-FR","@id":"https:\/\/velipost.com\/#\/schema\/person\/image\/","url":"https:\/\/secure.gravatar.com\/avatar\/57c226c264de62f794185a89596d4a37b85a5ad20aca30d9d5a478b27d8c8d9d?s=96&d=mm&r=g","contentUrl":"https:\/\/secure.gravatar.com\/avatar\/57c226c264de62f794185a89596d4a37b85a5ad20aca30d9d5a478b27d8c8d9d?s=96&d=mm&r=g","caption":"VeliPost"},"sameAs":["https:\/\/velipost.com"],"url":"https:\/\/velipost.com\/?author=1"}]}},"views":0,"jetpack_publicize_connections":[],"uagb_featured_image_src":{"full":["https:\/\/velipost.com\/wp-content\/uploads\/2026\/04\/682269888_122245143320265860_3010057779801610944_n.jpg",750,450,false],"thumbnail":["https:\/\/velipost.com\/wp-content\/uploads\/2026\/04\/682269888_122245143320265860_3010057779801610944_n-150x150.jpg",150,150,true],"medium":["https:\/\/velipost.com\/wp-content\/uploads\/2026\/04\/682269888_122245143320265860_3010057779801610944_n-300x180.jpg",300,180,true],"medium_large":["https:\/\/velipost.com\/wp-content\/uploads\/2026\/04\/682269888_122245143320265860_3010057779801610944_n.jpg",715,429,false],"large":["https:\/\/velipost.com\/wp-content\/uploads\/2026\/04\/682269888_122245143320265860_3010057779801610944_n.jpg",715,429,false],"1536x1536":["https:\/\/velipost.com\/wp-content\/uploads\/2026\/04\/682269888_122245143320265860_3010057779801610944_n.jpg",750,450,false],"2048x2048":["https:\/\/velipost.com\/wp-content\/uploads\/2026\/04\/682269888_122245143320265860_3010057779801610944_n.jpg",750,450,false],"colornews-big-slider":["https:\/\/velipost.com\/wp-content\/uploads\/2026\/04\/682269888_122245143320265860_3010057779801610944_n.jpg",750,450,false],"colornews-big-slider-thumb":["https:\/\/velipost.com\/wp-content\/uploads\/2026\/04\/682269888_122245143320265860_3010057779801610944_n-184x109.jpg",184,109,true],"colornews-featured-post-medium":["https:\/\/velipost.com\/wp-content\/uploads\/2026\/04\/682269888_122245143320265860_3010057779801610944_n-345x265.jpg",345,265,true],"colornews-featured-post-small":["https:\/\/velipost.com\/wp-content\/uploads\/2026\/04\/682269888_122245143320265860_3010057779801610944_n-115x73.jpg",115,73,true],"colornews-random-posts":["https:\/\/velipost.com\/wp-content\/uploads\/2026\/04\/682269888_122245143320265860_3010057779801610944_n-215x215.jpg",215,215,true],"colornews-featured-image":["https:\/\/velipost.com\/wp-content\/uploads\/2026\/04\/682269888_122245143320265860_3010057779801610944_n-715x400.jpg",715,400,true],"mailpoet_newsletter_max":["https:\/\/velipost.com\/wp-content\/uploads\/2026\/04\/682269888_122245143320265860_3010057779801610944_n.jpg",750,450,false]},"uagb_author_info":{"display_name":"VeliPost","author_link":"https:\/\/velipost.com\/?author=1"},"uagb_comment_info":0,"uagb_excerpt":"L\u2019Association Professionnelle des Magistrats (APM) tire la sonnette d\u2019alarme face aux menaces de mort visant le juge d\u2019instruction Nesly Ph\u00e8le, survenues apr\u00e8s une d\u00e9cision","_links":{"self":[{"href":"https:\/\/velipost.com\/index.php?rest_route=\/wp\/v2\/posts\/6086","targetHints":{"allow":["GET"]}}],"collection":[{"href":"https:\/\/velipost.com\/index.php?rest_route=\/wp\/v2\/posts"}],"about":[{"href":"https:\/\/velipost.com\/index.php?rest_route=\/wp\/v2\/types\/post"}],"author":[{"embeddable":true,"href":"https:\/\/velipost.com\/index.php?rest_route=\/wp\/v2\/users\/1"}],"replies":[{"embeddable":true,"href":"https:\/\/velipost.com\/index.php?rest_route=%2Fwp%2Fv2%2Fcomments&post=6086"}],"version-history":[{"count":1,"href":"https:\/\/velipost.com\/index.php?rest_route=\/wp\/v2\/posts\/6086\/revisions"}],"predecessor-version":[{"id":6088,"href":"https:\/\/velipost.com\/index.php?rest_route=\/wp\/v2\/posts\/6086\/revisions\/6088"}],"wp:featuredmedia":[{"embeddable":true,"href":"https:\/\/velipost.com\/index.php?rest_route=\/wp\/v2\/media\/6087"}],"wp:attachment":[{"href":"https:\/\/velipost.com\/index.php?rest_route=%2Fwp%2Fv2%2Fmedia&parent=6086"}],"wp:term":[{"taxonomy":"category","embeddable":true,"href":"https:\/\/velipost.com\/index.php?rest_route=%2Fwp%2Fv2%2Fcategories&post=6086"},{"taxonomy":"post_tag","embeddable":true,"href":"https:\/\/velipost.com\/index.php?rest_route=%2Fwp%2Fv2%2Ftags&post=6086"}],"curies":[{"name":"wp","href":"https:\/\/api.w.org\/{rel}","templated":true}]}}