{"id":6083,"date":"2026-04-29T02:40:00","date_gmt":"2026-04-29T00:40:00","guid":{"rendered":"https:\/\/velipost.com\/?p=6083"},"modified":"2026-04-29T02:40:03","modified_gmt":"2026-04-29T00:40:03","slug":"haiti-et-japon-signent-un-accord-de-cooperation-diplomatique-a-loccasion-des-70-ans-de-relations-bilaterales","status":"publish","type":"post","link":"https:\/\/velipost.com\/?p=6083","title":{"rendered":"Ha\u00efti et Japon signent un accord de coop\u00e9ration diplomatique \u00e0 l\u2019occasion des 70 ans de relations bilat\u00e9rales"},"content":{"rendered":"\n<p>En marge de la c\u00e9l\u00e9bration des 70 ans de relations diplomatiques entre Ha\u00efti et le Japon, un m\u00e9morandum de coop\u00e9ration a \u00e9t\u00e9 sign\u00e9 entre les minist\u00e8res des Affaires \u00e9trang\u00e8res des deux pays.<\/p>\n\n\n\n<p>L\u2019accord, conclu entre la ministre ha\u00eftienne des Affaires \u00e9trang\u00e8res, Raina Forbin, et son homologue japonais Toshimitsu Motegi, porte sur la formation diplomatique et vise \u00e0 renforcer les capacit\u00e9s institutionnelles ainsi que le dialogue bilat\u00e9ral.<\/p>\n\n\n\n<p>Cette signature s\u2019inscrit dans une dynamique de consolidation des relations entre les deux \u00c9tats, d\u00e9j\u00e0 marqu\u00e9es par une coop\u00e9ration active dans plusieurs domaines, notamment l\u2019agriculture, la sant\u00e9 et l\u2019\u00e9ducation.<\/p>\n\n\n\n<p>Les autorit\u00e9s ha\u00eftiennes ont \u00e9galement profit\u00e9 de cette comm\u00e9moration pour saluer le soutien constant du Japon aux initiatives multilat\u00e9rales en Ha\u00efti, notamment celles li\u00e9es \u00e0 la promotion de l\u2019\u00e9galit\u00e9 de genre.<\/p>\n\n\n\n<p>Dans son intervention, le Premier ministre a soulign\u00e9 l\u2019importance de cet appui dans la cr\u00e9ation d\u2019un climat s\u00e9curitaire favorable \u00e0 l\u2019organisation d\u2019\u00e9lections g\u00e9n\u00e9rales cr\u00e9dibles, inclusives et transparentes.<\/p>\n\n\n\n<p>Cette double initiative \u2013 comm\u00e9moration et signature d\u2019accord \u2013 t\u00e9moigne de la volont\u00e9 commune des deux pays de projeter leur partenariat vers l\u2019avenir, dans une logique de coop\u00e9ration renforc\u00e9e et durable.<\/p>\n\n    <div class=\"xs_social_share_widget xs_share_url after_content \t\tmain_content  wslu-style-3 wslu-share-box-shaped wslu-fill-brand-hover-colored wslu-share-m-5 wslu-none wslu-share-horizontal wslu-theme-font-no wslu-main_content\">\n\n\t\t\n        <ul>\n\t\t\t                    <li class=\"xs-share-li twitter                        wslu-no-extra-data\">\n                        <a href=\"javascript:void(0);\"\n                           id=\"xs_feed_twitter\"\n                           onclick=\"xs_social_sharer(this);\"\n                           data-pid=\"6083\"\n                           data-uri_hash=\"fe479fd7ded7dc74461bce1ed3bdd8f4\"\n                           data-key=\"twitter\"\n                           data-xs-href=\"https:\/\/twitter.com\/intent\/tweet?text=Ha%C3%AFti+et+Japon+signent+un+accord+de+coop%C3%A9ration+diplomatique+%C3%A0+l%E2%80%99occasion+des+70+ans+de+relations+bilat%C3%A9rales+https%3A%2F%2Fvelipost.com%2Findex.php%3Frest_route%3D%252Fwp%252Fv2%252Fposts%252F6083&amp;original_referer=https%3A%2F%2Fvelipost.com%2Findex.php%3Frest_route%3D%252Fwp%252Fv2%252Fposts%252F6083&amp;related=xpeedstudio\">\n\n                            <div class=\"xs-social-icon\">\n                                <span class=\"met-social met-social-twitter\"><\/span>\n                            <\/div>\n\n\t\t\t\t\t\t\t\n                            <div class=\"wslu-hover-content\">\n                                <div class=\"xs-social-followers\">\n\t\t\t\t\t\t\t\t\t10                                <\/div>\n                                <div class=\"xs-social-follower-text\">\n\t\t\t\t\t\t\t\t\tShare                                <\/div>\n                                <div class=\"xs-social-follower-label\">\n\t\t\t\t\t\t\t\t\tTwitter                                <\/div>\n                            <\/div>\n                        <\/a>\n                    <\/li>\n\t\t\t\t\t                    <li class=\"xs-share-li telegram                        wslu-no-extra-data\">\n                        <a href=\"javascript:void(0);\"\n                           id=\"xs_feed_telegram\"\n                           onclick=\"xs_social_sharer(this);\"\n                           data-pid=\"6083\"\n                           data-uri_hash=\"fe479fd7ded7dc74461bce1ed3bdd8f4\"\n                           data-key=\"telegram\"\n                           data-xs-href=\"https:\/\/telegram.me\/share\/url?url=https%3A%2F%2Fvelipost.com%2Findex.php%3Frest_route%3D%252Fwp%252Fv2%252Fposts%252F6083&amp;text=Ha%C3%AFti+et+Japon+signent+un+accord+de+coop%C3%A9ration+diplomatique+%C3%A0+l%E2%80%99occasion+des+70+ans+de+relations+bilat%C3%A9rales\">\n\n                            <div class=\"xs-social-icon\">\n                                <span class=\"met-social met-social-telegram\"><\/span>\n                            <\/div>\n\n\t\t\t\t\t\t\t\n                            <div class=\"wslu-hover-content\">\n                                <div class=\"xs-social-followers\">\n\t\t\t\t\t\t\t\t\t0                                <\/div>\n                                <div class=\"xs-social-follower-text\">\n\t\t\t\t\t\t\t\t\tShare                                <\/div>\n                                <div class=\"xs-social-follower-label\">\n\t\t\t\t\t\t\t\t\tTelegram                                <\/div>\n                            <\/div>\n                        <\/a>\n                    <\/li>\n\t\t\t\t\t                    <li class=\"xs-share-li email                        wslu-no-extra-data\">\n                        <a href=\"javascript:void(0);\"\n                           id=\"xs_feed_email\"\n                           onclick=\"xs_social_sharer(this);\"\n                           data-pid=\"6083\"\n                           data-uri_hash=\"fe479fd7ded7dc74461bce1ed3bdd8f4\"\n                           data-key=\"email\"\n                           data-xs-href=\"mailto:?body=Title%3A+Ha%C3%AFti+et+Japon+signent+un+accord+de+coop%C3%A9ration+diplomatique+%C3%A0+l%E2%80%99occasion+des+70+ans+de+relations+bilat%C3%A9rales+%5Cn%5Cn+URL%3A+https%3A%2F%2Fvelipost.com%2Findex.php%3Frest_route%3D%252Fwp%252Fv2%252Fposts%252F6083&amp;subject=Ha%C3%AFti+et+Japon+signent+un+accord+de+coop%C3%A9ration+diplomatique+%C3%A0+l%E2%80%99occasion+des+70+ans+de+relations+bilat%C3%A9rales\">\n\n                            <div class=\"xs-social-icon\">\n                                <span class=\"met-social met-social-email\"><\/span>\n                            <\/div>\n\n\t\t\t\t\t\t\t\n                            <div class=\"wslu-hover-content\">\n                                <div class=\"xs-social-followers\">\n\t\t\t\t\t\t\t\t\t0                                <\/div>\n                                <div class=\"xs-social-follower-text\">\n\t\t\t\t\t\t\t\t\tShare                                <\/div>\n                                <div class=\"xs-social-follower-label\">\n\t\t\t\t\t\t\t\t\tEmail                                <\/div>\n                            <\/div>\n                        <\/a>\n                    <\/li>\n\t\t\t\t\t        <\/ul>\n    <\/div> \n","protected":false},"excerpt":{"rendered":"<p>En marge de la c\u00e9l\u00e9bration des 70 ans de relations diplomatiques entre Ha\u00efti et le Japon, un m\u00e9morandum de coop\u00e9ration a \u00e9t\u00e9 sign\u00e9 entre<\/p>\n","protected":false},"author":1,"featured_media":6084,"comment_status":"open","ping_status":"open","sticky":false,"template":"","format":"standard","meta":{"_uag_custom_page_level_css":"","footnotes":"","jetpack_publicize_message":"","jetpack_publicize_feature_enabled":true,"jetpack_social_post_already_shared":true,"jetpack_social_options":{"image_generator_settings":{"template":"highway","default_image_id":0,"font":"","enabled":false},"version":2}},"categories":[258],"tags":[],"class_list":["post-6083","post","type-post","status-publish","format-standard","has-post-thumbnail","hentry","category-diplomatie"],"yoast_head":"<!-- This site is optimized with the Yoast SEO plugin v25.3.1 - https:\/\/yoast.com\/wordpress\/plugins\/seo\/ -->\n<title>Ha\u00efti et Japon signent un accord de coop\u00e9ration diplomatique \u00e0 l\u2019occasion des 70 ans de relations bilat\u00e9rales &#8211; VeliPost<\/title>\n<meta name=\"robots\" content=\"index, follow, max-snippet:-1, max-image-preview:large, max-video-preview:-1\" \/>\n<link rel=\"canonical\" href=\"https:\/\/velipost.com\/?p=6083\" \/>\n<meta property=\"og:locale\" content=\"fr_FR\" \/>\n<meta property=\"og:type\" content=\"article\" \/>\n<meta property=\"og:title\" content=\"Ha\u00efti et Japon signent un accord de coop\u00e9ration diplomatique \u00e0 l\u2019occasion des 70 ans de relations bilat\u00e9rales &#8211; VeliPost\" \/>\n<meta property=\"og:description\" content=\"En marge de la c\u00e9l\u00e9bration des 70 ans de relations diplomatiques entre Ha\u00efti et le Japon, un m\u00e9morandum de coop\u00e9ration a \u00e9t\u00e9 sign\u00e9 entre\" \/>\n<meta property=\"og:url\" content=\"https:\/\/velipost.com\/?p=6083\" \/>\n<meta property=\"og:site_name\" content=\"VeliPost\" \/>\n<meta property=\"article:publisher\" content=\"https:\/\/www.facebook.com\/veliposthaiti\" \/>\n<meta property=\"article:published_time\" content=\"2026-04-29T00:40:00+00:00\" \/>\n<meta property=\"article:modified_time\" content=\"2026-04-29T00:40:03+00:00\" \/>\n<meta property=\"og:image\" content=\"https:\/\/velipost.com\/wp-content\/uploads\/2026\/04\/682690642_1422586416563800_1525447595633189818_n.jpg\" \/>\n\t<meta property=\"og:image:width\" content=\"2048\" \/>\n\t<meta property=\"og:image:height\" content=\"1364\" \/>\n\t<meta property=\"og:image:type\" content=\"image\/jpeg\" \/>\n<meta name=\"author\" content=\"VeliPost\" \/>\n<meta name=\"twitter:card\" content=\"summary_large_image\" \/>\n<meta name=\"twitter:creator\" content=\"@veliposthaiti\" \/>\n<meta name=\"twitter:site\" content=\"@veliposthaiti\" \/>\n<meta name=\"twitter:label1\" content=\"\u00c9crit par\" \/>\n\t<meta name=\"twitter:data1\" content=\"VeliPost\" \/>\n\t<meta name=\"twitter:label2\" content=\"Dur\u00e9e de lecture estim\u00e9e\" \/>\n\t<meta name=\"twitter:data2\" content=\"2 minutes\" \/>\n<script type=\"application\/ld+json\" class=\"yoast-schema-graph\">{\"@context\":\"https:\/\/schema.org\",\"@graph\":[{\"@type\":\"Article\",\"@id\":\"https:\/\/velipost.com\/?p=6083#article\",\"isPartOf\":{\"@id\":\"https:\/\/velipost.com\/?p=6083\"},\"author\":{\"name\":\"VeliPost\",\"@id\":\"https:\/\/velipost.com\/#\/schema\/person\/32ff49a53c9c1bb24302ee8ece058096\"},\"headline\":\"Ha\u00efti et Japon signent un accord de coop\u00e9ration diplomatique \u00e0 l\u2019occasion des 70 ans de relations bilat\u00e9rales\",\"datePublished\":\"2026-04-29T00:40:00+00:00\",\"dateModified\":\"2026-04-29T00:40:03+00:00\",\"mainEntityOfPage\":{\"@id\":\"https:\/\/velipost.com\/?p=6083\"},\"wordCount\":237,\"commentCount\":0,\"publisher\":{\"@id\":\"https:\/\/velipost.com\/#organization\"},\"image\":{\"@id\":\"https:\/\/velipost.com\/?p=6083#primaryimage\"},\"thumbnailUrl\":\"https:\/\/velipost.com\/wp-content\/uploads\/2026\/04\/682690642_1422586416563800_1525447595633189818_n.jpg\",\"articleSection\":[\"Diplomatie\"],\"inLanguage\":\"fr-FR\",\"potentialAction\":[{\"@type\":\"CommentAction\",\"name\":\"Comment\",\"target\":[\"https:\/\/velipost.com\/?p=6083#respond\"]}]},{\"@type\":\"WebPage\",\"@id\":\"https:\/\/velipost.com\/?p=6083\",\"url\":\"https:\/\/velipost.com\/?p=6083\",\"name\":\"Ha\u00efti et Japon signent un accord de coop\u00e9ration diplomatique \u00e0 l\u2019occasion des 70 ans de relations bilat\u00e9rales &#8211; VeliPost\",\"isPartOf\":{\"@id\":\"https:\/\/velipost.com\/#website\"},\"primaryImageOfPage\":{\"@id\":\"https:\/\/velipost.com\/?p=6083#primaryimage\"},\"image\":{\"@id\":\"https:\/\/velipost.com\/?p=6083#primaryimage\"},\"thumbnailUrl\":\"https:\/\/velipost.com\/wp-content\/uploads\/2026\/04\/682690642_1422586416563800_1525447595633189818_n.jpg\",\"datePublished\":\"2026-04-29T00:40:00+00:00\",\"dateModified\":\"2026-04-29T00:40:03+00:00\",\"breadcrumb\":{\"@id\":\"https:\/\/velipost.com\/?p=6083#breadcrumb\"},\"inLanguage\":\"fr-FR\",\"potentialAction\":[{\"@type\":\"ReadAction\",\"target\":[\"https:\/\/velipost.com\/?p=6083\"]}]},{\"@type\":\"ImageObject\",\"inLanguage\":\"fr-FR\",\"@id\":\"https:\/\/velipost.com\/?p=6083#primaryimage\",\"url\":\"https:\/\/velipost.com\/wp-content\/uploads\/2026\/04\/682690642_1422586416563800_1525447595633189818_n.jpg\",\"contentUrl\":\"https:\/\/velipost.com\/wp-content\/uploads\/2026\/04\/682690642_1422586416563800_1525447595633189818_n.jpg\",\"width\":2048,\"height\":1364},{\"@type\":\"BreadcrumbList\",\"@id\":\"https:\/\/velipost.com\/?p=6083#breadcrumb\",\"itemListElement\":[{\"@type\":\"ListItem\",\"position\":1,\"name\":\"Accueil\",\"item\":\"https:\/\/velipost.com\/\"},{\"@type\":\"ListItem\",\"position\":2,\"name\":\"Ha\u00efti et Japon signent un accord de coop\u00e9ration diplomatique \u00e0 l\u2019occasion des 70 ans de relations bilat\u00e9rales\"}]},{\"@type\":\"WebSite\",\"@id\":\"https:\/\/velipost.com\/#website\",\"url\":\"https:\/\/velipost.com\/\",\"name\":\"VeliPost\",\"description\":\"L\u2019info en un clic\",\"publisher\":{\"@id\":\"https:\/\/velipost.com\/#organization\"},\"potentialAction\":[{\"@type\":\"SearchAction\",\"target\":{\"@type\":\"EntryPoint\",\"urlTemplate\":\"https:\/\/velipost.com\/?s={search_term_string}\"},\"query-input\":{\"@type\":\"PropertyValueSpecification\",\"valueRequired\":true,\"valueName\":\"search_term_string\"}}],\"inLanguage\":\"fr-FR\"},{\"@type\":\"Organization\",\"@id\":\"https:\/\/velipost.com\/#organization\",\"name\":\"VeliPost\",\"url\":\"https:\/\/velipost.com\/\",\"logo\":{\"@type\":\"ImageObject\",\"inLanguage\":\"fr-FR\",\"@id\":\"https:\/\/velipost.com\/#\/schema\/logo\/image\/\",\"url\":\"https:\/\/velipost.com\/wp-content\/uploads\/2024\/08\/cropped-VP-logo-piti.png\",\"contentUrl\":\"https:\/\/velipost.com\/wp-content\/uploads\/2024\/08\/cropped-VP-logo-piti.png\",\"width\":201,\"height\":69,\"caption\":\"VeliPost\"},\"image\":{\"@id\":\"https:\/\/velipost.com\/#\/schema\/logo\/image\/\"},\"sameAs\":[\"https:\/\/www.facebook.com\/veliposthaiti\",\"https:\/\/x.com\/veliposthaiti\",\"https:\/\/www.instagram.com\/veliposthaiti\"]},{\"@type\":\"Person\",\"@id\":\"https:\/\/velipost.com\/#\/schema\/person\/32ff49a53c9c1bb24302ee8ece058096\",\"name\":\"VeliPost\",\"image\":{\"@type\":\"ImageObject\",\"inLanguage\":\"fr-FR\",\"@id\":\"https:\/\/velipost.com\/#\/schema\/person\/image\/\",\"url\":\"https:\/\/secure.gravatar.com\/avatar\/57c226c264de62f794185a89596d4a37b85a5ad20aca30d9d5a478b27d8c8d9d?s=96&d=mm&r=g\",\"contentUrl\":\"https:\/\/secure.gravatar.com\/avatar\/57c226c264de62f794185a89596d4a37b85a5ad20aca30d9d5a478b27d8c8d9d?s=96&d=mm&r=g\",\"caption\":\"VeliPost\"},\"sameAs\":[\"https:\/\/velipost.com\"],\"url\":\"https:\/\/velipost.com\/?author=1\"}]}<\/script>\n<!-- \/ Yoast SEO plugin. -->","yoast_head_json":{"title":"Ha\u00efti et Japon signent un accord de coop\u00e9ration diplomatique \u00e0 l\u2019occasion des 70 ans de relations bilat\u00e9rales &#8211; VeliPost","robots":{"index":"index","follow":"follow","max-snippet":"max-snippet:-1","max-image-preview":"max-image-preview:large","max-video-preview":"max-video-preview:-1"},"canonical":"https:\/\/velipost.com\/?p=6083","og_locale":"fr_FR","og_type":"article","og_title":"Ha\u00efti et Japon signent un accord de coop\u00e9ration diplomatique \u00e0 l\u2019occasion des 70 ans de relations bilat\u00e9rales &#8211; VeliPost","og_description":"En marge de la c\u00e9l\u00e9bration des 70 ans de relations diplomatiques entre Ha\u00efti et le Japon, un m\u00e9morandum de coop\u00e9ration a \u00e9t\u00e9 sign\u00e9 entre","og_url":"https:\/\/velipost.com\/?p=6083","og_site_name":"VeliPost","article_publisher":"https:\/\/www.facebook.com\/veliposthaiti","article_published_time":"2026-04-29T00:40:00+00:00","article_modified_time":"2026-04-29T00:40:03+00:00","og_image":[{"width":2048,"height":1364,"url":"https:\/\/velipost.com\/wp-content\/uploads\/2026\/04\/682690642_1422586416563800_1525447595633189818_n.jpg","type":"image\/jpeg"}],"author":"VeliPost","twitter_card":"summary_large_image","twitter_creator":"@veliposthaiti","twitter_site":"@veliposthaiti","twitter_misc":{"\u00c9crit par":"VeliPost","Dur\u00e9e de lecture estim\u00e9e":"2 minutes"},"schema":{"@context":"https:\/\/schema.org","@graph":[{"@type":"Article","@id":"https:\/\/velipost.com\/?p=6083#article","isPartOf":{"@id":"https:\/\/velipost.com\/?p=6083"},"author":{"name":"VeliPost","@id":"https:\/\/velipost.com\/#\/schema\/person\/32ff49a53c9c1bb24302ee8ece058096"},"headline":"Ha\u00efti et Japon signent un accord de coop\u00e9ration diplomatique \u00e0 l\u2019occasion des 70 ans de relations bilat\u00e9rales","datePublished":"2026-04-29T00:40:00+00:00","dateModified":"2026-04-29T00:40:03+00:00","mainEntityOfPage":{"@id":"https:\/\/velipost.com\/?p=6083"},"wordCount":237,"commentCount":0,"publisher":{"@id":"https:\/\/velipost.com\/#organization"},"image":{"@id":"https:\/\/velipost.com\/?p=6083#primaryimage"},"thumbnailUrl":"https:\/\/velipost.com\/wp-content\/uploads\/2026\/04\/682690642_1422586416563800_1525447595633189818_n.jpg","articleSection":["Diplomatie"],"inLanguage":"fr-FR","potentialAction":[{"@type":"CommentAction","name":"Comment","target":["https:\/\/velipost.com\/?p=6083#respond"]}]},{"@type":"WebPage","@id":"https:\/\/velipost.com\/?p=6083","url":"https:\/\/velipost.com\/?p=6083","name":"Ha\u00efti et Japon signent un accord de coop\u00e9ration diplomatique \u00e0 l\u2019occasion des 70 ans de relations bilat\u00e9rales &#8211; VeliPost","isPartOf":{"@id":"https:\/\/velipost.com\/#website"},"primaryImageOfPage":{"@id":"https:\/\/velipost.com\/?p=6083#primaryimage"},"image":{"@id":"https:\/\/velipost.com\/?p=6083#primaryimage"},"thumbnailUrl":"https:\/\/velipost.com\/wp-content\/uploads\/2026\/04\/682690642_1422586416563800_1525447595633189818_n.jpg","datePublished":"2026-04-29T00:40:00+00:00","dateModified":"2026-04-29T00:40:03+00:00","breadcrumb":{"@id":"https:\/\/velipost.com\/?p=6083#breadcrumb"},"inLanguage":"fr-FR","potentialAction":[{"@type":"ReadAction","target":["https:\/\/velipost.com\/?p=6083"]}]},{"@type":"ImageObject","inLanguage":"fr-FR","@id":"https:\/\/velipost.com\/?p=6083#primaryimage","url":"https:\/\/velipost.com\/wp-content\/uploads\/2026\/04\/682690642_1422586416563800_1525447595633189818_n.jpg","contentUrl":"https:\/\/velipost.com\/wp-content\/uploads\/2026\/04\/682690642_1422586416563800_1525447595633189818_n.jpg","width":2048,"height":1364},{"@type":"BreadcrumbList","@id":"https:\/\/velipost.com\/?p=6083#breadcrumb","itemListElement":[{"@type":"ListItem","position":1,"name":"Accueil","item":"https:\/\/velipost.com\/"},{"@type":"ListItem","position":2,"name":"Ha\u00efti et Japon signent un accord de coop\u00e9ration diplomatique \u00e0 l\u2019occasion des 70 ans de relations bilat\u00e9rales"}]},{"@type":"WebSite","@id":"https:\/\/velipost.com\/#website","url":"https:\/\/velipost.com\/","name":"VeliPost","description":"L\u2019info en un clic","publisher":{"@id":"https:\/\/velipost.com\/#organization"},"potentialAction":[{"@type":"SearchAction","target":{"@type":"EntryPoint","urlTemplate":"https:\/\/velipost.com\/?s={search_term_string}"},"query-input":{"@type":"PropertyValueSpecification","valueRequired":true,"valueName":"search_term_string"}}],"inLanguage":"fr-FR"},{"@type":"Organization","@id":"https:\/\/velipost.com\/#organization","name":"VeliPost","url":"https:\/\/velipost.com\/","logo":{"@type":"ImageObject","inLanguage":"fr-FR","@id":"https:\/\/velipost.com\/#\/schema\/logo\/image\/","url":"https:\/\/velipost.com\/wp-content\/uploads\/2024\/08\/cropped-VP-logo-piti.png","contentUrl":"https:\/\/velipost.com\/wp-content\/uploads\/2024\/08\/cropped-VP-logo-piti.png","width":201,"height":69,"caption":"VeliPost"},"image":{"@id":"https:\/\/velipost.com\/#\/schema\/logo\/image\/"},"sameAs":["https:\/\/www.facebook.com\/veliposthaiti","https:\/\/x.com\/veliposthaiti","https:\/\/www.instagram.com\/veliposthaiti"]},{"@type":"Person","@id":"https:\/\/velipost.com\/#\/schema\/person\/32ff49a53c9c1bb24302ee8ece058096","name":"VeliPost","image":{"@type":"ImageObject","inLanguage":"fr-FR","@id":"https:\/\/velipost.com\/#\/schema\/person\/image\/","url":"https:\/\/secure.gravatar.com\/avatar\/57c226c264de62f794185a89596d4a37b85a5ad20aca30d9d5a478b27d8c8d9d?s=96&d=mm&r=g","contentUrl":"https:\/\/secure.gravatar.com\/avatar\/57c226c264de62f794185a89596d4a37b85a5ad20aca30d9d5a478b27d8c8d9d?s=96&d=mm&r=g","caption":"VeliPost"},"sameAs":["https:\/\/velipost.com"],"url":"https:\/\/velipost.com\/?author=1"}]}},"views":0,"jetpack_publicize_connections":[],"uagb_featured_image_src":{"full":["https:\/\/velipost.com\/wp-content\/uploads\/2026\/04\/682690642_1422586416563800_1525447595633189818_n.jpg",2048,1364,false],"thumbnail":["https:\/\/velipost.com\/wp-content\/uploads\/2026\/04\/682690642_1422586416563800_1525447595633189818_n-150x150.jpg",150,150,true],"medium":["https:\/\/velipost.com\/wp-content\/uploads\/2026\/04\/682690642_1422586416563800_1525447595633189818_n-300x200.jpg",300,200,true],"medium_large":["https:\/\/velipost.com\/wp-content\/uploads\/2026\/04\/682690642_1422586416563800_1525447595633189818_n-768x512.jpg",715,477,true],"large":["https:\/\/velipost.com\/wp-content\/uploads\/2026\/04\/682690642_1422586416563800_1525447595633189818_n-1024x682.jpg",715,476,true],"1536x1536":["https:\/\/velipost.com\/wp-content\/uploads\/2026\/04\/682690642_1422586416563800_1525447595633189818_n-1536x1023.jpg",1536,1023,true],"2048x2048":["https:\/\/velipost.com\/wp-content\/uploads\/2026\/04\/682690642_1422586416563800_1525447595633189818_n.jpg",2048,1364,false],"colornews-big-slider":["https:\/\/velipost.com\/wp-content\/uploads\/2026\/04\/682690642_1422586416563800_1525447595633189818_n-1070x470.jpg",1070,470,true],"colornews-big-slider-thumb":["https:\/\/velipost.com\/wp-content\/uploads\/2026\/04\/682690642_1422586416563800_1525447595633189818_n-184x109.jpg",184,109,true],"colornews-featured-post-medium":["https:\/\/velipost.com\/wp-content\/uploads\/2026\/04\/682690642_1422586416563800_1525447595633189818_n-345x265.jpg",345,265,true],"colornews-featured-post-small":["https:\/\/velipost.com\/wp-content\/uploads\/2026\/04\/682690642_1422586416563800_1525447595633189818_n-115x73.jpg",115,73,true],"colornews-random-posts":["https:\/\/velipost.com\/wp-content\/uploads\/2026\/04\/682690642_1422586416563800_1525447595633189818_n-215x215.jpg",215,215,true],"colornews-featured-image":["https:\/\/velipost.com\/wp-content\/uploads\/2026\/04\/682690642_1422586416563800_1525447595633189818_n-715x400.jpg",715,400,true],"mailpoet_newsletter_max":["https:\/\/velipost.com\/wp-content\/uploads\/2026\/04\/682690642_1422586416563800_1525447595633189818_n-1320x879.jpg",1320,879,true]},"uagb_author_info":{"display_name":"VeliPost","author_link":"https:\/\/velipost.com\/?author=1"},"uagb_comment_info":0,"uagb_excerpt":"En marge de la c\u00e9l\u00e9bration des 70 ans de relations diplomatiques entre Ha\u00efti et le Japon, un m\u00e9morandum de coop\u00e9ration a \u00e9t\u00e9 sign\u00e9 entre","_links":{"self":[{"href":"https:\/\/velipost.com\/index.php?rest_route=\/wp\/v2\/posts\/6083","targetHints":{"allow":["GET"]}}],"collection":[{"href":"https:\/\/velipost.com\/index.php?rest_route=\/wp\/v2\/posts"}],"about":[{"href":"https:\/\/velipost.com\/index.php?rest_route=\/wp\/v2\/types\/post"}],"author":[{"embeddable":true,"href":"https:\/\/velipost.com\/index.php?rest_route=\/wp\/v2\/users\/1"}],"replies":[{"embeddable":true,"href":"https:\/\/velipost.com\/index.php?rest_route=%2Fwp%2Fv2%2Fcomments&post=6083"}],"version-history":[{"count":1,"href":"https:\/\/velipost.com\/index.php?rest_route=\/wp\/v2\/posts\/6083\/revisions"}],"predecessor-version":[{"id":6085,"href":"https:\/\/velipost.com\/index.php?rest_route=\/wp\/v2\/posts\/6083\/revisions\/6085"}],"wp:featuredmedia":[{"embeddable":true,"href":"https:\/\/velipost.com\/index.php?rest_route=\/wp\/v2\/media\/6084"}],"wp:attachment":[{"href":"https:\/\/velipost.com\/index.php?rest_route=%2Fwp%2Fv2%2Fmedia&parent=6083"}],"wp:term":[{"taxonomy":"category","embeddable":true,"href":"https:\/\/velipost.com\/index.php?rest_route=%2Fwp%2Fv2%2Fcategories&post=6083"},{"taxonomy":"post_tag","embeddable":true,"href":"https:\/\/velipost.com\/index.php?rest_route=%2Fwp%2Fv2%2Ftags&post=6083"}],"curies":[{"name":"wp","href":"https:\/\/api.w.org\/{rel}","templated":true}]}}