{"id":6070,"date":"2026-04-28T05:08:57","date_gmt":"2026-04-28T03:08:57","guid":{"rendered":"https:\/\/velipost.com\/?p=6070"},"modified":"2026-04-28T05:09:03","modified_gmt":"2026-04-28T03:09:03","slug":"le-collectif-des-professionnels-de-la-presse-engage-dans-lelaboration-dune-charte-pour-des-medias-responsables","status":"publish","type":"post","link":"https:\/\/velipost.com\/?p=6070","title":{"rendered":"Le Collectif des Professionnels de la Presse engag\u00e9 dans l&rsquo;elaboration d\u2019une charte pour des m\u00e9dias responsables"},"content":{"rendered":"\n<p>Le Collectif des Professionnels de la Presse (CPP) a pris une part active, ce lundi 27 avril 2026, au lancement des consultations nationales autour de l\u2019\u00e9laboration d\u2019une charte de bonnes pratiques pour les m\u00e9dias, \u00e0 l\u2019h\u00f4tel El Rancho, \u00e0 P\u00e9tion-Ville.<\/p>\n\n\n\n<p>Repr\u00e9sent\u00e9 par son coordonnateur, Lenz Beth Ferlyn Alpar\u00e8te, le CPP s\u2019est positionn\u00e9 comme un acteur cl\u00e9 de cette initiative port\u00e9e par l\u2019Association ha\u00eftienne des m\u00e9dias en ligne (AHML). Par sa pr\u00e9sence, l\u2019organisation a clairement affich\u00e9 sa volont\u00e9 de contribuer \u00e0 la structuration d\u2019un paysage m\u00e9diatique plus cr\u00e9dible et plus responsable.<\/p>\n\n\n\n<p>Ces consultations, qui se d\u00e9roulent du 27 au 29 avril, r\u00e9unissent plusieurs acteurs du secteur autour des enjeux li\u00e9s \u00e0 la qualit\u00e9 de l\u2019information, \u00e0 l\u2019\u00e9thique journalistique et \u00e0 l\u2019adaptation des m\u00e9dias aux r\u00e9alit\u00e9s du num\u00e9rique. Le CPP entend jouer un r\u00f4le moteur dans ces \u00e9changes, en mettant en avant l\u2019importance d\u2019un encadrement professionnel renforc\u00e9.<\/p>\n\n\n\n<p>Au-del\u00e0 de sa participation, le Collectif des Professionnels de la Presse s\u2019inscrit dans une dynamique de r\u00e9flexion plus large sur l\u2019avenir du journalisme en Ha\u00efti. L\u2019initiative pr\u00e9voit notamment une cartographie du secteur m\u00e9diatique ainsi qu\u2019une analyse approfondie des d\u00e9fis et opportunit\u00e9s auxquels font face les professionnels de l\u2019information.<\/p>\n\n\n\n<p>Soutenu par le Haut-Commissariat des Nations Unies aux droits de l\u2019homme et financ\u00e9 par le Peacebuilding Fund, ce processus vise \u00e0 promouvoir un espace m\u00e9diatique plus s\u00fbr, inclusif et respectueux des normes d\u00e9mocratiques, en particulier dans le contexte sensible de la transition \u00e9lectorale.<\/p>\n\n\n\n<p>\u00c0 travers cette implication, le CPP confirme son engagement en faveur d\u2019un journalisme \u00e9thique, responsable et adapt\u00e9 aux exigences contemporaines, tout en consolidant sa place parmi les acteurs incontournables du secteur m\u00e9diatique ha\u00eftien.<\/p>\n\n    <div class=\"xs_social_share_widget xs_share_url after_content \t\tmain_content  wslu-style-3 wslu-share-box-shaped wslu-fill-brand-hover-colored wslu-share-m-5 wslu-none wslu-share-horizontal wslu-theme-font-no wslu-main_content\">\n\n\t\t\n        <ul>\n\t\t\t                    <li class=\"xs-share-li twitter                        wslu-no-extra-data\">\n                        <a href=\"javascript:void(0);\"\n                           id=\"xs_feed_twitter\"\n                           onclick=\"xs_social_sharer(this);\"\n                           data-pid=\"6070\"\n                           data-uri_hash=\"8b84b0448dcc5c5113f541dd2617ec59\"\n                           data-key=\"twitter\"\n                           data-xs-href=\"https:\/\/twitter.com\/intent\/tweet?text=Le+Collectif+des+Professionnels+de+la+Presse+engag%C3%A9+dans+l%26rsquo%3Belaboration+d%E2%80%99une+charte+pour+des+m%C3%A9dias+responsables+https%3A%2F%2Fvelipost.com%2Findex.php%3Frest_route%3D%252Fwp%252Fv2%252Fposts%252F6070&amp;original_referer=https%3A%2F%2Fvelipost.com%2Findex.php%3Frest_route%3D%252Fwp%252Fv2%252Fposts%252F6070&amp;related=xpeedstudio\">\n\n                            <div class=\"xs-social-icon\">\n                                <span class=\"met-social met-social-twitter\"><\/span>\n                            <\/div>\n\n\t\t\t\t\t\t\t\n                            <div class=\"wslu-hover-content\">\n                                <div class=\"xs-social-followers\">\n\t\t\t\t\t\t\t\t\t10                                <\/div>\n                                <div class=\"xs-social-follower-text\">\n\t\t\t\t\t\t\t\t\tShare                                <\/div>\n                                <div class=\"xs-social-follower-label\">\n\t\t\t\t\t\t\t\t\tTwitter                                <\/div>\n                            <\/div>\n                        <\/a>\n                    <\/li>\n\t\t\t\t\t                    <li class=\"xs-share-li telegram                        wslu-no-extra-data\">\n                        <a href=\"javascript:void(0);\"\n                           id=\"xs_feed_telegram\"\n                           onclick=\"xs_social_sharer(this);\"\n                           data-pid=\"6070\"\n                           data-uri_hash=\"8b84b0448dcc5c5113f541dd2617ec59\"\n                           data-key=\"telegram\"\n                           data-xs-href=\"https:\/\/telegram.me\/share\/url?url=https%3A%2F%2Fvelipost.com%2Findex.php%3Frest_route%3D%252Fwp%252Fv2%252Fposts%252F6070&amp;text=Le+Collectif+des+Professionnels+de+la+Presse+engag%C3%A9+dans+l%26rsquo%3Belaboration+d%E2%80%99une+charte+pour+des+m%C3%A9dias+responsables\">\n\n                            <div class=\"xs-social-icon\">\n                                <span class=\"met-social met-social-telegram\"><\/span>\n                            <\/div>\n\n\t\t\t\t\t\t\t\n                            <div class=\"wslu-hover-content\">\n                                <div class=\"xs-social-followers\">\n\t\t\t\t\t\t\t\t\t0                                <\/div>\n                                <div class=\"xs-social-follower-text\">\n\t\t\t\t\t\t\t\t\tShare                                <\/div>\n                                <div class=\"xs-social-follower-label\">\n\t\t\t\t\t\t\t\t\tTelegram                                <\/div>\n                            <\/div>\n                        <\/a>\n                    <\/li>\n\t\t\t\t\t                    <li class=\"xs-share-li email                        wslu-no-extra-data\">\n                        <a href=\"javascript:void(0);\"\n                           id=\"xs_feed_email\"\n                           onclick=\"xs_social_sharer(this);\"\n                           data-pid=\"6070\"\n                           data-uri_hash=\"8b84b0448dcc5c5113f541dd2617ec59\"\n                           data-key=\"email\"\n                           data-xs-href=\"mailto:?body=Title%3A+Le+Collectif+des+Professionnels+de+la+Presse+engag%C3%A9+dans+l%26rsquo%3Belaboration+d%E2%80%99une+charte+pour+des+m%C3%A9dias+responsables+%5Cn%5Cn+URL%3A+https%3A%2F%2Fvelipost.com%2Findex.php%3Frest_route%3D%252Fwp%252Fv2%252Fposts%252F6070&amp;subject=Le+Collectif+des+Professionnels+de+la+Presse+engag%C3%A9+dans+l%26rsquo%3Belaboration+d%E2%80%99une+charte+pour+des+m%C3%A9dias+responsables\">\n\n                            <div class=\"xs-social-icon\">\n                                <span class=\"met-social met-social-email\"><\/span>\n                            <\/div>\n\n\t\t\t\t\t\t\t\n                            <div class=\"wslu-hover-content\">\n                                <div class=\"xs-social-followers\">\n\t\t\t\t\t\t\t\t\t0                                <\/div>\n                                <div class=\"xs-social-follower-text\">\n\t\t\t\t\t\t\t\t\tShare                                <\/div>\n                                <div class=\"xs-social-follower-label\">\n\t\t\t\t\t\t\t\t\tEmail                                <\/div>\n                            <\/div>\n                        <\/a>\n                    <\/li>\n\t\t\t\t\t        <\/ul>\n    <\/div> \n","protected":false},"excerpt":{"rendered":"<p>Le Collectif des Professionnels de la Presse (CPP) a pris une part active, ce lundi 27 avril 2026, au lancement des consultations nationales autour<\/p>\n","protected":false},"author":1,"featured_media":6072,"comment_status":"open","ping_status":"open","sticky":false,"template":"","format":"standard","meta":{"_uag_custom_page_level_css":"","footnotes":"","jetpack_publicize_message":"","jetpack_publicize_feature_enabled":true,"jetpack_social_post_already_shared":true,"jetpack_social_options":{"image_generator_settings":{"template":"highway","default_image_id":0,"font":"","enabled":false},"version":2}},"categories":[3],"tags":[],"class_list":["post-6070","post","type-post","status-publish","format-standard","has-post-thumbnail","hentry","category-societe"],"yoast_head":"<!-- This site is optimized with the Yoast SEO plugin v25.3.1 - https:\/\/yoast.com\/wordpress\/plugins\/seo\/ -->\n<title>Le Collectif des Professionnels de la Presse engag\u00e9 dans l&#039;elaboration d\u2019une charte pour des m\u00e9dias responsables &#8211; VeliPost<\/title>\n<meta name=\"robots\" content=\"index, follow, max-snippet:-1, max-image-preview:large, max-video-preview:-1\" \/>\n<link rel=\"canonical\" href=\"https:\/\/velipost.com\/?p=6070\" \/>\n<meta property=\"og:locale\" content=\"fr_FR\" \/>\n<meta property=\"og:type\" content=\"article\" \/>\n<meta property=\"og:title\" content=\"Le Collectif des Professionnels de la Presse engag\u00e9 dans l&#039;elaboration d\u2019une charte pour des m\u00e9dias responsables &#8211; VeliPost\" \/>\n<meta property=\"og:description\" content=\"Le Collectif des Professionnels de la Presse (CPP) a pris une part active, ce lundi 27 avril 2026, au lancement des consultations nationales autour\" \/>\n<meta property=\"og:url\" content=\"https:\/\/velipost.com\/?p=6070\" \/>\n<meta property=\"og:site_name\" content=\"VeliPost\" \/>\n<meta property=\"article:publisher\" content=\"https:\/\/www.facebook.com\/veliposthaiti\" \/>\n<meta property=\"article:published_time\" content=\"2026-04-28T03:08:57+00:00\" \/>\n<meta property=\"article:modified_time\" content=\"2026-04-28T03:09:03+00:00\" \/>\n<meta property=\"og:image\" content=\"https:\/\/velipost.com\/wp-content\/uploads\/2026\/04\/CPP.jpg\" \/>\n\t<meta property=\"og:image:width\" content=\"1170\" \/>\n\t<meta property=\"og:image:height\" content=\"603\" \/>\n\t<meta property=\"og:image:type\" content=\"image\/jpeg\" \/>\n<meta name=\"author\" content=\"VeliPost\" \/>\n<meta name=\"twitter:card\" content=\"summary_large_image\" \/>\n<meta name=\"twitter:creator\" content=\"@veliposthaiti\" \/>\n<meta name=\"twitter:site\" content=\"@veliposthaiti\" \/>\n<meta name=\"twitter:label1\" content=\"\u00c9crit par\" \/>\n\t<meta name=\"twitter:data1\" content=\"VeliPost\" \/>\n\t<meta name=\"twitter:label2\" content=\"Dur\u00e9e de lecture estim\u00e9e\" \/>\n\t<meta name=\"twitter:data2\" content=\"2 minutes\" \/>\n<script type=\"application\/ld+json\" class=\"yoast-schema-graph\">{\"@context\":\"https:\/\/schema.org\",\"@graph\":[{\"@type\":\"Article\",\"@id\":\"https:\/\/velipost.com\/?p=6070#article\",\"isPartOf\":{\"@id\":\"https:\/\/velipost.com\/?p=6070\"},\"author\":{\"name\":\"VeliPost\",\"@id\":\"https:\/\/velipost.com\/#\/schema\/person\/32ff49a53c9c1bb24302ee8ece058096\"},\"headline\":\"Le Collectif des Professionnels de la Presse engag\u00e9 dans l&rsquo;elaboration d\u2019une charte pour des m\u00e9dias responsables\",\"datePublished\":\"2026-04-28T03:08:57+00:00\",\"dateModified\":\"2026-04-28T03:09:03+00:00\",\"mainEntityOfPage\":{\"@id\":\"https:\/\/velipost.com\/?p=6070\"},\"wordCount\":325,\"commentCount\":0,\"publisher\":{\"@id\":\"https:\/\/velipost.com\/#organization\"},\"image\":{\"@id\":\"https:\/\/velipost.com\/?p=6070#primaryimage\"},\"thumbnailUrl\":\"https:\/\/velipost.com\/wp-content\/uploads\/2026\/04\/CPP.jpg\",\"articleSection\":[\"Soci\u00e9t\u00e9\"],\"inLanguage\":\"fr-FR\",\"potentialAction\":[{\"@type\":\"CommentAction\",\"name\":\"Comment\",\"target\":[\"https:\/\/velipost.com\/?p=6070#respond\"]}]},{\"@type\":\"WebPage\",\"@id\":\"https:\/\/velipost.com\/?p=6070\",\"url\":\"https:\/\/velipost.com\/?p=6070\",\"name\":\"Le Collectif des Professionnels de la Presse engag\u00e9 dans l'elaboration d\u2019une charte pour des m\u00e9dias responsables &#8211; VeliPost\",\"isPartOf\":{\"@id\":\"https:\/\/velipost.com\/#website\"},\"primaryImageOfPage\":{\"@id\":\"https:\/\/velipost.com\/?p=6070#primaryimage\"},\"image\":{\"@id\":\"https:\/\/velipost.com\/?p=6070#primaryimage\"},\"thumbnailUrl\":\"https:\/\/velipost.com\/wp-content\/uploads\/2026\/04\/CPP.jpg\",\"datePublished\":\"2026-04-28T03:08:57+00:00\",\"dateModified\":\"2026-04-28T03:09:03+00:00\",\"breadcrumb\":{\"@id\":\"https:\/\/velipost.com\/?p=6070#breadcrumb\"},\"inLanguage\":\"fr-FR\",\"potentialAction\":[{\"@type\":\"ReadAction\",\"target\":[\"https:\/\/velipost.com\/?p=6070\"]}]},{\"@type\":\"ImageObject\",\"inLanguage\":\"fr-FR\",\"@id\":\"https:\/\/velipost.com\/?p=6070#primaryimage\",\"url\":\"https:\/\/velipost.com\/wp-content\/uploads\/2026\/04\/CPP.jpg\",\"contentUrl\":\"https:\/\/velipost.com\/wp-content\/uploads\/2026\/04\/CPP.jpg\",\"width\":1170,\"height\":603},{\"@type\":\"BreadcrumbList\",\"@id\":\"https:\/\/velipost.com\/?p=6070#breadcrumb\",\"itemListElement\":[{\"@type\":\"ListItem\",\"position\":1,\"name\":\"Accueil\",\"item\":\"https:\/\/velipost.com\/\"},{\"@type\":\"ListItem\",\"position\":2,\"name\":\"Le Collectif des Professionnels de la Presse engag\u00e9 dans l&rsquo;elaboration d\u2019une charte pour des m\u00e9dias responsables\"}]},{\"@type\":\"WebSite\",\"@id\":\"https:\/\/velipost.com\/#website\",\"url\":\"https:\/\/velipost.com\/\",\"name\":\"VeliPost\",\"description\":\"L\u2019info en un clic\",\"publisher\":{\"@id\":\"https:\/\/velipost.com\/#organization\"},\"potentialAction\":[{\"@type\":\"SearchAction\",\"target\":{\"@type\":\"EntryPoint\",\"urlTemplate\":\"https:\/\/velipost.com\/?s={search_term_string}\"},\"query-input\":{\"@type\":\"PropertyValueSpecification\",\"valueRequired\":true,\"valueName\":\"search_term_string\"}}],\"inLanguage\":\"fr-FR\"},{\"@type\":\"Organization\",\"@id\":\"https:\/\/velipost.com\/#organization\",\"name\":\"VeliPost\",\"url\":\"https:\/\/velipost.com\/\",\"logo\":{\"@type\":\"ImageObject\",\"inLanguage\":\"fr-FR\",\"@id\":\"https:\/\/velipost.com\/#\/schema\/logo\/image\/\",\"url\":\"https:\/\/velipost.com\/wp-content\/uploads\/2024\/08\/cropped-VP-logo-piti.png\",\"contentUrl\":\"https:\/\/velipost.com\/wp-content\/uploads\/2024\/08\/cropped-VP-logo-piti.png\",\"width\":201,\"height\":69,\"caption\":\"VeliPost\"},\"image\":{\"@id\":\"https:\/\/velipost.com\/#\/schema\/logo\/image\/\"},\"sameAs\":[\"https:\/\/www.facebook.com\/veliposthaiti\",\"https:\/\/x.com\/veliposthaiti\",\"https:\/\/www.instagram.com\/veliposthaiti\"]},{\"@type\":\"Person\",\"@id\":\"https:\/\/velipost.com\/#\/schema\/person\/32ff49a53c9c1bb24302ee8ece058096\",\"name\":\"VeliPost\",\"image\":{\"@type\":\"ImageObject\",\"inLanguage\":\"fr-FR\",\"@id\":\"https:\/\/velipost.com\/#\/schema\/person\/image\/\",\"url\":\"https:\/\/secure.gravatar.com\/avatar\/57c226c264de62f794185a89596d4a37b85a5ad20aca30d9d5a478b27d8c8d9d?s=96&d=mm&r=g\",\"contentUrl\":\"https:\/\/secure.gravatar.com\/avatar\/57c226c264de62f794185a89596d4a37b85a5ad20aca30d9d5a478b27d8c8d9d?s=96&d=mm&r=g\",\"caption\":\"VeliPost\"},\"sameAs\":[\"https:\/\/velipost.com\"],\"url\":\"https:\/\/velipost.com\/?author=1\"}]}<\/script>\n<!-- \/ Yoast SEO plugin. -->","yoast_head_json":{"title":"Le Collectif des Professionnels de la Presse engag\u00e9 dans l'elaboration d\u2019une charte pour des m\u00e9dias responsables &#8211; VeliPost","robots":{"index":"index","follow":"follow","max-snippet":"max-snippet:-1","max-image-preview":"max-image-preview:large","max-video-preview":"max-video-preview:-1"},"canonical":"https:\/\/velipost.com\/?p=6070","og_locale":"fr_FR","og_type":"article","og_title":"Le Collectif des Professionnels de la Presse engag\u00e9 dans l'elaboration d\u2019une charte pour des m\u00e9dias responsables &#8211; VeliPost","og_description":"Le Collectif des Professionnels de la Presse (CPP) a pris une part active, ce lundi 27 avril 2026, au lancement des consultations nationales autour","og_url":"https:\/\/velipost.com\/?p=6070","og_site_name":"VeliPost","article_publisher":"https:\/\/www.facebook.com\/veliposthaiti","article_published_time":"2026-04-28T03:08:57+00:00","article_modified_time":"2026-04-28T03:09:03+00:00","og_image":[{"width":1170,"height":603,"url":"https:\/\/velipost.com\/wp-content\/uploads\/2026\/04\/CPP.jpg","type":"image\/jpeg"}],"author":"VeliPost","twitter_card":"summary_large_image","twitter_creator":"@veliposthaiti","twitter_site":"@veliposthaiti","twitter_misc":{"\u00c9crit par":"VeliPost","Dur\u00e9e de lecture estim\u00e9e":"2 minutes"},"schema":{"@context":"https:\/\/schema.org","@graph":[{"@type":"Article","@id":"https:\/\/velipost.com\/?p=6070#article","isPartOf":{"@id":"https:\/\/velipost.com\/?p=6070"},"author":{"name":"VeliPost","@id":"https:\/\/velipost.com\/#\/schema\/person\/32ff49a53c9c1bb24302ee8ece058096"},"headline":"Le Collectif des Professionnels de la Presse engag\u00e9 dans l&rsquo;elaboration d\u2019une charte pour des m\u00e9dias responsables","datePublished":"2026-04-28T03:08:57+00:00","dateModified":"2026-04-28T03:09:03+00:00","mainEntityOfPage":{"@id":"https:\/\/velipost.com\/?p=6070"},"wordCount":325,"commentCount":0,"publisher":{"@id":"https:\/\/velipost.com\/#organization"},"image":{"@id":"https:\/\/velipost.com\/?p=6070#primaryimage"},"thumbnailUrl":"https:\/\/velipost.com\/wp-content\/uploads\/2026\/04\/CPP.jpg","articleSection":["Soci\u00e9t\u00e9"],"inLanguage":"fr-FR","potentialAction":[{"@type":"CommentAction","name":"Comment","target":["https:\/\/velipost.com\/?p=6070#respond"]}]},{"@type":"WebPage","@id":"https:\/\/velipost.com\/?p=6070","url":"https:\/\/velipost.com\/?p=6070","name":"Le Collectif des Professionnels de la Presse engag\u00e9 dans l'elaboration d\u2019une charte pour des m\u00e9dias responsables &#8211; VeliPost","isPartOf":{"@id":"https:\/\/velipost.com\/#website"},"primaryImageOfPage":{"@id":"https:\/\/velipost.com\/?p=6070#primaryimage"},"image":{"@id":"https:\/\/velipost.com\/?p=6070#primaryimage"},"thumbnailUrl":"https:\/\/velipost.com\/wp-content\/uploads\/2026\/04\/CPP.jpg","datePublished":"2026-04-28T03:08:57+00:00","dateModified":"2026-04-28T03:09:03+00:00","breadcrumb":{"@id":"https:\/\/velipost.com\/?p=6070#breadcrumb"},"inLanguage":"fr-FR","potentialAction":[{"@type":"ReadAction","target":["https:\/\/velipost.com\/?p=6070"]}]},{"@type":"ImageObject","inLanguage":"fr-FR","@id":"https:\/\/velipost.com\/?p=6070#primaryimage","url":"https:\/\/velipost.com\/wp-content\/uploads\/2026\/04\/CPP.jpg","contentUrl":"https:\/\/velipost.com\/wp-content\/uploads\/2026\/04\/CPP.jpg","width":1170,"height":603},{"@type":"BreadcrumbList","@id":"https:\/\/velipost.com\/?p=6070#breadcrumb","itemListElement":[{"@type":"ListItem","position":1,"name":"Accueil","item":"https:\/\/velipost.com\/"},{"@type":"ListItem","position":2,"name":"Le Collectif des Professionnels de la Presse engag\u00e9 dans l&rsquo;elaboration d\u2019une charte pour des m\u00e9dias responsables"}]},{"@type":"WebSite","@id":"https:\/\/velipost.com\/#website","url":"https:\/\/velipost.com\/","name":"VeliPost","description":"L\u2019info en un clic","publisher":{"@id":"https:\/\/velipost.com\/#organization"},"potentialAction":[{"@type":"SearchAction","target":{"@type":"EntryPoint","urlTemplate":"https:\/\/velipost.com\/?s={search_term_string}"},"query-input":{"@type":"PropertyValueSpecification","valueRequired":true,"valueName":"search_term_string"}}],"inLanguage":"fr-FR"},{"@type":"Organization","@id":"https:\/\/velipost.com\/#organization","name":"VeliPost","url":"https:\/\/velipost.com\/","logo":{"@type":"ImageObject","inLanguage":"fr-FR","@id":"https:\/\/velipost.com\/#\/schema\/logo\/image\/","url":"https:\/\/velipost.com\/wp-content\/uploads\/2024\/08\/cropped-VP-logo-piti.png","contentUrl":"https:\/\/velipost.com\/wp-content\/uploads\/2024\/08\/cropped-VP-logo-piti.png","width":201,"height":69,"caption":"VeliPost"},"image":{"@id":"https:\/\/velipost.com\/#\/schema\/logo\/image\/"},"sameAs":["https:\/\/www.facebook.com\/veliposthaiti","https:\/\/x.com\/veliposthaiti","https:\/\/www.instagram.com\/veliposthaiti"]},{"@type":"Person","@id":"https:\/\/velipost.com\/#\/schema\/person\/32ff49a53c9c1bb24302ee8ece058096","name":"VeliPost","image":{"@type":"ImageObject","inLanguage":"fr-FR","@id":"https:\/\/velipost.com\/#\/schema\/person\/image\/","url":"https:\/\/secure.gravatar.com\/avatar\/57c226c264de62f794185a89596d4a37b85a5ad20aca30d9d5a478b27d8c8d9d?s=96&d=mm&r=g","contentUrl":"https:\/\/secure.gravatar.com\/avatar\/57c226c264de62f794185a89596d4a37b85a5ad20aca30d9d5a478b27d8c8d9d?s=96&d=mm&r=g","caption":"VeliPost"},"sameAs":["https:\/\/velipost.com"],"url":"https:\/\/velipost.com\/?author=1"}]}},"views":0,"jetpack_publicize_connections":[],"uagb_featured_image_src":{"full":["https:\/\/velipost.com\/wp-content\/uploads\/2026\/04\/CPP.jpg",1170,603,false],"thumbnail":["https:\/\/velipost.com\/wp-content\/uploads\/2026\/04\/CPP-150x150.jpg",150,150,true],"medium":["https:\/\/velipost.com\/wp-content\/uploads\/2026\/04\/CPP-300x155.jpg",300,155,true],"medium_large":["https:\/\/velipost.com\/wp-content\/uploads\/2026\/04\/CPP-768x396.jpg",715,369,true],"large":["https:\/\/velipost.com\/wp-content\/uploads\/2026\/04\/CPP-1024x528.jpg",715,369,true],"1536x1536":["https:\/\/velipost.com\/wp-content\/uploads\/2026\/04\/CPP.jpg",1170,603,false],"2048x2048":["https:\/\/velipost.com\/wp-content\/uploads\/2026\/04\/CPP.jpg",1170,603,false],"colornews-big-slider":["https:\/\/velipost.com\/wp-content\/uploads\/2026\/04\/CPP-1070x470.jpg",1070,470,true],"colornews-big-slider-thumb":["https:\/\/velipost.com\/wp-content\/uploads\/2026\/04\/CPP-184x109.jpg",184,109,true],"colornews-featured-post-medium":["https:\/\/velipost.com\/wp-content\/uploads\/2026\/04\/CPP-345x265.jpg",345,265,true],"colornews-featured-post-small":["https:\/\/velipost.com\/wp-content\/uploads\/2026\/04\/CPP-115x73.jpg",115,73,true],"colornews-random-posts":["https:\/\/velipost.com\/wp-content\/uploads\/2026\/04\/CPP-215x215.jpg",215,215,true],"colornews-featured-image":["https:\/\/velipost.com\/wp-content\/uploads\/2026\/04\/CPP-715x400.jpg",715,400,true],"mailpoet_newsletter_max":["https:\/\/velipost.com\/wp-content\/uploads\/2026\/04\/CPP.jpg",1170,603,false]},"uagb_author_info":{"display_name":"VeliPost","author_link":"https:\/\/velipost.com\/?author=1"},"uagb_comment_info":0,"uagb_excerpt":"Le Collectif des Professionnels de la Presse (CPP) a pris une part active, ce lundi 27 avril 2026, au lancement des consultations nationales autour","_links":{"self":[{"href":"https:\/\/velipost.com\/index.php?rest_route=\/wp\/v2\/posts\/6070","targetHints":{"allow":["GET"]}}],"collection":[{"href":"https:\/\/velipost.com\/index.php?rest_route=\/wp\/v2\/posts"}],"about":[{"href":"https:\/\/velipost.com\/index.php?rest_route=\/wp\/v2\/types\/post"}],"author":[{"embeddable":true,"href":"https:\/\/velipost.com\/index.php?rest_route=\/wp\/v2\/users\/1"}],"replies":[{"embeddable":true,"href":"https:\/\/velipost.com\/index.php?rest_route=%2Fwp%2Fv2%2Fcomments&post=6070"}],"version-history":[{"count":1,"href":"https:\/\/velipost.com\/index.php?rest_route=\/wp\/v2\/posts\/6070\/revisions"}],"predecessor-version":[{"id":6073,"href":"https:\/\/velipost.com\/index.php?rest_route=\/wp\/v2\/posts\/6070\/revisions\/6073"}],"wp:featuredmedia":[{"embeddable":true,"href":"https:\/\/velipost.com\/index.php?rest_route=\/wp\/v2\/media\/6072"}],"wp:attachment":[{"href":"https:\/\/velipost.com\/index.php?rest_route=%2Fwp%2Fv2%2Fmedia&parent=6070"}],"wp:term":[{"taxonomy":"category","embeddable":true,"href":"https:\/\/velipost.com\/index.php?rest_route=%2Fwp%2Fv2%2Fcategories&post=6070"},{"taxonomy":"post_tag","embeddable":true,"href":"https:\/\/velipost.com\/index.php?rest_route=%2Fwp%2Fv2%2Ftags&post=6070"}],"curies":[{"name":"wp","href":"https:\/\/api.w.org\/{rel}","templated":true}]}}