{"id":6061,"date":"2026-04-27T04:01:22","date_gmt":"2026-04-27T02:01:22","guid":{"rendered":"https:\/\/velipost.com\/?p=6061"},"modified":"2026-04-27T04:01:24","modified_gmt":"2026-04-27T02:01:24","slug":"sandra-paulemont-appelle-les-diplomes-de-ledseg-a-incarner-lheritage-de-monferrier-dorval","status":"publish","type":"post","link":"https:\/\/velipost.com\/?p=6061","title":{"rendered":"Sandra Paulemont appelle les dipl\u00f4m\u00e9s de l\u2019EDSEG \u00e0 incarner l\u2019h\u00e9ritage de Monferrier Dorval"},"content":{"rendered":"\n<p>La c\u00e9r\u00e9monie de graduation de la promotion \u00ab Monferrier Dorval \u00bb de l\u2019\u00c9cole de Droit et des Sciences \u00c9conomiques des Gona\u00efves (EDSEG) s\u2019est d\u00e9roul\u00e9e dans une atmosph\u00e8re empreinte de solennit\u00e9 et d\u2019\u00e9motion, marqu\u00e9e par l\u2019intervention de la marraine de promotion, la Dre Sandra Paulemont.<\/p>\n\n\n\n<p>Dans son discours, la marraine a salu\u00e9 le choix des finissants de porter le nom de Me Monferrier Dorval, soulignant qu\u2019il repr\u00e9sente bien plus qu\u2019un simple hommage. Selon elle, ce nom incarne une exigence de rigueur, de discipline et de fid\u00e9lit\u00e9 aux principes fondamentaux du droit.<\/p>\n\n\n\n<p>S\u2019adressant aux nouveaux dipl\u00f4m\u00e9s, la Dre Paulemont a insist\u00e9 sur la responsabilit\u00e9 qui leur incombe d\u00e9sormais en tant que juristes. Elle a rappel\u00e9 que le droit ne se limite pas \u00e0 l\u2019application de textes, mais constitue un pilier essentiel de la vie collective, garantissant les libert\u00e9s et assurant l\u2019\u00e9quilibre social.<\/p>\n\n\n\n<p>Elle a exhort\u00e9 les r\u00e9cipiendaires \u00e0 faire preuve d\u2019int\u00e9grit\u00e9 dans l\u2019exercice de leur profession, en privil\u00e9giant la justice, l\u2019\u00e9thique et le respect de la loi face aux int\u00e9r\u00eats personnels ou aux compromis. \u00ab Vous \u00eates appel\u00e9s \u00e0 d\u00e9fendre les libert\u00e9s, \u00e0 encadrer l\u2019action publique et \u00e0 contribuer \u00e0 la consolidation des institutions \u00bb, a-t-elle d\u00e9clar\u00e9.<\/p>\n\n\n\n<p>\u00c9voquant le contexte national, la marraine de promotion a \u00e9galement mis en avant le r\u00f4le central du droit dans le d\u00e9veloppement du pays. Elle a soulign\u00e9 qu\u2019un cadre juridique stable et respect\u00e9 est indispensable pour favoriser la confiance, attirer les investissements et garantir la mise en \u0153uvre de politiques publiques efficaces.<\/p>\n\n\n\n<p>La Dre Sandra Paulemont, \u00e9galement ministre de la Planification et de la Coop\u00e9ration externe, a insist\u00e9 sur le fait que la responsabilit\u00e9 des nouveaux juristes d\u00e9passe leur parcours individuel et s\u2019inscrit dans une perspective de construction nationale.<\/p>\n\n\n\n<p>Elle a invit\u00e9 les dipl\u00f4m\u00e9s \u00e0 porter avec honneur le nom de Monferrier Dorval, \u00e0 rejeter la facilit\u00e9 et l\u2019indiff\u00e9rence, et \u00e0 s\u2019engager activement pour une justice \u00e9quitable et des institutions solides.<\/p>\n\n    <div class=\"xs_social_share_widget xs_share_url after_content \t\tmain_content  wslu-style-3 wslu-share-box-shaped wslu-fill-brand-hover-colored wslu-share-m-5 wslu-none wslu-share-horizontal wslu-theme-font-no wslu-main_content\">\n\n\t\t\n        <ul>\n\t\t\t                    <li class=\"xs-share-li twitter                        wslu-no-extra-data\">\n                        <a href=\"javascript:void(0);\"\n                           id=\"xs_feed_twitter\"\n                           onclick=\"xs_social_sharer(this);\"\n                           data-pid=\"6061\"\n                           data-uri_hash=\"459f253655a39030b7ad83449b9f9379\"\n                           data-key=\"twitter\"\n                           data-xs-href=\"https:\/\/twitter.com\/intent\/tweet?text=Sandra+Paulemont+appelle+les+dipl%C3%B4m%C3%A9s+de+l%E2%80%99EDSEG+%C3%A0+incarner+l%E2%80%99h%C3%A9ritage+de+Monferrier+Dorval+https%3A%2F%2Fvelipost.com%2Findex.php%3Frest_route%3D%252Fwp%252Fv2%252Fposts%252F6061&amp;original_referer=https%3A%2F%2Fvelipost.com%2Findex.php%3Frest_route%3D%252Fwp%252Fv2%252Fposts%252F6061&amp;related=xpeedstudio\">\n\n                            <div class=\"xs-social-icon\">\n                                <span class=\"met-social met-social-twitter\"><\/span>\n                            <\/div>\n\n\t\t\t\t\t\t\t\n                            <div class=\"wslu-hover-content\">\n                                <div class=\"xs-social-followers\">\n\t\t\t\t\t\t\t\t\t10                                <\/div>\n                                <div class=\"xs-social-follower-text\">\n\t\t\t\t\t\t\t\t\tShare                                <\/div>\n                                <div class=\"xs-social-follower-label\">\n\t\t\t\t\t\t\t\t\tTwitter                                <\/div>\n                            <\/div>\n                        <\/a>\n                    <\/li>\n\t\t\t\t\t                    <li class=\"xs-share-li telegram                        wslu-no-extra-data\">\n                        <a href=\"javascript:void(0);\"\n                           id=\"xs_feed_telegram\"\n                           onclick=\"xs_social_sharer(this);\"\n                           data-pid=\"6061\"\n                           data-uri_hash=\"459f253655a39030b7ad83449b9f9379\"\n                           data-key=\"telegram\"\n                           data-xs-href=\"https:\/\/telegram.me\/share\/url?url=https%3A%2F%2Fvelipost.com%2Findex.php%3Frest_route%3D%252Fwp%252Fv2%252Fposts%252F6061&amp;text=Sandra+Paulemont+appelle+les+dipl%C3%B4m%C3%A9s+de+l%E2%80%99EDSEG+%C3%A0+incarner+l%E2%80%99h%C3%A9ritage+de+Monferrier+Dorval\">\n\n                            <div class=\"xs-social-icon\">\n                                <span class=\"met-social met-social-telegram\"><\/span>\n                            <\/div>\n\n\t\t\t\t\t\t\t\n                            <div class=\"wslu-hover-content\">\n                                <div class=\"xs-social-followers\">\n\t\t\t\t\t\t\t\t\t0                                <\/div>\n                                <div class=\"xs-social-follower-text\">\n\t\t\t\t\t\t\t\t\tShare                                <\/div>\n                                <div class=\"xs-social-follower-label\">\n\t\t\t\t\t\t\t\t\tTelegram                                <\/div>\n                            <\/div>\n                        <\/a>\n                    <\/li>\n\t\t\t\t\t                    <li class=\"xs-share-li email                        wslu-no-extra-data\">\n                        <a href=\"javascript:void(0);\"\n                           id=\"xs_feed_email\"\n                           onclick=\"xs_social_sharer(this);\"\n                           data-pid=\"6061\"\n                           data-uri_hash=\"459f253655a39030b7ad83449b9f9379\"\n                           data-key=\"email\"\n                           data-xs-href=\"mailto:?body=Title%3A+Sandra+Paulemont+appelle+les+dipl%C3%B4m%C3%A9s+de+l%E2%80%99EDSEG+%C3%A0+incarner+l%E2%80%99h%C3%A9ritage+de+Monferrier+Dorval+%5Cn%5Cn+URL%3A+https%3A%2F%2Fvelipost.com%2Findex.php%3Frest_route%3D%252Fwp%252Fv2%252Fposts%252F6061&amp;subject=Sandra+Paulemont+appelle+les+dipl%C3%B4m%C3%A9s+de+l%E2%80%99EDSEG+%C3%A0+incarner+l%E2%80%99h%C3%A9ritage+de+Monferrier+Dorval\">\n\n                            <div class=\"xs-social-icon\">\n                                <span class=\"met-social met-social-email\"><\/span>\n                            <\/div>\n\n\t\t\t\t\t\t\t\n                            <div class=\"wslu-hover-content\">\n                                <div class=\"xs-social-followers\">\n\t\t\t\t\t\t\t\t\t0                                <\/div>\n                                <div class=\"xs-social-follower-text\">\n\t\t\t\t\t\t\t\t\tShare                                <\/div>\n                                <div class=\"xs-social-follower-label\">\n\t\t\t\t\t\t\t\t\tEmail                                <\/div>\n                            <\/div>\n                        <\/a>\n                    <\/li>\n\t\t\t\t\t        <\/ul>\n    <\/div> \n","protected":false},"excerpt":{"rendered":"<p>La c\u00e9r\u00e9monie de graduation de la promotion \u00ab Monferrier Dorval \u00bb de l\u2019\u00c9cole de Droit et des Sciences \u00c9conomiques des Gona\u00efves (EDSEG) s\u2019est d\u00e9roul\u00e9e<\/p>\n","protected":false},"author":1,"featured_media":6062,"comment_status":"open","ping_status":"open","sticky":false,"template":"","format":"standard","meta":{"_uag_custom_page_level_css":"","footnotes":"","jetpack_publicize_message":"","jetpack_publicize_feature_enabled":true,"jetpack_social_post_already_shared":true,"jetpack_social_options":{"image_generator_settings":{"template":"highway","default_image_id":0,"font":"","enabled":false},"version":2}},"categories":[260],"tags":[],"class_list":["post-6061","post","type-post","status-publish","format-standard","has-post-thumbnail","hentry","category-education"],"yoast_head":"<!-- This site is optimized with the Yoast SEO plugin v25.3.1 - https:\/\/yoast.com\/wordpress\/plugins\/seo\/ -->\n<title>Sandra Paulemont appelle les dipl\u00f4m\u00e9s de l\u2019EDSEG \u00e0 incarner l\u2019h\u00e9ritage de Monferrier Dorval &#8211; VeliPost<\/title>\n<meta name=\"robots\" content=\"index, follow, max-snippet:-1, max-image-preview:large, max-video-preview:-1\" \/>\n<link rel=\"canonical\" href=\"https:\/\/velipost.com\/?p=6061\" \/>\n<meta property=\"og:locale\" content=\"fr_FR\" \/>\n<meta property=\"og:type\" content=\"article\" \/>\n<meta property=\"og:title\" content=\"Sandra Paulemont appelle les dipl\u00f4m\u00e9s de l\u2019EDSEG \u00e0 incarner l\u2019h\u00e9ritage de Monferrier Dorval &#8211; VeliPost\" \/>\n<meta property=\"og:description\" content=\"La c\u00e9r\u00e9monie de graduation de la promotion \u00ab Monferrier Dorval \u00bb de l\u2019\u00c9cole de Droit et des Sciences \u00c9conomiques des Gona\u00efves (EDSEG) s\u2019est d\u00e9roul\u00e9e\" \/>\n<meta property=\"og:url\" content=\"https:\/\/velipost.com\/?p=6061\" \/>\n<meta property=\"og:site_name\" content=\"VeliPost\" \/>\n<meta property=\"article:publisher\" content=\"https:\/\/www.facebook.com\/veliposthaiti\" \/>\n<meta property=\"article:published_time\" content=\"2026-04-27T02:01:22+00:00\" \/>\n<meta property=\"article:modified_time\" content=\"2026-04-27T02:01:24+00:00\" \/>\n<meta property=\"og:image\" content=\"https:\/\/velipost.com\/wp-content\/uploads\/2026\/04\/SANDRA-P.jpg\" \/>\n\t<meta property=\"og:image:width\" content=\"1170\" \/>\n\t<meta property=\"og:image:height\" content=\"603\" \/>\n\t<meta property=\"og:image:type\" content=\"image\/jpeg\" \/>\n<meta name=\"author\" content=\"VeliPost\" \/>\n<meta name=\"twitter:card\" content=\"summary_large_image\" \/>\n<meta name=\"twitter:creator\" content=\"@veliposthaiti\" \/>\n<meta name=\"twitter:site\" content=\"@veliposthaiti\" \/>\n<meta name=\"twitter:label1\" content=\"\u00c9crit par\" \/>\n\t<meta name=\"twitter:data1\" content=\"VeliPost\" \/>\n\t<meta name=\"twitter:label2\" content=\"Dur\u00e9e de lecture estim\u00e9e\" \/>\n\t<meta name=\"twitter:data2\" content=\"2 minutes\" \/>\n<script type=\"application\/ld+json\" class=\"yoast-schema-graph\">{\"@context\":\"https:\/\/schema.org\",\"@graph\":[{\"@type\":\"Article\",\"@id\":\"https:\/\/velipost.com\/?p=6061#article\",\"isPartOf\":{\"@id\":\"https:\/\/velipost.com\/?p=6061\"},\"author\":{\"name\":\"VeliPost\",\"@id\":\"https:\/\/velipost.com\/#\/schema\/person\/32ff49a53c9c1bb24302ee8ece058096\"},\"headline\":\"Sandra Paulemont appelle les dipl\u00f4m\u00e9s de l\u2019EDSEG \u00e0 incarner l\u2019h\u00e9ritage de Monferrier Dorval\",\"datePublished\":\"2026-04-27T02:01:22+00:00\",\"dateModified\":\"2026-04-27T02:01:24+00:00\",\"mainEntityOfPage\":{\"@id\":\"https:\/\/velipost.com\/?p=6061\"},\"wordCount\":365,\"commentCount\":0,\"publisher\":{\"@id\":\"https:\/\/velipost.com\/#organization\"},\"image\":{\"@id\":\"https:\/\/velipost.com\/?p=6061#primaryimage\"},\"thumbnailUrl\":\"https:\/\/velipost.com\/wp-content\/uploads\/2026\/04\/SANDRA-P.jpg\",\"articleSection\":[\"Education\"],\"inLanguage\":\"fr-FR\",\"potentialAction\":[{\"@type\":\"CommentAction\",\"name\":\"Comment\",\"target\":[\"https:\/\/velipost.com\/?p=6061#respond\"]}]},{\"@type\":\"WebPage\",\"@id\":\"https:\/\/velipost.com\/?p=6061\",\"url\":\"https:\/\/velipost.com\/?p=6061\",\"name\":\"Sandra Paulemont appelle les dipl\u00f4m\u00e9s de l\u2019EDSEG \u00e0 incarner l\u2019h\u00e9ritage de Monferrier Dorval &#8211; VeliPost\",\"isPartOf\":{\"@id\":\"https:\/\/velipost.com\/#website\"},\"primaryImageOfPage\":{\"@id\":\"https:\/\/velipost.com\/?p=6061#primaryimage\"},\"image\":{\"@id\":\"https:\/\/velipost.com\/?p=6061#primaryimage\"},\"thumbnailUrl\":\"https:\/\/velipost.com\/wp-content\/uploads\/2026\/04\/SANDRA-P.jpg\",\"datePublished\":\"2026-04-27T02:01:22+00:00\",\"dateModified\":\"2026-04-27T02:01:24+00:00\",\"breadcrumb\":{\"@id\":\"https:\/\/velipost.com\/?p=6061#breadcrumb\"},\"inLanguage\":\"fr-FR\",\"potentialAction\":[{\"@type\":\"ReadAction\",\"target\":[\"https:\/\/velipost.com\/?p=6061\"]}]},{\"@type\":\"ImageObject\",\"inLanguage\":\"fr-FR\",\"@id\":\"https:\/\/velipost.com\/?p=6061#primaryimage\",\"url\":\"https:\/\/velipost.com\/wp-content\/uploads\/2026\/04\/SANDRA-P.jpg\",\"contentUrl\":\"https:\/\/velipost.com\/wp-content\/uploads\/2026\/04\/SANDRA-P.jpg\",\"width\":1170,\"height\":603},{\"@type\":\"BreadcrumbList\",\"@id\":\"https:\/\/velipost.com\/?p=6061#breadcrumb\",\"itemListElement\":[{\"@type\":\"ListItem\",\"position\":1,\"name\":\"Accueil\",\"item\":\"https:\/\/velipost.com\/\"},{\"@type\":\"ListItem\",\"position\":2,\"name\":\"Sandra Paulemont appelle les dipl\u00f4m\u00e9s de l\u2019EDSEG \u00e0 incarner l\u2019h\u00e9ritage de Monferrier Dorval\"}]},{\"@type\":\"WebSite\",\"@id\":\"https:\/\/velipost.com\/#website\",\"url\":\"https:\/\/velipost.com\/\",\"name\":\"VeliPost\",\"description\":\"L\u2019info en un clic\",\"publisher\":{\"@id\":\"https:\/\/velipost.com\/#organization\"},\"potentialAction\":[{\"@type\":\"SearchAction\",\"target\":{\"@type\":\"EntryPoint\",\"urlTemplate\":\"https:\/\/velipost.com\/?s={search_term_string}\"},\"query-input\":{\"@type\":\"PropertyValueSpecification\",\"valueRequired\":true,\"valueName\":\"search_term_string\"}}],\"inLanguage\":\"fr-FR\"},{\"@type\":\"Organization\",\"@id\":\"https:\/\/velipost.com\/#organization\",\"name\":\"VeliPost\",\"url\":\"https:\/\/velipost.com\/\",\"logo\":{\"@type\":\"ImageObject\",\"inLanguage\":\"fr-FR\",\"@id\":\"https:\/\/velipost.com\/#\/schema\/logo\/image\/\",\"url\":\"https:\/\/velipost.com\/wp-content\/uploads\/2024\/08\/cropped-VP-logo-piti.png\",\"contentUrl\":\"https:\/\/velipost.com\/wp-content\/uploads\/2024\/08\/cropped-VP-logo-piti.png\",\"width\":201,\"height\":69,\"caption\":\"VeliPost\"},\"image\":{\"@id\":\"https:\/\/velipost.com\/#\/schema\/logo\/image\/\"},\"sameAs\":[\"https:\/\/www.facebook.com\/veliposthaiti\",\"https:\/\/x.com\/veliposthaiti\",\"https:\/\/www.instagram.com\/veliposthaiti\"]},{\"@type\":\"Person\",\"@id\":\"https:\/\/velipost.com\/#\/schema\/person\/32ff49a53c9c1bb24302ee8ece058096\",\"name\":\"VeliPost\",\"image\":{\"@type\":\"ImageObject\",\"inLanguage\":\"fr-FR\",\"@id\":\"https:\/\/velipost.com\/#\/schema\/person\/image\/\",\"url\":\"https:\/\/secure.gravatar.com\/avatar\/57c226c264de62f794185a89596d4a37b85a5ad20aca30d9d5a478b27d8c8d9d?s=96&d=mm&r=g\",\"contentUrl\":\"https:\/\/secure.gravatar.com\/avatar\/57c226c264de62f794185a89596d4a37b85a5ad20aca30d9d5a478b27d8c8d9d?s=96&d=mm&r=g\",\"caption\":\"VeliPost\"},\"sameAs\":[\"https:\/\/velipost.com\"],\"url\":\"https:\/\/velipost.com\/?author=1\"}]}<\/script>\n<!-- \/ Yoast SEO plugin. -->","yoast_head_json":{"title":"Sandra Paulemont appelle les dipl\u00f4m\u00e9s de l\u2019EDSEG \u00e0 incarner l\u2019h\u00e9ritage de Monferrier Dorval &#8211; VeliPost","robots":{"index":"index","follow":"follow","max-snippet":"max-snippet:-1","max-image-preview":"max-image-preview:large","max-video-preview":"max-video-preview:-1"},"canonical":"https:\/\/velipost.com\/?p=6061","og_locale":"fr_FR","og_type":"article","og_title":"Sandra Paulemont appelle les dipl\u00f4m\u00e9s de l\u2019EDSEG \u00e0 incarner l\u2019h\u00e9ritage de Monferrier Dorval &#8211; VeliPost","og_description":"La c\u00e9r\u00e9monie de graduation de la promotion \u00ab Monferrier Dorval \u00bb de l\u2019\u00c9cole de Droit et des Sciences \u00c9conomiques des Gona\u00efves (EDSEG) s\u2019est d\u00e9roul\u00e9e","og_url":"https:\/\/velipost.com\/?p=6061","og_site_name":"VeliPost","article_publisher":"https:\/\/www.facebook.com\/veliposthaiti","article_published_time":"2026-04-27T02:01:22+00:00","article_modified_time":"2026-04-27T02:01:24+00:00","og_image":[{"width":1170,"height":603,"url":"https:\/\/velipost.com\/wp-content\/uploads\/2026\/04\/SANDRA-P.jpg","type":"image\/jpeg"}],"author":"VeliPost","twitter_card":"summary_large_image","twitter_creator":"@veliposthaiti","twitter_site":"@veliposthaiti","twitter_misc":{"\u00c9crit par":"VeliPost","Dur\u00e9e de lecture estim\u00e9e":"2 minutes"},"schema":{"@context":"https:\/\/schema.org","@graph":[{"@type":"Article","@id":"https:\/\/velipost.com\/?p=6061#article","isPartOf":{"@id":"https:\/\/velipost.com\/?p=6061"},"author":{"name":"VeliPost","@id":"https:\/\/velipost.com\/#\/schema\/person\/32ff49a53c9c1bb24302ee8ece058096"},"headline":"Sandra Paulemont appelle les dipl\u00f4m\u00e9s de l\u2019EDSEG \u00e0 incarner l\u2019h\u00e9ritage de Monferrier Dorval","datePublished":"2026-04-27T02:01:22+00:00","dateModified":"2026-04-27T02:01:24+00:00","mainEntityOfPage":{"@id":"https:\/\/velipost.com\/?p=6061"},"wordCount":365,"commentCount":0,"publisher":{"@id":"https:\/\/velipost.com\/#organization"},"image":{"@id":"https:\/\/velipost.com\/?p=6061#primaryimage"},"thumbnailUrl":"https:\/\/velipost.com\/wp-content\/uploads\/2026\/04\/SANDRA-P.jpg","articleSection":["Education"],"inLanguage":"fr-FR","potentialAction":[{"@type":"CommentAction","name":"Comment","target":["https:\/\/velipost.com\/?p=6061#respond"]}]},{"@type":"WebPage","@id":"https:\/\/velipost.com\/?p=6061","url":"https:\/\/velipost.com\/?p=6061","name":"Sandra Paulemont appelle les dipl\u00f4m\u00e9s de l\u2019EDSEG \u00e0 incarner l\u2019h\u00e9ritage de Monferrier Dorval &#8211; VeliPost","isPartOf":{"@id":"https:\/\/velipost.com\/#website"},"primaryImageOfPage":{"@id":"https:\/\/velipost.com\/?p=6061#primaryimage"},"image":{"@id":"https:\/\/velipost.com\/?p=6061#primaryimage"},"thumbnailUrl":"https:\/\/velipost.com\/wp-content\/uploads\/2026\/04\/SANDRA-P.jpg","datePublished":"2026-04-27T02:01:22+00:00","dateModified":"2026-04-27T02:01:24+00:00","breadcrumb":{"@id":"https:\/\/velipost.com\/?p=6061#breadcrumb"},"inLanguage":"fr-FR","potentialAction":[{"@type":"ReadAction","target":["https:\/\/velipost.com\/?p=6061"]}]},{"@type":"ImageObject","inLanguage":"fr-FR","@id":"https:\/\/velipost.com\/?p=6061#primaryimage","url":"https:\/\/velipost.com\/wp-content\/uploads\/2026\/04\/SANDRA-P.jpg","contentUrl":"https:\/\/velipost.com\/wp-content\/uploads\/2026\/04\/SANDRA-P.jpg","width":1170,"height":603},{"@type":"BreadcrumbList","@id":"https:\/\/velipost.com\/?p=6061#breadcrumb","itemListElement":[{"@type":"ListItem","position":1,"name":"Accueil","item":"https:\/\/velipost.com\/"},{"@type":"ListItem","position":2,"name":"Sandra Paulemont appelle les dipl\u00f4m\u00e9s de l\u2019EDSEG \u00e0 incarner l\u2019h\u00e9ritage de Monferrier Dorval"}]},{"@type":"WebSite","@id":"https:\/\/velipost.com\/#website","url":"https:\/\/velipost.com\/","name":"VeliPost","description":"L\u2019info en un clic","publisher":{"@id":"https:\/\/velipost.com\/#organization"},"potentialAction":[{"@type":"SearchAction","target":{"@type":"EntryPoint","urlTemplate":"https:\/\/velipost.com\/?s={search_term_string}"},"query-input":{"@type":"PropertyValueSpecification","valueRequired":true,"valueName":"search_term_string"}}],"inLanguage":"fr-FR"},{"@type":"Organization","@id":"https:\/\/velipost.com\/#organization","name":"VeliPost","url":"https:\/\/velipost.com\/","logo":{"@type":"ImageObject","inLanguage":"fr-FR","@id":"https:\/\/velipost.com\/#\/schema\/logo\/image\/","url":"https:\/\/velipost.com\/wp-content\/uploads\/2024\/08\/cropped-VP-logo-piti.png","contentUrl":"https:\/\/velipost.com\/wp-content\/uploads\/2024\/08\/cropped-VP-logo-piti.png","width":201,"height":69,"caption":"VeliPost"},"image":{"@id":"https:\/\/velipost.com\/#\/schema\/logo\/image\/"},"sameAs":["https:\/\/www.facebook.com\/veliposthaiti","https:\/\/x.com\/veliposthaiti","https:\/\/www.instagram.com\/veliposthaiti"]},{"@type":"Person","@id":"https:\/\/velipost.com\/#\/schema\/person\/32ff49a53c9c1bb24302ee8ece058096","name":"VeliPost","image":{"@type":"ImageObject","inLanguage":"fr-FR","@id":"https:\/\/velipost.com\/#\/schema\/person\/image\/","url":"https:\/\/secure.gravatar.com\/avatar\/57c226c264de62f794185a89596d4a37b85a5ad20aca30d9d5a478b27d8c8d9d?s=96&d=mm&r=g","contentUrl":"https:\/\/secure.gravatar.com\/avatar\/57c226c264de62f794185a89596d4a37b85a5ad20aca30d9d5a478b27d8c8d9d?s=96&d=mm&r=g","caption":"VeliPost"},"sameAs":["https:\/\/velipost.com"],"url":"https:\/\/velipost.com\/?author=1"}]}},"views":0,"jetpack_publicize_connections":[],"uagb_featured_image_src":{"full":["https:\/\/velipost.com\/wp-content\/uploads\/2026\/04\/SANDRA-P.jpg",1170,603,false],"thumbnail":["https:\/\/velipost.com\/wp-content\/uploads\/2026\/04\/SANDRA-P-150x150.jpg",150,150,true],"medium":["https:\/\/velipost.com\/wp-content\/uploads\/2026\/04\/SANDRA-P-300x155.jpg",300,155,true],"medium_large":["https:\/\/velipost.com\/wp-content\/uploads\/2026\/04\/SANDRA-P-768x396.jpg",715,369,true],"large":["https:\/\/velipost.com\/wp-content\/uploads\/2026\/04\/SANDRA-P-1024x528.jpg",715,369,true],"1536x1536":["https:\/\/velipost.com\/wp-content\/uploads\/2026\/04\/SANDRA-P.jpg",1170,603,false],"2048x2048":["https:\/\/velipost.com\/wp-content\/uploads\/2026\/04\/SANDRA-P.jpg",1170,603,false],"colornews-big-slider":["https:\/\/velipost.com\/wp-content\/uploads\/2026\/04\/SANDRA-P-1070x470.jpg",1070,470,true],"colornews-big-slider-thumb":["https:\/\/velipost.com\/wp-content\/uploads\/2026\/04\/SANDRA-P-184x109.jpg",184,109,true],"colornews-featured-post-medium":["https:\/\/velipost.com\/wp-content\/uploads\/2026\/04\/SANDRA-P-345x265.jpg",345,265,true],"colornews-featured-post-small":["https:\/\/velipost.com\/wp-content\/uploads\/2026\/04\/SANDRA-P-115x73.jpg",115,73,true],"colornews-random-posts":["https:\/\/velipost.com\/wp-content\/uploads\/2026\/04\/SANDRA-P-215x215.jpg",215,215,true],"colornews-featured-image":["https:\/\/velipost.com\/wp-content\/uploads\/2026\/04\/SANDRA-P-715x400.jpg",715,400,true],"mailpoet_newsletter_max":["https:\/\/velipost.com\/wp-content\/uploads\/2026\/04\/SANDRA-P.jpg",1170,603,false]},"uagb_author_info":{"display_name":"VeliPost","author_link":"https:\/\/velipost.com\/?author=1"},"uagb_comment_info":0,"uagb_excerpt":"La c\u00e9r\u00e9monie de graduation de la promotion \u00ab Monferrier Dorval \u00bb de l\u2019\u00c9cole de Droit et des Sciences \u00c9conomiques des Gona\u00efves (EDSEG) s\u2019est d\u00e9roul\u00e9e","_links":{"self":[{"href":"https:\/\/velipost.com\/index.php?rest_route=\/wp\/v2\/posts\/6061","targetHints":{"allow":["GET"]}}],"collection":[{"href":"https:\/\/velipost.com\/index.php?rest_route=\/wp\/v2\/posts"}],"about":[{"href":"https:\/\/velipost.com\/index.php?rest_route=\/wp\/v2\/types\/post"}],"author":[{"embeddable":true,"href":"https:\/\/velipost.com\/index.php?rest_route=\/wp\/v2\/users\/1"}],"replies":[{"embeddable":true,"href":"https:\/\/velipost.com\/index.php?rest_route=%2Fwp%2Fv2%2Fcomments&post=6061"}],"version-history":[{"count":1,"href":"https:\/\/velipost.com\/index.php?rest_route=\/wp\/v2\/posts\/6061\/revisions"}],"predecessor-version":[{"id":6063,"href":"https:\/\/velipost.com\/index.php?rest_route=\/wp\/v2\/posts\/6061\/revisions\/6063"}],"wp:featuredmedia":[{"embeddable":true,"href":"https:\/\/velipost.com\/index.php?rest_route=\/wp\/v2\/media\/6062"}],"wp:attachment":[{"href":"https:\/\/velipost.com\/index.php?rest_route=%2Fwp%2Fv2%2Fmedia&parent=6061"}],"wp:term":[{"taxonomy":"category","embeddable":true,"href":"https:\/\/velipost.com\/index.php?rest_route=%2Fwp%2Fv2%2Fcategories&post=6061"},{"taxonomy":"post_tag","embeddable":true,"href":"https:\/\/velipost.com\/index.php?rest_route=%2Fwp%2Fv2%2Ftags&post=6061"}],"curies":[{"name":"wp","href":"https:\/\/api.w.org\/{rel}","templated":true}]}}