{"id":6058,"date":"2026-04-27T03:38:58","date_gmt":"2026-04-27T01:38:58","guid":{"rendered":"https:\/\/velipost.com\/?p=6058"},"modified":"2026-04-27T03:39:01","modified_gmt":"2026-04-27T01:39:01","slug":"joseph-dorlean-installe-a-la-tete-de-la-coordination-du-pncs-dans-lartibonite","status":"publish","type":"post","link":"https:\/\/velipost.com\/?p=6058","title":{"rendered":"Joseph Dorl\u00e9an install\u00e9 \u00e0 la t\u00eate de la coordination du PNCS dans l\u2019Artibonite"},"content":{"rendered":"\n<p>La coordination d\u00e9partementale de l\u2019Artibonite du Programme National de Cantines Scolaires (PNCS) a officiellement un nouveau responsable. Joseph Dorl\u00e9an a \u00e9t\u00e9 install\u00e9 comme Coordonnateur d\u00e9partemental le vendredi 24 avril 2026, marquant une nouvelle phase dans le renforcement des actions du programme dans la r\u00e9gion.<\/p>\n\n\n\n<p>La c\u00e9r\u00e9monie d\u2019installation a \u00e9t\u00e9 conduite par Me Mo\u00efse \u00c9lius, membre du cabinet du Coordonnateur g\u00e9n\u00e9ral, accompagn\u00e9 du responsable de communication, Holwith Desgranges. Plusieurs autorit\u00e9s ont pris part \u00e0 l\u2019\u00e9v\u00e9nement, dont le Commissaire principal du Commissariat des Gona\u00efves ainsi qu\u2019un repr\u00e9sentant de la Direction d\u00e9partementale du Minist\u00e8re de l\u2019\u00c9ducation nationale, soulignant la port\u00e9e institutionnelle de cette nomination.<\/p>\n\n\n\n<p>Cette prise de fonction s\u2019inscrit dans la vision strat\u00e9gique impuls\u00e9e par le Coordonnateur g\u00e9n\u00e9ral, Lucson Phil\u00e9mond, visant \u00e0 redynamiser l\u2019image du PNCS et \u00e0 accro\u00eetre son impact dans le d\u00e9partement de l\u2019Artibonite.<\/p>\n\n\n\n<p>\u00c0 travers cette nouvelle coordination, les autorit\u00e9s entendent promouvoir une gouvernance plus efficace, tout en renfor\u00e7ant la proximit\u00e9 avec les acteurs du secteur \u00e9ducatif et les b\u00e9n\u00e9ficiaires du programme.<\/p>\n\n\n\n<p>Dans ses nouvelles fonctions, Joseph Dorl\u00e9an aura notamment pour mission d\u2019assurer la mise en \u0153uvre du Plan strat\u00e9gique national d\u2019alimentation scolaire (PSNAs 2024-2030). Il devra \u00e9galement consolider les acquis existants et introduire des innovations adapt\u00e9es aux r\u00e9alit\u00e9s locales.<\/p>\n\n\n\n<p>Avec cette installation, les responsables du PNCS affichent leur volont\u00e9 de mettre en place une gestion plus dynamique et transparente dans l\u2019Artibonite, au b\u00e9n\u00e9fice des \u00e9l\u00e8ves et du syst\u00e8me \u00e9ducatif ha\u00eftien.<\/p>\n\n    <div class=\"xs_social_share_widget xs_share_url after_content \t\tmain_content  wslu-style-3 wslu-share-box-shaped wslu-fill-brand-hover-colored wslu-share-m-5 wslu-none wslu-share-horizontal wslu-theme-font-no wslu-main_content\">\n\n\t\t\n        <ul>\n\t\t\t                    <li class=\"xs-share-li twitter                        wslu-no-extra-data\">\n                        <a href=\"javascript:void(0);\"\n                           id=\"xs_feed_twitter\"\n                           onclick=\"xs_social_sharer(this);\"\n                           data-pid=\"6058\"\n                           data-uri_hash=\"5989df80ab04c7c3843fcfe4e17a4b47\"\n                           data-key=\"twitter\"\n                           data-xs-href=\"https:\/\/twitter.com\/intent\/tweet?text=Joseph+Dorl%C3%A9an+install%C3%A9+%C3%A0+la+t%C3%AAte+de+la+coordination+du+PNCS+dans+l%E2%80%99Artibonite+https%3A%2F%2Fvelipost.com%2Findex.php%3Frest_route%3D%252Fwp%252Fv2%252Fposts%252F6058&amp;original_referer=https%3A%2F%2Fvelipost.com%2Findex.php%3Frest_route%3D%252Fwp%252Fv2%252Fposts%252F6058&amp;related=xpeedstudio\">\n\n                            <div class=\"xs-social-icon\">\n                                <span class=\"met-social met-social-twitter\"><\/span>\n                            <\/div>\n\n\t\t\t\t\t\t\t\n                            <div class=\"wslu-hover-content\">\n                                <div class=\"xs-social-followers\">\n\t\t\t\t\t\t\t\t\t10                                <\/div>\n                                <div class=\"xs-social-follower-text\">\n\t\t\t\t\t\t\t\t\tShare                                <\/div>\n                                <div class=\"xs-social-follower-label\">\n\t\t\t\t\t\t\t\t\tTwitter                                <\/div>\n                            <\/div>\n                        <\/a>\n                    <\/li>\n\t\t\t\t\t                    <li class=\"xs-share-li telegram                        wslu-no-extra-data\">\n                        <a href=\"javascript:void(0);\"\n                           id=\"xs_feed_telegram\"\n                           onclick=\"xs_social_sharer(this);\"\n                           data-pid=\"6058\"\n                           data-uri_hash=\"5989df80ab04c7c3843fcfe4e17a4b47\"\n                           data-key=\"telegram\"\n                           data-xs-href=\"https:\/\/telegram.me\/share\/url?url=https%3A%2F%2Fvelipost.com%2Findex.php%3Frest_route%3D%252Fwp%252Fv2%252Fposts%252F6058&amp;text=Joseph+Dorl%C3%A9an+install%C3%A9+%C3%A0+la+t%C3%AAte+de+la+coordination+du+PNCS+dans+l%E2%80%99Artibonite\">\n\n                            <div class=\"xs-social-icon\">\n                                <span class=\"met-social met-social-telegram\"><\/span>\n                            <\/div>\n\n\t\t\t\t\t\t\t\n                            <div class=\"wslu-hover-content\">\n                                <div class=\"xs-social-followers\">\n\t\t\t\t\t\t\t\t\t0                                <\/div>\n                                <div class=\"xs-social-follower-text\">\n\t\t\t\t\t\t\t\t\tShare                                <\/div>\n                                <div class=\"xs-social-follower-label\">\n\t\t\t\t\t\t\t\t\tTelegram                                <\/div>\n                            <\/div>\n                        <\/a>\n                    <\/li>\n\t\t\t\t\t                    <li class=\"xs-share-li email                        wslu-no-extra-data\">\n                        <a href=\"javascript:void(0);\"\n                           id=\"xs_feed_email\"\n                           onclick=\"xs_social_sharer(this);\"\n                           data-pid=\"6058\"\n                           data-uri_hash=\"5989df80ab04c7c3843fcfe4e17a4b47\"\n                           data-key=\"email\"\n                           data-xs-href=\"mailto:?body=Title%3A+Joseph+Dorl%C3%A9an+install%C3%A9+%C3%A0+la+t%C3%AAte+de+la+coordination+du+PNCS+dans+l%E2%80%99Artibonite+%5Cn%5Cn+URL%3A+https%3A%2F%2Fvelipost.com%2Findex.php%3Frest_route%3D%252Fwp%252Fv2%252Fposts%252F6058&amp;subject=Joseph+Dorl%C3%A9an+install%C3%A9+%C3%A0+la+t%C3%AAte+de+la+coordination+du+PNCS+dans+l%E2%80%99Artibonite\">\n\n                            <div class=\"xs-social-icon\">\n                                <span class=\"met-social met-social-email\"><\/span>\n                            <\/div>\n\n\t\t\t\t\t\t\t\n                            <div class=\"wslu-hover-content\">\n                                <div class=\"xs-social-followers\">\n\t\t\t\t\t\t\t\t\t0                                <\/div>\n                                <div class=\"xs-social-follower-text\">\n\t\t\t\t\t\t\t\t\tShare                                <\/div>\n                                <div class=\"xs-social-follower-label\">\n\t\t\t\t\t\t\t\t\tEmail                                <\/div>\n                            <\/div>\n                        <\/a>\n                    <\/li>\n\t\t\t\t\t        <\/ul>\n    <\/div> \n","protected":false},"excerpt":{"rendered":"<p>La coordination d\u00e9partementale de l\u2019Artibonite du Programme National de Cantines Scolaires (PNCS) a officiellement un nouveau responsable. Joseph Dorl\u00e9an a \u00e9t\u00e9 install\u00e9 comme Coordonnateur<\/p>\n","protected":false},"author":1,"featured_media":6059,"comment_status":"open","ping_status":"open","sticky":false,"template":"","format":"standard","meta":{"_uag_custom_page_level_css":"","footnotes":"","jetpack_publicize_message":"","jetpack_publicize_feature_enabled":true,"jetpack_social_post_already_shared":true,"jetpack_social_options":{"image_generator_settings":{"template":"highway","default_image_id":0,"font":"","enabled":false},"version":2}},"categories":[260],"tags":[],"class_list":["post-6058","post","type-post","status-publish","format-standard","has-post-thumbnail","hentry","category-education"],"yoast_head":"<!-- This site is optimized with the Yoast SEO plugin v25.3.1 - https:\/\/yoast.com\/wordpress\/plugins\/seo\/ -->\n<title>Joseph Dorl\u00e9an install\u00e9 \u00e0 la t\u00eate de la coordination du PNCS dans l\u2019Artibonite &#8211; VeliPost<\/title>\n<meta name=\"robots\" content=\"index, follow, max-snippet:-1, max-image-preview:large, max-video-preview:-1\" \/>\n<link rel=\"canonical\" href=\"https:\/\/velipost.com\/?p=6058\" \/>\n<meta property=\"og:locale\" content=\"fr_FR\" \/>\n<meta property=\"og:type\" content=\"article\" \/>\n<meta property=\"og:title\" content=\"Joseph Dorl\u00e9an install\u00e9 \u00e0 la t\u00eate de la coordination du PNCS dans l\u2019Artibonite &#8211; VeliPost\" \/>\n<meta property=\"og:description\" content=\"La coordination d\u00e9partementale de l\u2019Artibonite du Programme National de Cantines Scolaires (PNCS) a officiellement un nouveau responsable. Joseph Dorl\u00e9an a \u00e9t\u00e9 install\u00e9 comme Coordonnateur\" \/>\n<meta property=\"og:url\" content=\"https:\/\/velipost.com\/?p=6058\" \/>\n<meta property=\"og:site_name\" content=\"VeliPost\" \/>\n<meta property=\"article:publisher\" content=\"https:\/\/www.facebook.com\/veliposthaiti\" \/>\n<meta property=\"article:published_time\" content=\"2026-04-27T01:38:58+00:00\" \/>\n<meta property=\"article:modified_time\" content=\"2026-04-27T01:39:01+00:00\" \/>\n<meta property=\"og:image\" content=\"https:\/\/velipost.com\/wp-content\/uploads\/2026\/04\/PNCS-ARTIBONITE.jpg\" \/>\n\t<meta property=\"og:image:width\" content=\"1170\" \/>\n\t<meta property=\"og:image:height\" content=\"603\" \/>\n\t<meta property=\"og:image:type\" content=\"image\/jpeg\" \/>\n<meta name=\"author\" content=\"VeliPost\" \/>\n<meta name=\"twitter:card\" content=\"summary_large_image\" \/>\n<meta name=\"twitter:creator\" content=\"@veliposthaiti\" \/>\n<meta name=\"twitter:site\" content=\"@veliposthaiti\" \/>\n<meta name=\"twitter:label1\" content=\"\u00c9crit par\" \/>\n\t<meta name=\"twitter:data1\" content=\"VeliPost\" \/>\n\t<meta name=\"twitter:label2\" content=\"Dur\u00e9e de lecture estim\u00e9e\" \/>\n\t<meta name=\"twitter:data2\" content=\"2 minutes\" \/>\n<script type=\"application\/ld+json\" class=\"yoast-schema-graph\">{\"@context\":\"https:\/\/schema.org\",\"@graph\":[{\"@type\":\"Article\",\"@id\":\"https:\/\/velipost.com\/?p=6058#article\",\"isPartOf\":{\"@id\":\"https:\/\/velipost.com\/?p=6058\"},\"author\":{\"name\":\"VeliPost\",\"@id\":\"https:\/\/velipost.com\/#\/schema\/person\/32ff49a53c9c1bb24302ee8ece058096\"},\"headline\":\"Joseph Dorl\u00e9an install\u00e9 \u00e0 la t\u00eate de la coordination du PNCS dans l\u2019Artibonite\",\"datePublished\":\"2026-04-27T01:38:58+00:00\",\"dateModified\":\"2026-04-27T01:39:01+00:00\",\"mainEntityOfPage\":{\"@id\":\"https:\/\/velipost.com\/?p=6058\"},\"wordCount\":288,\"commentCount\":0,\"publisher\":{\"@id\":\"https:\/\/velipost.com\/#organization\"},\"image\":{\"@id\":\"https:\/\/velipost.com\/?p=6058#primaryimage\"},\"thumbnailUrl\":\"https:\/\/velipost.com\/wp-content\/uploads\/2026\/04\/PNCS-ARTIBONITE.jpg\",\"articleSection\":[\"Education\"],\"inLanguage\":\"fr-FR\",\"potentialAction\":[{\"@type\":\"CommentAction\",\"name\":\"Comment\",\"target\":[\"https:\/\/velipost.com\/?p=6058#respond\"]}]},{\"@type\":\"WebPage\",\"@id\":\"https:\/\/velipost.com\/?p=6058\",\"url\":\"https:\/\/velipost.com\/?p=6058\",\"name\":\"Joseph Dorl\u00e9an install\u00e9 \u00e0 la t\u00eate de la coordination du PNCS dans l\u2019Artibonite &#8211; VeliPost\",\"isPartOf\":{\"@id\":\"https:\/\/velipost.com\/#website\"},\"primaryImageOfPage\":{\"@id\":\"https:\/\/velipost.com\/?p=6058#primaryimage\"},\"image\":{\"@id\":\"https:\/\/velipost.com\/?p=6058#primaryimage\"},\"thumbnailUrl\":\"https:\/\/velipost.com\/wp-content\/uploads\/2026\/04\/PNCS-ARTIBONITE.jpg\",\"datePublished\":\"2026-04-27T01:38:58+00:00\",\"dateModified\":\"2026-04-27T01:39:01+00:00\",\"breadcrumb\":{\"@id\":\"https:\/\/velipost.com\/?p=6058#breadcrumb\"},\"inLanguage\":\"fr-FR\",\"potentialAction\":[{\"@type\":\"ReadAction\",\"target\":[\"https:\/\/velipost.com\/?p=6058\"]}]},{\"@type\":\"ImageObject\",\"inLanguage\":\"fr-FR\",\"@id\":\"https:\/\/velipost.com\/?p=6058#primaryimage\",\"url\":\"https:\/\/velipost.com\/wp-content\/uploads\/2026\/04\/PNCS-ARTIBONITE.jpg\",\"contentUrl\":\"https:\/\/velipost.com\/wp-content\/uploads\/2026\/04\/PNCS-ARTIBONITE.jpg\",\"width\":1170,\"height\":603},{\"@type\":\"BreadcrumbList\",\"@id\":\"https:\/\/velipost.com\/?p=6058#breadcrumb\",\"itemListElement\":[{\"@type\":\"ListItem\",\"position\":1,\"name\":\"Accueil\",\"item\":\"https:\/\/velipost.com\/\"},{\"@type\":\"ListItem\",\"position\":2,\"name\":\"Joseph Dorl\u00e9an install\u00e9 \u00e0 la t\u00eate de la coordination du PNCS dans l\u2019Artibonite\"}]},{\"@type\":\"WebSite\",\"@id\":\"https:\/\/velipost.com\/#website\",\"url\":\"https:\/\/velipost.com\/\",\"name\":\"VeliPost\",\"description\":\"L\u2019info en un clic\",\"publisher\":{\"@id\":\"https:\/\/velipost.com\/#organization\"},\"potentialAction\":[{\"@type\":\"SearchAction\",\"target\":{\"@type\":\"EntryPoint\",\"urlTemplate\":\"https:\/\/velipost.com\/?s={search_term_string}\"},\"query-input\":{\"@type\":\"PropertyValueSpecification\",\"valueRequired\":true,\"valueName\":\"search_term_string\"}}],\"inLanguage\":\"fr-FR\"},{\"@type\":\"Organization\",\"@id\":\"https:\/\/velipost.com\/#organization\",\"name\":\"VeliPost\",\"url\":\"https:\/\/velipost.com\/\",\"logo\":{\"@type\":\"ImageObject\",\"inLanguage\":\"fr-FR\",\"@id\":\"https:\/\/velipost.com\/#\/schema\/logo\/image\/\",\"url\":\"https:\/\/velipost.com\/wp-content\/uploads\/2024\/08\/cropped-VP-logo-piti.png\",\"contentUrl\":\"https:\/\/velipost.com\/wp-content\/uploads\/2024\/08\/cropped-VP-logo-piti.png\",\"width\":201,\"height\":69,\"caption\":\"VeliPost\"},\"image\":{\"@id\":\"https:\/\/velipost.com\/#\/schema\/logo\/image\/\"},\"sameAs\":[\"https:\/\/www.facebook.com\/veliposthaiti\",\"https:\/\/x.com\/veliposthaiti\",\"https:\/\/www.instagram.com\/veliposthaiti\"]},{\"@type\":\"Person\",\"@id\":\"https:\/\/velipost.com\/#\/schema\/person\/32ff49a53c9c1bb24302ee8ece058096\",\"name\":\"VeliPost\",\"image\":{\"@type\":\"ImageObject\",\"inLanguage\":\"fr-FR\",\"@id\":\"https:\/\/velipost.com\/#\/schema\/person\/image\/\",\"url\":\"https:\/\/secure.gravatar.com\/avatar\/57c226c264de62f794185a89596d4a37b85a5ad20aca30d9d5a478b27d8c8d9d?s=96&d=mm&r=g\",\"contentUrl\":\"https:\/\/secure.gravatar.com\/avatar\/57c226c264de62f794185a89596d4a37b85a5ad20aca30d9d5a478b27d8c8d9d?s=96&d=mm&r=g\",\"caption\":\"VeliPost\"},\"sameAs\":[\"https:\/\/velipost.com\"],\"url\":\"https:\/\/velipost.com\/?author=1\"}]}<\/script>\n<!-- \/ Yoast SEO plugin. -->","yoast_head_json":{"title":"Joseph Dorl\u00e9an install\u00e9 \u00e0 la t\u00eate de la coordination du PNCS dans l\u2019Artibonite &#8211; VeliPost","robots":{"index":"index","follow":"follow","max-snippet":"max-snippet:-1","max-image-preview":"max-image-preview:large","max-video-preview":"max-video-preview:-1"},"canonical":"https:\/\/velipost.com\/?p=6058","og_locale":"fr_FR","og_type":"article","og_title":"Joseph Dorl\u00e9an install\u00e9 \u00e0 la t\u00eate de la coordination du PNCS dans l\u2019Artibonite &#8211; VeliPost","og_description":"La coordination d\u00e9partementale de l\u2019Artibonite du Programme National de Cantines Scolaires (PNCS) a officiellement un nouveau responsable. Joseph Dorl\u00e9an a \u00e9t\u00e9 install\u00e9 comme Coordonnateur","og_url":"https:\/\/velipost.com\/?p=6058","og_site_name":"VeliPost","article_publisher":"https:\/\/www.facebook.com\/veliposthaiti","article_published_time":"2026-04-27T01:38:58+00:00","article_modified_time":"2026-04-27T01:39:01+00:00","og_image":[{"width":1170,"height":603,"url":"https:\/\/velipost.com\/wp-content\/uploads\/2026\/04\/PNCS-ARTIBONITE.jpg","type":"image\/jpeg"}],"author":"VeliPost","twitter_card":"summary_large_image","twitter_creator":"@veliposthaiti","twitter_site":"@veliposthaiti","twitter_misc":{"\u00c9crit par":"VeliPost","Dur\u00e9e de lecture estim\u00e9e":"2 minutes"},"schema":{"@context":"https:\/\/schema.org","@graph":[{"@type":"Article","@id":"https:\/\/velipost.com\/?p=6058#article","isPartOf":{"@id":"https:\/\/velipost.com\/?p=6058"},"author":{"name":"VeliPost","@id":"https:\/\/velipost.com\/#\/schema\/person\/32ff49a53c9c1bb24302ee8ece058096"},"headline":"Joseph Dorl\u00e9an install\u00e9 \u00e0 la t\u00eate de la coordination du PNCS dans l\u2019Artibonite","datePublished":"2026-04-27T01:38:58+00:00","dateModified":"2026-04-27T01:39:01+00:00","mainEntityOfPage":{"@id":"https:\/\/velipost.com\/?p=6058"},"wordCount":288,"commentCount":0,"publisher":{"@id":"https:\/\/velipost.com\/#organization"},"image":{"@id":"https:\/\/velipost.com\/?p=6058#primaryimage"},"thumbnailUrl":"https:\/\/velipost.com\/wp-content\/uploads\/2026\/04\/PNCS-ARTIBONITE.jpg","articleSection":["Education"],"inLanguage":"fr-FR","potentialAction":[{"@type":"CommentAction","name":"Comment","target":["https:\/\/velipost.com\/?p=6058#respond"]}]},{"@type":"WebPage","@id":"https:\/\/velipost.com\/?p=6058","url":"https:\/\/velipost.com\/?p=6058","name":"Joseph Dorl\u00e9an install\u00e9 \u00e0 la t\u00eate de la coordination du PNCS dans l\u2019Artibonite &#8211; VeliPost","isPartOf":{"@id":"https:\/\/velipost.com\/#website"},"primaryImageOfPage":{"@id":"https:\/\/velipost.com\/?p=6058#primaryimage"},"image":{"@id":"https:\/\/velipost.com\/?p=6058#primaryimage"},"thumbnailUrl":"https:\/\/velipost.com\/wp-content\/uploads\/2026\/04\/PNCS-ARTIBONITE.jpg","datePublished":"2026-04-27T01:38:58+00:00","dateModified":"2026-04-27T01:39:01+00:00","breadcrumb":{"@id":"https:\/\/velipost.com\/?p=6058#breadcrumb"},"inLanguage":"fr-FR","potentialAction":[{"@type":"ReadAction","target":["https:\/\/velipost.com\/?p=6058"]}]},{"@type":"ImageObject","inLanguage":"fr-FR","@id":"https:\/\/velipost.com\/?p=6058#primaryimage","url":"https:\/\/velipost.com\/wp-content\/uploads\/2026\/04\/PNCS-ARTIBONITE.jpg","contentUrl":"https:\/\/velipost.com\/wp-content\/uploads\/2026\/04\/PNCS-ARTIBONITE.jpg","width":1170,"height":603},{"@type":"BreadcrumbList","@id":"https:\/\/velipost.com\/?p=6058#breadcrumb","itemListElement":[{"@type":"ListItem","position":1,"name":"Accueil","item":"https:\/\/velipost.com\/"},{"@type":"ListItem","position":2,"name":"Joseph Dorl\u00e9an install\u00e9 \u00e0 la t\u00eate de la coordination du PNCS dans l\u2019Artibonite"}]},{"@type":"WebSite","@id":"https:\/\/velipost.com\/#website","url":"https:\/\/velipost.com\/","name":"VeliPost","description":"L\u2019info en un clic","publisher":{"@id":"https:\/\/velipost.com\/#organization"},"potentialAction":[{"@type":"SearchAction","target":{"@type":"EntryPoint","urlTemplate":"https:\/\/velipost.com\/?s={search_term_string}"},"query-input":{"@type":"PropertyValueSpecification","valueRequired":true,"valueName":"search_term_string"}}],"inLanguage":"fr-FR"},{"@type":"Organization","@id":"https:\/\/velipost.com\/#organization","name":"VeliPost","url":"https:\/\/velipost.com\/","logo":{"@type":"ImageObject","inLanguage":"fr-FR","@id":"https:\/\/velipost.com\/#\/schema\/logo\/image\/","url":"https:\/\/velipost.com\/wp-content\/uploads\/2024\/08\/cropped-VP-logo-piti.png","contentUrl":"https:\/\/velipost.com\/wp-content\/uploads\/2024\/08\/cropped-VP-logo-piti.png","width":201,"height":69,"caption":"VeliPost"},"image":{"@id":"https:\/\/velipost.com\/#\/schema\/logo\/image\/"},"sameAs":["https:\/\/www.facebook.com\/veliposthaiti","https:\/\/x.com\/veliposthaiti","https:\/\/www.instagram.com\/veliposthaiti"]},{"@type":"Person","@id":"https:\/\/velipost.com\/#\/schema\/person\/32ff49a53c9c1bb24302ee8ece058096","name":"VeliPost","image":{"@type":"ImageObject","inLanguage":"fr-FR","@id":"https:\/\/velipost.com\/#\/schema\/person\/image\/","url":"https:\/\/secure.gravatar.com\/avatar\/57c226c264de62f794185a89596d4a37b85a5ad20aca30d9d5a478b27d8c8d9d?s=96&d=mm&r=g","contentUrl":"https:\/\/secure.gravatar.com\/avatar\/57c226c264de62f794185a89596d4a37b85a5ad20aca30d9d5a478b27d8c8d9d?s=96&d=mm&r=g","caption":"VeliPost"},"sameAs":["https:\/\/velipost.com"],"url":"https:\/\/velipost.com\/?author=1"}]}},"views":0,"jetpack_publicize_connections":[],"uagb_featured_image_src":{"full":["https:\/\/velipost.com\/wp-content\/uploads\/2026\/04\/PNCS-ARTIBONITE.jpg",1170,603,false],"thumbnail":["https:\/\/velipost.com\/wp-content\/uploads\/2026\/04\/PNCS-ARTIBONITE-150x150.jpg",150,150,true],"medium":["https:\/\/velipost.com\/wp-content\/uploads\/2026\/04\/PNCS-ARTIBONITE-300x155.jpg",300,155,true],"medium_large":["https:\/\/velipost.com\/wp-content\/uploads\/2026\/04\/PNCS-ARTIBONITE-768x396.jpg",715,369,true],"large":["https:\/\/velipost.com\/wp-content\/uploads\/2026\/04\/PNCS-ARTIBONITE-1024x528.jpg",715,369,true],"1536x1536":["https:\/\/velipost.com\/wp-content\/uploads\/2026\/04\/PNCS-ARTIBONITE.jpg",1170,603,false],"2048x2048":["https:\/\/velipost.com\/wp-content\/uploads\/2026\/04\/PNCS-ARTIBONITE.jpg",1170,603,false],"colornews-big-slider":["https:\/\/velipost.com\/wp-content\/uploads\/2026\/04\/PNCS-ARTIBONITE-1070x470.jpg",1070,470,true],"colornews-big-slider-thumb":["https:\/\/velipost.com\/wp-content\/uploads\/2026\/04\/PNCS-ARTIBONITE-184x109.jpg",184,109,true],"colornews-featured-post-medium":["https:\/\/velipost.com\/wp-content\/uploads\/2026\/04\/PNCS-ARTIBONITE-345x265.jpg",345,265,true],"colornews-featured-post-small":["https:\/\/velipost.com\/wp-content\/uploads\/2026\/04\/PNCS-ARTIBONITE-115x73.jpg",115,73,true],"colornews-random-posts":["https:\/\/velipost.com\/wp-content\/uploads\/2026\/04\/PNCS-ARTIBONITE-215x215.jpg",215,215,true],"colornews-featured-image":["https:\/\/velipost.com\/wp-content\/uploads\/2026\/04\/PNCS-ARTIBONITE-715x400.jpg",715,400,true],"mailpoet_newsletter_max":["https:\/\/velipost.com\/wp-content\/uploads\/2026\/04\/PNCS-ARTIBONITE.jpg",1170,603,false]},"uagb_author_info":{"display_name":"VeliPost","author_link":"https:\/\/velipost.com\/?author=1"},"uagb_comment_info":0,"uagb_excerpt":"La coordination d\u00e9partementale de l\u2019Artibonite du Programme National de Cantines Scolaires (PNCS) a officiellement un nouveau responsable. Joseph Dorl\u00e9an a \u00e9t\u00e9 install\u00e9 comme Coordonnateur","_links":{"self":[{"href":"https:\/\/velipost.com\/index.php?rest_route=\/wp\/v2\/posts\/6058","targetHints":{"allow":["GET"]}}],"collection":[{"href":"https:\/\/velipost.com\/index.php?rest_route=\/wp\/v2\/posts"}],"about":[{"href":"https:\/\/velipost.com\/index.php?rest_route=\/wp\/v2\/types\/post"}],"author":[{"embeddable":true,"href":"https:\/\/velipost.com\/index.php?rest_route=\/wp\/v2\/users\/1"}],"replies":[{"embeddable":true,"href":"https:\/\/velipost.com\/index.php?rest_route=%2Fwp%2Fv2%2Fcomments&post=6058"}],"version-history":[{"count":1,"href":"https:\/\/velipost.com\/index.php?rest_route=\/wp\/v2\/posts\/6058\/revisions"}],"predecessor-version":[{"id":6060,"href":"https:\/\/velipost.com\/index.php?rest_route=\/wp\/v2\/posts\/6058\/revisions\/6060"}],"wp:featuredmedia":[{"embeddable":true,"href":"https:\/\/velipost.com\/index.php?rest_route=\/wp\/v2\/media\/6059"}],"wp:attachment":[{"href":"https:\/\/velipost.com\/index.php?rest_route=%2Fwp%2Fv2%2Fmedia&parent=6058"}],"wp:term":[{"taxonomy":"category","embeddable":true,"href":"https:\/\/velipost.com\/index.php?rest_route=%2Fwp%2Fv2%2Fcategories&post=6058"},{"taxonomy":"post_tag","embeddable":true,"href":"https:\/\/velipost.com\/index.php?rest_route=%2Fwp%2Fv2%2Ftags&post=6058"}],"curies":[{"name":"wp","href":"https:\/\/api.w.org\/{rel}","templated":true}]}}