{"id":6054,"date":"2026-04-26T22:51:08","date_gmt":"2026-04-26T20:51:08","guid":{"rendered":"https:\/\/velipost.com\/?p=6054"},"modified":"2026-04-26T22:51:11","modified_gmt":"2026-04-26T20:51:11","slug":"cap-haitien-merite-mieux-le-cri-du-coeur-demol-jeune-qui-secoue-les-consciences","status":"publish","type":"post","link":"https:\/\/velipost.com\/?p=6054","title":{"rendered":"Cap-Ha\u00eftien m\u00e9rite mieux : le cri du c\u0153ur d\u2019Emol Jeune qui secoue les consciences"},"content":{"rendered":"\n<blockquote class=\"wp-block-quote is-layout-flow wp-block-quote-is-layout-flow\">\n<p>\u00ab <em>Cap-Ha\u00eftien n\u2019est pas seulement une ville, c\u2019est une partie de notre vie.<\/em> \u00bb <\/p>\n<\/blockquote>\n\n\n\n<p>\u00c0 travers ces mots, Emol Jeune exprime une profonde douleur face \u00e0 la situation actuelle de la cit\u00e9 capoise, symbole historique et culturel majeur d\u2019Ha\u00efti.<\/p>\n\n\n\n<p>Dans une publication sur Facebook, il \u00e9voque une ville o\u00f9 des g\u00e9n\u00e9rations enti\u00e8res ont grandi, \u00e9tudi\u00e9 et construit leurs r\u00eaves. Mais aujourd\u2019hui, selon lui, cette r\u00e9alit\u00e9 s\u2019effrite sous les yeux de ses habitants, laissant place \u00e0 un sentiment d\u2019abandon et de d\u00e9solation.<\/p>\n\n\n\n<p>L\u2019auteur souligne que de nombreux Capois vivent cette souffrance en silence. Certains, profond\u00e9ment attach\u00e9s \u00e0 leur ville, en viennent \u00e0 pleurer quotidiennement face \u00e0 son d\u00e9clin. Une situation qui, d\u2019apr\u00e8s lui, plonge une partie de la population dans une d\u00e9tresse psychologique grandissante.<\/p>\n\n\n\n<p>Du centre-ville jusqu\u2019\u00e0 Morne Rouge, il d\u00e9crit un tableau \u00ab d\u00e9chirant \u00bb, qualifi\u00e9 de v\u00e9ritable cr\u00e8ve-c\u0153ur. <\/p>\n\n\n\n<blockquote class=\"wp-block-quote is-layout-flow wp-block-quote-is-layout-flow\">\n<p>\u00ab Je suis triste. Je suis boulevers\u00e9. Je suis indign\u00e9. Mon c\u0153ur se d\u00e9chire pour le Cap \u00bb, <\/p>\n<\/blockquote>\n\n\n\n<p>\u00e9crit-il, traduisant l\u2019ampleur de son \u00e9motion.<\/p>\n\n\n\n<p>Face \u00e0 ce constat, Emol Jeune lance un appel urgent aux autorit\u00e9s et \u00e0 l\u2019ensemble de la population. Il exhorte \u00e0 ne pas rester indiff\u00e9rents et \u00e0 agir rapidement pour \u00e9viter que la ville ne sombre davantage.<\/p>\n\n\n\n<p>\u00c0 travers ce cri du c\u0153ur, c\u2019est toute une communaut\u00e9 qui se reconna\u00eet et qui esp\u00e8re encore un sursaut collectif pour redonner au Cap-Ha\u00eftien la place et le respect qu\u2019il m\u00e9rite.<\/p>\n\n    <div class=\"xs_social_share_widget xs_share_url after_content \t\tmain_content  wslu-style-3 wslu-share-box-shaped wslu-fill-brand-hover-colored wslu-share-m-5 wslu-none wslu-share-horizontal wslu-theme-font-no wslu-main_content\">\n\n\t\t\n        <ul>\n\t\t\t                    <li class=\"xs-share-li twitter                        wslu-no-extra-data\">\n                        <a href=\"javascript:void(0);\"\n                           id=\"xs_feed_twitter\"\n                           onclick=\"xs_social_sharer(this);\"\n                           data-pid=\"6054\"\n                           data-uri_hash=\"c8a645b780be7b0474194ef1c4642734\"\n                           data-key=\"twitter\"\n                           data-xs-href=\"https:\/\/twitter.com\/intent\/tweet?text=Cap-Ha%C3%AFtien+m%C3%A9rite+mieux+%3A+le+cri+du+c%C5%93ur+d%E2%80%99Emol+Jeune+qui+secoue+les+consciences+https%3A%2F%2Fvelipost.com%2Findex.php%3Frest_route%3D%252Fwp%252Fv2%252Fposts%252F6054&amp;original_referer=https%3A%2F%2Fvelipost.com%2Findex.php%3Frest_route%3D%252Fwp%252Fv2%252Fposts%252F6054&amp;related=xpeedstudio\">\n\n                            <div class=\"xs-social-icon\">\n                                <span class=\"met-social met-social-twitter\"><\/span>\n                            <\/div>\n\n\t\t\t\t\t\t\t\n                            <div class=\"wslu-hover-content\">\n                                <div class=\"xs-social-followers\">\n\t\t\t\t\t\t\t\t\t10                                <\/div>\n                                <div class=\"xs-social-follower-text\">\n\t\t\t\t\t\t\t\t\tShare                                <\/div>\n                                <div class=\"xs-social-follower-label\">\n\t\t\t\t\t\t\t\t\tTwitter                                <\/div>\n                            <\/div>\n                        <\/a>\n                    <\/li>\n\t\t\t\t\t                    <li class=\"xs-share-li telegram                        wslu-no-extra-data\">\n                        <a href=\"javascript:void(0);\"\n                           id=\"xs_feed_telegram\"\n                           onclick=\"xs_social_sharer(this);\"\n                           data-pid=\"6054\"\n                           data-uri_hash=\"c8a645b780be7b0474194ef1c4642734\"\n                           data-key=\"telegram\"\n                           data-xs-href=\"https:\/\/telegram.me\/share\/url?url=https%3A%2F%2Fvelipost.com%2Findex.php%3Frest_route%3D%252Fwp%252Fv2%252Fposts%252F6054&amp;text=Cap-Ha%C3%AFtien+m%C3%A9rite+mieux+%3A+le+cri+du+c%C5%93ur+d%E2%80%99Emol+Jeune+qui+secoue+les+consciences\">\n\n                            <div class=\"xs-social-icon\">\n                                <span class=\"met-social met-social-telegram\"><\/span>\n                            <\/div>\n\n\t\t\t\t\t\t\t\n                            <div class=\"wslu-hover-content\">\n                                <div class=\"xs-social-followers\">\n\t\t\t\t\t\t\t\t\t0                                <\/div>\n                                <div class=\"xs-social-follower-text\">\n\t\t\t\t\t\t\t\t\tShare                                <\/div>\n                                <div class=\"xs-social-follower-label\">\n\t\t\t\t\t\t\t\t\tTelegram                                <\/div>\n                            <\/div>\n                        <\/a>\n                    <\/li>\n\t\t\t\t\t                    <li class=\"xs-share-li email                        wslu-no-extra-data\">\n                        <a href=\"javascript:void(0);\"\n                           id=\"xs_feed_email\"\n                           onclick=\"xs_social_sharer(this);\"\n                           data-pid=\"6054\"\n                           data-uri_hash=\"c8a645b780be7b0474194ef1c4642734\"\n                           data-key=\"email\"\n                           data-xs-href=\"mailto:?body=Title%3A+Cap-Ha%C3%AFtien+m%C3%A9rite+mieux+%3A+le+cri+du+c%C5%93ur+d%E2%80%99Emol+Jeune+qui+secoue+les+consciences+%5Cn%5Cn+URL%3A+https%3A%2F%2Fvelipost.com%2Findex.php%3Frest_route%3D%252Fwp%252Fv2%252Fposts%252F6054&amp;subject=Cap-Ha%C3%AFtien+m%C3%A9rite+mieux+%3A+le+cri+du+c%C5%93ur+d%E2%80%99Emol+Jeune+qui+secoue+les+consciences\">\n\n                            <div class=\"xs-social-icon\">\n                                <span class=\"met-social met-social-email\"><\/span>\n                            <\/div>\n\n\t\t\t\t\t\t\t\n                            <div class=\"wslu-hover-content\">\n                                <div class=\"xs-social-followers\">\n\t\t\t\t\t\t\t\t\t0                                <\/div>\n                                <div class=\"xs-social-follower-text\">\n\t\t\t\t\t\t\t\t\tShare                                <\/div>\n                                <div class=\"xs-social-follower-label\">\n\t\t\t\t\t\t\t\t\tEmail                                <\/div>\n                            <\/div>\n                        <\/a>\n                    <\/li>\n\t\t\t\t\t        <\/ul>\n    <\/div> \n","protected":false},"excerpt":{"rendered":"<p>\u00ab Cap-Ha\u00eftien n\u2019est pas seulement une ville, c\u2019est une partie de notre vie. \u00bb \u00c0 travers ces mots, Emol Jeune exprime une profonde douleur<\/p>\n","protected":false},"author":1,"featured_media":6056,"comment_status":"open","ping_status":"open","sticky":false,"template":"","format":"standard","meta":{"_uag_custom_page_level_css":"","footnotes":"","jetpack_publicize_message":"","jetpack_publicize_feature_enabled":true,"jetpack_social_post_already_shared":true,"jetpack_social_options":{"image_generator_settings":{"template":"highway","default_image_id":0,"font":"","enabled":false},"version":2}},"categories":[3],"tags":[],"class_list":["post-6054","post","type-post","status-publish","format-standard","has-post-thumbnail","hentry","category-societe"],"yoast_head":"<!-- This site is optimized with the Yoast SEO plugin v25.3.1 - https:\/\/yoast.com\/wordpress\/plugins\/seo\/ -->\n<title>Cap-Ha\u00eftien m\u00e9rite mieux : le cri du c\u0153ur d\u2019Emol Jeune qui secoue les consciences &#8211; VeliPost<\/title>\n<meta name=\"robots\" content=\"index, follow, max-snippet:-1, max-image-preview:large, max-video-preview:-1\" \/>\n<link rel=\"canonical\" href=\"https:\/\/velipost.com\/?p=6054\" \/>\n<meta property=\"og:locale\" content=\"fr_FR\" \/>\n<meta property=\"og:type\" content=\"article\" \/>\n<meta property=\"og:title\" content=\"Cap-Ha\u00eftien m\u00e9rite mieux : le cri du c\u0153ur d\u2019Emol Jeune qui secoue les consciences &#8211; VeliPost\" \/>\n<meta property=\"og:description\" content=\"\u00ab Cap-Ha\u00eftien n\u2019est pas seulement une ville, c\u2019est une partie de notre vie. \u00bb \u00c0 travers ces mots, Emol Jeune exprime une profonde douleur\" \/>\n<meta property=\"og:url\" content=\"https:\/\/velipost.com\/?p=6054\" \/>\n<meta property=\"og:site_name\" content=\"VeliPost\" \/>\n<meta property=\"article:publisher\" content=\"https:\/\/www.facebook.com\/veliposthaiti\" \/>\n<meta property=\"article:published_time\" content=\"2026-04-26T20:51:08+00:00\" \/>\n<meta property=\"article:modified_time\" content=\"2026-04-26T20:51:11+00:00\" \/>\n<meta property=\"og:image\" content=\"https:\/\/velipost.com\/wp-content\/uploads\/2026\/04\/Cap-Haitien.jpg\" \/>\n\t<meta property=\"og:image:width\" content=\"1170\" \/>\n\t<meta property=\"og:image:height\" content=\"603\" \/>\n\t<meta property=\"og:image:type\" content=\"image\/jpeg\" \/>\n<meta name=\"author\" content=\"VeliPost\" \/>\n<meta name=\"twitter:card\" content=\"summary_large_image\" \/>\n<meta name=\"twitter:creator\" content=\"@veliposthaiti\" \/>\n<meta name=\"twitter:site\" content=\"@veliposthaiti\" \/>\n<meta name=\"twitter:label1\" content=\"\u00c9crit par\" \/>\n\t<meta name=\"twitter:data1\" content=\"VeliPost\" \/>\n\t<meta name=\"twitter:label2\" content=\"Dur\u00e9e de lecture estim\u00e9e\" \/>\n\t<meta name=\"twitter:data2\" content=\"2 minutes\" \/>\n<script type=\"application\/ld+json\" class=\"yoast-schema-graph\">{\"@context\":\"https:\/\/schema.org\",\"@graph\":[{\"@type\":\"Article\",\"@id\":\"https:\/\/velipost.com\/?p=6054#article\",\"isPartOf\":{\"@id\":\"https:\/\/velipost.com\/?p=6054\"},\"author\":{\"name\":\"VeliPost\",\"@id\":\"https:\/\/velipost.com\/#\/schema\/person\/32ff49a53c9c1bb24302ee8ece058096\"},\"headline\":\"Cap-Ha\u00eftien m\u00e9rite mieux : le cri du c\u0153ur d\u2019Emol Jeune qui secoue les consciences\",\"datePublished\":\"2026-04-26T20:51:08+00:00\",\"dateModified\":\"2026-04-26T20:51:11+00:00\",\"mainEntityOfPage\":{\"@id\":\"https:\/\/velipost.com\/?p=6054\"},\"wordCount\":270,\"commentCount\":0,\"publisher\":{\"@id\":\"https:\/\/velipost.com\/#organization\"},\"image\":{\"@id\":\"https:\/\/velipost.com\/?p=6054#primaryimage\"},\"thumbnailUrl\":\"https:\/\/velipost.com\/wp-content\/uploads\/2026\/04\/Cap-Haitien.jpg\",\"articleSection\":[\"Soci\u00e9t\u00e9\"],\"inLanguage\":\"fr-FR\",\"potentialAction\":[{\"@type\":\"CommentAction\",\"name\":\"Comment\",\"target\":[\"https:\/\/velipost.com\/?p=6054#respond\"]}]},{\"@type\":\"WebPage\",\"@id\":\"https:\/\/velipost.com\/?p=6054\",\"url\":\"https:\/\/velipost.com\/?p=6054\",\"name\":\"Cap-Ha\u00eftien m\u00e9rite mieux : le cri du c\u0153ur d\u2019Emol Jeune qui secoue les consciences &#8211; VeliPost\",\"isPartOf\":{\"@id\":\"https:\/\/velipost.com\/#website\"},\"primaryImageOfPage\":{\"@id\":\"https:\/\/velipost.com\/?p=6054#primaryimage\"},\"image\":{\"@id\":\"https:\/\/velipost.com\/?p=6054#primaryimage\"},\"thumbnailUrl\":\"https:\/\/velipost.com\/wp-content\/uploads\/2026\/04\/Cap-Haitien.jpg\",\"datePublished\":\"2026-04-26T20:51:08+00:00\",\"dateModified\":\"2026-04-26T20:51:11+00:00\",\"breadcrumb\":{\"@id\":\"https:\/\/velipost.com\/?p=6054#breadcrumb\"},\"inLanguage\":\"fr-FR\",\"potentialAction\":[{\"@type\":\"ReadAction\",\"target\":[\"https:\/\/velipost.com\/?p=6054\"]}]},{\"@type\":\"ImageObject\",\"inLanguage\":\"fr-FR\",\"@id\":\"https:\/\/velipost.com\/?p=6054#primaryimage\",\"url\":\"https:\/\/velipost.com\/wp-content\/uploads\/2026\/04\/Cap-Haitien.jpg\",\"contentUrl\":\"https:\/\/velipost.com\/wp-content\/uploads\/2026\/04\/Cap-Haitien.jpg\",\"width\":1170,\"height\":603},{\"@type\":\"BreadcrumbList\",\"@id\":\"https:\/\/velipost.com\/?p=6054#breadcrumb\",\"itemListElement\":[{\"@type\":\"ListItem\",\"position\":1,\"name\":\"Accueil\",\"item\":\"https:\/\/velipost.com\/\"},{\"@type\":\"ListItem\",\"position\":2,\"name\":\"Cap-Ha\u00eftien m\u00e9rite mieux : le cri du c\u0153ur d\u2019Emol Jeune qui secoue les consciences\"}]},{\"@type\":\"WebSite\",\"@id\":\"https:\/\/velipost.com\/#website\",\"url\":\"https:\/\/velipost.com\/\",\"name\":\"VeliPost\",\"description\":\"L\u2019info en un clic\",\"publisher\":{\"@id\":\"https:\/\/velipost.com\/#organization\"},\"potentialAction\":[{\"@type\":\"SearchAction\",\"target\":{\"@type\":\"EntryPoint\",\"urlTemplate\":\"https:\/\/velipost.com\/?s={search_term_string}\"},\"query-input\":{\"@type\":\"PropertyValueSpecification\",\"valueRequired\":true,\"valueName\":\"search_term_string\"}}],\"inLanguage\":\"fr-FR\"},{\"@type\":\"Organization\",\"@id\":\"https:\/\/velipost.com\/#organization\",\"name\":\"VeliPost\",\"url\":\"https:\/\/velipost.com\/\",\"logo\":{\"@type\":\"ImageObject\",\"inLanguage\":\"fr-FR\",\"@id\":\"https:\/\/velipost.com\/#\/schema\/logo\/image\/\",\"url\":\"https:\/\/velipost.com\/wp-content\/uploads\/2024\/08\/cropped-VP-logo-piti.png\",\"contentUrl\":\"https:\/\/velipost.com\/wp-content\/uploads\/2024\/08\/cropped-VP-logo-piti.png\",\"width\":201,\"height\":69,\"caption\":\"VeliPost\"},\"image\":{\"@id\":\"https:\/\/velipost.com\/#\/schema\/logo\/image\/\"},\"sameAs\":[\"https:\/\/www.facebook.com\/veliposthaiti\",\"https:\/\/x.com\/veliposthaiti\",\"https:\/\/www.instagram.com\/veliposthaiti\"]},{\"@type\":\"Person\",\"@id\":\"https:\/\/velipost.com\/#\/schema\/person\/32ff49a53c9c1bb24302ee8ece058096\",\"name\":\"VeliPost\",\"image\":{\"@type\":\"ImageObject\",\"inLanguage\":\"fr-FR\",\"@id\":\"https:\/\/velipost.com\/#\/schema\/person\/image\/\",\"url\":\"https:\/\/secure.gravatar.com\/avatar\/57c226c264de62f794185a89596d4a37b85a5ad20aca30d9d5a478b27d8c8d9d?s=96&d=mm&r=g\",\"contentUrl\":\"https:\/\/secure.gravatar.com\/avatar\/57c226c264de62f794185a89596d4a37b85a5ad20aca30d9d5a478b27d8c8d9d?s=96&d=mm&r=g\",\"caption\":\"VeliPost\"},\"sameAs\":[\"https:\/\/velipost.com\"],\"url\":\"https:\/\/velipost.com\/?author=1\"}]}<\/script>\n<!-- \/ Yoast SEO plugin. -->","yoast_head_json":{"title":"Cap-Ha\u00eftien m\u00e9rite mieux : le cri du c\u0153ur d\u2019Emol Jeune qui secoue les consciences &#8211; VeliPost","robots":{"index":"index","follow":"follow","max-snippet":"max-snippet:-1","max-image-preview":"max-image-preview:large","max-video-preview":"max-video-preview:-1"},"canonical":"https:\/\/velipost.com\/?p=6054","og_locale":"fr_FR","og_type":"article","og_title":"Cap-Ha\u00eftien m\u00e9rite mieux : le cri du c\u0153ur d\u2019Emol Jeune qui secoue les consciences &#8211; VeliPost","og_description":"\u00ab Cap-Ha\u00eftien n\u2019est pas seulement une ville, c\u2019est une partie de notre vie. \u00bb \u00c0 travers ces mots, Emol Jeune exprime une profonde douleur","og_url":"https:\/\/velipost.com\/?p=6054","og_site_name":"VeliPost","article_publisher":"https:\/\/www.facebook.com\/veliposthaiti","article_published_time":"2026-04-26T20:51:08+00:00","article_modified_time":"2026-04-26T20:51:11+00:00","og_image":[{"width":1170,"height":603,"url":"https:\/\/velipost.com\/wp-content\/uploads\/2026\/04\/Cap-Haitien.jpg","type":"image\/jpeg"}],"author":"VeliPost","twitter_card":"summary_large_image","twitter_creator":"@veliposthaiti","twitter_site":"@veliposthaiti","twitter_misc":{"\u00c9crit par":"VeliPost","Dur\u00e9e de lecture estim\u00e9e":"2 minutes"},"schema":{"@context":"https:\/\/schema.org","@graph":[{"@type":"Article","@id":"https:\/\/velipost.com\/?p=6054#article","isPartOf":{"@id":"https:\/\/velipost.com\/?p=6054"},"author":{"name":"VeliPost","@id":"https:\/\/velipost.com\/#\/schema\/person\/32ff49a53c9c1bb24302ee8ece058096"},"headline":"Cap-Ha\u00eftien m\u00e9rite mieux : le cri du c\u0153ur d\u2019Emol Jeune qui secoue les consciences","datePublished":"2026-04-26T20:51:08+00:00","dateModified":"2026-04-26T20:51:11+00:00","mainEntityOfPage":{"@id":"https:\/\/velipost.com\/?p=6054"},"wordCount":270,"commentCount":0,"publisher":{"@id":"https:\/\/velipost.com\/#organization"},"image":{"@id":"https:\/\/velipost.com\/?p=6054#primaryimage"},"thumbnailUrl":"https:\/\/velipost.com\/wp-content\/uploads\/2026\/04\/Cap-Haitien.jpg","articleSection":["Soci\u00e9t\u00e9"],"inLanguage":"fr-FR","potentialAction":[{"@type":"CommentAction","name":"Comment","target":["https:\/\/velipost.com\/?p=6054#respond"]}]},{"@type":"WebPage","@id":"https:\/\/velipost.com\/?p=6054","url":"https:\/\/velipost.com\/?p=6054","name":"Cap-Ha\u00eftien m\u00e9rite mieux : le cri du c\u0153ur d\u2019Emol Jeune qui secoue les consciences &#8211; VeliPost","isPartOf":{"@id":"https:\/\/velipost.com\/#website"},"primaryImageOfPage":{"@id":"https:\/\/velipost.com\/?p=6054#primaryimage"},"image":{"@id":"https:\/\/velipost.com\/?p=6054#primaryimage"},"thumbnailUrl":"https:\/\/velipost.com\/wp-content\/uploads\/2026\/04\/Cap-Haitien.jpg","datePublished":"2026-04-26T20:51:08+00:00","dateModified":"2026-04-26T20:51:11+00:00","breadcrumb":{"@id":"https:\/\/velipost.com\/?p=6054#breadcrumb"},"inLanguage":"fr-FR","potentialAction":[{"@type":"ReadAction","target":["https:\/\/velipost.com\/?p=6054"]}]},{"@type":"ImageObject","inLanguage":"fr-FR","@id":"https:\/\/velipost.com\/?p=6054#primaryimage","url":"https:\/\/velipost.com\/wp-content\/uploads\/2026\/04\/Cap-Haitien.jpg","contentUrl":"https:\/\/velipost.com\/wp-content\/uploads\/2026\/04\/Cap-Haitien.jpg","width":1170,"height":603},{"@type":"BreadcrumbList","@id":"https:\/\/velipost.com\/?p=6054#breadcrumb","itemListElement":[{"@type":"ListItem","position":1,"name":"Accueil","item":"https:\/\/velipost.com\/"},{"@type":"ListItem","position":2,"name":"Cap-Ha\u00eftien m\u00e9rite mieux : le cri du c\u0153ur d\u2019Emol Jeune qui secoue les consciences"}]},{"@type":"WebSite","@id":"https:\/\/velipost.com\/#website","url":"https:\/\/velipost.com\/","name":"VeliPost","description":"L\u2019info en un clic","publisher":{"@id":"https:\/\/velipost.com\/#organization"},"potentialAction":[{"@type":"SearchAction","target":{"@type":"EntryPoint","urlTemplate":"https:\/\/velipost.com\/?s={search_term_string}"},"query-input":{"@type":"PropertyValueSpecification","valueRequired":true,"valueName":"search_term_string"}}],"inLanguage":"fr-FR"},{"@type":"Organization","@id":"https:\/\/velipost.com\/#organization","name":"VeliPost","url":"https:\/\/velipost.com\/","logo":{"@type":"ImageObject","inLanguage":"fr-FR","@id":"https:\/\/velipost.com\/#\/schema\/logo\/image\/","url":"https:\/\/velipost.com\/wp-content\/uploads\/2024\/08\/cropped-VP-logo-piti.png","contentUrl":"https:\/\/velipost.com\/wp-content\/uploads\/2024\/08\/cropped-VP-logo-piti.png","width":201,"height":69,"caption":"VeliPost"},"image":{"@id":"https:\/\/velipost.com\/#\/schema\/logo\/image\/"},"sameAs":["https:\/\/www.facebook.com\/veliposthaiti","https:\/\/x.com\/veliposthaiti","https:\/\/www.instagram.com\/veliposthaiti"]},{"@type":"Person","@id":"https:\/\/velipost.com\/#\/schema\/person\/32ff49a53c9c1bb24302ee8ece058096","name":"VeliPost","image":{"@type":"ImageObject","inLanguage":"fr-FR","@id":"https:\/\/velipost.com\/#\/schema\/person\/image\/","url":"https:\/\/secure.gravatar.com\/avatar\/57c226c264de62f794185a89596d4a37b85a5ad20aca30d9d5a478b27d8c8d9d?s=96&d=mm&r=g","contentUrl":"https:\/\/secure.gravatar.com\/avatar\/57c226c264de62f794185a89596d4a37b85a5ad20aca30d9d5a478b27d8c8d9d?s=96&d=mm&r=g","caption":"VeliPost"},"sameAs":["https:\/\/velipost.com"],"url":"https:\/\/velipost.com\/?author=1"}]}},"views":0,"jetpack_publicize_connections":[],"uagb_featured_image_src":{"full":["https:\/\/velipost.com\/wp-content\/uploads\/2026\/04\/Cap-Haitien.jpg",1170,603,false],"thumbnail":["https:\/\/velipost.com\/wp-content\/uploads\/2026\/04\/Cap-Haitien-150x150.jpg",150,150,true],"medium":["https:\/\/velipost.com\/wp-content\/uploads\/2026\/04\/Cap-Haitien-300x155.jpg",300,155,true],"medium_large":["https:\/\/velipost.com\/wp-content\/uploads\/2026\/04\/Cap-Haitien-768x396.jpg",715,369,true],"large":["https:\/\/velipost.com\/wp-content\/uploads\/2026\/04\/Cap-Haitien-1024x528.jpg",715,369,true],"1536x1536":["https:\/\/velipost.com\/wp-content\/uploads\/2026\/04\/Cap-Haitien.jpg",1170,603,false],"2048x2048":["https:\/\/velipost.com\/wp-content\/uploads\/2026\/04\/Cap-Haitien.jpg",1170,603,false],"colornews-big-slider":["https:\/\/velipost.com\/wp-content\/uploads\/2026\/04\/Cap-Haitien-1070x470.jpg",1070,470,true],"colornews-big-slider-thumb":["https:\/\/velipost.com\/wp-content\/uploads\/2026\/04\/Cap-Haitien-184x109.jpg",184,109,true],"colornews-featured-post-medium":["https:\/\/velipost.com\/wp-content\/uploads\/2026\/04\/Cap-Haitien-345x265.jpg",345,265,true],"colornews-featured-post-small":["https:\/\/velipost.com\/wp-content\/uploads\/2026\/04\/Cap-Haitien-115x73.jpg",115,73,true],"colornews-random-posts":["https:\/\/velipost.com\/wp-content\/uploads\/2026\/04\/Cap-Haitien-215x215.jpg",215,215,true],"colornews-featured-image":["https:\/\/velipost.com\/wp-content\/uploads\/2026\/04\/Cap-Haitien-715x400.jpg",715,400,true],"mailpoet_newsletter_max":["https:\/\/velipost.com\/wp-content\/uploads\/2026\/04\/Cap-Haitien.jpg",1170,603,false]},"uagb_author_info":{"display_name":"VeliPost","author_link":"https:\/\/velipost.com\/?author=1"},"uagb_comment_info":0,"uagb_excerpt":"\u00ab Cap-Ha\u00eftien n\u2019est pas seulement une ville, c\u2019est une partie de notre vie. \u00bb \u00c0 travers ces mots, Emol Jeune exprime une profonde douleur","_links":{"self":[{"href":"https:\/\/velipost.com\/index.php?rest_route=\/wp\/v2\/posts\/6054","targetHints":{"allow":["GET"]}}],"collection":[{"href":"https:\/\/velipost.com\/index.php?rest_route=\/wp\/v2\/posts"}],"about":[{"href":"https:\/\/velipost.com\/index.php?rest_route=\/wp\/v2\/types\/post"}],"author":[{"embeddable":true,"href":"https:\/\/velipost.com\/index.php?rest_route=\/wp\/v2\/users\/1"}],"replies":[{"embeddable":true,"href":"https:\/\/velipost.com\/index.php?rest_route=%2Fwp%2Fv2%2Fcomments&post=6054"}],"version-history":[{"count":1,"href":"https:\/\/velipost.com\/index.php?rest_route=\/wp\/v2\/posts\/6054\/revisions"}],"predecessor-version":[{"id":6057,"href":"https:\/\/velipost.com\/index.php?rest_route=\/wp\/v2\/posts\/6054\/revisions\/6057"}],"wp:featuredmedia":[{"embeddable":true,"href":"https:\/\/velipost.com\/index.php?rest_route=\/wp\/v2\/media\/6056"}],"wp:attachment":[{"href":"https:\/\/velipost.com\/index.php?rest_route=%2Fwp%2Fv2%2Fmedia&parent=6054"}],"wp:term":[{"taxonomy":"category","embeddable":true,"href":"https:\/\/velipost.com\/index.php?rest_route=%2Fwp%2Fv2%2Fcategories&post=6054"},{"taxonomy":"post_tag","embeddable":true,"href":"https:\/\/velipost.com\/index.php?rest_route=%2Fwp%2Fv2%2Ftags&post=6054"}],"curies":[{"name":"wp","href":"https:\/\/api.w.org\/{rel}","templated":true}]}}