{"id":6048,"date":"2026-04-25T03:09:32","date_gmt":"2026-04-25T01:09:32","guid":{"rendered":"https:\/\/velipost.com\/?p=6048"},"modified":"2026-04-25T03:09:35","modified_gmt":"2026-04-25T01:09:35","slug":"de-retour-en-haiti-alix-didier-fils-aime-annonce-un-renforcement-du-soutien-international-a-la-securite-et-a-leconomie","status":"publish","type":"post","link":"https:\/\/velipost.com\/?p=6048","title":{"rendered":"De retour en Ha\u00efti, Alix Didier Fils-Aim\u00e9 annonce un renforcement du soutien international \u00e0 la s\u00e9curit\u00e9 et \u00e0 l\u2019\u00e9conomie"},"content":{"rendered":"\n<p>\u00c0 son retour au pays, le Premier ministre Alix Didier Fils-Aim\u00e9 a dress\u00e9 le bilan de sa mission officielle aux \u00c9tats-Unis, mettant en lumi\u00e8re un renforcement des partenariats internationaux en faveur d\u2019Ha\u00efti.<\/p>\n\n\n\n<p>Lors d\u2019un point de presse tenu ce 24 avril 2026 \u00e0 l\u2019a\u00e9roport international A\u00e9roport international Toussaint Louverture, le chef du gouvernement a soulign\u00e9 que ses rencontres ont port\u00e9 principalement sur trois axes prioritaires : la s\u00e9curit\u00e9, la stabilit\u00e9 institutionnelle et la relance \u00e9conomique.<\/p>\n\n\n\n<p>Les discussions avec des institutions telles que la Banque mondiale, le Fonds mon\u00e9taire international et la Banque interam\u00e9ricaine de d\u00e9veloppement ont permis d\u2019explorer des m\u00e9canismes d\u2019appui \u00e0 l\u2019\u00e9conomie ha\u00eftienne, notamment \u00e0 travers des projets g\u00e9n\u00e9rateurs d\u2019emplois.<\/p>\n\n\n\n<p>Par ailleurs, sur les questions s\u00e9curitaires et \u00e9lectorales, Alix Didier Fils-Aim\u00e9 a indiqu\u00e9 que plusieurs personnalit\u00e9s internationales, dont Albert Ramdin et Marco Rubio, ont r\u00e9it\u00e9r\u00e9 leur engagement \u00e0 accompagner Ha\u00efti dans le r\u00e9tablissement de l\u2019ordre public et du processus d\u00e9mocratique.<\/p>\n\n\n\n<p>Le Premier ministre a \u00e9galement remerci\u00e9 la communaut\u00e9 internationale et des parlementaires am\u00e9ricains pour leur soutien constant \u00e0 Ha\u00efti.<\/p>\n\n\n\n<p>R\u00e9affirmant ses priorit\u00e9s, le chef du gouvernement a insist\u00e9 sur la n\u00e9cessit\u00e9 de d\u00e9ployer pleinement les dispositifs de s\u00e9curit\u00e9, notamment la Force de R\u00e9pression des Gangs, et de cr\u00e9er les conditions n\u00e9cessaires \u00e0 la tenue d\u2019\u00e9lections cr\u00e9dibles.<\/p>\n\n    <div class=\"xs_social_share_widget xs_share_url after_content \t\tmain_content  wslu-style-3 wslu-share-box-shaped wslu-fill-brand-hover-colored wslu-share-m-5 wslu-none wslu-share-horizontal wslu-theme-font-no wslu-main_content\">\n\n\t\t\n        <ul>\n\t\t\t                    <li class=\"xs-share-li twitter                        wslu-no-extra-data\">\n                        <a href=\"javascript:void(0);\"\n                           id=\"xs_feed_twitter\"\n                           onclick=\"xs_social_sharer(this);\"\n                           data-pid=\"6048\"\n                           data-uri_hash=\"fb4b5a235b9c80caf45bc299f0b9086b\"\n                           data-key=\"twitter\"\n                           data-xs-href=\"https:\/\/twitter.com\/intent\/tweet?text=De+retour+en+Ha%C3%AFti%2C+Alix+Didier+Fils-Aim%C3%A9+annonce+un+renforcement+du+soutien+international+%C3%A0+la+s%C3%A9curit%C3%A9+et+%C3%A0+l%E2%80%99%C3%A9conomie+https%3A%2F%2Fvelipost.com%2Findex.php%3Frest_route%3D%252Fwp%252Fv2%252Fposts%252F6048&amp;original_referer=https%3A%2F%2Fvelipost.com%2Findex.php%3Frest_route%3D%252Fwp%252Fv2%252Fposts%252F6048&amp;related=xpeedstudio\">\n\n                            <div class=\"xs-social-icon\">\n                                <span class=\"met-social met-social-twitter\"><\/span>\n                            <\/div>\n\n\t\t\t\t\t\t\t\n                            <div class=\"wslu-hover-content\">\n                                <div class=\"xs-social-followers\">\n\t\t\t\t\t\t\t\t\t10                                <\/div>\n                                <div class=\"xs-social-follower-text\">\n\t\t\t\t\t\t\t\t\tShare                                <\/div>\n                                <div class=\"xs-social-follower-label\">\n\t\t\t\t\t\t\t\t\tTwitter                                <\/div>\n                            <\/div>\n                        <\/a>\n                    <\/li>\n\t\t\t\t\t                    <li class=\"xs-share-li telegram                        wslu-no-extra-data\">\n                        <a href=\"javascript:void(0);\"\n                           id=\"xs_feed_telegram\"\n                           onclick=\"xs_social_sharer(this);\"\n                           data-pid=\"6048\"\n                           data-uri_hash=\"fb4b5a235b9c80caf45bc299f0b9086b\"\n                           data-key=\"telegram\"\n                           data-xs-href=\"https:\/\/telegram.me\/share\/url?url=https%3A%2F%2Fvelipost.com%2Findex.php%3Frest_route%3D%252Fwp%252Fv2%252Fposts%252F6048&amp;text=De+retour+en+Ha%C3%AFti%2C+Alix+Didier+Fils-Aim%C3%A9+annonce+un+renforcement+du+soutien+international+%C3%A0+la+s%C3%A9curit%C3%A9+et+%C3%A0+l%E2%80%99%C3%A9conomie\">\n\n                            <div class=\"xs-social-icon\">\n                                <span class=\"met-social met-social-telegram\"><\/span>\n                            <\/div>\n\n\t\t\t\t\t\t\t\n                            <div class=\"wslu-hover-content\">\n                                <div class=\"xs-social-followers\">\n\t\t\t\t\t\t\t\t\t0                                <\/div>\n                                <div class=\"xs-social-follower-text\">\n\t\t\t\t\t\t\t\t\tShare                                <\/div>\n                                <div class=\"xs-social-follower-label\">\n\t\t\t\t\t\t\t\t\tTelegram                                <\/div>\n                            <\/div>\n                        <\/a>\n                    <\/li>\n\t\t\t\t\t                    <li class=\"xs-share-li email                        wslu-no-extra-data\">\n                        <a href=\"javascript:void(0);\"\n                           id=\"xs_feed_email\"\n                           onclick=\"xs_social_sharer(this);\"\n                           data-pid=\"6048\"\n                           data-uri_hash=\"fb4b5a235b9c80caf45bc299f0b9086b\"\n                           data-key=\"email\"\n                           data-xs-href=\"mailto:?body=Title%3A+De+retour+en+Ha%C3%AFti%2C+Alix+Didier+Fils-Aim%C3%A9+annonce+un+renforcement+du+soutien+international+%C3%A0+la+s%C3%A9curit%C3%A9+et+%C3%A0+l%E2%80%99%C3%A9conomie+%5Cn%5Cn+URL%3A+https%3A%2F%2Fvelipost.com%2Findex.php%3Frest_route%3D%252Fwp%252Fv2%252Fposts%252F6048&amp;subject=De+retour+en+Ha%C3%AFti%2C+Alix+Didier+Fils-Aim%C3%A9+annonce+un+renforcement+du+soutien+international+%C3%A0+la+s%C3%A9curit%C3%A9+et+%C3%A0+l%E2%80%99%C3%A9conomie\">\n\n                            <div class=\"xs-social-icon\">\n                                <span class=\"met-social met-social-email\"><\/span>\n                            <\/div>\n\n\t\t\t\t\t\t\t\n                            <div class=\"wslu-hover-content\">\n                                <div class=\"xs-social-followers\">\n\t\t\t\t\t\t\t\t\t0                                <\/div>\n                                <div class=\"xs-social-follower-text\">\n\t\t\t\t\t\t\t\t\tShare                                <\/div>\n                                <div class=\"xs-social-follower-label\">\n\t\t\t\t\t\t\t\t\tEmail                                <\/div>\n                            <\/div>\n                        <\/a>\n                    <\/li>\n\t\t\t\t\t        <\/ul>\n    <\/div> \n","protected":false},"excerpt":{"rendered":"<p>\u00c0 son retour au pays, le Premier ministre Alix Didier Fils-Aim\u00e9 a dress\u00e9 le bilan de sa mission officielle aux \u00c9tats-Unis, mettant en lumi\u00e8re<\/p>\n","protected":false},"author":1,"featured_media":6049,"comment_status":"open","ping_status":"open","sticky":false,"template":"","format":"standard","meta":{"_uag_custom_page_level_css":"","footnotes":"","jetpack_publicize_message":"","jetpack_publicize_feature_enabled":true,"jetpack_social_post_already_shared":true,"jetpack_social_options":{"image_generator_settings":{"template":"highway","default_image_id":0,"font":"","enabled":false},"version":2}},"categories":[115],"tags":[],"class_list":["post-6048","post","type-post","status-publish","format-standard","has-post-thumbnail","hentry","category-politique"],"yoast_head":"<!-- This site is optimized with the Yoast SEO plugin v25.3.1 - https:\/\/yoast.com\/wordpress\/plugins\/seo\/ -->\n<title>De retour en Ha\u00efti, Alix Didier Fils-Aim\u00e9 annonce un renforcement du soutien international \u00e0 la s\u00e9curit\u00e9 et \u00e0 l\u2019\u00e9conomie &#8211; VeliPost<\/title>\n<meta name=\"robots\" content=\"index, follow, max-snippet:-1, max-image-preview:large, max-video-preview:-1\" \/>\n<link rel=\"canonical\" href=\"https:\/\/velipost.com\/?p=6048\" \/>\n<meta property=\"og:locale\" content=\"fr_FR\" \/>\n<meta property=\"og:type\" content=\"article\" \/>\n<meta property=\"og:title\" content=\"De retour en Ha\u00efti, Alix Didier Fils-Aim\u00e9 annonce un renforcement du soutien international \u00e0 la s\u00e9curit\u00e9 et \u00e0 l\u2019\u00e9conomie &#8211; VeliPost\" \/>\n<meta property=\"og:description\" content=\"\u00c0 son retour au pays, le Premier ministre Alix Didier Fils-Aim\u00e9 a dress\u00e9 le bilan de sa mission officielle aux \u00c9tats-Unis, mettant en lumi\u00e8re\" \/>\n<meta property=\"og:url\" content=\"https:\/\/velipost.com\/?p=6048\" \/>\n<meta property=\"og:site_name\" content=\"VeliPost\" \/>\n<meta property=\"article:publisher\" content=\"https:\/\/www.facebook.com\/veliposthaiti\" \/>\n<meta property=\"article:published_time\" content=\"2026-04-25T01:09:32+00:00\" \/>\n<meta property=\"article:modified_time\" content=\"2026-04-25T01:09:35+00:00\" \/>\n<meta property=\"og:image\" content=\"https:\/\/velipost.com\/wp-content\/uploads\/2026\/04\/PM-ALIX-D.jpg\" \/>\n\t<meta property=\"og:image:width\" content=\"1170\" \/>\n\t<meta property=\"og:image:height\" content=\"603\" \/>\n\t<meta property=\"og:image:type\" content=\"image\/jpeg\" \/>\n<meta name=\"author\" content=\"VeliPost\" \/>\n<meta name=\"twitter:card\" content=\"summary_large_image\" \/>\n<meta name=\"twitter:creator\" content=\"@veliposthaiti\" \/>\n<meta name=\"twitter:site\" content=\"@veliposthaiti\" \/>\n<meta name=\"twitter:label1\" content=\"\u00c9crit par\" \/>\n\t<meta name=\"twitter:data1\" content=\"VeliPost\" \/>\n\t<meta name=\"twitter:label2\" content=\"Dur\u00e9e de lecture estim\u00e9e\" \/>\n\t<meta name=\"twitter:data2\" content=\"2 minutes\" \/>\n<script type=\"application\/ld+json\" class=\"yoast-schema-graph\">{\"@context\":\"https:\/\/schema.org\",\"@graph\":[{\"@type\":\"Article\",\"@id\":\"https:\/\/velipost.com\/?p=6048#article\",\"isPartOf\":{\"@id\":\"https:\/\/velipost.com\/?p=6048\"},\"author\":{\"name\":\"VeliPost\",\"@id\":\"https:\/\/velipost.com\/#\/schema\/person\/32ff49a53c9c1bb24302ee8ece058096\"},\"headline\":\"De retour en Ha\u00efti, Alix Didier Fils-Aim\u00e9 annonce un renforcement du soutien international \u00e0 la s\u00e9curit\u00e9 et \u00e0 l\u2019\u00e9conomie\",\"datePublished\":\"2026-04-25T01:09:32+00:00\",\"dateModified\":\"2026-04-25T01:09:35+00:00\",\"mainEntityOfPage\":{\"@id\":\"https:\/\/velipost.com\/?p=6048\"},\"wordCount\":256,\"commentCount\":0,\"publisher\":{\"@id\":\"https:\/\/velipost.com\/#organization\"},\"image\":{\"@id\":\"https:\/\/velipost.com\/?p=6048#primaryimage\"},\"thumbnailUrl\":\"https:\/\/velipost.com\/wp-content\/uploads\/2026\/04\/PM-ALIX-D.jpg\",\"articleSection\":[\"Politique\"],\"inLanguage\":\"fr-FR\",\"potentialAction\":[{\"@type\":\"CommentAction\",\"name\":\"Comment\",\"target\":[\"https:\/\/velipost.com\/?p=6048#respond\"]}]},{\"@type\":\"WebPage\",\"@id\":\"https:\/\/velipost.com\/?p=6048\",\"url\":\"https:\/\/velipost.com\/?p=6048\",\"name\":\"De retour en Ha\u00efti, Alix Didier Fils-Aim\u00e9 annonce un renforcement du soutien international \u00e0 la s\u00e9curit\u00e9 et \u00e0 l\u2019\u00e9conomie &#8211; VeliPost\",\"isPartOf\":{\"@id\":\"https:\/\/velipost.com\/#website\"},\"primaryImageOfPage\":{\"@id\":\"https:\/\/velipost.com\/?p=6048#primaryimage\"},\"image\":{\"@id\":\"https:\/\/velipost.com\/?p=6048#primaryimage\"},\"thumbnailUrl\":\"https:\/\/velipost.com\/wp-content\/uploads\/2026\/04\/PM-ALIX-D.jpg\",\"datePublished\":\"2026-04-25T01:09:32+00:00\",\"dateModified\":\"2026-04-25T01:09:35+00:00\",\"breadcrumb\":{\"@id\":\"https:\/\/velipost.com\/?p=6048#breadcrumb\"},\"inLanguage\":\"fr-FR\",\"potentialAction\":[{\"@type\":\"ReadAction\",\"target\":[\"https:\/\/velipost.com\/?p=6048\"]}]},{\"@type\":\"ImageObject\",\"inLanguage\":\"fr-FR\",\"@id\":\"https:\/\/velipost.com\/?p=6048#primaryimage\",\"url\":\"https:\/\/velipost.com\/wp-content\/uploads\/2026\/04\/PM-ALIX-D.jpg\",\"contentUrl\":\"https:\/\/velipost.com\/wp-content\/uploads\/2026\/04\/PM-ALIX-D.jpg\",\"width\":1170,\"height\":603},{\"@type\":\"BreadcrumbList\",\"@id\":\"https:\/\/velipost.com\/?p=6048#breadcrumb\",\"itemListElement\":[{\"@type\":\"ListItem\",\"position\":1,\"name\":\"Accueil\",\"item\":\"https:\/\/velipost.com\/\"},{\"@type\":\"ListItem\",\"position\":2,\"name\":\"De retour en Ha\u00efti, Alix Didier Fils-Aim\u00e9 annonce un renforcement du soutien international \u00e0 la s\u00e9curit\u00e9 et \u00e0 l\u2019\u00e9conomie\"}]},{\"@type\":\"WebSite\",\"@id\":\"https:\/\/velipost.com\/#website\",\"url\":\"https:\/\/velipost.com\/\",\"name\":\"VeliPost\",\"description\":\"L\u2019info en un clic\",\"publisher\":{\"@id\":\"https:\/\/velipost.com\/#organization\"},\"potentialAction\":[{\"@type\":\"SearchAction\",\"target\":{\"@type\":\"EntryPoint\",\"urlTemplate\":\"https:\/\/velipost.com\/?s={search_term_string}\"},\"query-input\":{\"@type\":\"PropertyValueSpecification\",\"valueRequired\":true,\"valueName\":\"search_term_string\"}}],\"inLanguage\":\"fr-FR\"},{\"@type\":\"Organization\",\"@id\":\"https:\/\/velipost.com\/#organization\",\"name\":\"VeliPost\",\"url\":\"https:\/\/velipost.com\/\",\"logo\":{\"@type\":\"ImageObject\",\"inLanguage\":\"fr-FR\",\"@id\":\"https:\/\/velipost.com\/#\/schema\/logo\/image\/\",\"url\":\"https:\/\/velipost.com\/wp-content\/uploads\/2024\/08\/cropped-VP-logo-piti.png\",\"contentUrl\":\"https:\/\/velipost.com\/wp-content\/uploads\/2024\/08\/cropped-VP-logo-piti.png\",\"width\":201,\"height\":69,\"caption\":\"VeliPost\"},\"image\":{\"@id\":\"https:\/\/velipost.com\/#\/schema\/logo\/image\/\"},\"sameAs\":[\"https:\/\/www.facebook.com\/veliposthaiti\",\"https:\/\/x.com\/veliposthaiti\",\"https:\/\/www.instagram.com\/veliposthaiti\"]},{\"@type\":\"Person\",\"@id\":\"https:\/\/velipost.com\/#\/schema\/person\/32ff49a53c9c1bb24302ee8ece058096\",\"name\":\"VeliPost\",\"image\":{\"@type\":\"ImageObject\",\"inLanguage\":\"fr-FR\",\"@id\":\"https:\/\/velipost.com\/#\/schema\/person\/image\/\",\"url\":\"https:\/\/secure.gravatar.com\/avatar\/57c226c264de62f794185a89596d4a37b85a5ad20aca30d9d5a478b27d8c8d9d?s=96&d=mm&r=g\",\"contentUrl\":\"https:\/\/secure.gravatar.com\/avatar\/57c226c264de62f794185a89596d4a37b85a5ad20aca30d9d5a478b27d8c8d9d?s=96&d=mm&r=g\",\"caption\":\"VeliPost\"},\"sameAs\":[\"https:\/\/velipost.com\"],\"url\":\"https:\/\/velipost.com\/?author=1\"}]}<\/script>\n<!-- \/ Yoast SEO plugin. -->","yoast_head_json":{"title":"De retour en Ha\u00efti, Alix Didier Fils-Aim\u00e9 annonce un renforcement du soutien international \u00e0 la s\u00e9curit\u00e9 et \u00e0 l\u2019\u00e9conomie &#8211; VeliPost","robots":{"index":"index","follow":"follow","max-snippet":"max-snippet:-1","max-image-preview":"max-image-preview:large","max-video-preview":"max-video-preview:-1"},"canonical":"https:\/\/velipost.com\/?p=6048","og_locale":"fr_FR","og_type":"article","og_title":"De retour en Ha\u00efti, Alix Didier Fils-Aim\u00e9 annonce un renforcement du soutien international \u00e0 la s\u00e9curit\u00e9 et \u00e0 l\u2019\u00e9conomie &#8211; VeliPost","og_description":"\u00c0 son retour au pays, le Premier ministre Alix Didier Fils-Aim\u00e9 a dress\u00e9 le bilan de sa mission officielle aux \u00c9tats-Unis, mettant en lumi\u00e8re","og_url":"https:\/\/velipost.com\/?p=6048","og_site_name":"VeliPost","article_publisher":"https:\/\/www.facebook.com\/veliposthaiti","article_published_time":"2026-04-25T01:09:32+00:00","article_modified_time":"2026-04-25T01:09:35+00:00","og_image":[{"width":1170,"height":603,"url":"https:\/\/velipost.com\/wp-content\/uploads\/2026\/04\/PM-ALIX-D.jpg","type":"image\/jpeg"}],"author":"VeliPost","twitter_card":"summary_large_image","twitter_creator":"@veliposthaiti","twitter_site":"@veliposthaiti","twitter_misc":{"\u00c9crit par":"VeliPost","Dur\u00e9e de lecture estim\u00e9e":"2 minutes"},"schema":{"@context":"https:\/\/schema.org","@graph":[{"@type":"Article","@id":"https:\/\/velipost.com\/?p=6048#article","isPartOf":{"@id":"https:\/\/velipost.com\/?p=6048"},"author":{"name":"VeliPost","@id":"https:\/\/velipost.com\/#\/schema\/person\/32ff49a53c9c1bb24302ee8ece058096"},"headline":"De retour en Ha\u00efti, Alix Didier Fils-Aim\u00e9 annonce un renforcement du soutien international \u00e0 la s\u00e9curit\u00e9 et \u00e0 l\u2019\u00e9conomie","datePublished":"2026-04-25T01:09:32+00:00","dateModified":"2026-04-25T01:09:35+00:00","mainEntityOfPage":{"@id":"https:\/\/velipost.com\/?p=6048"},"wordCount":256,"commentCount":0,"publisher":{"@id":"https:\/\/velipost.com\/#organization"},"image":{"@id":"https:\/\/velipost.com\/?p=6048#primaryimage"},"thumbnailUrl":"https:\/\/velipost.com\/wp-content\/uploads\/2026\/04\/PM-ALIX-D.jpg","articleSection":["Politique"],"inLanguage":"fr-FR","potentialAction":[{"@type":"CommentAction","name":"Comment","target":["https:\/\/velipost.com\/?p=6048#respond"]}]},{"@type":"WebPage","@id":"https:\/\/velipost.com\/?p=6048","url":"https:\/\/velipost.com\/?p=6048","name":"De retour en Ha\u00efti, Alix Didier Fils-Aim\u00e9 annonce un renforcement du soutien international \u00e0 la s\u00e9curit\u00e9 et \u00e0 l\u2019\u00e9conomie &#8211; VeliPost","isPartOf":{"@id":"https:\/\/velipost.com\/#website"},"primaryImageOfPage":{"@id":"https:\/\/velipost.com\/?p=6048#primaryimage"},"image":{"@id":"https:\/\/velipost.com\/?p=6048#primaryimage"},"thumbnailUrl":"https:\/\/velipost.com\/wp-content\/uploads\/2026\/04\/PM-ALIX-D.jpg","datePublished":"2026-04-25T01:09:32+00:00","dateModified":"2026-04-25T01:09:35+00:00","breadcrumb":{"@id":"https:\/\/velipost.com\/?p=6048#breadcrumb"},"inLanguage":"fr-FR","potentialAction":[{"@type":"ReadAction","target":["https:\/\/velipost.com\/?p=6048"]}]},{"@type":"ImageObject","inLanguage":"fr-FR","@id":"https:\/\/velipost.com\/?p=6048#primaryimage","url":"https:\/\/velipost.com\/wp-content\/uploads\/2026\/04\/PM-ALIX-D.jpg","contentUrl":"https:\/\/velipost.com\/wp-content\/uploads\/2026\/04\/PM-ALIX-D.jpg","width":1170,"height":603},{"@type":"BreadcrumbList","@id":"https:\/\/velipost.com\/?p=6048#breadcrumb","itemListElement":[{"@type":"ListItem","position":1,"name":"Accueil","item":"https:\/\/velipost.com\/"},{"@type":"ListItem","position":2,"name":"De retour en Ha\u00efti, Alix Didier Fils-Aim\u00e9 annonce un renforcement du soutien international \u00e0 la s\u00e9curit\u00e9 et \u00e0 l\u2019\u00e9conomie"}]},{"@type":"WebSite","@id":"https:\/\/velipost.com\/#website","url":"https:\/\/velipost.com\/","name":"VeliPost","description":"L\u2019info en un clic","publisher":{"@id":"https:\/\/velipost.com\/#organization"},"potentialAction":[{"@type":"SearchAction","target":{"@type":"EntryPoint","urlTemplate":"https:\/\/velipost.com\/?s={search_term_string}"},"query-input":{"@type":"PropertyValueSpecification","valueRequired":true,"valueName":"search_term_string"}}],"inLanguage":"fr-FR"},{"@type":"Organization","@id":"https:\/\/velipost.com\/#organization","name":"VeliPost","url":"https:\/\/velipost.com\/","logo":{"@type":"ImageObject","inLanguage":"fr-FR","@id":"https:\/\/velipost.com\/#\/schema\/logo\/image\/","url":"https:\/\/velipost.com\/wp-content\/uploads\/2024\/08\/cropped-VP-logo-piti.png","contentUrl":"https:\/\/velipost.com\/wp-content\/uploads\/2024\/08\/cropped-VP-logo-piti.png","width":201,"height":69,"caption":"VeliPost"},"image":{"@id":"https:\/\/velipost.com\/#\/schema\/logo\/image\/"},"sameAs":["https:\/\/www.facebook.com\/veliposthaiti","https:\/\/x.com\/veliposthaiti","https:\/\/www.instagram.com\/veliposthaiti"]},{"@type":"Person","@id":"https:\/\/velipost.com\/#\/schema\/person\/32ff49a53c9c1bb24302ee8ece058096","name":"VeliPost","image":{"@type":"ImageObject","inLanguage":"fr-FR","@id":"https:\/\/velipost.com\/#\/schema\/person\/image\/","url":"https:\/\/secure.gravatar.com\/avatar\/57c226c264de62f794185a89596d4a37b85a5ad20aca30d9d5a478b27d8c8d9d?s=96&d=mm&r=g","contentUrl":"https:\/\/secure.gravatar.com\/avatar\/57c226c264de62f794185a89596d4a37b85a5ad20aca30d9d5a478b27d8c8d9d?s=96&d=mm&r=g","caption":"VeliPost"},"sameAs":["https:\/\/velipost.com"],"url":"https:\/\/velipost.com\/?author=1"}]}},"views":0,"jetpack_publicize_connections":[],"uagb_featured_image_src":{"full":["https:\/\/velipost.com\/wp-content\/uploads\/2026\/04\/PM-ALIX-D.jpg",1170,603,false],"thumbnail":["https:\/\/velipost.com\/wp-content\/uploads\/2026\/04\/PM-ALIX-D-150x150.jpg",150,150,true],"medium":["https:\/\/velipost.com\/wp-content\/uploads\/2026\/04\/PM-ALIX-D-300x155.jpg",300,155,true],"medium_large":["https:\/\/velipost.com\/wp-content\/uploads\/2026\/04\/PM-ALIX-D-768x396.jpg",715,369,true],"large":["https:\/\/velipost.com\/wp-content\/uploads\/2026\/04\/PM-ALIX-D-1024x528.jpg",715,369,true],"1536x1536":["https:\/\/velipost.com\/wp-content\/uploads\/2026\/04\/PM-ALIX-D.jpg",1170,603,false],"2048x2048":["https:\/\/velipost.com\/wp-content\/uploads\/2026\/04\/PM-ALIX-D.jpg",1170,603,false],"colornews-big-slider":["https:\/\/velipost.com\/wp-content\/uploads\/2026\/04\/PM-ALIX-D-1070x470.jpg",1070,470,true],"colornews-big-slider-thumb":["https:\/\/velipost.com\/wp-content\/uploads\/2026\/04\/PM-ALIX-D-184x109.jpg",184,109,true],"colornews-featured-post-medium":["https:\/\/velipost.com\/wp-content\/uploads\/2026\/04\/PM-ALIX-D-345x265.jpg",345,265,true],"colornews-featured-post-small":["https:\/\/velipost.com\/wp-content\/uploads\/2026\/04\/PM-ALIX-D-115x73.jpg",115,73,true],"colornews-random-posts":["https:\/\/velipost.com\/wp-content\/uploads\/2026\/04\/PM-ALIX-D-215x215.jpg",215,215,true],"colornews-featured-image":["https:\/\/velipost.com\/wp-content\/uploads\/2026\/04\/PM-ALIX-D-715x400.jpg",715,400,true],"mailpoet_newsletter_max":["https:\/\/velipost.com\/wp-content\/uploads\/2026\/04\/PM-ALIX-D.jpg",1170,603,false]},"uagb_author_info":{"display_name":"VeliPost","author_link":"https:\/\/velipost.com\/?author=1"},"uagb_comment_info":0,"uagb_excerpt":"\u00c0 son retour au pays, le Premier ministre Alix Didier Fils-Aim\u00e9 a dress\u00e9 le bilan de sa mission officielle aux \u00c9tats-Unis, mettant en lumi\u00e8re","_links":{"self":[{"href":"https:\/\/velipost.com\/index.php?rest_route=\/wp\/v2\/posts\/6048","targetHints":{"allow":["GET"]}}],"collection":[{"href":"https:\/\/velipost.com\/index.php?rest_route=\/wp\/v2\/posts"}],"about":[{"href":"https:\/\/velipost.com\/index.php?rest_route=\/wp\/v2\/types\/post"}],"author":[{"embeddable":true,"href":"https:\/\/velipost.com\/index.php?rest_route=\/wp\/v2\/users\/1"}],"replies":[{"embeddable":true,"href":"https:\/\/velipost.com\/index.php?rest_route=%2Fwp%2Fv2%2Fcomments&post=6048"}],"version-history":[{"count":1,"href":"https:\/\/velipost.com\/index.php?rest_route=\/wp\/v2\/posts\/6048\/revisions"}],"predecessor-version":[{"id":6050,"href":"https:\/\/velipost.com\/index.php?rest_route=\/wp\/v2\/posts\/6048\/revisions\/6050"}],"wp:featuredmedia":[{"embeddable":true,"href":"https:\/\/velipost.com\/index.php?rest_route=\/wp\/v2\/media\/6049"}],"wp:attachment":[{"href":"https:\/\/velipost.com\/index.php?rest_route=%2Fwp%2Fv2%2Fmedia&parent=6048"}],"wp:term":[{"taxonomy":"category","embeddable":true,"href":"https:\/\/velipost.com\/index.php?rest_route=%2Fwp%2Fv2%2Fcategories&post=6048"},{"taxonomy":"post_tag","embeddable":true,"href":"https:\/\/velipost.com\/index.php?rest_route=%2Fwp%2Fv2%2Ftags&post=6048"}],"curies":[{"name":"wp","href":"https:\/\/api.w.org\/{rel}","templated":true}]}}