{"id":5790,"date":"2026-03-18T16:01:14","date_gmt":"2026-03-18T15:01:14","guid":{"rendered":"https:\/\/velipost.com\/?p=5790"},"modified":"2026-03-18T16:01:17","modified_gmt":"2026-03-18T15:01:17","slug":"haiti-espagne-des-echanges-diplomatiques-centres-sur-la-securite-et-la-stabilite-regionale","status":"publish","type":"post","link":"https:\/\/velipost.com\/?p=5790","title":{"rendered":"Ha\u00efti\u2013Espagne : des \u00e9changes diplomatiques centr\u00e9s sur la s\u00e9curit\u00e9 et la stabilit\u00e9 r\u00e9gionale"},"content":{"rendered":"\n<p>Une rencontre s\u2019est tenue ce mardi entre la Ministre des Affaires \u00e9trang\u00e8res et des Cultes, Raina Forbin, et l\u2019Ambassadeur du Royaume d\u2019Espagne en Ha\u00efti, Marco Antonio Pe\u00f1\u00edn Toledano, autour des enjeux majeurs auxquels fait face le pays.<\/p>\n\n\n\n<p>La chanceli\u00e8re ha\u00eftienne a pr\u00e9sent\u00e9 les priorit\u00e9s du Gouvernement de transition, insistant sur le r\u00e9tablissement de la s\u00e9curit\u00e9, la r\u00e9ponse \u00e0 la crise humanitaire et la tenue d\u2019\u00e9lections cr\u00e9dibles dans les meilleurs d\u00e9lais.<\/p>\n\n\n\n<p>Elle a \u00e9galement renouvel\u00e9 l\u2019engagement des autorit\u00e9s ha\u00eftiennes, sous la direction du Premier ministre Alix Didier Fils-Aim\u00e9, en faveur du succ\u00e8s de la transition politique.<\/p>\n\n\n\n<p>L\u2019ambassadeur espagnol a, de son c\u00f4t\u00e9, exprim\u00e9 la volont\u00e9 de son pays de demeurer un partenaire constant d\u2019Ha\u00efti, tout en soutenant les efforts en faveur de la stabilit\u00e9 et du d\u00e9veloppement, tant au niveau national que r\u00e9gional.<\/p>\n\n\n\n<p>Il a mis en avant les domaines d\u2019intervention de la coop\u00e9ration espagnole, notamment l\u2019\u00e9ducation, l\u2019aide humanitaire, la s\u00e9curit\u00e9 alimentaire, l\u2019acc\u00e8s \u00e0 l\u2019eau et l\u2019appui aux populations vuln\u00e9rables.<\/p>\n\n\n\n<p>La Ministre Raina Forbin a salu\u00e9 cet engagement et l\u2019ouverture exprim\u00e9e par l\u2019Espagne, tout en mettant l\u2019accent sur la n\u00e9cessit\u00e9 de promouvoir un dialogue constructif autour des questions d\u2019int\u00e9r\u00eat commun.<\/p>\n\n    <div class=\"xs_social_share_widget xs_share_url after_content \t\tmain_content  wslu-style-3 wslu-share-box-shaped wslu-fill-brand-hover-colored wslu-share-m-5 wslu-none wslu-share-horizontal wslu-theme-font-no wslu-main_content\">\n\n\t\t\n        <ul>\n\t\t\t                    <li class=\"xs-share-li twitter                        wslu-no-extra-data\">\n                        <a href=\"javascript:void(0);\"\n                           id=\"xs_feed_twitter\"\n                           onclick=\"xs_social_sharer(this);\"\n                           data-pid=\"5790\"\n                           data-uri_hash=\"7fa4ab6c68fac40e36b2ab6f29e1a64b\"\n                           data-key=\"twitter\"\n                           data-xs-href=\"https:\/\/twitter.com\/intent\/tweet?text=Ha%C3%AFti%E2%80%93Espagne+%3A+des+%C3%A9changes+diplomatiques+centr%C3%A9s+sur+la+s%C3%A9curit%C3%A9+et+la+stabilit%C3%A9+r%C3%A9gionale+https%3A%2F%2Fvelipost.com%2Findex.php%3Frest_route%3D%252Fwp%252Fv2%252Fposts%252F5790&amp;original_referer=https%3A%2F%2Fvelipost.com%2Findex.php%3Frest_route%3D%252Fwp%252Fv2%252Fposts%252F5790&amp;related=xpeedstudio\">\n\n                            <div class=\"xs-social-icon\">\n                                <span class=\"met-social met-social-twitter\"><\/span>\n                            <\/div>\n\n\t\t\t\t\t\t\t\n                            <div class=\"wslu-hover-content\">\n                                <div class=\"xs-social-followers\">\n\t\t\t\t\t\t\t\t\t10                                <\/div>\n                                <div class=\"xs-social-follower-text\">\n\t\t\t\t\t\t\t\t\tShare                                <\/div>\n                                <div class=\"xs-social-follower-label\">\n\t\t\t\t\t\t\t\t\tTwitter                                <\/div>\n                            <\/div>\n                        <\/a>\n                    <\/li>\n\t\t\t\t\t                    <li class=\"xs-share-li telegram                        wslu-no-extra-data\">\n                        <a href=\"javascript:void(0);\"\n                           id=\"xs_feed_telegram\"\n                           onclick=\"xs_social_sharer(this);\"\n                           data-pid=\"5790\"\n                           data-uri_hash=\"7fa4ab6c68fac40e36b2ab6f29e1a64b\"\n                           data-key=\"telegram\"\n                           data-xs-href=\"https:\/\/telegram.me\/share\/url?url=https%3A%2F%2Fvelipost.com%2Findex.php%3Frest_route%3D%252Fwp%252Fv2%252Fposts%252F5790&amp;text=Ha%C3%AFti%E2%80%93Espagne+%3A+des+%C3%A9changes+diplomatiques+centr%C3%A9s+sur+la+s%C3%A9curit%C3%A9+et+la+stabilit%C3%A9+r%C3%A9gionale\">\n\n                            <div class=\"xs-social-icon\">\n                                <span class=\"met-social met-social-telegram\"><\/span>\n                            <\/div>\n\n\t\t\t\t\t\t\t\n                            <div class=\"wslu-hover-content\">\n                                <div class=\"xs-social-followers\">\n\t\t\t\t\t\t\t\t\t0                                <\/div>\n                                <div class=\"xs-social-follower-text\">\n\t\t\t\t\t\t\t\t\tShare                                <\/div>\n                                <div class=\"xs-social-follower-label\">\n\t\t\t\t\t\t\t\t\tTelegram                                <\/div>\n                            <\/div>\n                        <\/a>\n                    <\/li>\n\t\t\t\t\t                    <li class=\"xs-share-li email                        wslu-no-extra-data\">\n                        <a href=\"javascript:void(0);\"\n                           id=\"xs_feed_email\"\n                           onclick=\"xs_social_sharer(this);\"\n                           data-pid=\"5790\"\n                           data-uri_hash=\"7fa4ab6c68fac40e36b2ab6f29e1a64b\"\n                           data-key=\"email\"\n                           data-xs-href=\"mailto:?body=Title%3A+Ha%C3%AFti%E2%80%93Espagne+%3A+des+%C3%A9changes+diplomatiques+centr%C3%A9s+sur+la+s%C3%A9curit%C3%A9+et+la+stabilit%C3%A9+r%C3%A9gionale+%5Cn%5Cn+URL%3A+https%3A%2F%2Fvelipost.com%2Findex.php%3Frest_route%3D%252Fwp%252Fv2%252Fposts%252F5790&amp;subject=Ha%C3%AFti%E2%80%93Espagne+%3A+des+%C3%A9changes+diplomatiques+centr%C3%A9s+sur+la+s%C3%A9curit%C3%A9+et+la+stabilit%C3%A9+r%C3%A9gionale\">\n\n                            <div class=\"xs-social-icon\">\n                                <span class=\"met-social met-social-email\"><\/span>\n                            <\/div>\n\n\t\t\t\t\t\t\t\n                            <div class=\"wslu-hover-content\">\n                                <div class=\"xs-social-followers\">\n\t\t\t\t\t\t\t\t\t0                                <\/div>\n                                <div class=\"xs-social-follower-text\">\n\t\t\t\t\t\t\t\t\tShare                                <\/div>\n                                <div class=\"xs-social-follower-label\">\n\t\t\t\t\t\t\t\t\tEmail                                <\/div>\n                            <\/div>\n                        <\/a>\n                    <\/li>\n\t\t\t\t\t        <\/ul>\n    <\/div> \n","protected":false},"excerpt":{"rendered":"<p>Une rencontre s\u2019est tenue ce mardi entre la Ministre des Affaires \u00e9trang\u00e8res et des Cultes, Raina Forbin, et l\u2019Ambassadeur du Royaume d\u2019Espagne en Ha\u00efti,<\/p>\n","protected":false},"author":1,"featured_media":5792,"comment_status":"open","ping_status":"open","sticky":false,"template":"","format":"standard","meta":{"_uag_custom_page_level_css":"","footnotes":"","jetpack_publicize_message":"","jetpack_publicize_feature_enabled":true,"jetpack_social_post_already_shared":true,"jetpack_social_options":{"image_generator_settings":{"template":"highway","default_image_id":0,"font":"","enabled":false},"version":2}},"categories":[258],"tags":[],"class_list":["post-5790","post","type-post","status-publish","format-standard","has-post-thumbnail","hentry","category-diplomatie"],"yoast_head":"<!-- This site is optimized with the Yoast SEO plugin v25.3.1 - https:\/\/yoast.com\/wordpress\/plugins\/seo\/ -->\n<title>Ha\u00efti\u2013Espagne : des \u00e9changes diplomatiques centr\u00e9s sur la s\u00e9curit\u00e9 et la stabilit\u00e9 r\u00e9gionale &#8211; VeliPost<\/title>\n<meta name=\"robots\" content=\"index, follow, max-snippet:-1, max-image-preview:large, max-video-preview:-1\" \/>\n<link rel=\"canonical\" href=\"https:\/\/velipost.com\/?p=5790\" \/>\n<meta property=\"og:locale\" content=\"fr_FR\" \/>\n<meta property=\"og:type\" content=\"article\" \/>\n<meta property=\"og:title\" content=\"Ha\u00efti\u2013Espagne : des \u00e9changes diplomatiques centr\u00e9s sur la s\u00e9curit\u00e9 et la stabilit\u00e9 r\u00e9gionale &#8211; VeliPost\" \/>\n<meta property=\"og:description\" content=\"Une rencontre s\u2019est tenue ce mardi entre la Ministre des Affaires \u00e9trang\u00e8res et des Cultes, Raina Forbin, et l\u2019Ambassadeur du Royaume d\u2019Espagne en Ha\u00efti,\" \/>\n<meta property=\"og:url\" content=\"https:\/\/velipost.com\/?p=5790\" \/>\n<meta property=\"og:site_name\" content=\"VeliPost\" \/>\n<meta property=\"article:publisher\" content=\"https:\/\/www.facebook.com\/veliposthaiti\" \/>\n<meta property=\"article:published_time\" content=\"2026-03-18T15:01:14+00:00\" \/>\n<meta property=\"article:modified_time\" content=\"2026-03-18T15:01:17+00:00\" \/>\n<meta property=\"og:image\" content=\"https:\/\/velipost.com\/wp-content\/uploads\/2026\/03\/Raina-Forbin.jpg\" \/>\n\t<meta property=\"og:image:width\" content=\"1170\" \/>\n\t<meta property=\"og:image:height\" content=\"603\" \/>\n\t<meta property=\"og:image:type\" content=\"image\/jpeg\" \/>\n<meta name=\"author\" content=\"VeliPost\" \/>\n<meta name=\"twitter:card\" content=\"summary_large_image\" \/>\n<meta name=\"twitter:creator\" content=\"@veliposthaiti\" \/>\n<meta name=\"twitter:site\" content=\"@veliposthaiti\" \/>\n<meta name=\"twitter:label1\" content=\"\u00c9crit par\" \/>\n\t<meta name=\"twitter:data1\" content=\"VeliPost\" \/>\n\t<meta name=\"twitter:label2\" content=\"Dur\u00e9e de lecture estim\u00e9e\" \/>\n\t<meta name=\"twitter:data2\" content=\"2 minutes\" \/>\n<script type=\"application\/ld+json\" class=\"yoast-schema-graph\">{\"@context\":\"https:\/\/schema.org\",\"@graph\":[{\"@type\":\"Article\",\"@id\":\"https:\/\/velipost.com\/?p=5790#article\",\"isPartOf\":{\"@id\":\"https:\/\/velipost.com\/?p=5790\"},\"author\":{\"name\":\"VeliPost\",\"@id\":\"https:\/\/velipost.com\/#\/schema\/person\/32ff49a53c9c1bb24302ee8ece058096\"},\"headline\":\"Ha\u00efti\u2013Espagne : des \u00e9changes diplomatiques centr\u00e9s sur la s\u00e9curit\u00e9 et la stabilit\u00e9 r\u00e9gionale\",\"datePublished\":\"2026-03-18T15:01:14+00:00\",\"dateModified\":\"2026-03-18T15:01:17+00:00\",\"mainEntityOfPage\":{\"@id\":\"https:\/\/velipost.com\/?p=5790\"},\"wordCount\":248,\"commentCount\":0,\"publisher\":{\"@id\":\"https:\/\/velipost.com\/#organization\"},\"image\":{\"@id\":\"https:\/\/velipost.com\/?p=5790#primaryimage\"},\"thumbnailUrl\":\"https:\/\/velipost.com\/wp-content\/uploads\/2026\/03\/Raina-Forbin.jpg\",\"articleSection\":[\"Diplomatie\"],\"inLanguage\":\"fr-FR\",\"potentialAction\":[{\"@type\":\"CommentAction\",\"name\":\"Comment\",\"target\":[\"https:\/\/velipost.com\/?p=5790#respond\"]}]},{\"@type\":\"WebPage\",\"@id\":\"https:\/\/velipost.com\/?p=5790\",\"url\":\"https:\/\/velipost.com\/?p=5790\",\"name\":\"Ha\u00efti\u2013Espagne : des \u00e9changes diplomatiques centr\u00e9s sur la s\u00e9curit\u00e9 et la stabilit\u00e9 r\u00e9gionale &#8211; VeliPost\",\"isPartOf\":{\"@id\":\"https:\/\/velipost.com\/#website\"},\"primaryImageOfPage\":{\"@id\":\"https:\/\/velipost.com\/?p=5790#primaryimage\"},\"image\":{\"@id\":\"https:\/\/velipost.com\/?p=5790#primaryimage\"},\"thumbnailUrl\":\"https:\/\/velipost.com\/wp-content\/uploads\/2026\/03\/Raina-Forbin.jpg\",\"datePublished\":\"2026-03-18T15:01:14+00:00\",\"dateModified\":\"2026-03-18T15:01:17+00:00\",\"breadcrumb\":{\"@id\":\"https:\/\/velipost.com\/?p=5790#breadcrumb\"},\"inLanguage\":\"fr-FR\",\"potentialAction\":[{\"@type\":\"ReadAction\",\"target\":[\"https:\/\/velipost.com\/?p=5790\"]}]},{\"@type\":\"ImageObject\",\"inLanguage\":\"fr-FR\",\"@id\":\"https:\/\/velipost.com\/?p=5790#primaryimage\",\"url\":\"https:\/\/velipost.com\/wp-content\/uploads\/2026\/03\/Raina-Forbin.jpg\",\"contentUrl\":\"https:\/\/velipost.com\/wp-content\/uploads\/2026\/03\/Raina-Forbin.jpg\",\"width\":1170,\"height\":603},{\"@type\":\"BreadcrumbList\",\"@id\":\"https:\/\/velipost.com\/?p=5790#breadcrumb\",\"itemListElement\":[{\"@type\":\"ListItem\",\"position\":1,\"name\":\"Accueil\",\"item\":\"https:\/\/velipost.com\/\"},{\"@type\":\"ListItem\",\"position\":2,\"name\":\"Ha\u00efti\u2013Espagne : des \u00e9changes diplomatiques centr\u00e9s sur la s\u00e9curit\u00e9 et la stabilit\u00e9 r\u00e9gionale\"}]},{\"@type\":\"WebSite\",\"@id\":\"https:\/\/velipost.com\/#website\",\"url\":\"https:\/\/velipost.com\/\",\"name\":\"VeliPost\",\"description\":\"L\u2019info en un clic\",\"publisher\":{\"@id\":\"https:\/\/velipost.com\/#organization\"},\"potentialAction\":[{\"@type\":\"SearchAction\",\"target\":{\"@type\":\"EntryPoint\",\"urlTemplate\":\"https:\/\/velipost.com\/?s={search_term_string}\"},\"query-input\":{\"@type\":\"PropertyValueSpecification\",\"valueRequired\":true,\"valueName\":\"search_term_string\"}}],\"inLanguage\":\"fr-FR\"},{\"@type\":\"Organization\",\"@id\":\"https:\/\/velipost.com\/#organization\",\"name\":\"VeliPost\",\"url\":\"https:\/\/velipost.com\/\",\"logo\":{\"@type\":\"ImageObject\",\"inLanguage\":\"fr-FR\",\"@id\":\"https:\/\/velipost.com\/#\/schema\/logo\/image\/\",\"url\":\"https:\/\/velipost.com\/wp-content\/uploads\/2024\/08\/cropped-VP-logo-piti.png\",\"contentUrl\":\"https:\/\/velipost.com\/wp-content\/uploads\/2024\/08\/cropped-VP-logo-piti.png\",\"width\":201,\"height\":69,\"caption\":\"VeliPost\"},\"image\":{\"@id\":\"https:\/\/velipost.com\/#\/schema\/logo\/image\/\"},\"sameAs\":[\"https:\/\/www.facebook.com\/veliposthaiti\",\"https:\/\/x.com\/veliposthaiti\",\"https:\/\/www.instagram.com\/veliposthaiti\"]},{\"@type\":\"Person\",\"@id\":\"https:\/\/velipost.com\/#\/schema\/person\/32ff49a53c9c1bb24302ee8ece058096\",\"name\":\"VeliPost\",\"image\":{\"@type\":\"ImageObject\",\"inLanguage\":\"fr-FR\",\"@id\":\"https:\/\/velipost.com\/#\/schema\/person\/image\/\",\"url\":\"https:\/\/secure.gravatar.com\/avatar\/57c226c264de62f794185a89596d4a37b85a5ad20aca30d9d5a478b27d8c8d9d?s=96&d=mm&r=g\",\"contentUrl\":\"https:\/\/secure.gravatar.com\/avatar\/57c226c264de62f794185a89596d4a37b85a5ad20aca30d9d5a478b27d8c8d9d?s=96&d=mm&r=g\",\"caption\":\"VeliPost\"},\"sameAs\":[\"https:\/\/velipost.com\"],\"url\":\"https:\/\/velipost.com\/?author=1\"}]}<\/script>\n<!-- \/ Yoast SEO plugin. -->","yoast_head_json":{"title":"Ha\u00efti\u2013Espagne : des \u00e9changes diplomatiques centr\u00e9s sur la s\u00e9curit\u00e9 et la stabilit\u00e9 r\u00e9gionale &#8211; VeliPost","robots":{"index":"index","follow":"follow","max-snippet":"max-snippet:-1","max-image-preview":"max-image-preview:large","max-video-preview":"max-video-preview:-1"},"canonical":"https:\/\/velipost.com\/?p=5790","og_locale":"fr_FR","og_type":"article","og_title":"Ha\u00efti\u2013Espagne : des \u00e9changes diplomatiques centr\u00e9s sur la s\u00e9curit\u00e9 et la stabilit\u00e9 r\u00e9gionale &#8211; VeliPost","og_description":"Une rencontre s\u2019est tenue ce mardi entre la Ministre des Affaires \u00e9trang\u00e8res et des Cultes, Raina Forbin, et l\u2019Ambassadeur du Royaume d\u2019Espagne en Ha\u00efti,","og_url":"https:\/\/velipost.com\/?p=5790","og_site_name":"VeliPost","article_publisher":"https:\/\/www.facebook.com\/veliposthaiti","article_published_time":"2026-03-18T15:01:14+00:00","article_modified_time":"2026-03-18T15:01:17+00:00","og_image":[{"width":1170,"height":603,"url":"https:\/\/velipost.com\/wp-content\/uploads\/2026\/03\/Raina-Forbin.jpg","type":"image\/jpeg"}],"author":"VeliPost","twitter_card":"summary_large_image","twitter_creator":"@veliposthaiti","twitter_site":"@veliposthaiti","twitter_misc":{"\u00c9crit par":"VeliPost","Dur\u00e9e de lecture estim\u00e9e":"2 minutes"},"schema":{"@context":"https:\/\/schema.org","@graph":[{"@type":"Article","@id":"https:\/\/velipost.com\/?p=5790#article","isPartOf":{"@id":"https:\/\/velipost.com\/?p=5790"},"author":{"name":"VeliPost","@id":"https:\/\/velipost.com\/#\/schema\/person\/32ff49a53c9c1bb24302ee8ece058096"},"headline":"Ha\u00efti\u2013Espagne : des \u00e9changes diplomatiques centr\u00e9s sur la s\u00e9curit\u00e9 et la stabilit\u00e9 r\u00e9gionale","datePublished":"2026-03-18T15:01:14+00:00","dateModified":"2026-03-18T15:01:17+00:00","mainEntityOfPage":{"@id":"https:\/\/velipost.com\/?p=5790"},"wordCount":248,"commentCount":0,"publisher":{"@id":"https:\/\/velipost.com\/#organization"},"image":{"@id":"https:\/\/velipost.com\/?p=5790#primaryimage"},"thumbnailUrl":"https:\/\/velipost.com\/wp-content\/uploads\/2026\/03\/Raina-Forbin.jpg","articleSection":["Diplomatie"],"inLanguage":"fr-FR","potentialAction":[{"@type":"CommentAction","name":"Comment","target":["https:\/\/velipost.com\/?p=5790#respond"]}]},{"@type":"WebPage","@id":"https:\/\/velipost.com\/?p=5790","url":"https:\/\/velipost.com\/?p=5790","name":"Ha\u00efti\u2013Espagne : des \u00e9changes diplomatiques centr\u00e9s sur la s\u00e9curit\u00e9 et la stabilit\u00e9 r\u00e9gionale &#8211; VeliPost","isPartOf":{"@id":"https:\/\/velipost.com\/#website"},"primaryImageOfPage":{"@id":"https:\/\/velipost.com\/?p=5790#primaryimage"},"image":{"@id":"https:\/\/velipost.com\/?p=5790#primaryimage"},"thumbnailUrl":"https:\/\/velipost.com\/wp-content\/uploads\/2026\/03\/Raina-Forbin.jpg","datePublished":"2026-03-18T15:01:14+00:00","dateModified":"2026-03-18T15:01:17+00:00","breadcrumb":{"@id":"https:\/\/velipost.com\/?p=5790#breadcrumb"},"inLanguage":"fr-FR","potentialAction":[{"@type":"ReadAction","target":["https:\/\/velipost.com\/?p=5790"]}]},{"@type":"ImageObject","inLanguage":"fr-FR","@id":"https:\/\/velipost.com\/?p=5790#primaryimage","url":"https:\/\/velipost.com\/wp-content\/uploads\/2026\/03\/Raina-Forbin.jpg","contentUrl":"https:\/\/velipost.com\/wp-content\/uploads\/2026\/03\/Raina-Forbin.jpg","width":1170,"height":603},{"@type":"BreadcrumbList","@id":"https:\/\/velipost.com\/?p=5790#breadcrumb","itemListElement":[{"@type":"ListItem","position":1,"name":"Accueil","item":"https:\/\/velipost.com\/"},{"@type":"ListItem","position":2,"name":"Ha\u00efti\u2013Espagne : des \u00e9changes diplomatiques centr\u00e9s sur la s\u00e9curit\u00e9 et la stabilit\u00e9 r\u00e9gionale"}]},{"@type":"WebSite","@id":"https:\/\/velipost.com\/#website","url":"https:\/\/velipost.com\/","name":"VeliPost","description":"L\u2019info en un clic","publisher":{"@id":"https:\/\/velipost.com\/#organization"},"potentialAction":[{"@type":"SearchAction","target":{"@type":"EntryPoint","urlTemplate":"https:\/\/velipost.com\/?s={search_term_string}"},"query-input":{"@type":"PropertyValueSpecification","valueRequired":true,"valueName":"search_term_string"}}],"inLanguage":"fr-FR"},{"@type":"Organization","@id":"https:\/\/velipost.com\/#organization","name":"VeliPost","url":"https:\/\/velipost.com\/","logo":{"@type":"ImageObject","inLanguage":"fr-FR","@id":"https:\/\/velipost.com\/#\/schema\/logo\/image\/","url":"https:\/\/velipost.com\/wp-content\/uploads\/2024\/08\/cropped-VP-logo-piti.png","contentUrl":"https:\/\/velipost.com\/wp-content\/uploads\/2024\/08\/cropped-VP-logo-piti.png","width":201,"height":69,"caption":"VeliPost"},"image":{"@id":"https:\/\/velipost.com\/#\/schema\/logo\/image\/"},"sameAs":["https:\/\/www.facebook.com\/veliposthaiti","https:\/\/x.com\/veliposthaiti","https:\/\/www.instagram.com\/veliposthaiti"]},{"@type":"Person","@id":"https:\/\/velipost.com\/#\/schema\/person\/32ff49a53c9c1bb24302ee8ece058096","name":"VeliPost","image":{"@type":"ImageObject","inLanguage":"fr-FR","@id":"https:\/\/velipost.com\/#\/schema\/person\/image\/","url":"https:\/\/secure.gravatar.com\/avatar\/57c226c264de62f794185a89596d4a37b85a5ad20aca30d9d5a478b27d8c8d9d?s=96&d=mm&r=g","contentUrl":"https:\/\/secure.gravatar.com\/avatar\/57c226c264de62f794185a89596d4a37b85a5ad20aca30d9d5a478b27d8c8d9d?s=96&d=mm&r=g","caption":"VeliPost"},"sameAs":["https:\/\/velipost.com"],"url":"https:\/\/velipost.com\/?author=1"}]}},"views":0,"jetpack_publicize_connections":[],"uagb_featured_image_src":{"full":["https:\/\/velipost.com\/wp-content\/uploads\/2026\/03\/Raina-Forbin.jpg",1170,603,false],"thumbnail":["https:\/\/velipost.com\/wp-content\/uploads\/2026\/03\/Raina-Forbin-150x150.jpg",150,150,true],"medium":["https:\/\/velipost.com\/wp-content\/uploads\/2026\/03\/Raina-Forbin-300x155.jpg",300,155,true],"medium_large":["https:\/\/velipost.com\/wp-content\/uploads\/2026\/03\/Raina-Forbin-768x396.jpg",715,369,true],"large":["https:\/\/velipost.com\/wp-content\/uploads\/2026\/03\/Raina-Forbin-1024x528.jpg",715,369,true],"1536x1536":["https:\/\/velipost.com\/wp-content\/uploads\/2026\/03\/Raina-Forbin.jpg",1170,603,false],"2048x2048":["https:\/\/velipost.com\/wp-content\/uploads\/2026\/03\/Raina-Forbin.jpg",1170,603,false],"colornews-big-slider":["https:\/\/velipost.com\/wp-content\/uploads\/2026\/03\/Raina-Forbin-1070x470.jpg",1070,470,true],"colornews-big-slider-thumb":["https:\/\/velipost.com\/wp-content\/uploads\/2026\/03\/Raina-Forbin-184x109.jpg",184,109,true],"colornews-featured-post-medium":["https:\/\/velipost.com\/wp-content\/uploads\/2026\/03\/Raina-Forbin-345x265.jpg",345,265,true],"colornews-featured-post-small":["https:\/\/velipost.com\/wp-content\/uploads\/2026\/03\/Raina-Forbin-115x73.jpg",115,73,true],"colornews-random-posts":["https:\/\/velipost.com\/wp-content\/uploads\/2026\/03\/Raina-Forbin-215x215.jpg",215,215,true],"colornews-featured-image":["https:\/\/velipost.com\/wp-content\/uploads\/2026\/03\/Raina-Forbin-715x400.jpg",715,400,true],"mailpoet_newsletter_max":["https:\/\/velipost.com\/wp-content\/uploads\/2026\/03\/Raina-Forbin.jpg",1170,603,false]},"uagb_author_info":{"display_name":"VeliPost","author_link":"https:\/\/velipost.com\/?author=1"},"uagb_comment_info":0,"uagb_excerpt":"Une rencontre s\u2019est tenue ce mardi entre la Ministre des Affaires \u00e9trang\u00e8res et des Cultes, Raina Forbin, et l\u2019Ambassadeur du Royaume d\u2019Espagne en Ha\u00efti,","_links":{"self":[{"href":"https:\/\/velipost.com\/index.php?rest_route=\/wp\/v2\/posts\/5790","targetHints":{"allow":["GET"]}}],"collection":[{"href":"https:\/\/velipost.com\/index.php?rest_route=\/wp\/v2\/posts"}],"about":[{"href":"https:\/\/velipost.com\/index.php?rest_route=\/wp\/v2\/types\/post"}],"author":[{"embeddable":true,"href":"https:\/\/velipost.com\/index.php?rest_route=\/wp\/v2\/users\/1"}],"replies":[{"embeddable":true,"href":"https:\/\/velipost.com\/index.php?rest_route=%2Fwp%2Fv2%2Fcomments&post=5790"}],"version-history":[{"count":1,"href":"https:\/\/velipost.com\/index.php?rest_route=\/wp\/v2\/posts\/5790\/revisions"}],"predecessor-version":[{"id":5793,"href":"https:\/\/velipost.com\/index.php?rest_route=\/wp\/v2\/posts\/5790\/revisions\/5793"}],"wp:featuredmedia":[{"embeddable":true,"href":"https:\/\/velipost.com\/index.php?rest_route=\/wp\/v2\/media\/5792"}],"wp:attachment":[{"href":"https:\/\/velipost.com\/index.php?rest_route=%2Fwp%2Fv2%2Fmedia&parent=5790"}],"wp:term":[{"taxonomy":"category","embeddable":true,"href":"https:\/\/velipost.com\/index.php?rest_route=%2Fwp%2Fv2%2Fcategories&post=5790"},{"taxonomy":"post_tag","embeddable":true,"href":"https:\/\/velipost.com\/index.php?rest_route=%2Fwp%2Fv2%2Ftags&post=5790"}],"curies":[{"name":"wp","href":"https:\/\/api.w.org\/{rel}","templated":true}]}}