{"id":5781,"date":"2026-03-18T04:10:22","date_gmt":"2026-03-18T03:10:22","guid":{"rendered":"https:\/\/velipost.com\/?p=5781"},"modified":"2026-03-18T04:15:23","modified_gmt":"2026-03-18T03:15:23","slug":"petion-ville-tarah-milcent-elue-a-la-tete-du-club-leaders-de-demain","status":"publish","type":"post","link":"https:\/\/velipost.com\/?p=5781","title":{"rendered":"P\u00e9tion-Ville : Tarah Milcent \u00e9lue \u00e0 la t\u00eate du Club Leaders de Demain"},"content":{"rendered":"\n<p><em>La jeune activiste et entrepreneure entend renforcer l\u2019engagement des jeunes et lancer des initiatives sociales en faveur des plus vuln\u00e9rables.<\/em><\/p>\n\n\n\n<p>P\u00e9tion-Ville, 14 mars 2026 \u2014 Tarah Milcent a \u00e9t\u00e9 \u00e9lue pr\u00e9sidente du Club Leaders de Demain de P\u00e9tion-Ville (LDD-PV) \u00e0 l\u2019issue de l\u2019assembl\u00e9e g\u00e9n\u00e9rale de l\u2019organisation tenue le samedi 14 mars 2026. \u00c9tudiante en relations internationales et en sciences \u00e9conomiques, cette activiste sociale franchit ainsi une nouvelle \u00e9tape dans son parcours au service de la jeunesse ha\u00eftienne.<\/p>\n\n\n\n<p>Connue pour son implication dans plusieurs initiatives citoyennes, la nouvelle pr\u00e9sidente s\u2019est distingu\u00e9e par son engagement en faveur du leadership et de la participation active des jeunes dans la soci\u00e9t\u00e9.<\/p>\n\n\n\n<p>Pour son mandat d\u2019un an, Tarah Milcent affiche des priorit\u00e9s ax\u00e9es sur le renforcement des capacit\u00e9s des membres du club, la mise en place d\u2019un programme de solidarit\u00e9 destin\u00e9 aux femmes et aux mineurs en d\u00e9tention, ainsi que le d\u00e9veloppement de m\u00e9canismes d\u2019accompagnement pour les jeunes en situation de vuln\u00e9rabilit\u00e9.<\/p>\n\n\n\n<p>Parall\u00e8lement \u00e0 ses nouvelles fonctions, elle est impliqu\u00e9e dans plusieurs structures de jeunesse, dont le Regroupement National des \u00c9tudiants Ha\u00eftiens (RENAEH), Jeunes Acteurs pour le Changement (JEACHA) et l\u2019Observatoire de la Jeunesse Ha\u00eftienne, o\u00f9 elle contribue \u00e0 diverses actions sociales et citoyennes.<\/p>\n\n\n\n<p>Anim\u00e9e d\u2019un esprit collaboratif et d\u2019un dynamisme contagieux, elle s\u2019inscrit dans cette nouvelle g\u00e9n\u00e9ration de leaders engag\u00e9s. Son ambition : devenir une force motrice de la transformation sociale et contribuer activement au rayonnement de la soci\u00e9t\u00e9 ha\u00eftienne.<\/p>\n\n    <div class=\"xs_social_share_widget xs_share_url after_content \t\tmain_content  wslu-style-3 wslu-share-box-shaped wslu-fill-brand-hover-colored wslu-share-m-5 wslu-none wslu-share-horizontal wslu-theme-font-no wslu-main_content\">\n\n\t\t\n        <ul>\n\t\t\t                    <li class=\"xs-share-li twitter                        wslu-no-extra-data\">\n                        <a href=\"javascript:void(0);\"\n                           id=\"xs_feed_twitter\"\n                           onclick=\"xs_social_sharer(this);\"\n                           data-pid=\"5781\"\n                           data-uri_hash=\"321bbc2674ff1d2265215395e39c8651\"\n                           data-key=\"twitter\"\n                           data-xs-href=\"https:\/\/twitter.com\/intent\/tweet?text=P%C3%A9tion-Ville+%3A+Tarah+Milcent+%C3%A9lue+%C3%A0+la+t%C3%AAte+du+Club+Leaders+de+Demain+https%3A%2F%2Fvelipost.com%2Findex.php%3Frest_route%3D%252Fwp%252Fv2%252Fposts%252F5781&amp;original_referer=https%3A%2F%2Fvelipost.com%2Findex.php%3Frest_route%3D%252Fwp%252Fv2%252Fposts%252F5781&amp;related=xpeedstudio\">\n\n                            <div class=\"xs-social-icon\">\n                                <span class=\"met-social met-social-twitter\"><\/span>\n                            <\/div>\n\n\t\t\t\t\t\t\t\n                            <div class=\"wslu-hover-content\">\n                                <div class=\"xs-social-followers\">\n\t\t\t\t\t\t\t\t\t10                                <\/div>\n                                <div class=\"xs-social-follower-text\">\n\t\t\t\t\t\t\t\t\tShare                                <\/div>\n                                <div class=\"xs-social-follower-label\">\n\t\t\t\t\t\t\t\t\tTwitter                                <\/div>\n                            <\/div>\n                        <\/a>\n                    <\/li>\n\t\t\t\t\t                    <li class=\"xs-share-li telegram                        wslu-no-extra-data\">\n                        <a href=\"javascript:void(0);\"\n                           id=\"xs_feed_telegram\"\n                           onclick=\"xs_social_sharer(this);\"\n                           data-pid=\"5781\"\n                           data-uri_hash=\"321bbc2674ff1d2265215395e39c8651\"\n                           data-key=\"telegram\"\n                           data-xs-href=\"https:\/\/telegram.me\/share\/url?url=https%3A%2F%2Fvelipost.com%2Findex.php%3Frest_route%3D%252Fwp%252Fv2%252Fposts%252F5781&amp;text=P%C3%A9tion-Ville+%3A+Tarah+Milcent+%C3%A9lue+%C3%A0+la+t%C3%AAte+du+Club+Leaders+de+Demain\">\n\n                            <div class=\"xs-social-icon\">\n                                <span class=\"met-social met-social-telegram\"><\/span>\n                            <\/div>\n\n\t\t\t\t\t\t\t\n                            <div class=\"wslu-hover-content\">\n                                <div class=\"xs-social-followers\">\n\t\t\t\t\t\t\t\t\t0                                <\/div>\n                                <div class=\"xs-social-follower-text\">\n\t\t\t\t\t\t\t\t\tShare                                <\/div>\n                                <div class=\"xs-social-follower-label\">\n\t\t\t\t\t\t\t\t\tTelegram                                <\/div>\n                            <\/div>\n                        <\/a>\n                    <\/li>\n\t\t\t\t\t                    <li class=\"xs-share-li email                        wslu-no-extra-data\">\n                        <a href=\"javascript:void(0);\"\n                           id=\"xs_feed_email\"\n                           onclick=\"xs_social_sharer(this);\"\n                           data-pid=\"5781\"\n                           data-uri_hash=\"321bbc2674ff1d2265215395e39c8651\"\n                           data-key=\"email\"\n                           data-xs-href=\"mailto:?body=Title%3A+P%C3%A9tion-Ville+%3A+Tarah+Milcent+%C3%A9lue+%C3%A0+la+t%C3%AAte+du+Club+Leaders+de+Demain+%5Cn%5Cn+URL%3A+https%3A%2F%2Fvelipost.com%2Findex.php%3Frest_route%3D%252Fwp%252Fv2%252Fposts%252F5781&amp;subject=P%C3%A9tion-Ville+%3A+Tarah+Milcent+%C3%A9lue+%C3%A0+la+t%C3%AAte+du+Club+Leaders+de+Demain\">\n\n                            <div class=\"xs-social-icon\">\n                                <span class=\"met-social met-social-email\"><\/span>\n                            <\/div>\n\n\t\t\t\t\t\t\t\n                            <div class=\"wslu-hover-content\">\n                                <div class=\"xs-social-followers\">\n\t\t\t\t\t\t\t\t\t0                                <\/div>\n                                <div class=\"xs-social-follower-text\">\n\t\t\t\t\t\t\t\t\tShare                                <\/div>\n                                <div class=\"xs-social-follower-label\">\n\t\t\t\t\t\t\t\t\tEmail                                <\/div>\n                            <\/div>\n                        <\/a>\n                    <\/li>\n\t\t\t\t\t        <\/ul>\n    <\/div> \n","protected":false},"excerpt":{"rendered":"<p>La jeune activiste et entrepreneure entend renforcer l\u2019engagement des jeunes et lancer des initiatives sociales en faveur des plus vuln\u00e9rables. P\u00e9tion-Ville, 14 mars 2026<\/p>\n","protected":false},"author":1,"featured_media":5782,"comment_status":"open","ping_status":"open","sticky":false,"template":"","format":"standard","meta":{"_uag_custom_page_level_css":"","footnotes":"","jetpack_publicize_message":"","jetpack_publicize_feature_enabled":true,"jetpack_social_post_already_shared":true,"jetpack_social_options":{"image_generator_settings":{"template":"highway","default_image_id":0,"font":"","enabled":false},"version":2}},"categories":[94],"tags":[],"class_list":["post-5781","post","type-post","status-publish","format-standard","has-post-thumbnail","hentry","category-a-la-une"],"yoast_head":"<!-- This site is optimized with the Yoast SEO plugin v25.3.1 - https:\/\/yoast.com\/wordpress\/plugins\/seo\/ -->\n<title>P\u00e9tion-Ville : Tarah Milcent \u00e9lue \u00e0 la t\u00eate du Club Leaders de Demain &#8211; VeliPost<\/title>\n<meta name=\"robots\" content=\"index, follow, max-snippet:-1, max-image-preview:large, max-video-preview:-1\" \/>\n<link rel=\"canonical\" href=\"https:\/\/velipost.com\/?p=5781\" \/>\n<meta property=\"og:locale\" content=\"fr_FR\" \/>\n<meta property=\"og:type\" content=\"article\" \/>\n<meta property=\"og:title\" content=\"P\u00e9tion-Ville : Tarah Milcent \u00e9lue \u00e0 la t\u00eate du Club Leaders de Demain &#8211; VeliPost\" \/>\n<meta property=\"og:description\" content=\"La jeune activiste et entrepreneure entend renforcer l\u2019engagement des jeunes et lancer des initiatives sociales en faveur des plus vuln\u00e9rables. P\u00e9tion-Ville, 14 mars 2026\" \/>\n<meta property=\"og:url\" content=\"https:\/\/velipost.com\/?p=5781\" \/>\n<meta property=\"og:site_name\" content=\"VeliPost\" \/>\n<meta property=\"article:publisher\" content=\"https:\/\/www.facebook.com\/veliposthaiti\" \/>\n<meta property=\"article:published_time\" content=\"2026-03-18T03:10:22+00:00\" \/>\n<meta property=\"article:modified_time\" content=\"2026-03-18T03:15:23+00:00\" \/>\n<meta property=\"og:image\" content=\"https:\/\/velipost.com\/wp-content\/uploads\/2026\/03\/Tarah-Milcent.jpg\" \/>\n\t<meta property=\"og:image:width\" content=\"1170\" \/>\n\t<meta property=\"og:image:height\" content=\"603\" \/>\n\t<meta property=\"og:image:type\" content=\"image\/jpeg\" \/>\n<meta name=\"author\" content=\"VeliPost\" \/>\n<meta name=\"twitter:card\" content=\"summary_large_image\" \/>\n<meta name=\"twitter:creator\" content=\"@veliposthaiti\" \/>\n<meta name=\"twitter:site\" content=\"@veliposthaiti\" \/>\n<meta name=\"twitter:label1\" content=\"\u00c9crit par\" \/>\n\t<meta name=\"twitter:data1\" content=\"VeliPost\" \/>\n\t<meta name=\"twitter:label2\" content=\"Dur\u00e9e de lecture estim\u00e9e\" \/>\n\t<meta name=\"twitter:data2\" content=\"2 minutes\" \/>\n<script type=\"application\/ld+json\" class=\"yoast-schema-graph\">{\"@context\":\"https:\/\/schema.org\",\"@graph\":[{\"@type\":\"Article\",\"@id\":\"https:\/\/velipost.com\/?p=5781#article\",\"isPartOf\":{\"@id\":\"https:\/\/velipost.com\/?p=5781\"},\"author\":{\"name\":\"VeliPost\",\"@id\":\"https:\/\/velipost.com\/#\/schema\/person\/32ff49a53c9c1bb24302ee8ece058096\"},\"headline\":\"P\u00e9tion-Ville : Tarah Milcent \u00e9lue \u00e0 la t\u00eate du Club Leaders de Demain\",\"datePublished\":\"2026-03-18T03:10:22+00:00\",\"dateModified\":\"2026-03-18T03:15:23+00:00\",\"mainEntityOfPage\":{\"@id\":\"https:\/\/velipost.com\/?p=5781\"},\"wordCount\":280,\"commentCount\":0,\"publisher\":{\"@id\":\"https:\/\/velipost.com\/#organization\"},\"image\":{\"@id\":\"https:\/\/velipost.com\/?p=5781#primaryimage\"},\"thumbnailUrl\":\"https:\/\/velipost.com\/wp-content\/uploads\/2026\/03\/Tarah-Milcent.jpg\",\"articleSection\":[\"A la Une\"],\"inLanguage\":\"fr-FR\",\"potentialAction\":[{\"@type\":\"CommentAction\",\"name\":\"Comment\",\"target\":[\"https:\/\/velipost.com\/?p=5781#respond\"]}]},{\"@type\":\"WebPage\",\"@id\":\"https:\/\/velipost.com\/?p=5781\",\"url\":\"https:\/\/velipost.com\/?p=5781\",\"name\":\"P\u00e9tion-Ville : Tarah Milcent \u00e9lue \u00e0 la t\u00eate du Club Leaders de Demain &#8211; VeliPost\",\"isPartOf\":{\"@id\":\"https:\/\/velipost.com\/#website\"},\"primaryImageOfPage\":{\"@id\":\"https:\/\/velipost.com\/?p=5781#primaryimage\"},\"image\":{\"@id\":\"https:\/\/velipost.com\/?p=5781#primaryimage\"},\"thumbnailUrl\":\"https:\/\/velipost.com\/wp-content\/uploads\/2026\/03\/Tarah-Milcent.jpg\",\"datePublished\":\"2026-03-18T03:10:22+00:00\",\"dateModified\":\"2026-03-18T03:15:23+00:00\",\"breadcrumb\":{\"@id\":\"https:\/\/velipost.com\/?p=5781#breadcrumb\"},\"inLanguage\":\"fr-FR\",\"potentialAction\":[{\"@type\":\"ReadAction\",\"target\":[\"https:\/\/velipost.com\/?p=5781\"]}]},{\"@type\":\"ImageObject\",\"inLanguage\":\"fr-FR\",\"@id\":\"https:\/\/velipost.com\/?p=5781#primaryimage\",\"url\":\"https:\/\/velipost.com\/wp-content\/uploads\/2026\/03\/Tarah-Milcent.jpg\",\"contentUrl\":\"https:\/\/velipost.com\/wp-content\/uploads\/2026\/03\/Tarah-Milcent.jpg\",\"width\":1170,\"height\":603},{\"@type\":\"BreadcrumbList\",\"@id\":\"https:\/\/velipost.com\/?p=5781#breadcrumb\",\"itemListElement\":[{\"@type\":\"ListItem\",\"position\":1,\"name\":\"Accueil\",\"item\":\"https:\/\/velipost.com\/\"},{\"@type\":\"ListItem\",\"position\":2,\"name\":\"P\u00e9tion-Ville : Tarah Milcent \u00e9lue \u00e0 la t\u00eate du Club Leaders de Demain\"}]},{\"@type\":\"WebSite\",\"@id\":\"https:\/\/velipost.com\/#website\",\"url\":\"https:\/\/velipost.com\/\",\"name\":\"VeliPost\",\"description\":\"L\u2019info en un clic\",\"publisher\":{\"@id\":\"https:\/\/velipost.com\/#organization\"},\"potentialAction\":[{\"@type\":\"SearchAction\",\"target\":{\"@type\":\"EntryPoint\",\"urlTemplate\":\"https:\/\/velipost.com\/?s={search_term_string}\"},\"query-input\":{\"@type\":\"PropertyValueSpecification\",\"valueRequired\":true,\"valueName\":\"search_term_string\"}}],\"inLanguage\":\"fr-FR\"},{\"@type\":\"Organization\",\"@id\":\"https:\/\/velipost.com\/#organization\",\"name\":\"VeliPost\",\"url\":\"https:\/\/velipost.com\/\",\"logo\":{\"@type\":\"ImageObject\",\"inLanguage\":\"fr-FR\",\"@id\":\"https:\/\/velipost.com\/#\/schema\/logo\/image\/\",\"url\":\"https:\/\/velipost.com\/wp-content\/uploads\/2024\/08\/cropped-VP-logo-piti.png\",\"contentUrl\":\"https:\/\/velipost.com\/wp-content\/uploads\/2024\/08\/cropped-VP-logo-piti.png\",\"width\":201,\"height\":69,\"caption\":\"VeliPost\"},\"image\":{\"@id\":\"https:\/\/velipost.com\/#\/schema\/logo\/image\/\"},\"sameAs\":[\"https:\/\/www.facebook.com\/veliposthaiti\",\"https:\/\/x.com\/veliposthaiti\",\"https:\/\/www.instagram.com\/veliposthaiti\"]},{\"@type\":\"Person\",\"@id\":\"https:\/\/velipost.com\/#\/schema\/person\/32ff49a53c9c1bb24302ee8ece058096\",\"name\":\"VeliPost\",\"image\":{\"@type\":\"ImageObject\",\"inLanguage\":\"fr-FR\",\"@id\":\"https:\/\/velipost.com\/#\/schema\/person\/image\/\",\"url\":\"https:\/\/secure.gravatar.com\/avatar\/57c226c264de62f794185a89596d4a37b85a5ad20aca30d9d5a478b27d8c8d9d?s=96&d=mm&r=g\",\"contentUrl\":\"https:\/\/secure.gravatar.com\/avatar\/57c226c264de62f794185a89596d4a37b85a5ad20aca30d9d5a478b27d8c8d9d?s=96&d=mm&r=g\",\"caption\":\"VeliPost\"},\"sameAs\":[\"https:\/\/velipost.com\"],\"url\":\"https:\/\/velipost.com\/?author=1\"}]}<\/script>\n<!-- \/ Yoast SEO plugin. -->","yoast_head_json":{"title":"P\u00e9tion-Ville : Tarah Milcent \u00e9lue \u00e0 la t\u00eate du Club Leaders de Demain &#8211; VeliPost","robots":{"index":"index","follow":"follow","max-snippet":"max-snippet:-1","max-image-preview":"max-image-preview:large","max-video-preview":"max-video-preview:-1"},"canonical":"https:\/\/velipost.com\/?p=5781","og_locale":"fr_FR","og_type":"article","og_title":"P\u00e9tion-Ville : Tarah Milcent \u00e9lue \u00e0 la t\u00eate du Club Leaders de Demain &#8211; VeliPost","og_description":"La jeune activiste et entrepreneure entend renforcer l\u2019engagement des jeunes et lancer des initiatives sociales en faveur des plus vuln\u00e9rables. P\u00e9tion-Ville, 14 mars 2026","og_url":"https:\/\/velipost.com\/?p=5781","og_site_name":"VeliPost","article_publisher":"https:\/\/www.facebook.com\/veliposthaiti","article_published_time":"2026-03-18T03:10:22+00:00","article_modified_time":"2026-03-18T03:15:23+00:00","og_image":[{"width":1170,"height":603,"url":"https:\/\/velipost.com\/wp-content\/uploads\/2026\/03\/Tarah-Milcent.jpg","type":"image\/jpeg"}],"author":"VeliPost","twitter_card":"summary_large_image","twitter_creator":"@veliposthaiti","twitter_site":"@veliposthaiti","twitter_misc":{"\u00c9crit par":"VeliPost","Dur\u00e9e de lecture estim\u00e9e":"2 minutes"},"schema":{"@context":"https:\/\/schema.org","@graph":[{"@type":"Article","@id":"https:\/\/velipost.com\/?p=5781#article","isPartOf":{"@id":"https:\/\/velipost.com\/?p=5781"},"author":{"name":"VeliPost","@id":"https:\/\/velipost.com\/#\/schema\/person\/32ff49a53c9c1bb24302ee8ece058096"},"headline":"P\u00e9tion-Ville : Tarah Milcent \u00e9lue \u00e0 la t\u00eate du Club Leaders de Demain","datePublished":"2026-03-18T03:10:22+00:00","dateModified":"2026-03-18T03:15:23+00:00","mainEntityOfPage":{"@id":"https:\/\/velipost.com\/?p=5781"},"wordCount":280,"commentCount":0,"publisher":{"@id":"https:\/\/velipost.com\/#organization"},"image":{"@id":"https:\/\/velipost.com\/?p=5781#primaryimage"},"thumbnailUrl":"https:\/\/velipost.com\/wp-content\/uploads\/2026\/03\/Tarah-Milcent.jpg","articleSection":["A la Une"],"inLanguage":"fr-FR","potentialAction":[{"@type":"CommentAction","name":"Comment","target":["https:\/\/velipost.com\/?p=5781#respond"]}]},{"@type":"WebPage","@id":"https:\/\/velipost.com\/?p=5781","url":"https:\/\/velipost.com\/?p=5781","name":"P\u00e9tion-Ville : Tarah Milcent \u00e9lue \u00e0 la t\u00eate du Club Leaders de Demain &#8211; VeliPost","isPartOf":{"@id":"https:\/\/velipost.com\/#website"},"primaryImageOfPage":{"@id":"https:\/\/velipost.com\/?p=5781#primaryimage"},"image":{"@id":"https:\/\/velipost.com\/?p=5781#primaryimage"},"thumbnailUrl":"https:\/\/velipost.com\/wp-content\/uploads\/2026\/03\/Tarah-Milcent.jpg","datePublished":"2026-03-18T03:10:22+00:00","dateModified":"2026-03-18T03:15:23+00:00","breadcrumb":{"@id":"https:\/\/velipost.com\/?p=5781#breadcrumb"},"inLanguage":"fr-FR","potentialAction":[{"@type":"ReadAction","target":["https:\/\/velipost.com\/?p=5781"]}]},{"@type":"ImageObject","inLanguage":"fr-FR","@id":"https:\/\/velipost.com\/?p=5781#primaryimage","url":"https:\/\/velipost.com\/wp-content\/uploads\/2026\/03\/Tarah-Milcent.jpg","contentUrl":"https:\/\/velipost.com\/wp-content\/uploads\/2026\/03\/Tarah-Milcent.jpg","width":1170,"height":603},{"@type":"BreadcrumbList","@id":"https:\/\/velipost.com\/?p=5781#breadcrumb","itemListElement":[{"@type":"ListItem","position":1,"name":"Accueil","item":"https:\/\/velipost.com\/"},{"@type":"ListItem","position":2,"name":"P\u00e9tion-Ville : Tarah Milcent \u00e9lue \u00e0 la t\u00eate du Club Leaders de Demain"}]},{"@type":"WebSite","@id":"https:\/\/velipost.com\/#website","url":"https:\/\/velipost.com\/","name":"VeliPost","description":"L\u2019info en un clic","publisher":{"@id":"https:\/\/velipost.com\/#organization"},"potentialAction":[{"@type":"SearchAction","target":{"@type":"EntryPoint","urlTemplate":"https:\/\/velipost.com\/?s={search_term_string}"},"query-input":{"@type":"PropertyValueSpecification","valueRequired":true,"valueName":"search_term_string"}}],"inLanguage":"fr-FR"},{"@type":"Organization","@id":"https:\/\/velipost.com\/#organization","name":"VeliPost","url":"https:\/\/velipost.com\/","logo":{"@type":"ImageObject","inLanguage":"fr-FR","@id":"https:\/\/velipost.com\/#\/schema\/logo\/image\/","url":"https:\/\/velipost.com\/wp-content\/uploads\/2024\/08\/cropped-VP-logo-piti.png","contentUrl":"https:\/\/velipost.com\/wp-content\/uploads\/2024\/08\/cropped-VP-logo-piti.png","width":201,"height":69,"caption":"VeliPost"},"image":{"@id":"https:\/\/velipost.com\/#\/schema\/logo\/image\/"},"sameAs":["https:\/\/www.facebook.com\/veliposthaiti","https:\/\/x.com\/veliposthaiti","https:\/\/www.instagram.com\/veliposthaiti"]},{"@type":"Person","@id":"https:\/\/velipost.com\/#\/schema\/person\/32ff49a53c9c1bb24302ee8ece058096","name":"VeliPost","image":{"@type":"ImageObject","inLanguage":"fr-FR","@id":"https:\/\/velipost.com\/#\/schema\/person\/image\/","url":"https:\/\/secure.gravatar.com\/avatar\/57c226c264de62f794185a89596d4a37b85a5ad20aca30d9d5a478b27d8c8d9d?s=96&d=mm&r=g","contentUrl":"https:\/\/secure.gravatar.com\/avatar\/57c226c264de62f794185a89596d4a37b85a5ad20aca30d9d5a478b27d8c8d9d?s=96&d=mm&r=g","caption":"VeliPost"},"sameAs":["https:\/\/velipost.com"],"url":"https:\/\/velipost.com\/?author=1"}]}},"views":0,"jetpack_publicize_connections":[],"uagb_featured_image_src":{"full":["https:\/\/velipost.com\/wp-content\/uploads\/2026\/03\/Tarah-Milcent.jpg",1170,603,false],"thumbnail":["https:\/\/velipost.com\/wp-content\/uploads\/2026\/03\/Tarah-Milcent-150x150.jpg",150,150,true],"medium":["https:\/\/velipost.com\/wp-content\/uploads\/2026\/03\/Tarah-Milcent-300x155.jpg",300,155,true],"medium_large":["https:\/\/velipost.com\/wp-content\/uploads\/2026\/03\/Tarah-Milcent-768x396.jpg",715,369,true],"large":["https:\/\/velipost.com\/wp-content\/uploads\/2026\/03\/Tarah-Milcent-1024x528.jpg",715,369,true],"1536x1536":["https:\/\/velipost.com\/wp-content\/uploads\/2026\/03\/Tarah-Milcent.jpg",1170,603,false],"2048x2048":["https:\/\/velipost.com\/wp-content\/uploads\/2026\/03\/Tarah-Milcent.jpg",1170,603,false],"colornews-big-slider":["https:\/\/velipost.com\/wp-content\/uploads\/2026\/03\/Tarah-Milcent-1070x470.jpg",1070,470,true],"colornews-big-slider-thumb":["https:\/\/velipost.com\/wp-content\/uploads\/2026\/03\/Tarah-Milcent-184x109.jpg",184,109,true],"colornews-featured-post-medium":["https:\/\/velipost.com\/wp-content\/uploads\/2026\/03\/Tarah-Milcent-345x265.jpg",345,265,true],"colornews-featured-post-small":["https:\/\/velipost.com\/wp-content\/uploads\/2026\/03\/Tarah-Milcent-115x73.jpg",115,73,true],"colornews-random-posts":["https:\/\/velipost.com\/wp-content\/uploads\/2026\/03\/Tarah-Milcent-215x215.jpg",215,215,true],"colornews-featured-image":["https:\/\/velipost.com\/wp-content\/uploads\/2026\/03\/Tarah-Milcent-715x400.jpg",715,400,true],"mailpoet_newsletter_max":["https:\/\/velipost.com\/wp-content\/uploads\/2026\/03\/Tarah-Milcent.jpg",1170,603,false]},"uagb_author_info":{"display_name":"VeliPost","author_link":"https:\/\/velipost.com\/?author=1"},"uagb_comment_info":0,"uagb_excerpt":"La jeune activiste et entrepreneure entend renforcer l\u2019engagement des jeunes et lancer des initiatives sociales en faveur des plus vuln\u00e9rables. P\u00e9tion-Ville, 14 mars 2026","_links":{"self":[{"href":"https:\/\/velipost.com\/index.php?rest_route=\/wp\/v2\/posts\/5781","targetHints":{"allow":["GET"]}}],"collection":[{"href":"https:\/\/velipost.com\/index.php?rest_route=\/wp\/v2\/posts"}],"about":[{"href":"https:\/\/velipost.com\/index.php?rest_route=\/wp\/v2\/types\/post"}],"author":[{"embeddable":true,"href":"https:\/\/velipost.com\/index.php?rest_route=\/wp\/v2\/users\/1"}],"replies":[{"embeddable":true,"href":"https:\/\/velipost.com\/index.php?rest_route=%2Fwp%2Fv2%2Fcomments&post=5781"}],"version-history":[{"count":2,"href":"https:\/\/velipost.com\/index.php?rest_route=\/wp\/v2\/posts\/5781\/revisions"}],"predecessor-version":[{"id":5784,"href":"https:\/\/velipost.com\/index.php?rest_route=\/wp\/v2\/posts\/5781\/revisions\/5784"}],"wp:featuredmedia":[{"embeddable":true,"href":"https:\/\/velipost.com\/index.php?rest_route=\/wp\/v2\/media\/5782"}],"wp:attachment":[{"href":"https:\/\/velipost.com\/index.php?rest_route=%2Fwp%2Fv2%2Fmedia&parent=5781"}],"wp:term":[{"taxonomy":"category","embeddable":true,"href":"https:\/\/velipost.com\/index.php?rest_route=%2Fwp%2Fv2%2Fcategories&post=5781"},{"taxonomy":"post_tag","embeddable":true,"href":"https:\/\/velipost.com\/index.php?rest_route=%2Fwp%2Fv2%2Ftags&post=5781"}],"curies":[{"name":"wp","href":"https:\/\/api.w.org\/{rel}","templated":true}]}}