{"id":5775,"date":"2026-03-18T03:34:53","date_gmt":"2026-03-18T02:34:53","guid":{"rendered":"https:\/\/velipost.com\/?p=5775"},"modified":"2026-03-18T03:34:55","modified_gmt":"2026-03-18T02:34:55","slug":"plainte-pour-violences-policieres-contre-un-journaliste-le-cpp-deplore-le-silence-de-ligpnh-et-de-lopc","status":"publish","type":"post","link":"https:\/\/velipost.com\/?p=5775","title":{"rendered":"Plainte pour violences polici\u00e8res contre un journaliste : le CPP d\u00e9plore le silence de l\u2019IGPNH et de l\u2019OPC"},"content":{"rendered":"\n<p>Le Collectif des Professionnels de la Presse (CPP) a d\u00e9nonc\u00e9 l\u2019absence de suivi institutionnel dans une plainte d\u00e9pos\u00e9e pour violences polici\u00e8res pr\u00e9sum\u00e9es contre le journaliste Rudy Eveillard.<\/p>\n\n\n\n<p>Dans une note rendue publique le 17 mars 2026, l\u2019organisation indique qu\u2019une plainte formelle avait \u00e9t\u00e9 adress\u00e9e le 3 d\u00e9cembre 2025 \u00e0 l\u2019Inspection g\u00e9n\u00e9rale de la Police nationale d\u2019Ha\u00efti (IGPNH). Cette d\u00e9marche avait \u00e9t\u00e9 men\u00e9e conjointement avec l\u2019Organisation pour le Respect et la D\u00e9fense des Droits Humains (ORDEDH), le Mouvement International pour la D\u00e9fense des Droits Humains en Ha\u00efti (MIDDHA) et l\u2019organisation JASMA.<\/p>\n\n\n\n<p>Selon les organisations signataires, la plainte visait \u00e0 demander l\u2019ouverture d\u2019une enqu\u00eate administrative et disciplinaire sur des agents de la Police nationale d\u2019Ha\u00efti accus\u00e9s d\u2019avoir agress\u00e9 le journaliste.<\/p>\n\n\n\n<p>Les faits rapport\u00e9s remontent au 26 novembre 2025. Le journaliste Rudy Eveillard aurait \u00e9t\u00e9 intercept\u00e9 vers 7 h 30 du matin par des agents de police, agress\u00e9 physiquement, embarqu\u00e9 de force dans un v\u00e9hicule et soumis \u00e0 des intimidations avant d\u2019\u00eatre transf\u00e9r\u00e9 dans un second v\u00e9hicule. Il aurait \u00e9t\u00e9 lib\u00e9r\u00e9 plusieurs heures plus tard.<\/p>\n\n\n\n<p>Le CPP affirme que, jusqu\u2019\u00e0 pr\u00e9sent, aucune information n\u2019a \u00e9t\u00e9 communiqu\u00e9e concernant l\u2019\u00e9volution de cette plainte, notamment l\u2019ouverture d\u2019une enqu\u00eate ou d\u2019\u00e9ventuelles mesures disciplinaires.<\/p>\n\n\n\n<p>L\u2019organisation souligne \u00e9galement que l\u2019Office de la Protection du Citoyen (OPC), saisi le 4 f\u00e9vrier 2026 dans ce dossier, n\u2019a pas non plus communiqu\u00e9 sur d\u2019\u00e9ventuelles d\u00e9marches entreprises.<\/p>\n\n\n\n<p>Dans sa note, le Collectif des Professionnels de la Presse appelle les institutions concern\u00e9es \u00e0 assumer leurs responsabilit\u00e9s et \u00e0 faire la lumi\u00e8re sur les faits d\u00e9nonc\u00e9s.<\/p>\n\n    <div class=\"xs_social_share_widget xs_share_url after_content \t\tmain_content  wslu-style-3 wslu-share-box-shaped wslu-fill-brand-hover-colored wslu-share-m-5 wslu-none wslu-share-horizontal wslu-theme-font-no wslu-main_content\">\n\n\t\t\n        <ul>\n\t\t\t                    <li class=\"xs-share-li twitter                        wslu-no-extra-data\">\n                        <a href=\"javascript:void(0);\"\n                           id=\"xs_feed_twitter\"\n                           onclick=\"xs_social_sharer(this);\"\n                           data-pid=\"5775\"\n                           data-uri_hash=\"14ed16fad3b706fc2dc1c2783e5727a0\"\n                           data-key=\"twitter\"\n                           data-xs-href=\"https:\/\/twitter.com\/intent\/tweet?text=Plainte+pour+violences+polici%C3%A8res+contre+un+journaliste+%3A+le+CPP+d%C3%A9plore+le+silence+de+l%E2%80%99IGPNH+et+de+l%E2%80%99OPC+https%3A%2F%2Fvelipost.com%2Findex.php%3Frest_route%3D%252Fwp%252Fv2%252Fposts%252F5775&amp;original_referer=https%3A%2F%2Fvelipost.com%2Findex.php%3Frest_route%3D%252Fwp%252Fv2%252Fposts%252F5775&amp;related=xpeedstudio\">\n\n                            <div class=\"xs-social-icon\">\n                                <span class=\"met-social met-social-twitter\"><\/span>\n                            <\/div>\n\n\t\t\t\t\t\t\t\n                            <div class=\"wslu-hover-content\">\n                                <div class=\"xs-social-followers\">\n\t\t\t\t\t\t\t\t\t10                                <\/div>\n                                <div class=\"xs-social-follower-text\">\n\t\t\t\t\t\t\t\t\tShare                                <\/div>\n                                <div class=\"xs-social-follower-label\">\n\t\t\t\t\t\t\t\t\tTwitter                                <\/div>\n                            <\/div>\n                        <\/a>\n                    <\/li>\n\t\t\t\t\t                    <li class=\"xs-share-li telegram                        wslu-no-extra-data\">\n                        <a href=\"javascript:void(0);\"\n                           id=\"xs_feed_telegram\"\n                           onclick=\"xs_social_sharer(this);\"\n                           data-pid=\"5775\"\n                           data-uri_hash=\"14ed16fad3b706fc2dc1c2783e5727a0\"\n                           data-key=\"telegram\"\n                           data-xs-href=\"https:\/\/telegram.me\/share\/url?url=https%3A%2F%2Fvelipost.com%2Findex.php%3Frest_route%3D%252Fwp%252Fv2%252Fposts%252F5775&amp;text=Plainte+pour+violences+polici%C3%A8res+contre+un+journaliste+%3A+le+CPP+d%C3%A9plore+le+silence+de+l%E2%80%99IGPNH+et+de+l%E2%80%99OPC\">\n\n                            <div class=\"xs-social-icon\">\n                                <span class=\"met-social met-social-telegram\"><\/span>\n                            <\/div>\n\n\t\t\t\t\t\t\t\n                            <div class=\"wslu-hover-content\">\n                                <div class=\"xs-social-followers\">\n\t\t\t\t\t\t\t\t\t0                                <\/div>\n                                <div class=\"xs-social-follower-text\">\n\t\t\t\t\t\t\t\t\tShare                                <\/div>\n                                <div class=\"xs-social-follower-label\">\n\t\t\t\t\t\t\t\t\tTelegram                                <\/div>\n                            <\/div>\n                        <\/a>\n                    <\/li>\n\t\t\t\t\t                    <li class=\"xs-share-li email                        wslu-no-extra-data\">\n                        <a href=\"javascript:void(0);\"\n                           id=\"xs_feed_email\"\n                           onclick=\"xs_social_sharer(this);\"\n                           data-pid=\"5775\"\n                           data-uri_hash=\"14ed16fad3b706fc2dc1c2783e5727a0\"\n                           data-key=\"email\"\n                           data-xs-href=\"mailto:?body=Title%3A+Plainte+pour+violences+polici%C3%A8res+contre+un+journaliste+%3A+le+CPP+d%C3%A9plore+le+silence+de+l%E2%80%99IGPNH+et+de+l%E2%80%99OPC+%5Cn%5Cn+URL%3A+https%3A%2F%2Fvelipost.com%2Findex.php%3Frest_route%3D%252Fwp%252Fv2%252Fposts%252F5775&amp;subject=Plainte+pour+violences+polici%C3%A8res+contre+un+journaliste+%3A+le+CPP+d%C3%A9plore+le+silence+de+l%E2%80%99IGPNH+et+de+l%E2%80%99OPC\">\n\n                            <div class=\"xs-social-icon\">\n                                <span class=\"met-social met-social-email\"><\/span>\n                            <\/div>\n\n\t\t\t\t\t\t\t\n                            <div class=\"wslu-hover-content\">\n                                <div class=\"xs-social-followers\">\n\t\t\t\t\t\t\t\t\t0                                <\/div>\n                                <div class=\"xs-social-follower-text\">\n\t\t\t\t\t\t\t\t\tShare                                <\/div>\n                                <div class=\"xs-social-follower-label\">\n\t\t\t\t\t\t\t\t\tEmail                                <\/div>\n                            <\/div>\n                        <\/a>\n                    <\/li>\n\t\t\t\t\t        <\/ul>\n    <\/div> \n","protected":false},"excerpt":{"rendered":"<p>Le Collectif des Professionnels de la Presse (CPP) a d\u00e9nonc\u00e9 l\u2019absence de suivi institutionnel dans une plainte d\u00e9pos\u00e9e pour violences polici\u00e8res pr\u00e9sum\u00e9es contre le<\/p>\n","protected":false},"author":1,"featured_media":5776,"comment_status":"open","ping_status":"open","sticky":false,"template":"","format":"standard","meta":{"_uag_custom_page_level_css":"","footnotes":"","jetpack_publicize_message":"","jetpack_publicize_feature_enabled":true,"jetpack_social_post_already_shared":true,"jetpack_social_options":{"image_generator_settings":{"template":"highway","default_image_id":0,"font":"","enabled":false},"version":2}},"categories":[94],"tags":[],"class_list":["post-5775","post","type-post","status-publish","format-standard","has-post-thumbnail","hentry","category-a-la-une"],"yoast_head":"<!-- This site is optimized with the Yoast SEO plugin v25.3.1 - https:\/\/yoast.com\/wordpress\/plugins\/seo\/ -->\n<title>Plainte pour violences polici\u00e8res contre un journaliste : le CPP d\u00e9plore le silence de l\u2019IGPNH et de l\u2019OPC &#8211; VeliPost<\/title>\n<meta name=\"robots\" content=\"index, follow, max-snippet:-1, max-image-preview:large, max-video-preview:-1\" \/>\n<link rel=\"canonical\" href=\"https:\/\/velipost.com\/?p=5775\" \/>\n<meta property=\"og:locale\" content=\"fr_FR\" \/>\n<meta property=\"og:type\" content=\"article\" \/>\n<meta property=\"og:title\" content=\"Plainte pour violences polici\u00e8res contre un journaliste : le CPP d\u00e9plore le silence de l\u2019IGPNH et de l\u2019OPC &#8211; VeliPost\" \/>\n<meta property=\"og:description\" content=\"Le Collectif des Professionnels de la Presse (CPP) a d\u00e9nonc\u00e9 l\u2019absence de suivi institutionnel dans une plainte d\u00e9pos\u00e9e pour violences polici\u00e8res pr\u00e9sum\u00e9es contre le\" \/>\n<meta property=\"og:url\" content=\"https:\/\/velipost.com\/?p=5775\" \/>\n<meta property=\"og:site_name\" content=\"VeliPost\" \/>\n<meta property=\"article:publisher\" content=\"https:\/\/www.facebook.com\/veliposthaiti\" \/>\n<meta property=\"article:published_time\" content=\"2026-03-18T02:34:53+00:00\" \/>\n<meta property=\"article:modified_time\" content=\"2026-03-18T02:34:55+00:00\" \/>\n<meta property=\"og:image\" content=\"https:\/\/velipost.com\/wp-content\/uploads\/2026\/03\/CPP.jpg\" \/>\n\t<meta property=\"og:image:width\" content=\"1170\" \/>\n\t<meta property=\"og:image:height\" content=\"603\" \/>\n\t<meta property=\"og:image:type\" content=\"image\/jpeg\" \/>\n<meta name=\"author\" content=\"VeliPost\" \/>\n<meta name=\"twitter:card\" content=\"summary_large_image\" \/>\n<meta name=\"twitter:creator\" content=\"@veliposthaiti\" \/>\n<meta name=\"twitter:site\" content=\"@veliposthaiti\" \/>\n<meta name=\"twitter:label1\" content=\"\u00c9crit par\" \/>\n\t<meta name=\"twitter:data1\" content=\"VeliPost\" \/>\n\t<meta name=\"twitter:label2\" content=\"Dur\u00e9e de lecture estim\u00e9e\" \/>\n\t<meta name=\"twitter:data2\" content=\"2 minutes\" \/>\n<script type=\"application\/ld+json\" class=\"yoast-schema-graph\">{\"@context\":\"https:\/\/schema.org\",\"@graph\":[{\"@type\":\"Article\",\"@id\":\"https:\/\/velipost.com\/?p=5775#article\",\"isPartOf\":{\"@id\":\"https:\/\/velipost.com\/?p=5775\"},\"author\":{\"name\":\"VeliPost\",\"@id\":\"https:\/\/velipost.com\/#\/schema\/person\/32ff49a53c9c1bb24302ee8ece058096\"},\"headline\":\"Plainte pour violences polici\u00e8res contre un journaliste : le CPP d\u00e9plore le silence de l\u2019IGPNH et de l\u2019OPC\",\"datePublished\":\"2026-03-18T02:34:53+00:00\",\"dateModified\":\"2026-03-18T02:34:55+00:00\",\"mainEntityOfPage\":{\"@id\":\"https:\/\/velipost.com\/?p=5775\"},\"wordCount\":312,\"commentCount\":0,\"publisher\":{\"@id\":\"https:\/\/velipost.com\/#organization\"},\"image\":{\"@id\":\"https:\/\/velipost.com\/?p=5775#primaryimage\"},\"thumbnailUrl\":\"https:\/\/velipost.com\/wp-content\/uploads\/2026\/03\/CPP.jpg\",\"articleSection\":[\"A la Une\"],\"inLanguage\":\"fr-FR\",\"potentialAction\":[{\"@type\":\"CommentAction\",\"name\":\"Comment\",\"target\":[\"https:\/\/velipost.com\/?p=5775#respond\"]}]},{\"@type\":\"WebPage\",\"@id\":\"https:\/\/velipost.com\/?p=5775\",\"url\":\"https:\/\/velipost.com\/?p=5775\",\"name\":\"Plainte pour violences polici\u00e8res contre un journaliste : le CPP d\u00e9plore le silence de l\u2019IGPNH et de l\u2019OPC &#8211; VeliPost\",\"isPartOf\":{\"@id\":\"https:\/\/velipost.com\/#website\"},\"primaryImageOfPage\":{\"@id\":\"https:\/\/velipost.com\/?p=5775#primaryimage\"},\"image\":{\"@id\":\"https:\/\/velipost.com\/?p=5775#primaryimage\"},\"thumbnailUrl\":\"https:\/\/velipost.com\/wp-content\/uploads\/2026\/03\/CPP.jpg\",\"datePublished\":\"2026-03-18T02:34:53+00:00\",\"dateModified\":\"2026-03-18T02:34:55+00:00\",\"breadcrumb\":{\"@id\":\"https:\/\/velipost.com\/?p=5775#breadcrumb\"},\"inLanguage\":\"fr-FR\",\"potentialAction\":[{\"@type\":\"ReadAction\",\"target\":[\"https:\/\/velipost.com\/?p=5775\"]}]},{\"@type\":\"ImageObject\",\"inLanguage\":\"fr-FR\",\"@id\":\"https:\/\/velipost.com\/?p=5775#primaryimage\",\"url\":\"https:\/\/velipost.com\/wp-content\/uploads\/2026\/03\/CPP.jpg\",\"contentUrl\":\"https:\/\/velipost.com\/wp-content\/uploads\/2026\/03\/CPP.jpg\",\"width\":1170,\"height\":603},{\"@type\":\"BreadcrumbList\",\"@id\":\"https:\/\/velipost.com\/?p=5775#breadcrumb\",\"itemListElement\":[{\"@type\":\"ListItem\",\"position\":1,\"name\":\"Accueil\",\"item\":\"https:\/\/velipost.com\/\"},{\"@type\":\"ListItem\",\"position\":2,\"name\":\"Plainte pour violences polici\u00e8res contre un journaliste : le CPP d\u00e9plore le silence de l\u2019IGPNH et de l\u2019OPC\"}]},{\"@type\":\"WebSite\",\"@id\":\"https:\/\/velipost.com\/#website\",\"url\":\"https:\/\/velipost.com\/\",\"name\":\"VeliPost\",\"description\":\"L\u2019info en un clic\",\"publisher\":{\"@id\":\"https:\/\/velipost.com\/#organization\"},\"potentialAction\":[{\"@type\":\"SearchAction\",\"target\":{\"@type\":\"EntryPoint\",\"urlTemplate\":\"https:\/\/velipost.com\/?s={search_term_string}\"},\"query-input\":{\"@type\":\"PropertyValueSpecification\",\"valueRequired\":true,\"valueName\":\"search_term_string\"}}],\"inLanguage\":\"fr-FR\"},{\"@type\":\"Organization\",\"@id\":\"https:\/\/velipost.com\/#organization\",\"name\":\"VeliPost\",\"url\":\"https:\/\/velipost.com\/\",\"logo\":{\"@type\":\"ImageObject\",\"inLanguage\":\"fr-FR\",\"@id\":\"https:\/\/velipost.com\/#\/schema\/logo\/image\/\",\"url\":\"https:\/\/velipost.com\/wp-content\/uploads\/2024\/08\/cropped-VP-logo-piti.png\",\"contentUrl\":\"https:\/\/velipost.com\/wp-content\/uploads\/2024\/08\/cropped-VP-logo-piti.png\",\"width\":201,\"height\":69,\"caption\":\"VeliPost\"},\"image\":{\"@id\":\"https:\/\/velipost.com\/#\/schema\/logo\/image\/\"},\"sameAs\":[\"https:\/\/www.facebook.com\/veliposthaiti\",\"https:\/\/x.com\/veliposthaiti\",\"https:\/\/www.instagram.com\/veliposthaiti\"]},{\"@type\":\"Person\",\"@id\":\"https:\/\/velipost.com\/#\/schema\/person\/32ff49a53c9c1bb24302ee8ece058096\",\"name\":\"VeliPost\",\"image\":{\"@type\":\"ImageObject\",\"inLanguage\":\"fr-FR\",\"@id\":\"https:\/\/velipost.com\/#\/schema\/person\/image\/\",\"url\":\"https:\/\/secure.gravatar.com\/avatar\/57c226c264de62f794185a89596d4a37b85a5ad20aca30d9d5a478b27d8c8d9d?s=96&d=mm&r=g\",\"contentUrl\":\"https:\/\/secure.gravatar.com\/avatar\/57c226c264de62f794185a89596d4a37b85a5ad20aca30d9d5a478b27d8c8d9d?s=96&d=mm&r=g\",\"caption\":\"VeliPost\"},\"sameAs\":[\"https:\/\/velipost.com\"],\"url\":\"https:\/\/velipost.com\/?author=1\"}]}<\/script>\n<!-- \/ Yoast SEO plugin. -->","yoast_head_json":{"title":"Plainte pour violences polici\u00e8res contre un journaliste : le CPP d\u00e9plore le silence de l\u2019IGPNH et de l\u2019OPC &#8211; VeliPost","robots":{"index":"index","follow":"follow","max-snippet":"max-snippet:-1","max-image-preview":"max-image-preview:large","max-video-preview":"max-video-preview:-1"},"canonical":"https:\/\/velipost.com\/?p=5775","og_locale":"fr_FR","og_type":"article","og_title":"Plainte pour violences polici\u00e8res contre un journaliste : le CPP d\u00e9plore le silence de l\u2019IGPNH et de l\u2019OPC &#8211; VeliPost","og_description":"Le Collectif des Professionnels de la Presse (CPP) a d\u00e9nonc\u00e9 l\u2019absence de suivi institutionnel dans une plainte d\u00e9pos\u00e9e pour violences polici\u00e8res pr\u00e9sum\u00e9es contre le","og_url":"https:\/\/velipost.com\/?p=5775","og_site_name":"VeliPost","article_publisher":"https:\/\/www.facebook.com\/veliposthaiti","article_published_time":"2026-03-18T02:34:53+00:00","article_modified_time":"2026-03-18T02:34:55+00:00","og_image":[{"width":1170,"height":603,"url":"https:\/\/velipost.com\/wp-content\/uploads\/2026\/03\/CPP.jpg","type":"image\/jpeg"}],"author":"VeliPost","twitter_card":"summary_large_image","twitter_creator":"@veliposthaiti","twitter_site":"@veliposthaiti","twitter_misc":{"\u00c9crit par":"VeliPost","Dur\u00e9e de lecture estim\u00e9e":"2 minutes"},"schema":{"@context":"https:\/\/schema.org","@graph":[{"@type":"Article","@id":"https:\/\/velipost.com\/?p=5775#article","isPartOf":{"@id":"https:\/\/velipost.com\/?p=5775"},"author":{"name":"VeliPost","@id":"https:\/\/velipost.com\/#\/schema\/person\/32ff49a53c9c1bb24302ee8ece058096"},"headline":"Plainte pour violences polici\u00e8res contre un journaliste : le CPP d\u00e9plore le silence de l\u2019IGPNH et de l\u2019OPC","datePublished":"2026-03-18T02:34:53+00:00","dateModified":"2026-03-18T02:34:55+00:00","mainEntityOfPage":{"@id":"https:\/\/velipost.com\/?p=5775"},"wordCount":312,"commentCount":0,"publisher":{"@id":"https:\/\/velipost.com\/#organization"},"image":{"@id":"https:\/\/velipost.com\/?p=5775#primaryimage"},"thumbnailUrl":"https:\/\/velipost.com\/wp-content\/uploads\/2026\/03\/CPP.jpg","articleSection":["A la Une"],"inLanguage":"fr-FR","potentialAction":[{"@type":"CommentAction","name":"Comment","target":["https:\/\/velipost.com\/?p=5775#respond"]}]},{"@type":"WebPage","@id":"https:\/\/velipost.com\/?p=5775","url":"https:\/\/velipost.com\/?p=5775","name":"Plainte pour violences polici\u00e8res contre un journaliste : le CPP d\u00e9plore le silence de l\u2019IGPNH et de l\u2019OPC &#8211; VeliPost","isPartOf":{"@id":"https:\/\/velipost.com\/#website"},"primaryImageOfPage":{"@id":"https:\/\/velipost.com\/?p=5775#primaryimage"},"image":{"@id":"https:\/\/velipost.com\/?p=5775#primaryimage"},"thumbnailUrl":"https:\/\/velipost.com\/wp-content\/uploads\/2026\/03\/CPP.jpg","datePublished":"2026-03-18T02:34:53+00:00","dateModified":"2026-03-18T02:34:55+00:00","breadcrumb":{"@id":"https:\/\/velipost.com\/?p=5775#breadcrumb"},"inLanguage":"fr-FR","potentialAction":[{"@type":"ReadAction","target":["https:\/\/velipost.com\/?p=5775"]}]},{"@type":"ImageObject","inLanguage":"fr-FR","@id":"https:\/\/velipost.com\/?p=5775#primaryimage","url":"https:\/\/velipost.com\/wp-content\/uploads\/2026\/03\/CPP.jpg","contentUrl":"https:\/\/velipost.com\/wp-content\/uploads\/2026\/03\/CPP.jpg","width":1170,"height":603},{"@type":"BreadcrumbList","@id":"https:\/\/velipost.com\/?p=5775#breadcrumb","itemListElement":[{"@type":"ListItem","position":1,"name":"Accueil","item":"https:\/\/velipost.com\/"},{"@type":"ListItem","position":2,"name":"Plainte pour violences polici\u00e8res contre un journaliste : le CPP d\u00e9plore le silence de l\u2019IGPNH et de l\u2019OPC"}]},{"@type":"WebSite","@id":"https:\/\/velipost.com\/#website","url":"https:\/\/velipost.com\/","name":"VeliPost","description":"L\u2019info en un clic","publisher":{"@id":"https:\/\/velipost.com\/#organization"},"potentialAction":[{"@type":"SearchAction","target":{"@type":"EntryPoint","urlTemplate":"https:\/\/velipost.com\/?s={search_term_string}"},"query-input":{"@type":"PropertyValueSpecification","valueRequired":true,"valueName":"search_term_string"}}],"inLanguage":"fr-FR"},{"@type":"Organization","@id":"https:\/\/velipost.com\/#organization","name":"VeliPost","url":"https:\/\/velipost.com\/","logo":{"@type":"ImageObject","inLanguage":"fr-FR","@id":"https:\/\/velipost.com\/#\/schema\/logo\/image\/","url":"https:\/\/velipost.com\/wp-content\/uploads\/2024\/08\/cropped-VP-logo-piti.png","contentUrl":"https:\/\/velipost.com\/wp-content\/uploads\/2024\/08\/cropped-VP-logo-piti.png","width":201,"height":69,"caption":"VeliPost"},"image":{"@id":"https:\/\/velipost.com\/#\/schema\/logo\/image\/"},"sameAs":["https:\/\/www.facebook.com\/veliposthaiti","https:\/\/x.com\/veliposthaiti","https:\/\/www.instagram.com\/veliposthaiti"]},{"@type":"Person","@id":"https:\/\/velipost.com\/#\/schema\/person\/32ff49a53c9c1bb24302ee8ece058096","name":"VeliPost","image":{"@type":"ImageObject","inLanguage":"fr-FR","@id":"https:\/\/velipost.com\/#\/schema\/person\/image\/","url":"https:\/\/secure.gravatar.com\/avatar\/57c226c264de62f794185a89596d4a37b85a5ad20aca30d9d5a478b27d8c8d9d?s=96&d=mm&r=g","contentUrl":"https:\/\/secure.gravatar.com\/avatar\/57c226c264de62f794185a89596d4a37b85a5ad20aca30d9d5a478b27d8c8d9d?s=96&d=mm&r=g","caption":"VeliPost"},"sameAs":["https:\/\/velipost.com"],"url":"https:\/\/velipost.com\/?author=1"}]}},"views":0,"jetpack_publicize_connections":[],"uagb_featured_image_src":{"full":["https:\/\/velipost.com\/wp-content\/uploads\/2026\/03\/CPP.jpg",1170,603,false],"thumbnail":["https:\/\/velipost.com\/wp-content\/uploads\/2026\/03\/CPP-150x150.jpg",150,150,true],"medium":["https:\/\/velipost.com\/wp-content\/uploads\/2026\/03\/CPP-300x155.jpg",300,155,true],"medium_large":["https:\/\/velipost.com\/wp-content\/uploads\/2026\/03\/CPP-768x396.jpg",715,369,true],"large":["https:\/\/velipost.com\/wp-content\/uploads\/2026\/03\/CPP-1024x528.jpg",715,369,true],"1536x1536":["https:\/\/velipost.com\/wp-content\/uploads\/2026\/03\/CPP.jpg",1170,603,false],"2048x2048":["https:\/\/velipost.com\/wp-content\/uploads\/2026\/03\/CPP.jpg",1170,603,false],"colornews-big-slider":["https:\/\/velipost.com\/wp-content\/uploads\/2026\/03\/CPP-1070x470.jpg",1070,470,true],"colornews-big-slider-thumb":["https:\/\/velipost.com\/wp-content\/uploads\/2026\/03\/CPP-184x109.jpg",184,109,true],"colornews-featured-post-medium":["https:\/\/velipost.com\/wp-content\/uploads\/2026\/03\/CPP-345x265.jpg",345,265,true],"colornews-featured-post-small":["https:\/\/velipost.com\/wp-content\/uploads\/2026\/03\/CPP-115x73.jpg",115,73,true],"colornews-random-posts":["https:\/\/velipost.com\/wp-content\/uploads\/2026\/03\/CPP-215x215.jpg",215,215,true],"colornews-featured-image":["https:\/\/velipost.com\/wp-content\/uploads\/2026\/03\/CPP-715x400.jpg",715,400,true],"mailpoet_newsletter_max":["https:\/\/velipost.com\/wp-content\/uploads\/2026\/03\/CPP.jpg",1170,603,false]},"uagb_author_info":{"display_name":"VeliPost","author_link":"https:\/\/velipost.com\/?author=1"},"uagb_comment_info":0,"uagb_excerpt":"Le Collectif des Professionnels de la Presse (CPP) a d\u00e9nonc\u00e9 l\u2019absence de suivi institutionnel dans une plainte d\u00e9pos\u00e9e pour violences polici\u00e8res pr\u00e9sum\u00e9es contre le","_links":{"self":[{"href":"https:\/\/velipost.com\/index.php?rest_route=\/wp\/v2\/posts\/5775","targetHints":{"allow":["GET"]}}],"collection":[{"href":"https:\/\/velipost.com\/index.php?rest_route=\/wp\/v2\/posts"}],"about":[{"href":"https:\/\/velipost.com\/index.php?rest_route=\/wp\/v2\/types\/post"}],"author":[{"embeddable":true,"href":"https:\/\/velipost.com\/index.php?rest_route=\/wp\/v2\/users\/1"}],"replies":[{"embeddable":true,"href":"https:\/\/velipost.com\/index.php?rest_route=%2Fwp%2Fv2%2Fcomments&post=5775"}],"version-history":[{"count":2,"href":"https:\/\/velipost.com\/index.php?rest_route=\/wp\/v2\/posts\/5775\/revisions"}],"predecessor-version":[{"id":5789,"href":"https:\/\/velipost.com\/index.php?rest_route=\/wp\/v2\/posts\/5775\/revisions\/5789"}],"wp:featuredmedia":[{"embeddable":true,"href":"https:\/\/velipost.com\/index.php?rest_route=\/wp\/v2\/media\/5776"}],"wp:attachment":[{"href":"https:\/\/velipost.com\/index.php?rest_route=%2Fwp%2Fv2%2Fmedia&parent=5775"}],"wp:term":[{"taxonomy":"category","embeddable":true,"href":"https:\/\/velipost.com\/index.php?rest_route=%2Fwp%2Fv2%2Fcategories&post=5775"},{"taxonomy":"post_tag","embeddable":true,"href":"https:\/\/velipost.com\/index.php?rest_route=%2Fwp%2Fv2%2Ftags&post=5775"}],"curies":[{"name":"wp","href":"https:\/\/api.w.org\/{rel}","templated":true}]}}