{"id":5769,"date":"2026-03-15T13:25:01","date_gmt":"2026-03-15T12:25:01","guid":{"rendered":"https:\/\/velipost.com\/?p=5769"},"modified":"2026-03-15T13:25:18","modified_gmt":"2026-03-15T12:25:18","slug":"haiti-football-le-gouvernement-promet-un-soutien-renforce-aux-grenadiers-pour-le-mondial-2026","status":"publish","type":"post","link":"https:\/\/velipost.com\/?p=5769","title":{"rendered":"Ha\u00efti\u2013Football : le gouvernement promet un soutien renforc\u00e9 aux Grenadiers pour le Mondial 2026"},"content":{"rendered":"\n<p>Le ministre de la Jeunesse, des Sports et de l\u2019Action civique, Pythagore Dumas, s\u2019est rendu vendredi au si\u00e8ge de la F\u00e9d\u00e9ration ha\u00eftienne de football (FHF) \u00e0 P\u00e9tion-Ville pour une visite de courtoisie visant \u00e0 consolider les relations entre l\u2019\u00c9tat et l\u2019instance dirigeante du football national.<\/p>\n\n\n\n<p>Re\u00e7u par Gally Amazan et Patrick Massenat, responsables de la FHF, le ministre a \u00e9chang\u00e9 avec les dirigeants de la f\u00e9d\u00e9ration sur plusieurs perspectives de coop\u00e9ration destin\u00e9es \u00e0 favoriser le rayonnement du football ha\u00eftien.<\/p>\n\n\n\n<p>Au cours des discussions, le titulaire du MJSAC a soulign\u00e9 la d\u00e9termination du gouvernement dirig\u00e9 par le Premier ministre Alix Didier Fils-Aim\u00e9 \u00e0 soutenir la s\u00e9lection nationale masculine senior dans sa pr\u00e9paration pour la Coupe du Monde de la FIFA 2026.<\/p>\n\n\n\n<p>Selon lui, la s\u00e9lection nationale repr\u00e9sente le peuple ha\u00eftien tout entier et m\u00e9rite l\u2019appui de toutes les forces vives de la nation. Il a appel\u00e9 la population \u00e0 soutenir les Grenadiers dans cette comp\u00e9tition mondiale.<\/p>\n\n\n\n<p>Par ailleurs, le ministre a annonc\u00e9 que le gouvernement facilitera l\u2019organisation d\u2019un stage de pr\u00e9paration d\u2019un mois au Br\u00e9sil pour la s\u00e9lection masculine des moins de 17 ans, qui se pr\u00e9pare \u00e0 participer \u00e0 la Coupe du Monde U17 de la FIFA 2026, pr\u00e9vue au Qatar en novembre prochain.<\/p>\n\n    <div class=\"xs_social_share_widget xs_share_url after_content \t\tmain_content  wslu-style-3 wslu-share-box-shaped wslu-fill-brand-hover-colored wslu-share-m-5 wslu-none wslu-share-horizontal wslu-theme-font-no wslu-main_content\">\n\n\t\t\n        <ul>\n\t\t\t                    <li class=\"xs-share-li twitter                        wslu-no-extra-data\">\n                        <a href=\"javascript:void(0);\"\n                           id=\"xs_feed_twitter\"\n                           onclick=\"xs_social_sharer(this);\"\n                           data-pid=\"5769\"\n                           data-uri_hash=\"cb7d19fd73bd5fd3b9c06b976056a08b\"\n                           data-key=\"twitter\"\n                           data-xs-href=\"https:\/\/twitter.com\/intent\/tweet?text=Ha%C3%AFti%E2%80%93Football+%3A+le+gouvernement+promet+un+soutien+renforc%C3%A9+aux+Grenadiers+pour+le+Mondial+2026+https%3A%2F%2Fvelipost.com%2Findex.php%3Frest_route%3D%252Fwp%252Fv2%252Fposts%252F5769&amp;original_referer=https%3A%2F%2Fvelipost.com%2Findex.php%3Frest_route%3D%252Fwp%252Fv2%252Fposts%252F5769&amp;related=xpeedstudio\">\n\n                            <div class=\"xs-social-icon\">\n                                <span class=\"met-social met-social-twitter\"><\/span>\n                            <\/div>\n\n\t\t\t\t\t\t\t\n                            <div class=\"wslu-hover-content\">\n                                <div class=\"xs-social-followers\">\n\t\t\t\t\t\t\t\t\t10                                <\/div>\n                                <div class=\"xs-social-follower-text\">\n\t\t\t\t\t\t\t\t\tShare                                <\/div>\n                                <div class=\"xs-social-follower-label\">\n\t\t\t\t\t\t\t\t\tTwitter                                <\/div>\n                            <\/div>\n                        <\/a>\n                    <\/li>\n\t\t\t\t\t                    <li class=\"xs-share-li telegram                        wslu-no-extra-data\">\n                        <a href=\"javascript:void(0);\"\n                           id=\"xs_feed_telegram\"\n                           onclick=\"xs_social_sharer(this);\"\n                           data-pid=\"5769\"\n                           data-uri_hash=\"cb7d19fd73bd5fd3b9c06b976056a08b\"\n                           data-key=\"telegram\"\n                           data-xs-href=\"https:\/\/telegram.me\/share\/url?url=https%3A%2F%2Fvelipost.com%2Findex.php%3Frest_route%3D%252Fwp%252Fv2%252Fposts%252F5769&amp;text=Ha%C3%AFti%E2%80%93Football+%3A+le+gouvernement+promet+un+soutien+renforc%C3%A9+aux+Grenadiers+pour+le+Mondial+2026\">\n\n                            <div class=\"xs-social-icon\">\n                                <span class=\"met-social met-social-telegram\"><\/span>\n                            <\/div>\n\n\t\t\t\t\t\t\t\n                            <div class=\"wslu-hover-content\">\n                                <div class=\"xs-social-followers\">\n\t\t\t\t\t\t\t\t\t0                                <\/div>\n                                <div class=\"xs-social-follower-text\">\n\t\t\t\t\t\t\t\t\tShare                                <\/div>\n                                <div class=\"xs-social-follower-label\">\n\t\t\t\t\t\t\t\t\tTelegram                                <\/div>\n                            <\/div>\n                        <\/a>\n                    <\/li>\n\t\t\t\t\t                    <li class=\"xs-share-li email                        wslu-no-extra-data\">\n                        <a href=\"javascript:void(0);\"\n                           id=\"xs_feed_email\"\n                           onclick=\"xs_social_sharer(this);\"\n                           data-pid=\"5769\"\n                           data-uri_hash=\"cb7d19fd73bd5fd3b9c06b976056a08b\"\n                           data-key=\"email\"\n                           data-xs-href=\"mailto:?body=Title%3A+Ha%C3%AFti%E2%80%93Football+%3A+le+gouvernement+promet+un+soutien+renforc%C3%A9+aux+Grenadiers+pour+le+Mondial+2026+%5Cn%5Cn+URL%3A+https%3A%2F%2Fvelipost.com%2Findex.php%3Frest_route%3D%252Fwp%252Fv2%252Fposts%252F5769&amp;subject=Ha%C3%AFti%E2%80%93Football+%3A+le+gouvernement+promet+un+soutien+renforc%C3%A9+aux+Grenadiers+pour+le+Mondial+2026\">\n\n                            <div class=\"xs-social-icon\">\n                                <span class=\"met-social met-social-email\"><\/span>\n                            <\/div>\n\n\t\t\t\t\t\t\t\n                            <div class=\"wslu-hover-content\">\n                                <div class=\"xs-social-followers\">\n\t\t\t\t\t\t\t\t\t0                                <\/div>\n                                <div class=\"xs-social-follower-text\">\n\t\t\t\t\t\t\t\t\tShare                                <\/div>\n                                <div class=\"xs-social-follower-label\">\n\t\t\t\t\t\t\t\t\tEmail                                <\/div>\n                            <\/div>\n                        <\/a>\n                    <\/li>\n\t\t\t\t\t        <\/ul>\n    <\/div> \n","protected":false},"excerpt":{"rendered":"<p>Le ministre de la Jeunesse, des Sports et de l\u2019Action civique, Pythagore Dumas, s\u2019est rendu vendredi au si\u00e8ge de la F\u00e9d\u00e9ration ha\u00eftienne de football<\/p>\n","protected":false},"author":1,"featured_media":5770,"comment_status":"open","ping_status":"open","sticky":false,"template":"","format":"standard","meta":{"_uag_custom_page_level_css":"","footnotes":"","jetpack_publicize_message":"","jetpack_publicize_feature_enabled":true,"jetpack_social_post_already_shared":true,"jetpack_social_options":{"image_generator_settings":{"template":"highway","default_image_id":0,"font":"","enabled":false},"version":2}},"categories":[6,203],"tags":[],"class_list":["post-5769","post","type-post","status-publish","format-standard","has-post-thumbnail","hentry","category-sport","category-sports"],"yoast_head":"<!-- This site is optimized with the Yoast SEO plugin v25.3.1 - https:\/\/yoast.com\/wordpress\/plugins\/seo\/ -->\n<title>Ha\u00efti\u2013Football : le gouvernement promet un soutien renforc\u00e9 aux Grenadiers pour le Mondial 2026 &#8211; VeliPost<\/title>\n<meta name=\"robots\" content=\"index, follow, max-snippet:-1, max-image-preview:large, max-video-preview:-1\" \/>\n<link rel=\"canonical\" href=\"https:\/\/velipost.com\/?p=5769\" \/>\n<meta property=\"og:locale\" content=\"fr_FR\" \/>\n<meta property=\"og:type\" content=\"article\" \/>\n<meta property=\"og:title\" content=\"Ha\u00efti\u2013Football : le gouvernement promet un soutien renforc\u00e9 aux Grenadiers pour le Mondial 2026 &#8211; VeliPost\" \/>\n<meta property=\"og:description\" content=\"Le ministre de la Jeunesse, des Sports et de l\u2019Action civique, Pythagore Dumas, s\u2019est rendu vendredi au si\u00e8ge de la F\u00e9d\u00e9ration ha\u00eftienne de football\" \/>\n<meta property=\"og:url\" content=\"https:\/\/velipost.com\/?p=5769\" \/>\n<meta property=\"og:site_name\" content=\"VeliPost\" \/>\n<meta property=\"article:publisher\" content=\"https:\/\/www.facebook.com\/veliposthaiti\" \/>\n<meta property=\"article:published_time\" content=\"2026-03-15T12:25:01+00:00\" \/>\n<meta property=\"article:modified_time\" content=\"2026-03-15T12:25:18+00:00\" \/>\n<meta property=\"og:image\" content=\"https:\/\/velipost.com\/wp-content\/uploads\/2026\/03\/Cover-VP-1.jpg\" \/>\n\t<meta property=\"og:image:width\" content=\"1170\" \/>\n\t<meta property=\"og:image:height\" content=\"603\" \/>\n\t<meta property=\"og:image:type\" content=\"image\/jpeg\" \/>\n<meta name=\"author\" content=\"VeliPost\" \/>\n<meta name=\"twitter:card\" content=\"summary_large_image\" \/>\n<meta name=\"twitter:creator\" content=\"@veliposthaiti\" \/>\n<meta name=\"twitter:site\" content=\"@veliposthaiti\" \/>\n<meta name=\"twitter:label1\" content=\"\u00c9crit par\" \/>\n\t<meta name=\"twitter:data1\" content=\"VeliPost\" \/>\n\t<meta name=\"twitter:label2\" content=\"Dur\u00e9e de lecture estim\u00e9e\" \/>\n\t<meta name=\"twitter:data2\" content=\"2 minutes\" \/>\n<script type=\"application\/ld+json\" class=\"yoast-schema-graph\">{\"@context\":\"https:\/\/schema.org\",\"@graph\":[{\"@type\":\"Article\",\"@id\":\"https:\/\/velipost.com\/?p=5769#article\",\"isPartOf\":{\"@id\":\"https:\/\/velipost.com\/?p=5769\"},\"author\":{\"name\":\"VeliPost\",\"@id\":\"https:\/\/velipost.com\/#\/schema\/person\/32ff49a53c9c1bb24302ee8ece058096\"},\"headline\":\"Ha\u00efti\u2013Football : le gouvernement promet un soutien renforc\u00e9 aux Grenadiers pour le Mondial 2026\",\"datePublished\":\"2026-03-15T12:25:01+00:00\",\"dateModified\":\"2026-03-15T12:25:18+00:00\",\"mainEntityOfPage\":{\"@id\":\"https:\/\/velipost.com\/?p=5769\"},\"wordCount\":240,\"commentCount\":0,\"publisher\":{\"@id\":\"https:\/\/velipost.com\/#organization\"},\"image\":{\"@id\":\"https:\/\/velipost.com\/?p=5769#primaryimage\"},\"thumbnailUrl\":\"https:\/\/velipost.com\/wp-content\/uploads\/2026\/03\/Cover-VP-1.jpg\",\"articleSection\":[\"Sport\",\"Sports\"],\"inLanguage\":\"fr-FR\",\"potentialAction\":[{\"@type\":\"CommentAction\",\"name\":\"Comment\",\"target\":[\"https:\/\/velipost.com\/?p=5769#respond\"]}]},{\"@type\":\"WebPage\",\"@id\":\"https:\/\/velipost.com\/?p=5769\",\"url\":\"https:\/\/velipost.com\/?p=5769\",\"name\":\"Ha\u00efti\u2013Football : le gouvernement promet un soutien renforc\u00e9 aux Grenadiers pour le Mondial 2026 &#8211; VeliPost\",\"isPartOf\":{\"@id\":\"https:\/\/velipost.com\/#website\"},\"primaryImageOfPage\":{\"@id\":\"https:\/\/velipost.com\/?p=5769#primaryimage\"},\"image\":{\"@id\":\"https:\/\/velipost.com\/?p=5769#primaryimage\"},\"thumbnailUrl\":\"https:\/\/velipost.com\/wp-content\/uploads\/2026\/03\/Cover-VP-1.jpg\",\"datePublished\":\"2026-03-15T12:25:01+00:00\",\"dateModified\":\"2026-03-15T12:25:18+00:00\",\"breadcrumb\":{\"@id\":\"https:\/\/velipost.com\/?p=5769#breadcrumb\"},\"inLanguage\":\"fr-FR\",\"potentialAction\":[{\"@type\":\"ReadAction\",\"target\":[\"https:\/\/velipost.com\/?p=5769\"]}]},{\"@type\":\"ImageObject\",\"inLanguage\":\"fr-FR\",\"@id\":\"https:\/\/velipost.com\/?p=5769#primaryimage\",\"url\":\"https:\/\/velipost.com\/wp-content\/uploads\/2026\/03\/Cover-VP-1.jpg\",\"contentUrl\":\"https:\/\/velipost.com\/wp-content\/uploads\/2026\/03\/Cover-VP-1.jpg\",\"width\":1170,\"height\":603},{\"@type\":\"BreadcrumbList\",\"@id\":\"https:\/\/velipost.com\/?p=5769#breadcrumb\",\"itemListElement\":[{\"@type\":\"ListItem\",\"position\":1,\"name\":\"Accueil\",\"item\":\"https:\/\/velipost.com\/\"},{\"@type\":\"ListItem\",\"position\":2,\"name\":\"Ha\u00efti\u2013Football : le gouvernement promet un soutien renforc\u00e9 aux Grenadiers pour le Mondial 2026\"}]},{\"@type\":\"WebSite\",\"@id\":\"https:\/\/velipost.com\/#website\",\"url\":\"https:\/\/velipost.com\/\",\"name\":\"VeliPost\",\"description\":\"L\u2019info en un clic\",\"publisher\":{\"@id\":\"https:\/\/velipost.com\/#organization\"},\"potentialAction\":[{\"@type\":\"SearchAction\",\"target\":{\"@type\":\"EntryPoint\",\"urlTemplate\":\"https:\/\/velipost.com\/?s={search_term_string}\"},\"query-input\":{\"@type\":\"PropertyValueSpecification\",\"valueRequired\":true,\"valueName\":\"search_term_string\"}}],\"inLanguage\":\"fr-FR\"},{\"@type\":\"Organization\",\"@id\":\"https:\/\/velipost.com\/#organization\",\"name\":\"VeliPost\",\"url\":\"https:\/\/velipost.com\/\",\"logo\":{\"@type\":\"ImageObject\",\"inLanguage\":\"fr-FR\",\"@id\":\"https:\/\/velipost.com\/#\/schema\/logo\/image\/\",\"url\":\"https:\/\/velipost.com\/wp-content\/uploads\/2024\/08\/cropped-VP-logo-piti.png\",\"contentUrl\":\"https:\/\/velipost.com\/wp-content\/uploads\/2024\/08\/cropped-VP-logo-piti.png\",\"width\":201,\"height\":69,\"caption\":\"VeliPost\"},\"image\":{\"@id\":\"https:\/\/velipost.com\/#\/schema\/logo\/image\/\"},\"sameAs\":[\"https:\/\/www.facebook.com\/veliposthaiti\",\"https:\/\/x.com\/veliposthaiti\",\"https:\/\/www.instagram.com\/veliposthaiti\"]},{\"@type\":\"Person\",\"@id\":\"https:\/\/velipost.com\/#\/schema\/person\/32ff49a53c9c1bb24302ee8ece058096\",\"name\":\"VeliPost\",\"image\":{\"@type\":\"ImageObject\",\"inLanguage\":\"fr-FR\",\"@id\":\"https:\/\/velipost.com\/#\/schema\/person\/image\/\",\"url\":\"https:\/\/secure.gravatar.com\/avatar\/57c226c264de62f794185a89596d4a37b85a5ad20aca30d9d5a478b27d8c8d9d?s=96&d=mm&r=g\",\"contentUrl\":\"https:\/\/secure.gravatar.com\/avatar\/57c226c264de62f794185a89596d4a37b85a5ad20aca30d9d5a478b27d8c8d9d?s=96&d=mm&r=g\",\"caption\":\"VeliPost\"},\"sameAs\":[\"https:\/\/velipost.com\"],\"url\":\"https:\/\/velipost.com\/?author=1\"}]}<\/script>\n<!-- \/ Yoast SEO plugin. -->","yoast_head_json":{"title":"Ha\u00efti\u2013Football : le gouvernement promet un soutien renforc\u00e9 aux Grenadiers pour le Mondial 2026 &#8211; VeliPost","robots":{"index":"index","follow":"follow","max-snippet":"max-snippet:-1","max-image-preview":"max-image-preview:large","max-video-preview":"max-video-preview:-1"},"canonical":"https:\/\/velipost.com\/?p=5769","og_locale":"fr_FR","og_type":"article","og_title":"Ha\u00efti\u2013Football : le gouvernement promet un soutien renforc\u00e9 aux Grenadiers pour le Mondial 2026 &#8211; VeliPost","og_description":"Le ministre de la Jeunesse, des Sports et de l\u2019Action civique, Pythagore Dumas, s\u2019est rendu vendredi au si\u00e8ge de la F\u00e9d\u00e9ration ha\u00eftienne de football","og_url":"https:\/\/velipost.com\/?p=5769","og_site_name":"VeliPost","article_publisher":"https:\/\/www.facebook.com\/veliposthaiti","article_published_time":"2026-03-15T12:25:01+00:00","article_modified_time":"2026-03-15T12:25:18+00:00","og_image":[{"width":1170,"height":603,"url":"https:\/\/velipost.com\/wp-content\/uploads\/2026\/03\/Cover-VP-1.jpg","type":"image\/jpeg"}],"author":"VeliPost","twitter_card":"summary_large_image","twitter_creator":"@veliposthaiti","twitter_site":"@veliposthaiti","twitter_misc":{"\u00c9crit par":"VeliPost","Dur\u00e9e de lecture estim\u00e9e":"2 minutes"},"schema":{"@context":"https:\/\/schema.org","@graph":[{"@type":"Article","@id":"https:\/\/velipost.com\/?p=5769#article","isPartOf":{"@id":"https:\/\/velipost.com\/?p=5769"},"author":{"name":"VeliPost","@id":"https:\/\/velipost.com\/#\/schema\/person\/32ff49a53c9c1bb24302ee8ece058096"},"headline":"Ha\u00efti\u2013Football : le gouvernement promet un soutien renforc\u00e9 aux Grenadiers pour le Mondial 2026","datePublished":"2026-03-15T12:25:01+00:00","dateModified":"2026-03-15T12:25:18+00:00","mainEntityOfPage":{"@id":"https:\/\/velipost.com\/?p=5769"},"wordCount":240,"commentCount":0,"publisher":{"@id":"https:\/\/velipost.com\/#organization"},"image":{"@id":"https:\/\/velipost.com\/?p=5769#primaryimage"},"thumbnailUrl":"https:\/\/velipost.com\/wp-content\/uploads\/2026\/03\/Cover-VP-1.jpg","articleSection":["Sport","Sports"],"inLanguage":"fr-FR","potentialAction":[{"@type":"CommentAction","name":"Comment","target":["https:\/\/velipost.com\/?p=5769#respond"]}]},{"@type":"WebPage","@id":"https:\/\/velipost.com\/?p=5769","url":"https:\/\/velipost.com\/?p=5769","name":"Ha\u00efti\u2013Football : le gouvernement promet un soutien renforc\u00e9 aux Grenadiers pour le Mondial 2026 &#8211; VeliPost","isPartOf":{"@id":"https:\/\/velipost.com\/#website"},"primaryImageOfPage":{"@id":"https:\/\/velipost.com\/?p=5769#primaryimage"},"image":{"@id":"https:\/\/velipost.com\/?p=5769#primaryimage"},"thumbnailUrl":"https:\/\/velipost.com\/wp-content\/uploads\/2026\/03\/Cover-VP-1.jpg","datePublished":"2026-03-15T12:25:01+00:00","dateModified":"2026-03-15T12:25:18+00:00","breadcrumb":{"@id":"https:\/\/velipost.com\/?p=5769#breadcrumb"},"inLanguage":"fr-FR","potentialAction":[{"@type":"ReadAction","target":["https:\/\/velipost.com\/?p=5769"]}]},{"@type":"ImageObject","inLanguage":"fr-FR","@id":"https:\/\/velipost.com\/?p=5769#primaryimage","url":"https:\/\/velipost.com\/wp-content\/uploads\/2026\/03\/Cover-VP-1.jpg","contentUrl":"https:\/\/velipost.com\/wp-content\/uploads\/2026\/03\/Cover-VP-1.jpg","width":1170,"height":603},{"@type":"BreadcrumbList","@id":"https:\/\/velipost.com\/?p=5769#breadcrumb","itemListElement":[{"@type":"ListItem","position":1,"name":"Accueil","item":"https:\/\/velipost.com\/"},{"@type":"ListItem","position":2,"name":"Ha\u00efti\u2013Football : le gouvernement promet un soutien renforc\u00e9 aux Grenadiers pour le Mondial 2026"}]},{"@type":"WebSite","@id":"https:\/\/velipost.com\/#website","url":"https:\/\/velipost.com\/","name":"VeliPost","description":"L\u2019info en un clic","publisher":{"@id":"https:\/\/velipost.com\/#organization"},"potentialAction":[{"@type":"SearchAction","target":{"@type":"EntryPoint","urlTemplate":"https:\/\/velipost.com\/?s={search_term_string}"},"query-input":{"@type":"PropertyValueSpecification","valueRequired":true,"valueName":"search_term_string"}}],"inLanguage":"fr-FR"},{"@type":"Organization","@id":"https:\/\/velipost.com\/#organization","name":"VeliPost","url":"https:\/\/velipost.com\/","logo":{"@type":"ImageObject","inLanguage":"fr-FR","@id":"https:\/\/velipost.com\/#\/schema\/logo\/image\/","url":"https:\/\/velipost.com\/wp-content\/uploads\/2024\/08\/cropped-VP-logo-piti.png","contentUrl":"https:\/\/velipost.com\/wp-content\/uploads\/2024\/08\/cropped-VP-logo-piti.png","width":201,"height":69,"caption":"VeliPost"},"image":{"@id":"https:\/\/velipost.com\/#\/schema\/logo\/image\/"},"sameAs":["https:\/\/www.facebook.com\/veliposthaiti","https:\/\/x.com\/veliposthaiti","https:\/\/www.instagram.com\/veliposthaiti"]},{"@type":"Person","@id":"https:\/\/velipost.com\/#\/schema\/person\/32ff49a53c9c1bb24302ee8ece058096","name":"VeliPost","image":{"@type":"ImageObject","inLanguage":"fr-FR","@id":"https:\/\/velipost.com\/#\/schema\/person\/image\/","url":"https:\/\/secure.gravatar.com\/avatar\/57c226c264de62f794185a89596d4a37b85a5ad20aca30d9d5a478b27d8c8d9d?s=96&d=mm&r=g","contentUrl":"https:\/\/secure.gravatar.com\/avatar\/57c226c264de62f794185a89596d4a37b85a5ad20aca30d9d5a478b27d8c8d9d?s=96&d=mm&r=g","caption":"VeliPost"},"sameAs":["https:\/\/velipost.com"],"url":"https:\/\/velipost.com\/?author=1"}]}},"views":0,"jetpack_publicize_connections":[],"uagb_featured_image_src":{"full":["https:\/\/velipost.com\/wp-content\/uploads\/2026\/03\/Cover-VP-1.jpg",1170,603,false],"thumbnail":["https:\/\/velipost.com\/wp-content\/uploads\/2026\/03\/Cover-VP-1-150x150.jpg",150,150,true],"medium":["https:\/\/velipost.com\/wp-content\/uploads\/2026\/03\/Cover-VP-1-300x155.jpg",300,155,true],"medium_large":["https:\/\/velipost.com\/wp-content\/uploads\/2026\/03\/Cover-VP-1-768x396.jpg",715,369,true],"large":["https:\/\/velipost.com\/wp-content\/uploads\/2026\/03\/Cover-VP-1-1024x528.jpg",715,369,true],"1536x1536":["https:\/\/velipost.com\/wp-content\/uploads\/2026\/03\/Cover-VP-1.jpg",1170,603,false],"2048x2048":["https:\/\/velipost.com\/wp-content\/uploads\/2026\/03\/Cover-VP-1.jpg",1170,603,false],"colornews-big-slider":["https:\/\/velipost.com\/wp-content\/uploads\/2026\/03\/Cover-VP-1-1070x470.jpg",1070,470,true],"colornews-big-slider-thumb":["https:\/\/velipost.com\/wp-content\/uploads\/2026\/03\/Cover-VP-1-184x109.jpg",184,109,true],"colornews-featured-post-medium":["https:\/\/velipost.com\/wp-content\/uploads\/2026\/03\/Cover-VP-1-345x265.jpg",345,265,true],"colornews-featured-post-small":["https:\/\/velipost.com\/wp-content\/uploads\/2026\/03\/Cover-VP-1-115x73.jpg",115,73,true],"colornews-random-posts":["https:\/\/velipost.com\/wp-content\/uploads\/2026\/03\/Cover-VP-1-215x215.jpg",215,215,true],"colornews-featured-image":["https:\/\/velipost.com\/wp-content\/uploads\/2026\/03\/Cover-VP-1-715x400.jpg",715,400,true],"mailpoet_newsletter_max":["https:\/\/velipost.com\/wp-content\/uploads\/2026\/03\/Cover-VP-1.jpg",1170,603,false]},"uagb_author_info":{"display_name":"VeliPost","author_link":"https:\/\/velipost.com\/?author=1"},"uagb_comment_info":1,"uagb_excerpt":"Le ministre de la Jeunesse, des Sports et de l\u2019Action civique, Pythagore Dumas, s\u2019est rendu vendredi au si\u00e8ge de la F\u00e9d\u00e9ration ha\u00eftienne de football","_links":{"self":[{"href":"https:\/\/velipost.com\/index.php?rest_route=\/wp\/v2\/posts\/5769","targetHints":{"allow":["GET"]}}],"collection":[{"href":"https:\/\/velipost.com\/index.php?rest_route=\/wp\/v2\/posts"}],"about":[{"href":"https:\/\/velipost.com\/index.php?rest_route=\/wp\/v2\/types\/post"}],"author":[{"embeddable":true,"href":"https:\/\/velipost.com\/index.php?rest_route=\/wp\/v2\/users\/1"}],"replies":[{"embeddable":true,"href":"https:\/\/velipost.com\/index.php?rest_route=%2Fwp%2Fv2%2Fcomments&post=5769"}],"version-history":[{"count":1,"href":"https:\/\/velipost.com\/index.php?rest_route=\/wp\/v2\/posts\/5769\/revisions"}],"predecessor-version":[{"id":5771,"href":"https:\/\/velipost.com\/index.php?rest_route=\/wp\/v2\/posts\/5769\/revisions\/5771"}],"wp:featuredmedia":[{"embeddable":true,"href":"https:\/\/velipost.com\/index.php?rest_route=\/wp\/v2\/media\/5770"}],"wp:attachment":[{"href":"https:\/\/velipost.com\/index.php?rest_route=%2Fwp%2Fv2%2Fmedia&parent=5769"}],"wp:term":[{"taxonomy":"category","embeddable":true,"href":"https:\/\/velipost.com\/index.php?rest_route=%2Fwp%2Fv2%2Fcategories&post=5769"},{"taxonomy":"post_tag","embeddable":true,"href":"https:\/\/velipost.com\/index.php?rest_route=%2Fwp%2Fv2%2Ftags&post=5769"}],"curies":[{"name":"wp","href":"https:\/\/api.w.org\/{rel}","templated":true}]}}