{"id":5755,"date":"2026-03-12T16:41:23","date_gmt":"2026-03-12T15:41:23","guid":{"rendered":"https:\/\/velipost.com\/?p=5755"},"modified":"2026-03-12T16:41:27","modified_gmt":"2026-03-12T15:41:27","slug":"edzer-louis-jean-selectionne-pour-une-conference-internationale-sur-les-femmes-et-les-conflits-armes-a-new-york","status":"publish","type":"post","link":"https:\/\/velipost.com\/?p=5755","title":{"rendered":"Edzer Louis Jean s\u00e9lectionn\u00e9 pour une conf\u00e9rence internationale sur les femmes et les conflits arm\u00e9s \u00e0 New York"},"content":{"rendered":"\n<p>Le jeune Ha\u00eftien Edzer Louis Jean participera \u00e0 une conf\u00e9rence internationale organis\u00e9e \u00e0 New York du 25 au 28 mars 2026 par l\u2019organisation Best Diplomats. Cette rencontre r\u00e9unira des participants venus de plusieurs pays autour du th\u00e8me : \u00ab Femmes et conflits arm\u00e9s : renforcer la protection et promouvoir le leadership f\u00e9minin dans la r\u00e9ponse aux crises \u00bb.<\/p>\n\n\n\n<p>L\u2019\u00e9v\u00e9nement s\u2019inscrit dans le cadre des efforts visant \u00e0 promouvoir les Objectifs de D\u00e9veloppement Durable (ODD), notamment l\u2019ODD 5 consacr\u00e9 \u00e0 l\u2019\u00e9galit\u00e9 entre les sexes et l\u2019ODD 16 relatif \u00e0 la paix, \u00e0 la justice et \u00e0 des institutions efficaces.<\/p>\n\n\n\n<p>Dans une d\u00e9claration \u00e0 l\u2019occasion de sa s\u00e9lection, Edzer Louis Jean affirme prendre part \u00e0 cette conf\u00e9rence avec \u00ab un profond sens de responsabilit\u00e9 et d\u2019engagement \u00bb. Selon lui, dans les contextes de conflits, les femmes ne doivent pas \u00eatre per\u00e7ues uniquement comme des victimes \u00e0 prot\u00e9ger, mais \u00e9galement comme des actrices essentielles dans les processus de paix, de r\u00e9silience et de reconstruction des soci\u00e9t\u00e9s.<\/p>\n\n\n\n<p>Le participant ha\u00eftien souligne que face aux crises contemporaines, il est indispensable de renforcer la protection des femmes tout en favorisant leur participation active aux m\u00e9canismes de d\u00e9cision, de m\u00e9diation et de consolidation de la paix.<\/p>\n\n\n\n<p>Il \u00e9voque \u00e9galement la situation d\u2019Ha\u00efti, marqu\u00e9e par l\u2019ins\u00e9curit\u00e9 croissante, la violence des gangs et la fragilit\u00e9 des institutions. Dans ce contexte, les femmes figurent parmi les populations les plus expos\u00e9es aux violences et aux d\u00e9placements forc\u00e9s. Malgr\u00e9 ces d\u00e9fis, elles continuent de jouer un r\u00f4le important dans la coh\u00e9sion sociale et la survie des communaut\u00e9s.<\/p>\n\n\n\n<p>Pour Edzer Louis Jean, la participation des femmes aux processus de gouvernance et de r\u00e9solution des conflits constitue un levier essentiel pour favoriser la stabilit\u00e9 et apporter des solutions durables \u00e0 la crise multidimensionnelle que traverse le pays.<\/p>\n\n\n\n<p>La conf\u00e9rence organis\u00e9e par Best Diplomats vise notamment \u00e0 former une nouvelle g\u00e9n\u00e9ration de leaders capables de r\u00e9pondre aux d\u00e9fis internationaux. L\u2019organisation collabore avec des gouvernements, des institutions \u00e9ducatives et des entreprises afin de renforcer les comp\u00e9tences diplomatiques, la n\u00e9gociation internationale et le leadership strat\u00e9gique.<\/p>\n\n\n\n<p>Selon Edzer Louis Jean, une paix durable ne peut \u00eatre construite sans la participation pleine et effective des femmes, dont le leadership demeure essentiel pour b\u00e2tir des soci\u00e9t\u00e9s plus justes et plus stables.<\/p>\n\n    <div class=\"xs_social_share_widget xs_share_url after_content \t\tmain_content  wslu-style-3 wslu-share-box-shaped wslu-fill-brand-hover-colored wslu-share-m-5 wslu-none wslu-share-horizontal wslu-theme-font-no wslu-main_content\">\n\n\t\t\n        <ul>\n\t\t\t                    <li class=\"xs-share-li twitter                        wslu-no-extra-data\">\n                        <a href=\"javascript:void(0);\"\n                           id=\"xs_feed_twitter\"\n                           onclick=\"xs_social_sharer(this);\"\n                           data-pid=\"5755\"\n                           data-uri_hash=\"4a69de2dbffd5fee9c12868f0addebfe\"\n                           data-key=\"twitter\"\n                           data-xs-href=\"https:\/\/twitter.com\/intent\/tweet?text=Edzer+Louis+Jean+s%C3%A9lectionn%C3%A9+pour+une+conf%C3%A9rence+internationale+sur+les+femmes+et+les+conflits+arm%C3%A9s+%C3%A0+New+York+https%3A%2F%2Fvelipost.com%2Findex.php%3Frest_route%3D%252Fwp%252Fv2%252Fposts%252F5755&amp;original_referer=https%3A%2F%2Fvelipost.com%2Findex.php%3Frest_route%3D%252Fwp%252Fv2%252Fposts%252F5755&amp;related=xpeedstudio\">\n\n                            <div class=\"xs-social-icon\">\n                                <span class=\"met-social met-social-twitter\"><\/span>\n                            <\/div>\n\n\t\t\t\t\t\t\t\n                            <div class=\"wslu-hover-content\">\n                                <div class=\"xs-social-followers\">\n\t\t\t\t\t\t\t\t\t10                                <\/div>\n                                <div class=\"xs-social-follower-text\">\n\t\t\t\t\t\t\t\t\tShare                                <\/div>\n                                <div class=\"xs-social-follower-label\">\n\t\t\t\t\t\t\t\t\tTwitter                                <\/div>\n                            <\/div>\n                        <\/a>\n                    <\/li>\n\t\t\t\t\t                    <li class=\"xs-share-li telegram                        wslu-no-extra-data\">\n                        <a href=\"javascript:void(0);\"\n                           id=\"xs_feed_telegram\"\n                           onclick=\"xs_social_sharer(this);\"\n                           data-pid=\"5755\"\n                           data-uri_hash=\"4a69de2dbffd5fee9c12868f0addebfe\"\n                           data-key=\"telegram\"\n                           data-xs-href=\"https:\/\/telegram.me\/share\/url?url=https%3A%2F%2Fvelipost.com%2Findex.php%3Frest_route%3D%252Fwp%252Fv2%252Fposts%252F5755&amp;text=Edzer+Louis+Jean+s%C3%A9lectionn%C3%A9+pour+une+conf%C3%A9rence+internationale+sur+les+femmes+et+les+conflits+arm%C3%A9s+%C3%A0+New+York\">\n\n                            <div class=\"xs-social-icon\">\n                                <span class=\"met-social met-social-telegram\"><\/span>\n                            <\/div>\n\n\t\t\t\t\t\t\t\n                            <div class=\"wslu-hover-content\">\n                                <div class=\"xs-social-followers\">\n\t\t\t\t\t\t\t\t\t0                                <\/div>\n                                <div class=\"xs-social-follower-text\">\n\t\t\t\t\t\t\t\t\tShare                                <\/div>\n                                <div class=\"xs-social-follower-label\">\n\t\t\t\t\t\t\t\t\tTelegram                                <\/div>\n                            <\/div>\n                        <\/a>\n                    <\/li>\n\t\t\t\t\t                    <li class=\"xs-share-li email                        wslu-no-extra-data\">\n                        <a href=\"javascript:void(0);\"\n                           id=\"xs_feed_email\"\n                           onclick=\"xs_social_sharer(this);\"\n                           data-pid=\"5755\"\n                           data-uri_hash=\"4a69de2dbffd5fee9c12868f0addebfe\"\n                           data-key=\"email\"\n                           data-xs-href=\"mailto:?body=Title%3A+Edzer+Louis+Jean+s%C3%A9lectionn%C3%A9+pour+une+conf%C3%A9rence+internationale+sur+les+femmes+et+les+conflits+arm%C3%A9s+%C3%A0+New+York+%5Cn%5Cn+URL%3A+https%3A%2F%2Fvelipost.com%2Findex.php%3Frest_route%3D%252Fwp%252Fv2%252Fposts%252F5755&amp;subject=Edzer+Louis+Jean+s%C3%A9lectionn%C3%A9+pour+une+conf%C3%A9rence+internationale+sur+les+femmes+et+les+conflits+arm%C3%A9s+%C3%A0+New+York\">\n\n                            <div class=\"xs-social-icon\">\n                                <span class=\"met-social met-social-email\"><\/span>\n                            <\/div>\n\n\t\t\t\t\t\t\t\n                            <div class=\"wslu-hover-content\">\n                                <div class=\"xs-social-followers\">\n\t\t\t\t\t\t\t\t\t0                                <\/div>\n                                <div class=\"xs-social-follower-text\">\n\t\t\t\t\t\t\t\t\tShare                                <\/div>\n                                <div class=\"xs-social-follower-label\">\n\t\t\t\t\t\t\t\t\tEmail                                <\/div>\n                            <\/div>\n                        <\/a>\n                    <\/li>\n\t\t\t\t\t        <\/ul>\n    <\/div> \n","protected":false},"excerpt":{"rendered":"<p>Le jeune Ha\u00eftien Edzer Louis Jean participera \u00e0 une conf\u00e9rence internationale organis\u00e9e \u00e0 New York du 25 au 28 mars 2026 par l\u2019organisation Best<\/p>\n","protected":false},"author":1,"featured_media":5756,"comment_status":"open","ping_status":"open","sticky":false,"template":"","format":"standard","meta":{"_uag_custom_page_level_css":"","footnotes":"","jetpack_publicize_message":"","jetpack_publicize_feature_enabled":true,"jetpack_social_post_already_shared":true,"jetpack_social_options":{"image_generator_settings":{"template":"highway","default_image_id":0,"font":"","enabled":false},"version":2}},"categories":[258],"tags":[],"class_list":["post-5755","post","type-post","status-publish","format-standard","has-post-thumbnail","hentry","category-diplomatie"],"yoast_head":"<!-- This site is optimized with the Yoast SEO plugin v25.3.1 - https:\/\/yoast.com\/wordpress\/plugins\/seo\/ -->\n<title>Edzer Louis Jean s\u00e9lectionn\u00e9 pour une conf\u00e9rence internationale sur les femmes et les conflits arm\u00e9s \u00e0 New York &#8211; VeliPost<\/title>\n<meta name=\"robots\" content=\"index, follow, max-snippet:-1, max-image-preview:large, max-video-preview:-1\" \/>\n<link rel=\"canonical\" href=\"https:\/\/velipost.com\/?p=5755\" \/>\n<meta property=\"og:locale\" content=\"fr_FR\" \/>\n<meta property=\"og:type\" content=\"article\" \/>\n<meta property=\"og:title\" content=\"Edzer Louis Jean s\u00e9lectionn\u00e9 pour une conf\u00e9rence internationale sur les femmes et les conflits arm\u00e9s \u00e0 New York &#8211; VeliPost\" \/>\n<meta property=\"og:description\" content=\"Le jeune Ha\u00eftien Edzer Louis Jean participera \u00e0 une conf\u00e9rence internationale organis\u00e9e \u00e0 New York du 25 au 28 mars 2026 par l\u2019organisation Best\" \/>\n<meta property=\"og:url\" content=\"https:\/\/velipost.com\/?p=5755\" \/>\n<meta property=\"og:site_name\" content=\"VeliPost\" \/>\n<meta property=\"article:publisher\" content=\"https:\/\/www.facebook.com\/veliposthaiti\" \/>\n<meta property=\"article:published_time\" content=\"2026-03-12T15:41:23+00:00\" \/>\n<meta property=\"article:modified_time\" content=\"2026-03-12T15:41:27+00:00\" \/>\n<meta property=\"og:image\" content=\"https:\/\/velipost.com\/wp-content\/uploads\/2026\/03\/Edzer.jpg\" \/>\n\t<meta property=\"og:image:width\" content=\"1170\" \/>\n\t<meta property=\"og:image:height\" content=\"603\" \/>\n\t<meta property=\"og:image:type\" content=\"image\/jpeg\" \/>\n<meta name=\"author\" content=\"VeliPost\" \/>\n<meta name=\"twitter:card\" content=\"summary_large_image\" \/>\n<meta name=\"twitter:creator\" content=\"@veliposthaiti\" \/>\n<meta name=\"twitter:site\" content=\"@veliposthaiti\" \/>\n<meta name=\"twitter:label1\" content=\"\u00c9crit par\" \/>\n\t<meta name=\"twitter:data1\" content=\"VeliPost\" \/>\n\t<meta name=\"twitter:label2\" content=\"Dur\u00e9e de lecture estim\u00e9e\" \/>\n\t<meta name=\"twitter:data2\" content=\"3 minutes\" \/>\n<script type=\"application\/ld+json\" class=\"yoast-schema-graph\">{\"@context\":\"https:\/\/schema.org\",\"@graph\":[{\"@type\":\"Article\",\"@id\":\"https:\/\/velipost.com\/?p=5755#article\",\"isPartOf\":{\"@id\":\"https:\/\/velipost.com\/?p=5755\"},\"author\":{\"name\":\"VeliPost\",\"@id\":\"https:\/\/velipost.com\/#\/schema\/person\/32ff49a53c9c1bb24302ee8ece058096\"},\"headline\":\"Edzer Louis Jean s\u00e9lectionn\u00e9 pour une conf\u00e9rence internationale sur les femmes et les conflits arm\u00e9s \u00e0 New York\",\"datePublished\":\"2026-03-12T15:41:23+00:00\",\"dateModified\":\"2026-03-12T15:41:27+00:00\",\"mainEntityOfPage\":{\"@id\":\"https:\/\/velipost.com\/?p=5755\"},\"wordCount\":424,\"commentCount\":0,\"publisher\":{\"@id\":\"https:\/\/velipost.com\/#organization\"},\"image\":{\"@id\":\"https:\/\/velipost.com\/?p=5755#primaryimage\"},\"thumbnailUrl\":\"https:\/\/velipost.com\/wp-content\/uploads\/2026\/03\/Edzer.jpg\",\"articleSection\":[\"Diplomatie\"],\"inLanguage\":\"fr-FR\",\"potentialAction\":[{\"@type\":\"CommentAction\",\"name\":\"Comment\",\"target\":[\"https:\/\/velipost.com\/?p=5755#respond\"]}]},{\"@type\":\"WebPage\",\"@id\":\"https:\/\/velipost.com\/?p=5755\",\"url\":\"https:\/\/velipost.com\/?p=5755\",\"name\":\"Edzer Louis Jean s\u00e9lectionn\u00e9 pour une conf\u00e9rence internationale sur les femmes et les conflits arm\u00e9s \u00e0 New York &#8211; VeliPost\",\"isPartOf\":{\"@id\":\"https:\/\/velipost.com\/#website\"},\"primaryImageOfPage\":{\"@id\":\"https:\/\/velipost.com\/?p=5755#primaryimage\"},\"image\":{\"@id\":\"https:\/\/velipost.com\/?p=5755#primaryimage\"},\"thumbnailUrl\":\"https:\/\/velipost.com\/wp-content\/uploads\/2026\/03\/Edzer.jpg\",\"datePublished\":\"2026-03-12T15:41:23+00:00\",\"dateModified\":\"2026-03-12T15:41:27+00:00\",\"breadcrumb\":{\"@id\":\"https:\/\/velipost.com\/?p=5755#breadcrumb\"},\"inLanguage\":\"fr-FR\",\"potentialAction\":[{\"@type\":\"ReadAction\",\"target\":[\"https:\/\/velipost.com\/?p=5755\"]}]},{\"@type\":\"ImageObject\",\"inLanguage\":\"fr-FR\",\"@id\":\"https:\/\/velipost.com\/?p=5755#primaryimage\",\"url\":\"https:\/\/velipost.com\/wp-content\/uploads\/2026\/03\/Edzer.jpg\",\"contentUrl\":\"https:\/\/velipost.com\/wp-content\/uploads\/2026\/03\/Edzer.jpg\",\"width\":1170,\"height\":603},{\"@type\":\"BreadcrumbList\",\"@id\":\"https:\/\/velipost.com\/?p=5755#breadcrumb\",\"itemListElement\":[{\"@type\":\"ListItem\",\"position\":1,\"name\":\"Accueil\",\"item\":\"https:\/\/velipost.com\/\"},{\"@type\":\"ListItem\",\"position\":2,\"name\":\"Edzer Louis Jean s\u00e9lectionn\u00e9 pour une conf\u00e9rence internationale sur les femmes et les conflits arm\u00e9s \u00e0 New York\"}]},{\"@type\":\"WebSite\",\"@id\":\"https:\/\/velipost.com\/#website\",\"url\":\"https:\/\/velipost.com\/\",\"name\":\"VeliPost\",\"description\":\"L\u2019info en un clic\",\"publisher\":{\"@id\":\"https:\/\/velipost.com\/#organization\"},\"potentialAction\":[{\"@type\":\"SearchAction\",\"target\":{\"@type\":\"EntryPoint\",\"urlTemplate\":\"https:\/\/velipost.com\/?s={search_term_string}\"},\"query-input\":{\"@type\":\"PropertyValueSpecification\",\"valueRequired\":true,\"valueName\":\"search_term_string\"}}],\"inLanguage\":\"fr-FR\"},{\"@type\":\"Organization\",\"@id\":\"https:\/\/velipost.com\/#organization\",\"name\":\"VeliPost\",\"url\":\"https:\/\/velipost.com\/\",\"logo\":{\"@type\":\"ImageObject\",\"inLanguage\":\"fr-FR\",\"@id\":\"https:\/\/velipost.com\/#\/schema\/logo\/image\/\",\"url\":\"https:\/\/velipost.com\/wp-content\/uploads\/2024\/08\/cropped-VP-logo-piti.png\",\"contentUrl\":\"https:\/\/velipost.com\/wp-content\/uploads\/2024\/08\/cropped-VP-logo-piti.png\",\"width\":201,\"height\":69,\"caption\":\"VeliPost\"},\"image\":{\"@id\":\"https:\/\/velipost.com\/#\/schema\/logo\/image\/\"},\"sameAs\":[\"https:\/\/www.facebook.com\/veliposthaiti\",\"https:\/\/x.com\/veliposthaiti\",\"https:\/\/www.instagram.com\/veliposthaiti\"]},{\"@type\":\"Person\",\"@id\":\"https:\/\/velipost.com\/#\/schema\/person\/32ff49a53c9c1bb24302ee8ece058096\",\"name\":\"VeliPost\",\"image\":{\"@type\":\"ImageObject\",\"inLanguage\":\"fr-FR\",\"@id\":\"https:\/\/velipost.com\/#\/schema\/person\/image\/\",\"url\":\"https:\/\/secure.gravatar.com\/avatar\/57c226c264de62f794185a89596d4a37b85a5ad20aca30d9d5a478b27d8c8d9d?s=96&d=mm&r=g\",\"contentUrl\":\"https:\/\/secure.gravatar.com\/avatar\/57c226c264de62f794185a89596d4a37b85a5ad20aca30d9d5a478b27d8c8d9d?s=96&d=mm&r=g\",\"caption\":\"VeliPost\"},\"sameAs\":[\"https:\/\/velipost.com\"],\"url\":\"https:\/\/velipost.com\/?author=1\"}]}<\/script>\n<!-- \/ Yoast SEO plugin. -->","yoast_head_json":{"title":"Edzer Louis Jean s\u00e9lectionn\u00e9 pour une conf\u00e9rence internationale sur les femmes et les conflits arm\u00e9s \u00e0 New York &#8211; VeliPost","robots":{"index":"index","follow":"follow","max-snippet":"max-snippet:-1","max-image-preview":"max-image-preview:large","max-video-preview":"max-video-preview:-1"},"canonical":"https:\/\/velipost.com\/?p=5755","og_locale":"fr_FR","og_type":"article","og_title":"Edzer Louis Jean s\u00e9lectionn\u00e9 pour une conf\u00e9rence internationale sur les femmes et les conflits arm\u00e9s \u00e0 New York &#8211; VeliPost","og_description":"Le jeune Ha\u00eftien Edzer Louis Jean participera \u00e0 une conf\u00e9rence internationale organis\u00e9e \u00e0 New York du 25 au 28 mars 2026 par l\u2019organisation Best","og_url":"https:\/\/velipost.com\/?p=5755","og_site_name":"VeliPost","article_publisher":"https:\/\/www.facebook.com\/veliposthaiti","article_published_time":"2026-03-12T15:41:23+00:00","article_modified_time":"2026-03-12T15:41:27+00:00","og_image":[{"width":1170,"height":603,"url":"https:\/\/velipost.com\/wp-content\/uploads\/2026\/03\/Edzer.jpg","type":"image\/jpeg"}],"author":"VeliPost","twitter_card":"summary_large_image","twitter_creator":"@veliposthaiti","twitter_site":"@veliposthaiti","twitter_misc":{"\u00c9crit par":"VeliPost","Dur\u00e9e de lecture estim\u00e9e":"3 minutes"},"schema":{"@context":"https:\/\/schema.org","@graph":[{"@type":"Article","@id":"https:\/\/velipost.com\/?p=5755#article","isPartOf":{"@id":"https:\/\/velipost.com\/?p=5755"},"author":{"name":"VeliPost","@id":"https:\/\/velipost.com\/#\/schema\/person\/32ff49a53c9c1bb24302ee8ece058096"},"headline":"Edzer Louis Jean s\u00e9lectionn\u00e9 pour une conf\u00e9rence internationale sur les femmes et les conflits arm\u00e9s \u00e0 New York","datePublished":"2026-03-12T15:41:23+00:00","dateModified":"2026-03-12T15:41:27+00:00","mainEntityOfPage":{"@id":"https:\/\/velipost.com\/?p=5755"},"wordCount":424,"commentCount":0,"publisher":{"@id":"https:\/\/velipost.com\/#organization"},"image":{"@id":"https:\/\/velipost.com\/?p=5755#primaryimage"},"thumbnailUrl":"https:\/\/velipost.com\/wp-content\/uploads\/2026\/03\/Edzer.jpg","articleSection":["Diplomatie"],"inLanguage":"fr-FR","potentialAction":[{"@type":"CommentAction","name":"Comment","target":["https:\/\/velipost.com\/?p=5755#respond"]}]},{"@type":"WebPage","@id":"https:\/\/velipost.com\/?p=5755","url":"https:\/\/velipost.com\/?p=5755","name":"Edzer Louis Jean s\u00e9lectionn\u00e9 pour une conf\u00e9rence internationale sur les femmes et les conflits arm\u00e9s \u00e0 New York &#8211; VeliPost","isPartOf":{"@id":"https:\/\/velipost.com\/#website"},"primaryImageOfPage":{"@id":"https:\/\/velipost.com\/?p=5755#primaryimage"},"image":{"@id":"https:\/\/velipost.com\/?p=5755#primaryimage"},"thumbnailUrl":"https:\/\/velipost.com\/wp-content\/uploads\/2026\/03\/Edzer.jpg","datePublished":"2026-03-12T15:41:23+00:00","dateModified":"2026-03-12T15:41:27+00:00","breadcrumb":{"@id":"https:\/\/velipost.com\/?p=5755#breadcrumb"},"inLanguage":"fr-FR","potentialAction":[{"@type":"ReadAction","target":["https:\/\/velipost.com\/?p=5755"]}]},{"@type":"ImageObject","inLanguage":"fr-FR","@id":"https:\/\/velipost.com\/?p=5755#primaryimage","url":"https:\/\/velipost.com\/wp-content\/uploads\/2026\/03\/Edzer.jpg","contentUrl":"https:\/\/velipost.com\/wp-content\/uploads\/2026\/03\/Edzer.jpg","width":1170,"height":603},{"@type":"BreadcrumbList","@id":"https:\/\/velipost.com\/?p=5755#breadcrumb","itemListElement":[{"@type":"ListItem","position":1,"name":"Accueil","item":"https:\/\/velipost.com\/"},{"@type":"ListItem","position":2,"name":"Edzer Louis Jean s\u00e9lectionn\u00e9 pour une conf\u00e9rence internationale sur les femmes et les conflits arm\u00e9s \u00e0 New York"}]},{"@type":"WebSite","@id":"https:\/\/velipost.com\/#website","url":"https:\/\/velipost.com\/","name":"VeliPost","description":"L\u2019info en un clic","publisher":{"@id":"https:\/\/velipost.com\/#organization"},"potentialAction":[{"@type":"SearchAction","target":{"@type":"EntryPoint","urlTemplate":"https:\/\/velipost.com\/?s={search_term_string}"},"query-input":{"@type":"PropertyValueSpecification","valueRequired":true,"valueName":"search_term_string"}}],"inLanguage":"fr-FR"},{"@type":"Organization","@id":"https:\/\/velipost.com\/#organization","name":"VeliPost","url":"https:\/\/velipost.com\/","logo":{"@type":"ImageObject","inLanguage":"fr-FR","@id":"https:\/\/velipost.com\/#\/schema\/logo\/image\/","url":"https:\/\/velipost.com\/wp-content\/uploads\/2024\/08\/cropped-VP-logo-piti.png","contentUrl":"https:\/\/velipost.com\/wp-content\/uploads\/2024\/08\/cropped-VP-logo-piti.png","width":201,"height":69,"caption":"VeliPost"},"image":{"@id":"https:\/\/velipost.com\/#\/schema\/logo\/image\/"},"sameAs":["https:\/\/www.facebook.com\/veliposthaiti","https:\/\/x.com\/veliposthaiti","https:\/\/www.instagram.com\/veliposthaiti"]},{"@type":"Person","@id":"https:\/\/velipost.com\/#\/schema\/person\/32ff49a53c9c1bb24302ee8ece058096","name":"VeliPost","image":{"@type":"ImageObject","inLanguage":"fr-FR","@id":"https:\/\/velipost.com\/#\/schema\/person\/image\/","url":"https:\/\/secure.gravatar.com\/avatar\/57c226c264de62f794185a89596d4a37b85a5ad20aca30d9d5a478b27d8c8d9d?s=96&d=mm&r=g","contentUrl":"https:\/\/secure.gravatar.com\/avatar\/57c226c264de62f794185a89596d4a37b85a5ad20aca30d9d5a478b27d8c8d9d?s=96&d=mm&r=g","caption":"VeliPost"},"sameAs":["https:\/\/velipost.com"],"url":"https:\/\/velipost.com\/?author=1"}]}},"views":0,"jetpack_publicize_connections":[],"uagb_featured_image_src":{"full":["https:\/\/velipost.com\/wp-content\/uploads\/2026\/03\/Edzer.jpg",1170,603,false],"thumbnail":["https:\/\/velipost.com\/wp-content\/uploads\/2026\/03\/Edzer-150x150.jpg",150,150,true],"medium":["https:\/\/velipost.com\/wp-content\/uploads\/2026\/03\/Edzer-300x155.jpg",300,155,true],"medium_large":["https:\/\/velipost.com\/wp-content\/uploads\/2026\/03\/Edzer-768x396.jpg",715,369,true],"large":["https:\/\/velipost.com\/wp-content\/uploads\/2026\/03\/Edzer-1024x528.jpg",715,369,true],"1536x1536":["https:\/\/velipost.com\/wp-content\/uploads\/2026\/03\/Edzer.jpg",1170,603,false],"2048x2048":["https:\/\/velipost.com\/wp-content\/uploads\/2026\/03\/Edzer.jpg",1170,603,false],"colornews-big-slider":["https:\/\/velipost.com\/wp-content\/uploads\/2026\/03\/Edzer-1070x470.jpg",1070,470,true],"colornews-big-slider-thumb":["https:\/\/velipost.com\/wp-content\/uploads\/2026\/03\/Edzer-184x109.jpg",184,109,true],"colornews-featured-post-medium":["https:\/\/velipost.com\/wp-content\/uploads\/2026\/03\/Edzer-345x265.jpg",345,265,true],"colornews-featured-post-small":["https:\/\/velipost.com\/wp-content\/uploads\/2026\/03\/Edzer-115x73.jpg",115,73,true],"colornews-random-posts":["https:\/\/velipost.com\/wp-content\/uploads\/2026\/03\/Edzer-215x215.jpg",215,215,true],"colornews-featured-image":["https:\/\/velipost.com\/wp-content\/uploads\/2026\/03\/Edzer-715x400.jpg",715,400,true],"mailpoet_newsletter_max":["https:\/\/velipost.com\/wp-content\/uploads\/2026\/03\/Edzer.jpg",1170,603,false]},"uagb_author_info":{"display_name":"VeliPost","author_link":"https:\/\/velipost.com\/?author=1"},"uagb_comment_info":0,"uagb_excerpt":"Le jeune Ha\u00eftien Edzer Louis Jean participera \u00e0 une conf\u00e9rence internationale organis\u00e9e \u00e0 New York du 25 au 28 mars 2026 par l\u2019organisation Best","_links":{"self":[{"href":"https:\/\/velipost.com\/index.php?rest_route=\/wp\/v2\/posts\/5755","targetHints":{"allow":["GET"]}}],"collection":[{"href":"https:\/\/velipost.com\/index.php?rest_route=\/wp\/v2\/posts"}],"about":[{"href":"https:\/\/velipost.com\/index.php?rest_route=\/wp\/v2\/types\/post"}],"author":[{"embeddable":true,"href":"https:\/\/velipost.com\/index.php?rest_route=\/wp\/v2\/users\/1"}],"replies":[{"embeddable":true,"href":"https:\/\/velipost.com\/index.php?rest_route=%2Fwp%2Fv2%2Fcomments&post=5755"}],"version-history":[{"count":1,"href":"https:\/\/velipost.com\/index.php?rest_route=\/wp\/v2\/posts\/5755\/revisions"}],"predecessor-version":[{"id":5757,"href":"https:\/\/velipost.com\/index.php?rest_route=\/wp\/v2\/posts\/5755\/revisions\/5757"}],"wp:featuredmedia":[{"embeddable":true,"href":"https:\/\/velipost.com\/index.php?rest_route=\/wp\/v2\/media\/5756"}],"wp:attachment":[{"href":"https:\/\/velipost.com\/index.php?rest_route=%2Fwp%2Fv2%2Fmedia&parent=5755"}],"wp:term":[{"taxonomy":"category","embeddable":true,"href":"https:\/\/velipost.com\/index.php?rest_route=%2Fwp%2Fv2%2Fcategories&post=5755"},{"taxonomy":"post_tag","embeddable":true,"href":"https:\/\/velipost.com\/index.php?rest_route=%2Fwp%2Fv2%2Ftags&post=5755"}],"curies":[{"name":"wp","href":"https:\/\/api.w.org\/{rel}","templated":true}]}}