{"id":5747,"date":"2026-03-12T01:37:16","date_gmt":"2026-03-12T00:37:16","guid":{"rendered":"https:\/\/velipost.com\/?p=5747"},"modified":"2026-03-12T01:37:18","modified_gmt":"2026-03-12T00:37:18","slug":"insertion-demandee-declaration-publique-de-lancienne-ministre-majory-michel","status":"publish","type":"post","link":"https:\/\/velipost.com\/?p=5747","title":{"rendered":"INSERTION DEMAND\u00c9E \u2013 D\u00e9claration publique de l\u2019ancienne ministre Majory Michel"},"content":{"rendered":"\n<p>L\u2019ancienne ministre \u00e0 la Condition f\u00e9minine et aux Droits des femmes, <strong>Majory Michel<\/strong>, a publi\u00e9 ce mercredi 11 mars 2026 une d\u00e9claration publique dans laquelle elle d\u00e9nonce une campagne de diffamation, de cyber-violence sexiste et de d\u00e9nigrement dont elle affirme \u00eatre la cible depuis plusieurs ann\u00e9es, notamment \u00e0 travers l\u2019\u00e9mission politique en ligne <em>\u00ab Se Sa Nou Vle \u00bb<\/em>.<\/p>\n\n\n\n<p>Dans ce texte, la militante f\u00e9ministe revient sur son parcours, r\u00e9affirme son refus de toute forme de pression ou de harc\u00e8lement et appelle \u00e0 un d\u00e9bat public fond\u00e9 sur le respect, la v\u00e9rit\u00e9 et la dignit\u00e9 des femmes engag\u00e9es dans la vie publique.<\/p>\n\n\n\n<p><em>Velipost publie ci-dessous l\u2019int\u00e9gralit\u00e9 de cette d\u00e9claration et invite ses lecteurs \u00e0 en prendre connaissance.<\/em><\/p>\n\n\n\n<figure class=\"wp-block-image\"><img decoding=\"async\" src=\"https:\/\/static.xx.fbcdn.net\/images\/emoji.php\/v9\/t13\/2\/16\/2935.png\" alt=\"\u2935\"\/><\/figure>\n\n\n\n<p><strong>D\u00c9CLARATION PUBLIQUE<\/strong><\/p>\n\n\n\n<p>Je fais cette nouvelle adresse sp\u00e9ciale par devoir de v\u00e9rit\u00e9 et par respect pour les principes qui doivent guider la vie publique dans toute soci\u00e9t\u00e9 d\u00e9mocratique ou qui aspire \u00e0 la d\u00e9mocratie.<\/p>\n\n\n\n<p>Depuis pr\u00e8s de cinq ans, je suis la cible d\u2019une campagne n\u00e9gative syst\u00e9matique , de d\u00e9nigrement, de diffamation et de cyber-violence \u00e0 caract\u00e8re sexiste \u00e0 travers une \u00e9mission politique en ligne devenue, au fil du temps, un v\u00e9ritable espace misogyne d\u2019incitation \u00e0 la haine : propagation de fausses informations, attaques personnelles et violence verbale dirig\u00e9es contre les femmes.<\/p>\n\n\n\n<p>On peut le constater : l&rsquo;instigateur et l&rsquo;animateur de cette emission titr\u00e9e SE SA NOU VLE ont fait le choix de transformer l\u2019espace num\u00e9rique en tribune de r\u00e8glement de comptes, o\u00f9 l\u2019insulte remplace l\u2019argument, o\u00f9 la diffamation tient lieu de d\u00e9bat, et o\u00f9 la haine des femmes devient un instrument d\u2019audience.<\/p>\n\n\n\n<p>Je ne suis pas la seule femme vis\u00e9e par ces pratiques \u00e0 l&#8217;emission politique SE SA NOU VLE (Facebook, YouTube, TikTok\u2026)<br>Mais l\u2019acharnement dont je fais l\u2019objet depuis plusieurs ann\u00e9es n\u2019est pas le fruit du hasard.<\/p>\n\n\n\n<p>Il s\u2019explique par un fait simple : j\u2019ai dit NON, J&rsquo;ai refus\u00e9 de c\u00e9der au chantage d&rsquo;un politicien d\u00e9guis\u00e9 en \u00ab\u00a0d\u00e9fenseur de droits humains\u00a0\u00bb.<\/p>\n\n\n\n<p>J\u2019ai dit NON aux pressions.<br>J\u2019ai dit NON aux compromissions.<br>J\u2019ai dit NON \u00e0 toute forme de harc\u00e8lement sexuel ou politique.<br>J\u2019ai dit NON \u00e0 l\u2019id\u00e9e que les femmes engag\u00e9es dans la vie publique doivent se soumettre pour exister.<\/p>\n\n\n\n<p>Et je continuerai \u00e0 dire NON \u00e0 toutes les pratiques qui d\u00e9shonorent la femme et la pratique politique.<\/p>\n\n\n\n<p>Qu\u2019il soit donc clair : refuser l\u2019intimidation n\u2019est pas un crime.<br>Dire non \u00e0 l\u2019abus de pouvoir n\u2019est pas une faute.<br>Et aucune femme ne devrait \u00eatre livr\u00e9e \u00e0 la vindicte publique pour avoir d\u00e9fendu sa dignit\u00e9 et sa conviction.<\/p>\n\n\n\n<p>Pour ce qui me concerne, je parle avec la l\u00e9gitimit\u00e9 d\u2019un engagement constant.<\/p>\n\n\n\n<p>Depuis plus de vingt-cinq ans, je me bats pour la participation des femmes aux espaces de d\u00e9cision et pour combattre le machisme qui continue d\u2019empoisonner notre vie publique.<\/p>\n\n\n\n<p>J\u2019ai eu l\u2019honneur, une fois, de servir mon pays en tant que Ministre \u00e0 la Condition f\u00e9minine et aux Droits des femmes de 2009 \u00e0 2011, sous la pr\u00e9sidence de Ren\u00e9 Pr\u00e9val. J\u2019ai exerc\u00e9 cette responsabilit\u00e9 avec rigueur et je l\u2019ai quitt\u00e9e la t\u00eate haute.<\/p>\n\n\n\n<p>Deux mois avant la fin de mon mandat, j\u2019ai moi-m\u00eame demand\u00e9 qu\u2019un audit soit r\u00e9alis\u00e9 sur ma gestion.<br>La Cour Sup\u00e9rieure des Comptes, apr\u00e8s verification et analyse, a rendu un avis favorable et le Parlement ha\u00eftien m\u2019a accord\u00e9 d\u00e9charge comme responsable de deniers publics.<\/p>\n\n\n\n<p>Ces faits sont connus, publics et v\u00e9rifiables. Ils attestent que j\u2019ai servi l\u2019\u00c9tat avec int\u00e9grit\u00e9, transparence et respect des institutions.<\/p>\n\n\n\n<p>C\u2019est pourquoi je le dis aujourd\u2019hui avec calme et fermet\u00e9 : <em>rien dans mon parcours politique ne justifie les campagnes de diffamation et de haine dont je fais l\u2019objet.<\/em><\/p>\n\n\n\n<p>La cyber-violence sexiste n\u2019est pas de la politique.<br>La misogynie n\u2019est pas du patriotisme.<br>La diffamation n\u2019est pas un combat pour le pays.<\/p>\n\n\n\n<p>Dans toutes les soci\u00e9t\u00e9s, les campagnes de d\u00e9molition dirig\u00e9es contre des voix ind\u00e9pendantes r\u00e9pondent \u00e0 une m\u00eame logique : intimider, discr\u00e9diter et d\u00e9tourner l\u2019attention pour prot\u00e9ger des int\u00e9r\u00eats qui ne peuvent \u00eatre assum\u00e9s publiquement.<\/p>\n\n\n\n<p>Mais l\u2019histoire nous enseigne une chose simple : les manipulations ont toujours une limite.<\/p>\n\n\n\n<p>On peut tromper l\u2019opinion pendant un temps.<br>On peut tenter de salir une r\u00e9putation.<br>On peut organiser le bruit et la confusion.<\/p>\n\n\n\n<p>Mais on ne peut pas effacer la v\u00e9rit\u00e9.<\/p>\n\n\n\n<p>Ha\u00efti m\u00e9rite mieux que la politique de l\u2019insulte et de la calomnie. Notre pays a besoin de d\u00e9bats s\u00e9rieux, d\u2019id\u00e9es solides, de moralit\u00e9 politique et du respect de la dignit\u00e9 humaine.<\/p>\n\n\n\n<p>Il est temps de r\u00e9affirmer une exigence simple : dans une d\u00e9mocratie, la parole publique doit \u00eatre guid\u00e9e par la responsabilit\u00e9, et non par la haine.<\/p>\n\n\n\n<p>Pour ma part, mon choix est clair:<\/p>\n\n\n\n<p>Je resterai debout.<br>Je resterai fid\u00e8le \u00e0 mes principes.<br>Et je continuerai \u00e0 d\u00e9fendre la v\u00e9rit\u00e9, la dignit\u00e9 et le respect des femmes dans la vie publique.<\/p>\n\n\n\n<p>Parce qu\u2019au bout du compte, les campagnes de haine passent, mais l\u2019int\u00e9grit\u00e9 demeure. La d\u00e9liquance politique doit \u00eatre bannie.<\/p>\n\n\n\n<p>Je dis la v\u00e9rit\u00e9.<br>Et je l\u2019assume.<\/p>\n\n\n\n<p>Ha\u00efti, mercredi 11 mars 2026<\/p>\n\n\n\n<p>Majory MICHEL, Ing.<br>Militante f\u00e9ministe pour l\u2019autonomisation et la participation politique des femmes<br>Ancienne Ministre \u00e0 la Condition f\u00e9minine et aux Droits des femmes<\/p>\n\n    <div class=\"xs_social_share_widget xs_share_url after_content \t\tmain_content  wslu-style-3 wslu-share-box-shaped wslu-fill-brand-hover-colored wslu-share-m-5 wslu-none wslu-share-horizontal wslu-theme-font-no wslu-main_content\">\n\n\t\t\n        <ul>\n\t\t\t                    <li class=\"xs-share-li twitter                        wslu-no-extra-data\">\n                        <a href=\"javascript:void(0);\"\n                           id=\"xs_feed_twitter\"\n                           onclick=\"xs_social_sharer(this);\"\n                           data-pid=\"5747\"\n                           data-uri_hash=\"65b78c9375a846e9a9b99238b6eb522d\"\n                           data-key=\"twitter\"\n                           data-xs-href=\"https:\/\/twitter.com\/intent\/tweet?text=INSERTION+DEMAND%C3%89E+%E2%80%93+D%C3%A9claration+publique+de+l%E2%80%99ancienne+ministre+Majory+Michel+https%3A%2F%2Fvelipost.com%2Findex.php%3Frest_route%3D%252Fwp%252Fv2%252Fposts%252F5747&amp;original_referer=https%3A%2F%2Fvelipost.com%2Findex.php%3Frest_route%3D%252Fwp%252Fv2%252Fposts%252F5747&amp;related=xpeedstudio\">\n\n                            <div class=\"xs-social-icon\">\n                                <span class=\"met-social met-social-twitter\"><\/span>\n                            <\/div>\n\n\t\t\t\t\t\t\t\n                            <div class=\"wslu-hover-content\">\n                                <div class=\"xs-social-followers\">\n\t\t\t\t\t\t\t\t\t10                                <\/div>\n                                <div class=\"xs-social-follower-text\">\n\t\t\t\t\t\t\t\t\tShare                                <\/div>\n                                <div class=\"xs-social-follower-label\">\n\t\t\t\t\t\t\t\t\tTwitter                                <\/div>\n                            <\/div>\n                        <\/a>\n                    <\/li>\n\t\t\t\t\t                    <li class=\"xs-share-li telegram                        wslu-no-extra-data\">\n                        <a href=\"javascript:void(0);\"\n                           id=\"xs_feed_telegram\"\n                           onclick=\"xs_social_sharer(this);\"\n                           data-pid=\"5747\"\n                           data-uri_hash=\"65b78c9375a846e9a9b99238b6eb522d\"\n                           data-key=\"telegram\"\n                           data-xs-href=\"https:\/\/telegram.me\/share\/url?url=https%3A%2F%2Fvelipost.com%2Findex.php%3Frest_route%3D%252Fwp%252Fv2%252Fposts%252F5747&amp;text=INSERTION+DEMAND%C3%89E+%E2%80%93+D%C3%A9claration+publique+de+l%E2%80%99ancienne+ministre+Majory+Michel\">\n\n                            <div class=\"xs-social-icon\">\n                                <span class=\"met-social met-social-telegram\"><\/span>\n                            <\/div>\n\n\t\t\t\t\t\t\t\n                            <div class=\"wslu-hover-content\">\n                                <div class=\"xs-social-followers\">\n\t\t\t\t\t\t\t\t\t0                                <\/div>\n                                <div class=\"xs-social-follower-text\">\n\t\t\t\t\t\t\t\t\tShare                                <\/div>\n                                <div class=\"xs-social-follower-label\">\n\t\t\t\t\t\t\t\t\tTelegram                                <\/div>\n                            <\/div>\n                        <\/a>\n                    <\/li>\n\t\t\t\t\t                    <li class=\"xs-share-li email                        wslu-no-extra-data\">\n                        <a href=\"javascript:void(0);\"\n                           id=\"xs_feed_email\"\n                           onclick=\"xs_social_sharer(this);\"\n                           data-pid=\"5747\"\n                           data-uri_hash=\"65b78c9375a846e9a9b99238b6eb522d\"\n                           data-key=\"email\"\n                           data-xs-href=\"mailto:?body=Title%3A+INSERTION+DEMAND%C3%89E+%E2%80%93+D%C3%A9claration+publique+de+l%E2%80%99ancienne+ministre+Majory+Michel+%5Cn%5Cn+URL%3A+https%3A%2F%2Fvelipost.com%2Findex.php%3Frest_route%3D%252Fwp%252Fv2%252Fposts%252F5747&amp;subject=INSERTION+DEMAND%C3%89E+%E2%80%93+D%C3%A9claration+publique+de+l%E2%80%99ancienne+ministre+Majory+Michel\">\n\n                            <div class=\"xs-social-icon\">\n                                <span class=\"met-social met-social-email\"><\/span>\n                            <\/div>\n\n\t\t\t\t\t\t\t\n                            <div class=\"wslu-hover-content\">\n                                <div class=\"xs-social-followers\">\n\t\t\t\t\t\t\t\t\t0                                <\/div>\n                                <div class=\"xs-social-follower-text\">\n\t\t\t\t\t\t\t\t\tShare                                <\/div>\n                                <div class=\"xs-social-follower-label\">\n\t\t\t\t\t\t\t\t\tEmail                                <\/div>\n                            <\/div>\n                        <\/a>\n                    <\/li>\n\t\t\t\t\t        <\/ul>\n    <\/div> \n","protected":false},"excerpt":{"rendered":"<p>L\u2019ancienne ministre \u00e0 la Condition f\u00e9minine et aux Droits des femmes, Majory Michel, a publi\u00e9 ce mercredi 11 mars 2026 une d\u00e9claration publique dans<\/p>\n","protected":false},"author":1,"featured_media":5748,"comment_status":"open","ping_status":"open","sticky":false,"template":"","format":"standard","meta":{"_uag_custom_page_level_css":"","footnotes":"","jetpack_publicize_message":"","jetpack_publicize_feature_enabled":true,"jetpack_social_post_already_shared":true,"jetpack_social_options":{"image_generator_settings":{"template":"highway","default_image_id":0,"font":"","enabled":false},"version":2}},"categories":[94],"tags":[],"class_list":["post-5747","post","type-post","status-publish","format-standard","has-post-thumbnail","hentry","category-a-la-une"],"yoast_head":"<!-- This site is optimized with the Yoast SEO plugin v25.3.1 - https:\/\/yoast.com\/wordpress\/plugins\/seo\/ -->\n<title>INSERTION DEMAND\u00c9E \u2013 D\u00e9claration publique de l\u2019ancienne ministre Majory Michel &#8211; VeliPost<\/title>\n<meta name=\"robots\" content=\"index, follow, max-snippet:-1, max-image-preview:large, max-video-preview:-1\" \/>\n<link rel=\"canonical\" href=\"https:\/\/velipost.com\/?p=5747\" \/>\n<meta property=\"og:locale\" content=\"fr_FR\" \/>\n<meta property=\"og:type\" content=\"article\" \/>\n<meta property=\"og:title\" content=\"INSERTION DEMAND\u00c9E \u2013 D\u00e9claration publique de l\u2019ancienne ministre Majory Michel &#8211; VeliPost\" \/>\n<meta property=\"og:description\" content=\"L\u2019ancienne ministre \u00e0 la Condition f\u00e9minine et aux Droits des femmes, Majory Michel, a publi\u00e9 ce mercredi 11 mars 2026 une d\u00e9claration publique dans\" \/>\n<meta property=\"og:url\" content=\"https:\/\/velipost.com\/?p=5747\" \/>\n<meta property=\"og:site_name\" content=\"VeliPost\" \/>\n<meta property=\"article:publisher\" content=\"https:\/\/www.facebook.com\/veliposthaiti\" \/>\n<meta property=\"article:published_time\" content=\"2026-03-12T00:37:16+00:00\" \/>\n<meta property=\"article:modified_time\" content=\"2026-03-12T00:37:18+00:00\" \/>\n<meta property=\"og:image\" content=\"https:\/\/velipost.com\/wp-content\/uploads\/2026\/03\/Marjo.jpg\" \/>\n\t<meta property=\"og:image:width\" content=\"1170\" \/>\n\t<meta property=\"og:image:height\" content=\"603\" \/>\n\t<meta property=\"og:image:type\" content=\"image\/jpeg\" \/>\n<meta name=\"author\" content=\"VeliPost\" \/>\n<meta name=\"twitter:card\" content=\"summary_large_image\" \/>\n<meta name=\"twitter:creator\" content=\"@veliposthaiti\" \/>\n<meta name=\"twitter:site\" content=\"@veliposthaiti\" \/>\n<meta name=\"twitter:label1\" content=\"\u00c9crit par\" \/>\n\t<meta name=\"twitter:data1\" content=\"VeliPost\" \/>\n\t<meta name=\"twitter:label2\" content=\"Dur\u00e9e de lecture estim\u00e9e\" \/>\n\t<meta name=\"twitter:data2\" content=\"5 minutes\" \/>\n<script type=\"application\/ld+json\" class=\"yoast-schema-graph\">{\"@context\":\"https:\/\/schema.org\",\"@graph\":[{\"@type\":\"Article\",\"@id\":\"https:\/\/velipost.com\/?p=5747#article\",\"isPartOf\":{\"@id\":\"https:\/\/velipost.com\/?p=5747\"},\"author\":{\"name\":\"VeliPost\",\"@id\":\"https:\/\/velipost.com\/#\/schema\/person\/32ff49a53c9c1bb24302ee8ece058096\"},\"headline\":\"INSERTION DEMAND\u00c9E \u2013 D\u00e9claration publique de l\u2019ancienne ministre Majory Michel\",\"datePublished\":\"2026-03-12T00:37:16+00:00\",\"dateModified\":\"2026-03-12T00:37:18+00:00\",\"mainEntityOfPage\":{\"@id\":\"https:\/\/velipost.com\/?p=5747\"},\"wordCount\":959,\"commentCount\":0,\"publisher\":{\"@id\":\"https:\/\/velipost.com\/#organization\"},\"image\":{\"@id\":\"https:\/\/velipost.com\/?p=5747#primaryimage\"},\"thumbnailUrl\":\"https:\/\/velipost.com\/wp-content\/uploads\/2026\/03\/Marjo.jpg\",\"articleSection\":[\"A la Une\"],\"inLanguage\":\"fr-FR\",\"potentialAction\":[{\"@type\":\"CommentAction\",\"name\":\"Comment\",\"target\":[\"https:\/\/velipost.com\/?p=5747#respond\"]}]},{\"@type\":\"WebPage\",\"@id\":\"https:\/\/velipost.com\/?p=5747\",\"url\":\"https:\/\/velipost.com\/?p=5747\",\"name\":\"INSERTION DEMAND\u00c9E \u2013 D\u00e9claration publique de l\u2019ancienne ministre Majory Michel &#8211; VeliPost\",\"isPartOf\":{\"@id\":\"https:\/\/velipost.com\/#website\"},\"primaryImageOfPage\":{\"@id\":\"https:\/\/velipost.com\/?p=5747#primaryimage\"},\"image\":{\"@id\":\"https:\/\/velipost.com\/?p=5747#primaryimage\"},\"thumbnailUrl\":\"https:\/\/velipost.com\/wp-content\/uploads\/2026\/03\/Marjo.jpg\",\"datePublished\":\"2026-03-12T00:37:16+00:00\",\"dateModified\":\"2026-03-12T00:37:18+00:00\",\"breadcrumb\":{\"@id\":\"https:\/\/velipost.com\/?p=5747#breadcrumb\"},\"inLanguage\":\"fr-FR\",\"potentialAction\":[{\"@type\":\"ReadAction\",\"target\":[\"https:\/\/velipost.com\/?p=5747\"]}]},{\"@type\":\"ImageObject\",\"inLanguage\":\"fr-FR\",\"@id\":\"https:\/\/velipost.com\/?p=5747#primaryimage\",\"url\":\"https:\/\/velipost.com\/wp-content\/uploads\/2026\/03\/Marjo.jpg\",\"contentUrl\":\"https:\/\/velipost.com\/wp-content\/uploads\/2026\/03\/Marjo.jpg\",\"width\":1170,\"height\":603},{\"@type\":\"BreadcrumbList\",\"@id\":\"https:\/\/velipost.com\/?p=5747#breadcrumb\",\"itemListElement\":[{\"@type\":\"ListItem\",\"position\":1,\"name\":\"Accueil\",\"item\":\"https:\/\/velipost.com\/\"},{\"@type\":\"ListItem\",\"position\":2,\"name\":\"INSERTION DEMAND\u00c9E \u2013 D\u00e9claration publique de l\u2019ancienne ministre Majory Michel\"}]},{\"@type\":\"WebSite\",\"@id\":\"https:\/\/velipost.com\/#website\",\"url\":\"https:\/\/velipost.com\/\",\"name\":\"VeliPost\",\"description\":\"L\u2019info en un clic\",\"publisher\":{\"@id\":\"https:\/\/velipost.com\/#organization\"},\"potentialAction\":[{\"@type\":\"SearchAction\",\"target\":{\"@type\":\"EntryPoint\",\"urlTemplate\":\"https:\/\/velipost.com\/?s={search_term_string}\"},\"query-input\":{\"@type\":\"PropertyValueSpecification\",\"valueRequired\":true,\"valueName\":\"search_term_string\"}}],\"inLanguage\":\"fr-FR\"},{\"@type\":\"Organization\",\"@id\":\"https:\/\/velipost.com\/#organization\",\"name\":\"VeliPost\",\"url\":\"https:\/\/velipost.com\/\",\"logo\":{\"@type\":\"ImageObject\",\"inLanguage\":\"fr-FR\",\"@id\":\"https:\/\/velipost.com\/#\/schema\/logo\/image\/\",\"url\":\"https:\/\/velipost.com\/wp-content\/uploads\/2024\/08\/cropped-VP-logo-piti.png\",\"contentUrl\":\"https:\/\/velipost.com\/wp-content\/uploads\/2024\/08\/cropped-VP-logo-piti.png\",\"width\":201,\"height\":69,\"caption\":\"VeliPost\"},\"image\":{\"@id\":\"https:\/\/velipost.com\/#\/schema\/logo\/image\/\"},\"sameAs\":[\"https:\/\/www.facebook.com\/veliposthaiti\",\"https:\/\/x.com\/veliposthaiti\",\"https:\/\/www.instagram.com\/veliposthaiti\"]},{\"@type\":\"Person\",\"@id\":\"https:\/\/velipost.com\/#\/schema\/person\/32ff49a53c9c1bb24302ee8ece058096\",\"name\":\"VeliPost\",\"image\":{\"@type\":\"ImageObject\",\"inLanguage\":\"fr-FR\",\"@id\":\"https:\/\/velipost.com\/#\/schema\/person\/image\/\",\"url\":\"https:\/\/secure.gravatar.com\/avatar\/57c226c264de62f794185a89596d4a37b85a5ad20aca30d9d5a478b27d8c8d9d?s=96&d=mm&r=g\",\"contentUrl\":\"https:\/\/secure.gravatar.com\/avatar\/57c226c264de62f794185a89596d4a37b85a5ad20aca30d9d5a478b27d8c8d9d?s=96&d=mm&r=g\",\"caption\":\"VeliPost\"},\"sameAs\":[\"https:\/\/velipost.com\"],\"url\":\"https:\/\/velipost.com\/?author=1\"}]}<\/script>\n<!-- \/ Yoast SEO plugin. -->","yoast_head_json":{"title":"INSERTION DEMAND\u00c9E \u2013 D\u00e9claration publique de l\u2019ancienne ministre Majory Michel &#8211; VeliPost","robots":{"index":"index","follow":"follow","max-snippet":"max-snippet:-1","max-image-preview":"max-image-preview:large","max-video-preview":"max-video-preview:-1"},"canonical":"https:\/\/velipost.com\/?p=5747","og_locale":"fr_FR","og_type":"article","og_title":"INSERTION DEMAND\u00c9E \u2013 D\u00e9claration publique de l\u2019ancienne ministre Majory Michel &#8211; VeliPost","og_description":"L\u2019ancienne ministre \u00e0 la Condition f\u00e9minine et aux Droits des femmes, Majory Michel, a publi\u00e9 ce mercredi 11 mars 2026 une d\u00e9claration publique dans","og_url":"https:\/\/velipost.com\/?p=5747","og_site_name":"VeliPost","article_publisher":"https:\/\/www.facebook.com\/veliposthaiti","article_published_time":"2026-03-12T00:37:16+00:00","article_modified_time":"2026-03-12T00:37:18+00:00","og_image":[{"width":1170,"height":603,"url":"https:\/\/velipost.com\/wp-content\/uploads\/2026\/03\/Marjo.jpg","type":"image\/jpeg"}],"author":"VeliPost","twitter_card":"summary_large_image","twitter_creator":"@veliposthaiti","twitter_site":"@veliposthaiti","twitter_misc":{"\u00c9crit par":"VeliPost","Dur\u00e9e de lecture estim\u00e9e":"5 minutes"},"schema":{"@context":"https:\/\/schema.org","@graph":[{"@type":"Article","@id":"https:\/\/velipost.com\/?p=5747#article","isPartOf":{"@id":"https:\/\/velipost.com\/?p=5747"},"author":{"name":"VeliPost","@id":"https:\/\/velipost.com\/#\/schema\/person\/32ff49a53c9c1bb24302ee8ece058096"},"headline":"INSERTION DEMAND\u00c9E \u2013 D\u00e9claration publique de l\u2019ancienne ministre Majory Michel","datePublished":"2026-03-12T00:37:16+00:00","dateModified":"2026-03-12T00:37:18+00:00","mainEntityOfPage":{"@id":"https:\/\/velipost.com\/?p=5747"},"wordCount":959,"commentCount":0,"publisher":{"@id":"https:\/\/velipost.com\/#organization"},"image":{"@id":"https:\/\/velipost.com\/?p=5747#primaryimage"},"thumbnailUrl":"https:\/\/velipost.com\/wp-content\/uploads\/2026\/03\/Marjo.jpg","articleSection":["A la Une"],"inLanguage":"fr-FR","potentialAction":[{"@type":"CommentAction","name":"Comment","target":["https:\/\/velipost.com\/?p=5747#respond"]}]},{"@type":"WebPage","@id":"https:\/\/velipost.com\/?p=5747","url":"https:\/\/velipost.com\/?p=5747","name":"INSERTION DEMAND\u00c9E \u2013 D\u00e9claration publique de l\u2019ancienne ministre Majory Michel &#8211; VeliPost","isPartOf":{"@id":"https:\/\/velipost.com\/#website"},"primaryImageOfPage":{"@id":"https:\/\/velipost.com\/?p=5747#primaryimage"},"image":{"@id":"https:\/\/velipost.com\/?p=5747#primaryimage"},"thumbnailUrl":"https:\/\/velipost.com\/wp-content\/uploads\/2026\/03\/Marjo.jpg","datePublished":"2026-03-12T00:37:16+00:00","dateModified":"2026-03-12T00:37:18+00:00","breadcrumb":{"@id":"https:\/\/velipost.com\/?p=5747#breadcrumb"},"inLanguage":"fr-FR","potentialAction":[{"@type":"ReadAction","target":["https:\/\/velipost.com\/?p=5747"]}]},{"@type":"ImageObject","inLanguage":"fr-FR","@id":"https:\/\/velipost.com\/?p=5747#primaryimage","url":"https:\/\/velipost.com\/wp-content\/uploads\/2026\/03\/Marjo.jpg","contentUrl":"https:\/\/velipost.com\/wp-content\/uploads\/2026\/03\/Marjo.jpg","width":1170,"height":603},{"@type":"BreadcrumbList","@id":"https:\/\/velipost.com\/?p=5747#breadcrumb","itemListElement":[{"@type":"ListItem","position":1,"name":"Accueil","item":"https:\/\/velipost.com\/"},{"@type":"ListItem","position":2,"name":"INSERTION DEMAND\u00c9E \u2013 D\u00e9claration publique de l\u2019ancienne ministre Majory Michel"}]},{"@type":"WebSite","@id":"https:\/\/velipost.com\/#website","url":"https:\/\/velipost.com\/","name":"VeliPost","description":"L\u2019info en un clic","publisher":{"@id":"https:\/\/velipost.com\/#organization"},"potentialAction":[{"@type":"SearchAction","target":{"@type":"EntryPoint","urlTemplate":"https:\/\/velipost.com\/?s={search_term_string}"},"query-input":{"@type":"PropertyValueSpecification","valueRequired":true,"valueName":"search_term_string"}}],"inLanguage":"fr-FR"},{"@type":"Organization","@id":"https:\/\/velipost.com\/#organization","name":"VeliPost","url":"https:\/\/velipost.com\/","logo":{"@type":"ImageObject","inLanguage":"fr-FR","@id":"https:\/\/velipost.com\/#\/schema\/logo\/image\/","url":"https:\/\/velipost.com\/wp-content\/uploads\/2024\/08\/cropped-VP-logo-piti.png","contentUrl":"https:\/\/velipost.com\/wp-content\/uploads\/2024\/08\/cropped-VP-logo-piti.png","width":201,"height":69,"caption":"VeliPost"},"image":{"@id":"https:\/\/velipost.com\/#\/schema\/logo\/image\/"},"sameAs":["https:\/\/www.facebook.com\/veliposthaiti","https:\/\/x.com\/veliposthaiti","https:\/\/www.instagram.com\/veliposthaiti"]},{"@type":"Person","@id":"https:\/\/velipost.com\/#\/schema\/person\/32ff49a53c9c1bb24302ee8ece058096","name":"VeliPost","image":{"@type":"ImageObject","inLanguage":"fr-FR","@id":"https:\/\/velipost.com\/#\/schema\/person\/image\/","url":"https:\/\/secure.gravatar.com\/avatar\/57c226c264de62f794185a89596d4a37b85a5ad20aca30d9d5a478b27d8c8d9d?s=96&d=mm&r=g","contentUrl":"https:\/\/secure.gravatar.com\/avatar\/57c226c264de62f794185a89596d4a37b85a5ad20aca30d9d5a478b27d8c8d9d?s=96&d=mm&r=g","caption":"VeliPost"},"sameAs":["https:\/\/velipost.com"],"url":"https:\/\/velipost.com\/?author=1"}]}},"views":0,"jetpack_publicize_connections":[],"uagb_featured_image_src":{"full":["https:\/\/velipost.com\/wp-content\/uploads\/2026\/03\/Marjo.jpg",1170,603,false],"thumbnail":["https:\/\/velipost.com\/wp-content\/uploads\/2026\/03\/Marjo-150x150.jpg",150,150,true],"medium":["https:\/\/velipost.com\/wp-content\/uploads\/2026\/03\/Marjo-300x155.jpg",300,155,true],"medium_large":["https:\/\/velipost.com\/wp-content\/uploads\/2026\/03\/Marjo-768x396.jpg",715,369,true],"large":["https:\/\/velipost.com\/wp-content\/uploads\/2026\/03\/Marjo-1024x528.jpg",715,369,true],"1536x1536":["https:\/\/velipost.com\/wp-content\/uploads\/2026\/03\/Marjo.jpg",1170,603,false],"2048x2048":["https:\/\/velipost.com\/wp-content\/uploads\/2026\/03\/Marjo.jpg",1170,603,false],"colornews-big-slider":["https:\/\/velipost.com\/wp-content\/uploads\/2026\/03\/Marjo-1070x470.jpg",1070,470,true],"colornews-big-slider-thumb":["https:\/\/velipost.com\/wp-content\/uploads\/2026\/03\/Marjo-184x109.jpg",184,109,true],"colornews-featured-post-medium":["https:\/\/velipost.com\/wp-content\/uploads\/2026\/03\/Marjo-345x265.jpg",345,265,true],"colornews-featured-post-small":["https:\/\/velipost.com\/wp-content\/uploads\/2026\/03\/Marjo-115x73.jpg",115,73,true],"colornews-random-posts":["https:\/\/velipost.com\/wp-content\/uploads\/2026\/03\/Marjo-215x215.jpg",215,215,true],"colornews-featured-image":["https:\/\/velipost.com\/wp-content\/uploads\/2026\/03\/Marjo-715x400.jpg",715,400,true],"mailpoet_newsletter_max":["https:\/\/velipost.com\/wp-content\/uploads\/2026\/03\/Marjo.jpg",1170,603,false]},"uagb_author_info":{"display_name":"VeliPost","author_link":"https:\/\/velipost.com\/?author=1"},"uagb_comment_info":0,"uagb_excerpt":"L\u2019ancienne ministre \u00e0 la Condition f\u00e9minine et aux Droits des femmes, Majory Michel, a publi\u00e9 ce mercredi 11 mars 2026 une d\u00e9claration publique dans","_links":{"self":[{"href":"https:\/\/velipost.com\/index.php?rest_route=\/wp\/v2\/posts\/5747","targetHints":{"allow":["GET"]}}],"collection":[{"href":"https:\/\/velipost.com\/index.php?rest_route=\/wp\/v2\/posts"}],"about":[{"href":"https:\/\/velipost.com\/index.php?rest_route=\/wp\/v2\/types\/post"}],"author":[{"embeddable":true,"href":"https:\/\/velipost.com\/index.php?rest_route=\/wp\/v2\/users\/1"}],"replies":[{"embeddable":true,"href":"https:\/\/velipost.com\/index.php?rest_route=%2Fwp%2Fv2%2Fcomments&post=5747"}],"version-history":[{"count":1,"href":"https:\/\/velipost.com\/index.php?rest_route=\/wp\/v2\/posts\/5747\/revisions"}],"predecessor-version":[{"id":5749,"href":"https:\/\/velipost.com\/index.php?rest_route=\/wp\/v2\/posts\/5747\/revisions\/5749"}],"wp:featuredmedia":[{"embeddable":true,"href":"https:\/\/velipost.com\/index.php?rest_route=\/wp\/v2\/media\/5748"}],"wp:attachment":[{"href":"https:\/\/velipost.com\/index.php?rest_route=%2Fwp%2Fv2%2Fmedia&parent=5747"}],"wp:term":[{"taxonomy":"category","embeddable":true,"href":"https:\/\/velipost.com\/index.php?rest_route=%2Fwp%2Fv2%2Fcategories&post=5747"},{"taxonomy":"post_tag","embeddable":true,"href":"https:\/\/velipost.com\/index.php?rest_route=%2Fwp%2Fv2%2Ftags&post=5747"}],"curies":[{"name":"wp","href":"https:\/\/api.w.org\/{rel}","templated":true}]}}