{"id":5734,"date":"2026-03-10T15:54:55","date_gmt":"2026-03-10T14:54:55","guid":{"rendered":"https:\/\/velipost.com\/?p=5734"},"modified":"2026-03-10T15:54:59","modified_gmt":"2026-03-10T14:54:59","slug":"la-reconduction-de-james-monazard-dans-trois-gouvernements-relance-le-debat-sur-son-bilan-au-mci","status":"publish","type":"post","link":"https:\/\/velipost.com\/?p=5734","title":{"rendered":"La reconduction de James Monazard dans trois gouvernements relance le d\u00e9bat sur son bilan au MCI"},"content":{"rendered":"\n<p>La pr\u00e9sence continue de James Monazard au minist\u00e8re du Commerce et de l\u2019Industrie \u00e0 travers plusieurs configurations gouvernementales suscite des interrogations dans les milieux politiques et \u00e9conomiques. Entre reconnaissance d\u2019un travail jug\u00e9 efficace et continuit\u00e9 d\u2019influence dans l\u2019appareil d\u2019\u00c9tat, son maintien dans les \u00e9quipes successives de l\u2019ex\u00e9cutif nourrit le d\u00e9bat.<\/p>\n\n\n\n<p>Figure constante au sein de l\u2019ex\u00e9cutif, James Monazard fait partie des rares responsables gouvernementaux \u00e0 avoir conserv\u00e9 un portefeuille strat\u00e9gique malgr\u00e9 les changements de gouvernement. Sa pr\u00e9sence dans plusieurs cabinets successifs alimente les discussions sur les raisons qui expliquent cette long\u00e9vit\u00e9 politique.<\/p>\n\n\n\n<p>Sous le gouvernement dirig\u00e9 par Garry Conille, James Monazard occupait d\u00e9j\u00e0 les fonctions de ministre du Commerce et de l\u2019Industrie. \u00c0 cette responsabilit\u00e9 s\u2019ajoutait \u00e9galement celle de ministre du Tourisme, une double charge qui lui conf\u00e9rait un r\u00f4le important dans deux secteurs consid\u00e9r\u00e9s comme essentiels pour l\u2019\u00e9conomie nationale.<\/p>\n\n\n\n<p>Avec l\u2019arriv\u00e9e d\u2019Alix Didier Fils-Aim\u00e9 \u00e0 la t\u00eate du gouvernement, James Monazard a \u00e9t\u00e9 reconduit au minist\u00e8re du Commerce et de l\u2019Industrie lors de la formation du premier cabinet du nouveau Premier ministre. Cette d\u00e9cision pouvait \u00eatre interpr\u00e9t\u00e9e comme une volont\u00e9 de maintenir une certaine continuit\u00e9 administrative dans un contexte politique marqu\u00e9 par l\u2019instabilit\u00e9.<\/p>\n\n\n\n<p>La tendance s\u2019est confirm\u00e9e lors de la mise en place du deuxi\u00e8me gouvernement dirig\u00e9 par Alix Didier Fils-Aim\u00e9. Une nouvelle fois, James Monazard a conserv\u00e9 le portefeuille du Commerce et de l\u2019Industrie, prolongeant ainsi sa pr\u00e9sence au sein de l\u2019ex\u00e9cutif \u00e0 travers trois configurations gouvernementales distinctes.<\/p>\n\n\n\n<p>Cette continuit\u00e9 soul\u00e8ve toutefois plusieurs interrogations. Le maintien d\u2019un ministre dans diff\u00e9rents gouvernements traduit-il une satisfaction des autorit\u00e9s politiques quant \u00e0 son travail ? Ou refl\u00e8te-t-il plut\u00f4t une capacit\u00e9 \u00e0 s\u2019inscrire durablement dans les m\u00e9canismes institutionnels et les r\u00e9seaux de pouvoir de l\u2019administration publique ?<\/p>\n\n\n\n<p>Dans un contexte o\u00f9 l\u2019\u00e9conomie ha\u00eftienne fait face \u00e0 de nombreuses difficult\u00e9s, la question du bilan des responsables publics reste au centre des discussions. Les secteurs du commerce et de l\u2019industrie demeurent fortement affect\u00e9s par l\u2019instabilit\u00e9 politique, l\u2019ins\u00e9curit\u00e9 et les contraintes structurelles qui p\u00e8sent sur l\u2019activit\u00e9 \u00e9conomique.<\/p>\n\n\n\n<p>Dans ce cadre, certains observateurs s\u2019interrogent sur les r\u00e9sultats concrets des politiques mises en \u0153uvre au minist\u00e8re du Commerce et de l\u2019Industrie. Les initiatives engag\u00e9es ont-elles contribu\u00e9 \u00e0 stimuler l\u2019activit\u00e9 commerciale ou \u00e0 soutenir la production nationale ? Les acteurs \u00e9conomiques constatent-ils une am\u00e9lioration de l\u2019environnement des affaires ?<\/p>\n\n\n\n<p>Au-del\u00e0 des d\u00e9bats politiques, la perception de la population constitue \u00e9galement un \u00e9l\u00e9ment important. L\u2019impact r\u00e9el des politiques \u00e9conomiques men\u00e9es par le minist\u00e8re se mesure aussi \u00e0 leurs effets sur la vie quotidienne des citoyens et sur les perspectives \u00e9conomiques du pays.<\/p>\n\n\n\n<p>Dans un paysage politique caract\u00e9ris\u00e9 par des changements fr\u00e9quents de gouvernement, la long\u00e9vit\u00e9 d\u2019un ministre demeure un ph\u00e9nom\u00e8ne relativement rare. Entre continuit\u00e9 administrative, reconnaissance politique ou influence institutionnelle, la pr\u00e9sence de James Monazard dans trois gouvernements successifs continue d\u2019alimenter les interrogations sur les crit\u00e8res de stabilit\u00e9 et d\u2019efficacit\u00e9 au sein de l\u2019ex\u00e9cutif ha\u00eftien.<\/p>\n\n    <div class=\"xs_social_share_widget xs_share_url after_content \t\tmain_content  wslu-style-3 wslu-share-box-shaped wslu-fill-brand-hover-colored wslu-share-m-5 wslu-none wslu-share-horizontal wslu-theme-font-no wslu-main_content\">\n\n\t\t\n        <ul>\n\t\t\t                    <li class=\"xs-share-li twitter                        wslu-no-extra-data\">\n                        <a href=\"javascript:void(0);\"\n                           id=\"xs_feed_twitter\"\n                           onclick=\"xs_social_sharer(this);\"\n                           data-pid=\"5734\"\n                           data-uri_hash=\"a728101e093a342dfd34ce1804148ccc\"\n                           data-key=\"twitter\"\n                           data-xs-href=\"https:\/\/twitter.com\/intent\/tweet?text=La+reconduction+de+James+Monazard+dans+trois+gouvernements+relance+le+d%C3%A9bat+sur+son+bilan+au+MCI+https%3A%2F%2Fvelipost.com%2Findex.php%3Frest_route%3D%252Fwp%252Fv2%252Fposts%252F5734&amp;original_referer=https%3A%2F%2Fvelipost.com%2Findex.php%3Frest_route%3D%252Fwp%252Fv2%252Fposts%252F5734&amp;related=xpeedstudio\">\n\n                            <div class=\"xs-social-icon\">\n                                <span class=\"met-social met-social-twitter\"><\/span>\n                            <\/div>\n\n\t\t\t\t\t\t\t\n                            <div class=\"wslu-hover-content\">\n                                <div class=\"xs-social-followers\">\n\t\t\t\t\t\t\t\t\t10                                <\/div>\n                                <div class=\"xs-social-follower-text\">\n\t\t\t\t\t\t\t\t\tShare                                <\/div>\n                                <div class=\"xs-social-follower-label\">\n\t\t\t\t\t\t\t\t\tTwitter                                <\/div>\n                            <\/div>\n                        <\/a>\n                    <\/li>\n\t\t\t\t\t                    <li class=\"xs-share-li telegram                        wslu-no-extra-data\">\n                        <a href=\"javascript:void(0);\"\n                           id=\"xs_feed_telegram\"\n                           onclick=\"xs_social_sharer(this);\"\n                           data-pid=\"5734\"\n                           data-uri_hash=\"a728101e093a342dfd34ce1804148ccc\"\n                           data-key=\"telegram\"\n                           data-xs-href=\"https:\/\/telegram.me\/share\/url?url=https%3A%2F%2Fvelipost.com%2Findex.php%3Frest_route%3D%252Fwp%252Fv2%252Fposts%252F5734&amp;text=La+reconduction+de+James+Monazard+dans+trois+gouvernements+relance+le+d%C3%A9bat+sur+son+bilan+au+MCI\">\n\n                            <div class=\"xs-social-icon\">\n                                <span class=\"met-social met-social-telegram\"><\/span>\n                            <\/div>\n\n\t\t\t\t\t\t\t\n                            <div class=\"wslu-hover-content\">\n                                <div class=\"xs-social-followers\">\n\t\t\t\t\t\t\t\t\t0                                <\/div>\n                                <div class=\"xs-social-follower-text\">\n\t\t\t\t\t\t\t\t\tShare                                <\/div>\n                                <div class=\"xs-social-follower-label\">\n\t\t\t\t\t\t\t\t\tTelegram                                <\/div>\n                            <\/div>\n                        <\/a>\n                    <\/li>\n\t\t\t\t\t                    <li class=\"xs-share-li email                        wslu-no-extra-data\">\n                        <a href=\"javascript:void(0);\"\n                           id=\"xs_feed_email\"\n                           onclick=\"xs_social_sharer(this);\"\n                           data-pid=\"5734\"\n                           data-uri_hash=\"a728101e093a342dfd34ce1804148ccc\"\n                           data-key=\"email\"\n                           data-xs-href=\"mailto:?body=Title%3A+La+reconduction+de+James+Monazard+dans+trois+gouvernements+relance+le+d%C3%A9bat+sur+son+bilan+au+MCI+%5Cn%5Cn+URL%3A+https%3A%2F%2Fvelipost.com%2Findex.php%3Frest_route%3D%252Fwp%252Fv2%252Fposts%252F5734&amp;subject=La+reconduction+de+James+Monazard+dans+trois+gouvernements+relance+le+d%C3%A9bat+sur+son+bilan+au+MCI\">\n\n                            <div class=\"xs-social-icon\">\n                                <span class=\"met-social met-social-email\"><\/span>\n                            <\/div>\n\n\t\t\t\t\t\t\t\n                            <div class=\"wslu-hover-content\">\n                                <div class=\"xs-social-followers\">\n\t\t\t\t\t\t\t\t\t0                                <\/div>\n                                <div class=\"xs-social-follower-text\">\n\t\t\t\t\t\t\t\t\tShare                                <\/div>\n                                <div class=\"xs-social-follower-label\">\n\t\t\t\t\t\t\t\t\tEmail                                <\/div>\n                            <\/div>\n                        <\/a>\n                    <\/li>\n\t\t\t\t\t        <\/ul>\n    <\/div> \n","protected":false},"excerpt":{"rendered":"<p>La pr\u00e9sence continue de James Monazard au minist\u00e8re du Commerce et de l\u2019Industrie \u00e0 travers plusieurs configurations gouvernementales suscite des interrogations dans les milieux<\/p>\n","protected":false},"author":1,"featured_media":5735,"comment_status":"open","ping_status":"open","sticky":false,"template":"","format":"standard","meta":{"_uag_custom_page_level_css":"","footnotes":"","jetpack_publicize_message":"","jetpack_publicize_feature_enabled":true,"jetpack_social_post_already_shared":true,"jetpack_social_options":{"image_generator_settings":{"template":"highway","default_image_id":0,"font":"","enabled":false},"version":2}},"categories":[238],"tags":[],"class_list":["post-5734","post","type-post","status-publish","format-standard","has-post-thumbnail","hentry","category-opinion"],"yoast_head":"<!-- This site is optimized with the Yoast SEO plugin v25.3.1 - https:\/\/yoast.com\/wordpress\/plugins\/seo\/ -->\n<title>La reconduction de James Monazard dans trois gouvernements relance le d\u00e9bat sur son bilan au MCI &#8211; VeliPost<\/title>\n<meta name=\"robots\" content=\"index, follow, max-snippet:-1, max-image-preview:large, max-video-preview:-1\" \/>\n<link rel=\"canonical\" href=\"https:\/\/velipost.com\/?p=5734\" \/>\n<meta property=\"og:locale\" content=\"fr_FR\" \/>\n<meta property=\"og:type\" content=\"article\" \/>\n<meta property=\"og:title\" content=\"La reconduction de James Monazard dans trois gouvernements relance le d\u00e9bat sur son bilan au MCI &#8211; VeliPost\" \/>\n<meta property=\"og:description\" content=\"La pr\u00e9sence continue de James Monazard au minist\u00e8re du Commerce et de l\u2019Industrie \u00e0 travers plusieurs configurations gouvernementales suscite des interrogations dans les milieux\" \/>\n<meta property=\"og:url\" content=\"https:\/\/velipost.com\/?p=5734\" \/>\n<meta property=\"og:site_name\" content=\"VeliPost\" \/>\n<meta property=\"article:publisher\" content=\"https:\/\/www.facebook.com\/veliposthaiti\" \/>\n<meta property=\"article:published_time\" content=\"2026-03-10T14:54:55+00:00\" \/>\n<meta property=\"article:modified_time\" content=\"2026-03-10T14:54:59+00:00\" \/>\n<meta property=\"og:image\" content=\"https:\/\/velipost.com\/wp-content\/uploads\/2026\/03\/James.jpg\" \/>\n\t<meta property=\"og:image:width\" content=\"1170\" \/>\n\t<meta property=\"og:image:height\" content=\"603\" \/>\n\t<meta property=\"og:image:type\" content=\"image\/jpeg\" \/>\n<meta name=\"author\" content=\"VeliPost\" \/>\n<meta name=\"twitter:card\" content=\"summary_large_image\" \/>\n<meta name=\"twitter:creator\" content=\"@veliposthaiti\" \/>\n<meta name=\"twitter:site\" content=\"@veliposthaiti\" \/>\n<meta name=\"twitter:label1\" content=\"\u00c9crit par\" \/>\n\t<meta name=\"twitter:data1\" content=\"VeliPost\" \/>\n\t<meta name=\"twitter:label2\" content=\"Dur\u00e9e de lecture estim\u00e9e\" \/>\n\t<meta name=\"twitter:data2\" content=\"3 minutes\" \/>\n<script type=\"application\/ld+json\" class=\"yoast-schema-graph\">{\"@context\":\"https:\/\/schema.org\",\"@graph\":[{\"@type\":\"Article\",\"@id\":\"https:\/\/velipost.com\/?p=5734#article\",\"isPartOf\":{\"@id\":\"https:\/\/velipost.com\/?p=5734\"},\"author\":{\"name\":\"VeliPost\",\"@id\":\"https:\/\/velipost.com\/#\/schema\/person\/32ff49a53c9c1bb24302ee8ece058096\"},\"headline\":\"La reconduction de James Monazard dans trois gouvernements relance le d\u00e9bat sur son bilan au MCI\",\"datePublished\":\"2026-03-10T14:54:55+00:00\",\"dateModified\":\"2026-03-10T14:54:59+00:00\",\"mainEntityOfPage\":{\"@id\":\"https:\/\/velipost.com\/?p=5734\"},\"wordCount\":565,\"commentCount\":0,\"publisher\":{\"@id\":\"https:\/\/velipost.com\/#organization\"},\"image\":{\"@id\":\"https:\/\/velipost.com\/?p=5734#primaryimage\"},\"thumbnailUrl\":\"https:\/\/velipost.com\/wp-content\/uploads\/2026\/03\/James.jpg\",\"articleSection\":[\"Opinion\"],\"inLanguage\":\"fr-FR\",\"potentialAction\":[{\"@type\":\"CommentAction\",\"name\":\"Comment\",\"target\":[\"https:\/\/velipost.com\/?p=5734#respond\"]}]},{\"@type\":\"WebPage\",\"@id\":\"https:\/\/velipost.com\/?p=5734\",\"url\":\"https:\/\/velipost.com\/?p=5734\",\"name\":\"La reconduction de James Monazard dans trois gouvernements relance le d\u00e9bat sur son bilan au MCI &#8211; VeliPost\",\"isPartOf\":{\"@id\":\"https:\/\/velipost.com\/#website\"},\"primaryImageOfPage\":{\"@id\":\"https:\/\/velipost.com\/?p=5734#primaryimage\"},\"image\":{\"@id\":\"https:\/\/velipost.com\/?p=5734#primaryimage\"},\"thumbnailUrl\":\"https:\/\/velipost.com\/wp-content\/uploads\/2026\/03\/James.jpg\",\"datePublished\":\"2026-03-10T14:54:55+00:00\",\"dateModified\":\"2026-03-10T14:54:59+00:00\",\"breadcrumb\":{\"@id\":\"https:\/\/velipost.com\/?p=5734#breadcrumb\"},\"inLanguage\":\"fr-FR\",\"potentialAction\":[{\"@type\":\"ReadAction\",\"target\":[\"https:\/\/velipost.com\/?p=5734\"]}]},{\"@type\":\"ImageObject\",\"inLanguage\":\"fr-FR\",\"@id\":\"https:\/\/velipost.com\/?p=5734#primaryimage\",\"url\":\"https:\/\/velipost.com\/wp-content\/uploads\/2026\/03\/James.jpg\",\"contentUrl\":\"https:\/\/velipost.com\/wp-content\/uploads\/2026\/03\/James.jpg\",\"width\":1170,\"height\":603},{\"@type\":\"BreadcrumbList\",\"@id\":\"https:\/\/velipost.com\/?p=5734#breadcrumb\",\"itemListElement\":[{\"@type\":\"ListItem\",\"position\":1,\"name\":\"Accueil\",\"item\":\"https:\/\/velipost.com\/\"},{\"@type\":\"ListItem\",\"position\":2,\"name\":\"La reconduction de James Monazard dans trois gouvernements relance le d\u00e9bat sur son bilan au MCI\"}]},{\"@type\":\"WebSite\",\"@id\":\"https:\/\/velipost.com\/#website\",\"url\":\"https:\/\/velipost.com\/\",\"name\":\"VeliPost\",\"description\":\"L\u2019info en un clic\",\"publisher\":{\"@id\":\"https:\/\/velipost.com\/#organization\"},\"potentialAction\":[{\"@type\":\"SearchAction\",\"target\":{\"@type\":\"EntryPoint\",\"urlTemplate\":\"https:\/\/velipost.com\/?s={search_term_string}\"},\"query-input\":{\"@type\":\"PropertyValueSpecification\",\"valueRequired\":true,\"valueName\":\"search_term_string\"}}],\"inLanguage\":\"fr-FR\"},{\"@type\":\"Organization\",\"@id\":\"https:\/\/velipost.com\/#organization\",\"name\":\"VeliPost\",\"url\":\"https:\/\/velipost.com\/\",\"logo\":{\"@type\":\"ImageObject\",\"inLanguage\":\"fr-FR\",\"@id\":\"https:\/\/velipost.com\/#\/schema\/logo\/image\/\",\"url\":\"https:\/\/velipost.com\/wp-content\/uploads\/2024\/08\/cropped-VP-logo-piti.png\",\"contentUrl\":\"https:\/\/velipost.com\/wp-content\/uploads\/2024\/08\/cropped-VP-logo-piti.png\",\"width\":201,\"height\":69,\"caption\":\"VeliPost\"},\"image\":{\"@id\":\"https:\/\/velipost.com\/#\/schema\/logo\/image\/\"},\"sameAs\":[\"https:\/\/www.facebook.com\/veliposthaiti\",\"https:\/\/x.com\/veliposthaiti\",\"https:\/\/www.instagram.com\/veliposthaiti\"]},{\"@type\":\"Person\",\"@id\":\"https:\/\/velipost.com\/#\/schema\/person\/32ff49a53c9c1bb24302ee8ece058096\",\"name\":\"VeliPost\",\"image\":{\"@type\":\"ImageObject\",\"inLanguage\":\"fr-FR\",\"@id\":\"https:\/\/velipost.com\/#\/schema\/person\/image\/\",\"url\":\"https:\/\/secure.gravatar.com\/avatar\/57c226c264de62f794185a89596d4a37b85a5ad20aca30d9d5a478b27d8c8d9d?s=96&d=mm&r=g\",\"contentUrl\":\"https:\/\/secure.gravatar.com\/avatar\/57c226c264de62f794185a89596d4a37b85a5ad20aca30d9d5a478b27d8c8d9d?s=96&d=mm&r=g\",\"caption\":\"VeliPost\"},\"sameAs\":[\"https:\/\/velipost.com\"],\"url\":\"https:\/\/velipost.com\/?author=1\"}]}<\/script>\n<!-- \/ Yoast SEO plugin. -->","yoast_head_json":{"title":"La reconduction de James Monazard dans trois gouvernements relance le d\u00e9bat sur son bilan au MCI &#8211; VeliPost","robots":{"index":"index","follow":"follow","max-snippet":"max-snippet:-1","max-image-preview":"max-image-preview:large","max-video-preview":"max-video-preview:-1"},"canonical":"https:\/\/velipost.com\/?p=5734","og_locale":"fr_FR","og_type":"article","og_title":"La reconduction de James Monazard dans trois gouvernements relance le d\u00e9bat sur son bilan au MCI &#8211; VeliPost","og_description":"La pr\u00e9sence continue de James Monazard au minist\u00e8re du Commerce et de l\u2019Industrie \u00e0 travers plusieurs configurations gouvernementales suscite des interrogations dans les milieux","og_url":"https:\/\/velipost.com\/?p=5734","og_site_name":"VeliPost","article_publisher":"https:\/\/www.facebook.com\/veliposthaiti","article_published_time":"2026-03-10T14:54:55+00:00","article_modified_time":"2026-03-10T14:54:59+00:00","og_image":[{"width":1170,"height":603,"url":"https:\/\/velipost.com\/wp-content\/uploads\/2026\/03\/James.jpg","type":"image\/jpeg"}],"author":"VeliPost","twitter_card":"summary_large_image","twitter_creator":"@veliposthaiti","twitter_site":"@veliposthaiti","twitter_misc":{"\u00c9crit par":"VeliPost","Dur\u00e9e de lecture estim\u00e9e":"3 minutes"},"schema":{"@context":"https:\/\/schema.org","@graph":[{"@type":"Article","@id":"https:\/\/velipost.com\/?p=5734#article","isPartOf":{"@id":"https:\/\/velipost.com\/?p=5734"},"author":{"name":"VeliPost","@id":"https:\/\/velipost.com\/#\/schema\/person\/32ff49a53c9c1bb24302ee8ece058096"},"headline":"La reconduction de James Monazard dans trois gouvernements relance le d\u00e9bat sur son bilan au MCI","datePublished":"2026-03-10T14:54:55+00:00","dateModified":"2026-03-10T14:54:59+00:00","mainEntityOfPage":{"@id":"https:\/\/velipost.com\/?p=5734"},"wordCount":565,"commentCount":0,"publisher":{"@id":"https:\/\/velipost.com\/#organization"},"image":{"@id":"https:\/\/velipost.com\/?p=5734#primaryimage"},"thumbnailUrl":"https:\/\/velipost.com\/wp-content\/uploads\/2026\/03\/James.jpg","articleSection":["Opinion"],"inLanguage":"fr-FR","potentialAction":[{"@type":"CommentAction","name":"Comment","target":["https:\/\/velipost.com\/?p=5734#respond"]}]},{"@type":"WebPage","@id":"https:\/\/velipost.com\/?p=5734","url":"https:\/\/velipost.com\/?p=5734","name":"La reconduction de James Monazard dans trois gouvernements relance le d\u00e9bat sur son bilan au MCI &#8211; VeliPost","isPartOf":{"@id":"https:\/\/velipost.com\/#website"},"primaryImageOfPage":{"@id":"https:\/\/velipost.com\/?p=5734#primaryimage"},"image":{"@id":"https:\/\/velipost.com\/?p=5734#primaryimage"},"thumbnailUrl":"https:\/\/velipost.com\/wp-content\/uploads\/2026\/03\/James.jpg","datePublished":"2026-03-10T14:54:55+00:00","dateModified":"2026-03-10T14:54:59+00:00","breadcrumb":{"@id":"https:\/\/velipost.com\/?p=5734#breadcrumb"},"inLanguage":"fr-FR","potentialAction":[{"@type":"ReadAction","target":["https:\/\/velipost.com\/?p=5734"]}]},{"@type":"ImageObject","inLanguage":"fr-FR","@id":"https:\/\/velipost.com\/?p=5734#primaryimage","url":"https:\/\/velipost.com\/wp-content\/uploads\/2026\/03\/James.jpg","contentUrl":"https:\/\/velipost.com\/wp-content\/uploads\/2026\/03\/James.jpg","width":1170,"height":603},{"@type":"BreadcrumbList","@id":"https:\/\/velipost.com\/?p=5734#breadcrumb","itemListElement":[{"@type":"ListItem","position":1,"name":"Accueil","item":"https:\/\/velipost.com\/"},{"@type":"ListItem","position":2,"name":"La reconduction de James Monazard dans trois gouvernements relance le d\u00e9bat sur son bilan au MCI"}]},{"@type":"WebSite","@id":"https:\/\/velipost.com\/#website","url":"https:\/\/velipost.com\/","name":"VeliPost","description":"L\u2019info en un clic","publisher":{"@id":"https:\/\/velipost.com\/#organization"},"potentialAction":[{"@type":"SearchAction","target":{"@type":"EntryPoint","urlTemplate":"https:\/\/velipost.com\/?s={search_term_string}"},"query-input":{"@type":"PropertyValueSpecification","valueRequired":true,"valueName":"search_term_string"}}],"inLanguage":"fr-FR"},{"@type":"Organization","@id":"https:\/\/velipost.com\/#organization","name":"VeliPost","url":"https:\/\/velipost.com\/","logo":{"@type":"ImageObject","inLanguage":"fr-FR","@id":"https:\/\/velipost.com\/#\/schema\/logo\/image\/","url":"https:\/\/velipost.com\/wp-content\/uploads\/2024\/08\/cropped-VP-logo-piti.png","contentUrl":"https:\/\/velipost.com\/wp-content\/uploads\/2024\/08\/cropped-VP-logo-piti.png","width":201,"height":69,"caption":"VeliPost"},"image":{"@id":"https:\/\/velipost.com\/#\/schema\/logo\/image\/"},"sameAs":["https:\/\/www.facebook.com\/veliposthaiti","https:\/\/x.com\/veliposthaiti","https:\/\/www.instagram.com\/veliposthaiti"]},{"@type":"Person","@id":"https:\/\/velipost.com\/#\/schema\/person\/32ff49a53c9c1bb24302ee8ece058096","name":"VeliPost","image":{"@type":"ImageObject","inLanguage":"fr-FR","@id":"https:\/\/velipost.com\/#\/schema\/person\/image\/","url":"https:\/\/secure.gravatar.com\/avatar\/57c226c264de62f794185a89596d4a37b85a5ad20aca30d9d5a478b27d8c8d9d?s=96&d=mm&r=g","contentUrl":"https:\/\/secure.gravatar.com\/avatar\/57c226c264de62f794185a89596d4a37b85a5ad20aca30d9d5a478b27d8c8d9d?s=96&d=mm&r=g","caption":"VeliPost"},"sameAs":["https:\/\/velipost.com"],"url":"https:\/\/velipost.com\/?author=1"}]}},"views":0,"jetpack_publicize_connections":[],"uagb_featured_image_src":{"full":["https:\/\/velipost.com\/wp-content\/uploads\/2026\/03\/James.jpg",1170,603,false],"thumbnail":["https:\/\/velipost.com\/wp-content\/uploads\/2026\/03\/James-150x150.jpg",150,150,true],"medium":["https:\/\/velipost.com\/wp-content\/uploads\/2026\/03\/James-300x155.jpg",300,155,true],"medium_large":["https:\/\/velipost.com\/wp-content\/uploads\/2026\/03\/James-768x396.jpg",715,369,true],"large":["https:\/\/velipost.com\/wp-content\/uploads\/2026\/03\/James-1024x528.jpg",715,369,true],"1536x1536":["https:\/\/velipost.com\/wp-content\/uploads\/2026\/03\/James.jpg",1170,603,false],"2048x2048":["https:\/\/velipost.com\/wp-content\/uploads\/2026\/03\/James.jpg",1170,603,false],"colornews-big-slider":["https:\/\/velipost.com\/wp-content\/uploads\/2026\/03\/James-1070x470.jpg",1070,470,true],"colornews-big-slider-thumb":["https:\/\/velipost.com\/wp-content\/uploads\/2026\/03\/James-184x109.jpg",184,109,true],"colornews-featured-post-medium":["https:\/\/velipost.com\/wp-content\/uploads\/2026\/03\/James-345x265.jpg",345,265,true],"colornews-featured-post-small":["https:\/\/velipost.com\/wp-content\/uploads\/2026\/03\/James-115x73.jpg",115,73,true],"colornews-random-posts":["https:\/\/velipost.com\/wp-content\/uploads\/2026\/03\/James-215x215.jpg",215,215,true],"colornews-featured-image":["https:\/\/velipost.com\/wp-content\/uploads\/2026\/03\/James-715x400.jpg",715,400,true],"mailpoet_newsletter_max":["https:\/\/velipost.com\/wp-content\/uploads\/2026\/03\/James.jpg",1170,603,false]},"uagb_author_info":{"display_name":"VeliPost","author_link":"https:\/\/velipost.com\/?author=1"},"uagb_comment_info":0,"uagb_excerpt":"La pr\u00e9sence continue de James Monazard au minist\u00e8re du Commerce et de l\u2019Industrie \u00e0 travers plusieurs configurations gouvernementales suscite des interrogations dans les milieux","_links":{"self":[{"href":"https:\/\/velipost.com\/index.php?rest_route=\/wp\/v2\/posts\/5734","targetHints":{"allow":["GET"]}}],"collection":[{"href":"https:\/\/velipost.com\/index.php?rest_route=\/wp\/v2\/posts"}],"about":[{"href":"https:\/\/velipost.com\/index.php?rest_route=\/wp\/v2\/types\/post"}],"author":[{"embeddable":true,"href":"https:\/\/velipost.com\/index.php?rest_route=\/wp\/v2\/users\/1"}],"replies":[{"embeddable":true,"href":"https:\/\/velipost.com\/index.php?rest_route=%2Fwp%2Fv2%2Fcomments&post=5734"}],"version-history":[{"count":1,"href":"https:\/\/velipost.com\/index.php?rest_route=\/wp\/v2\/posts\/5734\/revisions"}],"predecessor-version":[{"id":5736,"href":"https:\/\/velipost.com\/index.php?rest_route=\/wp\/v2\/posts\/5734\/revisions\/5736"}],"wp:featuredmedia":[{"embeddable":true,"href":"https:\/\/velipost.com\/index.php?rest_route=\/wp\/v2\/media\/5735"}],"wp:attachment":[{"href":"https:\/\/velipost.com\/index.php?rest_route=%2Fwp%2Fv2%2Fmedia&parent=5734"}],"wp:term":[{"taxonomy":"category","embeddable":true,"href":"https:\/\/velipost.com\/index.php?rest_route=%2Fwp%2Fv2%2Fcategories&post=5734"},{"taxonomy":"post_tag","embeddable":true,"href":"https:\/\/velipost.com\/index.php?rest_route=%2Fwp%2Fv2%2Ftags&post=5734"}],"curies":[{"name":"wp","href":"https:\/\/api.w.org\/{rel}","templated":true}]}}