{"id":5731,"date":"2026-03-10T15:41:09","date_gmt":"2026-03-10T14:41:09","guid":{"rendered":"https:\/\/velipost.com\/?p=5731"},"modified":"2026-03-10T15:41:13","modified_gmt":"2026-03-10T14:41:13","slug":"journee-des-droits-des-femmes-leveil-patriotique-lance-ses-premieres-activites-sociales","status":"publish","type":"post","link":"https:\/\/velipost.com\/?p=5731","title":{"rendered":"Journ\u00e9e des droits des femmes : L\u2019\u00c9veil Patriotique lance ses premi\u00e8res activit\u00e9s sociales"},"content":{"rendered":"\n<p>Dans le cadre de la comm\u00e9moration de la Journ\u00e9e internationale des droits des femmes, l\u2019organisation <strong>\u201cL\u2019\u00c9veil Patriotique d\u2019Action Sociale et Intellectuelle\u201d<\/strong> a officiellement lanc\u00e9 ses premi\u00e8res activit\u00e9s communautaires au camp de fortune de Delmas 31, \u00e0 l\u2019\u00e9cole municipale Pierre Labitrie, le dimanche 8 mars 2026.<\/p>\n\n\n\n<p>\u00c0 cette occasion, le Coordonnateur national de l\u2019organisation, Wilson-Sydney JOSEPH, a r\u00e9affirm\u00e9 l\u2019engagement du mouvement en faveur de l\u2019\u00e9mancipation et du respect des droits des femmes. Il s\u2019est \u00e9galement montr\u00e9 confiant dans la vision et l\u2019orientation de l\u2019organisation, soulignant que le leadership f\u00e9minin repr\u00e9sente un levier essentiel pour le d\u00e9veloppement et la transformation positive de la communaut\u00e9.<\/p>\n\n\n\n<p>De leur c\u00f4t\u00e9, la Secr\u00e9taire g\u00e9n\u00e9rale Nadg\u00e8le BELCHAIR et la Secr\u00e9taire g\u00e9n\u00e9rale adjointe Guiveline PAULIN ont r\u00e9it\u00e9r\u00e9 leur volont\u00e9 de s\u2019impliquer activement dans les initiatives sociales. Elles ont insist\u00e9 sur la n\u00e9cessit\u00e9 de renforcer la pr\u00e9sence de l\u2019organisation aupr\u00e8s des populations les plus vuln\u00e9rables, notamment dans les camps et quartiers d\u00e9favoris\u00e9s.<\/p>\n\n\n\n<p>Cette initiative a par ailleurs \u00e9t\u00e9 salu\u00e9e et soutenue par un ancien Secr\u00e9taire d\u2019\u00c9tat \u00e0 la Communication, Bendgy Tillias, qui a exprim\u00e9 son intention d\u2019encourager l\u2019extension de ce type d\u2019actions \u00e0 travers le pays, notamment dans le d\u00e9partement du Nord, sa r\u00e9gion natale.<\/p>\n\n    <div class=\"xs_social_share_widget xs_share_url after_content \t\tmain_content  wslu-style-3 wslu-share-box-shaped wslu-fill-brand-hover-colored wslu-share-m-5 wslu-none wslu-share-horizontal wslu-theme-font-no wslu-main_content\">\n\n\t\t\n        <ul>\n\t\t\t                    <li class=\"xs-share-li twitter                        wslu-no-extra-data\">\n                        <a href=\"javascript:void(0);\"\n                           id=\"xs_feed_twitter\"\n                           onclick=\"xs_social_sharer(this);\"\n                           data-pid=\"5731\"\n                           data-uri_hash=\"3937a7d204754d7f96a8abe1777e42b0\"\n                           data-key=\"twitter\"\n                           data-xs-href=\"https:\/\/twitter.com\/intent\/tweet?text=Journ%C3%A9e+des+droits+des+femmes+%3A+L%E2%80%99%C3%89veil+Patriotique+lance+ses+premi%C3%A8res+activit%C3%A9s+sociales+https%3A%2F%2Fvelipost.com%2Findex.php%3Frest_route%3D%252Fwp%252Fv2%252Fposts%252F5731&amp;original_referer=https%3A%2F%2Fvelipost.com%2Findex.php%3Frest_route%3D%252Fwp%252Fv2%252Fposts%252F5731&amp;related=xpeedstudio\">\n\n                            <div class=\"xs-social-icon\">\n                                <span class=\"met-social met-social-twitter\"><\/span>\n                            <\/div>\n\n\t\t\t\t\t\t\t\n                            <div class=\"wslu-hover-content\">\n                                <div class=\"xs-social-followers\">\n\t\t\t\t\t\t\t\t\t10                                <\/div>\n                                <div class=\"xs-social-follower-text\">\n\t\t\t\t\t\t\t\t\tShare                                <\/div>\n                                <div class=\"xs-social-follower-label\">\n\t\t\t\t\t\t\t\t\tTwitter                                <\/div>\n                            <\/div>\n                        <\/a>\n                    <\/li>\n\t\t\t\t\t                    <li class=\"xs-share-li telegram                        wslu-no-extra-data\">\n                        <a href=\"javascript:void(0);\"\n                           id=\"xs_feed_telegram\"\n                           onclick=\"xs_social_sharer(this);\"\n                           data-pid=\"5731\"\n                           data-uri_hash=\"3937a7d204754d7f96a8abe1777e42b0\"\n                           data-key=\"telegram\"\n                           data-xs-href=\"https:\/\/telegram.me\/share\/url?url=https%3A%2F%2Fvelipost.com%2Findex.php%3Frest_route%3D%252Fwp%252Fv2%252Fposts%252F5731&amp;text=Journ%C3%A9e+des+droits+des+femmes+%3A+L%E2%80%99%C3%89veil+Patriotique+lance+ses+premi%C3%A8res+activit%C3%A9s+sociales\">\n\n                            <div class=\"xs-social-icon\">\n                                <span class=\"met-social met-social-telegram\"><\/span>\n                            <\/div>\n\n\t\t\t\t\t\t\t\n                            <div class=\"wslu-hover-content\">\n                                <div class=\"xs-social-followers\">\n\t\t\t\t\t\t\t\t\t0                                <\/div>\n                                <div class=\"xs-social-follower-text\">\n\t\t\t\t\t\t\t\t\tShare                                <\/div>\n                                <div class=\"xs-social-follower-label\">\n\t\t\t\t\t\t\t\t\tTelegram                                <\/div>\n                            <\/div>\n                        <\/a>\n                    <\/li>\n\t\t\t\t\t                    <li class=\"xs-share-li email                        wslu-no-extra-data\">\n                        <a href=\"javascript:void(0);\"\n                           id=\"xs_feed_email\"\n                           onclick=\"xs_social_sharer(this);\"\n                           data-pid=\"5731\"\n                           data-uri_hash=\"3937a7d204754d7f96a8abe1777e42b0\"\n                           data-key=\"email\"\n                           data-xs-href=\"mailto:?body=Title%3A+Journ%C3%A9e+des+droits+des+femmes+%3A+L%E2%80%99%C3%89veil+Patriotique+lance+ses+premi%C3%A8res+activit%C3%A9s+sociales+%5Cn%5Cn+URL%3A+https%3A%2F%2Fvelipost.com%2Findex.php%3Frest_route%3D%252Fwp%252Fv2%252Fposts%252F5731&amp;subject=Journ%C3%A9e+des+droits+des+femmes+%3A+L%E2%80%99%C3%89veil+Patriotique+lance+ses+premi%C3%A8res+activit%C3%A9s+sociales\">\n\n                            <div class=\"xs-social-icon\">\n                                <span class=\"met-social met-social-email\"><\/span>\n                            <\/div>\n\n\t\t\t\t\t\t\t\n                            <div class=\"wslu-hover-content\">\n                                <div class=\"xs-social-followers\">\n\t\t\t\t\t\t\t\t\t0                                <\/div>\n                                <div class=\"xs-social-follower-text\">\n\t\t\t\t\t\t\t\t\tShare                                <\/div>\n                                <div class=\"xs-social-follower-label\">\n\t\t\t\t\t\t\t\t\tEmail                                <\/div>\n                            <\/div>\n                        <\/a>\n                    <\/li>\n\t\t\t\t\t        <\/ul>\n    <\/div> \n","protected":false},"excerpt":{"rendered":"<p>Dans le cadre de la comm\u00e9moration de la Journ\u00e9e internationale des droits des femmes, l\u2019organisation \u201cL\u2019\u00c9veil Patriotique d\u2019Action Sociale et Intellectuelle\u201d a officiellement lanc\u00e9<\/p>\n","protected":false},"author":1,"featured_media":5732,"comment_status":"open","ping_status":"open","sticky":false,"template":"","format":"standard","meta":{"_uag_custom_page_level_css":"","footnotes":"","jetpack_publicize_message":"","jetpack_publicize_feature_enabled":true,"jetpack_social_post_already_shared":true,"jetpack_social_options":{"image_generator_settings":{"template":"highway","default_image_id":0,"font":"","enabled":false},"version":2}},"categories":[94],"tags":[],"class_list":["post-5731","post","type-post","status-publish","format-standard","has-post-thumbnail","hentry","category-a-la-une"],"yoast_head":"<!-- This site is optimized with the Yoast SEO plugin v25.3.1 - https:\/\/yoast.com\/wordpress\/plugins\/seo\/ -->\n<title>Journ\u00e9e des droits des femmes : L\u2019\u00c9veil Patriotique lance ses premi\u00e8res activit\u00e9s sociales &#8211; VeliPost<\/title>\n<meta name=\"robots\" content=\"index, follow, max-snippet:-1, max-image-preview:large, max-video-preview:-1\" \/>\n<link rel=\"canonical\" href=\"https:\/\/velipost.com\/?p=5731\" \/>\n<meta property=\"og:locale\" content=\"fr_FR\" \/>\n<meta property=\"og:type\" content=\"article\" \/>\n<meta property=\"og:title\" content=\"Journ\u00e9e des droits des femmes : L\u2019\u00c9veil Patriotique lance ses premi\u00e8res activit\u00e9s sociales &#8211; VeliPost\" \/>\n<meta property=\"og:description\" content=\"Dans le cadre de la comm\u00e9moration de la Journ\u00e9e internationale des droits des femmes, l\u2019organisation \u201cL\u2019\u00c9veil Patriotique d\u2019Action Sociale et Intellectuelle\u201d a officiellement lanc\u00e9\" \/>\n<meta property=\"og:url\" content=\"https:\/\/velipost.com\/?p=5731\" \/>\n<meta property=\"og:site_name\" content=\"VeliPost\" \/>\n<meta property=\"article:publisher\" content=\"https:\/\/www.facebook.com\/veliposthaiti\" \/>\n<meta property=\"article:published_time\" content=\"2026-03-10T14:41:09+00:00\" \/>\n<meta property=\"article:modified_time\" content=\"2026-03-10T14:41:13+00:00\" \/>\n<meta property=\"og:image\" content=\"https:\/\/velipost.com\/wp-content\/uploads\/2026\/03\/Eveil-Patriotique.jpg\" \/>\n\t<meta property=\"og:image:width\" content=\"1170\" \/>\n\t<meta property=\"og:image:height\" content=\"603\" \/>\n\t<meta property=\"og:image:type\" content=\"image\/jpeg\" \/>\n<meta name=\"author\" content=\"VeliPost\" \/>\n<meta name=\"twitter:card\" content=\"summary_large_image\" \/>\n<meta name=\"twitter:creator\" content=\"@veliposthaiti\" \/>\n<meta name=\"twitter:site\" content=\"@veliposthaiti\" \/>\n<meta name=\"twitter:label1\" content=\"\u00c9crit par\" \/>\n\t<meta name=\"twitter:data1\" content=\"VeliPost\" \/>\n\t<meta name=\"twitter:label2\" content=\"Dur\u00e9e de lecture estim\u00e9e\" \/>\n\t<meta name=\"twitter:data2\" content=\"2 minutes\" \/>\n<script type=\"application\/ld+json\" class=\"yoast-schema-graph\">{\"@context\":\"https:\/\/schema.org\",\"@graph\":[{\"@type\":\"Article\",\"@id\":\"https:\/\/velipost.com\/?p=5731#article\",\"isPartOf\":{\"@id\":\"https:\/\/velipost.com\/?p=5731\"},\"author\":{\"name\":\"VeliPost\",\"@id\":\"https:\/\/velipost.com\/#\/schema\/person\/32ff49a53c9c1bb24302ee8ece058096\"},\"headline\":\"Journ\u00e9e des droits des femmes : L\u2019\u00c9veil Patriotique lance ses premi\u00e8res activit\u00e9s sociales\",\"datePublished\":\"2026-03-10T14:41:09+00:00\",\"dateModified\":\"2026-03-10T14:41:13+00:00\",\"mainEntityOfPage\":{\"@id\":\"https:\/\/velipost.com\/?p=5731\"},\"wordCount\":249,\"commentCount\":0,\"publisher\":{\"@id\":\"https:\/\/velipost.com\/#organization\"},\"image\":{\"@id\":\"https:\/\/velipost.com\/?p=5731#primaryimage\"},\"thumbnailUrl\":\"https:\/\/velipost.com\/wp-content\/uploads\/2026\/03\/Eveil-Patriotique.jpg\",\"articleSection\":[\"A la Une\"],\"inLanguage\":\"fr-FR\",\"potentialAction\":[{\"@type\":\"CommentAction\",\"name\":\"Comment\",\"target\":[\"https:\/\/velipost.com\/?p=5731#respond\"]}]},{\"@type\":\"WebPage\",\"@id\":\"https:\/\/velipost.com\/?p=5731\",\"url\":\"https:\/\/velipost.com\/?p=5731\",\"name\":\"Journ\u00e9e des droits des femmes : L\u2019\u00c9veil Patriotique lance ses premi\u00e8res activit\u00e9s sociales &#8211; VeliPost\",\"isPartOf\":{\"@id\":\"https:\/\/velipost.com\/#website\"},\"primaryImageOfPage\":{\"@id\":\"https:\/\/velipost.com\/?p=5731#primaryimage\"},\"image\":{\"@id\":\"https:\/\/velipost.com\/?p=5731#primaryimage\"},\"thumbnailUrl\":\"https:\/\/velipost.com\/wp-content\/uploads\/2026\/03\/Eveil-Patriotique.jpg\",\"datePublished\":\"2026-03-10T14:41:09+00:00\",\"dateModified\":\"2026-03-10T14:41:13+00:00\",\"breadcrumb\":{\"@id\":\"https:\/\/velipost.com\/?p=5731#breadcrumb\"},\"inLanguage\":\"fr-FR\",\"potentialAction\":[{\"@type\":\"ReadAction\",\"target\":[\"https:\/\/velipost.com\/?p=5731\"]}]},{\"@type\":\"ImageObject\",\"inLanguage\":\"fr-FR\",\"@id\":\"https:\/\/velipost.com\/?p=5731#primaryimage\",\"url\":\"https:\/\/velipost.com\/wp-content\/uploads\/2026\/03\/Eveil-Patriotique.jpg\",\"contentUrl\":\"https:\/\/velipost.com\/wp-content\/uploads\/2026\/03\/Eveil-Patriotique.jpg\",\"width\":1170,\"height\":603},{\"@type\":\"BreadcrumbList\",\"@id\":\"https:\/\/velipost.com\/?p=5731#breadcrumb\",\"itemListElement\":[{\"@type\":\"ListItem\",\"position\":1,\"name\":\"Accueil\",\"item\":\"https:\/\/velipost.com\/\"},{\"@type\":\"ListItem\",\"position\":2,\"name\":\"Journ\u00e9e des droits des femmes : L\u2019\u00c9veil Patriotique lance ses premi\u00e8res activit\u00e9s sociales\"}]},{\"@type\":\"WebSite\",\"@id\":\"https:\/\/velipost.com\/#website\",\"url\":\"https:\/\/velipost.com\/\",\"name\":\"VeliPost\",\"description\":\"L\u2019info en un clic\",\"publisher\":{\"@id\":\"https:\/\/velipost.com\/#organization\"},\"potentialAction\":[{\"@type\":\"SearchAction\",\"target\":{\"@type\":\"EntryPoint\",\"urlTemplate\":\"https:\/\/velipost.com\/?s={search_term_string}\"},\"query-input\":{\"@type\":\"PropertyValueSpecification\",\"valueRequired\":true,\"valueName\":\"search_term_string\"}}],\"inLanguage\":\"fr-FR\"},{\"@type\":\"Organization\",\"@id\":\"https:\/\/velipost.com\/#organization\",\"name\":\"VeliPost\",\"url\":\"https:\/\/velipost.com\/\",\"logo\":{\"@type\":\"ImageObject\",\"inLanguage\":\"fr-FR\",\"@id\":\"https:\/\/velipost.com\/#\/schema\/logo\/image\/\",\"url\":\"https:\/\/velipost.com\/wp-content\/uploads\/2024\/08\/cropped-VP-logo-piti.png\",\"contentUrl\":\"https:\/\/velipost.com\/wp-content\/uploads\/2024\/08\/cropped-VP-logo-piti.png\",\"width\":201,\"height\":69,\"caption\":\"VeliPost\"},\"image\":{\"@id\":\"https:\/\/velipost.com\/#\/schema\/logo\/image\/\"},\"sameAs\":[\"https:\/\/www.facebook.com\/veliposthaiti\",\"https:\/\/x.com\/veliposthaiti\",\"https:\/\/www.instagram.com\/veliposthaiti\"]},{\"@type\":\"Person\",\"@id\":\"https:\/\/velipost.com\/#\/schema\/person\/32ff49a53c9c1bb24302ee8ece058096\",\"name\":\"VeliPost\",\"image\":{\"@type\":\"ImageObject\",\"inLanguage\":\"fr-FR\",\"@id\":\"https:\/\/velipost.com\/#\/schema\/person\/image\/\",\"url\":\"https:\/\/secure.gravatar.com\/avatar\/57c226c264de62f794185a89596d4a37b85a5ad20aca30d9d5a478b27d8c8d9d?s=96&d=mm&r=g\",\"contentUrl\":\"https:\/\/secure.gravatar.com\/avatar\/57c226c264de62f794185a89596d4a37b85a5ad20aca30d9d5a478b27d8c8d9d?s=96&d=mm&r=g\",\"caption\":\"VeliPost\"},\"sameAs\":[\"https:\/\/velipost.com\"],\"url\":\"https:\/\/velipost.com\/?author=1\"}]}<\/script>\n<!-- \/ Yoast SEO plugin. -->","yoast_head_json":{"title":"Journ\u00e9e des droits des femmes : L\u2019\u00c9veil Patriotique lance ses premi\u00e8res activit\u00e9s sociales &#8211; VeliPost","robots":{"index":"index","follow":"follow","max-snippet":"max-snippet:-1","max-image-preview":"max-image-preview:large","max-video-preview":"max-video-preview:-1"},"canonical":"https:\/\/velipost.com\/?p=5731","og_locale":"fr_FR","og_type":"article","og_title":"Journ\u00e9e des droits des femmes : L\u2019\u00c9veil Patriotique lance ses premi\u00e8res activit\u00e9s sociales &#8211; VeliPost","og_description":"Dans le cadre de la comm\u00e9moration de la Journ\u00e9e internationale des droits des femmes, l\u2019organisation \u201cL\u2019\u00c9veil Patriotique d\u2019Action Sociale et Intellectuelle\u201d a officiellement lanc\u00e9","og_url":"https:\/\/velipost.com\/?p=5731","og_site_name":"VeliPost","article_publisher":"https:\/\/www.facebook.com\/veliposthaiti","article_published_time":"2026-03-10T14:41:09+00:00","article_modified_time":"2026-03-10T14:41:13+00:00","og_image":[{"width":1170,"height":603,"url":"https:\/\/velipost.com\/wp-content\/uploads\/2026\/03\/Eveil-Patriotique.jpg","type":"image\/jpeg"}],"author":"VeliPost","twitter_card":"summary_large_image","twitter_creator":"@veliposthaiti","twitter_site":"@veliposthaiti","twitter_misc":{"\u00c9crit par":"VeliPost","Dur\u00e9e de lecture estim\u00e9e":"2 minutes"},"schema":{"@context":"https:\/\/schema.org","@graph":[{"@type":"Article","@id":"https:\/\/velipost.com\/?p=5731#article","isPartOf":{"@id":"https:\/\/velipost.com\/?p=5731"},"author":{"name":"VeliPost","@id":"https:\/\/velipost.com\/#\/schema\/person\/32ff49a53c9c1bb24302ee8ece058096"},"headline":"Journ\u00e9e des droits des femmes : L\u2019\u00c9veil Patriotique lance ses premi\u00e8res activit\u00e9s sociales","datePublished":"2026-03-10T14:41:09+00:00","dateModified":"2026-03-10T14:41:13+00:00","mainEntityOfPage":{"@id":"https:\/\/velipost.com\/?p=5731"},"wordCount":249,"commentCount":0,"publisher":{"@id":"https:\/\/velipost.com\/#organization"},"image":{"@id":"https:\/\/velipost.com\/?p=5731#primaryimage"},"thumbnailUrl":"https:\/\/velipost.com\/wp-content\/uploads\/2026\/03\/Eveil-Patriotique.jpg","articleSection":["A la Une"],"inLanguage":"fr-FR","potentialAction":[{"@type":"CommentAction","name":"Comment","target":["https:\/\/velipost.com\/?p=5731#respond"]}]},{"@type":"WebPage","@id":"https:\/\/velipost.com\/?p=5731","url":"https:\/\/velipost.com\/?p=5731","name":"Journ\u00e9e des droits des femmes : L\u2019\u00c9veil Patriotique lance ses premi\u00e8res activit\u00e9s sociales &#8211; VeliPost","isPartOf":{"@id":"https:\/\/velipost.com\/#website"},"primaryImageOfPage":{"@id":"https:\/\/velipost.com\/?p=5731#primaryimage"},"image":{"@id":"https:\/\/velipost.com\/?p=5731#primaryimage"},"thumbnailUrl":"https:\/\/velipost.com\/wp-content\/uploads\/2026\/03\/Eveil-Patriotique.jpg","datePublished":"2026-03-10T14:41:09+00:00","dateModified":"2026-03-10T14:41:13+00:00","breadcrumb":{"@id":"https:\/\/velipost.com\/?p=5731#breadcrumb"},"inLanguage":"fr-FR","potentialAction":[{"@type":"ReadAction","target":["https:\/\/velipost.com\/?p=5731"]}]},{"@type":"ImageObject","inLanguage":"fr-FR","@id":"https:\/\/velipost.com\/?p=5731#primaryimage","url":"https:\/\/velipost.com\/wp-content\/uploads\/2026\/03\/Eveil-Patriotique.jpg","contentUrl":"https:\/\/velipost.com\/wp-content\/uploads\/2026\/03\/Eveil-Patriotique.jpg","width":1170,"height":603},{"@type":"BreadcrumbList","@id":"https:\/\/velipost.com\/?p=5731#breadcrumb","itemListElement":[{"@type":"ListItem","position":1,"name":"Accueil","item":"https:\/\/velipost.com\/"},{"@type":"ListItem","position":2,"name":"Journ\u00e9e des droits des femmes : L\u2019\u00c9veil Patriotique lance ses premi\u00e8res activit\u00e9s sociales"}]},{"@type":"WebSite","@id":"https:\/\/velipost.com\/#website","url":"https:\/\/velipost.com\/","name":"VeliPost","description":"L\u2019info en un clic","publisher":{"@id":"https:\/\/velipost.com\/#organization"},"potentialAction":[{"@type":"SearchAction","target":{"@type":"EntryPoint","urlTemplate":"https:\/\/velipost.com\/?s={search_term_string}"},"query-input":{"@type":"PropertyValueSpecification","valueRequired":true,"valueName":"search_term_string"}}],"inLanguage":"fr-FR"},{"@type":"Organization","@id":"https:\/\/velipost.com\/#organization","name":"VeliPost","url":"https:\/\/velipost.com\/","logo":{"@type":"ImageObject","inLanguage":"fr-FR","@id":"https:\/\/velipost.com\/#\/schema\/logo\/image\/","url":"https:\/\/velipost.com\/wp-content\/uploads\/2024\/08\/cropped-VP-logo-piti.png","contentUrl":"https:\/\/velipost.com\/wp-content\/uploads\/2024\/08\/cropped-VP-logo-piti.png","width":201,"height":69,"caption":"VeliPost"},"image":{"@id":"https:\/\/velipost.com\/#\/schema\/logo\/image\/"},"sameAs":["https:\/\/www.facebook.com\/veliposthaiti","https:\/\/x.com\/veliposthaiti","https:\/\/www.instagram.com\/veliposthaiti"]},{"@type":"Person","@id":"https:\/\/velipost.com\/#\/schema\/person\/32ff49a53c9c1bb24302ee8ece058096","name":"VeliPost","image":{"@type":"ImageObject","inLanguage":"fr-FR","@id":"https:\/\/velipost.com\/#\/schema\/person\/image\/","url":"https:\/\/secure.gravatar.com\/avatar\/57c226c264de62f794185a89596d4a37b85a5ad20aca30d9d5a478b27d8c8d9d?s=96&d=mm&r=g","contentUrl":"https:\/\/secure.gravatar.com\/avatar\/57c226c264de62f794185a89596d4a37b85a5ad20aca30d9d5a478b27d8c8d9d?s=96&d=mm&r=g","caption":"VeliPost"},"sameAs":["https:\/\/velipost.com"],"url":"https:\/\/velipost.com\/?author=1"}]}},"views":0,"jetpack_publicize_connections":[],"uagb_featured_image_src":{"full":["https:\/\/velipost.com\/wp-content\/uploads\/2026\/03\/Eveil-Patriotique.jpg",1170,603,false],"thumbnail":["https:\/\/velipost.com\/wp-content\/uploads\/2026\/03\/Eveil-Patriotique-150x150.jpg",150,150,true],"medium":["https:\/\/velipost.com\/wp-content\/uploads\/2026\/03\/Eveil-Patriotique-300x155.jpg",300,155,true],"medium_large":["https:\/\/velipost.com\/wp-content\/uploads\/2026\/03\/Eveil-Patriotique-768x396.jpg",715,369,true],"large":["https:\/\/velipost.com\/wp-content\/uploads\/2026\/03\/Eveil-Patriotique-1024x528.jpg",715,369,true],"1536x1536":["https:\/\/velipost.com\/wp-content\/uploads\/2026\/03\/Eveil-Patriotique.jpg",1170,603,false],"2048x2048":["https:\/\/velipost.com\/wp-content\/uploads\/2026\/03\/Eveil-Patriotique.jpg",1170,603,false],"colornews-big-slider":["https:\/\/velipost.com\/wp-content\/uploads\/2026\/03\/Eveil-Patriotique-1070x470.jpg",1070,470,true],"colornews-big-slider-thumb":["https:\/\/velipost.com\/wp-content\/uploads\/2026\/03\/Eveil-Patriotique-184x109.jpg",184,109,true],"colornews-featured-post-medium":["https:\/\/velipost.com\/wp-content\/uploads\/2026\/03\/Eveil-Patriotique-345x265.jpg",345,265,true],"colornews-featured-post-small":["https:\/\/velipost.com\/wp-content\/uploads\/2026\/03\/Eveil-Patriotique-115x73.jpg",115,73,true],"colornews-random-posts":["https:\/\/velipost.com\/wp-content\/uploads\/2026\/03\/Eveil-Patriotique-215x215.jpg",215,215,true],"colornews-featured-image":["https:\/\/velipost.com\/wp-content\/uploads\/2026\/03\/Eveil-Patriotique-715x400.jpg",715,400,true],"mailpoet_newsletter_max":["https:\/\/velipost.com\/wp-content\/uploads\/2026\/03\/Eveil-Patriotique.jpg",1170,603,false]},"uagb_author_info":{"display_name":"VeliPost","author_link":"https:\/\/velipost.com\/?author=1"},"uagb_comment_info":0,"uagb_excerpt":"Dans le cadre de la comm\u00e9moration de la Journ\u00e9e internationale des droits des femmes, l\u2019organisation \u201cL\u2019\u00c9veil Patriotique d\u2019Action Sociale et Intellectuelle\u201d a officiellement lanc\u00e9","_links":{"self":[{"href":"https:\/\/velipost.com\/index.php?rest_route=\/wp\/v2\/posts\/5731","targetHints":{"allow":["GET"]}}],"collection":[{"href":"https:\/\/velipost.com\/index.php?rest_route=\/wp\/v2\/posts"}],"about":[{"href":"https:\/\/velipost.com\/index.php?rest_route=\/wp\/v2\/types\/post"}],"author":[{"embeddable":true,"href":"https:\/\/velipost.com\/index.php?rest_route=\/wp\/v2\/users\/1"}],"replies":[{"embeddable":true,"href":"https:\/\/velipost.com\/index.php?rest_route=%2Fwp%2Fv2%2Fcomments&post=5731"}],"version-history":[{"count":1,"href":"https:\/\/velipost.com\/index.php?rest_route=\/wp\/v2\/posts\/5731\/revisions"}],"predecessor-version":[{"id":5733,"href":"https:\/\/velipost.com\/index.php?rest_route=\/wp\/v2\/posts\/5731\/revisions\/5733"}],"wp:featuredmedia":[{"embeddable":true,"href":"https:\/\/velipost.com\/index.php?rest_route=\/wp\/v2\/media\/5732"}],"wp:attachment":[{"href":"https:\/\/velipost.com\/index.php?rest_route=%2Fwp%2Fv2%2Fmedia&parent=5731"}],"wp:term":[{"taxonomy":"category","embeddable":true,"href":"https:\/\/velipost.com\/index.php?rest_route=%2Fwp%2Fv2%2Fcategories&post=5731"},{"taxonomy":"post_tag","embeddable":true,"href":"https:\/\/velipost.com\/index.php?rest_route=%2Fwp%2Fv2%2Ftags&post=5731"}],"curies":[{"name":"wp","href":"https:\/\/api.w.org\/{rel}","templated":true}]}}