{"id":5727,"date":"2026-03-09T23:12:39","date_gmt":"2026-03-09T22:12:39","guid":{"rendered":"https:\/\/velipost.com\/?p=5727"},"modified":"2026-03-09T23:27:29","modified_gmt":"2026-03-09T22:27:29","slug":"assassinat-de-jovenel-moise-la-selection-du-jury-debute-au-tribunal-federal-de-miami","status":"publish","type":"post","link":"https:\/\/velipost.com\/?p=5727","title":{"rendered":"Assassinat de Jovenel Mo\u00efse : la s\u00e9lection du jury d\u00e9bute au tribunal f\u00e9d\u00e9ral de Miami"},"content":{"rendered":"\n<h2 class=\"wp-block-heading\"><strong>Le proc\u00e8s de l\u2019assassinat de Jovenel Mo\u00efse s\u2019ouvre aux \u00c9tats-Unis<\/strong><\/h2>\n\n\n\n<p>Pr\u00e8s de cinq ans apr\u00e8s le meurtre du pr\u00e9sident ha\u00eftien <strong>Jovenel Mo\u00efse<\/strong>, la justice am\u00e9ricaine entame l\u2019examen de l\u2019affaire avec la s\u00e9lection du jury \u00e0 Miami. Cinq hommes sont accus\u00e9s d\u2019avoir particip\u00e9 \u00e0 la planification et au financement de l\u2019attaque.<\/p>\n\n\n\n<p>Pour la premi\u00e8re fois depuis la nuit tragique du 7 juillet 2021, plusieurs t\u00e9moins devraient compara\u00eetre devant le tribunal f\u00e9d\u00e9ral et pr\u00e9senter, sous serment, leur version des faits concernant l\u2019assassinat de l\u2019ancien pr\u00e9sident dans sa r\u00e9sidence priv\u00e9e \u00e0 Port\u2011au\u2011Prince.<\/p>\n\n\n\n<p>Les cinq accus\u00e9s, citoyens am\u00e9ricains et colombiens, risquent la prison \u00e0 vie s\u2019ils sont reconnus coupables des chefs d\u2019accusation li\u00e9s au complot et \u00e0 l\u2019enl\u00e8vement ayant entra\u00een\u00e9 la mort de Jovenel Mo\u00efse. Selon l\u2019accusation, l\u2019organisation du complot aurait \u00e9t\u00e9 en partie orchestr\u00e9e depuis le sud de la Floride.<\/p>\n\n\n\n<p>Pour la famille de Jovenel Mo\u00efse et de nombreux observateurs, ce proc\u00e8s ne repr\u00e9sente qu\u2019une partie de la v\u00e9rit\u00e9. Plusieurs commanditaires potentiels demeurent non identifi\u00e9s, non inculp\u00e9s et non traduits en justice.<\/p>\n\n\n\n<p>Le proc\u00e8s devrait se poursuivre dans les semaines \u00e0 venir avec l\u2019audition de t\u00e9moins, la pr\u00e9sentation des preuves et les plaidoiries des avocats de la d\u00e9fense et de l\u2019accusation. Cette proc\u00e9dure pourrait enfin \u00e9clairer certains des aspects les plus controvers\u00e9s et marquants de l\u2019histoire r\u00e9cente d\u2019Ha\u00efti.<\/p>\n\n    <div class=\"xs_social_share_widget xs_share_url after_content \t\tmain_content  wslu-style-3 wslu-share-box-shaped wslu-fill-brand-hover-colored wslu-share-m-5 wslu-none wslu-share-horizontal wslu-theme-font-no wslu-main_content\">\n\n\t\t\n        <ul>\n\t\t\t                    <li class=\"xs-share-li twitter                        wslu-no-extra-data\">\n                        <a href=\"javascript:void(0);\"\n                           id=\"xs_feed_twitter\"\n                           onclick=\"xs_social_sharer(this);\"\n                           data-pid=\"5727\"\n                           data-uri_hash=\"b138c80ad3130396c812d30e291d3859\"\n                           data-key=\"twitter\"\n                           data-xs-href=\"https:\/\/twitter.com\/intent\/tweet?text=Assassinat+de+Jovenel+Mo%C3%AFse+%3A+la+s%C3%A9lection+du+jury+d%C3%A9bute+au+tribunal+f%C3%A9d%C3%A9ral+de+Miami+https%3A%2F%2Fvelipost.com%2Findex.php%3Frest_route%3D%252Fwp%252Fv2%252Fposts%252F5727&amp;original_referer=https%3A%2F%2Fvelipost.com%2Findex.php%3Frest_route%3D%252Fwp%252Fv2%252Fposts%252F5727&amp;related=xpeedstudio\">\n\n                            <div class=\"xs-social-icon\">\n                                <span class=\"met-social met-social-twitter\"><\/span>\n                            <\/div>\n\n\t\t\t\t\t\t\t\n                            <div class=\"wslu-hover-content\">\n                                <div class=\"xs-social-followers\">\n\t\t\t\t\t\t\t\t\t10                                <\/div>\n                                <div class=\"xs-social-follower-text\">\n\t\t\t\t\t\t\t\t\tShare                                <\/div>\n                                <div class=\"xs-social-follower-label\">\n\t\t\t\t\t\t\t\t\tTwitter                                <\/div>\n                            <\/div>\n                        <\/a>\n                    <\/li>\n\t\t\t\t\t                    <li class=\"xs-share-li telegram                        wslu-no-extra-data\">\n                        <a href=\"javascript:void(0);\"\n                           id=\"xs_feed_telegram\"\n                           onclick=\"xs_social_sharer(this);\"\n                           data-pid=\"5727\"\n                           data-uri_hash=\"b138c80ad3130396c812d30e291d3859\"\n                           data-key=\"telegram\"\n                           data-xs-href=\"https:\/\/telegram.me\/share\/url?url=https%3A%2F%2Fvelipost.com%2Findex.php%3Frest_route%3D%252Fwp%252Fv2%252Fposts%252F5727&amp;text=Assassinat+de+Jovenel+Mo%C3%AFse+%3A+la+s%C3%A9lection+du+jury+d%C3%A9bute+au+tribunal+f%C3%A9d%C3%A9ral+de+Miami\">\n\n                            <div class=\"xs-social-icon\">\n                                <span class=\"met-social met-social-telegram\"><\/span>\n                            <\/div>\n\n\t\t\t\t\t\t\t\n                            <div class=\"wslu-hover-content\">\n                                <div class=\"xs-social-followers\">\n\t\t\t\t\t\t\t\t\t0                                <\/div>\n                                <div class=\"xs-social-follower-text\">\n\t\t\t\t\t\t\t\t\tShare                                <\/div>\n                                <div class=\"xs-social-follower-label\">\n\t\t\t\t\t\t\t\t\tTelegram                                <\/div>\n                            <\/div>\n                        <\/a>\n                    <\/li>\n\t\t\t\t\t                    <li class=\"xs-share-li email                        wslu-no-extra-data\">\n                        <a href=\"javascript:void(0);\"\n                           id=\"xs_feed_email\"\n                           onclick=\"xs_social_sharer(this);\"\n                           data-pid=\"5727\"\n                           data-uri_hash=\"b138c80ad3130396c812d30e291d3859\"\n                           data-key=\"email\"\n                           data-xs-href=\"mailto:?body=Title%3A+Assassinat+de+Jovenel+Mo%C3%AFse+%3A+la+s%C3%A9lection+du+jury+d%C3%A9bute+au+tribunal+f%C3%A9d%C3%A9ral+de+Miami+%5Cn%5Cn+URL%3A+https%3A%2F%2Fvelipost.com%2Findex.php%3Frest_route%3D%252Fwp%252Fv2%252Fposts%252F5727&amp;subject=Assassinat+de+Jovenel+Mo%C3%AFse+%3A+la+s%C3%A9lection+du+jury+d%C3%A9bute+au+tribunal+f%C3%A9d%C3%A9ral+de+Miami\">\n\n                            <div class=\"xs-social-icon\">\n                                <span class=\"met-social met-social-email\"><\/span>\n                            <\/div>\n\n\t\t\t\t\t\t\t\n                            <div class=\"wslu-hover-content\">\n                                <div class=\"xs-social-followers\">\n\t\t\t\t\t\t\t\t\t0                                <\/div>\n                                <div class=\"xs-social-follower-text\">\n\t\t\t\t\t\t\t\t\tShare                                <\/div>\n                                <div class=\"xs-social-follower-label\">\n\t\t\t\t\t\t\t\t\tEmail                                <\/div>\n                            <\/div>\n                        <\/a>\n                    <\/li>\n\t\t\t\t\t        <\/ul>\n    <\/div> \n","protected":false},"excerpt":{"rendered":"<p>Le proc\u00e8s de l\u2019assassinat de Jovenel Mo\u00efse s\u2019ouvre aux \u00c9tats-Unis Pr\u00e8s de cinq ans apr\u00e8s le meurtre du pr\u00e9sident ha\u00eftien Jovenel Mo\u00efse, la justice<\/p>\n","protected":false},"author":1,"featured_media":4537,"comment_status":"open","ping_status":"open","sticky":false,"template":"","format":"standard","meta":{"_uag_custom_page_level_css":"","footnotes":"","jetpack_publicize_message":"","jetpack_publicize_feature_enabled":true,"jetpack_social_post_already_shared":true,"jetpack_social_options":{"image_generator_settings":{"template":"highway","default_image_id":0,"font":"","enabled":false},"version":2}},"categories":[259],"tags":[],"class_list":["post-5727","post","type-post","status-publish","format-standard","has-post-thumbnail","hentry","category-justice"],"yoast_head":"<!-- This site is optimized with the Yoast SEO plugin v25.3.1 - https:\/\/yoast.com\/wordpress\/plugins\/seo\/ -->\n<title>Assassinat de Jovenel Mo\u00efse : la s\u00e9lection du jury d\u00e9bute au tribunal f\u00e9d\u00e9ral de Miami &#8211; VeliPost<\/title>\n<meta name=\"robots\" content=\"index, follow, max-snippet:-1, max-image-preview:large, max-video-preview:-1\" \/>\n<link rel=\"canonical\" href=\"https:\/\/velipost.com\/?p=5727\" \/>\n<meta property=\"og:locale\" content=\"fr_FR\" \/>\n<meta property=\"og:type\" content=\"article\" \/>\n<meta property=\"og:title\" content=\"Assassinat de Jovenel Mo\u00efse : la s\u00e9lection du jury d\u00e9bute au tribunal f\u00e9d\u00e9ral de Miami &#8211; VeliPost\" \/>\n<meta property=\"og:description\" content=\"Le proc\u00e8s de l\u2019assassinat de Jovenel Mo\u00efse s\u2019ouvre aux \u00c9tats-Unis Pr\u00e8s de cinq ans apr\u00e8s le meurtre du pr\u00e9sident ha\u00eftien Jovenel Mo\u00efse, la justice\" \/>\n<meta property=\"og:url\" content=\"https:\/\/velipost.com\/?p=5727\" \/>\n<meta property=\"og:site_name\" content=\"VeliPost\" \/>\n<meta property=\"article:publisher\" content=\"https:\/\/www.facebook.com\/veliposthaiti\" \/>\n<meta property=\"article:published_time\" content=\"2026-03-09T22:12:39+00:00\" \/>\n<meta property=\"article:modified_time\" content=\"2026-03-09T22:27:29+00:00\" \/>\n<meta property=\"og:image\" content=\"https:\/\/velipost.com\/wp-content\/uploads\/2025\/10\/Jovenel-Moise.jpg\" \/>\n\t<meta property=\"og:image:width\" content=\"1170\" \/>\n\t<meta property=\"og:image:height\" content=\"603\" \/>\n\t<meta property=\"og:image:type\" content=\"image\/jpeg\" \/>\n<meta name=\"author\" content=\"VeliPost\" \/>\n<meta name=\"twitter:card\" content=\"summary_large_image\" \/>\n<meta name=\"twitter:creator\" content=\"@veliposthaiti\" \/>\n<meta name=\"twitter:site\" content=\"@veliposthaiti\" \/>\n<meta name=\"twitter:label1\" content=\"\u00c9crit par\" \/>\n\t<meta name=\"twitter:data1\" content=\"VeliPost\" \/>\n\t<meta name=\"twitter:label2\" content=\"Dur\u00e9e de lecture estim\u00e9e\" \/>\n\t<meta name=\"twitter:data2\" content=\"2 minutes\" \/>\n<script type=\"application\/ld+json\" class=\"yoast-schema-graph\">{\"@context\":\"https:\/\/schema.org\",\"@graph\":[{\"@type\":\"Article\",\"@id\":\"https:\/\/velipost.com\/?p=5727#article\",\"isPartOf\":{\"@id\":\"https:\/\/velipost.com\/?p=5727\"},\"author\":{\"name\":\"VeliPost\",\"@id\":\"https:\/\/velipost.com\/#\/schema\/person\/32ff49a53c9c1bb24302ee8ece058096\"},\"headline\":\"Assassinat de Jovenel Mo\u00efse : la s\u00e9lection du jury d\u00e9bute au tribunal f\u00e9d\u00e9ral de Miami\",\"datePublished\":\"2026-03-09T22:12:39+00:00\",\"dateModified\":\"2026-03-09T22:27:29+00:00\",\"mainEntityOfPage\":{\"@id\":\"https:\/\/velipost.com\/?p=5727\"},\"wordCount\":286,\"commentCount\":0,\"publisher\":{\"@id\":\"https:\/\/velipost.com\/#organization\"},\"image\":{\"@id\":\"https:\/\/velipost.com\/?p=5727#primaryimage\"},\"thumbnailUrl\":\"https:\/\/velipost.com\/wp-content\/uploads\/2025\/10\/Jovenel-Moise.jpg\",\"articleSection\":[\"Justice\"],\"inLanguage\":\"fr-FR\",\"potentialAction\":[{\"@type\":\"CommentAction\",\"name\":\"Comment\",\"target\":[\"https:\/\/velipost.com\/?p=5727#respond\"]}]},{\"@type\":\"WebPage\",\"@id\":\"https:\/\/velipost.com\/?p=5727\",\"url\":\"https:\/\/velipost.com\/?p=5727\",\"name\":\"Assassinat de Jovenel Mo\u00efse : la s\u00e9lection du jury d\u00e9bute au tribunal f\u00e9d\u00e9ral de Miami &#8211; VeliPost\",\"isPartOf\":{\"@id\":\"https:\/\/velipost.com\/#website\"},\"primaryImageOfPage\":{\"@id\":\"https:\/\/velipost.com\/?p=5727#primaryimage\"},\"image\":{\"@id\":\"https:\/\/velipost.com\/?p=5727#primaryimage\"},\"thumbnailUrl\":\"https:\/\/velipost.com\/wp-content\/uploads\/2025\/10\/Jovenel-Moise.jpg\",\"datePublished\":\"2026-03-09T22:12:39+00:00\",\"dateModified\":\"2026-03-09T22:27:29+00:00\",\"breadcrumb\":{\"@id\":\"https:\/\/velipost.com\/?p=5727#breadcrumb\"},\"inLanguage\":\"fr-FR\",\"potentialAction\":[{\"@type\":\"ReadAction\",\"target\":[\"https:\/\/velipost.com\/?p=5727\"]}]},{\"@type\":\"ImageObject\",\"inLanguage\":\"fr-FR\",\"@id\":\"https:\/\/velipost.com\/?p=5727#primaryimage\",\"url\":\"https:\/\/velipost.com\/wp-content\/uploads\/2025\/10\/Jovenel-Moise.jpg\",\"contentUrl\":\"https:\/\/velipost.com\/wp-content\/uploads\/2025\/10\/Jovenel-Moise.jpg\",\"width\":1170,\"height\":603},{\"@type\":\"BreadcrumbList\",\"@id\":\"https:\/\/velipost.com\/?p=5727#breadcrumb\",\"itemListElement\":[{\"@type\":\"ListItem\",\"position\":1,\"name\":\"Accueil\",\"item\":\"https:\/\/velipost.com\/\"},{\"@type\":\"ListItem\",\"position\":2,\"name\":\"Assassinat de Jovenel Mo\u00efse : la s\u00e9lection du jury d\u00e9bute au tribunal f\u00e9d\u00e9ral de Miami\"}]},{\"@type\":\"WebSite\",\"@id\":\"https:\/\/velipost.com\/#website\",\"url\":\"https:\/\/velipost.com\/\",\"name\":\"VeliPost\",\"description\":\"L\u2019info en un clic\",\"publisher\":{\"@id\":\"https:\/\/velipost.com\/#organization\"},\"potentialAction\":[{\"@type\":\"SearchAction\",\"target\":{\"@type\":\"EntryPoint\",\"urlTemplate\":\"https:\/\/velipost.com\/?s={search_term_string}\"},\"query-input\":{\"@type\":\"PropertyValueSpecification\",\"valueRequired\":true,\"valueName\":\"search_term_string\"}}],\"inLanguage\":\"fr-FR\"},{\"@type\":\"Organization\",\"@id\":\"https:\/\/velipost.com\/#organization\",\"name\":\"VeliPost\",\"url\":\"https:\/\/velipost.com\/\",\"logo\":{\"@type\":\"ImageObject\",\"inLanguage\":\"fr-FR\",\"@id\":\"https:\/\/velipost.com\/#\/schema\/logo\/image\/\",\"url\":\"https:\/\/velipost.com\/wp-content\/uploads\/2024\/08\/cropped-VP-logo-piti.png\",\"contentUrl\":\"https:\/\/velipost.com\/wp-content\/uploads\/2024\/08\/cropped-VP-logo-piti.png\",\"width\":201,\"height\":69,\"caption\":\"VeliPost\"},\"image\":{\"@id\":\"https:\/\/velipost.com\/#\/schema\/logo\/image\/\"},\"sameAs\":[\"https:\/\/www.facebook.com\/veliposthaiti\",\"https:\/\/x.com\/veliposthaiti\",\"https:\/\/www.instagram.com\/veliposthaiti\"]},{\"@type\":\"Person\",\"@id\":\"https:\/\/velipost.com\/#\/schema\/person\/32ff49a53c9c1bb24302ee8ece058096\",\"name\":\"VeliPost\",\"image\":{\"@type\":\"ImageObject\",\"inLanguage\":\"fr-FR\",\"@id\":\"https:\/\/velipost.com\/#\/schema\/person\/image\/\",\"url\":\"https:\/\/secure.gravatar.com\/avatar\/57c226c264de62f794185a89596d4a37b85a5ad20aca30d9d5a478b27d8c8d9d?s=96&d=mm&r=g\",\"contentUrl\":\"https:\/\/secure.gravatar.com\/avatar\/57c226c264de62f794185a89596d4a37b85a5ad20aca30d9d5a478b27d8c8d9d?s=96&d=mm&r=g\",\"caption\":\"VeliPost\"},\"sameAs\":[\"https:\/\/velipost.com\"],\"url\":\"https:\/\/velipost.com\/?author=1\"}]}<\/script>\n<!-- \/ Yoast SEO plugin. -->","yoast_head_json":{"title":"Assassinat de Jovenel Mo\u00efse : la s\u00e9lection du jury d\u00e9bute au tribunal f\u00e9d\u00e9ral de Miami &#8211; VeliPost","robots":{"index":"index","follow":"follow","max-snippet":"max-snippet:-1","max-image-preview":"max-image-preview:large","max-video-preview":"max-video-preview:-1"},"canonical":"https:\/\/velipost.com\/?p=5727","og_locale":"fr_FR","og_type":"article","og_title":"Assassinat de Jovenel Mo\u00efse : la s\u00e9lection du jury d\u00e9bute au tribunal f\u00e9d\u00e9ral de Miami &#8211; VeliPost","og_description":"Le proc\u00e8s de l\u2019assassinat de Jovenel Mo\u00efse s\u2019ouvre aux \u00c9tats-Unis Pr\u00e8s de cinq ans apr\u00e8s le meurtre du pr\u00e9sident ha\u00eftien Jovenel Mo\u00efse, la justice","og_url":"https:\/\/velipost.com\/?p=5727","og_site_name":"VeliPost","article_publisher":"https:\/\/www.facebook.com\/veliposthaiti","article_published_time":"2026-03-09T22:12:39+00:00","article_modified_time":"2026-03-09T22:27:29+00:00","og_image":[{"width":1170,"height":603,"url":"https:\/\/velipost.com\/wp-content\/uploads\/2025\/10\/Jovenel-Moise.jpg","type":"image\/jpeg"}],"author":"VeliPost","twitter_card":"summary_large_image","twitter_creator":"@veliposthaiti","twitter_site":"@veliposthaiti","twitter_misc":{"\u00c9crit par":"VeliPost","Dur\u00e9e de lecture estim\u00e9e":"2 minutes"},"schema":{"@context":"https:\/\/schema.org","@graph":[{"@type":"Article","@id":"https:\/\/velipost.com\/?p=5727#article","isPartOf":{"@id":"https:\/\/velipost.com\/?p=5727"},"author":{"name":"VeliPost","@id":"https:\/\/velipost.com\/#\/schema\/person\/32ff49a53c9c1bb24302ee8ece058096"},"headline":"Assassinat de Jovenel Mo\u00efse : la s\u00e9lection du jury d\u00e9bute au tribunal f\u00e9d\u00e9ral de Miami","datePublished":"2026-03-09T22:12:39+00:00","dateModified":"2026-03-09T22:27:29+00:00","mainEntityOfPage":{"@id":"https:\/\/velipost.com\/?p=5727"},"wordCount":286,"commentCount":0,"publisher":{"@id":"https:\/\/velipost.com\/#organization"},"image":{"@id":"https:\/\/velipost.com\/?p=5727#primaryimage"},"thumbnailUrl":"https:\/\/velipost.com\/wp-content\/uploads\/2025\/10\/Jovenel-Moise.jpg","articleSection":["Justice"],"inLanguage":"fr-FR","potentialAction":[{"@type":"CommentAction","name":"Comment","target":["https:\/\/velipost.com\/?p=5727#respond"]}]},{"@type":"WebPage","@id":"https:\/\/velipost.com\/?p=5727","url":"https:\/\/velipost.com\/?p=5727","name":"Assassinat de Jovenel Mo\u00efse : la s\u00e9lection du jury d\u00e9bute au tribunal f\u00e9d\u00e9ral de Miami &#8211; VeliPost","isPartOf":{"@id":"https:\/\/velipost.com\/#website"},"primaryImageOfPage":{"@id":"https:\/\/velipost.com\/?p=5727#primaryimage"},"image":{"@id":"https:\/\/velipost.com\/?p=5727#primaryimage"},"thumbnailUrl":"https:\/\/velipost.com\/wp-content\/uploads\/2025\/10\/Jovenel-Moise.jpg","datePublished":"2026-03-09T22:12:39+00:00","dateModified":"2026-03-09T22:27:29+00:00","breadcrumb":{"@id":"https:\/\/velipost.com\/?p=5727#breadcrumb"},"inLanguage":"fr-FR","potentialAction":[{"@type":"ReadAction","target":["https:\/\/velipost.com\/?p=5727"]}]},{"@type":"ImageObject","inLanguage":"fr-FR","@id":"https:\/\/velipost.com\/?p=5727#primaryimage","url":"https:\/\/velipost.com\/wp-content\/uploads\/2025\/10\/Jovenel-Moise.jpg","contentUrl":"https:\/\/velipost.com\/wp-content\/uploads\/2025\/10\/Jovenel-Moise.jpg","width":1170,"height":603},{"@type":"BreadcrumbList","@id":"https:\/\/velipost.com\/?p=5727#breadcrumb","itemListElement":[{"@type":"ListItem","position":1,"name":"Accueil","item":"https:\/\/velipost.com\/"},{"@type":"ListItem","position":2,"name":"Assassinat de Jovenel Mo\u00efse : la s\u00e9lection du jury d\u00e9bute au tribunal f\u00e9d\u00e9ral de Miami"}]},{"@type":"WebSite","@id":"https:\/\/velipost.com\/#website","url":"https:\/\/velipost.com\/","name":"VeliPost","description":"L\u2019info en un clic","publisher":{"@id":"https:\/\/velipost.com\/#organization"},"potentialAction":[{"@type":"SearchAction","target":{"@type":"EntryPoint","urlTemplate":"https:\/\/velipost.com\/?s={search_term_string}"},"query-input":{"@type":"PropertyValueSpecification","valueRequired":true,"valueName":"search_term_string"}}],"inLanguage":"fr-FR"},{"@type":"Organization","@id":"https:\/\/velipost.com\/#organization","name":"VeliPost","url":"https:\/\/velipost.com\/","logo":{"@type":"ImageObject","inLanguage":"fr-FR","@id":"https:\/\/velipost.com\/#\/schema\/logo\/image\/","url":"https:\/\/velipost.com\/wp-content\/uploads\/2024\/08\/cropped-VP-logo-piti.png","contentUrl":"https:\/\/velipost.com\/wp-content\/uploads\/2024\/08\/cropped-VP-logo-piti.png","width":201,"height":69,"caption":"VeliPost"},"image":{"@id":"https:\/\/velipost.com\/#\/schema\/logo\/image\/"},"sameAs":["https:\/\/www.facebook.com\/veliposthaiti","https:\/\/x.com\/veliposthaiti","https:\/\/www.instagram.com\/veliposthaiti"]},{"@type":"Person","@id":"https:\/\/velipost.com\/#\/schema\/person\/32ff49a53c9c1bb24302ee8ece058096","name":"VeliPost","image":{"@type":"ImageObject","inLanguage":"fr-FR","@id":"https:\/\/velipost.com\/#\/schema\/person\/image\/","url":"https:\/\/secure.gravatar.com\/avatar\/57c226c264de62f794185a89596d4a37b85a5ad20aca30d9d5a478b27d8c8d9d?s=96&d=mm&r=g","contentUrl":"https:\/\/secure.gravatar.com\/avatar\/57c226c264de62f794185a89596d4a37b85a5ad20aca30d9d5a478b27d8c8d9d?s=96&d=mm&r=g","caption":"VeliPost"},"sameAs":["https:\/\/velipost.com"],"url":"https:\/\/velipost.com\/?author=1"}]}},"views":0,"jetpack_publicize_connections":[],"uagb_featured_image_src":{"full":["https:\/\/velipost.com\/wp-content\/uploads\/2025\/10\/Jovenel-Moise.jpg",1170,603,false],"thumbnail":["https:\/\/velipost.com\/wp-content\/uploads\/2025\/10\/Jovenel-Moise-150x150.jpg",150,150,true],"medium":["https:\/\/velipost.com\/wp-content\/uploads\/2025\/10\/Jovenel-Moise-300x155.jpg",300,155,true],"medium_large":["https:\/\/velipost.com\/wp-content\/uploads\/2025\/10\/Jovenel-Moise-768x396.jpg",715,369,true],"large":["https:\/\/velipost.com\/wp-content\/uploads\/2025\/10\/Jovenel-Moise-1024x528.jpg",715,369,true],"1536x1536":["https:\/\/velipost.com\/wp-content\/uploads\/2025\/10\/Jovenel-Moise.jpg",1170,603,false],"2048x2048":["https:\/\/velipost.com\/wp-content\/uploads\/2025\/10\/Jovenel-Moise.jpg",1170,603,false],"colornews-big-slider":["https:\/\/velipost.com\/wp-content\/uploads\/2025\/10\/Jovenel-Moise-1070x470.jpg",1070,470,true],"colornews-big-slider-thumb":["https:\/\/velipost.com\/wp-content\/uploads\/2025\/10\/Jovenel-Moise-184x109.jpg",184,109,true],"colornews-featured-post-medium":["https:\/\/velipost.com\/wp-content\/uploads\/2025\/10\/Jovenel-Moise-345x265.jpg",345,265,true],"colornews-featured-post-small":["https:\/\/velipost.com\/wp-content\/uploads\/2025\/10\/Jovenel-Moise-115x73.jpg",115,73,true],"colornews-random-posts":["https:\/\/velipost.com\/wp-content\/uploads\/2025\/10\/Jovenel-Moise-215x215.jpg",215,215,true],"colornews-featured-image":["https:\/\/velipost.com\/wp-content\/uploads\/2025\/10\/Jovenel-Moise-715x400.jpg",715,400,true],"mailpoet_newsletter_max":["https:\/\/velipost.com\/wp-content\/uploads\/2025\/10\/Jovenel-Moise.jpg",1170,603,false]},"uagb_author_info":{"display_name":"VeliPost","author_link":"https:\/\/velipost.com\/?author=1"},"uagb_comment_info":0,"uagb_excerpt":"Le proc\u00e8s de l\u2019assassinat de Jovenel Mo\u00efse s\u2019ouvre aux \u00c9tats-Unis Pr\u00e8s de cinq ans apr\u00e8s le meurtre du pr\u00e9sident ha\u00eftien Jovenel Mo\u00efse, la justice","_links":{"self":[{"href":"https:\/\/velipost.com\/index.php?rest_route=\/wp\/v2\/posts\/5727","targetHints":{"allow":["GET"]}}],"collection":[{"href":"https:\/\/velipost.com\/index.php?rest_route=\/wp\/v2\/posts"}],"about":[{"href":"https:\/\/velipost.com\/index.php?rest_route=\/wp\/v2\/types\/post"}],"author":[{"embeddable":true,"href":"https:\/\/velipost.com\/index.php?rest_route=\/wp\/v2\/users\/1"}],"replies":[{"embeddable":true,"href":"https:\/\/velipost.com\/index.php?rest_route=%2Fwp%2Fv2%2Fcomments&post=5727"}],"version-history":[{"count":2,"href":"https:\/\/velipost.com\/index.php?rest_route=\/wp\/v2\/posts\/5727\/revisions"}],"predecessor-version":[{"id":5730,"href":"https:\/\/velipost.com\/index.php?rest_route=\/wp\/v2\/posts\/5727\/revisions\/5730"}],"wp:featuredmedia":[{"embeddable":true,"href":"https:\/\/velipost.com\/index.php?rest_route=\/wp\/v2\/media\/4537"}],"wp:attachment":[{"href":"https:\/\/velipost.com\/index.php?rest_route=%2Fwp%2Fv2%2Fmedia&parent=5727"}],"wp:term":[{"taxonomy":"category","embeddable":true,"href":"https:\/\/velipost.com\/index.php?rest_route=%2Fwp%2Fv2%2Fcategories&post=5727"},{"taxonomy":"post_tag","embeddable":true,"href":"https:\/\/velipost.com\/index.php?rest_route=%2Fwp%2Fv2%2Ftags&post=5727"}],"curies":[{"name":"wp","href":"https:\/\/api.w.org\/{rel}","templated":true}]}}