{"id":5705,"date":"2026-03-06T15:24:03","date_gmt":"2026-03-06T14:24:03","guid":{"rendered":"https:\/\/velipost.com\/?p=5705"},"modified":"2026-03-06T15:24:05","modified_gmt":"2026-03-06T14:24:05","slug":"joseph-almathe-pierre-louis-installe-a-la-tete-du-mtptc-et-promet-la-relance-des-chantiers-prioritaires","status":"publish","type":"post","link":"https:\/\/velipost.com\/?p=5705","title":{"rendered":"Joseph Almathe Pierre Louis install\u00e9 \u00e0 la t\u00eate du MTPTC et promet la relance des chantiers prioritaires"},"content":{"rendered":"\n<p>L\u2019ing\u00e9nieur Joseph Almathe Pierre Louis a \u00e9t\u00e9 officiellement install\u00e9 \u00e0 la t\u00eate du Minist\u00e8re des Travaux publics, Transports et Communications (MTPTC) par le ministre Paul Antoine Bien-Aim\u00e9. \u00c0 l\u2019occasion de cette prise de fonction, le nouveau titulaire du portefeuille a affich\u00e9 sa volont\u00e9 de relancer les chantiers prioritaires, de renforcer la transparence dans la gestion des projets publics et de travailler en \u00e9troite collaboration avec les collectivit\u00e9s territoriales afin de mieux r\u00e9pondre aux besoins de la population.<\/p>\n\n\n\n<p>Dans son allocution, Joseph Almathe Pierre Louis a esquiss\u00e9 les grandes lignes de son action, mettant l\u2019accent sur la modernisation des infrastructures, l\u2019am\u00e9lioration de la gouvernance technique et l\u2019acc\u00e9l\u00e9ration de l\u2019ex\u00e9cution des projets en cours. Il a \u00e9galement soulign\u00e9 l\u2019importance d\u2019instaurer une culture administrative fond\u00e9e sur la m\u00e9thode, la discipline et la responsabilit\u00e9 afin d\u2019am\u00e9liorer l\u2019efficacit\u00e9 de l\u2019action publique.<\/p>\n\n\n\n<p>Le nouveau ministre a insist\u00e9 sur la n\u00e9cessit\u00e9 de replacer la comp\u00e9tence, la planification strat\u00e9gique et la rigueur administrative au c\u0153ur du fonctionnement du minist\u00e8re. Selon lui, le d\u00e9veloppement durable d\u2019Ha\u00efti passe par des infrastructures solides, con\u00e7ues pour r\u00e9sister aux al\u00e9as naturels et r\u00e9pondre aux besoins r\u00e9els de la population. Il a appel\u00e9 les cadres et techniciens du MTPTC \u00e0 une mobilisation collective pour relever les d\u00e9fis du secteur.<\/p>\n\n\n\n<p>Consid\u00e9r\u00e9 comme un pilier du d\u00e9veloppement territorial et \u00e9conomique, le MTPTC joue un r\u00f4le central dans l\u2019organisation du pays. Conscient de ces enjeux, Joseph Almathe Pierre Louis entend renforcer les m\u00e9canismes de contr\u00f4le interne, rationaliser les proc\u00e9dures administratives et promouvoir une culture de r\u00e9sultats mesurables, avec l\u2019objectif de restaurer la cr\u00e9dibilit\u00e9 technique de l\u2019\u00c9tat et d\u2019inscrire l\u2019action publique dans une dynamique de planification durable.<\/p>\n\n    <div class=\"xs_social_share_widget xs_share_url after_content \t\tmain_content  wslu-style-3 wslu-share-box-shaped wslu-fill-brand-hover-colored wslu-share-m-5 wslu-none wslu-share-horizontal wslu-theme-font-no wslu-main_content\">\n\n\t\t\n        <ul>\n\t\t\t                    <li class=\"xs-share-li twitter                        wslu-no-extra-data\">\n                        <a href=\"javascript:void(0);\"\n                           id=\"xs_feed_twitter\"\n                           onclick=\"xs_social_sharer(this);\"\n                           data-pid=\"5705\"\n                           data-uri_hash=\"89a32be558c60171546e018d345ea829\"\n                           data-key=\"twitter\"\n                           data-xs-href=\"https:\/\/twitter.com\/intent\/tweet?text=Joseph+Almathe+Pierre+Louis+install%C3%A9+%C3%A0+la+t%C3%AAte+du+MTPTC+et+promet+la+relance+des+chantiers+prioritaires+https%3A%2F%2Fvelipost.com%2Findex.php%3Frest_route%3D%252Fwp%252Fv2%252Fposts%252F5705&amp;original_referer=https%3A%2F%2Fvelipost.com%2Findex.php%3Frest_route%3D%252Fwp%252Fv2%252Fposts%252F5705&amp;related=xpeedstudio\">\n\n                            <div class=\"xs-social-icon\">\n                                <span class=\"met-social met-social-twitter\"><\/span>\n                            <\/div>\n\n\t\t\t\t\t\t\t\n                            <div class=\"wslu-hover-content\">\n                                <div class=\"xs-social-followers\">\n\t\t\t\t\t\t\t\t\t10                                <\/div>\n                                <div class=\"xs-social-follower-text\">\n\t\t\t\t\t\t\t\t\tShare                                <\/div>\n                                <div class=\"xs-social-follower-label\">\n\t\t\t\t\t\t\t\t\tTwitter                                <\/div>\n                            <\/div>\n                        <\/a>\n                    <\/li>\n\t\t\t\t\t                    <li class=\"xs-share-li telegram                        wslu-no-extra-data\">\n                        <a href=\"javascript:void(0);\"\n                           id=\"xs_feed_telegram\"\n                           onclick=\"xs_social_sharer(this);\"\n                           data-pid=\"5705\"\n                           data-uri_hash=\"89a32be558c60171546e018d345ea829\"\n                           data-key=\"telegram\"\n                           data-xs-href=\"https:\/\/telegram.me\/share\/url?url=https%3A%2F%2Fvelipost.com%2Findex.php%3Frest_route%3D%252Fwp%252Fv2%252Fposts%252F5705&amp;text=Joseph+Almathe+Pierre+Louis+install%C3%A9+%C3%A0+la+t%C3%AAte+du+MTPTC+et+promet+la+relance+des+chantiers+prioritaires\">\n\n                            <div class=\"xs-social-icon\">\n                                <span class=\"met-social met-social-telegram\"><\/span>\n                            <\/div>\n\n\t\t\t\t\t\t\t\n                            <div class=\"wslu-hover-content\">\n                                <div class=\"xs-social-followers\">\n\t\t\t\t\t\t\t\t\t0                                <\/div>\n                                <div class=\"xs-social-follower-text\">\n\t\t\t\t\t\t\t\t\tShare                                <\/div>\n                                <div class=\"xs-social-follower-label\">\n\t\t\t\t\t\t\t\t\tTelegram                                <\/div>\n                            <\/div>\n                        <\/a>\n                    <\/li>\n\t\t\t\t\t                    <li class=\"xs-share-li email                        wslu-no-extra-data\">\n                        <a href=\"javascript:void(0);\"\n                           id=\"xs_feed_email\"\n                           onclick=\"xs_social_sharer(this);\"\n                           data-pid=\"5705\"\n                           data-uri_hash=\"89a32be558c60171546e018d345ea829\"\n                           data-key=\"email\"\n                           data-xs-href=\"mailto:?body=Title%3A+Joseph+Almathe+Pierre+Louis+install%C3%A9+%C3%A0+la+t%C3%AAte+du+MTPTC+et+promet+la+relance+des+chantiers+prioritaires+%5Cn%5Cn+URL%3A+https%3A%2F%2Fvelipost.com%2Findex.php%3Frest_route%3D%252Fwp%252Fv2%252Fposts%252F5705&amp;subject=Joseph+Almathe+Pierre+Louis+install%C3%A9+%C3%A0+la+t%C3%AAte+du+MTPTC+et+promet+la+relance+des+chantiers+prioritaires\">\n\n                            <div class=\"xs-social-icon\">\n                                <span class=\"met-social met-social-email\"><\/span>\n                            <\/div>\n\n\t\t\t\t\t\t\t\n                            <div class=\"wslu-hover-content\">\n                                <div class=\"xs-social-followers\">\n\t\t\t\t\t\t\t\t\t0                                <\/div>\n                                <div class=\"xs-social-follower-text\">\n\t\t\t\t\t\t\t\t\tShare                                <\/div>\n                                <div class=\"xs-social-follower-label\">\n\t\t\t\t\t\t\t\t\tEmail                                <\/div>\n                            <\/div>\n                        <\/a>\n                    <\/li>\n\t\t\t\t\t        <\/ul>\n    <\/div> \n","protected":false},"excerpt":{"rendered":"<p>L\u2019ing\u00e9nieur Joseph Almathe Pierre Louis a \u00e9t\u00e9 officiellement install\u00e9 \u00e0 la t\u00eate du Minist\u00e8re des Travaux publics, Transports et Communications (MTPTC) par le ministre<\/p>\n","protected":false},"author":1,"featured_media":5706,"comment_status":"open","ping_status":"open","sticky":false,"template":"","format":"standard","meta":{"_uag_custom_page_level_css":"","footnotes":"","jetpack_publicize_message":"","jetpack_publicize_feature_enabled":true,"jetpack_social_post_already_shared":true,"jetpack_social_options":{"image_generator_settings":{"template":"highway","default_image_id":0,"font":"","enabled":false},"version":2}},"categories":[94],"tags":[],"class_list":["post-5705","post","type-post","status-publish","format-standard","has-post-thumbnail","hentry","category-a-la-une"],"yoast_head":"<!-- This site is optimized with the Yoast SEO plugin v25.3.1 - https:\/\/yoast.com\/wordpress\/plugins\/seo\/ -->\n<title>Joseph Almathe Pierre Louis install\u00e9 \u00e0 la t\u00eate du MTPTC et promet la relance des chantiers prioritaires &#8211; VeliPost<\/title>\n<meta name=\"robots\" content=\"index, follow, max-snippet:-1, max-image-preview:large, max-video-preview:-1\" \/>\n<link rel=\"canonical\" href=\"https:\/\/velipost.com\/?p=5705\" \/>\n<meta property=\"og:locale\" content=\"fr_FR\" \/>\n<meta property=\"og:type\" content=\"article\" \/>\n<meta property=\"og:title\" content=\"Joseph Almathe Pierre Louis install\u00e9 \u00e0 la t\u00eate du MTPTC et promet la relance des chantiers prioritaires &#8211; VeliPost\" \/>\n<meta property=\"og:description\" content=\"L\u2019ing\u00e9nieur Joseph Almathe Pierre Louis a \u00e9t\u00e9 officiellement install\u00e9 \u00e0 la t\u00eate du Minist\u00e8re des Travaux publics, Transports et Communications (MTPTC) par le ministre\" \/>\n<meta property=\"og:url\" content=\"https:\/\/velipost.com\/?p=5705\" \/>\n<meta property=\"og:site_name\" content=\"VeliPost\" \/>\n<meta property=\"article:publisher\" content=\"https:\/\/www.facebook.com\/veliposthaiti\" \/>\n<meta property=\"article:published_time\" content=\"2026-03-06T14:24:03+00:00\" \/>\n<meta property=\"article:modified_time\" content=\"2026-03-06T14:24:05+00:00\" \/>\n<meta property=\"og:image\" content=\"https:\/\/velipost.com\/wp-content\/uploads\/2026\/03\/Joseph-Almathe-Pierre-Louis.jpg\" \/>\n\t<meta property=\"og:image:width\" content=\"1170\" \/>\n\t<meta property=\"og:image:height\" content=\"603\" \/>\n\t<meta property=\"og:image:type\" content=\"image\/jpeg\" \/>\n<meta name=\"author\" content=\"VeliPost\" \/>\n<meta name=\"twitter:card\" content=\"summary_large_image\" \/>\n<meta name=\"twitter:creator\" content=\"@veliposthaiti\" \/>\n<meta name=\"twitter:site\" content=\"@veliposthaiti\" \/>\n<meta name=\"twitter:label1\" content=\"\u00c9crit par\" \/>\n\t<meta name=\"twitter:data1\" content=\"VeliPost\" \/>\n\t<meta name=\"twitter:label2\" content=\"Dur\u00e9e de lecture estim\u00e9e\" \/>\n\t<meta name=\"twitter:data2\" content=\"2 minutes\" \/>\n<script type=\"application\/ld+json\" class=\"yoast-schema-graph\">{\"@context\":\"https:\/\/schema.org\",\"@graph\":[{\"@type\":\"Article\",\"@id\":\"https:\/\/velipost.com\/?p=5705#article\",\"isPartOf\":{\"@id\":\"https:\/\/velipost.com\/?p=5705\"},\"author\":{\"name\":\"VeliPost\",\"@id\":\"https:\/\/velipost.com\/#\/schema\/person\/32ff49a53c9c1bb24302ee8ece058096\"},\"headline\":\"Joseph Almathe Pierre Louis install\u00e9 \u00e0 la t\u00eate du MTPTC et promet la relance des chantiers prioritaires\",\"datePublished\":\"2026-03-06T14:24:03+00:00\",\"dateModified\":\"2026-03-06T14:24:05+00:00\",\"mainEntityOfPage\":{\"@id\":\"https:\/\/velipost.com\/?p=5705\"},\"wordCount\":333,\"commentCount\":0,\"publisher\":{\"@id\":\"https:\/\/velipost.com\/#organization\"},\"image\":{\"@id\":\"https:\/\/velipost.com\/?p=5705#primaryimage\"},\"thumbnailUrl\":\"https:\/\/velipost.com\/wp-content\/uploads\/2026\/03\/Joseph-Almathe-Pierre-Louis.jpg\",\"articleSection\":[\"A la Une\"],\"inLanguage\":\"fr-FR\",\"potentialAction\":[{\"@type\":\"CommentAction\",\"name\":\"Comment\",\"target\":[\"https:\/\/velipost.com\/?p=5705#respond\"]}]},{\"@type\":\"WebPage\",\"@id\":\"https:\/\/velipost.com\/?p=5705\",\"url\":\"https:\/\/velipost.com\/?p=5705\",\"name\":\"Joseph Almathe Pierre Louis install\u00e9 \u00e0 la t\u00eate du MTPTC et promet la relance des chantiers prioritaires &#8211; VeliPost\",\"isPartOf\":{\"@id\":\"https:\/\/velipost.com\/#website\"},\"primaryImageOfPage\":{\"@id\":\"https:\/\/velipost.com\/?p=5705#primaryimage\"},\"image\":{\"@id\":\"https:\/\/velipost.com\/?p=5705#primaryimage\"},\"thumbnailUrl\":\"https:\/\/velipost.com\/wp-content\/uploads\/2026\/03\/Joseph-Almathe-Pierre-Louis.jpg\",\"datePublished\":\"2026-03-06T14:24:03+00:00\",\"dateModified\":\"2026-03-06T14:24:05+00:00\",\"breadcrumb\":{\"@id\":\"https:\/\/velipost.com\/?p=5705#breadcrumb\"},\"inLanguage\":\"fr-FR\",\"potentialAction\":[{\"@type\":\"ReadAction\",\"target\":[\"https:\/\/velipost.com\/?p=5705\"]}]},{\"@type\":\"ImageObject\",\"inLanguage\":\"fr-FR\",\"@id\":\"https:\/\/velipost.com\/?p=5705#primaryimage\",\"url\":\"https:\/\/velipost.com\/wp-content\/uploads\/2026\/03\/Joseph-Almathe-Pierre-Louis.jpg\",\"contentUrl\":\"https:\/\/velipost.com\/wp-content\/uploads\/2026\/03\/Joseph-Almathe-Pierre-Louis.jpg\",\"width\":1170,\"height\":603},{\"@type\":\"BreadcrumbList\",\"@id\":\"https:\/\/velipost.com\/?p=5705#breadcrumb\",\"itemListElement\":[{\"@type\":\"ListItem\",\"position\":1,\"name\":\"Accueil\",\"item\":\"https:\/\/velipost.com\/\"},{\"@type\":\"ListItem\",\"position\":2,\"name\":\"Joseph Almathe Pierre Louis install\u00e9 \u00e0 la t\u00eate du MTPTC et promet la relance des chantiers prioritaires\"}]},{\"@type\":\"WebSite\",\"@id\":\"https:\/\/velipost.com\/#website\",\"url\":\"https:\/\/velipost.com\/\",\"name\":\"VeliPost\",\"description\":\"L\u2019info en un clic\",\"publisher\":{\"@id\":\"https:\/\/velipost.com\/#organization\"},\"potentialAction\":[{\"@type\":\"SearchAction\",\"target\":{\"@type\":\"EntryPoint\",\"urlTemplate\":\"https:\/\/velipost.com\/?s={search_term_string}\"},\"query-input\":{\"@type\":\"PropertyValueSpecification\",\"valueRequired\":true,\"valueName\":\"search_term_string\"}}],\"inLanguage\":\"fr-FR\"},{\"@type\":\"Organization\",\"@id\":\"https:\/\/velipost.com\/#organization\",\"name\":\"VeliPost\",\"url\":\"https:\/\/velipost.com\/\",\"logo\":{\"@type\":\"ImageObject\",\"inLanguage\":\"fr-FR\",\"@id\":\"https:\/\/velipost.com\/#\/schema\/logo\/image\/\",\"url\":\"https:\/\/velipost.com\/wp-content\/uploads\/2024\/08\/cropped-VP-logo-piti.png\",\"contentUrl\":\"https:\/\/velipost.com\/wp-content\/uploads\/2024\/08\/cropped-VP-logo-piti.png\",\"width\":201,\"height\":69,\"caption\":\"VeliPost\"},\"image\":{\"@id\":\"https:\/\/velipost.com\/#\/schema\/logo\/image\/\"},\"sameAs\":[\"https:\/\/www.facebook.com\/veliposthaiti\",\"https:\/\/x.com\/veliposthaiti\",\"https:\/\/www.instagram.com\/veliposthaiti\"]},{\"@type\":\"Person\",\"@id\":\"https:\/\/velipost.com\/#\/schema\/person\/32ff49a53c9c1bb24302ee8ece058096\",\"name\":\"VeliPost\",\"image\":{\"@type\":\"ImageObject\",\"inLanguage\":\"fr-FR\",\"@id\":\"https:\/\/velipost.com\/#\/schema\/person\/image\/\",\"url\":\"https:\/\/secure.gravatar.com\/avatar\/57c226c264de62f794185a89596d4a37b85a5ad20aca30d9d5a478b27d8c8d9d?s=96&d=mm&r=g\",\"contentUrl\":\"https:\/\/secure.gravatar.com\/avatar\/57c226c264de62f794185a89596d4a37b85a5ad20aca30d9d5a478b27d8c8d9d?s=96&d=mm&r=g\",\"caption\":\"VeliPost\"},\"sameAs\":[\"https:\/\/velipost.com\"],\"url\":\"https:\/\/velipost.com\/?author=1\"}]}<\/script>\n<!-- \/ Yoast SEO plugin. -->","yoast_head_json":{"title":"Joseph Almathe Pierre Louis install\u00e9 \u00e0 la t\u00eate du MTPTC et promet la relance des chantiers prioritaires &#8211; VeliPost","robots":{"index":"index","follow":"follow","max-snippet":"max-snippet:-1","max-image-preview":"max-image-preview:large","max-video-preview":"max-video-preview:-1"},"canonical":"https:\/\/velipost.com\/?p=5705","og_locale":"fr_FR","og_type":"article","og_title":"Joseph Almathe Pierre Louis install\u00e9 \u00e0 la t\u00eate du MTPTC et promet la relance des chantiers prioritaires &#8211; VeliPost","og_description":"L\u2019ing\u00e9nieur Joseph Almathe Pierre Louis a \u00e9t\u00e9 officiellement install\u00e9 \u00e0 la t\u00eate du Minist\u00e8re des Travaux publics, Transports et Communications (MTPTC) par le ministre","og_url":"https:\/\/velipost.com\/?p=5705","og_site_name":"VeliPost","article_publisher":"https:\/\/www.facebook.com\/veliposthaiti","article_published_time":"2026-03-06T14:24:03+00:00","article_modified_time":"2026-03-06T14:24:05+00:00","og_image":[{"width":1170,"height":603,"url":"https:\/\/velipost.com\/wp-content\/uploads\/2026\/03\/Joseph-Almathe-Pierre-Louis.jpg","type":"image\/jpeg"}],"author":"VeliPost","twitter_card":"summary_large_image","twitter_creator":"@veliposthaiti","twitter_site":"@veliposthaiti","twitter_misc":{"\u00c9crit par":"VeliPost","Dur\u00e9e de lecture estim\u00e9e":"2 minutes"},"schema":{"@context":"https:\/\/schema.org","@graph":[{"@type":"Article","@id":"https:\/\/velipost.com\/?p=5705#article","isPartOf":{"@id":"https:\/\/velipost.com\/?p=5705"},"author":{"name":"VeliPost","@id":"https:\/\/velipost.com\/#\/schema\/person\/32ff49a53c9c1bb24302ee8ece058096"},"headline":"Joseph Almathe Pierre Louis install\u00e9 \u00e0 la t\u00eate du MTPTC et promet la relance des chantiers prioritaires","datePublished":"2026-03-06T14:24:03+00:00","dateModified":"2026-03-06T14:24:05+00:00","mainEntityOfPage":{"@id":"https:\/\/velipost.com\/?p=5705"},"wordCount":333,"commentCount":0,"publisher":{"@id":"https:\/\/velipost.com\/#organization"},"image":{"@id":"https:\/\/velipost.com\/?p=5705#primaryimage"},"thumbnailUrl":"https:\/\/velipost.com\/wp-content\/uploads\/2026\/03\/Joseph-Almathe-Pierre-Louis.jpg","articleSection":["A la Une"],"inLanguage":"fr-FR","potentialAction":[{"@type":"CommentAction","name":"Comment","target":["https:\/\/velipost.com\/?p=5705#respond"]}]},{"@type":"WebPage","@id":"https:\/\/velipost.com\/?p=5705","url":"https:\/\/velipost.com\/?p=5705","name":"Joseph Almathe Pierre Louis install\u00e9 \u00e0 la t\u00eate du MTPTC et promet la relance des chantiers prioritaires &#8211; VeliPost","isPartOf":{"@id":"https:\/\/velipost.com\/#website"},"primaryImageOfPage":{"@id":"https:\/\/velipost.com\/?p=5705#primaryimage"},"image":{"@id":"https:\/\/velipost.com\/?p=5705#primaryimage"},"thumbnailUrl":"https:\/\/velipost.com\/wp-content\/uploads\/2026\/03\/Joseph-Almathe-Pierre-Louis.jpg","datePublished":"2026-03-06T14:24:03+00:00","dateModified":"2026-03-06T14:24:05+00:00","breadcrumb":{"@id":"https:\/\/velipost.com\/?p=5705#breadcrumb"},"inLanguage":"fr-FR","potentialAction":[{"@type":"ReadAction","target":["https:\/\/velipost.com\/?p=5705"]}]},{"@type":"ImageObject","inLanguage":"fr-FR","@id":"https:\/\/velipost.com\/?p=5705#primaryimage","url":"https:\/\/velipost.com\/wp-content\/uploads\/2026\/03\/Joseph-Almathe-Pierre-Louis.jpg","contentUrl":"https:\/\/velipost.com\/wp-content\/uploads\/2026\/03\/Joseph-Almathe-Pierre-Louis.jpg","width":1170,"height":603},{"@type":"BreadcrumbList","@id":"https:\/\/velipost.com\/?p=5705#breadcrumb","itemListElement":[{"@type":"ListItem","position":1,"name":"Accueil","item":"https:\/\/velipost.com\/"},{"@type":"ListItem","position":2,"name":"Joseph Almathe Pierre Louis install\u00e9 \u00e0 la t\u00eate du MTPTC et promet la relance des chantiers prioritaires"}]},{"@type":"WebSite","@id":"https:\/\/velipost.com\/#website","url":"https:\/\/velipost.com\/","name":"VeliPost","description":"L\u2019info en un clic","publisher":{"@id":"https:\/\/velipost.com\/#organization"},"potentialAction":[{"@type":"SearchAction","target":{"@type":"EntryPoint","urlTemplate":"https:\/\/velipost.com\/?s={search_term_string}"},"query-input":{"@type":"PropertyValueSpecification","valueRequired":true,"valueName":"search_term_string"}}],"inLanguage":"fr-FR"},{"@type":"Organization","@id":"https:\/\/velipost.com\/#organization","name":"VeliPost","url":"https:\/\/velipost.com\/","logo":{"@type":"ImageObject","inLanguage":"fr-FR","@id":"https:\/\/velipost.com\/#\/schema\/logo\/image\/","url":"https:\/\/velipost.com\/wp-content\/uploads\/2024\/08\/cropped-VP-logo-piti.png","contentUrl":"https:\/\/velipost.com\/wp-content\/uploads\/2024\/08\/cropped-VP-logo-piti.png","width":201,"height":69,"caption":"VeliPost"},"image":{"@id":"https:\/\/velipost.com\/#\/schema\/logo\/image\/"},"sameAs":["https:\/\/www.facebook.com\/veliposthaiti","https:\/\/x.com\/veliposthaiti","https:\/\/www.instagram.com\/veliposthaiti"]},{"@type":"Person","@id":"https:\/\/velipost.com\/#\/schema\/person\/32ff49a53c9c1bb24302ee8ece058096","name":"VeliPost","image":{"@type":"ImageObject","inLanguage":"fr-FR","@id":"https:\/\/velipost.com\/#\/schema\/person\/image\/","url":"https:\/\/secure.gravatar.com\/avatar\/57c226c264de62f794185a89596d4a37b85a5ad20aca30d9d5a478b27d8c8d9d?s=96&d=mm&r=g","contentUrl":"https:\/\/secure.gravatar.com\/avatar\/57c226c264de62f794185a89596d4a37b85a5ad20aca30d9d5a478b27d8c8d9d?s=96&d=mm&r=g","caption":"VeliPost"},"sameAs":["https:\/\/velipost.com"],"url":"https:\/\/velipost.com\/?author=1"}]}},"views":0,"jetpack_publicize_connections":[],"uagb_featured_image_src":{"full":["https:\/\/velipost.com\/wp-content\/uploads\/2026\/03\/Joseph-Almathe-Pierre-Louis.jpg",1170,603,false],"thumbnail":["https:\/\/velipost.com\/wp-content\/uploads\/2026\/03\/Joseph-Almathe-Pierre-Louis-150x150.jpg",150,150,true],"medium":["https:\/\/velipost.com\/wp-content\/uploads\/2026\/03\/Joseph-Almathe-Pierre-Louis-300x155.jpg",300,155,true],"medium_large":["https:\/\/velipost.com\/wp-content\/uploads\/2026\/03\/Joseph-Almathe-Pierre-Louis-768x396.jpg",715,369,true],"large":["https:\/\/velipost.com\/wp-content\/uploads\/2026\/03\/Joseph-Almathe-Pierre-Louis-1024x528.jpg",715,369,true],"1536x1536":["https:\/\/velipost.com\/wp-content\/uploads\/2026\/03\/Joseph-Almathe-Pierre-Louis.jpg",1170,603,false],"2048x2048":["https:\/\/velipost.com\/wp-content\/uploads\/2026\/03\/Joseph-Almathe-Pierre-Louis.jpg",1170,603,false],"colornews-big-slider":["https:\/\/velipost.com\/wp-content\/uploads\/2026\/03\/Joseph-Almathe-Pierre-Louis-1070x470.jpg",1070,470,true],"colornews-big-slider-thumb":["https:\/\/velipost.com\/wp-content\/uploads\/2026\/03\/Joseph-Almathe-Pierre-Louis-184x109.jpg",184,109,true],"colornews-featured-post-medium":["https:\/\/velipost.com\/wp-content\/uploads\/2026\/03\/Joseph-Almathe-Pierre-Louis-345x265.jpg",345,265,true],"colornews-featured-post-small":["https:\/\/velipost.com\/wp-content\/uploads\/2026\/03\/Joseph-Almathe-Pierre-Louis-115x73.jpg",115,73,true],"colornews-random-posts":["https:\/\/velipost.com\/wp-content\/uploads\/2026\/03\/Joseph-Almathe-Pierre-Louis-215x215.jpg",215,215,true],"colornews-featured-image":["https:\/\/velipost.com\/wp-content\/uploads\/2026\/03\/Joseph-Almathe-Pierre-Louis-715x400.jpg",715,400,true],"mailpoet_newsletter_max":["https:\/\/velipost.com\/wp-content\/uploads\/2026\/03\/Joseph-Almathe-Pierre-Louis.jpg",1170,603,false]},"uagb_author_info":{"display_name":"VeliPost","author_link":"https:\/\/velipost.com\/?author=1"},"uagb_comment_info":0,"uagb_excerpt":"L\u2019ing\u00e9nieur Joseph Almathe Pierre Louis a \u00e9t\u00e9 officiellement install\u00e9 \u00e0 la t\u00eate du Minist\u00e8re des Travaux publics, Transports et Communications (MTPTC) par le ministre","_links":{"self":[{"href":"https:\/\/velipost.com\/index.php?rest_route=\/wp\/v2\/posts\/5705","targetHints":{"allow":["GET"]}}],"collection":[{"href":"https:\/\/velipost.com\/index.php?rest_route=\/wp\/v2\/posts"}],"about":[{"href":"https:\/\/velipost.com\/index.php?rest_route=\/wp\/v2\/types\/post"}],"author":[{"embeddable":true,"href":"https:\/\/velipost.com\/index.php?rest_route=\/wp\/v2\/users\/1"}],"replies":[{"embeddable":true,"href":"https:\/\/velipost.com\/index.php?rest_route=%2Fwp%2Fv2%2Fcomments&post=5705"}],"version-history":[{"count":1,"href":"https:\/\/velipost.com\/index.php?rest_route=\/wp\/v2\/posts\/5705\/revisions"}],"predecessor-version":[{"id":5707,"href":"https:\/\/velipost.com\/index.php?rest_route=\/wp\/v2\/posts\/5705\/revisions\/5707"}],"wp:featuredmedia":[{"embeddable":true,"href":"https:\/\/velipost.com\/index.php?rest_route=\/wp\/v2\/media\/5706"}],"wp:attachment":[{"href":"https:\/\/velipost.com\/index.php?rest_route=%2Fwp%2Fv2%2Fmedia&parent=5705"}],"wp:term":[{"taxonomy":"category","embeddable":true,"href":"https:\/\/velipost.com\/index.php?rest_route=%2Fwp%2Fv2%2Fcategories&post=5705"},{"taxonomy":"post_tag","embeddable":true,"href":"https:\/\/velipost.com\/index.php?rest_route=%2Fwp%2Fv2%2Ftags&post=5705"}],"curies":[{"name":"wp","href":"https:\/\/api.w.org\/{rel}","templated":true}]}}