{"id":5694,"date":"2026-03-05T14:32:49","date_gmt":"2026-03-05T13:32:49","guid":{"rendered":"https:\/\/velipost.com\/?p=5694"},"modified":"2026-03-05T14:32:51","modified_gmt":"2026-03-05T13:32:51","slug":"sandra-paulemon-aux-commandes-du-mpce-pour-conduire-la-strategie-nationale-de-developpement","status":"publish","type":"post","link":"https:\/\/velipost.com\/?p=5694","title":{"rendered":"Sandra Paulemon aux commandes du MPCE, pour conduire la strat\u00e9gie nationale de d\u00e9veloppement"},"content":{"rendered":"\n<p>Sandra Paulemon a \u00e9t\u00e9 investie, ce mercredi 4 mars 2026, ministre de la Planification et de la Coop\u00e9ration Externe, par le Premier ministre Alix Didier Fils-Aim\u00e9 lors d\u2019une c\u00e9r\u00e9monie tenue dans les locaux du Minist\u00e8re de la Planification et de la Coop\u00e9ration Externe (MPCE).<\/p>\n\n\n\n<p>La c\u00e9r\u00e9monie s\u2019est d\u00e9roul\u00e9e en pr\u00e9sence de membres du gouvernement, de cadres de l\u2019administration publique et de partenaires institutionnels. La nouvelle ministre succ\u00e8de \u00e0 Ketleen Florestal, qui a dirig\u00e9 l\u2019institution durant les vingt derniers mois.<\/p>\n\n\n\n<p>Dans son intervention, Sandra Paulemon a dit mesurer la responsabilit\u00e9 qui lui incombe \u00e0 la t\u00eate d\u2019un minist\u00e8re charg\u00e9 de coordonner la planification du d\u00e9veloppement national et de g\u00e9rer la coop\u00e9ration internationale. Elle a soulign\u00e9 que le MPCE joue un r\u00f4le strat\u00e9gique dans la d\u00e9finition des priorit\u00e9s de l\u2019\u00c9tat, l\u2019\u00e9laboration des cadres de planification et le suivi des investissements publics.<\/p>\n\n\n\n<p>La nouvelle ministre a insist\u00e9 sur la n\u00e9cessit\u00e9 de renforcer la coh\u00e9rence des politiques publiques et d\u2019assurer une meilleure coordination des projets financ\u00e9s par les partenaires techniques et financiers. Selon elle, chaque ressource mobilis\u00e9e doit contribuer de mani\u00e8re concr\u00e8te \u00e0 l\u2019am\u00e9lioration des conditions de vie de la population.<\/p>\n\n\n\n<p>Elle a \u00e9galement \u00e9voqu\u00e9 le contexte national marqu\u00e9 par des d\u00e9fis \u00e9conomiques et institutionnels importants, rappelant que la planification constitue un outil essentiel pour garantir la stabilit\u00e9 et pr\u00e9parer les \u00e9ch\u00e9ances \u00e0 venir, notamment sur le plan \u00e9lectoral.<\/p>\n\n\n\n<p>Sandra Paulemon a appel\u00e9 les cadres et employ\u00e9s du minist\u00e8re \u00e0 la collaboration et \u00e0 l\u2019engagement, affirmant vouloir inscrire son action dans la continuit\u00e9 des efforts d\u00e9j\u00e0 entrepris tout en renfor\u00e7ant l\u2019efficacit\u00e9 de l\u2019intervention publique.<\/p>\n\n\n\n<p>Son investiture intervient \u00e0 un moment o\u00f9 les attentes sont \u00e9lev\u00e9es en mati\u00e8re de relance \u00e9conomique, de coordination de l\u2019aide internationale et de pr\u00e9paration des grands chantiers nationaux.<\/p>\n\n\n\n<figure class=\"wp-block-image size-large\"><a href=\"https:\/\/velipost.com\/wp-content\/uploads\/2026\/03\/Sandra-P.jpg\"><img fetchpriority=\"high\" decoding=\"async\" width=\"1024\" height=\"528\" src=\"https:\/\/velipost.com\/wp-content\/uploads\/2026\/03\/Sandra-P-1024x528.jpg\" alt=\"\" class=\"wp-image-5695\" srcset=\"https:\/\/velipost.com\/wp-content\/uploads\/2026\/03\/Sandra-P-1024x528.jpg 1024w, https:\/\/velipost.com\/wp-content\/uploads\/2026\/03\/Sandra-P-300x155.jpg 300w, https:\/\/velipost.com\/wp-content\/uploads\/2026\/03\/Sandra-P-768x396.jpg 768w, https:\/\/velipost.com\/wp-content\/uploads\/2026\/03\/Sandra-P.jpg 1170w\" sizes=\"(max-width: 1024px) 100vw, 1024px\" \/><\/a><\/figure>\n\n    <div class=\"xs_social_share_widget xs_share_url after_content \t\tmain_content  wslu-style-3 wslu-share-box-shaped wslu-fill-brand-hover-colored wslu-share-m-5 wslu-none wslu-share-horizontal wslu-theme-font-no wslu-main_content\">\n\n\t\t\n        <ul>\n\t\t\t                    <li class=\"xs-share-li twitter                        wslu-no-extra-data\">\n                        <a href=\"javascript:void(0);\"\n                           id=\"xs_feed_twitter\"\n                           onclick=\"xs_social_sharer(this);\"\n                           data-pid=\"5694\"\n                           data-uri_hash=\"e66a28d8839e77346cf56022b92baa10\"\n                           data-key=\"twitter\"\n                           data-xs-href=\"https:\/\/twitter.com\/intent\/tweet?text=Sandra+Paulemon+aux+commandes+du+MPCE%2C+pour+conduire+la+strat%C3%A9gie+nationale+de+d%C3%A9veloppement+https%3A%2F%2Fvelipost.com%2Findex.php%3Frest_route%3D%252Fwp%252Fv2%252Fposts%252F5694&amp;original_referer=https%3A%2F%2Fvelipost.com%2Findex.php%3Frest_route%3D%252Fwp%252Fv2%252Fposts%252F5694&amp;related=xpeedstudio\">\n\n                            <div class=\"xs-social-icon\">\n                                <span class=\"met-social met-social-twitter\"><\/span>\n                            <\/div>\n\n\t\t\t\t\t\t\t\n                            <div class=\"wslu-hover-content\">\n                                <div class=\"xs-social-followers\">\n\t\t\t\t\t\t\t\t\t10                                <\/div>\n                                <div class=\"xs-social-follower-text\">\n\t\t\t\t\t\t\t\t\tShare                                <\/div>\n                                <div class=\"xs-social-follower-label\">\n\t\t\t\t\t\t\t\t\tTwitter                                <\/div>\n                            <\/div>\n                        <\/a>\n                    <\/li>\n\t\t\t\t\t                    <li class=\"xs-share-li telegram                        wslu-no-extra-data\">\n                        <a href=\"javascript:void(0);\"\n                           id=\"xs_feed_telegram\"\n                           onclick=\"xs_social_sharer(this);\"\n                           data-pid=\"5694\"\n                           data-uri_hash=\"e66a28d8839e77346cf56022b92baa10\"\n                           data-key=\"telegram\"\n                           data-xs-href=\"https:\/\/telegram.me\/share\/url?url=https%3A%2F%2Fvelipost.com%2Findex.php%3Frest_route%3D%252Fwp%252Fv2%252Fposts%252F5694&amp;text=Sandra+Paulemon+aux+commandes+du+MPCE%2C+pour+conduire+la+strat%C3%A9gie+nationale+de+d%C3%A9veloppement\">\n\n                            <div class=\"xs-social-icon\">\n                                <span class=\"met-social met-social-telegram\"><\/span>\n                            <\/div>\n\n\t\t\t\t\t\t\t\n                            <div class=\"wslu-hover-content\">\n                                <div class=\"xs-social-followers\">\n\t\t\t\t\t\t\t\t\t0                                <\/div>\n                                <div class=\"xs-social-follower-text\">\n\t\t\t\t\t\t\t\t\tShare                                <\/div>\n                                <div class=\"xs-social-follower-label\">\n\t\t\t\t\t\t\t\t\tTelegram                                <\/div>\n                            <\/div>\n                        <\/a>\n                    <\/li>\n\t\t\t\t\t                    <li class=\"xs-share-li email                        wslu-no-extra-data\">\n                        <a href=\"javascript:void(0);\"\n                           id=\"xs_feed_email\"\n                           onclick=\"xs_social_sharer(this);\"\n                           data-pid=\"5694\"\n                           data-uri_hash=\"e66a28d8839e77346cf56022b92baa10\"\n                           data-key=\"email\"\n                           data-xs-href=\"mailto:?body=Title%3A+Sandra+Paulemon+aux+commandes+du+MPCE%2C+pour+conduire+la+strat%C3%A9gie+nationale+de+d%C3%A9veloppement+%5Cn%5Cn+URL%3A+https%3A%2F%2Fvelipost.com%2Findex.php%3Frest_route%3D%252Fwp%252Fv2%252Fposts%252F5694&amp;subject=Sandra+Paulemon+aux+commandes+du+MPCE%2C+pour+conduire+la+strat%C3%A9gie+nationale+de+d%C3%A9veloppement\">\n\n                            <div class=\"xs-social-icon\">\n                                <span class=\"met-social met-social-email\"><\/span>\n                            <\/div>\n\n\t\t\t\t\t\t\t\n                            <div class=\"wslu-hover-content\">\n                                <div class=\"xs-social-followers\">\n\t\t\t\t\t\t\t\t\t0                                <\/div>\n                                <div class=\"xs-social-follower-text\">\n\t\t\t\t\t\t\t\t\tShare                                <\/div>\n                                <div class=\"xs-social-follower-label\">\n\t\t\t\t\t\t\t\t\tEmail                                <\/div>\n                            <\/div>\n                        <\/a>\n                    <\/li>\n\t\t\t\t\t        <\/ul>\n    <\/div> \n","protected":false},"excerpt":{"rendered":"<p>Sandra Paulemon a \u00e9t\u00e9 investie, ce mercredi 4 mars 2026, ministre de la Planification et de la Coop\u00e9ration Externe, par le Premier ministre Alix<\/p>\n","protected":false},"author":1,"featured_media":5696,"comment_status":"open","ping_status":"open","sticky":false,"template":"","format":"standard","meta":{"_uag_custom_page_level_css":"","footnotes":"","jetpack_publicize_message":"","jetpack_publicize_feature_enabled":true,"jetpack_social_post_already_shared":true,"jetpack_social_options":{"image_generator_settings":{"template":"highway","default_image_id":0,"font":"","enabled":false},"version":2}},"categories":[94],"tags":[],"class_list":["post-5694","post","type-post","status-publish","format-standard","has-post-thumbnail","hentry","category-a-la-une"],"yoast_head":"<!-- This site is optimized with the Yoast SEO plugin v25.3.1 - https:\/\/yoast.com\/wordpress\/plugins\/seo\/ -->\n<title>Sandra Paulemon aux commandes du MPCE, pour conduire la strat\u00e9gie nationale de d\u00e9veloppement &#8211; VeliPost<\/title>\n<meta name=\"robots\" content=\"index, follow, max-snippet:-1, max-image-preview:large, max-video-preview:-1\" \/>\n<link rel=\"canonical\" href=\"https:\/\/velipost.com\/?p=5694\" \/>\n<meta property=\"og:locale\" content=\"fr_FR\" \/>\n<meta property=\"og:type\" content=\"article\" \/>\n<meta property=\"og:title\" content=\"Sandra Paulemon aux commandes du MPCE, pour conduire la strat\u00e9gie nationale de d\u00e9veloppement &#8211; VeliPost\" \/>\n<meta property=\"og:description\" content=\"Sandra Paulemon a \u00e9t\u00e9 investie, ce mercredi 4 mars 2026, ministre de la Planification et de la Coop\u00e9ration Externe, par le Premier ministre Alix\" \/>\n<meta property=\"og:url\" content=\"https:\/\/velipost.com\/?p=5694\" \/>\n<meta property=\"og:site_name\" content=\"VeliPost\" \/>\n<meta property=\"article:publisher\" content=\"https:\/\/www.facebook.com\/veliposthaiti\" \/>\n<meta property=\"article:published_time\" content=\"2026-03-05T13:32:49+00:00\" \/>\n<meta property=\"article:modified_time\" content=\"2026-03-05T13:32:51+00:00\" \/>\n<meta property=\"og:image\" content=\"https:\/\/velipost.com\/wp-content\/uploads\/2026\/03\/Sandra.jpg\" \/>\n\t<meta property=\"og:image:width\" content=\"1170\" \/>\n\t<meta property=\"og:image:height\" content=\"603\" \/>\n\t<meta property=\"og:image:type\" content=\"image\/jpeg\" \/>\n<meta name=\"author\" content=\"VeliPost\" \/>\n<meta name=\"twitter:card\" content=\"summary_large_image\" \/>\n<meta name=\"twitter:creator\" content=\"@veliposthaiti\" \/>\n<meta name=\"twitter:site\" content=\"@veliposthaiti\" \/>\n<meta name=\"twitter:label1\" content=\"\u00c9crit par\" \/>\n\t<meta name=\"twitter:data1\" content=\"VeliPost\" \/>\n\t<meta name=\"twitter:label2\" content=\"Dur\u00e9e de lecture estim\u00e9e\" \/>\n\t<meta name=\"twitter:data2\" content=\"2 minutes\" \/>\n<script type=\"application\/ld+json\" class=\"yoast-schema-graph\">{\"@context\":\"https:\/\/schema.org\",\"@graph\":[{\"@type\":\"Article\",\"@id\":\"https:\/\/velipost.com\/?p=5694#article\",\"isPartOf\":{\"@id\":\"https:\/\/velipost.com\/?p=5694\"},\"author\":{\"name\":\"VeliPost\",\"@id\":\"https:\/\/velipost.com\/#\/schema\/person\/32ff49a53c9c1bb24302ee8ece058096\"},\"headline\":\"Sandra Paulemon aux commandes du MPCE, pour conduire la strat\u00e9gie nationale de d\u00e9veloppement\",\"datePublished\":\"2026-03-05T13:32:49+00:00\",\"dateModified\":\"2026-03-05T13:32:51+00:00\",\"mainEntityOfPage\":{\"@id\":\"https:\/\/velipost.com\/?p=5694\"},\"wordCount\":344,\"commentCount\":0,\"publisher\":{\"@id\":\"https:\/\/velipost.com\/#organization\"},\"image\":{\"@id\":\"https:\/\/velipost.com\/?p=5694#primaryimage\"},\"thumbnailUrl\":\"https:\/\/velipost.com\/wp-content\/uploads\/2026\/03\/Sandra.jpg\",\"articleSection\":[\"A la Une\"],\"inLanguage\":\"fr-FR\",\"potentialAction\":[{\"@type\":\"CommentAction\",\"name\":\"Comment\",\"target\":[\"https:\/\/velipost.com\/?p=5694#respond\"]}]},{\"@type\":\"WebPage\",\"@id\":\"https:\/\/velipost.com\/?p=5694\",\"url\":\"https:\/\/velipost.com\/?p=5694\",\"name\":\"Sandra Paulemon aux commandes du MPCE, pour conduire la strat\u00e9gie nationale de d\u00e9veloppement &#8211; VeliPost\",\"isPartOf\":{\"@id\":\"https:\/\/velipost.com\/#website\"},\"primaryImageOfPage\":{\"@id\":\"https:\/\/velipost.com\/?p=5694#primaryimage\"},\"image\":{\"@id\":\"https:\/\/velipost.com\/?p=5694#primaryimage\"},\"thumbnailUrl\":\"https:\/\/velipost.com\/wp-content\/uploads\/2026\/03\/Sandra.jpg\",\"datePublished\":\"2026-03-05T13:32:49+00:00\",\"dateModified\":\"2026-03-05T13:32:51+00:00\",\"breadcrumb\":{\"@id\":\"https:\/\/velipost.com\/?p=5694#breadcrumb\"},\"inLanguage\":\"fr-FR\",\"potentialAction\":[{\"@type\":\"ReadAction\",\"target\":[\"https:\/\/velipost.com\/?p=5694\"]}]},{\"@type\":\"ImageObject\",\"inLanguage\":\"fr-FR\",\"@id\":\"https:\/\/velipost.com\/?p=5694#primaryimage\",\"url\":\"https:\/\/velipost.com\/wp-content\/uploads\/2026\/03\/Sandra.jpg\",\"contentUrl\":\"https:\/\/velipost.com\/wp-content\/uploads\/2026\/03\/Sandra.jpg\",\"width\":1170,\"height\":603},{\"@type\":\"BreadcrumbList\",\"@id\":\"https:\/\/velipost.com\/?p=5694#breadcrumb\",\"itemListElement\":[{\"@type\":\"ListItem\",\"position\":1,\"name\":\"Accueil\",\"item\":\"https:\/\/velipost.com\/\"},{\"@type\":\"ListItem\",\"position\":2,\"name\":\"Sandra Paulemon aux commandes du MPCE, pour conduire la strat\u00e9gie nationale de d\u00e9veloppement\"}]},{\"@type\":\"WebSite\",\"@id\":\"https:\/\/velipost.com\/#website\",\"url\":\"https:\/\/velipost.com\/\",\"name\":\"VeliPost\",\"description\":\"L\u2019info en un clic\",\"publisher\":{\"@id\":\"https:\/\/velipost.com\/#organization\"},\"potentialAction\":[{\"@type\":\"SearchAction\",\"target\":{\"@type\":\"EntryPoint\",\"urlTemplate\":\"https:\/\/velipost.com\/?s={search_term_string}\"},\"query-input\":{\"@type\":\"PropertyValueSpecification\",\"valueRequired\":true,\"valueName\":\"search_term_string\"}}],\"inLanguage\":\"fr-FR\"},{\"@type\":\"Organization\",\"@id\":\"https:\/\/velipost.com\/#organization\",\"name\":\"VeliPost\",\"url\":\"https:\/\/velipost.com\/\",\"logo\":{\"@type\":\"ImageObject\",\"inLanguage\":\"fr-FR\",\"@id\":\"https:\/\/velipost.com\/#\/schema\/logo\/image\/\",\"url\":\"https:\/\/velipost.com\/wp-content\/uploads\/2024\/08\/cropped-VP-logo-piti.png\",\"contentUrl\":\"https:\/\/velipost.com\/wp-content\/uploads\/2024\/08\/cropped-VP-logo-piti.png\",\"width\":201,\"height\":69,\"caption\":\"VeliPost\"},\"image\":{\"@id\":\"https:\/\/velipost.com\/#\/schema\/logo\/image\/\"},\"sameAs\":[\"https:\/\/www.facebook.com\/veliposthaiti\",\"https:\/\/x.com\/veliposthaiti\",\"https:\/\/www.instagram.com\/veliposthaiti\"]},{\"@type\":\"Person\",\"@id\":\"https:\/\/velipost.com\/#\/schema\/person\/32ff49a53c9c1bb24302ee8ece058096\",\"name\":\"VeliPost\",\"image\":{\"@type\":\"ImageObject\",\"inLanguage\":\"fr-FR\",\"@id\":\"https:\/\/velipost.com\/#\/schema\/person\/image\/\",\"url\":\"https:\/\/secure.gravatar.com\/avatar\/57c226c264de62f794185a89596d4a37b85a5ad20aca30d9d5a478b27d8c8d9d?s=96&d=mm&r=g\",\"contentUrl\":\"https:\/\/secure.gravatar.com\/avatar\/57c226c264de62f794185a89596d4a37b85a5ad20aca30d9d5a478b27d8c8d9d?s=96&d=mm&r=g\",\"caption\":\"VeliPost\"},\"sameAs\":[\"https:\/\/velipost.com\"],\"url\":\"https:\/\/velipost.com\/?author=1\"}]}<\/script>\n<!-- \/ Yoast SEO plugin. -->","yoast_head_json":{"title":"Sandra Paulemon aux commandes du MPCE, pour conduire la strat\u00e9gie nationale de d\u00e9veloppement &#8211; VeliPost","robots":{"index":"index","follow":"follow","max-snippet":"max-snippet:-1","max-image-preview":"max-image-preview:large","max-video-preview":"max-video-preview:-1"},"canonical":"https:\/\/velipost.com\/?p=5694","og_locale":"fr_FR","og_type":"article","og_title":"Sandra Paulemon aux commandes du MPCE, pour conduire la strat\u00e9gie nationale de d\u00e9veloppement &#8211; VeliPost","og_description":"Sandra Paulemon a \u00e9t\u00e9 investie, ce mercredi 4 mars 2026, ministre de la Planification et de la Coop\u00e9ration Externe, par le Premier ministre Alix","og_url":"https:\/\/velipost.com\/?p=5694","og_site_name":"VeliPost","article_publisher":"https:\/\/www.facebook.com\/veliposthaiti","article_published_time":"2026-03-05T13:32:49+00:00","article_modified_time":"2026-03-05T13:32:51+00:00","og_image":[{"width":1170,"height":603,"url":"https:\/\/velipost.com\/wp-content\/uploads\/2026\/03\/Sandra.jpg","type":"image\/jpeg"}],"author":"VeliPost","twitter_card":"summary_large_image","twitter_creator":"@veliposthaiti","twitter_site":"@veliposthaiti","twitter_misc":{"\u00c9crit par":"VeliPost","Dur\u00e9e de lecture estim\u00e9e":"2 minutes"},"schema":{"@context":"https:\/\/schema.org","@graph":[{"@type":"Article","@id":"https:\/\/velipost.com\/?p=5694#article","isPartOf":{"@id":"https:\/\/velipost.com\/?p=5694"},"author":{"name":"VeliPost","@id":"https:\/\/velipost.com\/#\/schema\/person\/32ff49a53c9c1bb24302ee8ece058096"},"headline":"Sandra Paulemon aux commandes du MPCE, pour conduire la strat\u00e9gie nationale de d\u00e9veloppement","datePublished":"2026-03-05T13:32:49+00:00","dateModified":"2026-03-05T13:32:51+00:00","mainEntityOfPage":{"@id":"https:\/\/velipost.com\/?p=5694"},"wordCount":344,"commentCount":0,"publisher":{"@id":"https:\/\/velipost.com\/#organization"},"image":{"@id":"https:\/\/velipost.com\/?p=5694#primaryimage"},"thumbnailUrl":"https:\/\/velipost.com\/wp-content\/uploads\/2026\/03\/Sandra.jpg","articleSection":["A la Une"],"inLanguage":"fr-FR","potentialAction":[{"@type":"CommentAction","name":"Comment","target":["https:\/\/velipost.com\/?p=5694#respond"]}]},{"@type":"WebPage","@id":"https:\/\/velipost.com\/?p=5694","url":"https:\/\/velipost.com\/?p=5694","name":"Sandra Paulemon aux commandes du MPCE, pour conduire la strat\u00e9gie nationale de d\u00e9veloppement &#8211; VeliPost","isPartOf":{"@id":"https:\/\/velipost.com\/#website"},"primaryImageOfPage":{"@id":"https:\/\/velipost.com\/?p=5694#primaryimage"},"image":{"@id":"https:\/\/velipost.com\/?p=5694#primaryimage"},"thumbnailUrl":"https:\/\/velipost.com\/wp-content\/uploads\/2026\/03\/Sandra.jpg","datePublished":"2026-03-05T13:32:49+00:00","dateModified":"2026-03-05T13:32:51+00:00","breadcrumb":{"@id":"https:\/\/velipost.com\/?p=5694#breadcrumb"},"inLanguage":"fr-FR","potentialAction":[{"@type":"ReadAction","target":["https:\/\/velipost.com\/?p=5694"]}]},{"@type":"ImageObject","inLanguage":"fr-FR","@id":"https:\/\/velipost.com\/?p=5694#primaryimage","url":"https:\/\/velipost.com\/wp-content\/uploads\/2026\/03\/Sandra.jpg","contentUrl":"https:\/\/velipost.com\/wp-content\/uploads\/2026\/03\/Sandra.jpg","width":1170,"height":603},{"@type":"BreadcrumbList","@id":"https:\/\/velipost.com\/?p=5694#breadcrumb","itemListElement":[{"@type":"ListItem","position":1,"name":"Accueil","item":"https:\/\/velipost.com\/"},{"@type":"ListItem","position":2,"name":"Sandra Paulemon aux commandes du MPCE, pour conduire la strat\u00e9gie nationale de d\u00e9veloppement"}]},{"@type":"WebSite","@id":"https:\/\/velipost.com\/#website","url":"https:\/\/velipost.com\/","name":"VeliPost","description":"L\u2019info en un clic","publisher":{"@id":"https:\/\/velipost.com\/#organization"},"potentialAction":[{"@type":"SearchAction","target":{"@type":"EntryPoint","urlTemplate":"https:\/\/velipost.com\/?s={search_term_string}"},"query-input":{"@type":"PropertyValueSpecification","valueRequired":true,"valueName":"search_term_string"}}],"inLanguage":"fr-FR"},{"@type":"Organization","@id":"https:\/\/velipost.com\/#organization","name":"VeliPost","url":"https:\/\/velipost.com\/","logo":{"@type":"ImageObject","inLanguage":"fr-FR","@id":"https:\/\/velipost.com\/#\/schema\/logo\/image\/","url":"https:\/\/velipost.com\/wp-content\/uploads\/2024\/08\/cropped-VP-logo-piti.png","contentUrl":"https:\/\/velipost.com\/wp-content\/uploads\/2024\/08\/cropped-VP-logo-piti.png","width":201,"height":69,"caption":"VeliPost"},"image":{"@id":"https:\/\/velipost.com\/#\/schema\/logo\/image\/"},"sameAs":["https:\/\/www.facebook.com\/veliposthaiti","https:\/\/x.com\/veliposthaiti","https:\/\/www.instagram.com\/veliposthaiti"]},{"@type":"Person","@id":"https:\/\/velipost.com\/#\/schema\/person\/32ff49a53c9c1bb24302ee8ece058096","name":"VeliPost","image":{"@type":"ImageObject","inLanguage":"fr-FR","@id":"https:\/\/velipost.com\/#\/schema\/person\/image\/","url":"https:\/\/secure.gravatar.com\/avatar\/57c226c264de62f794185a89596d4a37b85a5ad20aca30d9d5a478b27d8c8d9d?s=96&d=mm&r=g","contentUrl":"https:\/\/secure.gravatar.com\/avatar\/57c226c264de62f794185a89596d4a37b85a5ad20aca30d9d5a478b27d8c8d9d?s=96&d=mm&r=g","caption":"VeliPost"},"sameAs":["https:\/\/velipost.com"],"url":"https:\/\/velipost.com\/?author=1"}]}},"views":0,"jetpack_publicize_connections":[],"uagb_featured_image_src":{"full":["https:\/\/velipost.com\/wp-content\/uploads\/2026\/03\/Sandra.jpg",1170,603,false],"thumbnail":["https:\/\/velipost.com\/wp-content\/uploads\/2026\/03\/Sandra-150x150.jpg",150,150,true],"medium":["https:\/\/velipost.com\/wp-content\/uploads\/2026\/03\/Sandra-300x155.jpg",300,155,true],"medium_large":["https:\/\/velipost.com\/wp-content\/uploads\/2026\/03\/Sandra-768x396.jpg",715,369,true],"large":["https:\/\/velipost.com\/wp-content\/uploads\/2026\/03\/Sandra-1024x528.jpg",715,369,true],"1536x1536":["https:\/\/velipost.com\/wp-content\/uploads\/2026\/03\/Sandra.jpg",1170,603,false],"2048x2048":["https:\/\/velipost.com\/wp-content\/uploads\/2026\/03\/Sandra.jpg",1170,603,false],"colornews-big-slider":["https:\/\/velipost.com\/wp-content\/uploads\/2026\/03\/Sandra-1070x470.jpg",1070,470,true],"colornews-big-slider-thumb":["https:\/\/velipost.com\/wp-content\/uploads\/2026\/03\/Sandra-184x109.jpg",184,109,true],"colornews-featured-post-medium":["https:\/\/velipost.com\/wp-content\/uploads\/2026\/03\/Sandra-345x265.jpg",345,265,true],"colornews-featured-post-small":["https:\/\/velipost.com\/wp-content\/uploads\/2026\/03\/Sandra-115x73.jpg",115,73,true],"colornews-random-posts":["https:\/\/velipost.com\/wp-content\/uploads\/2026\/03\/Sandra-215x215.jpg",215,215,true],"colornews-featured-image":["https:\/\/velipost.com\/wp-content\/uploads\/2026\/03\/Sandra-715x400.jpg",715,400,true],"mailpoet_newsletter_max":["https:\/\/velipost.com\/wp-content\/uploads\/2026\/03\/Sandra.jpg",1170,603,false]},"uagb_author_info":{"display_name":"VeliPost","author_link":"https:\/\/velipost.com\/?author=1"},"uagb_comment_info":0,"uagb_excerpt":"Sandra Paulemon a \u00e9t\u00e9 investie, ce mercredi 4 mars 2026, ministre de la Planification et de la Coop\u00e9ration Externe, par le Premier ministre Alix","_links":{"self":[{"href":"https:\/\/velipost.com\/index.php?rest_route=\/wp\/v2\/posts\/5694","targetHints":{"allow":["GET"]}}],"collection":[{"href":"https:\/\/velipost.com\/index.php?rest_route=\/wp\/v2\/posts"}],"about":[{"href":"https:\/\/velipost.com\/index.php?rest_route=\/wp\/v2\/types\/post"}],"author":[{"embeddable":true,"href":"https:\/\/velipost.com\/index.php?rest_route=\/wp\/v2\/users\/1"}],"replies":[{"embeddable":true,"href":"https:\/\/velipost.com\/index.php?rest_route=%2Fwp%2Fv2%2Fcomments&post=5694"}],"version-history":[{"count":1,"href":"https:\/\/velipost.com\/index.php?rest_route=\/wp\/v2\/posts\/5694\/revisions"}],"predecessor-version":[{"id":5697,"href":"https:\/\/velipost.com\/index.php?rest_route=\/wp\/v2\/posts\/5694\/revisions\/5697"}],"wp:featuredmedia":[{"embeddable":true,"href":"https:\/\/velipost.com\/index.php?rest_route=\/wp\/v2\/media\/5696"}],"wp:attachment":[{"href":"https:\/\/velipost.com\/index.php?rest_route=%2Fwp%2Fv2%2Fmedia&parent=5694"}],"wp:term":[{"taxonomy":"category","embeddable":true,"href":"https:\/\/velipost.com\/index.php?rest_route=%2Fwp%2Fv2%2Fcategories&post=5694"},{"taxonomy":"post_tag","embeddable":true,"href":"https:\/\/velipost.com\/index.php?rest_route=%2Fwp%2Fv2%2Ftags&post=5694"}],"curies":[{"name":"wp","href":"https:\/\/api.w.org\/{rel}","templated":true}]}}