{"id":5691,"date":"2026-03-05T06:02:10","date_gmt":"2026-03-05T05:02:10","guid":{"rendered":"https:\/\/velipost.com\/?p=5691"},"modified":"2026-03-05T06:02:12","modified_gmt":"2026-03-05T05:02:12","slug":"stephanie-smith-prend-la-tete-du-tourisme-et-entend-faire-du-secteur-un-levier-de-relance-economique-et-de-fierte-nationale","status":"publish","type":"post","link":"https:\/\/velipost.com\/?p=5691","title":{"rendered":"St\u00e9phanie Smith prend la t\u00eate du Tourisme, et entend faire du secteur un levier de relance \u00e9conomique et de fiert\u00e9 nationale"},"content":{"rendered":"\n<p>La ministre du Tourisme, St\u00e9phanie Smith, a \u00e9t\u00e9 officiellement install\u00e9e dans ses fonctions le mercredi 4 mars 2026, lors d\u2019une c\u00e9r\u00e9monie organis\u00e9e \u00e0 l\u2019\u00c9cole h\u00f4teli\u00e8re de P\u00e9tion-Ville. Nomm\u00e9e au sein du nouveau gouvernement de transition, elle remplace John Herrick Dessources \u00e0 la t\u00eate du minist\u00e8re. Cette prise de fonction marque une nouvelle \u00e9tape pour le secteur touristique, consid\u00e9r\u00e9 comme strat\u00e9gique pour la relance \u00e9conomique du pays.<\/p>\n\n\n\n<p>D\u2019entr\u00e9e de jeu, la nouvelle titulaire du portefeuille du Tourisme a d\u00e9clar\u00e9 accepter cette responsabilit\u00e9 avec un profond sens du devoir. Elle a qualifi\u00e9 sa nomination d\u2019engagement envers la R\u00e9publique et d\u2019acte de foi dans l\u2019avenir d\u2019Ha\u00efti. \u00ab Servir la R\u00e9publique, c\u2019est accepter de porter une responsabilit\u00e9 qui d\u00e9passe les ambitions individuelles \u00bb, a-t-elle affirm\u00e9, \u00e9voquant la r\u00e9silience du peuple ha\u00eftien face aux \u00e9preuves.<\/p>\n\n\n\n<p>Consciente du contexte difficile dans lequel elle entame son mandat, St\u00e9phanie Smith a soutenu qu\u2019Ha\u00efti dispose des ressources n\u00e9cessaires pour se relever. Elle a annonc\u00e9 son intention de travailler \u00e0 la revalorisation des patrimoines nationaux et au r\u00e9tablissement de la confiance envers les destinations touristiques du pays. L\u2019objectif, a-t-elle pr\u00e9cis\u00e9, est de faire du tourisme un levier de fiert\u00e9 nationale et de contribuer \u00e0 am\u00e9liorer l\u2019image d\u2019Ha\u00efti sur la sc\u00e8ne internationale.<\/p>\n\n\n\n<p>Pour la ministre, le tourisme repr\u00e9sente un instrument de transformation \u00e9conomique et sociale. Elle estime qu\u2019il peut g\u00e9n\u00e9rer des emplois, valoriser les artisans et artistes, soutenir les petites et moyennes entreprises et dynamiser les territoires.<\/p>\n\n    <div class=\"xs_social_share_widget xs_share_url after_content \t\tmain_content  wslu-style-3 wslu-share-box-shaped wslu-fill-brand-hover-colored wslu-share-m-5 wslu-none wslu-share-horizontal wslu-theme-font-no wslu-main_content\">\n\n\t\t\n        <ul>\n\t\t\t                    <li class=\"xs-share-li twitter                        wslu-no-extra-data\">\n                        <a href=\"javascript:void(0);\"\n                           id=\"xs_feed_twitter\"\n                           onclick=\"xs_social_sharer(this);\"\n                           data-pid=\"5691\"\n                           data-uri_hash=\"027389c06726e569babd6b3934c4dd1d\"\n                           data-key=\"twitter\"\n                           data-xs-href=\"https:\/\/twitter.com\/intent\/tweet?text=St%C3%A9phanie+Smith+prend+la+t%C3%AAte+du+Tourisme%2C+et+entend+faire+du+secteur+un+levier+de+relance+%C3%A9conomique+et+de+fiert%C3%A9+nationale+https%3A%2F%2Fvelipost.com%2Findex.php%3Frest_route%3D%252Fwp%252Fv2%252Fposts%252F5691&amp;original_referer=https%3A%2F%2Fvelipost.com%2Findex.php%3Frest_route%3D%252Fwp%252Fv2%252Fposts%252F5691&amp;related=xpeedstudio\">\n\n                            <div class=\"xs-social-icon\">\n                                <span class=\"met-social met-social-twitter\"><\/span>\n                            <\/div>\n\n\t\t\t\t\t\t\t\n                            <div class=\"wslu-hover-content\">\n                                <div class=\"xs-social-followers\">\n\t\t\t\t\t\t\t\t\t10                                <\/div>\n                                <div class=\"xs-social-follower-text\">\n\t\t\t\t\t\t\t\t\tShare                                <\/div>\n                                <div class=\"xs-social-follower-label\">\n\t\t\t\t\t\t\t\t\tTwitter                                <\/div>\n                            <\/div>\n                        <\/a>\n                    <\/li>\n\t\t\t\t\t                    <li class=\"xs-share-li telegram                        wslu-no-extra-data\">\n                        <a href=\"javascript:void(0);\"\n                           id=\"xs_feed_telegram\"\n                           onclick=\"xs_social_sharer(this);\"\n                           data-pid=\"5691\"\n                           data-uri_hash=\"027389c06726e569babd6b3934c4dd1d\"\n                           data-key=\"telegram\"\n                           data-xs-href=\"https:\/\/telegram.me\/share\/url?url=https%3A%2F%2Fvelipost.com%2Findex.php%3Frest_route%3D%252Fwp%252Fv2%252Fposts%252F5691&amp;text=St%C3%A9phanie+Smith+prend+la+t%C3%AAte+du+Tourisme%2C+et+entend+faire+du+secteur+un+levier+de+relance+%C3%A9conomique+et+de+fiert%C3%A9+nationale\">\n\n                            <div class=\"xs-social-icon\">\n                                <span class=\"met-social met-social-telegram\"><\/span>\n                            <\/div>\n\n\t\t\t\t\t\t\t\n                            <div class=\"wslu-hover-content\">\n                                <div class=\"xs-social-followers\">\n\t\t\t\t\t\t\t\t\t0                                <\/div>\n                                <div class=\"xs-social-follower-text\">\n\t\t\t\t\t\t\t\t\tShare                                <\/div>\n                                <div class=\"xs-social-follower-label\">\n\t\t\t\t\t\t\t\t\tTelegram                                <\/div>\n                            <\/div>\n                        <\/a>\n                    <\/li>\n\t\t\t\t\t                    <li class=\"xs-share-li email                        wslu-no-extra-data\">\n                        <a href=\"javascript:void(0);\"\n                           id=\"xs_feed_email\"\n                           onclick=\"xs_social_sharer(this);\"\n                           data-pid=\"5691\"\n                           data-uri_hash=\"027389c06726e569babd6b3934c4dd1d\"\n                           data-key=\"email\"\n                           data-xs-href=\"mailto:?body=Title%3A+St%C3%A9phanie+Smith+prend+la+t%C3%AAte+du+Tourisme%2C+et+entend+faire+du+secteur+un+levier+de+relance+%C3%A9conomique+et+de+fiert%C3%A9+nationale+%5Cn%5Cn+URL%3A+https%3A%2F%2Fvelipost.com%2Findex.php%3Frest_route%3D%252Fwp%252Fv2%252Fposts%252F5691&amp;subject=St%C3%A9phanie+Smith+prend+la+t%C3%AAte+du+Tourisme%2C+et+entend+faire+du+secteur+un+levier+de+relance+%C3%A9conomique+et+de+fiert%C3%A9+nationale\">\n\n                            <div class=\"xs-social-icon\">\n                                <span class=\"met-social met-social-email\"><\/span>\n                            <\/div>\n\n\t\t\t\t\t\t\t\n                            <div class=\"wslu-hover-content\">\n                                <div class=\"xs-social-followers\">\n\t\t\t\t\t\t\t\t\t0                                <\/div>\n                                <div class=\"xs-social-follower-text\">\n\t\t\t\t\t\t\t\t\tShare                                <\/div>\n                                <div class=\"xs-social-follower-label\">\n\t\t\t\t\t\t\t\t\tEmail                                <\/div>\n                            <\/div>\n                        <\/a>\n                    <\/li>\n\t\t\t\t\t        <\/ul>\n    <\/div> \n","protected":false},"excerpt":{"rendered":"<p>La ministre du Tourisme, St\u00e9phanie Smith, a \u00e9t\u00e9 officiellement install\u00e9e dans ses fonctions le mercredi 4 mars 2026, lors d\u2019une c\u00e9r\u00e9monie organis\u00e9e \u00e0 l\u2019\u00c9cole<\/p>\n","protected":false},"author":1,"featured_media":5692,"comment_status":"open","ping_status":"open","sticky":false,"template":"","format":"standard","meta":{"_uag_custom_page_level_css":"","footnotes":"","jetpack_publicize_message":"","jetpack_publicize_feature_enabled":true,"jetpack_social_post_already_shared":true,"jetpack_social_options":{"image_generator_settings":{"template":"highway","default_image_id":0,"font":"","enabled":false},"version":2}},"categories":[205],"tags":[],"class_list":["post-5691","post","type-post","status-publish","format-standard","has-post-thumbnail","hentry","category-tourism"],"yoast_head":"<!-- This site is optimized with the Yoast SEO plugin v25.3.1 - https:\/\/yoast.com\/wordpress\/plugins\/seo\/ -->\n<title>St\u00e9phanie Smith prend la t\u00eate du Tourisme, et entend faire du secteur un levier de relance \u00e9conomique et de fiert\u00e9 nationale &#8211; VeliPost<\/title>\n<meta name=\"robots\" content=\"index, follow, max-snippet:-1, max-image-preview:large, max-video-preview:-1\" \/>\n<link rel=\"canonical\" href=\"https:\/\/velipost.com\/?p=5691\" \/>\n<meta property=\"og:locale\" content=\"fr_FR\" \/>\n<meta property=\"og:type\" content=\"article\" \/>\n<meta property=\"og:title\" content=\"St\u00e9phanie Smith prend la t\u00eate du Tourisme, et entend faire du secteur un levier de relance \u00e9conomique et de fiert\u00e9 nationale &#8211; VeliPost\" \/>\n<meta property=\"og:description\" content=\"La ministre du Tourisme, St\u00e9phanie Smith, a \u00e9t\u00e9 officiellement install\u00e9e dans ses fonctions le mercredi 4 mars 2026, lors d\u2019une c\u00e9r\u00e9monie organis\u00e9e \u00e0 l\u2019\u00c9cole\" \/>\n<meta property=\"og:url\" content=\"https:\/\/velipost.com\/?p=5691\" \/>\n<meta property=\"og:site_name\" content=\"VeliPost\" \/>\n<meta property=\"article:publisher\" content=\"https:\/\/www.facebook.com\/veliposthaiti\" \/>\n<meta property=\"article:published_time\" content=\"2026-03-05T05:02:10+00:00\" \/>\n<meta property=\"article:modified_time\" content=\"2026-03-05T05:02:12+00:00\" \/>\n<meta property=\"og:image\" content=\"https:\/\/velipost.com\/wp-content\/uploads\/2026\/03\/tourisme.jpg\" \/>\n\t<meta property=\"og:image:width\" content=\"1170\" \/>\n\t<meta property=\"og:image:height\" content=\"603\" \/>\n\t<meta property=\"og:image:type\" content=\"image\/jpeg\" \/>\n<meta name=\"author\" content=\"VeliPost\" \/>\n<meta name=\"twitter:card\" content=\"summary_large_image\" \/>\n<meta name=\"twitter:creator\" content=\"@veliposthaiti\" \/>\n<meta name=\"twitter:site\" content=\"@veliposthaiti\" \/>\n<meta name=\"twitter:label1\" content=\"\u00c9crit par\" \/>\n\t<meta name=\"twitter:data1\" content=\"VeliPost\" \/>\n\t<meta name=\"twitter:label2\" content=\"Dur\u00e9e de lecture estim\u00e9e\" \/>\n\t<meta name=\"twitter:data2\" content=\"2 minutes\" \/>\n<script type=\"application\/ld+json\" class=\"yoast-schema-graph\">{\"@context\":\"https:\/\/schema.org\",\"@graph\":[{\"@type\":\"Article\",\"@id\":\"https:\/\/velipost.com\/?p=5691#article\",\"isPartOf\":{\"@id\":\"https:\/\/velipost.com\/?p=5691\"},\"author\":{\"name\":\"VeliPost\",\"@id\":\"https:\/\/velipost.com\/#\/schema\/person\/32ff49a53c9c1bb24302ee8ece058096\"},\"headline\":\"St\u00e9phanie Smith prend la t\u00eate du Tourisme, et entend faire du secteur un levier de relance \u00e9conomique et de fiert\u00e9 nationale\",\"datePublished\":\"2026-03-05T05:02:10+00:00\",\"dateModified\":\"2026-03-05T05:02:12+00:00\",\"mainEntityOfPage\":{\"@id\":\"https:\/\/velipost.com\/?p=5691\"},\"wordCount\":296,\"commentCount\":0,\"publisher\":{\"@id\":\"https:\/\/velipost.com\/#organization\"},\"image\":{\"@id\":\"https:\/\/velipost.com\/?p=5691#primaryimage\"},\"thumbnailUrl\":\"https:\/\/velipost.com\/wp-content\/uploads\/2026\/03\/tourisme.jpg\",\"articleSection\":[\"Tourism\"],\"inLanguage\":\"fr-FR\",\"potentialAction\":[{\"@type\":\"CommentAction\",\"name\":\"Comment\",\"target\":[\"https:\/\/velipost.com\/?p=5691#respond\"]}]},{\"@type\":\"WebPage\",\"@id\":\"https:\/\/velipost.com\/?p=5691\",\"url\":\"https:\/\/velipost.com\/?p=5691\",\"name\":\"St\u00e9phanie Smith prend la t\u00eate du Tourisme, et entend faire du secteur un levier de relance \u00e9conomique et de fiert\u00e9 nationale &#8211; VeliPost\",\"isPartOf\":{\"@id\":\"https:\/\/velipost.com\/#website\"},\"primaryImageOfPage\":{\"@id\":\"https:\/\/velipost.com\/?p=5691#primaryimage\"},\"image\":{\"@id\":\"https:\/\/velipost.com\/?p=5691#primaryimage\"},\"thumbnailUrl\":\"https:\/\/velipost.com\/wp-content\/uploads\/2026\/03\/tourisme.jpg\",\"datePublished\":\"2026-03-05T05:02:10+00:00\",\"dateModified\":\"2026-03-05T05:02:12+00:00\",\"breadcrumb\":{\"@id\":\"https:\/\/velipost.com\/?p=5691#breadcrumb\"},\"inLanguage\":\"fr-FR\",\"potentialAction\":[{\"@type\":\"ReadAction\",\"target\":[\"https:\/\/velipost.com\/?p=5691\"]}]},{\"@type\":\"ImageObject\",\"inLanguage\":\"fr-FR\",\"@id\":\"https:\/\/velipost.com\/?p=5691#primaryimage\",\"url\":\"https:\/\/velipost.com\/wp-content\/uploads\/2026\/03\/tourisme.jpg\",\"contentUrl\":\"https:\/\/velipost.com\/wp-content\/uploads\/2026\/03\/tourisme.jpg\",\"width\":1170,\"height\":603},{\"@type\":\"BreadcrumbList\",\"@id\":\"https:\/\/velipost.com\/?p=5691#breadcrumb\",\"itemListElement\":[{\"@type\":\"ListItem\",\"position\":1,\"name\":\"Accueil\",\"item\":\"https:\/\/velipost.com\/\"},{\"@type\":\"ListItem\",\"position\":2,\"name\":\"St\u00e9phanie Smith prend la t\u00eate du Tourisme, et entend faire du secteur un levier de relance \u00e9conomique et de fiert\u00e9 nationale\"}]},{\"@type\":\"WebSite\",\"@id\":\"https:\/\/velipost.com\/#website\",\"url\":\"https:\/\/velipost.com\/\",\"name\":\"VeliPost\",\"description\":\"L\u2019info en un clic\",\"publisher\":{\"@id\":\"https:\/\/velipost.com\/#organization\"},\"potentialAction\":[{\"@type\":\"SearchAction\",\"target\":{\"@type\":\"EntryPoint\",\"urlTemplate\":\"https:\/\/velipost.com\/?s={search_term_string}\"},\"query-input\":{\"@type\":\"PropertyValueSpecification\",\"valueRequired\":true,\"valueName\":\"search_term_string\"}}],\"inLanguage\":\"fr-FR\"},{\"@type\":\"Organization\",\"@id\":\"https:\/\/velipost.com\/#organization\",\"name\":\"VeliPost\",\"url\":\"https:\/\/velipost.com\/\",\"logo\":{\"@type\":\"ImageObject\",\"inLanguage\":\"fr-FR\",\"@id\":\"https:\/\/velipost.com\/#\/schema\/logo\/image\/\",\"url\":\"https:\/\/velipost.com\/wp-content\/uploads\/2024\/08\/cropped-VP-logo-piti.png\",\"contentUrl\":\"https:\/\/velipost.com\/wp-content\/uploads\/2024\/08\/cropped-VP-logo-piti.png\",\"width\":201,\"height\":69,\"caption\":\"VeliPost\"},\"image\":{\"@id\":\"https:\/\/velipost.com\/#\/schema\/logo\/image\/\"},\"sameAs\":[\"https:\/\/www.facebook.com\/veliposthaiti\",\"https:\/\/x.com\/veliposthaiti\",\"https:\/\/www.instagram.com\/veliposthaiti\"]},{\"@type\":\"Person\",\"@id\":\"https:\/\/velipost.com\/#\/schema\/person\/32ff49a53c9c1bb24302ee8ece058096\",\"name\":\"VeliPost\",\"image\":{\"@type\":\"ImageObject\",\"inLanguage\":\"fr-FR\",\"@id\":\"https:\/\/velipost.com\/#\/schema\/person\/image\/\",\"url\":\"https:\/\/secure.gravatar.com\/avatar\/57c226c264de62f794185a89596d4a37b85a5ad20aca30d9d5a478b27d8c8d9d?s=96&d=mm&r=g\",\"contentUrl\":\"https:\/\/secure.gravatar.com\/avatar\/57c226c264de62f794185a89596d4a37b85a5ad20aca30d9d5a478b27d8c8d9d?s=96&d=mm&r=g\",\"caption\":\"VeliPost\"},\"sameAs\":[\"https:\/\/velipost.com\"],\"url\":\"https:\/\/velipost.com\/?author=1\"}]}<\/script>\n<!-- \/ Yoast SEO plugin. -->","yoast_head_json":{"title":"St\u00e9phanie Smith prend la t\u00eate du Tourisme, et entend faire du secteur un levier de relance \u00e9conomique et de fiert\u00e9 nationale &#8211; VeliPost","robots":{"index":"index","follow":"follow","max-snippet":"max-snippet:-1","max-image-preview":"max-image-preview:large","max-video-preview":"max-video-preview:-1"},"canonical":"https:\/\/velipost.com\/?p=5691","og_locale":"fr_FR","og_type":"article","og_title":"St\u00e9phanie Smith prend la t\u00eate du Tourisme, et entend faire du secteur un levier de relance \u00e9conomique et de fiert\u00e9 nationale &#8211; VeliPost","og_description":"La ministre du Tourisme, St\u00e9phanie Smith, a \u00e9t\u00e9 officiellement install\u00e9e dans ses fonctions le mercredi 4 mars 2026, lors d\u2019une c\u00e9r\u00e9monie organis\u00e9e \u00e0 l\u2019\u00c9cole","og_url":"https:\/\/velipost.com\/?p=5691","og_site_name":"VeliPost","article_publisher":"https:\/\/www.facebook.com\/veliposthaiti","article_published_time":"2026-03-05T05:02:10+00:00","article_modified_time":"2026-03-05T05:02:12+00:00","og_image":[{"width":1170,"height":603,"url":"https:\/\/velipost.com\/wp-content\/uploads\/2026\/03\/tourisme.jpg","type":"image\/jpeg"}],"author":"VeliPost","twitter_card":"summary_large_image","twitter_creator":"@veliposthaiti","twitter_site":"@veliposthaiti","twitter_misc":{"\u00c9crit par":"VeliPost","Dur\u00e9e de lecture estim\u00e9e":"2 minutes"},"schema":{"@context":"https:\/\/schema.org","@graph":[{"@type":"Article","@id":"https:\/\/velipost.com\/?p=5691#article","isPartOf":{"@id":"https:\/\/velipost.com\/?p=5691"},"author":{"name":"VeliPost","@id":"https:\/\/velipost.com\/#\/schema\/person\/32ff49a53c9c1bb24302ee8ece058096"},"headline":"St\u00e9phanie Smith prend la t\u00eate du Tourisme, et entend faire du secteur un levier de relance \u00e9conomique et de fiert\u00e9 nationale","datePublished":"2026-03-05T05:02:10+00:00","dateModified":"2026-03-05T05:02:12+00:00","mainEntityOfPage":{"@id":"https:\/\/velipost.com\/?p=5691"},"wordCount":296,"commentCount":0,"publisher":{"@id":"https:\/\/velipost.com\/#organization"},"image":{"@id":"https:\/\/velipost.com\/?p=5691#primaryimage"},"thumbnailUrl":"https:\/\/velipost.com\/wp-content\/uploads\/2026\/03\/tourisme.jpg","articleSection":["Tourism"],"inLanguage":"fr-FR","potentialAction":[{"@type":"CommentAction","name":"Comment","target":["https:\/\/velipost.com\/?p=5691#respond"]}]},{"@type":"WebPage","@id":"https:\/\/velipost.com\/?p=5691","url":"https:\/\/velipost.com\/?p=5691","name":"St\u00e9phanie Smith prend la t\u00eate du Tourisme, et entend faire du secteur un levier de relance \u00e9conomique et de fiert\u00e9 nationale &#8211; VeliPost","isPartOf":{"@id":"https:\/\/velipost.com\/#website"},"primaryImageOfPage":{"@id":"https:\/\/velipost.com\/?p=5691#primaryimage"},"image":{"@id":"https:\/\/velipost.com\/?p=5691#primaryimage"},"thumbnailUrl":"https:\/\/velipost.com\/wp-content\/uploads\/2026\/03\/tourisme.jpg","datePublished":"2026-03-05T05:02:10+00:00","dateModified":"2026-03-05T05:02:12+00:00","breadcrumb":{"@id":"https:\/\/velipost.com\/?p=5691#breadcrumb"},"inLanguage":"fr-FR","potentialAction":[{"@type":"ReadAction","target":["https:\/\/velipost.com\/?p=5691"]}]},{"@type":"ImageObject","inLanguage":"fr-FR","@id":"https:\/\/velipost.com\/?p=5691#primaryimage","url":"https:\/\/velipost.com\/wp-content\/uploads\/2026\/03\/tourisme.jpg","contentUrl":"https:\/\/velipost.com\/wp-content\/uploads\/2026\/03\/tourisme.jpg","width":1170,"height":603},{"@type":"BreadcrumbList","@id":"https:\/\/velipost.com\/?p=5691#breadcrumb","itemListElement":[{"@type":"ListItem","position":1,"name":"Accueil","item":"https:\/\/velipost.com\/"},{"@type":"ListItem","position":2,"name":"St\u00e9phanie Smith prend la t\u00eate du Tourisme, et entend faire du secteur un levier de relance \u00e9conomique et de fiert\u00e9 nationale"}]},{"@type":"WebSite","@id":"https:\/\/velipost.com\/#website","url":"https:\/\/velipost.com\/","name":"VeliPost","description":"L\u2019info en un clic","publisher":{"@id":"https:\/\/velipost.com\/#organization"},"potentialAction":[{"@type":"SearchAction","target":{"@type":"EntryPoint","urlTemplate":"https:\/\/velipost.com\/?s={search_term_string}"},"query-input":{"@type":"PropertyValueSpecification","valueRequired":true,"valueName":"search_term_string"}}],"inLanguage":"fr-FR"},{"@type":"Organization","@id":"https:\/\/velipost.com\/#organization","name":"VeliPost","url":"https:\/\/velipost.com\/","logo":{"@type":"ImageObject","inLanguage":"fr-FR","@id":"https:\/\/velipost.com\/#\/schema\/logo\/image\/","url":"https:\/\/velipost.com\/wp-content\/uploads\/2024\/08\/cropped-VP-logo-piti.png","contentUrl":"https:\/\/velipost.com\/wp-content\/uploads\/2024\/08\/cropped-VP-logo-piti.png","width":201,"height":69,"caption":"VeliPost"},"image":{"@id":"https:\/\/velipost.com\/#\/schema\/logo\/image\/"},"sameAs":["https:\/\/www.facebook.com\/veliposthaiti","https:\/\/x.com\/veliposthaiti","https:\/\/www.instagram.com\/veliposthaiti"]},{"@type":"Person","@id":"https:\/\/velipost.com\/#\/schema\/person\/32ff49a53c9c1bb24302ee8ece058096","name":"VeliPost","image":{"@type":"ImageObject","inLanguage":"fr-FR","@id":"https:\/\/velipost.com\/#\/schema\/person\/image\/","url":"https:\/\/secure.gravatar.com\/avatar\/57c226c264de62f794185a89596d4a37b85a5ad20aca30d9d5a478b27d8c8d9d?s=96&d=mm&r=g","contentUrl":"https:\/\/secure.gravatar.com\/avatar\/57c226c264de62f794185a89596d4a37b85a5ad20aca30d9d5a478b27d8c8d9d?s=96&d=mm&r=g","caption":"VeliPost"},"sameAs":["https:\/\/velipost.com"],"url":"https:\/\/velipost.com\/?author=1"}]}},"views":0,"jetpack_publicize_connections":[],"uagb_featured_image_src":{"full":["https:\/\/velipost.com\/wp-content\/uploads\/2026\/03\/tourisme.jpg",1170,603,false],"thumbnail":["https:\/\/velipost.com\/wp-content\/uploads\/2026\/03\/tourisme-150x150.jpg",150,150,true],"medium":["https:\/\/velipost.com\/wp-content\/uploads\/2026\/03\/tourisme-300x155.jpg",300,155,true],"medium_large":["https:\/\/velipost.com\/wp-content\/uploads\/2026\/03\/tourisme-768x396.jpg",715,369,true],"large":["https:\/\/velipost.com\/wp-content\/uploads\/2026\/03\/tourisme-1024x528.jpg",715,369,true],"1536x1536":["https:\/\/velipost.com\/wp-content\/uploads\/2026\/03\/tourisme.jpg",1170,603,false],"2048x2048":["https:\/\/velipost.com\/wp-content\/uploads\/2026\/03\/tourisme.jpg",1170,603,false],"colornews-big-slider":["https:\/\/velipost.com\/wp-content\/uploads\/2026\/03\/tourisme-1070x470.jpg",1070,470,true],"colornews-big-slider-thumb":["https:\/\/velipost.com\/wp-content\/uploads\/2026\/03\/tourisme-184x109.jpg",184,109,true],"colornews-featured-post-medium":["https:\/\/velipost.com\/wp-content\/uploads\/2026\/03\/tourisme-345x265.jpg",345,265,true],"colornews-featured-post-small":["https:\/\/velipost.com\/wp-content\/uploads\/2026\/03\/tourisme-115x73.jpg",115,73,true],"colornews-random-posts":["https:\/\/velipost.com\/wp-content\/uploads\/2026\/03\/tourisme-215x215.jpg",215,215,true],"colornews-featured-image":["https:\/\/velipost.com\/wp-content\/uploads\/2026\/03\/tourisme-715x400.jpg",715,400,true],"mailpoet_newsletter_max":["https:\/\/velipost.com\/wp-content\/uploads\/2026\/03\/tourisme.jpg",1170,603,false]},"uagb_author_info":{"display_name":"VeliPost","author_link":"https:\/\/velipost.com\/?author=1"},"uagb_comment_info":0,"uagb_excerpt":"La ministre du Tourisme, St\u00e9phanie Smith, a \u00e9t\u00e9 officiellement install\u00e9e dans ses fonctions le mercredi 4 mars 2026, lors d\u2019une c\u00e9r\u00e9monie organis\u00e9e \u00e0 l\u2019\u00c9cole","_links":{"self":[{"href":"https:\/\/velipost.com\/index.php?rest_route=\/wp\/v2\/posts\/5691","targetHints":{"allow":["GET"]}}],"collection":[{"href":"https:\/\/velipost.com\/index.php?rest_route=\/wp\/v2\/posts"}],"about":[{"href":"https:\/\/velipost.com\/index.php?rest_route=\/wp\/v2\/types\/post"}],"author":[{"embeddable":true,"href":"https:\/\/velipost.com\/index.php?rest_route=\/wp\/v2\/users\/1"}],"replies":[{"embeddable":true,"href":"https:\/\/velipost.com\/index.php?rest_route=%2Fwp%2Fv2%2Fcomments&post=5691"}],"version-history":[{"count":1,"href":"https:\/\/velipost.com\/index.php?rest_route=\/wp\/v2\/posts\/5691\/revisions"}],"predecessor-version":[{"id":5693,"href":"https:\/\/velipost.com\/index.php?rest_route=\/wp\/v2\/posts\/5691\/revisions\/5693"}],"wp:featuredmedia":[{"embeddable":true,"href":"https:\/\/velipost.com\/index.php?rest_route=\/wp\/v2\/media\/5692"}],"wp:attachment":[{"href":"https:\/\/velipost.com\/index.php?rest_route=%2Fwp%2Fv2%2Fmedia&parent=5691"}],"wp:term":[{"taxonomy":"category","embeddable":true,"href":"https:\/\/velipost.com\/index.php?rest_route=%2Fwp%2Fv2%2Fcategories&post=5691"},{"taxonomy":"post_tag","embeddable":true,"href":"https:\/\/velipost.com\/index.php?rest_route=%2Fwp%2Fv2%2Ftags&post=5691"}],"curies":[{"name":"wp","href":"https:\/\/api.w.org\/{rel}","templated":true}]}}