{"id":5688,"date":"2026-03-05T05:55:49","date_gmt":"2026-03-05T04:55:49","guid":{"rendered":"https:\/\/velipost.com\/?p=5688"},"modified":"2026-03-05T05:55:52","modified_gmt":"2026-03-05T04:55:52","slug":"valery-fils-aime-un-ministre-qui-arrive-par-le-travail-et-la-constance","status":"publish","type":"post","link":"https:\/\/velipost.com\/?p=5688","title":{"rendered":"Val\u00e9ry Fils-Aim\u00e9, un ministre qui arrive par le travail et la constance"},"content":{"rendered":"\n<p>Il y a des nominations qui rel\u00e8vent du hasard politique, et d\u2019autres qui s\u2019imposent d\u2019elles-m\u00eames. L\u2019arriv\u00e9e de Val\u00e9ry Fils-Aim\u00e9 \u00e0 la t\u00eate du minist\u00e8re de l\u2019Environnement appartient clairement \u00e0 la seconde cat\u00e9gorie. Dans un pays o\u00f9 les enjeux \u00e9cologiques sont devenus une question de survie nationale, son accession \u00e0 cette fonction appara\u00eet comme l\u2019aboutissement logique d\u2019un parcours b\u00e2ti avec patience, m\u00e9thode et conviction.<\/p>\n\n\n\n<p>Originaire des Gona\u00efves, Val\u00e9ry Fils-Aim\u00e9 n\u2019est pas un inconnu des cercles de d\u00e9cision. Depuis des ann\u00e9es, il travaille sur les dossiers environnementaux l\u00e0 o\u00f9 ils se construisent r\u00e9ellement : dans les r\u00e9unions techniques, les n\u00e9gociations complexes, les m\u00e9canismes financiers et les engagements internationaux qui engagent l\u2019avenir du pays. Loin des projecteurs, il s\u2019est forg\u00e9 la r\u00e9putation d\u2019un cadre s\u00e9rieux, respect\u00e9 pour sa ma\u00eetrise des enjeux climatiques et sa capacit\u00e9 \u00e0 transformer des concepts souvent abstraits en instruments d\u2019action publique.<\/p>\n\n\n\n<p>Sa formation \u00e0 l\u2019\u00e9tranger lui a donn\u00e9 une ouverture internationale, mais c\u2019est surtout sa compr\u00e9hension des r\u00e9alit\u00e9s ha\u00eftiennes qui a fait sa force. Il sait que la question environnementale en Ha\u00efti ne se limite ni aux catastrophes naturelles ni aux discours de circonstance. Elle touche \u00e0 l\u2019organisation de l\u2019\u00c9tat, \u00e0 la cr\u00e9dibilit\u00e9 des institutions, \u00e0 l\u2019acc\u00e8s aux financements et \u00e0 la capacit\u00e9 du pays \u00e0 d\u00e9fendre ses int\u00e9r\u00eats sur la sc\u00e8ne mondiale. C\u2019est pr\u00e9cis\u00e9ment sur ces terrains qu\u2019il a construit son expertise.<\/p>\n\n\n\n<p>Avant d\u2019\u00eatre ministre, Val\u00e9ry Fils-Aim\u00e9 a \u00e9t\u00e9 de ceux qu\u2019on consulte quand les d\u00e9cisions sont sensibles. Il a accompagn\u00e9 plusieurs \u00e9quipes gouvernementales, contribu\u00e9 \u00e0 structurer des cadres de travail, suivi des programmes complexes et repr\u00e9sent\u00e9 Ha\u00efti dans des espaces internationaux o\u00f9 chaque mot compte. Cette exp\u00e9rience explique en grande partie pourquoi son nom s\u2019est impos\u00e9 aujourd\u2019hui : il conna\u00eet les dossiers, les partenaires et les contraintes du poste qu\u2019il occupe d\u00e9sormais.<\/p>\n\n\n\n<p>Sa nomination en tant que ministre de l\u2019Environnement consacre un profil rare dans l\u2019administration ha\u00eftienne : celui d\u2019un technicien devenu d\u00e9cideur sans jamais perdre le sens du d\u00e9tail ni le respect des r\u00e8gles. Elle envoie aussi un message politique fort, celui d\u2019un choix fond\u00e9 sur la comp\u00e9tence plut\u00f4t que sur l\u2019improvisation.<\/p>\n\n\n\n<p>Mais r\u00e9duire Val\u00e9ry Fils-Aim\u00e9 \u00e0 un gestionnaire serait incomplet. Ceux qui le c\u00f4toient \u00e9voquent un homme attach\u00e9 \u00e0 la transmission, \u00e0 l\u2019information et \u00e0 l\u2019implication des citoyens, convaincu que la protection de l\u2019environnement ne peut r\u00e9ussir sans une soci\u00e9t\u00e9 mieux inform\u00e9e et plus consciente de ses responsabilit\u00e9s. Cette vision, \u00e0 la fois pragmatique et engag\u00e9e, tranche avec les approches purement symboliques trop souvent observ\u00e9es dans le pass\u00e9.<\/p>\n\n\n\n<p>Aujourd\u2019hui, le minist\u00e8re de l\u2019Environnement change de dimension avec un responsable qui en conna\u00eet les faiblesses, les urgences et les potentialit\u00e9s. Le d\u00e9fi est immense, les attentes sont \u00e9lev\u00e9es, mais le parcours de Val\u00e9ry Fils-Aim\u00e9 laisse peu de place au doute : il arrive \u00e0 cette fonction non par opportunit\u00e9, mais par l\u00e9gitimit\u00e9. Et c\u2019est peut-\u00eatre l\u00e0, dans ce pays \u00e9prouv\u00e9, l\u2019\u00e9loge le plus fort que l\u2019on puisse faire \u00e0 un ministre.<\/p>\n\n\n\n<p><br>\u270d\ufe0f\u00a0Richardson M VILICE<\/p>\n\n    <div class=\"xs_social_share_widget xs_share_url after_content \t\tmain_content  wslu-style-3 wslu-share-box-shaped wslu-fill-brand-hover-colored wslu-share-m-5 wslu-none wslu-share-horizontal wslu-theme-font-no wslu-main_content\">\n\n\t\t\n        <ul>\n\t\t\t                    <li class=\"xs-share-li twitter                        wslu-no-extra-data\">\n                        <a href=\"javascript:void(0);\"\n                           id=\"xs_feed_twitter\"\n                           onclick=\"xs_social_sharer(this);\"\n                           data-pid=\"5688\"\n                           data-uri_hash=\"62bde650668d321db2fbe73a37f199e1\"\n                           data-key=\"twitter\"\n                           data-xs-href=\"https:\/\/twitter.com\/intent\/tweet?text=Val%C3%A9ry+Fils-Aim%C3%A9%2C+un+ministre+qui+arrive+par+le+travail+et+la+constance+https%3A%2F%2Fvelipost.com%2Findex.php%3Frest_route%3D%252Fwp%252Fv2%252Fposts%252F5688&amp;original_referer=https%3A%2F%2Fvelipost.com%2Findex.php%3Frest_route%3D%252Fwp%252Fv2%252Fposts%252F5688&amp;related=xpeedstudio\">\n\n                            <div class=\"xs-social-icon\">\n                                <span class=\"met-social met-social-twitter\"><\/span>\n                            <\/div>\n\n\t\t\t\t\t\t\t\n                            <div class=\"wslu-hover-content\">\n                                <div class=\"xs-social-followers\">\n\t\t\t\t\t\t\t\t\t10                                <\/div>\n                                <div class=\"xs-social-follower-text\">\n\t\t\t\t\t\t\t\t\tShare                                <\/div>\n                                <div class=\"xs-social-follower-label\">\n\t\t\t\t\t\t\t\t\tTwitter                                <\/div>\n                            <\/div>\n                        <\/a>\n                    <\/li>\n\t\t\t\t\t                    <li class=\"xs-share-li telegram                        wslu-no-extra-data\">\n                        <a href=\"javascript:void(0);\"\n                           id=\"xs_feed_telegram\"\n                           onclick=\"xs_social_sharer(this);\"\n                           data-pid=\"5688\"\n                           data-uri_hash=\"62bde650668d321db2fbe73a37f199e1\"\n                           data-key=\"telegram\"\n                           data-xs-href=\"https:\/\/telegram.me\/share\/url?url=https%3A%2F%2Fvelipost.com%2Findex.php%3Frest_route%3D%252Fwp%252Fv2%252Fposts%252F5688&amp;text=Val%C3%A9ry+Fils-Aim%C3%A9%2C+un+ministre+qui+arrive+par+le+travail+et+la+constance\">\n\n                            <div class=\"xs-social-icon\">\n                                <span class=\"met-social met-social-telegram\"><\/span>\n                            <\/div>\n\n\t\t\t\t\t\t\t\n                            <div class=\"wslu-hover-content\">\n                                <div class=\"xs-social-followers\">\n\t\t\t\t\t\t\t\t\t0                                <\/div>\n                                <div class=\"xs-social-follower-text\">\n\t\t\t\t\t\t\t\t\tShare                                <\/div>\n                                <div class=\"xs-social-follower-label\">\n\t\t\t\t\t\t\t\t\tTelegram                                <\/div>\n                            <\/div>\n                        <\/a>\n                    <\/li>\n\t\t\t\t\t                    <li class=\"xs-share-li email                        wslu-no-extra-data\">\n                        <a href=\"javascript:void(0);\"\n                           id=\"xs_feed_email\"\n                           onclick=\"xs_social_sharer(this);\"\n                           data-pid=\"5688\"\n                           data-uri_hash=\"62bde650668d321db2fbe73a37f199e1\"\n                           data-key=\"email\"\n                           data-xs-href=\"mailto:?body=Title%3A+Val%C3%A9ry+Fils-Aim%C3%A9%2C+un+ministre+qui+arrive+par+le+travail+et+la+constance+%5Cn%5Cn+URL%3A+https%3A%2F%2Fvelipost.com%2Findex.php%3Frest_route%3D%252Fwp%252Fv2%252Fposts%252F5688&amp;subject=Val%C3%A9ry+Fils-Aim%C3%A9%2C+un+ministre+qui+arrive+par+le+travail+et+la+constance\">\n\n                            <div class=\"xs-social-icon\">\n                                <span class=\"met-social met-social-email\"><\/span>\n                            <\/div>\n\n\t\t\t\t\t\t\t\n                            <div class=\"wslu-hover-content\">\n                                <div class=\"xs-social-followers\">\n\t\t\t\t\t\t\t\t\t0                                <\/div>\n                                <div class=\"xs-social-follower-text\">\n\t\t\t\t\t\t\t\t\tShare                                <\/div>\n                                <div class=\"xs-social-follower-label\">\n\t\t\t\t\t\t\t\t\tEmail                                <\/div>\n                            <\/div>\n                        <\/a>\n                    <\/li>\n\t\t\t\t\t        <\/ul>\n    <\/div> \n","protected":false},"excerpt":{"rendered":"<p>Il y a des nominations qui rel\u00e8vent du hasard politique, et d\u2019autres qui s\u2019imposent d\u2019elles-m\u00eames. L\u2019arriv\u00e9e de Val\u00e9ry Fils-Aim\u00e9 \u00e0 la t\u00eate du minist\u00e8re<\/p>\n","protected":false},"author":1,"featured_media":5689,"comment_status":"open","ping_status":"open","sticky":false,"template":"","format":"standard","meta":{"_uag_custom_page_level_css":"","footnotes":"","jetpack_publicize_message":"","jetpack_publicize_feature_enabled":true,"jetpack_social_post_already_shared":true,"jetpack_social_options":{"image_generator_settings":{"template":"highway","default_image_id":0,"font":"","enabled":false},"version":2}},"categories":[100],"tags":[],"class_list":["post-5688","post","type-post","status-publish","format-standard","has-post-thumbnail","hentry","category-environnement"],"yoast_head":"<!-- This site is optimized with the Yoast SEO plugin v25.3.1 - https:\/\/yoast.com\/wordpress\/plugins\/seo\/ -->\n<title>Val\u00e9ry Fils-Aim\u00e9, un ministre qui arrive par le travail et la constance &#8211; VeliPost<\/title>\n<meta name=\"robots\" content=\"index, follow, max-snippet:-1, max-image-preview:large, max-video-preview:-1\" \/>\n<link rel=\"canonical\" href=\"https:\/\/velipost.com\/?p=5688\" \/>\n<meta property=\"og:locale\" content=\"fr_FR\" \/>\n<meta property=\"og:type\" content=\"article\" \/>\n<meta property=\"og:title\" content=\"Val\u00e9ry Fils-Aim\u00e9, un ministre qui arrive par le travail et la constance &#8211; VeliPost\" \/>\n<meta property=\"og:description\" content=\"Il y a des nominations qui rel\u00e8vent du hasard politique, et d\u2019autres qui s\u2019imposent d\u2019elles-m\u00eames. L\u2019arriv\u00e9e de Val\u00e9ry Fils-Aim\u00e9 \u00e0 la t\u00eate du minist\u00e8re\" \/>\n<meta property=\"og:url\" content=\"https:\/\/velipost.com\/?p=5688\" \/>\n<meta property=\"og:site_name\" content=\"VeliPost\" \/>\n<meta property=\"article:publisher\" content=\"https:\/\/www.facebook.com\/veliposthaiti\" \/>\n<meta property=\"article:published_time\" content=\"2026-03-05T04:55:49+00:00\" \/>\n<meta property=\"article:modified_time\" content=\"2026-03-05T04:55:52+00:00\" \/>\n<meta property=\"og:image\" content=\"https:\/\/velipost.com\/wp-content\/uploads\/2026\/03\/Fils-aime-MDE.jpg\" \/>\n\t<meta property=\"og:image:width\" content=\"1170\" \/>\n\t<meta property=\"og:image:height\" content=\"603\" \/>\n\t<meta property=\"og:image:type\" content=\"image\/jpeg\" \/>\n<meta name=\"author\" content=\"VeliPost\" \/>\n<meta name=\"twitter:card\" content=\"summary_large_image\" \/>\n<meta name=\"twitter:creator\" content=\"@veliposthaiti\" \/>\n<meta name=\"twitter:site\" content=\"@veliposthaiti\" \/>\n<meta name=\"twitter:label1\" content=\"\u00c9crit par\" \/>\n\t<meta name=\"twitter:data1\" content=\"VeliPost\" \/>\n\t<meta name=\"twitter:label2\" content=\"Dur\u00e9e de lecture estim\u00e9e\" \/>\n\t<meta name=\"twitter:data2\" content=\"3 minutes\" \/>\n<script type=\"application\/ld+json\" class=\"yoast-schema-graph\">{\"@context\":\"https:\/\/schema.org\",\"@graph\":[{\"@type\":\"Article\",\"@id\":\"https:\/\/velipost.com\/?p=5688#article\",\"isPartOf\":{\"@id\":\"https:\/\/velipost.com\/?p=5688\"},\"author\":{\"name\":\"VeliPost\",\"@id\":\"https:\/\/velipost.com\/#\/schema\/person\/32ff49a53c9c1bb24302ee8ece058096\"},\"headline\":\"Val\u00e9ry Fils-Aim\u00e9, un ministre qui arrive par le travail et la constance\",\"datePublished\":\"2026-03-05T04:55:49+00:00\",\"dateModified\":\"2026-03-05T04:55:52+00:00\",\"mainEntityOfPage\":{\"@id\":\"https:\/\/velipost.com\/?p=5688\"},\"wordCount\":580,\"commentCount\":0,\"publisher\":{\"@id\":\"https:\/\/velipost.com\/#organization\"},\"image\":{\"@id\":\"https:\/\/velipost.com\/?p=5688#primaryimage\"},\"thumbnailUrl\":\"https:\/\/velipost.com\/wp-content\/uploads\/2026\/03\/Fils-aime-MDE.jpg\",\"articleSection\":[\"Environnement\"],\"inLanguage\":\"fr-FR\",\"potentialAction\":[{\"@type\":\"CommentAction\",\"name\":\"Comment\",\"target\":[\"https:\/\/velipost.com\/?p=5688#respond\"]}]},{\"@type\":\"WebPage\",\"@id\":\"https:\/\/velipost.com\/?p=5688\",\"url\":\"https:\/\/velipost.com\/?p=5688\",\"name\":\"Val\u00e9ry Fils-Aim\u00e9, un ministre qui arrive par le travail et la constance &#8211; VeliPost\",\"isPartOf\":{\"@id\":\"https:\/\/velipost.com\/#website\"},\"primaryImageOfPage\":{\"@id\":\"https:\/\/velipost.com\/?p=5688#primaryimage\"},\"image\":{\"@id\":\"https:\/\/velipost.com\/?p=5688#primaryimage\"},\"thumbnailUrl\":\"https:\/\/velipost.com\/wp-content\/uploads\/2026\/03\/Fils-aime-MDE.jpg\",\"datePublished\":\"2026-03-05T04:55:49+00:00\",\"dateModified\":\"2026-03-05T04:55:52+00:00\",\"breadcrumb\":{\"@id\":\"https:\/\/velipost.com\/?p=5688#breadcrumb\"},\"inLanguage\":\"fr-FR\",\"potentialAction\":[{\"@type\":\"ReadAction\",\"target\":[\"https:\/\/velipost.com\/?p=5688\"]}]},{\"@type\":\"ImageObject\",\"inLanguage\":\"fr-FR\",\"@id\":\"https:\/\/velipost.com\/?p=5688#primaryimage\",\"url\":\"https:\/\/velipost.com\/wp-content\/uploads\/2026\/03\/Fils-aime-MDE.jpg\",\"contentUrl\":\"https:\/\/velipost.com\/wp-content\/uploads\/2026\/03\/Fils-aime-MDE.jpg\",\"width\":1170,\"height\":603},{\"@type\":\"BreadcrumbList\",\"@id\":\"https:\/\/velipost.com\/?p=5688#breadcrumb\",\"itemListElement\":[{\"@type\":\"ListItem\",\"position\":1,\"name\":\"Accueil\",\"item\":\"https:\/\/velipost.com\/\"},{\"@type\":\"ListItem\",\"position\":2,\"name\":\"Val\u00e9ry Fils-Aim\u00e9, un ministre qui arrive par le travail et la constance\"}]},{\"@type\":\"WebSite\",\"@id\":\"https:\/\/velipost.com\/#website\",\"url\":\"https:\/\/velipost.com\/\",\"name\":\"VeliPost\",\"description\":\"L\u2019info en un clic\",\"publisher\":{\"@id\":\"https:\/\/velipost.com\/#organization\"},\"potentialAction\":[{\"@type\":\"SearchAction\",\"target\":{\"@type\":\"EntryPoint\",\"urlTemplate\":\"https:\/\/velipost.com\/?s={search_term_string}\"},\"query-input\":{\"@type\":\"PropertyValueSpecification\",\"valueRequired\":true,\"valueName\":\"search_term_string\"}}],\"inLanguage\":\"fr-FR\"},{\"@type\":\"Organization\",\"@id\":\"https:\/\/velipost.com\/#organization\",\"name\":\"VeliPost\",\"url\":\"https:\/\/velipost.com\/\",\"logo\":{\"@type\":\"ImageObject\",\"inLanguage\":\"fr-FR\",\"@id\":\"https:\/\/velipost.com\/#\/schema\/logo\/image\/\",\"url\":\"https:\/\/velipost.com\/wp-content\/uploads\/2024\/08\/cropped-VP-logo-piti.png\",\"contentUrl\":\"https:\/\/velipost.com\/wp-content\/uploads\/2024\/08\/cropped-VP-logo-piti.png\",\"width\":201,\"height\":69,\"caption\":\"VeliPost\"},\"image\":{\"@id\":\"https:\/\/velipost.com\/#\/schema\/logo\/image\/\"},\"sameAs\":[\"https:\/\/www.facebook.com\/veliposthaiti\",\"https:\/\/x.com\/veliposthaiti\",\"https:\/\/www.instagram.com\/veliposthaiti\"]},{\"@type\":\"Person\",\"@id\":\"https:\/\/velipost.com\/#\/schema\/person\/32ff49a53c9c1bb24302ee8ece058096\",\"name\":\"VeliPost\",\"image\":{\"@type\":\"ImageObject\",\"inLanguage\":\"fr-FR\",\"@id\":\"https:\/\/velipost.com\/#\/schema\/person\/image\/\",\"url\":\"https:\/\/secure.gravatar.com\/avatar\/57c226c264de62f794185a89596d4a37b85a5ad20aca30d9d5a478b27d8c8d9d?s=96&d=mm&r=g\",\"contentUrl\":\"https:\/\/secure.gravatar.com\/avatar\/57c226c264de62f794185a89596d4a37b85a5ad20aca30d9d5a478b27d8c8d9d?s=96&d=mm&r=g\",\"caption\":\"VeliPost\"},\"sameAs\":[\"https:\/\/velipost.com\"],\"url\":\"https:\/\/velipost.com\/?author=1\"}]}<\/script>\n<!-- \/ Yoast SEO plugin. -->","yoast_head_json":{"title":"Val\u00e9ry Fils-Aim\u00e9, un ministre qui arrive par le travail et la constance &#8211; VeliPost","robots":{"index":"index","follow":"follow","max-snippet":"max-snippet:-1","max-image-preview":"max-image-preview:large","max-video-preview":"max-video-preview:-1"},"canonical":"https:\/\/velipost.com\/?p=5688","og_locale":"fr_FR","og_type":"article","og_title":"Val\u00e9ry Fils-Aim\u00e9, un ministre qui arrive par le travail et la constance &#8211; VeliPost","og_description":"Il y a des nominations qui rel\u00e8vent du hasard politique, et d\u2019autres qui s\u2019imposent d\u2019elles-m\u00eames. L\u2019arriv\u00e9e de Val\u00e9ry Fils-Aim\u00e9 \u00e0 la t\u00eate du minist\u00e8re","og_url":"https:\/\/velipost.com\/?p=5688","og_site_name":"VeliPost","article_publisher":"https:\/\/www.facebook.com\/veliposthaiti","article_published_time":"2026-03-05T04:55:49+00:00","article_modified_time":"2026-03-05T04:55:52+00:00","og_image":[{"width":1170,"height":603,"url":"https:\/\/velipost.com\/wp-content\/uploads\/2026\/03\/Fils-aime-MDE.jpg","type":"image\/jpeg"}],"author":"VeliPost","twitter_card":"summary_large_image","twitter_creator":"@veliposthaiti","twitter_site":"@veliposthaiti","twitter_misc":{"\u00c9crit par":"VeliPost","Dur\u00e9e de lecture estim\u00e9e":"3 minutes"},"schema":{"@context":"https:\/\/schema.org","@graph":[{"@type":"Article","@id":"https:\/\/velipost.com\/?p=5688#article","isPartOf":{"@id":"https:\/\/velipost.com\/?p=5688"},"author":{"name":"VeliPost","@id":"https:\/\/velipost.com\/#\/schema\/person\/32ff49a53c9c1bb24302ee8ece058096"},"headline":"Val\u00e9ry Fils-Aim\u00e9, un ministre qui arrive par le travail et la constance","datePublished":"2026-03-05T04:55:49+00:00","dateModified":"2026-03-05T04:55:52+00:00","mainEntityOfPage":{"@id":"https:\/\/velipost.com\/?p=5688"},"wordCount":580,"commentCount":0,"publisher":{"@id":"https:\/\/velipost.com\/#organization"},"image":{"@id":"https:\/\/velipost.com\/?p=5688#primaryimage"},"thumbnailUrl":"https:\/\/velipost.com\/wp-content\/uploads\/2026\/03\/Fils-aime-MDE.jpg","articleSection":["Environnement"],"inLanguage":"fr-FR","potentialAction":[{"@type":"CommentAction","name":"Comment","target":["https:\/\/velipost.com\/?p=5688#respond"]}]},{"@type":"WebPage","@id":"https:\/\/velipost.com\/?p=5688","url":"https:\/\/velipost.com\/?p=5688","name":"Val\u00e9ry Fils-Aim\u00e9, un ministre qui arrive par le travail et la constance &#8211; VeliPost","isPartOf":{"@id":"https:\/\/velipost.com\/#website"},"primaryImageOfPage":{"@id":"https:\/\/velipost.com\/?p=5688#primaryimage"},"image":{"@id":"https:\/\/velipost.com\/?p=5688#primaryimage"},"thumbnailUrl":"https:\/\/velipost.com\/wp-content\/uploads\/2026\/03\/Fils-aime-MDE.jpg","datePublished":"2026-03-05T04:55:49+00:00","dateModified":"2026-03-05T04:55:52+00:00","breadcrumb":{"@id":"https:\/\/velipost.com\/?p=5688#breadcrumb"},"inLanguage":"fr-FR","potentialAction":[{"@type":"ReadAction","target":["https:\/\/velipost.com\/?p=5688"]}]},{"@type":"ImageObject","inLanguage":"fr-FR","@id":"https:\/\/velipost.com\/?p=5688#primaryimage","url":"https:\/\/velipost.com\/wp-content\/uploads\/2026\/03\/Fils-aime-MDE.jpg","contentUrl":"https:\/\/velipost.com\/wp-content\/uploads\/2026\/03\/Fils-aime-MDE.jpg","width":1170,"height":603},{"@type":"BreadcrumbList","@id":"https:\/\/velipost.com\/?p=5688#breadcrumb","itemListElement":[{"@type":"ListItem","position":1,"name":"Accueil","item":"https:\/\/velipost.com\/"},{"@type":"ListItem","position":2,"name":"Val\u00e9ry Fils-Aim\u00e9, un ministre qui arrive par le travail et la constance"}]},{"@type":"WebSite","@id":"https:\/\/velipost.com\/#website","url":"https:\/\/velipost.com\/","name":"VeliPost","description":"L\u2019info en un clic","publisher":{"@id":"https:\/\/velipost.com\/#organization"},"potentialAction":[{"@type":"SearchAction","target":{"@type":"EntryPoint","urlTemplate":"https:\/\/velipost.com\/?s={search_term_string}"},"query-input":{"@type":"PropertyValueSpecification","valueRequired":true,"valueName":"search_term_string"}}],"inLanguage":"fr-FR"},{"@type":"Organization","@id":"https:\/\/velipost.com\/#organization","name":"VeliPost","url":"https:\/\/velipost.com\/","logo":{"@type":"ImageObject","inLanguage":"fr-FR","@id":"https:\/\/velipost.com\/#\/schema\/logo\/image\/","url":"https:\/\/velipost.com\/wp-content\/uploads\/2024\/08\/cropped-VP-logo-piti.png","contentUrl":"https:\/\/velipost.com\/wp-content\/uploads\/2024\/08\/cropped-VP-logo-piti.png","width":201,"height":69,"caption":"VeliPost"},"image":{"@id":"https:\/\/velipost.com\/#\/schema\/logo\/image\/"},"sameAs":["https:\/\/www.facebook.com\/veliposthaiti","https:\/\/x.com\/veliposthaiti","https:\/\/www.instagram.com\/veliposthaiti"]},{"@type":"Person","@id":"https:\/\/velipost.com\/#\/schema\/person\/32ff49a53c9c1bb24302ee8ece058096","name":"VeliPost","image":{"@type":"ImageObject","inLanguage":"fr-FR","@id":"https:\/\/velipost.com\/#\/schema\/person\/image\/","url":"https:\/\/secure.gravatar.com\/avatar\/57c226c264de62f794185a89596d4a37b85a5ad20aca30d9d5a478b27d8c8d9d?s=96&d=mm&r=g","contentUrl":"https:\/\/secure.gravatar.com\/avatar\/57c226c264de62f794185a89596d4a37b85a5ad20aca30d9d5a478b27d8c8d9d?s=96&d=mm&r=g","caption":"VeliPost"},"sameAs":["https:\/\/velipost.com"],"url":"https:\/\/velipost.com\/?author=1"}]}},"views":0,"jetpack_publicize_connections":[],"uagb_featured_image_src":{"full":["https:\/\/velipost.com\/wp-content\/uploads\/2026\/03\/Fils-aime-MDE.jpg",1170,603,false],"thumbnail":["https:\/\/velipost.com\/wp-content\/uploads\/2026\/03\/Fils-aime-MDE-150x150.jpg",150,150,true],"medium":["https:\/\/velipost.com\/wp-content\/uploads\/2026\/03\/Fils-aime-MDE-300x155.jpg",300,155,true],"medium_large":["https:\/\/velipost.com\/wp-content\/uploads\/2026\/03\/Fils-aime-MDE-768x396.jpg",715,369,true],"large":["https:\/\/velipost.com\/wp-content\/uploads\/2026\/03\/Fils-aime-MDE-1024x528.jpg",715,369,true],"1536x1536":["https:\/\/velipost.com\/wp-content\/uploads\/2026\/03\/Fils-aime-MDE.jpg",1170,603,false],"2048x2048":["https:\/\/velipost.com\/wp-content\/uploads\/2026\/03\/Fils-aime-MDE.jpg",1170,603,false],"colornews-big-slider":["https:\/\/velipost.com\/wp-content\/uploads\/2026\/03\/Fils-aime-MDE-1070x470.jpg",1070,470,true],"colornews-big-slider-thumb":["https:\/\/velipost.com\/wp-content\/uploads\/2026\/03\/Fils-aime-MDE-184x109.jpg",184,109,true],"colornews-featured-post-medium":["https:\/\/velipost.com\/wp-content\/uploads\/2026\/03\/Fils-aime-MDE-345x265.jpg",345,265,true],"colornews-featured-post-small":["https:\/\/velipost.com\/wp-content\/uploads\/2026\/03\/Fils-aime-MDE-115x73.jpg",115,73,true],"colornews-random-posts":["https:\/\/velipost.com\/wp-content\/uploads\/2026\/03\/Fils-aime-MDE-215x215.jpg",215,215,true],"colornews-featured-image":["https:\/\/velipost.com\/wp-content\/uploads\/2026\/03\/Fils-aime-MDE-715x400.jpg",715,400,true],"mailpoet_newsletter_max":["https:\/\/velipost.com\/wp-content\/uploads\/2026\/03\/Fils-aime-MDE.jpg",1170,603,false]},"uagb_author_info":{"display_name":"VeliPost","author_link":"https:\/\/velipost.com\/?author=1"},"uagb_comment_info":0,"uagb_excerpt":"Il y a des nominations qui rel\u00e8vent du hasard politique, et d\u2019autres qui s\u2019imposent d\u2019elles-m\u00eames. L\u2019arriv\u00e9e de Val\u00e9ry Fils-Aim\u00e9 \u00e0 la t\u00eate du minist\u00e8re","_links":{"self":[{"href":"https:\/\/velipost.com\/index.php?rest_route=\/wp\/v2\/posts\/5688","targetHints":{"allow":["GET"]}}],"collection":[{"href":"https:\/\/velipost.com\/index.php?rest_route=\/wp\/v2\/posts"}],"about":[{"href":"https:\/\/velipost.com\/index.php?rest_route=\/wp\/v2\/types\/post"}],"author":[{"embeddable":true,"href":"https:\/\/velipost.com\/index.php?rest_route=\/wp\/v2\/users\/1"}],"replies":[{"embeddable":true,"href":"https:\/\/velipost.com\/index.php?rest_route=%2Fwp%2Fv2%2Fcomments&post=5688"}],"version-history":[{"count":1,"href":"https:\/\/velipost.com\/index.php?rest_route=\/wp\/v2\/posts\/5688\/revisions"}],"predecessor-version":[{"id":5690,"href":"https:\/\/velipost.com\/index.php?rest_route=\/wp\/v2\/posts\/5688\/revisions\/5690"}],"wp:featuredmedia":[{"embeddable":true,"href":"https:\/\/velipost.com\/index.php?rest_route=\/wp\/v2\/media\/5689"}],"wp:attachment":[{"href":"https:\/\/velipost.com\/index.php?rest_route=%2Fwp%2Fv2%2Fmedia&parent=5688"}],"wp:term":[{"taxonomy":"category","embeddable":true,"href":"https:\/\/velipost.com\/index.php?rest_route=%2Fwp%2Fv2%2Fcategories&post=5688"},{"taxonomy":"post_tag","embeddable":true,"href":"https:\/\/velipost.com\/index.php?rest_route=%2Fwp%2Fv2%2Ftags&post=5688"}],"curies":[{"name":"wp","href":"https:\/\/api.w.org\/{rel}","templated":true}]}}