{"id":5436,"date":"2026-01-23T18:25:41","date_gmt":"2026-01-23T17:25:41","guid":{"rendered":"https:\/\/velipost.com\/?p=5436"},"modified":"2026-01-23T18:25:44","modified_gmt":"2026-01-23T17:25:44","slug":"alfred-metellus-sur-une-pente-glissante-apres-les-propos-de-louis-gerald-gilles","status":"publish","type":"post","link":"https:\/\/velipost.com\/?p=5436","title":{"rendered":"Alfred M\u00e9tellus sur une pente glissante apr\u00e8s les propos de Louis G\u00e9rald Gilles"},"content":{"rendered":"\n<p>Entre ambitions internes et ligne rouge de la communaut\u00e9 internationale.<\/p>\n\n\n\n<p>La d\u00e9claration r\u00e9cente du conseiller pr\u00e9sidentiel Louis G\u00e9rald Gilles \u00e9voquant la possible nomination du ministre de l\u2019\u00c9conomie et des Finances, Alfred M\u00e9tellus, comme Premier ministre a.i. a provoqu\u00e9 une onde de choc dans les cercles politiques et diplomatiques. Si aucune d\u00e9cision officielle n\u2019a \u00e9t\u00e9 annonc\u00e9e, ces propos suffisent \u00e0 placer le titulaire des Finances dans une zone de turbulences politiques particuli\u00e8rement d\u00e9licate.<\/p>\n\n\n\n<p>En effet, cette sortie publique intervient dans un contexte o\u00f9 la communaut\u00e9 internationale affiche une position sans \u00e9quivoque : aucune tentative de remplacement du Premier ministre Alix Didier Fils-Aim\u00e9 ne sera tol\u00e9r\u00e9e en dehors des m\u00e9canismes consensuels pr\u00e9vus dans le cadre de la transition. Des partenaires cl\u00e9s d\u2019Ha\u00efti ont d\u00e9j\u00e0, \u00e0 plusieurs reprises, mis en garde contre toute man\u0153uvre susceptible d\u2019aggraver l\u2019instabilit\u00e9 institutionnelle du pays.<\/p>\n\n\n\n<p>Pour Alfred M\u00e9tellus, r\u00e9put\u00e9 jusqu\u2019ici pour un profil technocratique relativement discret, cette association \u2014 m\u00eame indirecte \u2014 \u00e0 un sc\u00e9nario de succession controvers\u00e9 pourrait s\u2019av\u00e9rer co\u00fbteuse. En politique ha\u00eftienne, la perception p\u00e8se souvent autant que les faits, et le simple fait d\u2019\u00eatre cit\u00e9 comme alternative potentielle au chef du gouvernement en place suffit \u00e0 alimenter soup\u00e7ons et r\u00e9sistances.<br>Du c\u00f4t\u00e9 du Conseil pr\u00e9sidentiel de transition (CPT), les lignes semblent loin d\u2019\u00eatre unifi\u00e9es. La d\u00e9claration de Louis G\u00e9rald Gilles met en lumi\u00e8re des divergences internes persistantes, r\u00e9v\u00e9latrices des luttes d\u2019influence autour du contr\u00f4le de l\u2019ex\u00e9cutif. Toutefois, aucun autre conseiller n\u2019a, jusqu\u2019ici, confirm\u00e9 ou endoss\u00e9 publiquement cette hypoth\u00e8se, laissant planer le doute sur son caract\u00e8re officiel ou isol\u00e9.<\/p>\n\n\n\n<p>Dans ce climat tendu, le maintien d\u2019Alix Didier Fils-Aim\u00e9 \u00e0 la Primature appara\u00eet comme un point de stabilit\u00e9 relatif aux yeux de la communaut\u00e9 internationale, d\u00e9j\u00e0 pr\u00e9occup\u00e9e par la d\u00e9gradation s\u00e9curitaire et la lenteur du processus de transition. Toute remise en cause brutale de cet \u00e9quilibre fragile pourrait entra\u00eener des cons\u00e9quences diplomatiques et financi\u00e8res non n\u00e9gligeables pour l\u2019\u00c9tat ha\u00eftien.<\/p>\n\n\n\n<p>En d\u00e9finitive, Alfred M\u00e9tellus se retrouve, volontairement ou non, au c\u0153ur d\u2019une controverse qui d\u00e9passe sa personne. S\u2019il ne clarifie pas rapidement sa position, le ministre des Finances risque de voir son image se d\u00e9t\u00e9riorer, pris entre des ambitions politiques internes et la vigilance accrue des partenaires internationaux. Dans la phase actuelle de la transition, le moindre faux pas peut rapidement se transformer en faute politique majeure.<\/p>\n\n    <div class=\"xs_social_share_widget xs_share_url after_content \t\tmain_content  wslu-style-3 wslu-share-box-shaped wslu-fill-brand-hover-colored wslu-share-m-5 wslu-none wslu-share-horizontal wslu-theme-font-no wslu-main_content\">\n\n\t\t\n        <ul>\n\t\t\t                    <li class=\"xs-share-li twitter                        wslu-no-extra-data\">\n                        <a href=\"javascript:void(0);\"\n                           id=\"xs_feed_twitter\"\n                           onclick=\"xs_social_sharer(this);\"\n                           data-pid=\"5436\"\n                           data-uri_hash=\"cb4e3db80bad63efb2fbd790426ede4d\"\n                           data-key=\"twitter\"\n                           data-xs-href=\"https:\/\/twitter.com\/intent\/tweet?text=Alfred+M%C3%A9tellus+sur+une+pente+glissante+apr%C3%A8s+les+propos+de+Louis+G%C3%A9rald+Gilles+https%3A%2F%2Fvelipost.com%2Findex.php%3Frest_route%3D%252Fwp%252Fv2%252Fposts%252F5436&amp;original_referer=https%3A%2F%2Fvelipost.com%2Findex.php%3Frest_route%3D%252Fwp%252Fv2%252Fposts%252F5436&amp;related=xpeedstudio\">\n\n                            <div class=\"xs-social-icon\">\n                                <span class=\"met-social met-social-twitter\"><\/span>\n                            <\/div>\n\n\t\t\t\t\t\t\t\n                            <div class=\"wslu-hover-content\">\n                                <div class=\"xs-social-followers\">\n\t\t\t\t\t\t\t\t\t10                                <\/div>\n                                <div class=\"xs-social-follower-text\">\n\t\t\t\t\t\t\t\t\tShare                                <\/div>\n                                <div class=\"xs-social-follower-label\">\n\t\t\t\t\t\t\t\t\tTwitter                                <\/div>\n                            <\/div>\n                        <\/a>\n                    <\/li>\n\t\t\t\t\t                    <li class=\"xs-share-li telegram                        wslu-no-extra-data\">\n                        <a href=\"javascript:void(0);\"\n                           id=\"xs_feed_telegram\"\n                           onclick=\"xs_social_sharer(this);\"\n                           data-pid=\"5436\"\n                           data-uri_hash=\"cb4e3db80bad63efb2fbd790426ede4d\"\n                           data-key=\"telegram\"\n                           data-xs-href=\"https:\/\/telegram.me\/share\/url?url=https%3A%2F%2Fvelipost.com%2Findex.php%3Frest_route%3D%252Fwp%252Fv2%252Fposts%252F5436&amp;text=Alfred+M%C3%A9tellus+sur+une+pente+glissante+apr%C3%A8s+les+propos+de+Louis+G%C3%A9rald+Gilles\">\n\n                            <div class=\"xs-social-icon\">\n                                <span class=\"met-social met-social-telegram\"><\/span>\n                            <\/div>\n\n\t\t\t\t\t\t\t\n                            <div class=\"wslu-hover-content\">\n                                <div class=\"xs-social-followers\">\n\t\t\t\t\t\t\t\t\t0                                <\/div>\n                                <div class=\"xs-social-follower-text\">\n\t\t\t\t\t\t\t\t\tShare                                <\/div>\n                                <div class=\"xs-social-follower-label\">\n\t\t\t\t\t\t\t\t\tTelegram                                <\/div>\n                            <\/div>\n                        <\/a>\n                    <\/li>\n\t\t\t\t\t                    <li class=\"xs-share-li email                        wslu-no-extra-data\">\n                        <a href=\"javascript:void(0);\"\n                           id=\"xs_feed_email\"\n                           onclick=\"xs_social_sharer(this);\"\n                           data-pid=\"5436\"\n                           data-uri_hash=\"cb4e3db80bad63efb2fbd790426ede4d\"\n                           data-key=\"email\"\n                           data-xs-href=\"mailto:?body=Title%3A+Alfred+M%C3%A9tellus+sur+une+pente+glissante+apr%C3%A8s+les+propos+de+Louis+G%C3%A9rald+Gilles+%5Cn%5Cn+URL%3A+https%3A%2F%2Fvelipost.com%2Findex.php%3Frest_route%3D%252Fwp%252Fv2%252Fposts%252F5436&amp;subject=Alfred+M%C3%A9tellus+sur+une+pente+glissante+apr%C3%A8s+les+propos+de+Louis+G%C3%A9rald+Gilles\">\n\n                            <div class=\"xs-social-icon\">\n                                <span class=\"met-social met-social-email\"><\/span>\n                            <\/div>\n\n\t\t\t\t\t\t\t\n                            <div class=\"wslu-hover-content\">\n                                <div class=\"xs-social-followers\">\n\t\t\t\t\t\t\t\t\t0                                <\/div>\n                                <div class=\"xs-social-follower-text\">\n\t\t\t\t\t\t\t\t\tShare                                <\/div>\n                                <div class=\"xs-social-follower-label\">\n\t\t\t\t\t\t\t\t\tEmail                                <\/div>\n                            <\/div>\n                        <\/a>\n                    <\/li>\n\t\t\t\t\t        <\/ul>\n    <\/div> \n","protected":false},"excerpt":{"rendered":"<p>Entre ambitions internes et ligne rouge de la communaut\u00e9 internationale. La d\u00e9claration r\u00e9cente du conseiller pr\u00e9sidentiel Louis G\u00e9rald Gilles \u00e9voquant la possible nomination du<\/p>\n","protected":false},"author":1,"featured_media":4861,"comment_status":"open","ping_status":"open","sticky":false,"template":"","format":"standard","meta":{"_uag_custom_page_level_css":"","footnotes":"","jetpack_publicize_message":"","jetpack_publicize_feature_enabled":true,"jetpack_social_post_already_shared":true,"jetpack_social_options":{"image_generator_settings":{"template":"highway","default_image_id":0,"font":"","enabled":false},"version":2}},"categories":[94],"tags":[],"class_list":["post-5436","post","type-post","status-publish","format-standard","has-post-thumbnail","hentry","category-a-la-une"],"yoast_head":"<!-- This site is optimized with the Yoast SEO plugin v25.3.1 - https:\/\/yoast.com\/wordpress\/plugins\/seo\/ -->\n<title>Alfred M\u00e9tellus sur une pente glissante apr\u00e8s les propos de Louis G\u00e9rald Gilles &#8211; VeliPost<\/title>\n<meta name=\"robots\" content=\"index, follow, max-snippet:-1, max-image-preview:large, max-video-preview:-1\" \/>\n<link rel=\"canonical\" href=\"https:\/\/velipost.com\/?p=5436\" \/>\n<meta property=\"og:locale\" content=\"fr_FR\" \/>\n<meta property=\"og:type\" content=\"article\" \/>\n<meta property=\"og:title\" content=\"Alfred M\u00e9tellus sur une pente glissante apr\u00e8s les propos de Louis G\u00e9rald Gilles &#8211; VeliPost\" \/>\n<meta property=\"og:description\" content=\"Entre ambitions internes et ligne rouge de la communaut\u00e9 internationale. La d\u00e9claration r\u00e9cente du conseiller pr\u00e9sidentiel Louis G\u00e9rald Gilles \u00e9voquant la possible nomination du\" \/>\n<meta property=\"og:url\" content=\"https:\/\/velipost.com\/?p=5436\" \/>\n<meta property=\"og:site_name\" content=\"VeliPost\" \/>\n<meta property=\"article:publisher\" content=\"https:\/\/www.facebook.com\/veliposthaiti\" \/>\n<meta property=\"article:published_time\" content=\"2026-01-23T17:25:41+00:00\" \/>\n<meta property=\"article:modified_time\" content=\"2026-01-23T17:25:44+00:00\" \/>\n<meta property=\"og:image\" content=\"https:\/\/velipost.com\/wp-content\/uploads\/2025\/11\/Alfred-Metellus.jpg\" \/>\n\t<meta property=\"og:image:width\" content=\"1170\" \/>\n\t<meta property=\"og:image:height\" content=\"603\" \/>\n\t<meta property=\"og:image:type\" content=\"image\/jpeg\" \/>\n<meta name=\"author\" content=\"VeliPost\" \/>\n<meta name=\"twitter:card\" content=\"summary_large_image\" \/>\n<meta name=\"twitter:creator\" content=\"@veliposthaiti\" \/>\n<meta name=\"twitter:site\" content=\"@veliposthaiti\" \/>\n<meta name=\"twitter:label1\" content=\"\u00c9crit par\" \/>\n\t<meta name=\"twitter:data1\" content=\"VeliPost\" \/>\n\t<meta name=\"twitter:label2\" content=\"Dur\u00e9e de lecture estim\u00e9e\" \/>\n\t<meta name=\"twitter:data2\" content=\"3 minutes\" \/>\n<script type=\"application\/ld+json\" class=\"yoast-schema-graph\">{\"@context\":\"https:\/\/schema.org\",\"@graph\":[{\"@type\":\"Article\",\"@id\":\"https:\/\/velipost.com\/?p=5436#article\",\"isPartOf\":{\"@id\":\"https:\/\/velipost.com\/?p=5436\"},\"author\":{\"name\":\"VeliPost\",\"@id\":\"https:\/\/velipost.com\/#\/schema\/person\/32ff49a53c9c1bb24302ee8ece058096\"},\"headline\":\"Alfred M\u00e9tellus sur une pente glissante apr\u00e8s les propos de Louis G\u00e9rald Gilles\",\"datePublished\":\"2026-01-23T17:25:41+00:00\",\"dateModified\":\"2026-01-23T17:25:44+00:00\",\"mainEntityOfPage\":{\"@id\":\"https:\/\/velipost.com\/?p=5436\"},\"wordCount\":461,\"commentCount\":0,\"publisher\":{\"@id\":\"https:\/\/velipost.com\/#organization\"},\"image\":{\"@id\":\"https:\/\/velipost.com\/?p=5436#primaryimage\"},\"thumbnailUrl\":\"https:\/\/velipost.com\/wp-content\/uploads\/2025\/11\/Alfred-Metellus.jpg\",\"articleSection\":[\"A la Une\"],\"inLanguage\":\"fr-FR\",\"potentialAction\":[{\"@type\":\"CommentAction\",\"name\":\"Comment\",\"target\":[\"https:\/\/velipost.com\/?p=5436#respond\"]}]},{\"@type\":\"WebPage\",\"@id\":\"https:\/\/velipost.com\/?p=5436\",\"url\":\"https:\/\/velipost.com\/?p=5436\",\"name\":\"Alfred M\u00e9tellus sur une pente glissante apr\u00e8s les propos de Louis G\u00e9rald Gilles &#8211; VeliPost\",\"isPartOf\":{\"@id\":\"https:\/\/velipost.com\/#website\"},\"primaryImageOfPage\":{\"@id\":\"https:\/\/velipost.com\/?p=5436#primaryimage\"},\"image\":{\"@id\":\"https:\/\/velipost.com\/?p=5436#primaryimage\"},\"thumbnailUrl\":\"https:\/\/velipost.com\/wp-content\/uploads\/2025\/11\/Alfred-Metellus.jpg\",\"datePublished\":\"2026-01-23T17:25:41+00:00\",\"dateModified\":\"2026-01-23T17:25:44+00:00\",\"breadcrumb\":{\"@id\":\"https:\/\/velipost.com\/?p=5436#breadcrumb\"},\"inLanguage\":\"fr-FR\",\"potentialAction\":[{\"@type\":\"ReadAction\",\"target\":[\"https:\/\/velipost.com\/?p=5436\"]}]},{\"@type\":\"ImageObject\",\"inLanguage\":\"fr-FR\",\"@id\":\"https:\/\/velipost.com\/?p=5436#primaryimage\",\"url\":\"https:\/\/velipost.com\/wp-content\/uploads\/2025\/11\/Alfred-Metellus.jpg\",\"contentUrl\":\"https:\/\/velipost.com\/wp-content\/uploads\/2025\/11\/Alfred-Metellus.jpg\",\"width\":1170,\"height\":603},{\"@type\":\"BreadcrumbList\",\"@id\":\"https:\/\/velipost.com\/?p=5436#breadcrumb\",\"itemListElement\":[{\"@type\":\"ListItem\",\"position\":1,\"name\":\"Accueil\",\"item\":\"https:\/\/velipost.com\/\"},{\"@type\":\"ListItem\",\"position\":2,\"name\":\"Alfred M\u00e9tellus sur une pente glissante apr\u00e8s les propos de Louis G\u00e9rald Gilles\"}]},{\"@type\":\"WebSite\",\"@id\":\"https:\/\/velipost.com\/#website\",\"url\":\"https:\/\/velipost.com\/\",\"name\":\"VeliPost\",\"description\":\"L\u2019info en un clic\",\"publisher\":{\"@id\":\"https:\/\/velipost.com\/#organization\"},\"potentialAction\":[{\"@type\":\"SearchAction\",\"target\":{\"@type\":\"EntryPoint\",\"urlTemplate\":\"https:\/\/velipost.com\/?s={search_term_string}\"},\"query-input\":{\"@type\":\"PropertyValueSpecification\",\"valueRequired\":true,\"valueName\":\"search_term_string\"}}],\"inLanguage\":\"fr-FR\"},{\"@type\":\"Organization\",\"@id\":\"https:\/\/velipost.com\/#organization\",\"name\":\"VeliPost\",\"url\":\"https:\/\/velipost.com\/\",\"logo\":{\"@type\":\"ImageObject\",\"inLanguage\":\"fr-FR\",\"@id\":\"https:\/\/velipost.com\/#\/schema\/logo\/image\/\",\"url\":\"https:\/\/velipost.com\/wp-content\/uploads\/2024\/08\/cropped-VP-logo-piti.png\",\"contentUrl\":\"https:\/\/velipost.com\/wp-content\/uploads\/2024\/08\/cropped-VP-logo-piti.png\",\"width\":201,\"height\":69,\"caption\":\"VeliPost\"},\"image\":{\"@id\":\"https:\/\/velipost.com\/#\/schema\/logo\/image\/\"},\"sameAs\":[\"https:\/\/www.facebook.com\/veliposthaiti\",\"https:\/\/x.com\/veliposthaiti\",\"https:\/\/www.instagram.com\/veliposthaiti\"]},{\"@type\":\"Person\",\"@id\":\"https:\/\/velipost.com\/#\/schema\/person\/32ff49a53c9c1bb24302ee8ece058096\",\"name\":\"VeliPost\",\"image\":{\"@type\":\"ImageObject\",\"inLanguage\":\"fr-FR\",\"@id\":\"https:\/\/velipost.com\/#\/schema\/person\/image\/\",\"url\":\"https:\/\/secure.gravatar.com\/avatar\/57c226c264de62f794185a89596d4a37b85a5ad20aca30d9d5a478b27d8c8d9d?s=96&d=mm&r=g\",\"contentUrl\":\"https:\/\/secure.gravatar.com\/avatar\/57c226c264de62f794185a89596d4a37b85a5ad20aca30d9d5a478b27d8c8d9d?s=96&d=mm&r=g\",\"caption\":\"VeliPost\"},\"sameAs\":[\"https:\/\/velipost.com\"],\"url\":\"https:\/\/velipost.com\/?author=1\"}]}<\/script>\n<!-- \/ Yoast SEO plugin. -->","yoast_head_json":{"title":"Alfred M\u00e9tellus sur une pente glissante apr\u00e8s les propos de Louis G\u00e9rald Gilles &#8211; VeliPost","robots":{"index":"index","follow":"follow","max-snippet":"max-snippet:-1","max-image-preview":"max-image-preview:large","max-video-preview":"max-video-preview:-1"},"canonical":"https:\/\/velipost.com\/?p=5436","og_locale":"fr_FR","og_type":"article","og_title":"Alfred M\u00e9tellus sur une pente glissante apr\u00e8s les propos de Louis G\u00e9rald Gilles &#8211; VeliPost","og_description":"Entre ambitions internes et ligne rouge de la communaut\u00e9 internationale. La d\u00e9claration r\u00e9cente du conseiller pr\u00e9sidentiel Louis G\u00e9rald Gilles \u00e9voquant la possible nomination du","og_url":"https:\/\/velipost.com\/?p=5436","og_site_name":"VeliPost","article_publisher":"https:\/\/www.facebook.com\/veliposthaiti","article_published_time":"2026-01-23T17:25:41+00:00","article_modified_time":"2026-01-23T17:25:44+00:00","og_image":[{"width":1170,"height":603,"url":"https:\/\/velipost.com\/wp-content\/uploads\/2025\/11\/Alfred-Metellus.jpg","type":"image\/jpeg"}],"author":"VeliPost","twitter_card":"summary_large_image","twitter_creator":"@veliposthaiti","twitter_site":"@veliposthaiti","twitter_misc":{"\u00c9crit par":"VeliPost","Dur\u00e9e de lecture estim\u00e9e":"3 minutes"},"schema":{"@context":"https:\/\/schema.org","@graph":[{"@type":"Article","@id":"https:\/\/velipost.com\/?p=5436#article","isPartOf":{"@id":"https:\/\/velipost.com\/?p=5436"},"author":{"name":"VeliPost","@id":"https:\/\/velipost.com\/#\/schema\/person\/32ff49a53c9c1bb24302ee8ece058096"},"headline":"Alfred M\u00e9tellus sur une pente glissante apr\u00e8s les propos de Louis G\u00e9rald Gilles","datePublished":"2026-01-23T17:25:41+00:00","dateModified":"2026-01-23T17:25:44+00:00","mainEntityOfPage":{"@id":"https:\/\/velipost.com\/?p=5436"},"wordCount":461,"commentCount":0,"publisher":{"@id":"https:\/\/velipost.com\/#organization"},"image":{"@id":"https:\/\/velipost.com\/?p=5436#primaryimage"},"thumbnailUrl":"https:\/\/velipost.com\/wp-content\/uploads\/2025\/11\/Alfred-Metellus.jpg","articleSection":["A la Une"],"inLanguage":"fr-FR","potentialAction":[{"@type":"CommentAction","name":"Comment","target":["https:\/\/velipost.com\/?p=5436#respond"]}]},{"@type":"WebPage","@id":"https:\/\/velipost.com\/?p=5436","url":"https:\/\/velipost.com\/?p=5436","name":"Alfred M\u00e9tellus sur une pente glissante apr\u00e8s les propos de Louis G\u00e9rald Gilles &#8211; VeliPost","isPartOf":{"@id":"https:\/\/velipost.com\/#website"},"primaryImageOfPage":{"@id":"https:\/\/velipost.com\/?p=5436#primaryimage"},"image":{"@id":"https:\/\/velipost.com\/?p=5436#primaryimage"},"thumbnailUrl":"https:\/\/velipost.com\/wp-content\/uploads\/2025\/11\/Alfred-Metellus.jpg","datePublished":"2026-01-23T17:25:41+00:00","dateModified":"2026-01-23T17:25:44+00:00","breadcrumb":{"@id":"https:\/\/velipost.com\/?p=5436#breadcrumb"},"inLanguage":"fr-FR","potentialAction":[{"@type":"ReadAction","target":["https:\/\/velipost.com\/?p=5436"]}]},{"@type":"ImageObject","inLanguage":"fr-FR","@id":"https:\/\/velipost.com\/?p=5436#primaryimage","url":"https:\/\/velipost.com\/wp-content\/uploads\/2025\/11\/Alfred-Metellus.jpg","contentUrl":"https:\/\/velipost.com\/wp-content\/uploads\/2025\/11\/Alfred-Metellus.jpg","width":1170,"height":603},{"@type":"BreadcrumbList","@id":"https:\/\/velipost.com\/?p=5436#breadcrumb","itemListElement":[{"@type":"ListItem","position":1,"name":"Accueil","item":"https:\/\/velipost.com\/"},{"@type":"ListItem","position":2,"name":"Alfred M\u00e9tellus sur une pente glissante apr\u00e8s les propos de Louis G\u00e9rald Gilles"}]},{"@type":"WebSite","@id":"https:\/\/velipost.com\/#website","url":"https:\/\/velipost.com\/","name":"VeliPost","description":"L\u2019info en un clic","publisher":{"@id":"https:\/\/velipost.com\/#organization"},"potentialAction":[{"@type":"SearchAction","target":{"@type":"EntryPoint","urlTemplate":"https:\/\/velipost.com\/?s={search_term_string}"},"query-input":{"@type":"PropertyValueSpecification","valueRequired":true,"valueName":"search_term_string"}}],"inLanguage":"fr-FR"},{"@type":"Organization","@id":"https:\/\/velipost.com\/#organization","name":"VeliPost","url":"https:\/\/velipost.com\/","logo":{"@type":"ImageObject","inLanguage":"fr-FR","@id":"https:\/\/velipost.com\/#\/schema\/logo\/image\/","url":"https:\/\/velipost.com\/wp-content\/uploads\/2024\/08\/cropped-VP-logo-piti.png","contentUrl":"https:\/\/velipost.com\/wp-content\/uploads\/2024\/08\/cropped-VP-logo-piti.png","width":201,"height":69,"caption":"VeliPost"},"image":{"@id":"https:\/\/velipost.com\/#\/schema\/logo\/image\/"},"sameAs":["https:\/\/www.facebook.com\/veliposthaiti","https:\/\/x.com\/veliposthaiti","https:\/\/www.instagram.com\/veliposthaiti"]},{"@type":"Person","@id":"https:\/\/velipost.com\/#\/schema\/person\/32ff49a53c9c1bb24302ee8ece058096","name":"VeliPost","image":{"@type":"ImageObject","inLanguage":"fr-FR","@id":"https:\/\/velipost.com\/#\/schema\/person\/image\/","url":"https:\/\/secure.gravatar.com\/avatar\/57c226c264de62f794185a89596d4a37b85a5ad20aca30d9d5a478b27d8c8d9d?s=96&d=mm&r=g","contentUrl":"https:\/\/secure.gravatar.com\/avatar\/57c226c264de62f794185a89596d4a37b85a5ad20aca30d9d5a478b27d8c8d9d?s=96&d=mm&r=g","caption":"VeliPost"},"sameAs":["https:\/\/velipost.com"],"url":"https:\/\/velipost.com\/?author=1"}]}},"views":0,"jetpack_publicize_connections":[],"uagb_featured_image_src":{"full":["https:\/\/velipost.com\/wp-content\/uploads\/2025\/11\/Alfred-Metellus.jpg",1170,603,false],"thumbnail":["https:\/\/velipost.com\/wp-content\/uploads\/2025\/11\/Alfred-Metellus-150x150.jpg",150,150,true],"medium":["https:\/\/velipost.com\/wp-content\/uploads\/2025\/11\/Alfred-Metellus-300x155.jpg",300,155,true],"medium_large":["https:\/\/velipost.com\/wp-content\/uploads\/2025\/11\/Alfred-Metellus-768x396.jpg",715,369,true],"large":["https:\/\/velipost.com\/wp-content\/uploads\/2025\/11\/Alfred-Metellus-1024x528.jpg",715,369,true],"1536x1536":["https:\/\/velipost.com\/wp-content\/uploads\/2025\/11\/Alfred-Metellus.jpg",1170,603,false],"2048x2048":["https:\/\/velipost.com\/wp-content\/uploads\/2025\/11\/Alfred-Metellus.jpg",1170,603,false],"colornews-big-slider":["https:\/\/velipost.com\/wp-content\/uploads\/2025\/11\/Alfred-Metellus-1070x470.jpg",1070,470,true],"colornews-big-slider-thumb":["https:\/\/velipost.com\/wp-content\/uploads\/2025\/11\/Alfred-Metellus-184x109.jpg",184,109,true],"colornews-featured-post-medium":["https:\/\/velipost.com\/wp-content\/uploads\/2025\/11\/Alfred-Metellus-345x265.jpg",345,265,true],"colornews-featured-post-small":["https:\/\/velipost.com\/wp-content\/uploads\/2025\/11\/Alfred-Metellus-115x73.jpg",115,73,true],"colornews-random-posts":["https:\/\/velipost.com\/wp-content\/uploads\/2025\/11\/Alfred-Metellus-215x215.jpg",215,215,true],"colornews-featured-image":["https:\/\/velipost.com\/wp-content\/uploads\/2025\/11\/Alfred-Metellus-715x400.jpg",715,400,true],"mailpoet_newsletter_max":["https:\/\/velipost.com\/wp-content\/uploads\/2025\/11\/Alfred-Metellus.jpg",1170,603,false]},"uagb_author_info":{"display_name":"VeliPost","author_link":"https:\/\/velipost.com\/?author=1"},"uagb_comment_info":0,"uagb_excerpt":"Entre ambitions internes et ligne rouge de la communaut\u00e9 internationale. La d\u00e9claration r\u00e9cente du conseiller pr\u00e9sidentiel Louis G\u00e9rald Gilles \u00e9voquant la possible nomination du","_links":{"self":[{"href":"https:\/\/velipost.com\/index.php?rest_route=\/wp\/v2\/posts\/5436","targetHints":{"allow":["GET"]}}],"collection":[{"href":"https:\/\/velipost.com\/index.php?rest_route=\/wp\/v2\/posts"}],"about":[{"href":"https:\/\/velipost.com\/index.php?rest_route=\/wp\/v2\/types\/post"}],"author":[{"embeddable":true,"href":"https:\/\/velipost.com\/index.php?rest_route=\/wp\/v2\/users\/1"}],"replies":[{"embeddable":true,"href":"https:\/\/velipost.com\/index.php?rest_route=%2Fwp%2Fv2%2Fcomments&post=5436"}],"version-history":[{"count":1,"href":"https:\/\/velipost.com\/index.php?rest_route=\/wp\/v2\/posts\/5436\/revisions"}],"predecessor-version":[{"id":5437,"href":"https:\/\/velipost.com\/index.php?rest_route=\/wp\/v2\/posts\/5436\/revisions\/5437"}],"wp:featuredmedia":[{"embeddable":true,"href":"https:\/\/velipost.com\/index.php?rest_route=\/wp\/v2\/media\/4861"}],"wp:attachment":[{"href":"https:\/\/velipost.com\/index.php?rest_route=%2Fwp%2Fv2%2Fmedia&parent=5436"}],"wp:term":[{"taxonomy":"category","embeddable":true,"href":"https:\/\/velipost.com\/index.php?rest_route=%2Fwp%2Fv2%2Fcategories&post=5436"},{"taxonomy":"post_tag","embeddable":true,"href":"https:\/\/velipost.com\/index.php?rest_route=%2Fwp%2Fv2%2Ftags&post=5436"}],"curies":[{"name":"wp","href":"https:\/\/api.w.org\/{rel}","templated":true}]}}