{"id":5430,"date":"2026-01-23T04:25:00","date_gmt":"2026-01-23T03:25:00","guid":{"rendered":"https:\/\/velipost.com\/?p=5430"},"modified":"2026-01-23T04:25:02","modified_gmt":"2026-01-23T03:25:02","slug":"49-organisations-signent-un-acte-pour-la-creation-de-la-chambre-de-controle-de-la-transition-en-haiti","status":"publish","type":"post","link":"https:\/\/velipost.com\/?p=5430","title":{"rendered":"49 organisations signent un acte pour la cr\u00e9ation de la Chambre de Contr\u00f4le de la Transition en Ha\u00efti"},"content":{"rendered":"\n<p>La Soci\u00e9t\u00e9 Civile ha\u00eftienne a franchi une nouvelle \u00e9tape dans le processus de r\u00e9\u00e9quilibrage institutionnel du pays. R\u00e9unies ce jeudi lors des Assises organis\u00e9es \u00e0 l\u2019H\u00f4tel Oasis, 49 organisations ont sign\u00e9 un acte d\u2019engagement en vue de la mise en place de la Chambre de Contr\u00f4le de la Transition (CCT).<\/p>\n\n\n\n<p>Cette initiative intervient dans un contexte marqu\u00e9 par l\u2019absence prolong\u00e9e du Parlement. La CCT est pr\u00e9sent\u00e9e comme un organe de contr\u00f4le citoyen charg\u00e9 de veiller \u00e0 la redevabilit\u00e9 de l\u2019\u00c9tat et \u00e0 la transparence de la gouvernance durant la p\u00e9riode de transition. Elle sera compos\u00e9e de 11 repr\u00e9sentants issus de secteurs strat\u00e9giques de la soci\u00e9t\u00e9.<\/p>\n\n\n\n<p>Selon les informations communiqu\u00e9es, la cr\u00e9ation de cette structure vise \u00e0 combler le vide institutionnel actuel par un m\u00e9canisme de surveillance conforme aux principes de bonne gouvernance et aux standards d\u00e9mocratiques.<\/p>\n\n\n\n<p>Parmi les signataires figure le Collectif des Professionnels de la Presse (CPP). Dans une note de presse publi\u00e9e le 22 janvier 2026, l\u2019organisation a confirm\u00e9 avoir officiellement sign\u00e9 l\u2019acte d\u2019engagement aux c\u00f4t\u00e9s de 48 autres structures de la Soci\u00e9t\u00e9 Civile.<\/p>\n\n\n\n<p>Le CPP souligne que cette d\u00e9marche s\u2019inscrit dans la n\u00e9cessit\u00e9 urgente de restaurer l\u2019\u00e9quilibre institutionnel et de renforcer les m\u00e9canismes de contr\u00f4le de l\u2019action publique. L\u2019organisation affirme \u00e9galement son attachement aux principes de transparence, de responsabilit\u00e9 et de droit \u00e0 l\u2019information.<\/p>\n\n\n\n<p>La Soci\u00e9t\u00e9 Civile, \u00e0 travers cette initiative souveraine, r\u00e9affirme ainsi sa volont\u00e9 de structurer un contr\u00f4le citoyen rigoureux afin de contribuer \u00e0 la stabilit\u00e9 nationale.<\/p>\n\n\n\n<figure class=\"wp-block-image size-large\"><a href=\"https:\/\/velipost.com\/wp-content\/uploads\/2026\/01\/CCT-1.jpg\"><img fetchpriority=\"high\" decoding=\"async\" width=\"1024\" height=\"528\" src=\"https:\/\/velipost.com\/wp-content\/uploads\/2026\/01\/CCT-1-1024x528.jpg\" alt=\"\" class=\"wp-image-5431\" srcset=\"https:\/\/velipost.com\/wp-content\/uploads\/2026\/01\/CCT-1-1024x528.jpg 1024w, https:\/\/velipost.com\/wp-content\/uploads\/2026\/01\/CCT-1-300x155.jpg 300w, https:\/\/velipost.com\/wp-content\/uploads\/2026\/01\/CCT-1-768x396.jpg 768w, https:\/\/velipost.com\/wp-content\/uploads\/2026\/01\/CCT-1.jpg 1170w\" sizes=\"(max-width: 1024px) 100vw, 1024px\" \/><\/a><\/figure>\n\n    <div class=\"xs_social_share_widget xs_share_url after_content \t\tmain_content  wslu-style-3 wslu-share-box-shaped wslu-fill-brand-hover-colored wslu-share-m-5 wslu-none wslu-share-horizontal wslu-theme-font-no wslu-main_content\">\n\n\t\t\n        <ul>\n\t\t\t                    <li class=\"xs-share-li twitter                        wslu-no-extra-data\">\n                        <a href=\"javascript:void(0);\"\n                           id=\"xs_feed_twitter\"\n                           onclick=\"xs_social_sharer(this);\"\n                           data-pid=\"5430\"\n                           data-uri_hash=\"fb0717c9ca6dab63c0de4bd0d5519cda\"\n                           data-key=\"twitter\"\n                           data-xs-href=\"https:\/\/twitter.com\/intent\/tweet?text=49+organisations+signent+un+acte+pour+la+cr%C3%A9ation+de+la+Chambre+de+Contr%C3%B4le+de+la+Transition+en+Ha%C3%AFti+https%3A%2F%2Fvelipost.com%2Findex.php%3Frest_route%3D%252Fwp%252Fv2%252Fposts%252F5430&amp;original_referer=https%3A%2F%2Fvelipost.com%2Findex.php%3Frest_route%3D%252Fwp%252Fv2%252Fposts%252F5430&amp;related=xpeedstudio\">\n\n                            <div class=\"xs-social-icon\">\n                                <span class=\"met-social met-social-twitter\"><\/span>\n                            <\/div>\n\n\t\t\t\t\t\t\t\n                            <div class=\"wslu-hover-content\">\n                                <div class=\"xs-social-followers\">\n\t\t\t\t\t\t\t\t\t10                                <\/div>\n                                <div class=\"xs-social-follower-text\">\n\t\t\t\t\t\t\t\t\tShare                                <\/div>\n                                <div class=\"xs-social-follower-label\">\n\t\t\t\t\t\t\t\t\tTwitter                                <\/div>\n                            <\/div>\n                        <\/a>\n                    <\/li>\n\t\t\t\t\t                    <li class=\"xs-share-li telegram                        wslu-no-extra-data\">\n                        <a href=\"javascript:void(0);\"\n                           id=\"xs_feed_telegram\"\n                           onclick=\"xs_social_sharer(this);\"\n                           data-pid=\"5430\"\n                           data-uri_hash=\"fb0717c9ca6dab63c0de4bd0d5519cda\"\n                           data-key=\"telegram\"\n                           data-xs-href=\"https:\/\/telegram.me\/share\/url?url=https%3A%2F%2Fvelipost.com%2Findex.php%3Frest_route%3D%252Fwp%252Fv2%252Fposts%252F5430&amp;text=49+organisations+signent+un+acte+pour+la+cr%C3%A9ation+de+la+Chambre+de+Contr%C3%B4le+de+la+Transition+en+Ha%C3%AFti\">\n\n                            <div class=\"xs-social-icon\">\n                                <span class=\"met-social met-social-telegram\"><\/span>\n                            <\/div>\n\n\t\t\t\t\t\t\t\n                            <div class=\"wslu-hover-content\">\n                                <div class=\"xs-social-followers\">\n\t\t\t\t\t\t\t\t\t0                                <\/div>\n                                <div class=\"xs-social-follower-text\">\n\t\t\t\t\t\t\t\t\tShare                                <\/div>\n                                <div class=\"xs-social-follower-label\">\n\t\t\t\t\t\t\t\t\tTelegram                                <\/div>\n                            <\/div>\n                        <\/a>\n                    <\/li>\n\t\t\t\t\t                    <li class=\"xs-share-li email                        wslu-no-extra-data\">\n                        <a href=\"javascript:void(0);\"\n                           id=\"xs_feed_email\"\n                           onclick=\"xs_social_sharer(this);\"\n                           data-pid=\"5430\"\n                           data-uri_hash=\"fb0717c9ca6dab63c0de4bd0d5519cda\"\n                           data-key=\"email\"\n                           data-xs-href=\"mailto:?body=Title%3A+49+organisations+signent+un+acte+pour+la+cr%C3%A9ation+de+la+Chambre+de+Contr%C3%B4le+de+la+Transition+en+Ha%C3%AFti+%5Cn%5Cn+URL%3A+https%3A%2F%2Fvelipost.com%2Findex.php%3Frest_route%3D%252Fwp%252Fv2%252Fposts%252F5430&amp;subject=49+organisations+signent+un+acte+pour+la+cr%C3%A9ation+de+la+Chambre+de+Contr%C3%B4le+de+la+Transition+en+Ha%C3%AFti\">\n\n                            <div class=\"xs-social-icon\">\n                                <span class=\"met-social met-social-email\"><\/span>\n                            <\/div>\n\n\t\t\t\t\t\t\t\n                            <div class=\"wslu-hover-content\">\n                                <div class=\"xs-social-followers\">\n\t\t\t\t\t\t\t\t\t0                                <\/div>\n                                <div class=\"xs-social-follower-text\">\n\t\t\t\t\t\t\t\t\tShare                                <\/div>\n                                <div class=\"xs-social-follower-label\">\n\t\t\t\t\t\t\t\t\tEmail                                <\/div>\n                            <\/div>\n                        <\/a>\n                    <\/li>\n\t\t\t\t\t        <\/ul>\n    <\/div> \n","protected":false},"excerpt":{"rendered":"<p>La Soci\u00e9t\u00e9 Civile ha\u00eftienne a franchi une nouvelle \u00e9tape dans le processus de r\u00e9\u00e9quilibrage institutionnel du pays. R\u00e9unies ce jeudi lors des Assises organis\u00e9es<\/p>\n","protected":false},"author":1,"featured_media":5432,"comment_status":"open","ping_status":"open","sticky":false,"template":"","format":"standard","meta":{"_uag_custom_page_level_css":"","footnotes":"","jetpack_publicize_message":"","jetpack_publicize_feature_enabled":true,"jetpack_social_post_already_shared":true,"jetpack_social_options":{"image_generator_settings":{"template":"highway","default_image_id":0,"font":"","enabled":false},"version":2}},"categories":[94],"tags":[],"class_list":["post-5430","post","type-post","status-publish","format-standard","has-post-thumbnail","hentry","category-a-la-une"],"yoast_head":"<!-- This site is optimized with the Yoast SEO plugin v25.3.1 - https:\/\/yoast.com\/wordpress\/plugins\/seo\/ -->\n<title>49 organisations signent un acte pour la cr\u00e9ation de la Chambre de Contr\u00f4le de la Transition en Ha\u00efti &#8211; VeliPost<\/title>\n<meta name=\"robots\" content=\"index, follow, max-snippet:-1, max-image-preview:large, max-video-preview:-1\" \/>\n<link rel=\"canonical\" href=\"https:\/\/velipost.com\/?p=5430\" \/>\n<meta property=\"og:locale\" content=\"fr_FR\" \/>\n<meta property=\"og:type\" content=\"article\" \/>\n<meta property=\"og:title\" content=\"49 organisations signent un acte pour la cr\u00e9ation de la Chambre de Contr\u00f4le de la Transition en Ha\u00efti &#8211; VeliPost\" \/>\n<meta property=\"og:description\" content=\"La Soci\u00e9t\u00e9 Civile ha\u00eftienne a franchi une nouvelle \u00e9tape dans le processus de r\u00e9\u00e9quilibrage institutionnel du pays. R\u00e9unies ce jeudi lors des Assises organis\u00e9es\" \/>\n<meta property=\"og:url\" content=\"https:\/\/velipost.com\/?p=5430\" \/>\n<meta property=\"og:site_name\" content=\"VeliPost\" \/>\n<meta property=\"article:publisher\" content=\"https:\/\/www.facebook.com\/veliposthaiti\" \/>\n<meta property=\"article:published_time\" content=\"2026-01-23T03:25:00+00:00\" \/>\n<meta property=\"article:modified_time\" content=\"2026-01-23T03:25:02+00:00\" \/>\n<meta property=\"og:image\" content=\"https:\/\/velipost.com\/wp-content\/uploads\/2026\/01\/CCT.jpg\" \/>\n\t<meta property=\"og:image:width\" content=\"1170\" \/>\n\t<meta property=\"og:image:height\" content=\"603\" \/>\n\t<meta property=\"og:image:type\" content=\"image\/jpeg\" \/>\n<meta name=\"author\" content=\"VeliPost\" \/>\n<meta name=\"twitter:card\" content=\"summary_large_image\" \/>\n<meta name=\"twitter:creator\" content=\"@veliposthaiti\" \/>\n<meta name=\"twitter:site\" content=\"@veliposthaiti\" \/>\n<meta name=\"twitter:label1\" content=\"\u00c9crit par\" \/>\n\t<meta name=\"twitter:data1\" content=\"VeliPost\" \/>\n\t<meta name=\"twitter:label2\" content=\"Dur\u00e9e de lecture estim\u00e9e\" \/>\n\t<meta name=\"twitter:data2\" content=\"2 minutes\" \/>\n<script type=\"application\/ld+json\" class=\"yoast-schema-graph\">{\"@context\":\"https:\/\/schema.org\",\"@graph\":[{\"@type\":\"Article\",\"@id\":\"https:\/\/velipost.com\/?p=5430#article\",\"isPartOf\":{\"@id\":\"https:\/\/velipost.com\/?p=5430\"},\"author\":{\"name\":\"VeliPost\",\"@id\":\"https:\/\/velipost.com\/#\/schema\/person\/32ff49a53c9c1bb24302ee8ece058096\"},\"headline\":\"49 organisations signent un acte pour la cr\u00e9ation de la Chambre de Contr\u00f4le de la Transition en Ha\u00efti\",\"datePublished\":\"2026-01-23T03:25:00+00:00\",\"dateModified\":\"2026-01-23T03:25:02+00:00\",\"mainEntityOfPage\":{\"@id\":\"https:\/\/velipost.com\/?p=5430\"},\"wordCount\":293,\"commentCount\":0,\"publisher\":{\"@id\":\"https:\/\/velipost.com\/#organization\"},\"image\":{\"@id\":\"https:\/\/velipost.com\/?p=5430#primaryimage\"},\"thumbnailUrl\":\"https:\/\/velipost.com\/wp-content\/uploads\/2026\/01\/CCT.jpg\",\"articleSection\":[\"A la Une\"],\"inLanguage\":\"fr-FR\",\"potentialAction\":[{\"@type\":\"CommentAction\",\"name\":\"Comment\",\"target\":[\"https:\/\/velipost.com\/?p=5430#respond\"]}]},{\"@type\":\"WebPage\",\"@id\":\"https:\/\/velipost.com\/?p=5430\",\"url\":\"https:\/\/velipost.com\/?p=5430\",\"name\":\"49 organisations signent un acte pour la cr\u00e9ation de la Chambre de Contr\u00f4le de la Transition en Ha\u00efti &#8211; VeliPost\",\"isPartOf\":{\"@id\":\"https:\/\/velipost.com\/#website\"},\"primaryImageOfPage\":{\"@id\":\"https:\/\/velipost.com\/?p=5430#primaryimage\"},\"image\":{\"@id\":\"https:\/\/velipost.com\/?p=5430#primaryimage\"},\"thumbnailUrl\":\"https:\/\/velipost.com\/wp-content\/uploads\/2026\/01\/CCT.jpg\",\"datePublished\":\"2026-01-23T03:25:00+00:00\",\"dateModified\":\"2026-01-23T03:25:02+00:00\",\"breadcrumb\":{\"@id\":\"https:\/\/velipost.com\/?p=5430#breadcrumb\"},\"inLanguage\":\"fr-FR\",\"potentialAction\":[{\"@type\":\"ReadAction\",\"target\":[\"https:\/\/velipost.com\/?p=5430\"]}]},{\"@type\":\"ImageObject\",\"inLanguage\":\"fr-FR\",\"@id\":\"https:\/\/velipost.com\/?p=5430#primaryimage\",\"url\":\"https:\/\/velipost.com\/wp-content\/uploads\/2026\/01\/CCT.jpg\",\"contentUrl\":\"https:\/\/velipost.com\/wp-content\/uploads\/2026\/01\/CCT.jpg\",\"width\":1170,\"height\":603},{\"@type\":\"BreadcrumbList\",\"@id\":\"https:\/\/velipost.com\/?p=5430#breadcrumb\",\"itemListElement\":[{\"@type\":\"ListItem\",\"position\":1,\"name\":\"Accueil\",\"item\":\"https:\/\/velipost.com\/\"},{\"@type\":\"ListItem\",\"position\":2,\"name\":\"49 organisations signent un acte pour la cr\u00e9ation de la Chambre de Contr\u00f4le de la Transition en Ha\u00efti\"}]},{\"@type\":\"WebSite\",\"@id\":\"https:\/\/velipost.com\/#website\",\"url\":\"https:\/\/velipost.com\/\",\"name\":\"VeliPost\",\"description\":\"L\u2019info en un clic\",\"publisher\":{\"@id\":\"https:\/\/velipost.com\/#organization\"},\"potentialAction\":[{\"@type\":\"SearchAction\",\"target\":{\"@type\":\"EntryPoint\",\"urlTemplate\":\"https:\/\/velipost.com\/?s={search_term_string}\"},\"query-input\":{\"@type\":\"PropertyValueSpecification\",\"valueRequired\":true,\"valueName\":\"search_term_string\"}}],\"inLanguage\":\"fr-FR\"},{\"@type\":\"Organization\",\"@id\":\"https:\/\/velipost.com\/#organization\",\"name\":\"VeliPost\",\"url\":\"https:\/\/velipost.com\/\",\"logo\":{\"@type\":\"ImageObject\",\"inLanguage\":\"fr-FR\",\"@id\":\"https:\/\/velipost.com\/#\/schema\/logo\/image\/\",\"url\":\"https:\/\/velipost.com\/wp-content\/uploads\/2024\/08\/cropped-VP-logo-piti.png\",\"contentUrl\":\"https:\/\/velipost.com\/wp-content\/uploads\/2024\/08\/cropped-VP-logo-piti.png\",\"width\":201,\"height\":69,\"caption\":\"VeliPost\"},\"image\":{\"@id\":\"https:\/\/velipost.com\/#\/schema\/logo\/image\/\"},\"sameAs\":[\"https:\/\/www.facebook.com\/veliposthaiti\",\"https:\/\/x.com\/veliposthaiti\",\"https:\/\/www.instagram.com\/veliposthaiti\"]},{\"@type\":\"Person\",\"@id\":\"https:\/\/velipost.com\/#\/schema\/person\/32ff49a53c9c1bb24302ee8ece058096\",\"name\":\"VeliPost\",\"image\":{\"@type\":\"ImageObject\",\"inLanguage\":\"fr-FR\",\"@id\":\"https:\/\/velipost.com\/#\/schema\/person\/image\/\",\"url\":\"https:\/\/secure.gravatar.com\/avatar\/57c226c264de62f794185a89596d4a37b85a5ad20aca30d9d5a478b27d8c8d9d?s=96&d=mm&r=g\",\"contentUrl\":\"https:\/\/secure.gravatar.com\/avatar\/57c226c264de62f794185a89596d4a37b85a5ad20aca30d9d5a478b27d8c8d9d?s=96&d=mm&r=g\",\"caption\":\"VeliPost\"},\"sameAs\":[\"https:\/\/velipost.com\"],\"url\":\"https:\/\/velipost.com\/?author=1\"}]}<\/script>\n<!-- \/ Yoast SEO plugin. -->","yoast_head_json":{"title":"49 organisations signent un acte pour la cr\u00e9ation de la Chambre de Contr\u00f4le de la Transition en Ha\u00efti &#8211; VeliPost","robots":{"index":"index","follow":"follow","max-snippet":"max-snippet:-1","max-image-preview":"max-image-preview:large","max-video-preview":"max-video-preview:-1"},"canonical":"https:\/\/velipost.com\/?p=5430","og_locale":"fr_FR","og_type":"article","og_title":"49 organisations signent un acte pour la cr\u00e9ation de la Chambre de Contr\u00f4le de la Transition en Ha\u00efti &#8211; VeliPost","og_description":"La Soci\u00e9t\u00e9 Civile ha\u00eftienne a franchi une nouvelle \u00e9tape dans le processus de r\u00e9\u00e9quilibrage institutionnel du pays. R\u00e9unies ce jeudi lors des Assises organis\u00e9es","og_url":"https:\/\/velipost.com\/?p=5430","og_site_name":"VeliPost","article_publisher":"https:\/\/www.facebook.com\/veliposthaiti","article_published_time":"2026-01-23T03:25:00+00:00","article_modified_time":"2026-01-23T03:25:02+00:00","og_image":[{"width":1170,"height":603,"url":"https:\/\/velipost.com\/wp-content\/uploads\/2026\/01\/CCT.jpg","type":"image\/jpeg"}],"author":"VeliPost","twitter_card":"summary_large_image","twitter_creator":"@veliposthaiti","twitter_site":"@veliposthaiti","twitter_misc":{"\u00c9crit par":"VeliPost","Dur\u00e9e de lecture estim\u00e9e":"2 minutes"},"schema":{"@context":"https:\/\/schema.org","@graph":[{"@type":"Article","@id":"https:\/\/velipost.com\/?p=5430#article","isPartOf":{"@id":"https:\/\/velipost.com\/?p=5430"},"author":{"name":"VeliPost","@id":"https:\/\/velipost.com\/#\/schema\/person\/32ff49a53c9c1bb24302ee8ece058096"},"headline":"49 organisations signent un acte pour la cr\u00e9ation de la Chambre de Contr\u00f4le de la Transition en Ha\u00efti","datePublished":"2026-01-23T03:25:00+00:00","dateModified":"2026-01-23T03:25:02+00:00","mainEntityOfPage":{"@id":"https:\/\/velipost.com\/?p=5430"},"wordCount":293,"commentCount":0,"publisher":{"@id":"https:\/\/velipost.com\/#organization"},"image":{"@id":"https:\/\/velipost.com\/?p=5430#primaryimage"},"thumbnailUrl":"https:\/\/velipost.com\/wp-content\/uploads\/2026\/01\/CCT.jpg","articleSection":["A la Une"],"inLanguage":"fr-FR","potentialAction":[{"@type":"CommentAction","name":"Comment","target":["https:\/\/velipost.com\/?p=5430#respond"]}]},{"@type":"WebPage","@id":"https:\/\/velipost.com\/?p=5430","url":"https:\/\/velipost.com\/?p=5430","name":"49 organisations signent un acte pour la cr\u00e9ation de la Chambre de Contr\u00f4le de la Transition en Ha\u00efti &#8211; VeliPost","isPartOf":{"@id":"https:\/\/velipost.com\/#website"},"primaryImageOfPage":{"@id":"https:\/\/velipost.com\/?p=5430#primaryimage"},"image":{"@id":"https:\/\/velipost.com\/?p=5430#primaryimage"},"thumbnailUrl":"https:\/\/velipost.com\/wp-content\/uploads\/2026\/01\/CCT.jpg","datePublished":"2026-01-23T03:25:00+00:00","dateModified":"2026-01-23T03:25:02+00:00","breadcrumb":{"@id":"https:\/\/velipost.com\/?p=5430#breadcrumb"},"inLanguage":"fr-FR","potentialAction":[{"@type":"ReadAction","target":["https:\/\/velipost.com\/?p=5430"]}]},{"@type":"ImageObject","inLanguage":"fr-FR","@id":"https:\/\/velipost.com\/?p=5430#primaryimage","url":"https:\/\/velipost.com\/wp-content\/uploads\/2026\/01\/CCT.jpg","contentUrl":"https:\/\/velipost.com\/wp-content\/uploads\/2026\/01\/CCT.jpg","width":1170,"height":603},{"@type":"BreadcrumbList","@id":"https:\/\/velipost.com\/?p=5430#breadcrumb","itemListElement":[{"@type":"ListItem","position":1,"name":"Accueil","item":"https:\/\/velipost.com\/"},{"@type":"ListItem","position":2,"name":"49 organisations signent un acte pour la cr\u00e9ation de la Chambre de Contr\u00f4le de la Transition en Ha\u00efti"}]},{"@type":"WebSite","@id":"https:\/\/velipost.com\/#website","url":"https:\/\/velipost.com\/","name":"VeliPost","description":"L\u2019info en un clic","publisher":{"@id":"https:\/\/velipost.com\/#organization"},"potentialAction":[{"@type":"SearchAction","target":{"@type":"EntryPoint","urlTemplate":"https:\/\/velipost.com\/?s={search_term_string}"},"query-input":{"@type":"PropertyValueSpecification","valueRequired":true,"valueName":"search_term_string"}}],"inLanguage":"fr-FR"},{"@type":"Organization","@id":"https:\/\/velipost.com\/#organization","name":"VeliPost","url":"https:\/\/velipost.com\/","logo":{"@type":"ImageObject","inLanguage":"fr-FR","@id":"https:\/\/velipost.com\/#\/schema\/logo\/image\/","url":"https:\/\/velipost.com\/wp-content\/uploads\/2024\/08\/cropped-VP-logo-piti.png","contentUrl":"https:\/\/velipost.com\/wp-content\/uploads\/2024\/08\/cropped-VP-logo-piti.png","width":201,"height":69,"caption":"VeliPost"},"image":{"@id":"https:\/\/velipost.com\/#\/schema\/logo\/image\/"},"sameAs":["https:\/\/www.facebook.com\/veliposthaiti","https:\/\/x.com\/veliposthaiti","https:\/\/www.instagram.com\/veliposthaiti"]},{"@type":"Person","@id":"https:\/\/velipost.com\/#\/schema\/person\/32ff49a53c9c1bb24302ee8ece058096","name":"VeliPost","image":{"@type":"ImageObject","inLanguage":"fr-FR","@id":"https:\/\/velipost.com\/#\/schema\/person\/image\/","url":"https:\/\/secure.gravatar.com\/avatar\/57c226c264de62f794185a89596d4a37b85a5ad20aca30d9d5a478b27d8c8d9d?s=96&d=mm&r=g","contentUrl":"https:\/\/secure.gravatar.com\/avatar\/57c226c264de62f794185a89596d4a37b85a5ad20aca30d9d5a478b27d8c8d9d?s=96&d=mm&r=g","caption":"VeliPost"},"sameAs":["https:\/\/velipost.com"],"url":"https:\/\/velipost.com\/?author=1"}]}},"views":0,"jetpack_publicize_connections":[],"uagb_featured_image_src":{"full":["https:\/\/velipost.com\/wp-content\/uploads\/2026\/01\/CCT.jpg",1170,603,false],"thumbnail":["https:\/\/velipost.com\/wp-content\/uploads\/2026\/01\/CCT-150x150.jpg",150,150,true],"medium":["https:\/\/velipost.com\/wp-content\/uploads\/2026\/01\/CCT-300x155.jpg",300,155,true],"medium_large":["https:\/\/velipost.com\/wp-content\/uploads\/2026\/01\/CCT-768x396.jpg",715,369,true],"large":["https:\/\/velipost.com\/wp-content\/uploads\/2026\/01\/CCT-1024x528.jpg",715,369,true],"1536x1536":["https:\/\/velipost.com\/wp-content\/uploads\/2026\/01\/CCT.jpg",1170,603,false],"2048x2048":["https:\/\/velipost.com\/wp-content\/uploads\/2026\/01\/CCT.jpg",1170,603,false],"colornews-big-slider":["https:\/\/velipost.com\/wp-content\/uploads\/2026\/01\/CCT-1070x470.jpg",1070,470,true],"colornews-big-slider-thumb":["https:\/\/velipost.com\/wp-content\/uploads\/2026\/01\/CCT-184x109.jpg",184,109,true],"colornews-featured-post-medium":["https:\/\/velipost.com\/wp-content\/uploads\/2026\/01\/CCT-345x265.jpg",345,265,true],"colornews-featured-post-small":["https:\/\/velipost.com\/wp-content\/uploads\/2026\/01\/CCT-115x73.jpg",115,73,true],"colornews-random-posts":["https:\/\/velipost.com\/wp-content\/uploads\/2026\/01\/CCT-215x215.jpg",215,215,true],"colornews-featured-image":["https:\/\/velipost.com\/wp-content\/uploads\/2026\/01\/CCT-715x400.jpg",715,400,true],"mailpoet_newsletter_max":["https:\/\/velipost.com\/wp-content\/uploads\/2026\/01\/CCT.jpg",1170,603,false]},"uagb_author_info":{"display_name":"VeliPost","author_link":"https:\/\/velipost.com\/?author=1"},"uagb_comment_info":0,"uagb_excerpt":"La Soci\u00e9t\u00e9 Civile ha\u00eftienne a franchi une nouvelle \u00e9tape dans le processus de r\u00e9\u00e9quilibrage institutionnel du pays. R\u00e9unies ce jeudi lors des Assises organis\u00e9es","_links":{"self":[{"href":"https:\/\/velipost.com\/index.php?rest_route=\/wp\/v2\/posts\/5430","targetHints":{"allow":["GET"]}}],"collection":[{"href":"https:\/\/velipost.com\/index.php?rest_route=\/wp\/v2\/posts"}],"about":[{"href":"https:\/\/velipost.com\/index.php?rest_route=\/wp\/v2\/types\/post"}],"author":[{"embeddable":true,"href":"https:\/\/velipost.com\/index.php?rest_route=\/wp\/v2\/users\/1"}],"replies":[{"embeddable":true,"href":"https:\/\/velipost.com\/index.php?rest_route=%2Fwp%2Fv2%2Fcomments&post=5430"}],"version-history":[{"count":1,"href":"https:\/\/velipost.com\/index.php?rest_route=\/wp\/v2\/posts\/5430\/revisions"}],"predecessor-version":[{"id":5433,"href":"https:\/\/velipost.com\/index.php?rest_route=\/wp\/v2\/posts\/5430\/revisions\/5433"}],"wp:featuredmedia":[{"embeddable":true,"href":"https:\/\/velipost.com\/index.php?rest_route=\/wp\/v2\/media\/5432"}],"wp:attachment":[{"href":"https:\/\/velipost.com\/index.php?rest_route=%2Fwp%2Fv2%2Fmedia&parent=5430"}],"wp:term":[{"taxonomy":"category","embeddable":true,"href":"https:\/\/velipost.com\/index.php?rest_route=%2Fwp%2Fv2%2Fcategories&post=5430"},{"taxonomy":"post_tag","embeddable":true,"href":"https:\/\/velipost.com\/index.php?rest_route=%2Fwp%2Fv2%2Ftags&post=5430"}],"curies":[{"name":"wp","href":"https:\/\/api.w.org\/{rel}","templated":true}]}}