{"id":5427,"date":"2026-01-22T15:14:41","date_gmt":"2026-01-22T14:14:41","guid":{"rendered":"https:\/\/velipost.com\/?p=5427"},"modified":"2026-01-22T15:14:45","modified_gmt":"2026-01-22T14:14:45","slug":"crise-haitienne-ish-et-le-sud-kampe-appellent-le-cpt-a-agir-pour-linteret-national","status":"publish","type":"post","link":"https:\/\/velipost.com\/?p=5427","title":{"rendered":"Crise ha\u00eftienne : ISH et Le Sud Kamp\u00e9 appellent le CPT \u00e0 agir pour l\u2019int\u00e9r\u00eat national"},"content":{"rendered":"\n<p>Les organisations Initiative de Solidarit\u00e9 Ha\u00eftienne (ISH) et Le Sud Kamp\u00e9, aux c\u00f4t\u00e9s d\u2019autres structures de la soci\u00e9t\u00e9 civile, ont lanc\u00e9 un appel au Conseil pr\u00e9sidentiel de transition (CPT) afin qu\u2019il privil\u00e9gie l\u2019int\u00e9r\u00eat g\u00e9n\u00e9ral dans ses d\u00e9cisions. Elles demandent \u00e0 l\u2019organe de transition de s\u2019abstenir de toute action pouvant accentuer la crise politique, sociale et s\u00e9curitaire que traverse le pays.<\/p>\n\n\n\n<p>Dans leur prise de position, ces organisations estiment que la priorit\u00e9 nationale doit \u00eatre la recherche de solutions concr\u00e8tes et durables, capables d\u2019am\u00e9liorer les conditions de vie de la population ha\u00eftienne. Elles soulignent que toute initiative per\u00e7ue comme conflictuelle risque de renforcer l\u2019instabilit\u00e9 et d\u2019aggraver la souffrance des citoyens.<\/p>\n\n\n\n<p>Par ailleurs, ISH et Le Sud Kamp\u00e9, tout comme Ansanm, organisation pou sove Ayiti et SHAPADED, ont salu\u00e9 la d\u00e9cision du Conseiller-Pr\u00e9sident Smith Augustin, qui a retir\u00e9 sa signature du document relatif au renvoi du Premier ministre Alix Didier Fils-Aim\u00e9. Elles consid\u00e8rent ce geste comme un acte de responsabilit\u00e9 politique en faveur de l\u2019apaisement.<\/p>\n\n\n\n<p>Pour ces structures, l\u2019heure est \u00e0 la concertation nationale et \u00e0 la recherche d\u2019une solution inclusive, et non \u00e0 des actions susceptibles d\u2019\u00eatre men\u00e9es au d\u00e9triment de la population ha\u00eftienne. Elles appellent les membres du CPT \u00e0 faire preuve de retenue et de sens de l\u2019\u00c9tat dans la conduite de la transition.<\/p>\n\n    <div class=\"xs_social_share_widget xs_share_url after_content \t\tmain_content  wslu-style-3 wslu-share-box-shaped wslu-fill-brand-hover-colored wslu-share-m-5 wslu-none wslu-share-horizontal wslu-theme-font-no wslu-main_content\">\n\n\t\t\n        <ul>\n\t\t\t                    <li class=\"xs-share-li twitter                        wslu-no-extra-data\">\n                        <a href=\"javascript:void(0);\"\n                           id=\"xs_feed_twitter\"\n                           onclick=\"xs_social_sharer(this);\"\n                           data-pid=\"5427\"\n                           data-uri_hash=\"b94141584c187bcc6699d87e456e46f0\"\n                           data-key=\"twitter\"\n                           data-xs-href=\"https:\/\/twitter.com\/intent\/tweet?text=Crise+ha%C3%AFtienne+%3A+ISH+et+Le+Sud+Kamp%C3%A9+appellent+le+CPT+%C3%A0+agir+pour+l%E2%80%99int%C3%A9r%C3%AAt+national+https%3A%2F%2Fvelipost.com%2Findex.php%3Frest_route%3D%252Fwp%252Fv2%252Fposts%252F5427&amp;original_referer=https%3A%2F%2Fvelipost.com%2Findex.php%3Frest_route%3D%252Fwp%252Fv2%252Fposts%252F5427&amp;related=xpeedstudio\">\n\n                            <div class=\"xs-social-icon\">\n                                <span class=\"met-social met-social-twitter\"><\/span>\n                            <\/div>\n\n\t\t\t\t\t\t\t\n                            <div class=\"wslu-hover-content\">\n                                <div class=\"xs-social-followers\">\n\t\t\t\t\t\t\t\t\t10                                <\/div>\n                                <div class=\"xs-social-follower-text\">\n\t\t\t\t\t\t\t\t\tShare                                <\/div>\n                                <div class=\"xs-social-follower-label\">\n\t\t\t\t\t\t\t\t\tTwitter                                <\/div>\n                            <\/div>\n                        <\/a>\n                    <\/li>\n\t\t\t\t\t                    <li class=\"xs-share-li telegram                        wslu-no-extra-data\">\n                        <a href=\"javascript:void(0);\"\n                           id=\"xs_feed_telegram\"\n                           onclick=\"xs_social_sharer(this);\"\n                           data-pid=\"5427\"\n                           data-uri_hash=\"b94141584c187bcc6699d87e456e46f0\"\n                           data-key=\"telegram\"\n                           data-xs-href=\"https:\/\/telegram.me\/share\/url?url=https%3A%2F%2Fvelipost.com%2Findex.php%3Frest_route%3D%252Fwp%252Fv2%252Fposts%252F5427&amp;text=Crise+ha%C3%AFtienne+%3A+ISH+et+Le+Sud+Kamp%C3%A9+appellent+le+CPT+%C3%A0+agir+pour+l%E2%80%99int%C3%A9r%C3%AAt+national\">\n\n                            <div class=\"xs-social-icon\">\n                                <span class=\"met-social met-social-telegram\"><\/span>\n                            <\/div>\n\n\t\t\t\t\t\t\t\n                            <div class=\"wslu-hover-content\">\n                                <div class=\"xs-social-followers\">\n\t\t\t\t\t\t\t\t\t0                                <\/div>\n                                <div class=\"xs-social-follower-text\">\n\t\t\t\t\t\t\t\t\tShare                                <\/div>\n                                <div class=\"xs-social-follower-label\">\n\t\t\t\t\t\t\t\t\tTelegram                                <\/div>\n                            <\/div>\n                        <\/a>\n                    <\/li>\n\t\t\t\t\t                    <li class=\"xs-share-li email                        wslu-no-extra-data\">\n                        <a href=\"javascript:void(0);\"\n                           id=\"xs_feed_email\"\n                           onclick=\"xs_social_sharer(this);\"\n                           data-pid=\"5427\"\n                           data-uri_hash=\"b94141584c187bcc6699d87e456e46f0\"\n                           data-key=\"email\"\n                           data-xs-href=\"mailto:?body=Title%3A+Crise+ha%C3%AFtienne+%3A+ISH+et+Le+Sud+Kamp%C3%A9+appellent+le+CPT+%C3%A0+agir+pour+l%E2%80%99int%C3%A9r%C3%AAt+national+%5Cn%5Cn+URL%3A+https%3A%2F%2Fvelipost.com%2Findex.php%3Frest_route%3D%252Fwp%252Fv2%252Fposts%252F5427&amp;subject=Crise+ha%C3%AFtienne+%3A+ISH+et+Le+Sud+Kamp%C3%A9+appellent+le+CPT+%C3%A0+agir+pour+l%E2%80%99int%C3%A9r%C3%AAt+national\">\n\n                            <div class=\"xs-social-icon\">\n                                <span class=\"met-social met-social-email\"><\/span>\n                            <\/div>\n\n\t\t\t\t\t\t\t\n                            <div class=\"wslu-hover-content\">\n                                <div class=\"xs-social-followers\">\n\t\t\t\t\t\t\t\t\t0                                <\/div>\n                                <div class=\"xs-social-follower-text\">\n\t\t\t\t\t\t\t\t\tShare                                <\/div>\n                                <div class=\"xs-social-follower-label\">\n\t\t\t\t\t\t\t\t\tEmail                                <\/div>\n                            <\/div>\n                        <\/a>\n                    <\/li>\n\t\t\t\t\t        <\/ul>\n    <\/div> \n","protected":false},"excerpt":{"rendered":"<p>Les organisations Initiative de Solidarit\u00e9 Ha\u00eftienne (ISH) et Le Sud Kamp\u00e9, aux c\u00f4t\u00e9s d\u2019autres structures de la soci\u00e9t\u00e9 civile, ont lanc\u00e9 un appel au<\/p>\n","protected":false},"author":1,"featured_media":4205,"comment_status":"open","ping_status":"open","sticky":false,"template":"","format":"standard","meta":{"_uag_custom_page_level_css":"","footnotes":"","jetpack_publicize_message":"","jetpack_publicize_feature_enabled":true,"jetpack_social_post_already_shared":true,"jetpack_social_options":{"image_generator_settings":{"template":"highway","default_image_id":0,"font":"","enabled":false},"version":2}},"categories":[115],"tags":[],"class_list":["post-5427","post","type-post","status-publish","format-standard","has-post-thumbnail","hentry","category-politique"],"yoast_head":"<!-- This site is optimized with the Yoast SEO plugin v25.3.1 - https:\/\/yoast.com\/wordpress\/plugins\/seo\/ -->\n<title>Crise ha\u00eftienne : ISH et Le Sud Kamp\u00e9 appellent le CPT \u00e0 agir pour l\u2019int\u00e9r\u00eat national &#8211; VeliPost<\/title>\n<meta name=\"robots\" content=\"index, follow, max-snippet:-1, max-image-preview:large, max-video-preview:-1\" \/>\n<link rel=\"canonical\" href=\"https:\/\/velipost.com\/?p=5427\" \/>\n<meta property=\"og:locale\" content=\"fr_FR\" \/>\n<meta property=\"og:type\" content=\"article\" \/>\n<meta property=\"og:title\" content=\"Crise ha\u00eftienne : ISH et Le Sud Kamp\u00e9 appellent le CPT \u00e0 agir pour l\u2019int\u00e9r\u00eat national &#8211; VeliPost\" \/>\n<meta property=\"og:description\" content=\"Les organisations Initiative de Solidarit\u00e9 Ha\u00eftienne (ISH) et Le Sud Kamp\u00e9, aux c\u00f4t\u00e9s d\u2019autres structures de la soci\u00e9t\u00e9 civile, ont lanc\u00e9 un appel au\" \/>\n<meta property=\"og:url\" content=\"https:\/\/velipost.com\/?p=5427\" \/>\n<meta property=\"og:site_name\" content=\"VeliPost\" \/>\n<meta property=\"article:publisher\" content=\"https:\/\/www.facebook.com\/veliposthaiti\" \/>\n<meta property=\"article:published_time\" content=\"2026-01-22T14:14:41+00:00\" \/>\n<meta property=\"article:modified_time\" content=\"2026-01-22T14:14:45+00:00\" \/>\n<meta property=\"og:image\" content=\"https:\/\/velipost.com\/wp-content\/uploads\/2025\/09\/CPT-1.jpg\" \/>\n\t<meta property=\"og:image:width\" content=\"1170\" \/>\n\t<meta property=\"og:image:height\" content=\"603\" \/>\n\t<meta property=\"og:image:type\" content=\"image\/jpeg\" \/>\n<meta name=\"author\" content=\"VeliPost\" \/>\n<meta name=\"twitter:card\" content=\"summary_large_image\" \/>\n<meta name=\"twitter:creator\" content=\"@veliposthaiti\" \/>\n<meta name=\"twitter:site\" content=\"@veliposthaiti\" \/>\n<meta name=\"twitter:label1\" content=\"\u00c9crit par\" \/>\n\t<meta name=\"twitter:data1\" content=\"VeliPost\" \/>\n\t<meta name=\"twitter:label2\" content=\"Dur\u00e9e de lecture estim\u00e9e\" \/>\n\t<meta name=\"twitter:data2\" content=\"2 minutes\" \/>\n<script type=\"application\/ld+json\" class=\"yoast-schema-graph\">{\"@context\":\"https:\/\/schema.org\",\"@graph\":[{\"@type\":\"Article\",\"@id\":\"https:\/\/velipost.com\/?p=5427#article\",\"isPartOf\":{\"@id\":\"https:\/\/velipost.com\/?p=5427\"},\"author\":{\"name\":\"VeliPost\",\"@id\":\"https:\/\/velipost.com\/#\/schema\/person\/32ff49a53c9c1bb24302ee8ece058096\"},\"headline\":\"Crise ha\u00eftienne : ISH et Le Sud Kamp\u00e9 appellent le CPT \u00e0 agir pour l\u2019int\u00e9r\u00eat national\",\"datePublished\":\"2026-01-22T14:14:41+00:00\",\"dateModified\":\"2026-01-22T14:14:45+00:00\",\"mainEntityOfPage\":{\"@id\":\"https:\/\/velipost.com\/?p=5427\"},\"wordCount\":263,\"commentCount\":0,\"publisher\":{\"@id\":\"https:\/\/velipost.com\/#organization\"},\"image\":{\"@id\":\"https:\/\/velipost.com\/?p=5427#primaryimage\"},\"thumbnailUrl\":\"https:\/\/velipost.com\/wp-content\/uploads\/2025\/09\/CPT-1.jpg\",\"articleSection\":[\"Politique\"],\"inLanguage\":\"fr-FR\",\"potentialAction\":[{\"@type\":\"CommentAction\",\"name\":\"Comment\",\"target\":[\"https:\/\/velipost.com\/?p=5427#respond\"]}]},{\"@type\":\"WebPage\",\"@id\":\"https:\/\/velipost.com\/?p=5427\",\"url\":\"https:\/\/velipost.com\/?p=5427\",\"name\":\"Crise ha\u00eftienne : ISH et Le Sud Kamp\u00e9 appellent le CPT \u00e0 agir pour l\u2019int\u00e9r\u00eat national &#8211; VeliPost\",\"isPartOf\":{\"@id\":\"https:\/\/velipost.com\/#website\"},\"primaryImageOfPage\":{\"@id\":\"https:\/\/velipost.com\/?p=5427#primaryimage\"},\"image\":{\"@id\":\"https:\/\/velipost.com\/?p=5427#primaryimage\"},\"thumbnailUrl\":\"https:\/\/velipost.com\/wp-content\/uploads\/2025\/09\/CPT-1.jpg\",\"datePublished\":\"2026-01-22T14:14:41+00:00\",\"dateModified\":\"2026-01-22T14:14:45+00:00\",\"breadcrumb\":{\"@id\":\"https:\/\/velipost.com\/?p=5427#breadcrumb\"},\"inLanguage\":\"fr-FR\",\"potentialAction\":[{\"@type\":\"ReadAction\",\"target\":[\"https:\/\/velipost.com\/?p=5427\"]}]},{\"@type\":\"ImageObject\",\"inLanguage\":\"fr-FR\",\"@id\":\"https:\/\/velipost.com\/?p=5427#primaryimage\",\"url\":\"https:\/\/velipost.com\/wp-content\/uploads\/2025\/09\/CPT-1.jpg\",\"contentUrl\":\"https:\/\/velipost.com\/wp-content\/uploads\/2025\/09\/CPT-1.jpg\",\"width\":1170,\"height\":603},{\"@type\":\"BreadcrumbList\",\"@id\":\"https:\/\/velipost.com\/?p=5427#breadcrumb\",\"itemListElement\":[{\"@type\":\"ListItem\",\"position\":1,\"name\":\"Accueil\",\"item\":\"https:\/\/velipost.com\/\"},{\"@type\":\"ListItem\",\"position\":2,\"name\":\"Crise ha\u00eftienne : ISH et Le Sud Kamp\u00e9 appellent le CPT \u00e0 agir pour l\u2019int\u00e9r\u00eat national\"}]},{\"@type\":\"WebSite\",\"@id\":\"https:\/\/velipost.com\/#website\",\"url\":\"https:\/\/velipost.com\/\",\"name\":\"VeliPost\",\"description\":\"L\u2019info en un clic\",\"publisher\":{\"@id\":\"https:\/\/velipost.com\/#organization\"},\"potentialAction\":[{\"@type\":\"SearchAction\",\"target\":{\"@type\":\"EntryPoint\",\"urlTemplate\":\"https:\/\/velipost.com\/?s={search_term_string}\"},\"query-input\":{\"@type\":\"PropertyValueSpecification\",\"valueRequired\":true,\"valueName\":\"search_term_string\"}}],\"inLanguage\":\"fr-FR\"},{\"@type\":\"Organization\",\"@id\":\"https:\/\/velipost.com\/#organization\",\"name\":\"VeliPost\",\"url\":\"https:\/\/velipost.com\/\",\"logo\":{\"@type\":\"ImageObject\",\"inLanguage\":\"fr-FR\",\"@id\":\"https:\/\/velipost.com\/#\/schema\/logo\/image\/\",\"url\":\"https:\/\/velipost.com\/wp-content\/uploads\/2024\/08\/cropped-VP-logo-piti.png\",\"contentUrl\":\"https:\/\/velipost.com\/wp-content\/uploads\/2024\/08\/cropped-VP-logo-piti.png\",\"width\":201,\"height\":69,\"caption\":\"VeliPost\"},\"image\":{\"@id\":\"https:\/\/velipost.com\/#\/schema\/logo\/image\/\"},\"sameAs\":[\"https:\/\/www.facebook.com\/veliposthaiti\",\"https:\/\/x.com\/veliposthaiti\",\"https:\/\/www.instagram.com\/veliposthaiti\"]},{\"@type\":\"Person\",\"@id\":\"https:\/\/velipost.com\/#\/schema\/person\/32ff49a53c9c1bb24302ee8ece058096\",\"name\":\"VeliPost\",\"image\":{\"@type\":\"ImageObject\",\"inLanguage\":\"fr-FR\",\"@id\":\"https:\/\/velipost.com\/#\/schema\/person\/image\/\",\"url\":\"https:\/\/secure.gravatar.com\/avatar\/57c226c264de62f794185a89596d4a37b85a5ad20aca30d9d5a478b27d8c8d9d?s=96&d=mm&r=g\",\"contentUrl\":\"https:\/\/secure.gravatar.com\/avatar\/57c226c264de62f794185a89596d4a37b85a5ad20aca30d9d5a478b27d8c8d9d?s=96&d=mm&r=g\",\"caption\":\"VeliPost\"},\"sameAs\":[\"https:\/\/velipost.com\"],\"url\":\"https:\/\/velipost.com\/?author=1\"}]}<\/script>\n<!-- \/ Yoast SEO plugin. -->","yoast_head_json":{"title":"Crise ha\u00eftienne : ISH et Le Sud Kamp\u00e9 appellent le CPT \u00e0 agir pour l\u2019int\u00e9r\u00eat national &#8211; VeliPost","robots":{"index":"index","follow":"follow","max-snippet":"max-snippet:-1","max-image-preview":"max-image-preview:large","max-video-preview":"max-video-preview:-1"},"canonical":"https:\/\/velipost.com\/?p=5427","og_locale":"fr_FR","og_type":"article","og_title":"Crise ha\u00eftienne : ISH et Le Sud Kamp\u00e9 appellent le CPT \u00e0 agir pour l\u2019int\u00e9r\u00eat national &#8211; VeliPost","og_description":"Les organisations Initiative de Solidarit\u00e9 Ha\u00eftienne (ISH) et Le Sud Kamp\u00e9, aux c\u00f4t\u00e9s d\u2019autres structures de la soci\u00e9t\u00e9 civile, ont lanc\u00e9 un appel au","og_url":"https:\/\/velipost.com\/?p=5427","og_site_name":"VeliPost","article_publisher":"https:\/\/www.facebook.com\/veliposthaiti","article_published_time":"2026-01-22T14:14:41+00:00","article_modified_time":"2026-01-22T14:14:45+00:00","og_image":[{"width":1170,"height":603,"url":"https:\/\/velipost.com\/wp-content\/uploads\/2025\/09\/CPT-1.jpg","type":"image\/jpeg"}],"author":"VeliPost","twitter_card":"summary_large_image","twitter_creator":"@veliposthaiti","twitter_site":"@veliposthaiti","twitter_misc":{"\u00c9crit par":"VeliPost","Dur\u00e9e de lecture estim\u00e9e":"2 minutes"},"schema":{"@context":"https:\/\/schema.org","@graph":[{"@type":"Article","@id":"https:\/\/velipost.com\/?p=5427#article","isPartOf":{"@id":"https:\/\/velipost.com\/?p=5427"},"author":{"name":"VeliPost","@id":"https:\/\/velipost.com\/#\/schema\/person\/32ff49a53c9c1bb24302ee8ece058096"},"headline":"Crise ha\u00eftienne : ISH et Le Sud Kamp\u00e9 appellent le CPT \u00e0 agir pour l\u2019int\u00e9r\u00eat national","datePublished":"2026-01-22T14:14:41+00:00","dateModified":"2026-01-22T14:14:45+00:00","mainEntityOfPage":{"@id":"https:\/\/velipost.com\/?p=5427"},"wordCount":263,"commentCount":0,"publisher":{"@id":"https:\/\/velipost.com\/#organization"},"image":{"@id":"https:\/\/velipost.com\/?p=5427#primaryimage"},"thumbnailUrl":"https:\/\/velipost.com\/wp-content\/uploads\/2025\/09\/CPT-1.jpg","articleSection":["Politique"],"inLanguage":"fr-FR","potentialAction":[{"@type":"CommentAction","name":"Comment","target":["https:\/\/velipost.com\/?p=5427#respond"]}]},{"@type":"WebPage","@id":"https:\/\/velipost.com\/?p=5427","url":"https:\/\/velipost.com\/?p=5427","name":"Crise ha\u00eftienne : ISH et Le Sud Kamp\u00e9 appellent le CPT \u00e0 agir pour l\u2019int\u00e9r\u00eat national &#8211; VeliPost","isPartOf":{"@id":"https:\/\/velipost.com\/#website"},"primaryImageOfPage":{"@id":"https:\/\/velipost.com\/?p=5427#primaryimage"},"image":{"@id":"https:\/\/velipost.com\/?p=5427#primaryimage"},"thumbnailUrl":"https:\/\/velipost.com\/wp-content\/uploads\/2025\/09\/CPT-1.jpg","datePublished":"2026-01-22T14:14:41+00:00","dateModified":"2026-01-22T14:14:45+00:00","breadcrumb":{"@id":"https:\/\/velipost.com\/?p=5427#breadcrumb"},"inLanguage":"fr-FR","potentialAction":[{"@type":"ReadAction","target":["https:\/\/velipost.com\/?p=5427"]}]},{"@type":"ImageObject","inLanguage":"fr-FR","@id":"https:\/\/velipost.com\/?p=5427#primaryimage","url":"https:\/\/velipost.com\/wp-content\/uploads\/2025\/09\/CPT-1.jpg","contentUrl":"https:\/\/velipost.com\/wp-content\/uploads\/2025\/09\/CPT-1.jpg","width":1170,"height":603},{"@type":"BreadcrumbList","@id":"https:\/\/velipost.com\/?p=5427#breadcrumb","itemListElement":[{"@type":"ListItem","position":1,"name":"Accueil","item":"https:\/\/velipost.com\/"},{"@type":"ListItem","position":2,"name":"Crise ha\u00eftienne : ISH et Le Sud Kamp\u00e9 appellent le CPT \u00e0 agir pour l\u2019int\u00e9r\u00eat national"}]},{"@type":"WebSite","@id":"https:\/\/velipost.com\/#website","url":"https:\/\/velipost.com\/","name":"VeliPost","description":"L\u2019info en un clic","publisher":{"@id":"https:\/\/velipost.com\/#organization"},"potentialAction":[{"@type":"SearchAction","target":{"@type":"EntryPoint","urlTemplate":"https:\/\/velipost.com\/?s={search_term_string}"},"query-input":{"@type":"PropertyValueSpecification","valueRequired":true,"valueName":"search_term_string"}}],"inLanguage":"fr-FR"},{"@type":"Organization","@id":"https:\/\/velipost.com\/#organization","name":"VeliPost","url":"https:\/\/velipost.com\/","logo":{"@type":"ImageObject","inLanguage":"fr-FR","@id":"https:\/\/velipost.com\/#\/schema\/logo\/image\/","url":"https:\/\/velipost.com\/wp-content\/uploads\/2024\/08\/cropped-VP-logo-piti.png","contentUrl":"https:\/\/velipost.com\/wp-content\/uploads\/2024\/08\/cropped-VP-logo-piti.png","width":201,"height":69,"caption":"VeliPost"},"image":{"@id":"https:\/\/velipost.com\/#\/schema\/logo\/image\/"},"sameAs":["https:\/\/www.facebook.com\/veliposthaiti","https:\/\/x.com\/veliposthaiti","https:\/\/www.instagram.com\/veliposthaiti"]},{"@type":"Person","@id":"https:\/\/velipost.com\/#\/schema\/person\/32ff49a53c9c1bb24302ee8ece058096","name":"VeliPost","image":{"@type":"ImageObject","inLanguage":"fr-FR","@id":"https:\/\/velipost.com\/#\/schema\/person\/image\/","url":"https:\/\/secure.gravatar.com\/avatar\/57c226c264de62f794185a89596d4a37b85a5ad20aca30d9d5a478b27d8c8d9d?s=96&d=mm&r=g","contentUrl":"https:\/\/secure.gravatar.com\/avatar\/57c226c264de62f794185a89596d4a37b85a5ad20aca30d9d5a478b27d8c8d9d?s=96&d=mm&r=g","caption":"VeliPost"},"sameAs":["https:\/\/velipost.com"],"url":"https:\/\/velipost.com\/?author=1"}]}},"views":0,"jetpack_publicize_connections":[],"uagb_featured_image_src":{"full":["https:\/\/velipost.com\/wp-content\/uploads\/2025\/09\/CPT-1.jpg",1170,603,false],"thumbnail":["https:\/\/velipost.com\/wp-content\/uploads\/2025\/09\/CPT-1-150x150.jpg",150,150,true],"medium":["https:\/\/velipost.com\/wp-content\/uploads\/2025\/09\/CPT-1-300x155.jpg",300,155,true],"medium_large":["https:\/\/velipost.com\/wp-content\/uploads\/2025\/09\/CPT-1-768x396.jpg",715,369,true],"large":["https:\/\/velipost.com\/wp-content\/uploads\/2025\/09\/CPT-1-1024x528.jpg",715,369,true],"1536x1536":["https:\/\/velipost.com\/wp-content\/uploads\/2025\/09\/CPT-1.jpg",1170,603,false],"2048x2048":["https:\/\/velipost.com\/wp-content\/uploads\/2025\/09\/CPT-1.jpg",1170,603,false],"colornews-big-slider":["https:\/\/velipost.com\/wp-content\/uploads\/2025\/09\/CPT-1-1070x470.jpg",1070,470,true],"colornews-big-slider-thumb":["https:\/\/velipost.com\/wp-content\/uploads\/2025\/09\/CPT-1-184x109.jpg",184,109,true],"colornews-featured-post-medium":["https:\/\/velipost.com\/wp-content\/uploads\/2025\/09\/CPT-1-345x265.jpg",345,265,true],"colornews-featured-post-small":["https:\/\/velipost.com\/wp-content\/uploads\/2025\/09\/CPT-1-115x73.jpg",115,73,true],"colornews-random-posts":["https:\/\/velipost.com\/wp-content\/uploads\/2025\/09\/CPT-1-215x215.jpg",215,215,true],"colornews-featured-image":["https:\/\/velipost.com\/wp-content\/uploads\/2025\/09\/CPT-1-715x400.jpg",715,400,true],"mailpoet_newsletter_max":["https:\/\/velipost.com\/wp-content\/uploads\/2025\/09\/CPT-1.jpg",1170,603,false]},"uagb_author_info":{"display_name":"VeliPost","author_link":"https:\/\/velipost.com\/?author=1"},"uagb_comment_info":0,"uagb_excerpt":"Les organisations Initiative de Solidarit\u00e9 Ha\u00eftienne (ISH) et Le Sud Kamp\u00e9, aux c\u00f4t\u00e9s d\u2019autres structures de la soci\u00e9t\u00e9 civile, ont lanc\u00e9 un appel au","_links":{"self":[{"href":"https:\/\/velipost.com\/index.php?rest_route=\/wp\/v2\/posts\/5427","targetHints":{"allow":["GET"]}}],"collection":[{"href":"https:\/\/velipost.com\/index.php?rest_route=\/wp\/v2\/posts"}],"about":[{"href":"https:\/\/velipost.com\/index.php?rest_route=\/wp\/v2\/types\/post"}],"author":[{"embeddable":true,"href":"https:\/\/velipost.com\/index.php?rest_route=\/wp\/v2\/users\/1"}],"replies":[{"embeddable":true,"href":"https:\/\/velipost.com\/index.php?rest_route=%2Fwp%2Fv2%2Fcomments&post=5427"}],"version-history":[{"count":1,"href":"https:\/\/velipost.com\/index.php?rest_route=\/wp\/v2\/posts\/5427\/revisions"}],"predecessor-version":[{"id":5428,"href":"https:\/\/velipost.com\/index.php?rest_route=\/wp\/v2\/posts\/5427\/revisions\/5428"}],"wp:featuredmedia":[{"embeddable":true,"href":"https:\/\/velipost.com\/index.php?rest_route=\/wp\/v2\/media\/4205"}],"wp:attachment":[{"href":"https:\/\/velipost.com\/index.php?rest_route=%2Fwp%2Fv2%2Fmedia&parent=5427"}],"wp:term":[{"taxonomy":"category","embeddable":true,"href":"https:\/\/velipost.com\/index.php?rest_route=%2Fwp%2Fv2%2Fcategories&post=5427"},{"taxonomy":"post_tag","embeddable":true,"href":"https:\/\/velipost.com\/index.php?rest_route=%2Fwp%2Fv2%2Ftags&post=5427"}],"curies":[{"name":"wp","href":"https:\/\/api.w.org\/{rel}","templated":true}]}}