{"id":5421,"date":"2026-01-21T05:13:39","date_gmt":"2026-01-21T04:13:39","guid":{"rendered":"https:\/\/velipost.com\/?p=5421"},"modified":"2026-01-21T05:13:42","modified_gmt":"2026-01-21T04:13:42","slug":"entrelles-haiti-lance-linitiative-fanm-kreyate-resiklaj","status":"publish","type":"post","link":"https:\/\/velipost.com\/?p=5421","title":{"rendered":"Entr\u2019Elles Ha\u00efti lance l\u2019initiative \u00ab Fanm Kreyat\u00e8 Resiklaj \u00bb"},"content":{"rendered":"\n<p>Le dimanche 18 janvier, l\u2019organisation\u00a0Entr\u2019Elles Ha\u00efti\u00a0a proc\u00e9d\u00e9 au lancement officiel de l\u2019initiative\u00a0Fanm Kreyat\u00e8 Resiklaj, un projet novateur qui place les femmes au c\u0153ur de la cr\u00e9ativit\u00e9, de l\u2019entrepreneuriat et de la protection de l\u2019environnement.<\/p>\n\n\n\n<p>Cette initiative vise \u00e0 encourager les femmes \u00e0 transformer des mat\u00e9riaux recyclables en produits utiles, esth\u00e9tiques et commercialisables. En misant sur le recyclage cr\u00e9atif,&nbsp;<em>Fanm Kreyat\u00e8 Resiklaj<\/em>&nbsp;entend \u00e0 la fois r\u00e9duire les d\u00e9chets, promouvoir des pratiques \u00e9cologiques et renforcer l\u2019autonomie \u00e9conomique des participantes au sein de leurs communaut\u00e9s.<\/p>\n\n\n\n<p>Le lancement s\u2019est d\u00e9roul\u00e9 avec l\u2019appui de plusieurs partenaires engag\u00e9s dans le d\u00e9veloppement communautaire et environnemental, notamment\u00a0Gwoup Konbit,\u00a0la Mairie,\u00a0Poub\u00e8l Ayiti,\u00a0Cristal Magazine\u00a0et\u00a0Gen\u00e8se Coupe d\u2019Art, dont la collaboration a contribu\u00e9 \u00e0 la r\u00e9ussite de l\u2019\u00e9v\u00e9nement.<\/p>\n\n\n\n<p>\u00c0 travers ce projet,\u00a0Entr\u2019Elles Ha\u00efti\u00a0r\u00e9affirme son engagement en faveur de l\u2019\u00e9mancipation des femmes et de la promotion de solutions durables, port\u00e9es par les communaut\u00e9s elles-m\u00eames, pour r\u00e9pondre aux d\u00e9fis environnementaux et socio-\u00e9conomiques du pays.<\/p>\n\n    <div class=\"xs_social_share_widget xs_share_url after_content \t\tmain_content  wslu-style-3 wslu-share-box-shaped wslu-fill-brand-hover-colored wslu-share-m-5 wslu-none wslu-share-horizontal wslu-theme-font-no wslu-main_content\">\n\n\t\t\n        <ul>\n\t\t\t                    <li class=\"xs-share-li twitter                        wslu-no-extra-data\">\n                        <a href=\"javascript:void(0);\"\n                           id=\"xs_feed_twitter\"\n                           onclick=\"xs_social_sharer(this);\"\n                           data-pid=\"5421\"\n                           data-uri_hash=\"d29c8b09ee42ec46987efbadd22dbd17\"\n                           data-key=\"twitter\"\n                           data-xs-href=\"https:\/\/twitter.com\/intent\/tweet?text=Entr%E2%80%99Elles+Ha%C3%AFti+lance+l%E2%80%99initiative+%C2%AB+Fanm+Kreyat%C3%A8+Resiklaj+%C2%BB+https%3A%2F%2Fvelipost.com%2Findex.php%3Frest_route%3D%252Fwp%252Fv2%252Fposts%252F5421&amp;original_referer=https%3A%2F%2Fvelipost.com%2Findex.php%3Frest_route%3D%252Fwp%252Fv2%252Fposts%252F5421&amp;related=xpeedstudio\">\n\n                            <div class=\"xs-social-icon\">\n                                <span class=\"met-social met-social-twitter\"><\/span>\n                            <\/div>\n\n\t\t\t\t\t\t\t\n                            <div class=\"wslu-hover-content\">\n                                <div class=\"xs-social-followers\">\n\t\t\t\t\t\t\t\t\t10                                <\/div>\n                                <div class=\"xs-social-follower-text\">\n\t\t\t\t\t\t\t\t\tShare                                <\/div>\n                                <div class=\"xs-social-follower-label\">\n\t\t\t\t\t\t\t\t\tTwitter                                <\/div>\n                            <\/div>\n                        <\/a>\n                    <\/li>\n\t\t\t\t\t                    <li class=\"xs-share-li telegram                        wslu-no-extra-data\">\n                        <a href=\"javascript:void(0);\"\n                           id=\"xs_feed_telegram\"\n                           onclick=\"xs_social_sharer(this);\"\n                           data-pid=\"5421\"\n                           data-uri_hash=\"d29c8b09ee42ec46987efbadd22dbd17\"\n                           data-key=\"telegram\"\n                           data-xs-href=\"https:\/\/telegram.me\/share\/url?url=https%3A%2F%2Fvelipost.com%2Findex.php%3Frest_route%3D%252Fwp%252Fv2%252Fposts%252F5421&amp;text=Entr%E2%80%99Elles+Ha%C3%AFti+lance+l%E2%80%99initiative+%C2%AB+Fanm+Kreyat%C3%A8+Resiklaj+%C2%BB\">\n\n                            <div class=\"xs-social-icon\">\n                                <span class=\"met-social met-social-telegram\"><\/span>\n                            <\/div>\n\n\t\t\t\t\t\t\t\n                            <div class=\"wslu-hover-content\">\n                                <div class=\"xs-social-followers\">\n\t\t\t\t\t\t\t\t\t0                                <\/div>\n                                <div class=\"xs-social-follower-text\">\n\t\t\t\t\t\t\t\t\tShare                                <\/div>\n                                <div class=\"xs-social-follower-label\">\n\t\t\t\t\t\t\t\t\tTelegram                                <\/div>\n                            <\/div>\n                        <\/a>\n                    <\/li>\n\t\t\t\t\t                    <li class=\"xs-share-li email                        wslu-no-extra-data\">\n                        <a href=\"javascript:void(0);\"\n                           id=\"xs_feed_email\"\n                           onclick=\"xs_social_sharer(this);\"\n                           data-pid=\"5421\"\n                           data-uri_hash=\"d29c8b09ee42ec46987efbadd22dbd17\"\n                           data-key=\"email\"\n                           data-xs-href=\"mailto:?body=Title%3A+Entr%E2%80%99Elles+Ha%C3%AFti+lance+l%E2%80%99initiative+%C2%AB+Fanm+Kreyat%C3%A8+Resiklaj+%C2%BB+%5Cn%5Cn+URL%3A+https%3A%2F%2Fvelipost.com%2Findex.php%3Frest_route%3D%252Fwp%252Fv2%252Fposts%252F5421&amp;subject=Entr%E2%80%99Elles+Ha%C3%AFti+lance+l%E2%80%99initiative+%C2%AB+Fanm+Kreyat%C3%A8+Resiklaj+%C2%BB\">\n\n                            <div class=\"xs-social-icon\">\n                                <span class=\"met-social met-social-email\"><\/span>\n                            <\/div>\n\n\t\t\t\t\t\t\t\n                            <div class=\"wslu-hover-content\">\n                                <div class=\"xs-social-followers\">\n\t\t\t\t\t\t\t\t\t0                                <\/div>\n                                <div class=\"xs-social-follower-text\">\n\t\t\t\t\t\t\t\t\tShare                                <\/div>\n                                <div class=\"xs-social-follower-label\">\n\t\t\t\t\t\t\t\t\tEmail                                <\/div>\n                            <\/div>\n                        <\/a>\n                    <\/li>\n\t\t\t\t\t        <\/ul>\n    <\/div> \n","protected":false},"excerpt":{"rendered":"<p>Le dimanche 18 janvier, l\u2019organisation\u00a0Entr\u2019Elles Ha\u00efti\u00a0a proc\u00e9d\u00e9 au lancement officiel de l\u2019initiative\u00a0Fanm Kreyat\u00e8 Resiklaj, un projet novateur qui place les femmes au c\u0153ur de<\/p>\n","protected":false},"author":1,"featured_media":5422,"comment_status":"open","ping_status":"open","sticky":false,"template":"","format":"standard","meta":{"_uag_custom_page_level_css":"","footnotes":"","jetpack_publicize_message":"","jetpack_publicize_feature_enabled":true,"jetpack_social_post_already_shared":true,"jetpack_social_options":{"image_generator_settings":{"template":"highway","default_image_id":0,"font":"","enabled":false},"version":2}},"categories":[100],"tags":[],"class_list":["post-5421","post","type-post","status-publish","format-standard","has-post-thumbnail","hentry","category-environnement"],"yoast_head":"<!-- This site is optimized with the Yoast SEO plugin v25.3.1 - https:\/\/yoast.com\/wordpress\/plugins\/seo\/ -->\n<title>Entr\u2019Elles Ha\u00efti lance l\u2019initiative \u00ab Fanm Kreyat\u00e8 Resiklaj \u00bb &#8211; VeliPost<\/title>\n<meta name=\"robots\" content=\"index, follow, max-snippet:-1, max-image-preview:large, max-video-preview:-1\" \/>\n<link rel=\"canonical\" href=\"https:\/\/velipost.com\/?p=5421\" \/>\n<meta property=\"og:locale\" content=\"fr_FR\" \/>\n<meta property=\"og:type\" content=\"article\" \/>\n<meta property=\"og:title\" content=\"Entr\u2019Elles Ha\u00efti lance l\u2019initiative \u00ab Fanm Kreyat\u00e8 Resiklaj \u00bb &#8211; VeliPost\" \/>\n<meta property=\"og:description\" content=\"Le dimanche 18 janvier, l\u2019organisation\u00a0Entr\u2019Elles Ha\u00efti\u00a0a proc\u00e9d\u00e9 au lancement officiel de l\u2019initiative\u00a0Fanm Kreyat\u00e8 Resiklaj, un projet novateur qui place les femmes au c\u0153ur de\" \/>\n<meta property=\"og:url\" content=\"https:\/\/velipost.com\/?p=5421\" \/>\n<meta property=\"og:site_name\" content=\"VeliPost\" \/>\n<meta property=\"article:publisher\" content=\"https:\/\/www.facebook.com\/veliposthaiti\" \/>\n<meta property=\"article:published_time\" content=\"2026-01-21T04:13:39+00:00\" \/>\n<meta property=\"article:modified_time\" content=\"2026-01-21T04:13:42+00:00\" \/>\n<meta property=\"og:image\" content=\"https:\/\/velipost.com\/wp-content\/uploads\/2026\/01\/EntrElles-Haiti.jpg\" \/>\n\t<meta property=\"og:image:width\" content=\"1170\" \/>\n\t<meta property=\"og:image:height\" content=\"603\" \/>\n\t<meta property=\"og:image:type\" content=\"image\/jpeg\" \/>\n<meta name=\"author\" content=\"VeliPost\" \/>\n<meta name=\"twitter:card\" content=\"summary_large_image\" \/>\n<meta name=\"twitter:creator\" content=\"@veliposthaiti\" \/>\n<meta name=\"twitter:site\" content=\"@veliposthaiti\" \/>\n<meta name=\"twitter:label1\" content=\"\u00c9crit par\" \/>\n\t<meta name=\"twitter:data1\" content=\"VeliPost\" \/>\n\t<meta name=\"twitter:label2\" content=\"Dur\u00e9e de lecture estim\u00e9e\" \/>\n\t<meta name=\"twitter:data2\" content=\"2 minutes\" \/>\n<script type=\"application\/ld+json\" class=\"yoast-schema-graph\">{\"@context\":\"https:\/\/schema.org\",\"@graph\":[{\"@type\":\"Article\",\"@id\":\"https:\/\/velipost.com\/?p=5421#article\",\"isPartOf\":{\"@id\":\"https:\/\/velipost.com\/?p=5421\"},\"author\":{\"name\":\"VeliPost\",\"@id\":\"https:\/\/velipost.com\/#\/schema\/person\/32ff49a53c9c1bb24302ee8ece058096\"},\"headline\":\"Entr\u2019Elles Ha\u00efti lance l\u2019initiative \u00ab Fanm Kreyat\u00e8 Resiklaj \u00bb\",\"datePublished\":\"2026-01-21T04:13:39+00:00\",\"dateModified\":\"2026-01-21T04:13:42+00:00\",\"mainEntityOfPage\":{\"@id\":\"https:\/\/velipost.com\/?p=5421\"},\"wordCount\":204,\"commentCount\":0,\"publisher\":{\"@id\":\"https:\/\/velipost.com\/#organization\"},\"image\":{\"@id\":\"https:\/\/velipost.com\/?p=5421#primaryimage\"},\"thumbnailUrl\":\"https:\/\/velipost.com\/wp-content\/uploads\/2026\/01\/EntrElles-Haiti.jpg\",\"articleSection\":[\"Environnement\"],\"inLanguage\":\"fr-FR\",\"potentialAction\":[{\"@type\":\"CommentAction\",\"name\":\"Comment\",\"target\":[\"https:\/\/velipost.com\/?p=5421#respond\"]}]},{\"@type\":\"WebPage\",\"@id\":\"https:\/\/velipost.com\/?p=5421\",\"url\":\"https:\/\/velipost.com\/?p=5421\",\"name\":\"Entr\u2019Elles Ha\u00efti lance l\u2019initiative \u00ab Fanm Kreyat\u00e8 Resiklaj \u00bb &#8211; VeliPost\",\"isPartOf\":{\"@id\":\"https:\/\/velipost.com\/#website\"},\"primaryImageOfPage\":{\"@id\":\"https:\/\/velipost.com\/?p=5421#primaryimage\"},\"image\":{\"@id\":\"https:\/\/velipost.com\/?p=5421#primaryimage\"},\"thumbnailUrl\":\"https:\/\/velipost.com\/wp-content\/uploads\/2026\/01\/EntrElles-Haiti.jpg\",\"datePublished\":\"2026-01-21T04:13:39+00:00\",\"dateModified\":\"2026-01-21T04:13:42+00:00\",\"breadcrumb\":{\"@id\":\"https:\/\/velipost.com\/?p=5421#breadcrumb\"},\"inLanguage\":\"fr-FR\",\"potentialAction\":[{\"@type\":\"ReadAction\",\"target\":[\"https:\/\/velipost.com\/?p=5421\"]}]},{\"@type\":\"ImageObject\",\"inLanguage\":\"fr-FR\",\"@id\":\"https:\/\/velipost.com\/?p=5421#primaryimage\",\"url\":\"https:\/\/velipost.com\/wp-content\/uploads\/2026\/01\/EntrElles-Haiti.jpg\",\"contentUrl\":\"https:\/\/velipost.com\/wp-content\/uploads\/2026\/01\/EntrElles-Haiti.jpg\",\"width\":1170,\"height\":603},{\"@type\":\"BreadcrumbList\",\"@id\":\"https:\/\/velipost.com\/?p=5421#breadcrumb\",\"itemListElement\":[{\"@type\":\"ListItem\",\"position\":1,\"name\":\"Accueil\",\"item\":\"https:\/\/velipost.com\/\"},{\"@type\":\"ListItem\",\"position\":2,\"name\":\"Entr\u2019Elles Ha\u00efti lance l\u2019initiative \u00ab Fanm Kreyat\u00e8 Resiklaj \u00bb\"}]},{\"@type\":\"WebSite\",\"@id\":\"https:\/\/velipost.com\/#website\",\"url\":\"https:\/\/velipost.com\/\",\"name\":\"VeliPost\",\"description\":\"L\u2019info en un clic\",\"publisher\":{\"@id\":\"https:\/\/velipost.com\/#organization\"},\"potentialAction\":[{\"@type\":\"SearchAction\",\"target\":{\"@type\":\"EntryPoint\",\"urlTemplate\":\"https:\/\/velipost.com\/?s={search_term_string}\"},\"query-input\":{\"@type\":\"PropertyValueSpecification\",\"valueRequired\":true,\"valueName\":\"search_term_string\"}}],\"inLanguage\":\"fr-FR\"},{\"@type\":\"Organization\",\"@id\":\"https:\/\/velipost.com\/#organization\",\"name\":\"VeliPost\",\"url\":\"https:\/\/velipost.com\/\",\"logo\":{\"@type\":\"ImageObject\",\"inLanguage\":\"fr-FR\",\"@id\":\"https:\/\/velipost.com\/#\/schema\/logo\/image\/\",\"url\":\"https:\/\/velipost.com\/wp-content\/uploads\/2024\/08\/cropped-VP-logo-piti.png\",\"contentUrl\":\"https:\/\/velipost.com\/wp-content\/uploads\/2024\/08\/cropped-VP-logo-piti.png\",\"width\":201,\"height\":69,\"caption\":\"VeliPost\"},\"image\":{\"@id\":\"https:\/\/velipost.com\/#\/schema\/logo\/image\/\"},\"sameAs\":[\"https:\/\/www.facebook.com\/veliposthaiti\",\"https:\/\/x.com\/veliposthaiti\",\"https:\/\/www.instagram.com\/veliposthaiti\"]},{\"@type\":\"Person\",\"@id\":\"https:\/\/velipost.com\/#\/schema\/person\/32ff49a53c9c1bb24302ee8ece058096\",\"name\":\"VeliPost\",\"image\":{\"@type\":\"ImageObject\",\"inLanguage\":\"fr-FR\",\"@id\":\"https:\/\/velipost.com\/#\/schema\/person\/image\/\",\"url\":\"https:\/\/secure.gravatar.com\/avatar\/57c226c264de62f794185a89596d4a37b85a5ad20aca30d9d5a478b27d8c8d9d?s=96&d=mm&r=g\",\"contentUrl\":\"https:\/\/secure.gravatar.com\/avatar\/57c226c264de62f794185a89596d4a37b85a5ad20aca30d9d5a478b27d8c8d9d?s=96&d=mm&r=g\",\"caption\":\"VeliPost\"},\"sameAs\":[\"https:\/\/velipost.com\"],\"url\":\"https:\/\/velipost.com\/?author=1\"}]}<\/script>\n<!-- \/ Yoast SEO plugin. -->","yoast_head_json":{"title":"Entr\u2019Elles Ha\u00efti lance l\u2019initiative \u00ab Fanm Kreyat\u00e8 Resiklaj \u00bb &#8211; VeliPost","robots":{"index":"index","follow":"follow","max-snippet":"max-snippet:-1","max-image-preview":"max-image-preview:large","max-video-preview":"max-video-preview:-1"},"canonical":"https:\/\/velipost.com\/?p=5421","og_locale":"fr_FR","og_type":"article","og_title":"Entr\u2019Elles Ha\u00efti lance l\u2019initiative \u00ab Fanm Kreyat\u00e8 Resiklaj \u00bb &#8211; VeliPost","og_description":"Le dimanche 18 janvier, l\u2019organisation\u00a0Entr\u2019Elles Ha\u00efti\u00a0a proc\u00e9d\u00e9 au lancement officiel de l\u2019initiative\u00a0Fanm Kreyat\u00e8 Resiklaj, un projet novateur qui place les femmes au c\u0153ur de","og_url":"https:\/\/velipost.com\/?p=5421","og_site_name":"VeliPost","article_publisher":"https:\/\/www.facebook.com\/veliposthaiti","article_published_time":"2026-01-21T04:13:39+00:00","article_modified_time":"2026-01-21T04:13:42+00:00","og_image":[{"width":1170,"height":603,"url":"https:\/\/velipost.com\/wp-content\/uploads\/2026\/01\/EntrElles-Haiti.jpg","type":"image\/jpeg"}],"author":"VeliPost","twitter_card":"summary_large_image","twitter_creator":"@veliposthaiti","twitter_site":"@veliposthaiti","twitter_misc":{"\u00c9crit par":"VeliPost","Dur\u00e9e de lecture estim\u00e9e":"2 minutes"},"schema":{"@context":"https:\/\/schema.org","@graph":[{"@type":"Article","@id":"https:\/\/velipost.com\/?p=5421#article","isPartOf":{"@id":"https:\/\/velipost.com\/?p=5421"},"author":{"name":"VeliPost","@id":"https:\/\/velipost.com\/#\/schema\/person\/32ff49a53c9c1bb24302ee8ece058096"},"headline":"Entr\u2019Elles Ha\u00efti lance l\u2019initiative \u00ab Fanm Kreyat\u00e8 Resiklaj \u00bb","datePublished":"2026-01-21T04:13:39+00:00","dateModified":"2026-01-21T04:13:42+00:00","mainEntityOfPage":{"@id":"https:\/\/velipost.com\/?p=5421"},"wordCount":204,"commentCount":0,"publisher":{"@id":"https:\/\/velipost.com\/#organization"},"image":{"@id":"https:\/\/velipost.com\/?p=5421#primaryimage"},"thumbnailUrl":"https:\/\/velipost.com\/wp-content\/uploads\/2026\/01\/EntrElles-Haiti.jpg","articleSection":["Environnement"],"inLanguage":"fr-FR","potentialAction":[{"@type":"CommentAction","name":"Comment","target":["https:\/\/velipost.com\/?p=5421#respond"]}]},{"@type":"WebPage","@id":"https:\/\/velipost.com\/?p=5421","url":"https:\/\/velipost.com\/?p=5421","name":"Entr\u2019Elles Ha\u00efti lance l\u2019initiative \u00ab Fanm Kreyat\u00e8 Resiklaj \u00bb &#8211; VeliPost","isPartOf":{"@id":"https:\/\/velipost.com\/#website"},"primaryImageOfPage":{"@id":"https:\/\/velipost.com\/?p=5421#primaryimage"},"image":{"@id":"https:\/\/velipost.com\/?p=5421#primaryimage"},"thumbnailUrl":"https:\/\/velipost.com\/wp-content\/uploads\/2026\/01\/EntrElles-Haiti.jpg","datePublished":"2026-01-21T04:13:39+00:00","dateModified":"2026-01-21T04:13:42+00:00","breadcrumb":{"@id":"https:\/\/velipost.com\/?p=5421#breadcrumb"},"inLanguage":"fr-FR","potentialAction":[{"@type":"ReadAction","target":["https:\/\/velipost.com\/?p=5421"]}]},{"@type":"ImageObject","inLanguage":"fr-FR","@id":"https:\/\/velipost.com\/?p=5421#primaryimage","url":"https:\/\/velipost.com\/wp-content\/uploads\/2026\/01\/EntrElles-Haiti.jpg","contentUrl":"https:\/\/velipost.com\/wp-content\/uploads\/2026\/01\/EntrElles-Haiti.jpg","width":1170,"height":603},{"@type":"BreadcrumbList","@id":"https:\/\/velipost.com\/?p=5421#breadcrumb","itemListElement":[{"@type":"ListItem","position":1,"name":"Accueil","item":"https:\/\/velipost.com\/"},{"@type":"ListItem","position":2,"name":"Entr\u2019Elles Ha\u00efti lance l\u2019initiative \u00ab Fanm Kreyat\u00e8 Resiklaj \u00bb"}]},{"@type":"WebSite","@id":"https:\/\/velipost.com\/#website","url":"https:\/\/velipost.com\/","name":"VeliPost","description":"L\u2019info en un clic","publisher":{"@id":"https:\/\/velipost.com\/#organization"},"potentialAction":[{"@type":"SearchAction","target":{"@type":"EntryPoint","urlTemplate":"https:\/\/velipost.com\/?s={search_term_string}"},"query-input":{"@type":"PropertyValueSpecification","valueRequired":true,"valueName":"search_term_string"}}],"inLanguage":"fr-FR"},{"@type":"Organization","@id":"https:\/\/velipost.com\/#organization","name":"VeliPost","url":"https:\/\/velipost.com\/","logo":{"@type":"ImageObject","inLanguage":"fr-FR","@id":"https:\/\/velipost.com\/#\/schema\/logo\/image\/","url":"https:\/\/velipost.com\/wp-content\/uploads\/2024\/08\/cropped-VP-logo-piti.png","contentUrl":"https:\/\/velipost.com\/wp-content\/uploads\/2024\/08\/cropped-VP-logo-piti.png","width":201,"height":69,"caption":"VeliPost"},"image":{"@id":"https:\/\/velipost.com\/#\/schema\/logo\/image\/"},"sameAs":["https:\/\/www.facebook.com\/veliposthaiti","https:\/\/x.com\/veliposthaiti","https:\/\/www.instagram.com\/veliposthaiti"]},{"@type":"Person","@id":"https:\/\/velipost.com\/#\/schema\/person\/32ff49a53c9c1bb24302ee8ece058096","name":"VeliPost","image":{"@type":"ImageObject","inLanguage":"fr-FR","@id":"https:\/\/velipost.com\/#\/schema\/person\/image\/","url":"https:\/\/secure.gravatar.com\/avatar\/57c226c264de62f794185a89596d4a37b85a5ad20aca30d9d5a478b27d8c8d9d?s=96&d=mm&r=g","contentUrl":"https:\/\/secure.gravatar.com\/avatar\/57c226c264de62f794185a89596d4a37b85a5ad20aca30d9d5a478b27d8c8d9d?s=96&d=mm&r=g","caption":"VeliPost"},"sameAs":["https:\/\/velipost.com"],"url":"https:\/\/velipost.com\/?author=1"}]}},"views":0,"jetpack_publicize_connections":[],"uagb_featured_image_src":{"full":["https:\/\/velipost.com\/wp-content\/uploads\/2026\/01\/EntrElles-Haiti.jpg",1170,603,false],"thumbnail":["https:\/\/velipost.com\/wp-content\/uploads\/2026\/01\/EntrElles-Haiti-150x150.jpg",150,150,true],"medium":["https:\/\/velipost.com\/wp-content\/uploads\/2026\/01\/EntrElles-Haiti-300x155.jpg",300,155,true],"medium_large":["https:\/\/velipost.com\/wp-content\/uploads\/2026\/01\/EntrElles-Haiti-768x396.jpg",715,369,true],"large":["https:\/\/velipost.com\/wp-content\/uploads\/2026\/01\/EntrElles-Haiti-1024x528.jpg",715,369,true],"1536x1536":["https:\/\/velipost.com\/wp-content\/uploads\/2026\/01\/EntrElles-Haiti.jpg",1170,603,false],"2048x2048":["https:\/\/velipost.com\/wp-content\/uploads\/2026\/01\/EntrElles-Haiti.jpg",1170,603,false],"colornews-big-slider":["https:\/\/velipost.com\/wp-content\/uploads\/2026\/01\/EntrElles-Haiti-1070x470.jpg",1070,470,true],"colornews-big-slider-thumb":["https:\/\/velipost.com\/wp-content\/uploads\/2026\/01\/EntrElles-Haiti-184x109.jpg",184,109,true],"colornews-featured-post-medium":["https:\/\/velipost.com\/wp-content\/uploads\/2026\/01\/EntrElles-Haiti-345x265.jpg",345,265,true],"colornews-featured-post-small":["https:\/\/velipost.com\/wp-content\/uploads\/2026\/01\/EntrElles-Haiti-115x73.jpg",115,73,true],"colornews-random-posts":["https:\/\/velipost.com\/wp-content\/uploads\/2026\/01\/EntrElles-Haiti-215x215.jpg",215,215,true],"colornews-featured-image":["https:\/\/velipost.com\/wp-content\/uploads\/2026\/01\/EntrElles-Haiti-715x400.jpg",715,400,true],"mailpoet_newsletter_max":["https:\/\/velipost.com\/wp-content\/uploads\/2026\/01\/EntrElles-Haiti.jpg",1170,603,false]},"uagb_author_info":{"display_name":"VeliPost","author_link":"https:\/\/velipost.com\/?author=1"},"uagb_comment_info":0,"uagb_excerpt":"Le dimanche 18 janvier, l\u2019organisation\u00a0Entr\u2019Elles Ha\u00efti\u00a0a proc\u00e9d\u00e9 au lancement officiel de l\u2019initiative\u00a0Fanm Kreyat\u00e8 Resiklaj, un projet novateur qui place les femmes au c\u0153ur de","_links":{"self":[{"href":"https:\/\/velipost.com\/index.php?rest_route=\/wp\/v2\/posts\/5421","targetHints":{"allow":["GET"]}}],"collection":[{"href":"https:\/\/velipost.com\/index.php?rest_route=\/wp\/v2\/posts"}],"about":[{"href":"https:\/\/velipost.com\/index.php?rest_route=\/wp\/v2\/types\/post"}],"author":[{"embeddable":true,"href":"https:\/\/velipost.com\/index.php?rest_route=\/wp\/v2\/users\/1"}],"replies":[{"embeddable":true,"href":"https:\/\/velipost.com\/index.php?rest_route=%2Fwp%2Fv2%2Fcomments&post=5421"}],"version-history":[{"count":1,"href":"https:\/\/velipost.com\/index.php?rest_route=\/wp\/v2\/posts\/5421\/revisions"}],"predecessor-version":[{"id":5423,"href":"https:\/\/velipost.com\/index.php?rest_route=\/wp\/v2\/posts\/5421\/revisions\/5423"}],"wp:featuredmedia":[{"embeddable":true,"href":"https:\/\/velipost.com\/index.php?rest_route=\/wp\/v2\/media\/5422"}],"wp:attachment":[{"href":"https:\/\/velipost.com\/index.php?rest_route=%2Fwp%2Fv2%2Fmedia&parent=5421"}],"wp:term":[{"taxonomy":"category","embeddable":true,"href":"https:\/\/velipost.com\/index.php?rest_route=%2Fwp%2Fv2%2Fcategories&post=5421"},{"taxonomy":"post_tag","embeddable":true,"href":"https:\/\/velipost.com\/index.php?rest_route=%2Fwp%2Fv2%2Ftags&post=5421"}],"curies":[{"name":"wp","href":"https:\/\/api.w.org\/{rel}","templated":true}]}}