{"id":5406,"date":"2026-01-19T03:50:37","date_gmt":"2026-01-19T02:50:37","guid":{"rendered":"https:\/\/velipost.com\/?p=5406"},"modified":"2026-01-19T03:50:39","modified_gmt":"2026-01-19T02:50:39","slug":"le-collectif-des-professionnels-de-la-presse-denonce-un-decret-juge-liberticide-et-reclame-son-retrait","status":"publish","type":"post","link":"https:\/\/velipost.com\/?p=5406","title":{"rendered":"Le Collectif des Professionnels de la Presse d\u00e9nonce un d\u00e9cret jug\u00e9 liberticide et r\u00e9clame son retrait"},"content":{"rendered":"\n<p>Le Collectif des Professionnels de la Presse (CPP) monte au cr\u00e9neau contre le d\u00e9cret publi\u00e9 dans Le Moniteur encadrant l\u2019exercice de la libert\u00e9 d\u2019expression et la r\u00e9pression des d\u00e9lits de diffamation et de presse. Dans une note officielle, l\u2019organisation de journalistes estime que ce texte, pris par le Conseil pr\u00e9sidentiel de transition (CPT), repr\u00e9sente un s\u00e9rieux recul pour la libert\u00e9 de la presse en Ha\u00efti.<\/p>\n\n\n\n<p>Selon le CPP, la d\u00e9marche de l\u2019ex\u00e9cutif soul\u00e8ve de graves interrogations sur le plan constitutionnel et d\u00e9mocratique. L\u2019instance de transition, rappelle le Collectif, ne peut ni se substituer \u00e0 la Constitution ni modifier unilat\u00e9ralement des droits fondamentaux consacr\u00e9s par celle-ci. Le CPP d\u00e9plore \u00e9galement l\u2019absence totale de consultation des journalistes, des m\u00e9dias et des associations de presse, pourtant directement concern\u00e9s par une telle r\u00e9forme.<\/p>\n\n\n\n<p>Au-del\u00e0 de la proc\u00e9dure, le contenu m\u00eame du d\u00e9cret est jug\u00e9 profond\u00e9ment r\u00e9pressif. Le texte assimile les d\u00e9lits de presse \u00e0 des crimes, pr\u00e9voit des sanctions s\u00e9v\u00e8res allant de fortes amendes \u00e0 des peines d\u2019emprisonnement, voire aux travaux forc\u00e9s, et laisse une large marge d\u2019interpr\u00e9tation autour de la notion de diffamation. Pour le CPP, ces dispositions ouvrent la voie \u00e0 une criminalisation de la critique et \u00e0 une autocensure accrue, dans un contexte national d\u00e9j\u00e0 marqu\u00e9 par la fragilit\u00e9 du d\u00e9bat d\u00e9mocratique.<\/p>\n\n\n\n<p>Le Collectif s\u2019inqui\u00e8te particuli\u00e8rement des cons\u00e9quences pour l\u2019exercice du journalisme. Le d\u00e9cret, tel que publi\u00e9, ne garantit ni la protection des journalistes ni celle de leurs sources, exposant ainsi la profession \u00e0 une pression judiciaire permanente. Une situation qui, selon le CPP, risque de transformer le travail de la presse en une activit\u00e9 exerc\u00e9e sous la menace constante de poursuites.<\/p>\n\n\n\n<p>Face \u00e0 ce qu\u2019il qualifie de d\u00e9rive dangereuse, le Collectif des Professionnels de la Presse exige le retrait imm\u00e9diat du d\u00e9cret. Il appelle les autorit\u00e9s \u00e0 privil\u00e9gier un dialogue inclusif avec l\u2019ensemble des acteurs concern\u00e9s, afin d\u2019\u00e9laborer un cadre l\u00e9gal respectueux de la libert\u00e9 d\u2019expression, capable de pr\u00e9venir les abus sans porter atteinte au droit fondamental de critiquer.<\/p>\n\n\n\n<p>Le CPP r\u00e9affirme enfin sa d\u00e9termination \u00e0 d\u00e9fendre la libert\u00e9 de la presse et le droit des journalistes ha\u00eftiens \u00e0 exercer leur m\u00e9tier dans un environnement s\u00e9curis\u00e9, d\u00e9mocratique et conforme aux principes constitutionnels.<\/p>\n\n    <div class=\"xs_social_share_widget xs_share_url after_content \t\tmain_content  wslu-style-3 wslu-share-box-shaped wslu-fill-brand-hover-colored wslu-share-m-5 wslu-none wslu-share-horizontal wslu-theme-font-no wslu-main_content\">\n\n\t\t\n        <ul>\n\t\t\t                    <li class=\"xs-share-li twitter                        wslu-no-extra-data\">\n                        <a href=\"javascript:void(0);\"\n                           id=\"xs_feed_twitter\"\n                           onclick=\"xs_social_sharer(this);\"\n                           data-pid=\"5406\"\n                           data-uri_hash=\"8d54a2aaa9abbc7736f9d65fe530d4b5\"\n                           data-key=\"twitter\"\n                           data-xs-href=\"https:\/\/twitter.com\/intent\/tweet?text=Le+Collectif+des+Professionnels+de+la+Presse+d%C3%A9nonce+un+d%C3%A9cret+jug%C3%A9+liberticide+et+r%C3%A9clame+son+retrait+https%3A%2F%2Fvelipost.com%2Findex.php%3Frest_route%3D%252Fwp%252Fv2%252Fposts%252F5406&amp;original_referer=https%3A%2F%2Fvelipost.com%2Findex.php%3Frest_route%3D%252Fwp%252Fv2%252Fposts%252F5406&amp;related=xpeedstudio\">\n\n                            <div class=\"xs-social-icon\">\n                                <span class=\"met-social met-social-twitter\"><\/span>\n                            <\/div>\n\n\t\t\t\t\t\t\t\n                            <div class=\"wslu-hover-content\">\n                                <div class=\"xs-social-followers\">\n\t\t\t\t\t\t\t\t\t10                                <\/div>\n                                <div class=\"xs-social-follower-text\">\n\t\t\t\t\t\t\t\t\tShare                                <\/div>\n                                <div class=\"xs-social-follower-label\">\n\t\t\t\t\t\t\t\t\tTwitter                                <\/div>\n                            <\/div>\n                        <\/a>\n                    <\/li>\n\t\t\t\t\t                    <li class=\"xs-share-li telegram                        wslu-no-extra-data\">\n                        <a href=\"javascript:void(0);\"\n                           id=\"xs_feed_telegram\"\n                           onclick=\"xs_social_sharer(this);\"\n                           data-pid=\"5406\"\n                           data-uri_hash=\"8d54a2aaa9abbc7736f9d65fe530d4b5\"\n                           data-key=\"telegram\"\n                           data-xs-href=\"https:\/\/telegram.me\/share\/url?url=https%3A%2F%2Fvelipost.com%2Findex.php%3Frest_route%3D%252Fwp%252Fv2%252Fposts%252F5406&amp;text=Le+Collectif+des+Professionnels+de+la+Presse+d%C3%A9nonce+un+d%C3%A9cret+jug%C3%A9+liberticide+et+r%C3%A9clame+son+retrait\">\n\n                            <div class=\"xs-social-icon\">\n                                <span class=\"met-social met-social-telegram\"><\/span>\n                            <\/div>\n\n\t\t\t\t\t\t\t\n                            <div class=\"wslu-hover-content\">\n                                <div class=\"xs-social-followers\">\n\t\t\t\t\t\t\t\t\t0                                <\/div>\n                                <div class=\"xs-social-follower-text\">\n\t\t\t\t\t\t\t\t\tShare                                <\/div>\n                                <div class=\"xs-social-follower-label\">\n\t\t\t\t\t\t\t\t\tTelegram                                <\/div>\n                            <\/div>\n                        <\/a>\n                    <\/li>\n\t\t\t\t\t                    <li class=\"xs-share-li email                        wslu-no-extra-data\">\n                        <a href=\"javascript:void(0);\"\n                           id=\"xs_feed_email\"\n                           onclick=\"xs_social_sharer(this);\"\n                           data-pid=\"5406\"\n                           data-uri_hash=\"8d54a2aaa9abbc7736f9d65fe530d4b5\"\n                           data-key=\"email\"\n                           data-xs-href=\"mailto:?body=Title%3A+Le+Collectif+des+Professionnels+de+la+Presse+d%C3%A9nonce+un+d%C3%A9cret+jug%C3%A9+liberticide+et+r%C3%A9clame+son+retrait+%5Cn%5Cn+URL%3A+https%3A%2F%2Fvelipost.com%2Findex.php%3Frest_route%3D%252Fwp%252Fv2%252Fposts%252F5406&amp;subject=Le+Collectif+des+Professionnels+de+la+Presse+d%C3%A9nonce+un+d%C3%A9cret+jug%C3%A9+liberticide+et+r%C3%A9clame+son+retrait\">\n\n                            <div class=\"xs-social-icon\">\n                                <span class=\"met-social met-social-email\"><\/span>\n                            <\/div>\n\n\t\t\t\t\t\t\t\n                            <div class=\"wslu-hover-content\">\n                                <div class=\"xs-social-followers\">\n\t\t\t\t\t\t\t\t\t0                                <\/div>\n                                <div class=\"xs-social-follower-text\">\n\t\t\t\t\t\t\t\t\tShare                                <\/div>\n                                <div class=\"xs-social-follower-label\">\n\t\t\t\t\t\t\t\t\tEmail                                <\/div>\n                            <\/div>\n                        <\/a>\n                    <\/li>\n\t\t\t\t\t        <\/ul>\n    <\/div> \n","protected":false},"excerpt":{"rendered":"<p>Le Collectif des Professionnels de la Presse (CPP) monte au cr\u00e9neau contre le d\u00e9cret publi\u00e9 dans Le Moniteur encadrant l\u2019exercice de la libert\u00e9 d\u2019expression<\/p>\n","protected":false},"author":1,"featured_media":5407,"comment_status":"open","ping_status":"open","sticky":false,"template":"","format":"standard","meta":{"_uag_custom_page_level_css":"","footnotes":"","jetpack_publicize_message":"","jetpack_publicize_feature_enabled":true,"jetpack_social_post_already_shared":true,"jetpack_social_options":{"image_generator_settings":{"template":"highway","default_image_id":0,"font":"","enabled":false},"version":2}},"categories":[94],"tags":[],"class_list":["post-5406","post","type-post","status-publish","format-standard","has-post-thumbnail","hentry","category-a-la-une"],"yoast_head":"<!-- This site is optimized with the Yoast SEO plugin v25.3.1 - https:\/\/yoast.com\/wordpress\/plugins\/seo\/ -->\n<title>Le Collectif des Professionnels de la Presse d\u00e9nonce un d\u00e9cret jug\u00e9 liberticide et r\u00e9clame son retrait &#8211; VeliPost<\/title>\n<meta name=\"robots\" content=\"index, follow, max-snippet:-1, max-image-preview:large, max-video-preview:-1\" \/>\n<link rel=\"canonical\" href=\"https:\/\/velipost.com\/?p=5406\" \/>\n<meta property=\"og:locale\" content=\"fr_FR\" \/>\n<meta property=\"og:type\" content=\"article\" \/>\n<meta property=\"og:title\" content=\"Le Collectif des Professionnels de la Presse d\u00e9nonce un d\u00e9cret jug\u00e9 liberticide et r\u00e9clame son retrait &#8211; VeliPost\" \/>\n<meta property=\"og:description\" content=\"Le Collectif des Professionnels de la Presse (CPP) monte au cr\u00e9neau contre le d\u00e9cret publi\u00e9 dans Le Moniteur encadrant l\u2019exercice de la libert\u00e9 d\u2019expression\" \/>\n<meta property=\"og:url\" content=\"https:\/\/velipost.com\/?p=5406\" \/>\n<meta property=\"og:site_name\" content=\"VeliPost\" \/>\n<meta property=\"article:publisher\" content=\"https:\/\/www.facebook.com\/veliposthaiti\" \/>\n<meta property=\"article:published_time\" content=\"2026-01-19T02:50:37+00:00\" \/>\n<meta property=\"article:modified_time\" content=\"2026-01-19T02:50:39+00:00\" \/>\n<meta property=\"og:image\" content=\"https:\/\/velipost.com\/wp-content\/uploads\/2026\/01\/cpppp.jpg\" \/>\n\t<meta property=\"og:image:width\" content=\"1170\" \/>\n\t<meta property=\"og:image:height\" content=\"603\" \/>\n\t<meta property=\"og:image:type\" content=\"image\/jpeg\" \/>\n<meta name=\"author\" content=\"VeliPost\" \/>\n<meta name=\"twitter:card\" content=\"summary_large_image\" \/>\n<meta name=\"twitter:creator\" content=\"@veliposthaiti\" \/>\n<meta name=\"twitter:site\" content=\"@veliposthaiti\" \/>\n<meta name=\"twitter:label1\" content=\"\u00c9crit par\" \/>\n\t<meta name=\"twitter:data1\" content=\"VeliPost\" \/>\n\t<meta name=\"twitter:label2\" content=\"Dur\u00e9e de lecture estim\u00e9e\" \/>\n\t<meta name=\"twitter:data2\" content=\"3 minutes\" \/>\n<script type=\"application\/ld+json\" class=\"yoast-schema-graph\">{\"@context\":\"https:\/\/schema.org\",\"@graph\":[{\"@type\":\"Article\",\"@id\":\"https:\/\/velipost.com\/?p=5406#article\",\"isPartOf\":{\"@id\":\"https:\/\/velipost.com\/?p=5406\"},\"author\":{\"name\":\"VeliPost\",\"@id\":\"https:\/\/velipost.com\/#\/schema\/person\/32ff49a53c9c1bb24302ee8ece058096\"},\"headline\":\"Le Collectif des Professionnels de la Presse d\u00e9nonce un d\u00e9cret jug\u00e9 liberticide et r\u00e9clame son retrait\",\"datePublished\":\"2026-01-19T02:50:37+00:00\",\"dateModified\":\"2026-01-19T02:50:39+00:00\",\"mainEntityOfPage\":{\"@id\":\"https:\/\/velipost.com\/?p=5406\"},\"wordCount\":437,\"commentCount\":0,\"publisher\":{\"@id\":\"https:\/\/velipost.com\/#organization\"},\"image\":{\"@id\":\"https:\/\/velipost.com\/?p=5406#primaryimage\"},\"thumbnailUrl\":\"https:\/\/velipost.com\/wp-content\/uploads\/2026\/01\/cpppp.jpg\",\"articleSection\":[\"A la Une\"],\"inLanguage\":\"fr-FR\",\"potentialAction\":[{\"@type\":\"CommentAction\",\"name\":\"Comment\",\"target\":[\"https:\/\/velipost.com\/?p=5406#respond\"]}]},{\"@type\":\"WebPage\",\"@id\":\"https:\/\/velipost.com\/?p=5406\",\"url\":\"https:\/\/velipost.com\/?p=5406\",\"name\":\"Le Collectif des Professionnels de la Presse d\u00e9nonce un d\u00e9cret jug\u00e9 liberticide et r\u00e9clame son retrait &#8211; VeliPost\",\"isPartOf\":{\"@id\":\"https:\/\/velipost.com\/#website\"},\"primaryImageOfPage\":{\"@id\":\"https:\/\/velipost.com\/?p=5406#primaryimage\"},\"image\":{\"@id\":\"https:\/\/velipost.com\/?p=5406#primaryimage\"},\"thumbnailUrl\":\"https:\/\/velipost.com\/wp-content\/uploads\/2026\/01\/cpppp.jpg\",\"datePublished\":\"2026-01-19T02:50:37+00:00\",\"dateModified\":\"2026-01-19T02:50:39+00:00\",\"breadcrumb\":{\"@id\":\"https:\/\/velipost.com\/?p=5406#breadcrumb\"},\"inLanguage\":\"fr-FR\",\"potentialAction\":[{\"@type\":\"ReadAction\",\"target\":[\"https:\/\/velipost.com\/?p=5406\"]}]},{\"@type\":\"ImageObject\",\"inLanguage\":\"fr-FR\",\"@id\":\"https:\/\/velipost.com\/?p=5406#primaryimage\",\"url\":\"https:\/\/velipost.com\/wp-content\/uploads\/2026\/01\/cpppp.jpg\",\"contentUrl\":\"https:\/\/velipost.com\/wp-content\/uploads\/2026\/01\/cpppp.jpg\",\"width\":1170,\"height\":603},{\"@type\":\"BreadcrumbList\",\"@id\":\"https:\/\/velipost.com\/?p=5406#breadcrumb\",\"itemListElement\":[{\"@type\":\"ListItem\",\"position\":1,\"name\":\"Accueil\",\"item\":\"https:\/\/velipost.com\/\"},{\"@type\":\"ListItem\",\"position\":2,\"name\":\"Le Collectif des Professionnels de la Presse d\u00e9nonce un d\u00e9cret jug\u00e9 liberticide et r\u00e9clame son retrait\"}]},{\"@type\":\"WebSite\",\"@id\":\"https:\/\/velipost.com\/#website\",\"url\":\"https:\/\/velipost.com\/\",\"name\":\"VeliPost\",\"description\":\"L\u2019info en un clic\",\"publisher\":{\"@id\":\"https:\/\/velipost.com\/#organization\"},\"potentialAction\":[{\"@type\":\"SearchAction\",\"target\":{\"@type\":\"EntryPoint\",\"urlTemplate\":\"https:\/\/velipost.com\/?s={search_term_string}\"},\"query-input\":{\"@type\":\"PropertyValueSpecification\",\"valueRequired\":true,\"valueName\":\"search_term_string\"}}],\"inLanguage\":\"fr-FR\"},{\"@type\":\"Organization\",\"@id\":\"https:\/\/velipost.com\/#organization\",\"name\":\"VeliPost\",\"url\":\"https:\/\/velipost.com\/\",\"logo\":{\"@type\":\"ImageObject\",\"inLanguage\":\"fr-FR\",\"@id\":\"https:\/\/velipost.com\/#\/schema\/logo\/image\/\",\"url\":\"https:\/\/velipost.com\/wp-content\/uploads\/2024\/08\/cropped-VP-logo-piti.png\",\"contentUrl\":\"https:\/\/velipost.com\/wp-content\/uploads\/2024\/08\/cropped-VP-logo-piti.png\",\"width\":201,\"height\":69,\"caption\":\"VeliPost\"},\"image\":{\"@id\":\"https:\/\/velipost.com\/#\/schema\/logo\/image\/\"},\"sameAs\":[\"https:\/\/www.facebook.com\/veliposthaiti\",\"https:\/\/x.com\/veliposthaiti\",\"https:\/\/www.instagram.com\/veliposthaiti\"]},{\"@type\":\"Person\",\"@id\":\"https:\/\/velipost.com\/#\/schema\/person\/32ff49a53c9c1bb24302ee8ece058096\",\"name\":\"VeliPost\",\"image\":{\"@type\":\"ImageObject\",\"inLanguage\":\"fr-FR\",\"@id\":\"https:\/\/velipost.com\/#\/schema\/person\/image\/\",\"url\":\"https:\/\/secure.gravatar.com\/avatar\/57c226c264de62f794185a89596d4a37b85a5ad20aca30d9d5a478b27d8c8d9d?s=96&d=mm&r=g\",\"contentUrl\":\"https:\/\/secure.gravatar.com\/avatar\/57c226c264de62f794185a89596d4a37b85a5ad20aca30d9d5a478b27d8c8d9d?s=96&d=mm&r=g\",\"caption\":\"VeliPost\"},\"sameAs\":[\"https:\/\/velipost.com\"],\"url\":\"https:\/\/velipost.com\/?author=1\"}]}<\/script>\n<!-- \/ Yoast SEO plugin. -->","yoast_head_json":{"title":"Le Collectif des Professionnels de la Presse d\u00e9nonce un d\u00e9cret jug\u00e9 liberticide et r\u00e9clame son retrait &#8211; VeliPost","robots":{"index":"index","follow":"follow","max-snippet":"max-snippet:-1","max-image-preview":"max-image-preview:large","max-video-preview":"max-video-preview:-1"},"canonical":"https:\/\/velipost.com\/?p=5406","og_locale":"fr_FR","og_type":"article","og_title":"Le Collectif des Professionnels de la Presse d\u00e9nonce un d\u00e9cret jug\u00e9 liberticide et r\u00e9clame son retrait &#8211; VeliPost","og_description":"Le Collectif des Professionnels de la Presse (CPP) monte au cr\u00e9neau contre le d\u00e9cret publi\u00e9 dans Le Moniteur encadrant l\u2019exercice de la libert\u00e9 d\u2019expression","og_url":"https:\/\/velipost.com\/?p=5406","og_site_name":"VeliPost","article_publisher":"https:\/\/www.facebook.com\/veliposthaiti","article_published_time":"2026-01-19T02:50:37+00:00","article_modified_time":"2026-01-19T02:50:39+00:00","og_image":[{"width":1170,"height":603,"url":"https:\/\/velipost.com\/wp-content\/uploads\/2026\/01\/cpppp.jpg","type":"image\/jpeg"}],"author":"VeliPost","twitter_card":"summary_large_image","twitter_creator":"@veliposthaiti","twitter_site":"@veliposthaiti","twitter_misc":{"\u00c9crit par":"VeliPost","Dur\u00e9e de lecture estim\u00e9e":"3 minutes"},"schema":{"@context":"https:\/\/schema.org","@graph":[{"@type":"Article","@id":"https:\/\/velipost.com\/?p=5406#article","isPartOf":{"@id":"https:\/\/velipost.com\/?p=5406"},"author":{"name":"VeliPost","@id":"https:\/\/velipost.com\/#\/schema\/person\/32ff49a53c9c1bb24302ee8ece058096"},"headline":"Le Collectif des Professionnels de la Presse d\u00e9nonce un d\u00e9cret jug\u00e9 liberticide et r\u00e9clame son retrait","datePublished":"2026-01-19T02:50:37+00:00","dateModified":"2026-01-19T02:50:39+00:00","mainEntityOfPage":{"@id":"https:\/\/velipost.com\/?p=5406"},"wordCount":437,"commentCount":0,"publisher":{"@id":"https:\/\/velipost.com\/#organization"},"image":{"@id":"https:\/\/velipost.com\/?p=5406#primaryimage"},"thumbnailUrl":"https:\/\/velipost.com\/wp-content\/uploads\/2026\/01\/cpppp.jpg","articleSection":["A la Une"],"inLanguage":"fr-FR","potentialAction":[{"@type":"CommentAction","name":"Comment","target":["https:\/\/velipost.com\/?p=5406#respond"]}]},{"@type":"WebPage","@id":"https:\/\/velipost.com\/?p=5406","url":"https:\/\/velipost.com\/?p=5406","name":"Le Collectif des Professionnels de la Presse d\u00e9nonce un d\u00e9cret jug\u00e9 liberticide et r\u00e9clame son retrait &#8211; VeliPost","isPartOf":{"@id":"https:\/\/velipost.com\/#website"},"primaryImageOfPage":{"@id":"https:\/\/velipost.com\/?p=5406#primaryimage"},"image":{"@id":"https:\/\/velipost.com\/?p=5406#primaryimage"},"thumbnailUrl":"https:\/\/velipost.com\/wp-content\/uploads\/2026\/01\/cpppp.jpg","datePublished":"2026-01-19T02:50:37+00:00","dateModified":"2026-01-19T02:50:39+00:00","breadcrumb":{"@id":"https:\/\/velipost.com\/?p=5406#breadcrumb"},"inLanguage":"fr-FR","potentialAction":[{"@type":"ReadAction","target":["https:\/\/velipost.com\/?p=5406"]}]},{"@type":"ImageObject","inLanguage":"fr-FR","@id":"https:\/\/velipost.com\/?p=5406#primaryimage","url":"https:\/\/velipost.com\/wp-content\/uploads\/2026\/01\/cpppp.jpg","contentUrl":"https:\/\/velipost.com\/wp-content\/uploads\/2026\/01\/cpppp.jpg","width":1170,"height":603},{"@type":"BreadcrumbList","@id":"https:\/\/velipost.com\/?p=5406#breadcrumb","itemListElement":[{"@type":"ListItem","position":1,"name":"Accueil","item":"https:\/\/velipost.com\/"},{"@type":"ListItem","position":2,"name":"Le Collectif des Professionnels de la Presse d\u00e9nonce un d\u00e9cret jug\u00e9 liberticide et r\u00e9clame son retrait"}]},{"@type":"WebSite","@id":"https:\/\/velipost.com\/#website","url":"https:\/\/velipost.com\/","name":"VeliPost","description":"L\u2019info en un clic","publisher":{"@id":"https:\/\/velipost.com\/#organization"},"potentialAction":[{"@type":"SearchAction","target":{"@type":"EntryPoint","urlTemplate":"https:\/\/velipost.com\/?s={search_term_string}"},"query-input":{"@type":"PropertyValueSpecification","valueRequired":true,"valueName":"search_term_string"}}],"inLanguage":"fr-FR"},{"@type":"Organization","@id":"https:\/\/velipost.com\/#organization","name":"VeliPost","url":"https:\/\/velipost.com\/","logo":{"@type":"ImageObject","inLanguage":"fr-FR","@id":"https:\/\/velipost.com\/#\/schema\/logo\/image\/","url":"https:\/\/velipost.com\/wp-content\/uploads\/2024\/08\/cropped-VP-logo-piti.png","contentUrl":"https:\/\/velipost.com\/wp-content\/uploads\/2024\/08\/cropped-VP-logo-piti.png","width":201,"height":69,"caption":"VeliPost"},"image":{"@id":"https:\/\/velipost.com\/#\/schema\/logo\/image\/"},"sameAs":["https:\/\/www.facebook.com\/veliposthaiti","https:\/\/x.com\/veliposthaiti","https:\/\/www.instagram.com\/veliposthaiti"]},{"@type":"Person","@id":"https:\/\/velipost.com\/#\/schema\/person\/32ff49a53c9c1bb24302ee8ece058096","name":"VeliPost","image":{"@type":"ImageObject","inLanguage":"fr-FR","@id":"https:\/\/velipost.com\/#\/schema\/person\/image\/","url":"https:\/\/secure.gravatar.com\/avatar\/57c226c264de62f794185a89596d4a37b85a5ad20aca30d9d5a478b27d8c8d9d?s=96&d=mm&r=g","contentUrl":"https:\/\/secure.gravatar.com\/avatar\/57c226c264de62f794185a89596d4a37b85a5ad20aca30d9d5a478b27d8c8d9d?s=96&d=mm&r=g","caption":"VeliPost"},"sameAs":["https:\/\/velipost.com"],"url":"https:\/\/velipost.com\/?author=1"}]}},"views":0,"jetpack_publicize_connections":[],"uagb_featured_image_src":{"full":["https:\/\/velipost.com\/wp-content\/uploads\/2026\/01\/cpppp.jpg",1170,603,false],"thumbnail":["https:\/\/velipost.com\/wp-content\/uploads\/2026\/01\/cpppp-150x150.jpg",150,150,true],"medium":["https:\/\/velipost.com\/wp-content\/uploads\/2026\/01\/cpppp-300x155.jpg",300,155,true],"medium_large":["https:\/\/velipost.com\/wp-content\/uploads\/2026\/01\/cpppp-768x396.jpg",715,369,true],"large":["https:\/\/velipost.com\/wp-content\/uploads\/2026\/01\/cpppp-1024x528.jpg",715,369,true],"1536x1536":["https:\/\/velipost.com\/wp-content\/uploads\/2026\/01\/cpppp.jpg",1170,603,false],"2048x2048":["https:\/\/velipost.com\/wp-content\/uploads\/2026\/01\/cpppp.jpg",1170,603,false],"colornews-big-slider":["https:\/\/velipost.com\/wp-content\/uploads\/2026\/01\/cpppp-1070x470.jpg",1070,470,true],"colornews-big-slider-thumb":["https:\/\/velipost.com\/wp-content\/uploads\/2026\/01\/cpppp-184x109.jpg",184,109,true],"colornews-featured-post-medium":["https:\/\/velipost.com\/wp-content\/uploads\/2026\/01\/cpppp-345x265.jpg",345,265,true],"colornews-featured-post-small":["https:\/\/velipost.com\/wp-content\/uploads\/2026\/01\/cpppp-115x73.jpg",115,73,true],"colornews-random-posts":["https:\/\/velipost.com\/wp-content\/uploads\/2026\/01\/cpppp-215x215.jpg",215,215,true],"colornews-featured-image":["https:\/\/velipost.com\/wp-content\/uploads\/2026\/01\/cpppp-715x400.jpg",715,400,true],"mailpoet_newsletter_max":["https:\/\/velipost.com\/wp-content\/uploads\/2026\/01\/cpppp.jpg",1170,603,false]},"uagb_author_info":{"display_name":"VeliPost","author_link":"https:\/\/velipost.com\/?author=1"},"uagb_comment_info":0,"uagb_excerpt":"Le Collectif des Professionnels de la Presse (CPP) monte au cr\u00e9neau contre le d\u00e9cret publi\u00e9 dans Le Moniteur encadrant l\u2019exercice de la libert\u00e9 d\u2019expression","_links":{"self":[{"href":"https:\/\/velipost.com\/index.php?rest_route=\/wp\/v2\/posts\/5406","targetHints":{"allow":["GET"]}}],"collection":[{"href":"https:\/\/velipost.com\/index.php?rest_route=\/wp\/v2\/posts"}],"about":[{"href":"https:\/\/velipost.com\/index.php?rest_route=\/wp\/v2\/types\/post"}],"author":[{"embeddable":true,"href":"https:\/\/velipost.com\/index.php?rest_route=\/wp\/v2\/users\/1"}],"replies":[{"embeddable":true,"href":"https:\/\/velipost.com\/index.php?rest_route=%2Fwp%2Fv2%2Fcomments&post=5406"}],"version-history":[{"count":1,"href":"https:\/\/velipost.com\/index.php?rest_route=\/wp\/v2\/posts\/5406\/revisions"}],"predecessor-version":[{"id":5408,"href":"https:\/\/velipost.com\/index.php?rest_route=\/wp\/v2\/posts\/5406\/revisions\/5408"}],"wp:featuredmedia":[{"embeddable":true,"href":"https:\/\/velipost.com\/index.php?rest_route=\/wp\/v2\/media\/5407"}],"wp:attachment":[{"href":"https:\/\/velipost.com\/index.php?rest_route=%2Fwp%2Fv2%2Fmedia&parent=5406"}],"wp:term":[{"taxonomy":"category","embeddable":true,"href":"https:\/\/velipost.com\/index.php?rest_route=%2Fwp%2Fv2%2Fcategories&post=5406"},{"taxonomy":"post_tag","embeddable":true,"href":"https:\/\/velipost.com\/index.php?rest_route=%2Fwp%2Fv2%2Ftags&post=5406"}],"curies":[{"name":"wp","href":"https:\/\/api.w.org\/{rel}","templated":true}]}}