{"id":5381,"date":"2026-01-15T15:53:41","date_gmt":"2026-01-15T14:53:41","guid":{"rendered":"https:\/\/velipost.com\/?p=5381"},"modified":"2026-01-15T15:53:45","modified_gmt":"2026-01-15T14:53:45","slug":"mgr-pierre-andre-dumas-se-retire-du-processus-de-mediation-politique-en-haiti","status":"publish","type":"post","link":"https:\/\/velipost.com\/?p=5381","title":{"rendered":"Mgr Pierre-Andr\u00e9 Dumas se retire du processus de m\u00e9diation politique en Ha\u00efti"},"content":{"rendered":"\n<p>L\u2019annonce de Monseigneur Pierre-Andr\u00e9 Dumas avait suscit\u00e9 autant d\u2019espoirs que de critiques. Sollicit\u00e9 par des acteurs politiques, des organisations de la soci\u00e9t\u00e9 civile et des partenaires internationaux, le pr\u00e9lat avait accept\u00e9 d\u2019examiner la possibilit\u00e9 d\u2019un r\u00f4le de m\u00e9diateur dans la crise politique ha\u00eftienne. Ce mercredi, il a toutefois d\u00e9cid\u00e9 de se retirer du processus.<\/p>\n\n\n\n<p>Dans une note de clarification rendue publique, l\u2019\u00e9v\u00eaque catholique a tenu \u00e0 corriger plusieurs interpr\u00e9tations qui circulaient dans l\u2019opinion. Il pr\u00e9cise n\u2019avoir jamais propos\u00e9 sa candidature de sa propre initiative. Selon lui, les d\u00e9marches \u00e9voquant son nom sont venues de sollicitations ext\u00e9rieures, issues de diff\u00e9rentes coalitions politiques et d\u2019organisations nationales et internationales.<\/p>\n\n\n\n<p>Mgr Dumas explique que son ouverture \u00e0 ces demandes s\u2019inscrivait uniquement dans un cadre pastoral. Il affirme avoir agi en communion avec l\u2019\u00c9glise, sans repr\u00e9senter officiellement la Conf\u00e9rence des \u00e9v\u00eaques d\u2019Ha\u00efti. Pour le pr\u00e9lat, son r\u00f4le devait se limiter \u00e0 faciliter l\u2019\u00e9coute et le dialogue, et non \u00e0 produire une solution politique.<\/p>\n\n\n\n<p>L\u2019homme d\u2019\u00c9glise a \u00e9galement r\u00e9pondu aux critiques concernant son lien pr\u00e9sum\u00e9 avec le Rassemblement pour une entente nationale (REN), repr\u00e9sent\u00e9 au CPT par R\u00e9gime Abraham. Il rappelle qu\u2019il n\u2019est membre d\u2019aucune organisation politique. Sa mission, insiste-t-il, reste celle d\u2019un pasteur engag\u00e9 au service du bien commun et de la dignit\u00e9 humaine.<\/p>\n\n\n\n<p>Dans son message, Mgr Dumas d\u00e9fend la \u00ab culture de la rencontre \u00bb promue par l\u2019\u00c9glise. Selon lui, le dialogue reste l\u2019unique alternative cr\u00e9dible \u00e0 la violence. Il estime qu\u2019un m\u00e9diateur peut ouvrir des portes, mais que seules les Ha\u00eftiennes et les Ha\u00eftiens peuvent construire ensemble une issue durable \u00e0 la crise.<\/p>\n\n\n\n<p>Cependant, la multiplication d\u2019informations jug\u00e9es inexactes et de r\u00e9cup\u00e9rations politiques l\u2019a conduit \u00e0 revoir sa position. Apr\u00e8s un temps de pri\u00e8re et de discernement, et \u00e0 la suite de conseils re\u00e7us, il a annonc\u00e9 son retrait de toute implication directe et op\u00e9rationnelle dans ce processus de m\u00e9diation.<\/p>\n\n\n\n<p>Ce retrait ne signifie pas un d\u00e9sengagement du pays, assure-t-il. Au contraire, Mgr Dumas r\u00e9affirme sa foi dans la capacit\u00e9 des institutions et des citoyens ha\u00eftiens \u00e0 trouver une solution nationale \u00e0 la crise actuelle. Il se dit convaincu qu\u2019une m\u00e9diation men\u00e9e par des acteurs cr\u00e9dibles et responsables demeure possible.<\/p>\n\n\n\n<p>L\u2019\u00e9v\u00eaque conclut en renouvelant son attachement \u00e0 Ha\u00efti et \u00e0 son peuple. Il promet de continuer \u00e0 prier, \u00e0 interpeller les consciences et \u00e0 soutenir toute initiative sinc\u00e8re en faveur du dialogue, de la paix et de la reconstruction nationale.<\/p>\n\n    <div class=\"xs_social_share_widget xs_share_url after_content \t\tmain_content  wslu-style-3 wslu-share-box-shaped wslu-fill-brand-hover-colored wslu-share-m-5 wslu-none wslu-share-horizontal wslu-theme-font-no wslu-main_content\">\n\n\t\t\n        <ul>\n\t\t\t                    <li class=\"xs-share-li twitter                        wslu-no-extra-data\">\n                        <a href=\"javascript:void(0);\"\n                           id=\"xs_feed_twitter\"\n                           onclick=\"xs_social_sharer(this);\"\n                           data-pid=\"5381\"\n                           data-uri_hash=\"f975edb88726b991132010331b7401ff\"\n                           data-key=\"twitter\"\n                           data-xs-href=\"https:\/\/twitter.com\/intent\/tweet?text=Mgr+Pierre-Andr%C3%A9+Dumas+se+retire+du+processus+de+m%C3%A9diation+politique+en+Ha%C3%AFti+https%3A%2F%2Fvelipost.com%2Findex.php%3Frest_route%3D%252Fwp%252Fv2%252Fposts%252F5381&amp;original_referer=https%3A%2F%2Fvelipost.com%2Findex.php%3Frest_route%3D%252Fwp%252Fv2%252Fposts%252F5381&amp;related=xpeedstudio\">\n\n                            <div class=\"xs-social-icon\">\n                                <span class=\"met-social met-social-twitter\"><\/span>\n                            <\/div>\n\n\t\t\t\t\t\t\t\n                            <div class=\"wslu-hover-content\">\n                                <div class=\"xs-social-followers\">\n\t\t\t\t\t\t\t\t\t10                                <\/div>\n                                <div class=\"xs-social-follower-text\">\n\t\t\t\t\t\t\t\t\tShare                                <\/div>\n                                <div class=\"xs-social-follower-label\">\n\t\t\t\t\t\t\t\t\tTwitter                                <\/div>\n                            <\/div>\n                        <\/a>\n                    <\/li>\n\t\t\t\t\t                    <li class=\"xs-share-li telegram                        wslu-no-extra-data\">\n                        <a href=\"javascript:void(0);\"\n                           id=\"xs_feed_telegram\"\n                           onclick=\"xs_social_sharer(this);\"\n                           data-pid=\"5381\"\n                           data-uri_hash=\"f975edb88726b991132010331b7401ff\"\n                           data-key=\"telegram\"\n                           data-xs-href=\"https:\/\/telegram.me\/share\/url?url=https%3A%2F%2Fvelipost.com%2Findex.php%3Frest_route%3D%252Fwp%252Fv2%252Fposts%252F5381&amp;text=Mgr+Pierre-Andr%C3%A9+Dumas+se+retire+du+processus+de+m%C3%A9diation+politique+en+Ha%C3%AFti\">\n\n                            <div class=\"xs-social-icon\">\n                                <span class=\"met-social met-social-telegram\"><\/span>\n                            <\/div>\n\n\t\t\t\t\t\t\t\n                            <div class=\"wslu-hover-content\">\n                                <div class=\"xs-social-followers\">\n\t\t\t\t\t\t\t\t\t0                                <\/div>\n                                <div class=\"xs-social-follower-text\">\n\t\t\t\t\t\t\t\t\tShare                                <\/div>\n                                <div class=\"xs-social-follower-label\">\n\t\t\t\t\t\t\t\t\tTelegram                                <\/div>\n                            <\/div>\n                        <\/a>\n                    <\/li>\n\t\t\t\t\t                    <li class=\"xs-share-li email                        wslu-no-extra-data\">\n                        <a href=\"javascript:void(0);\"\n                           id=\"xs_feed_email\"\n                           onclick=\"xs_social_sharer(this);\"\n                           data-pid=\"5381\"\n                           data-uri_hash=\"f975edb88726b991132010331b7401ff\"\n                           data-key=\"email\"\n                           data-xs-href=\"mailto:?body=Title%3A+Mgr+Pierre-Andr%C3%A9+Dumas+se+retire+du+processus+de+m%C3%A9diation+politique+en+Ha%C3%AFti+%5Cn%5Cn+URL%3A+https%3A%2F%2Fvelipost.com%2Findex.php%3Frest_route%3D%252Fwp%252Fv2%252Fposts%252F5381&amp;subject=Mgr+Pierre-Andr%C3%A9+Dumas+se+retire+du+processus+de+m%C3%A9diation+politique+en+Ha%C3%AFti\">\n\n                            <div class=\"xs-social-icon\">\n                                <span class=\"met-social met-social-email\"><\/span>\n                            <\/div>\n\n\t\t\t\t\t\t\t\n                            <div class=\"wslu-hover-content\">\n                                <div class=\"xs-social-followers\">\n\t\t\t\t\t\t\t\t\t0                                <\/div>\n                                <div class=\"xs-social-follower-text\">\n\t\t\t\t\t\t\t\t\tShare                                <\/div>\n                                <div class=\"xs-social-follower-label\">\n\t\t\t\t\t\t\t\t\tEmail                                <\/div>\n                            <\/div>\n                        <\/a>\n                    <\/li>\n\t\t\t\t\t        <\/ul>\n    <\/div> \n","protected":false},"excerpt":{"rendered":"<p>L\u2019annonce de Monseigneur Pierre-Andr\u00e9 Dumas avait suscit\u00e9 autant d\u2019espoirs que de critiques. Sollicit\u00e9 par des acteurs politiques, des organisations de la soci\u00e9t\u00e9 civile et<\/p>\n","protected":false},"author":1,"featured_media":5382,"comment_status":"open","ping_status":"open","sticky":false,"template":"","format":"standard","meta":{"_uag_custom_page_level_css":"","footnotes":"","jetpack_publicize_message":"","jetpack_publicize_feature_enabled":true,"jetpack_social_post_already_shared":true,"jetpack_social_options":{"image_generator_settings":{"template":"highway","default_image_id":0,"font":"","enabled":false},"version":2}},"categories":[115],"tags":[],"class_list":["post-5381","post","type-post","status-publish","format-standard","has-post-thumbnail","hentry","category-politique"],"yoast_head":"<!-- This site is optimized with the Yoast SEO plugin v25.3.1 - https:\/\/yoast.com\/wordpress\/plugins\/seo\/ -->\n<title>Mgr Pierre-Andr\u00e9 Dumas se retire du processus de m\u00e9diation politique en Ha\u00efti &#8211; VeliPost<\/title>\n<meta name=\"robots\" content=\"index, follow, max-snippet:-1, max-image-preview:large, max-video-preview:-1\" \/>\n<link rel=\"canonical\" href=\"https:\/\/velipost.com\/?p=5381\" \/>\n<meta property=\"og:locale\" content=\"fr_FR\" \/>\n<meta property=\"og:type\" content=\"article\" \/>\n<meta property=\"og:title\" content=\"Mgr Pierre-Andr\u00e9 Dumas se retire du processus de m\u00e9diation politique en Ha\u00efti &#8211; VeliPost\" \/>\n<meta property=\"og:description\" content=\"L\u2019annonce de Monseigneur Pierre-Andr\u00e9 Dumas avait suscit\u00e9 autant d\u2019espoirs que de critiques. Sollicit\u00e9 par des acteurs politiques, des organisations de la soci\u00e9t\u00e9 civile et\" \/>\n<meta property=\"og:url\" content=\"https:\/\/velipost.com\/?p=5381\" \/>\n<meta property=\"og:site_name\" content=\"VeliPost\" \/>\n<meta property=\"article:publisher\" content=\"https:\/\/www.facebook.com\/veliposthaiti\" \/>\n<meta property=\"article:published_time\" content=\"2026-01-15T14:53:41+00:00\" \/>\n<meta property=\"article:modified_time\" content=\"2026-01-15T14:53:45+00:00\" \/>\n<meta property=\"og:image\" content=\"https:\/\/velipost.com\/wp-content\/uploads\/2026\/01\/Mgr-Pierre-Andre-Dumas.jpg\" \/>\n\t<meta property=\"og:image:width\" content=\"1170\" \/>\n\t<meta property=\"og:image:height\" content=\"603\" \/>\n\t<meta property=\"og:image:type\" content=\"image\/jpeg\" \/>\n<meta name=\"author\" content=\"VeliPost\" \/>\n<meta name=\"twitter:card\" content=\"summary_large_image\" \/>\n<meta name=\"twitter:creator\" content=\"@veliposthaiti\" \/>\n<meta name=\"twitter:site\" content=\"@veliposthaiti\" \/>\n<meta name=\"twitter:label1\" content=\"\u00c9crit par\" \/>\n\t<meta name=\"twitter:data1\" content=\"VeliPost\" \/>\n\t<meta name=\"twitter:label2\" content=\"Dur\u00e9e de lecture estim\u00e9e\" \/>\n\t<meta name=\"twitter:data2\" content=\"3 minutes\" \/>\n<script type=\"application\/ld+json\" class=\"yoast-schema-graph\">{\"@context\":\"https:\/\/schema.org\",\"@graph\":[{\"@type\":\"Article\",\"@id\":\"https:\/\/velipost.com\/?p=5381#article\",\"isPartOf\":{\"@id\":\"https:\/\/velipost.com\/?p=5381\"},\"author\":{\"name\":\"VeliPost\",\"@id\":\"https:\/\/velipost.com\/#\/schema\/person\/32ff49a53c9c1bb24302ee8ece058096\"},\"headline\":\"Mgr Pierre-Andr\u00e9 Dumas se retire du processus de m\u00e9diation politique en Ha\u00efti\",\"datePublished\":\"2026-01-15T14:53:41+00:00\",\"dateModified\":\"2026-01-15T14:53:45+00:00\",\"mainEntityOfPage\":{\"@id\":\"https:\/\/velipost.com\/?p=5381\"},\"wordCount\":464,\"commentCount\":0,\"publisher\":{\"@id\":\"https:\/\/velipost.com\/#organization\"},\"image\":{\"@id\":\"https:\/\/velipost.com\/?p=5381#primaryimage\"},\"thumbnailUrl\":\"https:\/\/velipost.com\/wp-content\/uploads\/2026\/01\/Mgr-Pierre-Andre-Dumas.jpg\",\"articleSection\":[\"Politique\"],\"inLanguage\":\"fr-FR\",\"potentialAction\":[{\"@type\":\"CommentAction\",\"name\":\"Comment\",\"target\":[\"https:\/\/velipost.com\/?p=5381#respond\"]}]},{\"@type\":\"WebPage\",\"@id\":\"https:\/\/velipost.com\/?p=5381\",\"url\":\"https:\/\/velipost.com\/?p=5381\",\"name\":\"Mgr Pierre-Andr\u00e9 Dumas se retire du processus de m\u00e9diation politique en Ha\u00efti &#8211; VeliPost\",\"isPartOf\":{\"@id\":\"https:\/\/velipost.com\/#website\"},\"primaryImageOfPage\":{\"@id\":\"https:\/\/velipost.com\/?p=5381#primaryimage\"},\"image\":{\"@id\":\"https:\/\/velipost.com\/?p=5381#primaryimage\"},\"thumbnailUrl\":\"https:\/\/velipost.com\/wp-content\/uploads\/2026\/01\/Mgr-Pierre-Andre-Dumas.jpg\",\"datePublished\":\"2026-01-15T14:53:41+00:00\",\"dateModified\":\"2026-01-15T14:53:45+00:00\",\"breadcrumb\":{\"@id\":\"https:\/\/velipost.com\/?p=5381#breadcrumb\"},\"inLanguage\":\"fr-FR\",\"potentialAction\":[{\"@type\":\"ReadAction\",\"target\":[\"https:\/\/velipost.com\/?p=5381\"]}]},{\"@type\":\"ImageObject\",\"inLanguage\":\"fr-FR\",\"@id\":\"https:\/\/velipost.com\/?p=5381#primaryimage\",\"url\":\"https:\/\/velipost.com\/wp-content\/uploads\/2026\/01\/Mgr-Pierre-Andre-Dumas.jpg\",\"contentUrl\":\"https:\/\/velipost.com\/wp-content\/uploads\/2026\/01\/Mgr-Pierre-Andre-Dumas.jpg\",\"width\":1170,\"height\":603},{\"@type\":\"BreadcrumbList\",\"@id\":\"https:\/\/velipost.com\/?p=5381#breadcrumb\",\"itemListElement\":[{\"@type\":\"ListItem\",\"position\":1,\"name\":\"Accueil\",\"item\":\"https:\/\/velipost.com\/\"},{\"@type\":\"ListItem\",\"position\":2,\"name\":\"Mgr Pierre-Andr\u00e9 Dumas se retire du processus de m\u00e9diation politique en Ha\u00efti\"}]},{\"@type\":\"WebSite\",\"@id\":\"https:\/\/velipost.com\/#website\",\"url\":\"https:\/\/velipost.com\/\",\"name\":\"VeliPost\",\"description\":\"L\u2019info en un clic\",\"publisher\":{\"@id\":\"https:\/\/velipost.com\/#organization\"},\"potentialAction\":[{\"@type\":\"SearchAction\",\"target\":{\"@type\":\"EntryPoint\",\"urlTemplate\":\"https:\/\/velipost.com\/?s={search_term_string}\"},\"query-input\":{\"@type\":\"PropertyValueSpecification\",\"valueRequired\":true,\"valueName\":\"search_term_string\"}}],\"inLanguage\":\"fr-FR\"},{\"@type\":\"Organization\",\"@id\":\"https:\/\/velipost.com\/#organization\",\"name\":\"VeliPost\",\"url\":\"https:\/\/velipost.com\/\",\"logo\":{\"@type\":\"ImageObject\",\"inLanguage\":\"fr-FR\",\"@id\":\"https:\/\/velipost.com\/#\/schema\/logo\/image\/\",\"url\":\"https:\/\/velipost.com\/wp-content\/uploads\/2024\/08\/cropped-VP-logo-piti.png\",\"contentUrl\":\"https:\/\/velipost.com\/wp-content\/uploads\/2024\/08\/cropped-VP-logo-piti.png\",\"width\":201,\"height\":69,\"caption\":\"VeliPost\"},\"image\":{\"@id\":\"https:\/\/velipost.com\/#\/schema\/logo\/image\/\"},\"sameAs\":[\"https:\/\/www.facebook.com\/veliposthaiti\",\"https:\/\/x.com\/veliposthaiti\",\"https:\/\/www.instagram.com\/veliposthaiti\"]},{\"@type\":\"Person\",\"@id\":\"https:\/\/velipost.com\/#\/schema\/person\/32ff49a53c9c1bb24302ee8ece058096\",\"name\":\"VeliPost\",\"image\":{\"@type\":\"ImageObject\",\"inLanguage\":\"fr-FR\",\"@id\":\"https:\/\/velipost.com\/#\/schema\/person\/image\/\",\"url\":\"https:\/\/secure.gravatar.com\/avatar\/57c226c264de62f794185a89596d4a37b85a5ad20aca30d9d5a478b27d8c8d9d?s=96&d=mm&r=g\",\"contentUrl\":\"https:\/\/secure.gravatar.com\/avatar\/57c226c264de62f794185a89596d4a37b85a5ad20aca30d9d5a478b27d8c8d9d?s=96&d=mm&r=g\",\"caption\":\"VeliPost\"},\"sameAs\":[\"https:\/\/velipost.com\"],\"url\":\"https:\/\/velipost.com\/?author=1\"}]}<\/script>\n<!-- \/ Yoast SEO plugin. -->","yoast_head_json":{"title":"Mgr Pierre-Andr\u00e9 Dumas se retire du processus de m\u00e9diation politique en Ha\u00efti &#8211; VeliPost","robots":{"index":"index","follow":"follow","max-snippet":"max-snippet:-1","max-image-preview":"max-image-preview:large","max-video-preview":"max-video-preview:-1"},"canonical":"https:\/\/velipost.com\/?p=5381","og_locale":"fr_FR","og_type":"article","og_title":"Mgr Pierre-Andr\u00e9 Dumas se retire du processus de m\u00e9diation politique en Ha\u00efti &#8211; VeliPost","og_description":"L\u2019annonce de Monseigneur Pierre-Andr\u00e9 Dumas avait suscit\u00e9 autant d\u2019espoirs que de critiques. Sollicit\u00e9 par des acteurs politiques, des organisations de la soci\u00e9t\u00e9 civile et","og_url":"https:\/\/velipost.com\/?p=5381","og_site_name":"VeliPost","article_publisher":"https:\/\/www.facebook.com\/veliposthaiti","article_published_time":"2026-01-15T14:53:41+00:00","article_modified_time":"2026-01-15T14:53:45+00:00","og_image":[{"width":1170,"height":603,"url":"https:\/\/velipost.com\/wp-content\/uploads\/2026\/01\/Mgr-Pierre-Andre-Dumas.jpg","type":"image\/jpeg"}],"author":"VeliPost","twitter_card":"summary_large_image","twitter_creator":"@veliposthaiti","twitter_site":"@veliposthaiti","twitter_misc":{"\u00c9crit par":"VeliPost","Dur\u00e9e de lecture estim\u00e9e":"3 minutes"},"schema":{"@context":"https:\/\/schema.org","@graph":[{"@type":"Article","@id":"https:\/\/velipost.com\/?p=5381#article","isPartOf":{"@id":"https:\/\/velipost.com\/?p=5381"},"author":{"name":"VeliPost","@id":"https:\/\/velipost.com\/#\/schema\/person\/32ff49a53c9c1bb24302ee8ece058096"},"headline":"Mgr Pierre-Andr\u00e9 Dumas se retire du processus de m\u00e9diation politique en Ha\u00efti","datePublished":"2026-01-15T14:53:41+00:00","dateModified":"2026-01-15T14:53:45+00:00","mainEntityOfPage":{"@id":"https:\/\/velipost.com\/?p=5381"},"wordCount":464,"commentCount":0,"publisher":{"@id":"https:\/\/velipost.com\/#organization"},"image":{"@id":"https:\/\/velipost.com\/?p=5381#primaryimage"},"thumbnailUrl":"https:\/\/velipost.com\/wp-content\/uploads\/2026\/01\/Mgr-Pierre-Andre-Dumas.jpg","articleSection":["Politique"],"inLanguage":"fr-FR","potentialAction":[{"@type":"CommentAction","name":"Comment","target":["https:\/\/velipost.com\/?p=5381#respond"]}]},{"@type":"WebPage","@id":"https:\/\/velipost.com\/?p=5381","url":"https:\/\/velipost.com\/?p=5381","name":"Mgr Pierre-Andr\u00e9 Dumas se retire du processus de m\u00e9diation politique en Ha\u00efti &#8211; VeliPost","isPartOf":{"@id":"https:\/\/velipost.com\/#website"},"primaryImageOfPage":{"@id":"https:\/\/velipost.com\/?p=5381#primaryimage"},"image":{"@id":"https:\/\/velipost.com\/?p=5381#primaryimage"},"thumbnailUrl":"https:\/\/velipost.com\/wp-content\/uploads\/2026\/01\/Mgr-Pierre-Andre-Dumas.jpg","datePublished":"2026-01-15T14:53:41+00:00","dateModified":"2026-01-15T14:53:45+00:00","breadcrumb":{"@id":"https:\/\/velipost.com\/?p=5381#breadcrumb"},"inLanguage":"fr-FR","potentialAction":[{"@type":"ReadAction","target":["https:\/\/velipost.com\/?p=5381"]}]},{"@type":"ImageObject","inLanguage":"fr-FR","@id":"https:\/\/velipost.com\/?p=5381#primaryimage","url":"https:\/\/velipost.com\/wp-content\/uploads\/2026\/01\/Mgr-Pierre-Andre-Dumas.jpg","contentUrl":"https:\/\/velipost.com\/wp-content\/uploads\/2026\/01\/Mgr-Pierre-Andre-Dumas.jpg","width":1170,"height":603},{"@type":"BreadcrumbList","@id":"https:\/\/velipost.com\/?p=5381#breadcrumb","itemListElement":[{"@type":"ListItem","position":1,"name":"Accueil","item":"https:\/\/velipost.com\/"},{"@type":"ListItem","position":2,"name":"Mgr Pierre-Andr\u00e9 Dumas se retire du processus de m\u00e9diation politique en Ha\u00efti"}]},{"@type":"WebSite","@id":"https:\/\/velipost.com\/#website","url":"https:\/\/velipost.com\/","name":"VeliPost","description":"L\u2019info en un clic","publisher":{"@id":"https:\/\/velipost.com\/#organization"},"potentialAction":[{"@type":"SearchAction","target":{"@type":"EntryPoint","urlTemplate":"https:\/\/velipost.com\/?s={search_term_string}"},"query-input":{"@type":"PropertyValueSpecification","valueRequired":true,"valueName":"search_term_string"}}],"inLanguage":"fr-FR"},{"@type":"Organization","@id":"https:\/\/velipost.com\/#organization","name":"VeliPost","url":"https:\/\/velipost.com\/","logo":{"@type":"ImageObject","inLanguage":"fr-FR","@id":"https:\/\/velipost.com\/#\/schema\/logo\/image\/","url":"https:\/\/velipost.com\/wp-content\/uploads\/2024\/08\/cropped-VP-logo-piti.png","contentUrl":"https:\/\/velipost.com\/wp-content\/uploads\/2024\/08\/cropped-VP-logo-piti.png","width":201,"height":69,"caption":"VeliPost"},"image":{"@id":"https:\/\/velipost.com\/#\/schema\/logo\/image\/"},"sameAs":["https:\/\/www.facebook.com\/veliposthaiti","https:\/\/x.com\/veliposthaiti","https:\/\/www.instagram.com\/veliposthaiti"]},{"@type":"Person","@id":"https:\/\/velipost.com\/#\/schema\/person\/32ff49a53c9c1bb24302ee8ece058096","name":"VeliPost","image":{"@type":"ImageObject","inLanguage":"fr-FR","@id":"https:\/\/velipost.com\/#\/schema\/person\/image\/","url":"https:\/\/secure.gravatar.com\/avatar\/57c226c264de62f794185a89596d4a37b85a5ad20aca30d9d5a478b27d8c8d9d?s=96&d=mm&r=g","contentUrl":"https:\/\/secure.gravatar.com\/avatar\/57c226c264de62f794185a89596d4a37b85a5ad20aca30d9d5a478b27d8c8d9d?s=96&d=mm&r=g","caption":"VeliPost"},"sameAs":["https:\/\/velipost.com"],"url":"https:\/\/velipost.com\/?author=1"}]}},"views":0,"jetpack_publicize_connections":[],"uagb_featured_image_src":{"full":["https:\/\/velipost.com\/wp-content\/uploads\/2026\/01\/Mgr-Pierre-Andre-Dumas.jpg",1170,603,false],"thumbnail":["https:\/\/velipost.com\/wp-content\/uploads\/2026\/01\/Mgr-Pierre-Andre-Dumas-150x150.jpg",150,150,true],"medium":["https:\/\/velipost.com\/wp-content\/uploads\/2026\/01\/Mgr-Pierre-Andre-Dumas-300x155.jpg",300,155,true],"medium_large":["https:\/\/velipost.com\/wp-content\/uploads\/2026\/01\/Mgr-Pierre-Andre-Dumas-768x396.jpg",715,369,true],"large":["https:\/\/velipost.com\/wp-content\/uploads\/2026\/01\/Mgr-Pierre-Andre-Dumas-1024x528.jpg",715,369,true],"1536x1536":["https:\/\/velipost.com\/wp-content\/uploads\/2026\/01\/Mgr-Pierre-Andre-Dumas.jpg",1170,603,false],"2048x2048":["https:\/\/velipost.com\/wp-content\/uploads\/2026\/01\/Mgr-Pierre-Andre-Dumas.jpg",1170,603,false],"colornews-big-slider":["https:\/\/velipost.com\/wp-content\/uploads\/2026\/01\/Mgr-Pierre-Andre-Dumas-1070x470.jpg",1070,470,true],"colornews-big-slider-thumb":["https:\/\/velipost.com\/wp-content\/uploads\/2026\/01\/Mgr-Pierre-Andre-Dumas-184x109.jpg",184,109,true],"colornews-featured-post-medium":["https:\/\/velipost.com\/wp-content\/uploads\/2026\/01\/Mgr-Pierre-Andre-Dumas-345x265.jpg",345,265,true],"colornews-featured-post-small":["https:\/\/velipost.com\/wp-content\/uploads\/2026\/01\/Mgr-Pierre-Andre-Dumas-115x73.jpg",115,73,true],"colornews-random-posts":["https:\/\/velipost.com\/wp-content\/uploads\/2026\/01\/Mgr-Pierre-Andre-Dumas-215x215.jpg",215,215,true],"colornews-featured-image":["https:\/\/velipost.com\/wp-content\/uploads\/2026\/01\/Mgr-Pierre-Andre-Dumas-715x400.jpg",715,400,true],"mailpoet_newsletter_max":["https:\/\/velipost.com\/wp-content\/uploads\/2026\/01\/Mgr-Pierre-Andre-Dumas.jpg",1170,603,false]},"uagb_author_info":{"display_name":"VeliPost","author_link":"https:\/\/velipost.com\/?author=1"},"uagb_comment_info":0,"uagb_excerpt":"L\u2019annonce de Monseigneur Pierre-Andr\u00e9 Dumas avait suscit\u00e9 autant d\u2019espoirs que de critiques. Sollicit\u00e9 par des acteurs politiques, des organisations de la soci\u00e9t\u00e9 civile et","_links":{"self":[{"href":"https:\/\/velipost.com\/index.php?rest_route=\/wp\/v2\/posts\/5381","targetHints":{"allow":["GET"]}}],"collection":[{"href":"https:\/\/velipost.com\/index.php?rest_route=\/wp\/v2\/posts"}],"about":[{"href":"https:\/\/velipost.com\/index.php?rest_route=\/wp\/v2\/types\/post"}],"author":[{"embeddable":true,"href":"https:\/\/velipost.com\/index.php?rest_route=\/wp\/v2\/users\/1"}],"replies":[{"embeddable":true,"href":"https:\/\/velipost.com\/index.php?rest_route=%2Fwp%2Fv2%2Fcomments&post=5381"}],"version-history":[{"count":1,"href":"https:\/\/velipost.com\/index.php?rest_route=\/wp\/v2\/posts\/5381\/revisions"}],"predecessor-version":[{"id":5383,"href":"https:\/\/velipost.com\/index.php?rest_route=\/wp\/v2\/posts\/5381\/revisions\/5383"}],"wp:featuredmedia":[{"embeddable":true,"href":"https:\/\/velipost.com\/index.php?rest_route=\/wp\/v2\/media\/5382"}],"wp:attachment":[{"href":"https:\/\/velipost.com\/index.php?rest_route=%2Fwp%2Fv2%2Fmedia&parent=5381"}],"wp:term":[{"taxonomy":"category","embeddable":true,"href":"https:\/\/velipost.com\/index.php?rest_route=%2Fwp%2Fv2%2Fcategories&post=5381"},{"taxonomy":"post_tag","embeddable":true,"href":"https:\/\/velipost.com\/index.php?rest_route=%2Fwp%2Fv2%2Ftags&post=5381"}],"curies":[{"name":"wp","href":"https:\/\/api.w.org\/{rel}","templated":true}]}}