{"id":5371,"date":"2026-01-13T02:24:18","date_gmt":"2026-01-13T01:24:18","guid":{"rendered":"https:\/\/velipost.com\/?p=5371"},"modified":"2026-01-13T02:24:21","modified_gmt":"2026-01-13T01:24:21","slug":"deces-de-dieudonne-larose-lambassade-dhaiti-aux-bahamas-salue-la-memoire-dun-geant-de-la-musique-haitienne","status":"publish","type":"post","link":"https:\/\/velipost.com\/?p=5371","title":{"rendered":"D\u00e9c\u00e8s de Dieudonn\u00e9 Larose : l\u2019Ambassade d\u2019Ha\u00efti aux Bahamas salue la m\u00e9moire d\u2019un g\u00e9ant de la musique ha\u00eftienne"},"content":{"rendered":"\n<p>La communaut\u00e9 culturelle ha\u00eftienne continue de pleurer la disparition de Dieudonn\u00e9 Larose, figure embl\u00e9matique de la musique ha\u00eftienne. Dans une note de sympathies publi\u00e9e le 10 janvier 2026, l\u2019Ambassade de la R\u00e9publique d\u2019Ha\u00efti aupr\u00e8s du Commonwealth des Bahamas a exprim\u00e9 sa profonde affliction face au d\u00e9c\u00e8s de l\u2019artiste, dont la carri\u00e8re et la sensibilit\u00e9 musicale ont durablement marqu\u00e9 le paysage culturel national.<\/p>\n\n\n\n<p>Dans son message, la repr\u00e9sentation diplomatique souligne que Dieudonn\u00e9 Larose a su, tout au long de son parcours, transmettre \u00e0 travers sa musique des valeurs, des \u00e9motions et une identit\u00e9 forte qui ont d\u00e9pass\u00e9 les fronti\u00e8res d\u2019Ha\u00efti, touchant aussi bien le public national que la diaspora. Son r\u00e9pertoire et sa force d\u2019expression artistique ont contribu\u00e9 \u00e0 faire rayonner la culture ha\u00eftienne \u00e0 l\u2019\u00e9tranger.<\/p>\n\n\n\n<p>Face \u00e0 cette perte douloureuse, l\u2019Ambassade d\u2019Ha\u00efti aux Bahamas a tenu \u00e0 exprimer sa compassion sinc\u00e8re \u00e0 la famille du d\u00e9funt, \u00e0 ses proches, \u00e0 ses collaborateurs ainsi qu\u2019\u00e0 l\u2019ensemble de ses admirateurs. Elle rappelle que l\u2019h\u00e9ritage artistique de Dieudonn\u00e9 Larose demeure vivant et continuera d\u2019inspirer les g\u00e9n\u00e9rations futures.<\/p>\n\n\n\n<p>Dans cette note sign\u00e9e par Monsieur Dern Jovens Bohomme, Ambassadeur extraordinaire et pl\u00e9nipotentiaire de la R\u00e9publique d\u2019Ha\u00efti aux Bahamas, l\u2019Ambassade rend un hommage respectueux \u00e0 la m\u00e9moire de l\u2019artiste et affirme sa solidarit\u00e9 enti\u00e8re avec la communaut\u00e9 culturelle ha\u00eftienne. \u00ab Puisse sa m\u00e9moire demeurer \u00e9ternelle et son \u00e2me trouver le repos \u00bb, conclut le message officiel.<\/p>\n\n    <div class=\"xs_social_share_widget xs_share_url after_content \t\tmain_content  wslu-style-3 wslu-share-box-shaped wslu-fill-brand-hover-colored wslu-share-m-5 wslu-none wslu-share-horizontal wslu-theme-font-no wslu-main_content\">\n\n\t\t\n        <ul>\n\t\t\t                    <li class=\"xs-share-li twitter                        wslu-no-extra-data\">\n                        <a href=\"javascript:void(0);\"\n                           id=\"xs_feed_twitter\"\n                           onclick=\"xs_social_sharer(this);\"\n                           data-pid=\"5371\"\n                           data-uri_hash=\"25ec2171507e4d6ccc71cc24ede574b9\"\n                           data-key=\"twitter\"\n                           data-xs-href=\"https:\/\/twitter.com\/intent\/tweet?text=D%C3%A9c%C3%A8s+de+Dieudonn%C3%A9+Larose+%3A+l%E2%80%99Ambassade+d%E2%80%99Ha%C3%AFti+aux+Bahamas+salue+la+m%C3%A9moire+d%E2%80%99un+g%C3%A9ant+de+la+musique+ha%C3%AFtienne+https%3A%2F%2Fvelipost.com%2Findex.php%3Frest_route%3D%252Fwp%252Fv2%252Fposts%252F5371&amp;original_referer=https%3A%2F%2Fvelipost.com%2Findex.php%3Frest_route%3D%252Fwp%252Fv2%252Fposts%252F5371&amp;related=xpeedstudio\">\n\n                            <div class=\"xs-social-icon\">\n                                <span class=\"met-social met-social-twitter\"><\/span>\n                            <\/div>\n\n\t\t\t\t\t\t\t\n                            <div class=\"wslu-hover-content\">\n                                <div class=\"xs-social-followers\">\n\t\t\t\t\t\t\t\t\t10                                <\/div>\n                                <div class=\"xs-social-follower-text\">\n\t\t\t\t\t\t\t\t\tShare                                <\/div>\n                                <div class=\"xs-social-follower-label\">\n\t\t\t\t\t\t\t\t\tTwitter                                <\/div>\n                            <\/div>\n                        <\/a>\n                    <\/li>\n\t\t\t\t\t                    <li class=\"xs-share-li telegram                        wslu-no-extra-data\">\n                        <a href=\"javascript:void(0);\"\n                           id=\"xs_feed_telegram\"\n                           onclick=\"xs_social_sharer(this);\"\n                           data-pid=\"5371\"\n                           data-uri_hash=\"25ec2171507e4d6ccc71cc24ede574b9\"\n                           data-key=\"telegram\"\n                           data-xs-href=\"https:\/\/telegram.me\/share\/url?url=https%3A%2F%2Fvelipost.com%2Findex.php%3Frest_route%3D%252Fwp%252Fv2%252Fposts%252F5371&amp;text=D%C3%A9c%C3%A8s+de+Dieudonn%C3%A9+Larose+%3A+l%E2%80%99Ambassade+d%E2%80%99Ha%C3%AFti+aux+Bahamas+salue+la+m%C3%A9moire+d%E2%80%99un+g%C3%A9ant+de+la+musique+ha%C3%AFtienne\">\n\n                            <div class=\"xs-social-icon\">\n                                <span class=\"met-social met-social-telegram\"><\/span>\n                            <\/div>\n\n\t\t\t\t\t\t\t\n                            <div class=\"wslu-hover-content\">\n                                <div class=\"xs-social-followers\">\n\t\t\t\t\t\t\t\t\t0                                <\/div>\n                                <div class=\"xs-social-follower-text\">\n\t\t\t\t\t\t\t\t\tShare                                <\/div>\n                                <div class=\"xs-social-follower-label\">\n\t\t\t\t\t\t\t\t\tTelegram                                <\/div>\n                            <\/div>\n                        <\/a>\n                    <\/li>\n\t\t\t\t\t                    <li class=\"xs-share-li email                        wslu-no-extra-data\">\n                        <a href=\"javascript:void(0);\"\n                           id=\"xs_feed_email\"\n                           onclick=\"xs_social_sharer(this);\"\n                           data-pid=\"5371\"\n                           data-uri_hash=\"25ec2171507e4d6ccc71cc24ede574b9\"\n                           data-key=\"email\"\n                           data-xs-href=\"mailto:?body=Title%3A+D%C3%A9c%C3%A8s+de+Dieudonn%C3%A9+Larose+%3A+l%E2%80%99Ambassade+d%E2%80%99Ha%C3%AFti+aux+Bahamas+salue+la+m%C3%A9moire+d%E2%80%99un+g%C3%A9ant+de+la+musique+ha%C3%AFtienne+%5Cn%5Cn+URL%3A+https%3A%2F%2Fvelipost.com%2Findex.php%3Frest_route%3D%252Fwp%252Fv2%252Fposts%252F5371&amp;subject=D%C3%A9c%C3%A8s+de+Dieudonn%C3%A9+Larose+%3A+l%E2%80%99Ambassade+d%E2%80%99Ha%C3%AFti+aux+Bahamas+salue+la+m%C3%A9moire+d%E2%80%99un+g%C3%A9ant+de+la+musique+ha%C3%AFtienne\">\n\n                            <div class=\"xs-social-icon\">\n                                <span class=\"met-social met-social-email\"><\/span>\n                            <\/div>\n\n\t\t\t\t\t\t\t\n                            <div class=\"wslu-hover-content\">\n                                <div class=\"xs-social-followers\">\n\t\t\t\t\t\t\t\t\t0                                <\/div>\n                                <div class=\"xs-social-follower-text\">\n\t\t\t\t\t\t\t\t\tShare                                <\/div>\n                                <div class=\"xs-social-follower-label\">\n\t\t\t\t\t\t\t\t\tEmail                                <\/div>\n                            <\/div>\n                        <\/a>\n                    <\/li>\n\t\t\t\t\t        <\/ul>\n    <\/div> \n","protected":false},"excerpt":{"rendered":"<p>La communaut\u00e9 culturelle ha\u00eftienne continue de pleurer la disparition de Dieudonn\u00e9 Larose, figure embl\u00e9matique de la musique ha\u00eftienne. Dans une note de sympathies publi\u00e9e<\/p>\n","protected":false},"author":1,"featured_media":5372,"comment_status":"open","ping_status":"open","sticky":false,"template":"","format":"standard","meta":{"_uag_custom_page_level_css":"","footnotes":"","jetpack_publicize_message":"","jetpack_publicize_feature_enabled":true,"jetpack_social_post_already_shared":true,"jetpack_social_options":{"image_generator_settings":{"template":"highway","default_image_id":0,"font":"","enabled":false},"version":2}},"categories":[94],"tags":[],"class_list":["post-5371","post","type-post","status-publish","format-standard","has-post-thumbnail","hentry","category-a-la-une"],"yoast_head":"<!-- This site is optimized with the Yoast SEO plugin v25.3.1 - https:\/\/yoast.com\/wordpress\/plugins\/seo\/ -->\n<title>D\u00e9c\u00e8s de Dieudonn\u00e9 Larose : l\u2019Ambassade d\u2019Ha\u00efti aux Bahamas salue la m\u00e9moire d\u2019un g\u00e9ant de la musique ha\u00eftienne &#8211; VeliPost<\/title>\n<meta name=\"robots\" content=\"index, follow, max-snippet:-1, max-image-preview:large, max-video-preview:-1\" \/>\n<link rel=\"canonical\" href=\"https:\/\/velipost.com\/?p=5371\" \/>\n<meta property=\"og:locale\" content=\"fr_FR\" \/>\n<meta property=\"og:type\" content=\"article\" \/>\n<meta property=\"og:title\" content=\"D\u00e9c\u00e8s de Dieudonn\u00e9 Larose : l\u2019Ambassade d\u2019Ha\u00efti aux Bahamas salue la m\u00e9moire d\u2019un g\u00e9ant de la musique ha\u00eftienne &#8211; VeliPost\" \/>\n<meta property=\"og:description\" content=\"La communaut\u00e9 culturelle ha\u00eftienne continue de pleurer la disparition de Dieudonn\u00e9 Larose, figure embl\u00e9matique de la musique ha\u00eftienne. Dans une note de sympathies publi\u00e9e\" \/>\n<meta property=\"og:url\" content=\"https:\/\/velipost.com\/?p=5371\" \/>\n<meta property=\"og:site_name\" content=\"VeliPost\" \/>\n<meta property=\"article:publisher\" content=\"https:\/\/www.facebook.com\/veliposthaiti\" \/>\n<meta property=\"article:published_time\" content=\"2026-01-13T01:24:18+00:00\" \/>\n<meta property=\"article:modified_time\" content=\"2026-01-13T01:24:21+00:00\" \/>\n<meta property=\"og:image\" content=\"https:\/\/velipost.com\/wp-content\/uploads\/2026\/01\/Larose-1.jpg\" \/>\n\t<meta property=\"og:image:width\" content=\"1170\" \/>\n\t<meta property=\"og:image:height\" content=\"603\" \/>\n\t<meta property=\"og:image:type\" content=\"image\/jpeg\" \/>\n<meta name=\"author\" content=\"VeliPost\" \/>\n<meta name=\"twitter:card\" content=\"summary_large_image\" \/>\n<meta name=\"twitter:creator\" content=\"@veliposthaiti\" \/>\n<meta name=\"twitter:site\" content=\"@veliposthaiti\" \/>\n<meta name=\"twitter:label1\" content=\"\u00c9crit par\" \/>\n\t<meta name=\"twitter:data1\" content=\"VeliPost\" \/>\n\t<meta name=\"twitter:label2\" content=\"Dur\u00e9e de lecture estim\u00e9e\" \/>\n\t<meta name=\"twitter:data2\" content=\"2 minutes\" \/>\n<script type=\"application\/ld+json\" class=\"yoast-schema-graph\">{\"@context\":\"https:\/\/schema.org\",\"@graph\":[{\"@type\":\"Article\",\"@id\":\"https:\/\/velipost.com\/?p=5371#article\",\"isPartOf\":{\"@id\":\"https:\/\/velipost.com\/?p=5371\"},\"author\":{\"name\":\"VeliPost\",\"@id\":\"https:\/\/velipost.com\/#\/schema\/person\/32ff49a53c9c1bb24302ee8ece058096\"},\"headline\":\"D\u00e9c\u00e8s de Dieudonn\u00e9 Larose : l\u2019Ambassade d\u2019Ha\u00efti aux Bahamas salue la m\u00e9moire d\u2019un g\u00e9ant de la musique ha\u00eftienne\",\"datePublished\":\"2026-01-13T01:24:18+00:00\",\"dateModified\":\"2026-01-13T01:24:21+00:00\",\"mainEntityOfPage\":{\"@id\":\"https:\/\/velipost.com\/?p=5371\"},\"wordCount\":287,\"commentCount\":0,\"publisher\":{\"@id\":\"https:\/\/velipost.com\/#organization\"},\"image\":{\"@id\":\"https:\/\/velipost.com\/?p=5371#primaryimage\"},\"thumbnailUrl\":\"https:\/\/velipost.com\/wp-content\/uploads\/2026\/01\/Larose-1.jpg\",\"articleSection\":[\"A la Une\"],\"inLanguage\":\"fr-FR\",\"potentialAction\":[{\"@type\":\"CommentAction\",\"name\":\"Comment\",\"target\":[\"https:\/\/velipost.com\/?p=5371#respond\"]}]},{\"@type\":\"WebPage\",\"@id\":\"https:\/\/velipost.com\/?p=5371\",\"url\":\"https:\/\/velipost.com\/?p=5371\",\"name\":\"D\u00e9c\u00e8s de Dieudonn\u00e9 Larose : l\u2019Ambassade d\u2019Ha\u00efti aux Bahamas salue la m\u00e9moire d\u2019un g\u00e9ant de la musique ha\u00eftienne &#8211; VeliPost\",\"isPartOf\":{\"@id\":\"https:\/\/velipost.com\/#website\"},\"primaryImageOfPage\":{\"@id\":\"https:\/\/velipost.com\/?p=5371#primaryimage\"},\"image\":{\"@id\":\"https:\/\/velipost.com\/?p=5371#primaryimage\"},\"thumbnailUrl\":\"https:\/\/velipost.com\/wp-content\/uploads\/2026\/01\/Larose-1.jpg\",\"datePublished\":\"2026-01-13T01:24:18+00:00\",\"dateModified\":\"2026-01-13T01:24:21+00:00\",\"breadcrumb\":{\"@id\":\"https:\/\/velipost.com\/?p=5371#breadcrumb\"},\"inLanguage\":\"fr-FR\",\"potentialAction\":[{\"@type\":\"ReadAction\",\"target\":[\"https:\/\/velipost.com\/?p=5371\"]}]},{\"@type\":\"ImageObject\",\"inLanguage\":\"fr-FR\",\"@id\":\"https:\/\/velipost.com\/?p=5371#primaryimage\",\"url\":\"https:\/\/velipost.com\/wp-content\/uploads\/2026\/01\/Larose-1.jpg\",\"contentUrl\":\"https:\/\/velipost.com\/wp-content\/uploads\/2026\/01\/Larose-1.jpg\",\"width\":1170,\"height\":603},{\"@type\":\"BreadcrumbList\",\"@id\":\"https:\/\/velipost.com\/?p=5371#breadcrumb\",\"itemListElement\":[{\"@type\":\"ListItem\",\"position\":1,\"name\":\"Accueil\",\"item\":\"https:\/\/velipost.com\/\"},{\"@type\":\"ListItem\",\"position\":2,\"name\":\"D\u00e9c\u00e8s de Dieudonn\u00e9 Larose : l\u2019Ambassade d\u2019Ha\u00efti aux Bahamas salue la m\u00e9moire d\u2019un g\u00e9ant de la musique ha\u00eftienne\"}]},{\"@type\":\"WebSite\",\"@id\":\"https:\/\/velipost.com\/#website\",\"url\":\"https:\/\/velipost.com\/\",\"name\":\"VeliPost\",\"description\":\"L\u2019info en un clic\",\"publisher\":{\"@id\":\"https:\/\/velipost.com\/#organization\"},\"potentialAction\":[{\"@type\":\"SearchAction\",\"target\":{\"@type\":\"EntryPoint\",\"urlTemplate\":\"https:\/\/velipost.com\/?s={search_term_string}\"},\"query-input\":{\"@type\":\"PropertyValueSpecification\",\"valueRequired\":true,\"valueName\":\"search_term_string\"}}],\"inLanguage\":\"fr-FR\"},{\"@type\":\"Organization\",\"@id\":\"https:\/\/velipost.com\/#organization\",\"name\":\"VeliPost\",\"url\":\"https:\/\/velipost.com\/\",\"logo\":{\"@type\":\"ImageObject\",\"inLanguage\":\"fr-FR\",\"@id\":\"https:\/\/velipost.com\/#\/schema\/logo\/image\/\",\"url\":\"https:\/\/velipost.com\/wp-content\/uploads\/2024\/08\/cropped-VP-logo-piti.png\",\"contentUrl\":\"https:\/\/velipost.com\/wp-content\/uploads\/2024\/08\/cropped-VP-logo-piti.png\",\"width\":201,\"height\":69,\"caption\":\"VeliPost\"},\"image\":{\"@id\":\"https:\/\/velipost.com\/#\/schema\/logo\/image\/\"},\"sameAs\":[\"https:\/\/www.facebook.com\/veliposthaiti\",\"https:\/\/x.com\/veliposthaiti\",\"https:\/\/www.instagram.com\/veliposthaiti\"]},{\"@type\":\"Person\",\"@id\":\"https:\/\/velipost.com\/#\/schema\/person\/32ff49a53c9c1bb24302ee8ece058096\",\"name\":\"VeliPost\",\"image\":{\"@type\":\"ImageObject\",\"inLanguage\":\"fr-FR\",\"@id\":\"https:\/\/velipost.com\/#\/schema\/person\/image\/\",\"url\":\"https:\/\/secure.gravatar.com\/avatar\/57c226c264de62f794185a89596d4a37b85a5ad20aca30d9d5a478b27d8c8d9d?s=96&d=mm&r=g\",\"contentUrl\":\"https:\/\/secure.gravatar.com\/avatar\/57c226c264de62f794185a89596d4a37b85a5ad20aca30d9d5a478b27d8c8d9d?s=96&d=mm&r=g\",\"caption\":\"VeliPost\"},\"sameAs\":[\"https:\/\/velipost.com\"],\"url\":\"https:\/\/velipost.com\/?author=1\"}]}<\/script>\n<!-- \/ Yoast SEO plugin. -->","yoast_head_json":{"title":"D\u00e9c\u00e8s de Dieudonn\u00e9 Larose : l\u2019Ambassade d\u2019Ha\u00efti aux Bahamas salue la m\u00e9moire d\u2019un g\u00e9ant de la musique ha\u00eftienne &#8211; VeliPost","robots":{"index":"index","follow":"follow","max-snippet":"max-snippet:-1","max-image-preview":"max-image-preview:large","max-video-preview":"max-video-preview:-1"},"canonical":"https:\/\/velipost.com\/?p=5371","og_locale":"fr_FR","og_type":"article","og_title":"D\u00e9c\u00e8s de Dieudonn\u00e9 Larose : l\u2019Ambassade d\u2019Ha\u00efti aux Bahamas salue la m\u00e9moire d\u2019un g\u00e9ant de la musique ha\u00eftienne &#8211; VeliPost","og_description":"La communaut\u00e9 culturelle ha\u00eftienne continue de pleurer la disparition de Dieudonn\u00e9 Larose, figure embl\u00e9matique de la musique ha\u00eftienne. Dans une note de sympathies publi\u00e9e","og_url":"https:\/\/velipost.com\/?p=5371","og_site_name":"VeliPost","article_publisher":"https:\/\/www.facebook.com\/veliposthaiti","article_published_time":"2026-01-13T01:24:18+00:00","article_modified_time":"2026-01-13T01:24:21+00:00","og_image":[{"width":1170,"height":603,"url":"https:\/\/velipost.com\/wp-content\/uploads\/2026\/01\/Larose-1.jpg","type":"image\/jpeg"}],"author":"VeliPost","twitter_card":"summary_large_image","twitter_creator":"@veliposthaiti","twitter_site":"@veliposthaiti","twitter_misc":{"\u00c9crit par":"VeliPost","Dur\u00e9e de lecture estim\u00e9e":"2 minutes"},"schema":{"@context":"https:\/\/schema.org","@graph":[{"@type":"Article","@id":"https:\/\/velipost.com\/?p=5371#article","isPartOf":{"@id":"https:\/\/velipost.com\/?p=5371"},"author":{"name":"VeliPost","@id":"https:\/\/velipost.com\/#\/schema\/person\/32ff49a53c9c1bb24302ee8ece058096"},"headline":"D\u00e9c\u00e8s de Dieudonn\u00e9 Larose : l\u2019Ambassade d\u2019Ha\u00efti aux Bahamas salue la m\u00e9moire d\u2019un g\u00e9ant de la musique ha\u00eftienne","datePublished":"2026-01-13T01:24:18+00:00","dateModified":"2026-01-13T01:24:21+00:00","mainEntityOfPage":{"@id":"https:\/\/velipost.com\/?p=5371"},"wordCount":287,"commentCount":0,"publisher":{"@id":"https:\/\/velipost.com\/#organization"},"image":{"@id":"https:\/\/velipost.com\/?p=5371#primaryimage"},"thumbnailUrl":"https:\/\/velipost.com\/wp-content\/uploads\/2026\/01\/Larose-1.jpg","articleSection":["A la Une"],"inLanguage":"fr-FR","potentialAction":[{"@type":"CommentAction","name":"Comment","target":["https:\/\/velipost.com\/?p=5371#respond"]}]},{"@type":"WebPage","@id":"https:\/\/velipost.com\/?p=5371","url":"https:\/\/velipost.com\/?p=5371","name":"D\u00e9c\u00e8s de Dieudonn\u00e9 Larose : l\u2019Ambassade d\u2019Ha\u00efti aux Bahamas salue la m\u00e9moire d\u2019un g\u00e9ant de la musique ha\u00eftienne &#8211; VeliPost","isPartOf":{"@id":"https:\/\/velipost.com\/#website"},"primaryImageOfPage":{"@id":"https:\/\/velipost.com\/?p=5371#primaryimage"},"image":{"@id":"https:\/\/velipost.com\/?p=5371#primaryimage"},"thumbnailUrl":"https:\/\/velipost.com\/wp-content\/uploads\/2026\/01\/Larose-1.jpg","datePublished":"2026-01-13T01:24:18+00:00","dateModified":"2026-01-13T01:24:21+00:00","breadcrumb":{"@id":"https:\/\/velipost.com\/?p=5371#breadcrumb"},"inLanguage":"fr-FR","potentialAction":[{"@type":"ReadAction","target":["https:\/\/velipost.com\/?p=5371"]}]},{"@type":"ImageObject","inLanguage":"fr-FR","@id":"https:\/\/velipost.com\/?p=5371#primaryimage","url":"https:\/\/velipost.com\/wp-content\/uploads\/2026\/01\/Larose-1.jpg","contentUrl":"https:\/\/velipost.com\/wp-content\/uploads\/2026\/01\/Larose-1.jpg","width":1170,"height":603},{"@type":"BreadcrumbList","@id":"https:\/\/velipost.com\/?p=5371#breadcrumb","itemListElement":[{"@type":"ListItem","position":1,"name":"Accueil","item":"https:\/\/velipost.com\/"},{"@type":"ListItem","position":2,"name":"D\u00e9c\u00e8s de Dieudonn\u00e9 Larose : l\u2019Ambassade d\u2019Ha\u00efti aux Bahamas salue la m\u00e9moire d\u2019un g\u00e9ant de la musique ha\u00eftienne"}]},{"@type":"WebSite","@id":"https:\/\/velipost.com\/#website","url":"https:\/\/velipost.com\/","name":"VeliPost","description":"L\u2019info en un clic","publisher":{"@id":"https:\/\/velipost.com\/#organization"},"potentialAction":[{"@type":"SearchAction","target":{"@type":"EntryPoint","urlTemplate":"https:\/\/velipost.com\/?s={search_term_string}"},"query-input":{"@type":"PropertyValueSpecification","valueRequired":true,"valueName":"search_term_string"}}],"inLanguage":"fr-FR"},{"@type":"Organization","@id":"https:\/\/velipost.com\/#organization","name":"VeliPost","url":"https:\/\/velipost.com\/","logo":{"@type":"ImageObject","inLanguage":"fr-FR","@id":"https:\/\/velipost.com\/#\/schema\/logo\/image\/","url":"https:\/\/velipost.com\/wp-content\/uploads\/2024\/08\/cropped-VP-logo-piti.png","contentUrl":"https:\/\/velipost.com\/wp-content\/uploads\/2024\/08\/cropped-VP-logo-piti.png","width":201,"height":69,"caption":"VeliPost"},"image":{"@id":"https:\/\/velipost.com\/#\/schema\/logo\/image\/"},"sameAs":["https:\/\/www.facebook.com\/veliposthaiti","https:\/\/x.com\/veliposthaiti","https:\/\/www.instagram.com\/veliposthaiti"]},{"@type":"Person","@id":"https:\/\/velipost.com\/#\/schema\/person\/32ff49a53c9c1bb24302ee8ece058096","name":"VeliPost","image":{"@type":"ImageObject","inLanguage":"fr-FR","@id":"https:\/\/velipost.com\/#\/schema\/person\/image\/","url":"https:\/\/secure.gravatar.com\/avatar\/57c226c264de62f794185a89596d4a37b85a5ad20aca30d9d5a478b27d8c8d9d?s=96&d=mm&r=g","contentUrl":"https:\/\/secure.gravatar.com\/avatar\/57c226c264de62f794185a89596d4a37b85a5ad20aca30d9d5a478b27d8c8d9d?s=96&d=mm&r=g","caption":"VeliPost"},"sameAs":["https:\/\/velipost.com"],"url":"https:\/\/velipost.com\/?author=1"}]}},"views":0,"jetpack_publicize_connections":[],"uagb_featured_image_src":{"full":["https:\/\/velipost.com\/wp-content\/uploads\/2026\/01\/Larose-1.jpg",1170,603,false],"thumbnail":["https:\/\/velipost.com\/wp-content\/uploads\/2026\/01\/Larose-1-150x150.jpg",150,150,true],"medium":["https:\/\/velipost.com\/wp-content\/uploads\/2026\/01\/Larose-1-300x155.jpg",300,155,true],"medium_large":["https:\/\/velipost.com\/wp-content\/uploads\/2026\/01\/Larose-1-768x396.jpg",715,369,true],"large":["https:\/\/velipost.com\/wp-content\/uploads\/2026\/01\/Larose-1-1024x528.jpg",715,369,true],"1536x1536":["https:\/\/velipost.com\/wp-content\/uploads\/2026\/01\/Larose-1.jpg",1170,603,false],"2048x2048":["https:\/\/velipost.com\/wp-content\/uploads\/2026\/01\/Larose-1.jpg",1170,603,false],"colornews-big-slider":["https:\/\/velipost.com\/wp-content\/uploads\/2026\/01\/Larose-1-1070x470.jpg",1070,470,true],"colornews-big-slider-thumb":["https:\/\/velipost.com\/wp-content\/uploads\/2026\/01\/Larose-1-184x109.jpg",184,109,true],"colornews-featured-post-medium":["https:\/\/velipost.com\/wp-content\/uploads\/2026\/01\/Larose-1-345x265.jpg",345,265,true],"colornews-featured-post-small":["https:\/\/velipost.com\/wp-content\/uploads\/2026\/01\/Larose-1-115x73.jpg",115,73,true],"colornews-random-posts":["https:\/\/velipost.com\/wp-content\/uploads\/2026\/01\/Larose-1-215x215.jpg",215,215,true],"colornews-featured-image":["https:\/\/velipost.com\/wp-content\/uploads\/2026\/01\/Larose-1-715x400.jpg",715,400,true],"mailpoet_newsletter_max":["https:\/\/velipost.com\/wp-content\/uploads\/2026\/01\/Larose-1.jpg",1170,603,false]},"uagb_author_info":{"display_name":"VeliPost","author_link":"https:\/\/velipost.com\/?author=1"},"uagb_comment_info":0,"uagb_excerpt":"La communaut\u00e9 culturelle ha\u00eftienne continue de pleurer la disparition de Dieudonn\u00e9 Larose, figure embl\u00e9matique de la musique ha\u00eftienne. Dans une note de sympathies publi\u00e9e","_links":{"self":[{"href":"https:\/\/velipost.com\/index.php?rest_route=\/wp\/v2\/posts\/5371","targetHints":{"allow":["GET"]}}],"collection":[{"href":"https:\/\/velipost.com\/index.php?rest_route=\/wp\/v2\/posts"}],"about":[{"href":"https:\/\/velipost.com\/index.php?rest_route=\/wp\/v2\/types\/post"}],"author":[{"embeddable":true,"href":"https:\/\/velipost.com\/index.php?rest_route=\/wp\/v2\/users\/1"}],"replies":[{"embeddable":true,"href":"https:\/\/velipost.com\/index.php?rest_route=%2Fwp%2Fv2%2Fcomments&post=5371"}],"version-history":[{"count":1,"href":"https:\/\/velipost.com\/index.php?rest_route=\/wp\/v2\/posts\/5371\/revisions"}],"predecessor-version":[{"id":5373,"href":"https:\/\/velipost.com\/index.php?rest_route=\/wp\/v2\/posts\/5371\/revisions\/5373"}],"wp:featuredmedia":[{"embeddable":true,"href":"https:\/\/velipost.com\/index.php?rest_route=\/wp\/v2\/media\/5372"}],"wp:attachment":[{"href":"https:\/\/velipost.com\/index.php?rest_route=%2Fwp%2Fv2%2Fmedia&parent=5371"}],"wp:term":[{"taxonomy":"category","embeddable":true,"href":"https:\/\/velipost.com\/index.php?rest_route=%2Fwp%2Fv2%2Fcategories&post=5371"},{"taxonomy":"post_tag","embeddable":true,"href":"https:\/\/velipost.com\/index.php?rest_route=%2Fwp%2Fv2%2Ftags&post=5371"}],"curies":[{"name":"wp","href":"https:\/\/api.w.org\/{rel}","templated":true}]}}