{"id":5352,"date":"2026-01-09T02:36:27","date_gmt":"2026-01-09T01:36:27","guid":{"rendered":"https:\/\/velipost.com\/?p=5352"},"modified":"2026-01-09T02:36:30","modified_gmt":"2026-01-09T01:36:30","slug":"nouvel-an-2026-frantz-elbe-appelle-a-lunite-a-la-responsabilite-et-a-lespoir-en-haiti","status":"publish","type":"post","link":"https:\/\/velipost.com\/?p=5352","title":{"rendered":"Nouvel An 2026 : Frantz Elb\u00e9 appelle \u00e0 l\u2019unit\u00e9, \u00e0 la responsabilit\u00e9 et \u00e0 l\u2019espoir en Ha\u00efti"},"content":{"rendered":"\n<p>\u00c0 l\u2019occasion du Nouvel An 2026, Frantz Elb\u00e9 a adress\u00e9 un message de v\u0153ux \u00e0 la population ha\u00eftienne, dans un contexte marqu\u00e9 par une crise multidimensionnelle touchant les sph\u00e8res politique, \u00e9conomique, sociale et s\u00e9curitaire du pays. Dans cette allocution, il a dress\u00e9 un constat lucide de la situation nationale tout en appelant \u00e0 la coh\u00e9sion, \u00e0 la responsabilit\u00e9 collective et \u00e0 la renaissance de l\u2019espoir.<\/p>\n\n\n\n<p>Dans son message, Frantz Elb\u00e9 reconna\u00eet que Ha\u00efti traverse l\u2019une des p\u00e9riodes les plus difficiles de son histoire r\u00e9cente. Il \u00e9voque une crise d\u2019une \u00ab rare complexit\u00e9 \u00bb qui fragilise les institutions, affecte durement les familles ha\u00eftiennes et met \u00e0 l\u2019\u00e9preuve le tissu social. Face \u00e0 cette r\u00e9alit\u00e9, il a tenu \u00e0 saluer la r\u00e9silience et le courage du peuple ha\u00eftien, soulignant sa capacit\u00e9 \u00e0 rester debout malgr\u00e9 l\u2019incertitude et les sacrifices quotidiens.<\/p>\n\n\n\n<p>S\u2019adressant directement aux citoyens, l\u2019auteur du message a mis en avant la force morale du peuple ha\u00eftien, qu\u2019il consid\u00e8re comme l\u2019un des plus grands patrimoines du pays. Selon lui, cette d\u00e9termination collective constitue un socle essentiel pour surmonter les d\u00e9fis actuels et pr\u00e9server la dignit\u00e9 nationale dans un contexte de fortes tensions.<\/p>\n\n\n\n<p>Pour l\u2019ann\u00e9e 2026, Frantz Elb\u00e9 lance un appel au r\u00e9veil de la conscience nationale. Il plaide en faveur d\u2019une action responsable, concert\u00e9e et r\u00e9solue, fond\u00e9e sur l\u2019unit\u00e9, la solidarit\u00e9 et le respect du bien commun. Il insiste sur le fait qu\u2019aucun effort isol\u00e9 ne saurait suffire et que seule une mobilisation collective permettra de relever les d\u00e9fis auxquels le pays est confront\u00e9.<\/p>\n\n\n\n<p>Le message fixe \u00e9galement un objectif clair : permettre \u00e0 Ha\u00efti de retrouver son honneur et sa dignit\u00e9 en tant qu\u2019\u00c9tat responsable et souverain. Frantz Elb\u00e9 \u00e9voque la n\u00e9cessit\u00e9 de b\u00e2tir une soci\u00e9t\u00e9 o\u00f9 la justice, la paix, la s\u00e9curit\u00e9, la sant\u00e9, le d\u00e9veloppement humain et la prosp\u00e9rit\u00e9 \u00e9conomique deviennent des r\u00e9alit\u00e9s accessibles \u00e0 tous, sans exclusion.<\/p>\n\n\n\n<p>L&rsquo;ancien Directeur g\u00e9n\u00e9ral de la PNH exprime le souhait que l\u2019ann\u00e9e 2026 soit celle du sursaut national, de l\u2019esp\u00e9rance renouvel\u00e9e et d\u2019actions courageuses au service de la Nation. Son message se termine par des v\u0153ux de bonne ann\u00e9e adress\u00e9s \u00e0 l\u2019ensemble de la population, accompagn\u00e9s d\u2019une b\u00e9n\u00e9diction pour Ha\u00efti.<\/p>\n\n    <div class=\"xs_social_share_widget xs_share_url after_content \t\tmain_content  wslu-style-3 wslu-share-box-shaped wslu-fill-brand-hover-colored wslu-share-m-5 wslu-none wslu-share-horizontal wslu-theme-font-no wslu-main_content\">\n\n\t\t\n        <ul>\n\t\t\t                    <li class=\"xs-share-li twitter                        wslu-no-extra-data\">\n                        <a href=\"javascript:void(0);\"\n                           id=\"xs_feed_twitter\"\n                           onclick=\"xs_social_sharer(this);\"\n                           data-pid=\"5352\"\n                           data-uri_hash=\"a7d3bc5c1579fc93e578cb093d6e7bf3\"\n                           data-key=\"twitter\"\n                           data-xs-href=\"https:\/\/twitter.com\/intent\/tweet?text=Nouvel+An+2026+%3A+Frantz+Elb%C3%A9+appelle+%C3%A0+l%E2%80%99unit%C3%A9%2C+%C3%A0+la+responsabilit%C3%A9+et+%C3%A0+l%E2%80%99espoir+en+Ha%C3%AFti+https%3A%2F%2Fvelipost.com%2Findex.php%3Frest_route%3D%252Fwp%252Fv2%252Fposts%252F5352&amp;original_referer=https%3A%2F%2Fvelipost.com%2Findex.php%3Frest_route%3D%252Fwp%252Fv2%252Fposts%252F5352&amp;related=xpeedstudio\">\n\n                            <div class=\"xs-social-icon\">\n                                <span class=\"met-social met-social-twitter\"><\/span>\n                            <\/div>\n\n\t\t\t\t\t\t\t\n                            <div class=\"wslu-hover-content\">\n                                <div class=\"xs-social-followers\">\n\t\t\t\t\t\t\t\t\t10                                <\/div>\n                                <div class=\"xs-social-follower-text\">\n\t\t\t\t\t\t\t\t\tShare                                <\/div>\n                                <div class=\"xs-social-follower-label\">\n\t\t\t\t\t\t\t\t\tTwitter                                <\/div>\n                            <\/div>\n                        <\/a>\n                    <\/li>\n\t\t\t\t\t                    <li class=\"xs-share-li telegram                        wslu-no-extra-data\">\n                        <a href=\"javascript:void(0);\"\n                           id=\"xs_feed_telegram\"\n                           onclick=\"xs_social_sharer(this);\"\n                           data-pid=\"5352\"\n                           data-uri_hash=\"a7d3bc5c1579fc93e578cb093d6e7bf3\"\n                           data-key=\"telegram\"\n                           data-xs-href=\"https:\/\/telegram.me\/share\/url?url=https%3A%2F%2Fvelipost.com%2Findex.php%3Frest_route%3D%252Fwp%252Fv2%252Fposts%252F5352&amp;text=Nouvel+An+2026+%3A+Frantz+Elb%C3%A9+appelle+%C3%A0+l%E2%80%99unit%C3%A9%2C+%C3%A0+la+responsabilit%C3%A9+et+%C3%A0+l%E2%80%99espoir+en+Ha%C3%AFti\">\n\n                            <div class=\"xs-social-icon\">\n                                <span class=\"met-social met-social-telegram\"><\/span>\n                            <\/div>\n\n\t\t\t\t\t\t\t\n                            <div class=\"wslu-hover-content\">\n                                <div class=\"xs-social-followers\">\n\t\t\t\t\t\t\t\t\t0                                <\/div>\n                                <div class=\"xs-social-follower-text\">\n\t\t\t\t\t\t\t\t\tShare                                <\/div>\n                                <div class=\"xs-social-follower-label\">\n\t\t\t\t\t\t\t\t\tTelegram                                <\/div>\n                            <\/div>\n                        <\/a>\n                    <\/li>\n\t\t\t\t\t                    <li class=\"xs-share-li email                        wslu-no-extra-data\">\n                        <a href=\"javascript:void(0);\"\n                           id=\"xs_feed_email\"\n                           onclick=\"xs_social_sharer(this);\"\n                           data-pid=\"5352\"\n                           data-uri_hash=\"a7d3bc5c1579fc93e578cb093d6e7bf3\"\n                           data-key=\"email\"\n                           data-xs-href=\"mailto:?body=Title%3A+Nouvel+An+2026+%3A+Frantz+Elb%C3%A9+appelle+%C3%A0+l%E2%80%99unit%C3%A9%2C+%C3%A0+la+responsabilit%C3%A9+et+%C3%A0+l%E2%80%99espoir+en+Ha%C3%AFti+%5Cn%5Cn+URL%3A+https%3A%2F%2Fvelipost.com%2Findex.php%3Frest_route%3D%252Fwp%252Fv2%252Fposts%252F5352&amp;subject=Nouvel+An+2026+%3A+Frantz+Elb%C3%A9+appelle+%C3%A0+l%E2%80%99unit%C3%A9%2C+%C3%A0+la+responsabilit%C3%A9+et+%C3%A0+l%E2%80%99espoir+en+Ha%C3%AFti\">\n\n                            <div class=\"xs-social-icon\">\n                                <span class=\"met-social met-social-email\"><\/span>\n                            <\/div>\n\n\t\t\t\t\t\t\t\n                            <div class=\"wslu-hover-content\">\n                                <div class=\"xs-social-followers\">\n\t\t\t\t\t\t\t\t\t0                                <\/div>\n                                <div class=\"xs-social-follower-text\">\n\t\t\t\t\t\t\t\t\tShare                                <\/div>\n                                <div class=\"xs-social-follower-label\">\n\t\t\t\t\t\t\t\t\tEmail                                <\/div>\n                            <\/div>\n                        <\/a>\n                    <\/li>\n\t\t\t\t\t        <\/ul>\n    <\/div> \n","protected":false},"excerpt":{"rendered":"<p>\u00c0 l\u2019occasion du Nouvel An 2026, Frantz Elb\u00e9 a adress\u00e9 un message de v\u0153ux \u00e0 la population ha\u00eftienne, dans un contexte marqu\u00e9 par une<\/p>\n","protected":false},"author":1,"featured_media":5353,"comment_status":"open","ping_status":"open","sticky":false,"template":"","format":"standard","meta":{"_uag_custom_page_level_css":"","footnotes":"","jetpack_publicize_message":"","jetpack_publicize_feature_enabled":true,"jetpack_social_post_already_shared":true,"jetpack_social_options":{"image_generator_settings":{"template":"highway","default_image_id":0,"font":"","enabled":false},"version":2}},"categories":[94],"tags":[],"class_list":["post-5352","post","type-post","status-publish","format-standard","has-post-thumbnail","hentry","category-a-la-une"],"yoast_head":"<!-- This site is optimized with the Yoast SEO plugin v25.3.1 - https:\/\/yoast.com\/wordpress\/plugins\/seo\/ -->\n<title>Nouvel An 2026 : Frantz Elb\u00e9 appelle \u00e0 l\u2019unit\u00e9, \u00e0 la responsabilit\u00e9 et \u00e0 l\u2019espoir en Ha\u00efti &#8211; VeliPost<\/title>\n<meta name=\"robots\" content=\"index, follow, max-snippet:-1, max-image-preview:large, max-video-preview:-1\" \/>\n<link rel=\"canonical\" href=\"https:\/\/velipost.com\/?p=5352\" \/>\n<meta property=\"og:locale\" content=\"fr_FR\" \/>\n<meta property=\"og:type\" content=\"article\" \/>\n<meta property=\"og:title\" content=\"Nouvel An 2026 : Frantz Elb\u00e9 appelle \u00e0 l\u2019unit\u00e9, \u00e0 la responsabilit\u00e9 et \u00e0 l\u2019espoir en Ha\u00efti &#8211; VeliPost\" \/>\n<meta property=\"og:description\" content=\"\u00c0 l\u2019occasion du Nouvel An 2026, Frantz Elb\u00e9 a adress\u00e9 un message de v\u0153ux \u00e0 la population ha\u00eftienne, dans un contexte marqu\u00e9 par une\" \/>\n<meta property=\"og:url\" content=\"https:\/\/velipost.com\/?p=5352\" \/>\n<meta property=\"og:site_name\" content=\"VeliPost\" \/>\n<meta property=\"article:publisher\" content=\"https:\/\/www.facebook.com\/veliposthaiti\" \/>\n<meta property=\"article:published_time\" content=\"2026-01-09T01:36:27+00:00\" \/>\n<meta property=\"article:modified_time\" content=\"2026-01-09T01:36:30+00:00\" \/>\n<meta property=\"og:image\" content=\"https:\/\/velipost.com\/wp-content\/uploads\/2026\/01\/FE.jpg\" \/>\n\t<meta property=\"og:image:width\" content=\"1170\" \/>\n\t<meta property=\"og:image:height\" content=\"603\" \/>\n\t<meta property=\"og:image:type\" content=\"image\/jpeg\" \/>\n<meta name=\"author\" content=\"VeliPost\" \/>\n<meta name=\"twitter:card\" content=\"summary_large_image\" \/>\n<meta name=\"twitter:creator\" content=\"@veliposthaiti\" \/>\n<meta name=\"twitter:site\" content=\"@veliposthaiti\" \/>\n<meta name=\"twitter:label1\" content=\"\u00c9crit par\" \/>\n\t<meta name=\"twitter:data1\" content=\"VeliPost\" \/>\n\t<meta name=\"twitter:label2\" content=\"Dur\u00e9e de lecture estim\u00e9e\" \/>\n\t<meta name=\"twitter:data2\" content=\"3 minutes\" \/>\n<script type=\"application\/ld+json\" class=\"yoast-schema-graph\">{\"@context\":\"https:\/\/schema.org\",\"@graph\":[{\"@type\":\"Article\",\"@id\":\"https:\/\/velipost.com\/?p=5352#article\",\"isPartOf\":{\"@id\":\"https:\/\/velipost.com\/?p=5352\"},\"author\":{\"name\":\"VeliPost\",\"@id\":\"https:\/\/velipost.com\/#\/schema\/person\/32ff49a53c9c1bb24302ee8ece058096\"},\"headline\":\"Nouvel An 2026 : Frantz Elb\u00e9 appelle \u00e0 l\u2019unit\u00e9, \u00e0 la responsabilit\u00e9 et \u00e0 l\u2019espoir en Ha\u00efti\",\"datePublished\":\"2026-01-09T01:36:27+00:00\",\"dateModified\":\"2026-01-09T01:36:30+00:00\",\"mainEntityOfPage\":{\"@id\":\"https:\/\/velipost.com\/?p=5352\"},\"wordCount\":421,\"commentCount\":0,\"publisher\":{\"@id\":\"https:\/\/velipost.com\/#organization\"},\"image\":{\"@id\":\"https:\/\/velipost.com\/?p=5352#primaryimage\"},\"thumbnailUrl\":\"https:\/\/velipost.com\/wp-content\/uploads\/2026\/01\/FE.jpg\",\"articleSection\":[\"A la Une\"],\"inLanguage\":\"fr-FR\",\"potentialAction\":[{\"@type\":\"CommentAction\",\"name\":\"Comment\",\"target\":[\"https:\/\/velipost.com\/?p=5352#respond\"]}]},{\"@type\":\"WebPage\",\"@id\":\"https:\/\/velipost.com\/?p=5352\",\"url\":\"https:\/\/velipost.com\/?p=5352\",\"name\":\"Nouvel An 2026 : Frantz Elb\u00e9 appelle \u00e0 l\u2019unit\u00e9, \u00e0 la responsabilit\u00e9 et \u00e0 l\u2019espoir en Ha\u00efti &#8211; VeliPost\",\"isPartOf\":{\"@id\":\"https:\/\/velipost.com\/#website\"},\"primaryImageOfPage\":{\"@id\":\"https:\/\/velipost.com\/?p=5352#primaryimage\"},\"image\":{\"@id\":\"https:\/\/velipost.com\/?p=5352#primaryimage\"},\"thumbnailUrl\":\"https:\/\/velipost.com\/wp-content\/uploads\/2026\/01\/FE.jpg\",\"datePublished\":\"2026-01-09T01:36:27+00:00\",\"dateModified\":\"2026-01-09T01:36:30+00:00\",\"breadcrumb\":{\"@id\":\"https:\/\/velipost.com\/?p=5352#breadcrumb\"},\"inLanguage\":\"fr-FR\",\"potentialAction\":[{\"@type\":\"ReadAction\",\"target\":[\"https:\/\/velipost.com\/?p=5352\"]}]},{\"@type\":\"ImageObject\",\"inLanguage\":\"fr-FR\",\"@id\":\"https:\/\/velipost.com\/?p=5352#primaryimage\",\"url\":\"https:\/\/velipost.com\/wp-content\/uploads\/2026\/01\/FE.jpg\",\"contentUrl\":\"https:\/\/velipost.com\/wp-content\/uploads\/2026\/01\/FE.jpg\",\"width\":1170,\"height\":603},{\"@type\":\"BreadcrumbList\",\"@id\":\"https:\/\/velipost.com\/?p=5352#breadcrumb\",\"itemListElement\":[{\"@type\":\"ListItem\",\"position\":1,\"name\":\"Accueil\",\"item\":\"https:\/\/velipost.com\/\"},{\"@type\":\"ListItem\",\"position\":2,\"name\":\"Nouvel An 2026 : Frantz Elb\u00e9 appelle \u00e0 l\u2019unit\u00e9, \u00e0 la responsabilit\u00e9 et \u00e0 l\u2019espoir en Ha\u00efti\"}]},{\"@type\":\"WebSite\",\"@id\":\"https:\/\/velipost.com\/#website\",\"url\":\"https:\/\/velipost.com\/\",\"name\":\"VeliPost\",\"description\":\"L\u2019info en un clic\",\"publisher\":{\"@id\":\"https:\/\/velipost.com\/#organization\"},\"potentialAction\":[{\"@type\":\"SearchAction\",\"target\":{\"@type\":\"EntryPoint\",\"urlTemplate\":\"https:\/\/velipost.com\/?s={search_term_string}\"},\"query-input\":{\"@type\":\"PropertyValueSpecification\",\"valueRequired\":true,\"valueName\":\"search_term_string\"}}],\"inLanguage\":\"fr-FR\"},{\"@type\":\"Organization\",\"@id\":\"https:\/\/velipost.com\/#organization\",\"name\":\"VeliPost\",\"url\":\"https:\/\/velipost.com\/\",\"logo\":{\"@type\":\"ImageObject\",\"inLanguage\":\"fr-FR\",\"@id\":\"https:\/\/velipost.com\/#\/schema\/logo\/image\/\",\"url\":\"https:\/\/velipost.com\/wp-content\/uploads\/2024\/08\/cropped-VP-logo-piti.png\",\"contentUrl\":\"https:\/\/velipost.com\/wp-content\/uploads\/2024\/08\/cropped-VP-logo-piti.png\",\"width\":201,\"height\":69,\"caption\":\"VeliPost\"},\"image\":{\"@id\":\"https:\/\/velipost.com\/#\/schema\/logo\/image\/\"},\"sameAs\":[\"https:\/\/www.facebook.com\/veliposthaiti\",\"https:\/\/x.com\/veliposthaiti\",\"https:\/\/www.instagram.com\/veliposthaiti\"]},{\"@type\":\"Person\",\"@id\":\"https:\/\/velipost.com\/#\/schema\/person\/32ff49a53c9c1bb24302ee8ece058096\",\"name\":\"VeliPost\",\"image\":{\"@type\":\"ImageObject\",\"inLanguage\":\"fr-FR\",\"@id\":\"https:\/\/velipost.com\/#\/schema\/person\/image\/\",\"url\":\"https:\/\/secure.gravatar.com\/avatar\/57c226c264de62f794185a89596d4a37b85a5ad20aca30d9d5a478b27d8c8d9d?s=96&d=mm&r=g\",\"contentUrl\":\"https:\/\/secure.gravatar.com\/avatar\/57c226c264de62f794185a89596d4a37b85a5ad20aca30d9d5a478b27d8c8d9d?s=96&d=mm&r=g\",\"caption\":\"VeliPost\"},\"sameAs\":[\"https:\/\/velipost.com\"],\"url\":\"https:\/\/velipost.com\/?author=1\"}]}<\/script>\n<!-- \/ Yoast SEO plugin. -->","yoast_head_json":{"title":"Nouvel An 2026 : Frantz Elb\u00e9 appelle \u00e0 l\u2019unit\u00e9, \u00e0 la responsabilit\u00e9 et \u00e0 l\u2019espoir en Ha\u00efti &#8211; VeliPost","robots":{"index":"index","follow":"follow","max-snippet":"max-snippet:-1","max-image-preview":"max-image-preview:large","max-video-preview":"max-video-preview:-1"},"canonical":"https:\/\/velipost.com\/?p=5352","og_locale":"fr_FR","og_type":"article","og_title":"Nouvel An 2026 : Frantz Elb\u00e9 appelle \u00e0 l\u2019unit\u00e9, \u00e0 la responsabilit\u00e9 et \u00e0 l\u2019espoir en Ha\u00efti &#8211; VeliPost","og_description":"\u00c0 l\u2019occasion du Nouvel An 2026, Frantz Elb\u00e9 a adress\u00e9 un message de v\u0153ux \u00e0 la population ha\u00eftienne, dans un contexte marqu\u00e9 par une","og_url":"https:\/\/velipost.com\/?p=5352","og_site_name":"VeliPost","article_publisher":"https:\/\/www.facebook.com\/veliposthaiti","article_published_time":"2026-01-09T01:36:27+00:00","article_modified_time":"2026-01-09T01:36:30+00:00","og_image":[{"width":1170,"height":603,"url":"https:\/\/velipost.com\/wp-content\/uploads\/2026\/01\/FE.jpg","type":"image\/jpeg"}],"author":"VeliPost","twitter_card":"summary_large_image","twitter_creator":"@veliposthaiti","twitter_site":"@veliposthaiti","twitter_misc":{"\u00c9crit par":"VeliPost","Dur\u00e9e de lecture estim\u00e9e":"3 minutes"},"schema":{"@context":"https:\/\/schema.org","@graph":[{"@type":"Article","@id":"https:\/\/velipost.com\/?p=5352#article","isPartOf":{"@id":"https:\/\/velipost.com\/?p=5352"},"author":{"name":"VeliPost","@id":"https:\/\/velipost.com\/#\/schema\/person\/32ff49a53c9c1bb24302ee8ece058096"},"headline":"Nouvel An 2026 : Frantz Elb\u00e9 appelle \u00e0 l\u2019unit\u00e9, \u00e0 la responsabilit\u00e9 et \u00e0 l\u2019espoir en Ha\u00efti","datePublished":"2026-01-09T01:36:27+00:00","dateModified":"2026-01-09T01:36:30+00:00","mainEntityOfPage":{"@id":"https:\/\/velipost.com\/?p=5352"},"wordCount":421,"commentCount":0,"publisher":{"@id":"https:\/\/velipost.com\/#organization"},"image":{"@id":"https:\/\/velipost.com\/?p=5352#primaryimage"},"thumbnailUrl":"https:\/\/velipost.com\/wp-content\/uploads\/2026\/01\/FE.jpg","articleSection":["A la Une"],"inLanguage":"fr-FR","potentialAction":[{"@type":"CommentAction","name":"Comment","target":["https:\/\/velipost.com\/?p=5352#respond"]}]},{"@type":"WebPage","@id":"https:\/\/velipost.com\/?p=5352","url":"https:\/\/velipost.com\/?p=5352","name":"Nouvel An 2026 : Frantz Elb\u00e9 appelle \u00e0 l\u2019unit\u00e9, \u00e0 la responsabilit\u00e9 et \u00e0 l\u2019espoir en Ha\u00efti &#8211; VeliPost","isPartOf":{"@id":"https:\/\/velipost.com\/#website"},"primaryImageOfPage":{"@id":"https:\/\/velipost.com\/?p=5352#primaryimage"},"image":{"@id":"https:\/\/velipost.com\/?p=5352#primaryimage"},"thumbnailUrl":"https:\/\/velipost.com\/wp-content\/uploads\/2026\/01\/FE.jpg","datePublished":"2026-01-09T01:36:27+00:00","dateModified":"2026-01-09T01:36:30+00:00","breadcrumb":{"@id":"https:\/\/velipost.com\/?p=5352#breadcrumb"},"inLanguage":"fr-FR","potentialAction":[{"@type":"ReadAction","target":["https:\/\/velipost.com\/?p=5352"]}]},{"@type":"ImageObject","inLanguage":"fr-FR","@id":"https:\/\/velipost.com\/?p=5352#primaryimage","url":"https:\/\/velipost.com\/wp-content\/uploads\/2026\/01\/FE.jpg","contentUrl":"https:\/\/velipost.com\/wp-content\/uploads\/2026\/01\/FE.jpg","width":1170,"height":603},{"@type":"BreadcrumbList","@id":"https:\/\/velipost.com\/?p=5352#breadcrumb","itemListElement":[{"@type":"ListItem","position":1,"name":"Accueil","item":"https:\/\/velipost.com\/"},{"@type":"ListItem","position":2,"name":"Nouvel An 2026 : Frantz Elb\u00e9 appelle \u00e0 l\u2019unit\u00e9, \u00e0 la responsabilit\u00e9 et \u00e0 l\u2019espoir en Ha\u00efti"}]},{"@type":"WebSite","@id":"https:\/\/velipost.com\/#website","url":"https:\/\/velipost.com\/","name":"VeliPost","description":"L\u2019info en un clic","publisher":{"@id":"https:\/\/velipost.com\/#organization"},"potentialAction":[{"@type":"SearchAction","target":{"@type":"EntryPoint","urlTemplate":"https:\/\/velipost.com\/?s={search_term_string}"},"query-input":{"@type":"PropertyValueSpecification","valueRequired":true,"valueName":"search_term_string"}}],"inLanguage":"fr-FR"},{"@type":"Organization","@id":"https:\/\/velipost.com\/#organization","name":"VeliPost","url":"https:\/\/velipost.com\/","logo":{"@type":"ImageObject","inLanguage":"fr-FR","@id":"https:\/\/velipost.com\/#\/schema\/logo\/image\/","url":"https:\/\/velipost.com\/wp-content\/uploads\/2024\/08\/cropped-VP-logo-piti.png","contentUrl":"https:\/\/velipost.com\/wp-content\/uploads\/2024\/08\/cropped-VP-logo-piti.png","width":201,"height":69,"caption":"VeliPost"},"image":{"@id":"https:\/\/velipost.com\/#\/schema\/logo\/image\/"},"sameAs":["https:\/\/www.facebook.com\/veliposthaiti","https:\/\/x.com\/veliposthaiti","https:\/\/www.instagram.com\/veliposthaiti"]},{"@type":"Person","@id":"https:\/\/velipost.com\/#\/schema\/person\/32ff49a53c9c1bb24302ee8ece058096","name":"VeliPost","image":{"@type":"ImageObject","inLanguage":"fr-FR","@id":"https:\/\/velipost.com\/#\/schema\/person\/image\/","url":"https:\/\/secure.gravatar.com\/avatar\/57c226c264de62f794185a89596d4a37b85a5ad20aca30d9d5a478b27d8c8d9d?s=96&d=mm&r=g","contentUrl":"https:\/\/secure.gravatar.com\/avatar\/57c226c264de62f794185a89596d4a37b85a5ad20aca30d9d5a478b27d8c8d9d?s=96&d=mm&r=g","caption":"VeliPost"},"sameAs":["https:\/\/velipost.com"],"url":"https:\/\/velipost.com\/?author=1"}]}},"views":0,"jetpack_publicize_connections":[],"uagb_featured_image_src":{"full":["https:\/\/velipost.com\/wp-content\/uploads\/2026\/01\/FE.jpg",1170,603,false],"thumbnail":["https:\/\/velipost.com\/wp-content\/uploads\/2026\/01\/FE-150x150.jpg",150,150,true],"medium":["https:\/\/velipost.com\/wp-content\/uploads\/2026\/01\/FE-300x155.jpg",300,155,true],"medium_large":["https:\/\/velipost.com\/wp-content\/uploads\/2026\/01\/FE-768x396.jpg",715,369,true],"large":["https:\/\/velipost.com\/wp-content\/uploads\/2026\/01\/FE-1024x528.jpg",715,369,true],"1536x1536":["https:\/\/velipost.com\/wp-content\/uploads\/2026\/01\/FE.jpg",1170,603,false],"2048x2048":["https:\/\/velipost.com\/wp-content\/uploads\/2026\/01\/FE.jpg",1170,603,false],"colornews-big-slider":["https:\/\/velipost.com\/wp-content\/uploads\/2026\/01\/FE-1070x470.jpg",1070,470,true],"colornews-big-slider-thumb":["https:\/\/velipost.com\/wp-content\/uploads\/2026\/01\/FE-184x109.jpg",184,109,true],"colornews-featured-post-medium":["https:\/\/velipost.com\/wp-content\/uploads\/2026\/01\/FE-345x265.jpg",345,265,true],"colornews-featured-post-small":["https:\/\/velipost.com\/wp-content\/uploads\/2026\/01\/FE-115x73.jpg",115,73,true],"colornews-random-posts":["https:\/\/velipost.com\/wp-content\/uploads\/2026\/01\/FE-215x215.jpg",215,215,true],"colornews-featured-image":["https:\/\/velipost.com\/wp-content\/uploads\/2026\/01\/FE-715x400.jpg",715,400,true],"mailpoet_newsletter_max":["https:\/\/velipost.com\/wp-content\/uploads\/2026\/01\/FE.jpg",1170,603,false]},"uagb_author_info":{"display_name":"VeliPost","author_link":"https:\/\/velipost.com\/?author=1"},"uagb_comment_info":0,"uagb_excerpt":"\u00c0 l\u2019occasion du Nouvel An 2026, Frantz Elb\u00e9 a adress\u00e9 un message de v\u0153ux \u00e0 la population ha\u00eftienne, dans un contexte marqu\u00e9 par une","_links":{"self":[{"href":"https:\/\/velipost.com\/index.php?rest_route=\/wp\/v2\/posts\/5352","targetHints":{"allow":["GET"]}}],"collection":[{"href":"https:\/\/velipost.com\/index.php?rest_route=\/wp\/v2\/posts"}],"about":[{"href":"https:\/\/velipost.com\/index.php?rest_route=\/wp\/v2\/types\/post"}],"author":[{"embeddable":true,"href":"https:\/\/velipost.com\/index.php?rest_route=\/wp\/v2\/users\/1"}],"replies":[{"embeddable":true,"href":"https:\/\/velipost.com\/index.php?rest_route=%2Fwp%2Fv2%2Fcomments&post=5352"}],"version-history":[{"count":1,"href":"https:\/\/velipost.com\/index.php?rest_route=\/wp\/v2\/posts\/5352\/revisions"}],"predecessor-version":[{"id":5354,"href":"https:\/\/velipost.com\/index.php?rest_route=\/wp\/v2\/posts\/5352\/revisions\/5354"}],"wp:featuredmedia":[{"embeddable":true,"href":"https:\/\/velipost.com\/index.php?rest_route=\/wp\/v2\/media\/5353"}],"wp:attachment":[{"href":"https:\/\/velipost.com\/index.php?rest_route=%2Fwp%2Fv2%2Fmedia&parent=5352"}],"wp:term":[{"taxonomy":"category","embeddable":true,"href":"https:\/\/velipost.com\/index.php?rest_route=%2Fwp%2Fv2%2Fcategories&post=5352"},{"taxonomy":"post_tag","embeddable":true,"href":"https:\/\/velipost.com\/index.php?rest_route=%2Fwp%2Fv2%2Ftags&post=5352"}],"curies":[{"name":"wp","href":"https:\/\/api.w.org\/{rel}","templated":true}]}}