{"id":5306,"date":"2025-12-31T14:38:21","date_gmt":"2025-12-31T13:38:21","guid":{"rendered":"https:\/\/velipost.com\/?p=5306"},"modified":"2025-12-31T14:38:24","modified_gmt":"2025-12-31T13:38:24","slug":"elections-2026-le-premier-ministre-rassure-le-cep-sur-laccompagnement-de-letat","status":"publish","type":"post","link":"https:\/\/velipost.com\/?p=5306","title":{"rendered":"\u00c9lections 2026 : le Premier ministre rassure le CEP sur l\u2019accompagnement de l\u2019\u00c9tat"},"content":{"rendered":"\n<p>Le Premier ministre Alix Didier Fils-Aim\u00e9 a effectu\u00e9, le mardi 30 d\u00e9cembre 2025, une visite officielle au Conseil \u00c9lectoral Provisoire (CEP). Cette d\u00e9marche s\u2019inscrit dans le cadre des pr\u00e9paratifs des \u00e9lections pr\u00e9vues pour 2026.<\/p>\n\n\n\n<p>Le chef du gouvernement a salu\u00e9 la publication du calendrier \u00e9lectoral. Il a estim\u00e9 que ce document constitue une \u00e9tape importante vers le retour \u00e0 l\u2019ordre constitutionnel. Il a aussi f\u00e9licit\u00e9 le Conseil pr\u00e9sidentiel de transition pour son r\u00f4le dans l\u2019adoption du d\u00e9cret \u00e9lectoral.<\/p>\n\n\n\n<p>Au cours de la rencontre, le Premier ministre a r\u00e9affirm\u00e9 le soutien total de l\u2019ex\u00e9cutif au CEP. Il a assur\u00e9 que toutes les institutions de l\u2019\u00c9tat seront mobilis\u00e9es pour accompagner le processus \u00e9lectoral.<\/p>\n\n\n\n<p>La question s\u00e9curitaire a occup\u00e9 une place centrale dans les discussions. Le gouvernement entend renforcer les dispositifs pour prot\u00e9ger les \u00e9lecteurs, en particulier les populations d\u00e9plac\u00e9es par l\u2019ins\u00e9curit\u00e9.<\/p>\n\n\n\n<p>Le Premier ministre a enfin appel\u00e9 les partenaires internationaux \u00e0 intensifier leur appui aux forces de s\u00e9curit\u00e9 nationales. Cet accompagnement est jug\u00e9 essentiel pour permettre l\u2019organisation des \u00e9lections dans un climat stable et apais\u00e9.<\/p>\n\n\n\n<p>Cette visite traduit la volont\u00e9 des autorit\u00e9s de cr\u00e9er les conditions n\u00e9cessaires \u00e0 des \u00e9lections transparentes, inclusives et cr\u00e9dibles en Ha\u00efti.<\/p>\n\n    <div class=\"xs_social_share_widget xs_share_url after_content \t\tmain_content  wslu-style-3 wslu-share-box-shaped wslu-fill-brand-hover-colored wslu-share-m-5 wslu-none wslu-share-horizontal wslu-theme-font-no wslu-main_content\">\n\n\t\t\n        <ul>\n\t\t\t                    <li class=\"xs-share-li twitter                        wslu-no-extra-data\">\n                        <a href=\"javascript:void(0);\"\n                           id=\"xs_feed_twitter\"\n                           onclick=\"xs_social_sharer(this);\"\n                           data-pid=\"5306\"\n                           data-uri_hash=\"08aa12aafb0526b4fafb9125b92967b1\"\n                           data-key=\"twitter\"\n                           data-xs-href=\"https:\/\/twitter.com\/intent\/tweet?text=%C3%89lections+2026+%3A+le+Premier+ministre+rassure+le+CEP+sur+l%E2%80%99accompagnement+de+l%E2%80%99%C3%89tat+https%3A%2F%2Fvelipost.com%2Findex.php%3Frest_route%3D%252Fwp%252Fv2%252Fposts%252F5306&amp;original_referer=https%3A%2F%2Fvelipost.com%2Findex.php%3Frest_route%3D%252Fwp%252Fv2%252Fposts%252F5306&amp;related=xpeedstudio\">\n\n                            <div class=\"xs-social-icon\">\n                                <span class=\"met-social met-social-twitter\"><\/span>\n                            <\/div>\n\n\t\t\t\t\t\t\t\n                            <div class=\"wslu-hover-content\">\n                                <div class=\"xs-social-followers\">\n\t\t\t\t\t\t\t\t\t10                                <\/div>\n                                <div class=\"xs-social-follower-text\">\n\t\t\t\t\t\t\t\t\tShare                                <\/div>\n                                <div class=\"xs-social-follower-label\">\n\t\t\t\t\t\t\t\t\tTwitter                                <\/div>\n                            <\/div>\n                        <\/a>\n                    <\/li>\n\t\t\t\t\t                    <li class=\"xs-share-li telegram                        wslu-no-extra-data\">\n                        <a href=\"javascript:void(0);\"\n                           id=\"xs_feed_telegram\"\n                           onclick=\"xs_social_sharer(this);\"\n                           data-pid=\"5306\"\n                           data-uri_hash=\"08aa12aafb0526b4fafb9125b92967b1\"\n                           data-key=\"telegram\"\n                           data-xs-href=\"https:\/\/telegram.me\/share\/url?url=https%3A%2F%2Fvelipost.com%2Findex.php%3Frest_route%3D%252Fwp%252Fv2%252Fposts%252F5306&amp;text=%C3%89lections+2026+%3A+le+Premier+ministre+rassure+le+CEP+sur+l%E2%80%99accompagnement+de+l%E2%80%99%C3%89tat\">\n\n                            <div class=\"xs-social-icon\">\n                                <span class=\"met-social met-social-telegram\"><\/span>\n                            <\/div>\n\n\t\t\t\t\t\t\t\n                            <div class=\"wslu-hover-content\">\n                                <div class=\"xs-social-followers\">\n\t\t\t\t\t\t\t\t\t0                                <\/div>\n                                <div class=\"xs-social-follower-text\">\n\t\t\t\t\t\t\t\t\tShare                                <\/div>\n                                <div class=\"xs-social-follower-label\">\n\t\t\t\t\t\t\t\t\tTelegram                                <\/div>\n                            <\/div>\n                        <\/a>\n                    <\/li>\n\t\t\t\t\t                    <li class=\"xs-share-li email                        wslu-no-extra-data\">\n                        <a href=\"javascript:void(0);\"\n                           id=\"xs_feed_email\"\n                           onclick=\"xs_social_sharer(this);\"\n                           data-pid=\"5306\"\n                           data-uri_hash=\"08aa12aafb0526b4fafb9125b92967b1\"\n                           data-key=\"email\"\n                           data-xs-href=\"mailto:?body=Title%3A+%C3%89lections+2026+%3A+le+Premier+ministre+rassure+le+CEP+sur+l%E2%80%99accompagnement+de+l%E2%80%99%C3%89tat+%5Cn%5Cn+URL%3A+https%3A%2F%2Fvelipost.com%2Findex.php%3Frest_route%3D%252Fwp%252Fv2%252Fposts%252F5306&amp;subject=%C3%89lections+2026+%3A+le+Premier+ministre+rassure+le+CEP+sur+l%E2%80%99accompagnement+de+l%E2%80%99%C3%89tat\">\n\n                            <div class=\"xs-social-icon\">\n                                <span class=\"met-social met-social-email\"><\/span>\n                            <\/div>\n\n\t\t\t\t\t\t\t\n                            <div class=\"wslu-hover-content\">\n                                <div class=\"xs-social-followers\">\n\t\t\t\t\t\t\t\t\t0                                <\/div>\n                                <div class=\"xs-social-follower-text\">\n\t\t\t\t\t\t\t\t\tShare                                <\/div>\n                                <div class=\"xs-social-follower-label\">\n\t\t\t\t\t\t\t\t\tEmail                                <\/div>\n                            <\/div>\n                        <\/a>\n                    <\/li>\n\t\t\t\t\t        <\/ul>\n    <\/div> \n","protected":false},"excerpt":{"rendered":"<p>Le Premier ministre Alix Didier Fils-Aim\u00e9 a effectu\u00e9, le mardi 30 d\u00e9cembre 2025, une visite officielle au Conseil \u00c9lectoral Provisoire (CEP). Cette d\u00e9marche s\u2019inscrit<\/p>\n","protected":false},"author":1,"featured_media":5307,"comment_status":"open","ping_status":"open","sticky":false,"template":"","format":"standard","meta":{"_uag_custom_page_level_css":"","footnotes":"","jetpack_publicize_message":"","jetpack_publicize_feature_enabled":true,"jetpack_social_post_already_shared":true,"jetpack_social_options":{"image_generator_settings":{"template":"highway","default_image_id":0,"font":"","enabled":false},"version":2}},"categories":[257],"tags":[],"class_list":["post-5306","post","type-post","status-publish","format-standard","has-post-thumbnail","hentry","category-elections-haitienne"],"yoast_head":"<!-- This site is optimized with the Yoast SEO plugin v25.3.1 - https:\/\/yoast.com\/wordpress\/plugins\/seo\/ -->\n<title>\u00c9lections 2026 : le Premier ministre rassure le CEP sur l\u2019accompagnement de l\u2019\u00c9tat &#8211; VeliPost<\/title>\n<meta name=\"robots\" content=\"index, follow, max-snippet:-1, max-image-preview:large, max-video-preview:-1\" \/>\n<link rel=\"canonical\" href=\"https:\/\/velipost.com\/?p=5306\" \/>\n<meta property=\"og:locale\" content=\"fr_FR\" \/>\n<meta property=\"og:type\" content=\"article\" \/>\n<meta property=\"og:title\" content=\"\u00c9lections 2026 : le Premier ministre rassure le CEP sur l\u2019accompagnement de l\u2019\u00c9tat &#8211; VeliPost\" \/>\n<meta property=\"og:description\" content=\"Le Premier ministre Alix Didier Fils-Aim\u00e9 a effectu\u00e9, le mardi 30 d\u00e9cembre 2025, une visite officielle au Conseil \u00c9lectoral Provisoire (CEP). Cette d\u00e9marche s\u2019inscrit\" \/>\n<meta property=\"og:url\" content=\"https:\/\/velipost.com\/?p=5306\" \/>\n<meta property=\"og:site_name\" content=\"VeliPost\" \/>\n<meta property=\"article:publisher\" content=\"https:\/\/www.facebook.com\/veliposthaiti\" \/>\n<meta property=\"article:published_time\" content=\"2025-12-31T13:38:21+00:00\" \/>\n<meta property=\"article:modified_time\" content=\"2025-12-31T13:38:24+00:00\" \/>\n<meta property=\"og:image\" content=\"https:\/\/velipost.com\/wp-content\/uploads\/2025\/12\/fiis-aime-cep.jpg\" \/>\n\t<meta property=\"og:image:width\" content=\"1436\" \/>\n\t<meta property=\"og:image:height\" content=\"797\" \/>\n\t<meta property=\"og:image:type\" content=\"image\/jpeg\" \/>\n<meta name=\"author\" content=\"VeliPost\" \/>\n<meta name=\"twitter:card\" content=\"summary_large_image\" \/>\n<meta name=\"twitter:creator\" content=\"@veliposthaiti\" \/>\n<meta name=\"twitter:site\" content=\"@veliposthaiti\" \/>\n<meta name=\"twitter:label1\" content=\"\u00c9crit par\" \/>\n\t<meta name=\"twitter:data1\" content=\"VeliPost\" \/>\n\t<meta name=\"twitter:label2\" content=\"Dur\u00e9e de lecture estim\u00e9e\" \/>\n\t<meta name=\"twitter:data2\" content=\"2 minutes\" \/>\n<script type=\"application\/ld+json\" class=\"yoast-schema-graph\">{\"@context\":\"https:\/\/schema.org\",\"@graph\":[{\"@type\":\"Article\",\"@id\":\"https:\/\/velipost.com\/?p=5306#article\",\"isPartOf\":{\"@id\":\"https:\/\/velipost.com\/?p=5306\"},\"author\":{\"name\":\"VeliPost\",\"@id\":\"https:\/\/velipost.com\/#\/schema\/person\/32ff49a53c9c1bb24302ee8ece058096\"},\"headline\":\"\u00c9lections 2026 : le Premier ministre rassure le CEP sur l\u2019accompagnement de l\u2019\u00c9tat\",\"datePublished\":\"2025-12-31T13:38:21+00:00\",\"dateModified\":\"2025-12-31T13:38:24+00:00\",\"mainEntityOfPage\":{\"@id\":\"https:\/\/velipost.com\/?p=5306\"},\"wordCount\":230,\"commentCount\":0,\"publisher\":{\"@id\":\"https:\/\/velipost.com\/#organization\"},\"image\":{\"@id\":\"https:\/\/velipost.com\/?p=5306#primaryimage\"},\"thumbnailUrl\":\"https:\/\/velipost.com\/wp-content\/uploads\/2025\/12\/fiis-aime-cep.jpg\",\"articleSection\":[\"\u00c9lections Ha\u00eftienne\"],\"inLanguage\":\"fr-FR\",\"potentialAction\":[{\"@type\":\"CommentAction\",\"name\":\"Comment\",\"target\":[\"https:\/\/velipost.com\/?p=5306#respond\"]}]},{\"@type\":\"WebPage\",\"@id\":\"https:\/\/velipost.com\/?p=5306\",\"url\":\"https:\/\/velipost.com\/?p=5306\",\"name\":\"\u00c9lections 2026 : le Premier ministre rassure le CEP sur l\u2019accompagnement de l\u2019\u00c9tat &#8211; VeliPost\",\"isPartOf\":{\"@id\":\"https:\/\/velipost.com\/#website\"},\"primaryImageOfPage\":{\"@id\":\"https:\/\/velipost.com\/?p=5306#primaryimage\"},\"image\":{\"@id\":\"https:\/\/velipost.com\/?p=5306#primaryimage\"},\"thumbnailUrl\":\"https:\/\/velipost.com\/wp-content\/uploads\/2025\/12\/fiis-aime-cep.jpg\",\"datePublished\":\"2025-12-31T13:38:21+00:00\",\"dateModified\":\"2025-12-31T13:38:24+00:00\",\"breadcrumb\":{\"@id\":\"https:\/\/velipost.com\/?p=5306#breadcrumb\"},\"inLanguage\":\"fr-FR\",\"potentialAction\":[{\"@type\":\"ReadAction\",\"target\":[\"https:\/\/velipost.com\/?p=5306\"]}]},{\"@type\":\"ImageObject\",\"inLanguage\":\"fr-FR\",\"@id\":\"https:\/\/velipost.com\/?p=5306#primaryimage\",\"url\":\"https:\/\/velipost.com\/wp-content\/uploads\/2025\/12\/fiis-aime-cep.jpg\",\"contentUrl\":\"https:\/\/velipost.com\/wp-content\/uploads\/2025\/12\/fiis-aime-cep.jpg\",\"width\":1436,\"height\":797},{\"@type\":\"BreadcrumbList\",\"@id\":\"https:\/\/velipost.com\/?p=5306#breadcrumb\",\"itemListElement\":[{\"@type\":\"ListItem\",\"position\":1,\"name\":\"Accueil\",\"item\":\"https:\/\/velipost.com\/\"},{\"@type\":\"ListItem\",\"position\":2,\"name\":\"\u00c9lections 2026 : le Premier ministre rassure le CEP sur l\u2019accompagnement de l\u2019\u00c9tat\"}]},{\"@type\":\"WebSite\",\"@id\":\"https:\/\/velipost.com\/#website\",\"url\":\"https:\/\/velipost.com\/\",\"name\":\"VeliPost\",\"description\":\"L\u2019info en un clic\",\"publisher\":{\"@id\":\"https:\/\/velipost.com\/#organization\"},\"potentialAction\":[{\"@type\":\"SearchAction\",\"target\":{\"@type\":\"EntryPoint\",\"urlTemplate\":\"https:\/\/velipost.com\/?s={search_term_string}\"},\"query-input\":{\"@type\":\"PropertyValueSpecification\",\"valueRequired\":true,\"valueName\":\"search_term_string\"}}],\"inLanguage\":\"fr-FR\"},{\"@type\":\"Organization\",\"@id\":\"https:\/\/velipost.com\/#organization\",\"name\":\"VeliPost\",\"url\":\"https:\/\/velipost.com\/\",\"logo\":{\"@type\":\"ImageObject\",\"inLanguage\":\"fr-FR\",\"@id\":\"https:\/\/velipost.com\/#\/schema\/logo\/image\/\",\"url\":\"https:\/\/velipost.com\/wp-content\/uploads\/2024\/08\/cropped-VP-logo-piti.png\",\"contentUrl\":\"https:\/\/velipost.com\/wp-content\/uploads\/2024\/08\/cropped-VP-logo-piti.png\",\"width\":201,\"height\":69,\"caption\":\"VeliPost\"},\"image\":{\"@id\":\"https:\/\/velipost.com\/#\/schema\/logo\/image\/\"},\"sameAs\":[\"https:\/\/www.facebook.com\/veliposthaiti\",\"https:\/\/x.com\/veliposthaiti\",\"https:\/\/www.instagram.com\/veliposthaiti\"]},{\"@type\":\"Person\",\"@id\":\"https:\/\/velipost.com\/#\/schema\/person\/32ff49a53c9c1bb24302ee8ece058096\",\"name\":\"VeliPost\",\"image\":{\"@type\":\"ImageObject\",\"inLanguage\":\"fr-FR\",\"@id\":\"https:\/\/velipost.com\/#\/schema\/person\/image\/\",\"url\":\"https:\/\/secure.gravatar.com\/avatar\/57c226c264de62f794185a89596d4a37b85a5ad20aca30d9d5a478b27d8c8d9d?s=96&d=mm&r=g\",\"contentUrl\":\"https:\/\/secure.gravatar.com\/avatar\/57c226c264de62f794185a89596d4a37b85a5ad20aca30d9d5a478b27d8c8d9d?s=96&d=mm&r=g\",\"caption\":\"VeliPost\"},\"sameAs\":[\"https:\/\/velipost.com\"],\"url\":\"https:\/\/velipost.com\/?author=1\"}]}<\/script>\n<!-- \/ Yoast SEO plugin. -->","yoast_head_json":{"title":"\u00c9lections 2026 : le Premier ministre rassure le CEP sur l\u2019accompagnement de l\u2019\u00c9tat &#8211; VeliPost","robots":{"index":"index","follow":"follow","max-snippet":"max-snippet:-1","max-image-preview":"max-image-preview:large","max-video-preview":"max-video-preview:-1"},"canonical":"https:\/\/velipost.com\/?p=5306","og_locale":"fr_FR","og_type":"article","og_title":"\u00c9lections 2026 : le Premier ministre rassure le CEP sur l\u2019accompagnement de l\u2019\u00c9tat &#8211; VeliPost","og_description":"Le Premier ministre Alix Didier Fils-Aim\u00e9 a effectu\u00e9, le mardi 30 d\u00e9cembre 2025, une visite officielle au Conseil \u00c9lectoral Provisoire (CEP). Cette d\u00e9marche s\u2019inscrit","og_url":"https:\/\/velipost.com\/?p=5306","og_site_name":"VeliPost","article_publisher":"https:\/\/www.facebook.com\/veliposthaiti","article_published_time":"2025-12-31T13:38:21+00:00","article_modified_time":"2025-12-31T13:38:24+00:00","og_image":[{"width":1436,"height":797,"url":"https:\/\/velipost.com\/wp-content\/uploads\/2025\/12\/fiis-aime-cep.jpg","type":"image\/jpeg"}],"author":"VeliPost","twitter_card":"summary_large_image","twitter_creator":"@veliposthaiti","twitter_site":"@veliposthaiti","twitter_misc":{"\u00c9crit par":"VeliPost","Dur\u00e9e de lecture estim\u00e9e":"2 minutes"},"schema":{"@context":"https:\/\/schema.org","@graph":[{"@type":"Article","@id":"https:\/\/velipost.com\/?p=5306#article","isPartOf":{"@id":"https:\/\/velipost.com\/?p=5306"},"author":{"name":"VeliPost","@id":"https:\/\/velipost.com\/#\/schema\/person\/32ff49a53c9c1bb24302ee8ece058096"},"headline":"\u00c9lections 2026 : le Premier ministre rassure le CEP sur l\u2019accompagnement de l\u2019\u00c9tat","datePublished":"2025-12-31T13:38:21+00:00","dateModified":"2025-12-31T13:38:24+00:00","mainEntityOfPage":{"@id":"https:\/\/velipost.com\/?p=5306"},"wordCount":230,"commentCount":0,"publisher":{"@id":"https:\/\/velipost.com\/#organization"},"image":{"@id":"https:\/\/velipost.com\/?p=5306#primaryimage"},"thumbnailUrl":"https:\/\/velipost.com\/wp-content\/uploads\/2025\/12\/fiis-aime-cep.jpg","articleSection":["\u00c9lections Ha\u00eftienne"],"inLanguage":"fr-FR","potentialAction":[{"@type":"CommentAction","name":"Comment","target":["https:\/\/velipost.com\/?p=5306#respond"]}]},{"@type":"WebPage","@id":"https:\/\/velipost.com\/?p=5306","url":"https:\/\/velipost.com\/?p=5306","name":"\u00c9lections 2026 : le Premier ministre rassure le CEP sur l\u2019accompagnement de l\u2019\u00c9tat &#8211; VeliPost","isPartOf":{"@id":"https:\/\/velipost.com\/#website"},"primaryImageOfPage":{"@id":"https:\/\/velipost.com\/?p=5306#primaryimage"},"image":{"@id":"https:\/\/velipost.com\/?p=5306#primaryimage"},"thumbnailUrl":"https:\/\/velipost.com\/wp-content\/uploads\/2025\/12\/fiis-aime-cep.jpg","datePublished":"2025-12-31T13:38:21+00:00","dateModified":"2025-12-31T13:38:24+00:00","breadcrumb":{"@id":"https:\/\/velipost.com\/?p=5306#breadcrumb"},"inLanguage":"fr-FR","potentialAction":[{"@type":"ReadAction","target":["https:\/\/velipost.com\/?p=5306"]}]},{"@type":"ImageObject","inLanguage":"fr-FR","@id":"https:\/\/velipost.com\/?p=5306#primaryimage","url":"https:\/\/velipost.com\/wp-content\/uploads\/2025\/12\/fiis-aime-cep.jpg","contentUrl":"https:\/\/velipost.com\/wp-content\/uploads\/2025\/12\/fiis-aime-cep.jpg","width":1436,"height":797},{"@type":"BreadcrumbList","@id":"https:\/\/velipost.com\/?p=5306#breadcrumb","itemListElement":[{"@type":"ListItem","position":1,"name":"Accueil","item":"https:\/\/velipost.com\/"},{"@type":"ListItem","position":2,"name":"\u00c9lections 2026 : le Premier ministre rassure le CEP sur l\u2019accompagnement de l\u2019\u00c9tat"}]},{"@type":"WebSite","@id":"https:\/\/velipost.com\/#website","url":"https:\/\/velipost.com\/","name":"VeliPost","description":"L\u2019info en un clic","publisher":{"@id":"https:\/\/velipost.com\/#organization"},"potentialAction":[{"@type":"SearchAction","target":{"@type":"EntryPoint","urlTemplate":"https:\/\/velipost.com\/?s={search_term_string}"},"query-input":{"@type":"PropertyValueSpecification","valueRequired":true,"valueName":"search_term_string"}}],"inLanguage":"fr-FR"},{"@type":"Organization","@id":"https:\/\/velipost.com\/#organization","name":"VeliPost","url":"https:\/\/velipost.com\/","logo":{"@type":"ImageObject","inLanguage":"fr-FR","@id":"https:\/\/velipost.com\/#\/schema\/logo\/image\/","url":"https:\/\/velipost.com\/wp-content\/uploads\/2024\/08\/cropped-VP-logo-piti.png","contentUrl":"https:\/\/velipost.com\/wp-content\/uploads\/2024\/08\/cropped-VP-logo-piti.png","width":201,"height":69,"caption":"VeliPost"},"image":{"@id":"https:\/\/velipost.com\/#\/schema\/logo\/image\/"},"sameAs":["https:\/\/www.facebook.com\/veliposthaiti","https:\/\/x.com\/veliposthaiti","https:\/\/www.instagram.com\/veliposthaiti"]},{"@type":"Person","@id":"https:\/\/velipost.com\/#\/schema\/person\/32ff49a53c9c1bb24302ee8ece058096","name":"VeliPost","image":{"@type":"ImageObject","inLanguage":"fr-FR","@id":"https:\/\/velipost.com\/#\/schema\/person\/image\/","url":"https:\/\/secure.gravatar.com\/avatar\/57c226c264de62f794185a89596d4a37b85a5ad20aca30d9d5a478b27d8c8d9d?s=96&d=mm&r=g","contentUrl":"https:\/\/secure.gravatar.com\/avatar\/57c226c264de62f794185a89596d4a37b85a5ad20aca30d9d5a478b27d8c8d9d?s=96&d=mm&r=g","caption":"VeliPost"},"sameAs":["https:\/\/velipost.com"],"url":"https:\/\/velipost.com\/?author=1"}]}},"views":0,"jetpack_publicize_connections":[],"uagb_featured_image_src":{"full":["https:\/\/velipost.com\/wp-content\/uploads\/2025\/12\/fiis-aime-cep.jpg",1436,797,false],"thumbnail":["https:\/\/velipost.com\/wp-content\/uploads\/2025\/12\/fiis-aime-cep-150x150.jpg",150,150,true],"medium":["https:\/\/velipost.com\/wp-content\/uploads\/2025\/12\/fiis-aime-cep-300x167.jpg",300,167,true],"medium_large":["https:\/\/velipost.com\/wp-content\/uploads\/2025\/12\/fiis-aime-cep-768x426.jpg",715,397,true],"large":["https:\/\/velipost.com\/wp-content\/uploads\/2025\/12\/fiis-aime-cep-1024x568.jpg",715,397,true],"1536x1536":["https:\/\/velipost.com\/wp-content\/uploads\/2025\/12\/fiis-aime-cep.jpg",1436,797,false],"2048x2048":["https:\/\/velipost.com\/wp-content\/uploads\/2025\/12\/fiis-aime-cep.jpg",1436,797,false],"colornews-big-slider":["https:\/\/velipost.com\/wp-content\/uploads\/2025\/12\/fiis-aime-cep-1070x470.jpg",1070,470,true],"colornews-big-slider-thumb":["https:\/\/velipost.com\/wp-content\/uploads\/2025\/12\/fiis-aime-cep-184x109.jpg",184,109,true],"colornews-featured-post-medium":["https:\/\/velipost.com\/wp-content\/uploads\/2025\/12\/fiis-aime-cep-345x265.jpg",345,265,true],"colornews-featured-post-small":["https:\/\/velipost.com\/wp-content\/uploads\/2025\/12\/fiis-aime-cep-115x73.jpg",115,73,true],"colornews-random-posts":["https:\/\/velipost.com\/wp-content\/uploads\/2025\/12\/fiis-aime-cep-215x215.jpg",215,215,true],"colornews-featured-image":["https:\/\/velipost.com\/wp-content\/uploads\/2025\/12\/fiis-aime-cep-715x400.jpg",715,400,true],"mailpoet_newsletter_max":["https:\/\/velipost.com\/wp-content\/uploads\/2025\/12\/fiis-aime-cep-1320x733.jpg",1320,733,true]},"uagb_author_info":{"display_name":"VeliPost","author_link":"https:\/\/velipost.com\/?author=1"},"uagb_comment_info":0,"uagb_excerpt":"Le Premier ministre Alix Didier Fils-Aim\u00e9 a effectu\u00e9, le mardi 30 d\u00e9cembre 2025, une visite officielle au Conseil \u00c9lectoral Provisoire (CEP). Cette d\u00e9marche s\u2019inscrit","_links":{"self":[{"href":"https:\/\/velipost.com\/index.php?rest_route=\/wp\/v2\/posts\/5306","targetHints":{"allow":["GET"]}}],"collection":[{"href":"https:\/\/velipost.com\/index.php?rest_route=\/wp\/v2\/posts"}],"about":[{"href":"https:\/\/velipost.com\/index.php?rest_route=\/wp\/v2\/types\/post"}],"author":[{"embeddable":true,"href":"https:\/\/velipost.com\/index.php?rest_route=\/wp\/v2\/users\/1"}],"replies":[{"embeddable":true,"href":"https:\/\/velipost.com\/index.php?rest_route=%2Fwp%2Fv2%2Fcomments&post=5306"}],"version-history":[{"count":1,"href":"https:\/\/velipost.com\/index.php?rest_route=\/wp\/v2\/posts\/5306\/revisions"}],"predecessor-version":[{"id":5308,"href":"https:\/\/velipost.com\/index.php?rest_route=\/wp\/v2\/posts\/5306\/revisions\/5308"}],"wp:featuredmedia":[{"embeddable":true,"href":"https:\/\/velipost.com\/index.php?rest_route=\/wp\/v2\/media\/5307"}],"wp:attachment":[{"href":"https:\/\/velipost.com\/index.php?rest_route=%2Fwp%2Fv2%2Fmedia&parent=5306"}],"wp:term":[{"taxonomy":"category","embeddable":true,"href":"https:\/\/velipost.com\/index.php?rest_route=%2Fwp%2Fv2%2Fcategories&post=5306"},{"taxonomy":"post_tag","embeddable":true,"href":"https:\/\/velipost.com\/index.php?rest_route=%2Fwp%2Fv2%2Ftags&post=5306"}],"curies":[{"name":"wp","href":"https:\/\/api.w.org\/{rel}","templated":true}]}}