{"id":5199,"date":"2025-12-13T02:58:10","date_gmt":"2025-12-13T01:58:10","guid":{"rendered":"https:\/\/velipost.com\/?p=5199"},"modified":"2025-12-13T02:58:12","modified_gmt":"2025-12-13T01:58:12","slug":"le-collectif-du-4-decembre-demande-le-retrait-des-articles-privant-du-droit-de-vote-les-citoyens-sanctionnes-par-lonu","status":"publish","type":"post","link":"https:\/\/velipost.com\/?p=5199","title":{"rendered":"Le Collectif du 4 D\u00e9cembre demande le retrait des articles privant du droit de vote les citoyens sanctionn\u00e9s par l\u2019ONU"},"content":{"rendered":"\n<p>Le 12 d\u00e9cembre 2025, le Collectif du 4 D\u00e9cembre a adress\u00e9 une lettre ouverte au Conseil Pr\u00e9sidentiel de Transition et au Conseil \u00c9lectoral Provisoire pour exprimer son opposition aux articles 52\u20115 et 53\u20117 du d\u00e9cret \u00e9lectoral publi\u00e9 dans Le Moniteur sp\u00e9cial num\u00e9ro 66, le 1er d\u00e9cembre 2025.<\/p>\n\n\n\n<p>Ces articles pr\u00e9voient la perte du droit de vote pour tout citoyen faisant l\u2019objet de sanctions impos\u00e9es par les Nations Unies. Pour le Collectif, cette mesure constitue une \u00ab atteinte directe \u00e0 la souverainet\u00e9 institutionnelle de l\u2019\u00c9tat ha\u00eftien \u00bb et aux garanties constitutionnelles des droits civiques.<\/p>\n\n\n\n<p>Dans sa lettre, l\u2019organisation rappelle que toute limitation ou suspension des droits politiques doit \u00eatre d\u00e9cid\u00e9e exclusivement par les institutions nationales, et ce, uniquement apr\u00e8s une proc\u00e9dure judiciaire r\u00e9guli\u00e8re devant les tribunaux ha\u00eftiens. \u00ab Aucune instance internationale ni autorit\u00e9 \u00e9trang\u00e8re ne peut se substituer aux organes constitutionnels ha\u00eftiens \u00bb, souligne le Collectif.<\/p>\n\n\n\n<p>Le Collectif du 4 D\u00e9cembre demande donc le retrait imm\u00e9diat des articles concern\u00e9s afin de \u00ab pr\u00e9server l\u2019int\u00e9grit\u00e9 du cadre \u00e9lectoral, la dignit\u00e9 nationale et l\u2019autorit\u00e9 des institutions ha\u00eftiennes \u00bb. Selon l\u2019organisation, il revient \u00e0 l\u2019\u00c9tat ha\u00eftien, dans l\u2019exercice de sa souverainet\u00e9, de prendre toute mesure n\u00e9cessaire \u00e0 l\u2019application de la justice pour les auteurs d\u2019atrocit\u00e9s sur le territoire national.<\/p>\n\n\n\n<p>Jean-Robert Argant, coordonnateur g\u00e9n\u00e9ral du Collectif, conclut sa lettre en appelant les autorit\u00e9s de transition au respect des droits fondamentaux et \u00e0 la protection de la souverainet\u00e9 nationale.<\/p>\n\n    <div class=\"xs_social_share_widget xs_share_url after_content \t\tmain_content  wslu-style-3 wslu-share-box-shaped wslu-fill-brand-hover-colored wslu-share-m-5 wslu-none wslu-share-horizontal wslu-theme-font-no wslu-main_content\">\n\n\t\t\n        <ul>\n\t\t\t                    <li class=\"xs-share-li twitter                        wslu-no-extra-data\">\n                        <a href=\"javascript:void(0);\"\n                           id=\"xs_feed_twitter\"\n                           onclick=\"xs_social_sharer(this);\"\n                           data-pid=\"5199\"\n                           data-uri_hash=\"3fed2806c89d51606cbfcfa6d818287e\"\n                           data-key=\"twitter\"\n                           data-xs-href=\"https:\/\/twitter.com\/intent\/tweet?text=Le+Collectif+du+4+D%C3%A9cembre+demande+le+retrait+des+articles+privant+du+droit+de+vote+les+citoyens+sanctionn%C3%A9s+par+l%E2%80%99ONU+https%3A%2F%2Fvelipost.com%2Findex.php%3Frest_route%3D%252Fwp%252Fv2%252Fposts%252F5199&amp;original_referer=https%3A%2F%2Fvelipost.com%2Findex.php%3Frest_route%3D%252Fwp%252Fv2%252Fposts%252F5199&amp;related=xpeedstudio\">\n\n                            <div class=\"xs-social-icon\">\n                                <span class=\"met-social met-social-twitter\"><\/span>\n                            <\/div>\n\n\t\t\t\t\t\t\t\n                            <div class=\"wslu-hover-content\">\n                                <div class=\"xs-social-followers\">\n\t\t\t\t\t\t\t\t\t10                                <\/div>\n                                <div class=\"xs-social-follower-text\">\n\t\t\t\t\t\t\t\t\tShare                                <\/div>\n                                <div class=\"xs-social-follower-label\">\n\t\t\t\t\t\t\t\t\tTwitter                                <\/div>\n                            <\/div>\n                        <\/a>\n                    <\/li>\n\t\t\t\t\t                    <li class=\"xs-share-li telegram                        wslu-no-extra-data\">\n                        <a href=\"javascript:void(0);\"\n                           id=\"xs_feed_telegram\"\n                           onclick=\"xs_social_sharer(this);\"\n                           data-pid=\"5199\"\n                           data-uri_hash=\"3fed2806c89d51606cbfcfa6d818287e\"\n                           data-key=\"telegram\"\n                           data-xs-href=\"https:\/\/telegram.me\/share\/url?url=https%3A%2F%2Fvelipost.com%2Findex.php%3Frest_route%3D%252Fwp%252Fv2%252Fposts%252F5199&amp;text=Le+Collectif+du+4+D%C3%A9cembre+demande+le+retrait+des+articles+privant+du+droit+de+vote+les+citoyens+sanctionn%C3%A9s+par+l%E2%80%99ONU\">\n\n                            <div class=\"xs-social-icon\">\n                                <span class=\"met-social met-social-telegram\"><\/span>\n                            <\/div>\n\n\t\t\t\t\t\t\t\n                            <div class=\"wslu-hover-content\">\n                                <div class=\"xs-social-followers\">\n\t\t\t\t\t\t\t\t\t0                                <\/div>\n                                <div class=\"xs-social-follower-text\">\n\t\t\t\t\t\t\t\t\tShare                                <\/div>\n                                <div class=\"xs-social-follower-label\">\n\t\t\t\t\t\t\t\t\tTelegram                                <\/div>\n                            <\/div>\n                        <\/a>\n                    <\/li>\n\t\t\t\t\t                    <li class=\"xs-share-li email                        wslu-no-extra-data\">\n                        <a href=\"javascript:void(0);\"\n                           id=\"xs_feed_email\"\n                           onclick=\"xs_social_sharer(this);\"\n                           data-pid=\"5199\"\n                           data-uri_hash=\"3fed2806c89d51606cbfcfa6d818287e\"\n                           data-key=\"email\"\n                           data-xs-href=\"mailto:?body=Title%3A+Le+Collectif+du+4+D%C3%A9cembre+demande+le+retrait+des+articles+privant+du+droit+de+vote+les+citoyens+sanctionn%C3%A9s+par+l%E2%80%99ONU+%5Cn%5Cn+URL%3A+https%3A%2F%2Fvelipost.com%2Findex.php%3Frest_route%3D%252Fwp%252Fv2%252Fposts%252F5199&amp;subject=Le+Collectif+du+4+D%C3%A9cembre+demande+le+retrait+des+articles+privant+du+droit+de+vote+les+citoyens+sanctionn%C3%A9s+par+l%E2%80%99ONU\">\n\n                            <div class=\"xs-social-icon\">\n                                <span class=\"met-social met-social-email\"><\/span>\n                            <\/div>\n\n\t\t\t\t\t\t\t\n                            <div class=\"wslu-hover-content\">\n                                <div class=\"xs-social-followers\">\n\t\t\t\t\t\t\t\t\t0                                <\/div>\n                                <div class=\"xs-social-follower-text\">\n\t\t\t\t\t\t\t\t\tShare                                <\/div>\n                                <div class=\"xs-social-follower-label\">\n\t\t\t\t\t\t\t\t\tEmail                                <\/div>\n                            <\/div>\n                        <\/a>\n                    <\/li>\n\t\t\t\t\t        <\/ul>\n    <\/div> \n","protected":false},"excerpt":{"rendered":"<p>Le 12 d\u00e9cembre 2025, le Collectif du 4 D\u00e9cembre a adress\u00e9 une lettre ouverte au Conseil Pr\u00e9sidentiel de Transition et au Conseil \u00c9lectoral Provisoire<\/p>\n","protected":false},"author":1,"featured_media":4758,"comment_status":"open","ping_status":"open","sticky":false,"template":"","format":"standard","meta":{"_uag_custom_page_level_css":"","footnotes":"","jetpack_publicize_message":"","jetpack_publicize_feature_enabled":true,"jetpack_social_post_already_shared":true,"jetpack_social_options":{"image_generator_settings":{"template":"highway","default_image_id":0,"font":"","enabled":false},"version":2}},"categories":[257],"tags":[],"class_list":["post-5199","post","type-post","status-publish","format-standard","has-post-thumbnail","hentry","category-elections-haitienne"],"yoast_head":"<!-- This site is optimized with the Yoast SEO plugin v25.3.1 - https:\/\/yoast.com\/wordpress\/plugins\/seo\/ -->\n<title>Le Collectif du 4 D\u00e9cembre demande le retrait des articles privant du droit de vote les citoyens sanctionn\u00e9s par l\u2019ONU &#8211; VeliPost<\/title>\n<meta name=\"robots\" content=\"index, follow, max-snippet:-1, max-image-preview:large, max-video-preview:-1\" \/>\n<link rel=\"canonical\" href=\"https:\/\/velipost.com\/?p=5199\" \/>\n<meta property=\"og:locale\" content=\"fr_FR\" \/>\n<meta property=\"og:type\" content=\"article\" \/>\n<meta property=\"og:title\" content=\"Le Collectif du 4 D\u00e9cembre demande le retrait des articles privant du droit de vote les citoyens sanctionn\u00e9s par l\u2019ONU &#8211; VeliPost\" \/>\n<meta property=\"og:description\" content=\"Le 12 d\u00e9cembre 2025, le Collectif du 4 D\u00e9cembre a adress\u00e9 une lettre ouverte au Conseil Pr\u00e9sidentiel de Transition et au Conseil \u00c9lectoral Provisoire\" \/>\n<meta property=\"og:url\" content=\"https:\/\/velipost.com\/?p=5199\" \/>\n<meta property=\"og:site_name\" content=\"VeliPost\" \/>\n<meta property=\"article:publisher\" content=\"https:\/\/www.facebook.com\/veliposthaiti\" \/>\n<meta property=\"article:published_time\" content=\"2025-12-13T01:58:10+00:00\" \/>\n<meta property=\"article:modified_time\" content=\"2025-12-13T01:58:12+00:00\" \/>\n<meta property=\"og:image\" content=\"https:\/\/velipost.com\/wp-content\/uploads\/2025\/10\/decret-electoral.jpg\" \/>\n\t<meta property=\"og:image:width\" content=\"1170\" \/>\n\t<meta property=\"og:image:height\" content=\"603\" \/>\n\t<meta property=\"og:image:type\" content=\"image\/jpeg\" \/>\n<meta name=\"author\" content=\"VeliPost\" \/>\n<meta name=\"twitter:card\" content=\"summary_large_image\" \/>\n<meta name=\"twitter:creator\" content=\"@veliposthaiti\" \/>\n<meta name=\"twitter:site\" content=\"@veliposthaiti\" \/>\n<meta name=\"twitter:label1\" content=\"\u00c9crit par\" \/>\n\t<meta name=\"twitter:data1\" content=\"VeliPost\" \/>\n\t<meta name=\"twitter:label2\" content=\"Dur\u00e9e de lecture estim\u00e9e\" \/>\n\t<meta name=\"twitter:data2\" content=\"2 minutes\" \/>\n<script type=\"application\/ld+json\" class=\"yoast-schema-graph\">{\"@context\":\"https:\/\/schema.org\",\"@graph\":[{\"@type\":\"Article\",\"@id\":\"https:\/\/velipost.com\/?p=5199#article\",\"isPartOf\":{\"@id\":\"https:\/\/velipost.com\/?p=5199\"},\"author\":{\"name\":\"VeliPost\",\"@id\":\"https:\/\/velipost.com\/#\/schema\/person\/32ff49a53c9c1bb24302ee8ece058096\"},\"headline\":\"Le Collectif du 4 D\u00e9cembre demande le retrait des articles privant du droit de vote les citoyens sanctionn\u00e9s par l\u2019ONU\",\"datePublished\":\"2025-12-13T01:58:10+00:00\",\"dateModified\":\"2025-12-13T01:58:12+00:00\",\"mainEntityOfPage\":{\"@id\":\"https:\/\/velipost.com\/?p=5199\"},\"wordCount\":278,\"commentCount\":0,\"publisher\":{\"@id\":\"https:\/\/velipost.com\/#organization\"},\"image\":{\"@id\":\"https:\/\/velipost.com\/?p=5199#primaryimage\"},\"thumbnailUrl\":\"https:\/\/velipost.com\/wp-content\/uploads\/2025\/10\/decret-electoral.jpg\",\"articleSection\":[\"\u00c9lections Ha\u00eftienne\"],\"inLanguage\":\"fr-FR\",\"potentialAction\":[{\"@type\":\"CommentAction\",\"name\":\"Comment\",\"target\":[\"https:\/\/velipost.com\/?p=5199#respond\"]}]},{\"@type\":\"WebPage\",\"@id\":\"https:\/\/velipost.com\/?p=5199\",\"url\":\"https:\/\/velipost.com\/?p=5199\",\"name\":\"Le Collectif du 4 D\u00e9cembre demande le retrait des articles privant du droit de vote les citoyens sanctionn\u00e9s par l\u2019ONU &#8211; VeliPost\",\"isPartOf\":{\"@id\":\"https:\/\/velipost.com\/#website\"},\"primaryImageOfPage\":{\"@id\":\"https:\/\/velipost.com\/?p=5199#primaryimage\"},\"image\":{\"@id\":\"https:\/\/velipost.com\/?p=5199#primaryimage\"},\"thumbnailUrl\":\"https:\/\/velipost.com\/wp-content\/uploads\/2025\/10\/decret-electoral.jpg\",\"datePublished\":\"2025-12-13T01:58:10+00:00\",\"dateModified\":\"2025-12-13T01:58:12+00:00\",\"breadcrumb\":{\"@id\":\"https:\/\/velipost.com\/?p=5199#breadcrumb\"},\"inLanguage\":\"fr-FR\",\"potentialAction\":[{\"@type\":\"ReadAction\",\"target\":[\"https:\/\/velipost.com\/?p=5199\"]}]},{\"@type\":\"ImageObject\",\"inLanguage\":\"fr-FR\",\"@id\":\"https:\/\/velipost.com\/?p=5199#primaryimage\",\"url\":\"https:\/\/velipost.com\/wp-content\/uploads\/2025\/10\/decret-electoral.jpg\",\"contentUrl\":\"https:\/\/velipost.com\/wp-content\/uploads\/2025\/10\/decret-electoral.jpg\",\"width\":1170,\"height\":603},{\"@type\":\"BreadcrumbList\",\"@id\":\"https:\/\/velipost.com\/?p=5199#breadcrumb\",\"itemListElement\":[{\"@type\":\"ListItem\",\"position\":1,\"name\":\"Accueil\",\"item\":\"https:\/\/velipost.com\/\"},{\"@type\":\"ListItem\",\"position\":2,\"name\":\"Le Collectif du 4 D\u00e9cembre demande le retrait des articles privant du droit de vote les citoyens sanctionn\u00e9s par l\u2019ONU\"}]},{\"@type\":\"WebSite\",\"@id\":\"https:\/\/velipost.com\/#website\",\"url\":\"https:\/\/velipost.com\/\",\"name\":\"VeliPost\",\"description\":\"L\u2019info en un clic\",\"publisher\":{\"@id\":\"https:\/\/velipost.com\/#organization\"},\"potentialAction\":[{\"@type\":\"SearchAction\",\"target\":{\"@type\":\"EntryPoint\",\"urlTemplate\":\"https:\/\/velipost.com\/?s={search_term_string}\"},\"query-input\":{\"@type\":\"PropertyValueSpecification\",\"valueRequired\":true,\"valueName\":\"search_term_string\"}}],\"inLanguage\":\"fr-FR\"},{\"@type\":\"Organization\",\"@id\":\"https:\/\/velipost.com\/#organization\",\"name\":\"VeliPost\",\"url\":\"https:\/\/velipost.com\/\",\"logo\":{\"@type\":\"ImageObject\",\"inLanguage\":\"fr-FR\",\"@id\":\"https:\/\/velipost.com\/#\/schema\/logo\/image\/\",\"url\":\"https:\/\/velipost.com\/wp-content\/uploads\/2024\/08\/cropped-VP-logo-piti.png\",\"contentUrl\":\"https:\/\/velipost.com\/wp-content\/uploads\/2024\/08\/cropped-VP-logo-piti.png\",\"width\":201,\"height\":69,\"caption\":\"VeliPost\"},\"image\":{\"@id\":\"https:\/\/velipost.com\/#\/schema\/logo\/image\/\"},\"sameAs\":[\"https:\/\/www.facebook.com\/veliposthaiti\",\"https:\/\/x.com\/veliposthaiti\",\"https:\/\/www.instagram.com\/veliposthaiti\"]},{\"@type\":\"Person\",\"@id\":\"https:\/\/velipost.com\/#\/schema\/person\/32ff49a53c9c1bb24302ee8ece058096\",\"name\":\"VeliPost\",\"image\":{\"@type\":\"ImageObject\",\"inLanguage\":\"fr-FR\",\"@id\":\"https:\/\/velipost.com\/#\/schema\/person\/image\/\",\"url\":\"https:\/\/secure.gravatar.com\/avatar\/57c226c264de62f794185a89596d4a37b85a5ad20aca30d9d5a478b27d8c8d9d?s=96&d=mm&r=g\",\"contentUrl\":\"https:\/\/secure.gravatar.com\/avatar\/57c226c264de62f794185a89596d4a37b85a5ad20aca30d9d5a478b27d8c8d9d?s=96&d=mm&r=g\",\"caption\":\"VeliPost\"},\"sameAs\":[\"https:\/\/velipost.com\"],\"url\":\"https:\/\/velipost.com\/?author=1\"}]}<\/script>\n<!-- \/ Yoast SEO plugin. -->","yoast_head_json":{"title":"Le Collectif du 4 D\u00e9cembre demande le retrait des articles privant du droit de vote les citoyens sanctionn\u00e9s par l\u2019ONU &#8211; VeliPost","robots":{"index":"index","follow":"follow","max-snippet":"max-snippet:-1","max-image-preview":"max-image-preview:large","max-video-preview":"max-video-preview:-1"},"canonical":"https:\/\/velipost.com\/?p=5199","og_locale":"fr_FR","og_type":"article","og_title":"Le Collectif du 4 D\u00e9cembre demande le retrait des articles privant du droit de vote les citoyens sanctionn\u00e9s par l\u2019ONU &#8211; VeliPost","og_description":"Le 12 d\u00e9cembre 2025, le Collectif du 4 D\u00e9cembre a adress\u00e9 une lettre ouverte au Conseil Pr\u00e9sidentiel de Transition et au Conseil \u00c9lectoral Provisoire","og_url":"https:\/\/velipost.com\/?p=5199","og_site_name":"VeliPost","article_publisher":"https:\/\/www.facebook.com\/veliposthaiti","article_published_time":"2025-12-13T01:58:10+00:00","article_modified_time":"2025-12-13T01:58:12+00:00","og_image":[{"width":1170,"height":603,"url":"https:\/\/velipost.com\/wp-content\/uploads\/2025\/10\/decret-electoral.jpg","type":"image\/jpeg"}],"author":"VeliPost","twitter_card":"summary_large_image","twitter_creator":"@veliposthaiti","twitter_site":"@veliposthaiti","twitter_misc":{"\u00c9crit par":"VeliPost","Dur\u00e9e de lecture estim\u00e9e":"2 minutes"},"schema":{"@context":"https:\/\/schema.org","@graph":[{"@type":"Article","@id":"https:\/\/velipost.com\/?p=5199#article","isPartOf":{"@id":"https:\/\/velipost.com\/?p=5199"},"author":{"name":"VeliPost","@id":"https:\/\/velipost.com\/#\/schema\/person\/32ff49a53c9c1bb24302ee8ece058096"},"headline":"Le Collectif du 4 D\u00e9cembre demande le retrait des articles privant du droit de vote les citoyens sanctionn\u00e9s par l\u2019ONU","datePublished":"2025-12-13T01:58:10+00:00","dateModified":"2025-12-13T01:58:12+00:00","mainEntityOfPage":{"@id":"https:\/\/velipost.com\/?p=5199"},"wordCount":278,"commentCount":0,"publisher":{"@id":"https:\/\/velipost.com\/#organization"},"image":{"@id":"https:\/\/velipost.com\/?p=5199#primaryimage"},"thumbnailUrl":"https:\/\/velipost.com\/wp-content\/uploads\/2025\/10\/decret-electoral.jpg","articleSection":["\u00c9lections Ha\u00eftienne"],"inLanguage":"fr-FR","potentialAction":[{"@type":"CommentAction","name":"Comment","target":["https:\/\/velipost.com\/?p=5199#respond"]}]},{"@type":"WebPage","@id":"https:\/\/velipost.com\/?p=5199","url":"https:\/\/velipost.com\/?p=5199","name":"Le Collectif du 4 D\u00e9cembre demande le retrait des articles privant du droit de vote les citoyens sanctionn\u00e9s par l\u2019ONU &#8211; VeliPost","isPartOf":{"@id":"https:\/\/velipost.com\/#website"},"primaryImageOfPage":{"@id":"https:\/\/velipost.com\/?p=5199#primaryimage"},"image":{"@id":"https:\/\/velipost.com\/?p=5199#primaryimage"},"thumbnailUrl":"https:\/\/velipost.com\/wp-content\/uploads\/2025\/10\/decret-electoral.jpg","datePublished":"2025-12-13T01:58:10+00:00","dateModified":"2025-12-13T01:58:12+00:00","breadcrumb":{"@id":"https:\/\/velipost.com\/?p=5199#breadcrumb"},"inLanguage":"fr-FR","potentialAction":[{"@type":"ReadAction","target":["https:\/\/velipost.com\/?p=5199"]}]},{"@type":"ImageObject","inLanguage":"fr-FR","@id":"https:\/\/velipost.com\/?p=5199#primaryimage","url":"https:\/\/velipost.com\/wp-content\/uploads\/2025\/10\/decret-electoral.jpg","contentUrl":"https:\/\/velipost.com\/wp-content\/uploads\/2025\/10\/decret-electoral.jpg","width":1170,"height":603},{"@type":"BreadcrumbList","@id":"https:\/\/velipost.com\/?p=5199#breadcrumb","itemListElement":[{"@type":"ListItem","position":1,"name":"Accueil","item":"https:\/\/velipost.com\/"},{"@type":"ListItem","position":2,"name":"Le Collectif du 4 D\u00e9cembre demande le retrait des articles privant du droit de vote les citoyens sanctionn\u00e9s par l\u2019ONU"}]},{"@type":"WebSite","@id":"https:\/\/velipost.com\/#website","url":"https:\/\/velipost.com\/","name":"VeliPost","description":"L\u2019info en un clic","publisher":{"@id":"https:\/\/velipost.com\/#organization"},"potentialAction":[{"@type":"SearchAction","target":{"@type":"EntryPoint","urlTemplate":"https:\/\/velipost.com\/?s={search_term_string}"},"query-input":{"@type":"PropertyValueSpecification","valueRequired":true,"valueName":"search_term_string"}}],"inLanguage":"fr-FR"},{"@type":"Organization","@id":"https:\/\/velipost.com\/#organization","name":"VeliPost","url":"https:\/\/velipost.com\/","logo":{"@type":"ImageObject","inLanguage":"fr-FR","@id":"https:\/\/velipost.com\/#\/schema\/logo\/image\/","url":"https:\/\/velipost.com\/wp-content\/uploads\/2024\/08\/cropped-VP-logo-piti.png","contentUrl":"https:\/\/velipost.com\/wp-content\/uploads\/2024\/08\/cropped-VP-logo-piti.png","width":201,"height":69,"caption":"VeliPost"},"image":{"@id":"https:\/\/velipost.com\/#\/schema\/logo\/image\/"},"sameAs":["https:\/\/www.facebook.com\/veliposthaiti","https:\/\/x.com\/veliposthaiti","https:\/\/www.instagram.com\/veliposthaiti"]},{"@type":"Person","@id":"https:\/\/velipost.com\/#\/schema\/person\/32ff49a53c9c1bb24302ee8ece058096","name":"VeliPost","image":{"@type":"ImageObject","inLanguage":"fr-FR","@id":"https:\/\/velipost.com\/#\/schema\/person\/image\/","url":"https:\/\/secure.gravatar.com\/avatar\/57c226c264de62f794185a89596d4a37b85a5ad20aca30d9d5a478b27d8c8d9d?s=96&d=mm&r=g","contentUrl":"https:\/\/secure.gravatar.com\/avatar\/57c226c264de62f794185a89596d4a37b85a5ad20aca30d9d5a478b27d8c8d9d?s=96&d=mm&r=g","caption":"VeliPost"},"sameAs":["https:\/\/velipost.com"],"url":"https:\/\/velipost.com\/?author=1"}]}},"views":0,"jetpack_publicize_connections":[],"uagb_featured_image_src":{"full":["https:\/\/velipost.com\/wp-content\/uploads\/2025\/10\/decret-electoral.jpg",1170,603,false],"thumbnail":["https:\/\/velipost.com\/wp-content\/uploads\/2025\/10\/decret-electoral-150x150.jpg",150,150,true],"medium":["https:\/\/velipost.com\/wp-content\/uploads\/2025\/10\/decret-electoral-300x155.jpg",300,155,true],"medium_large":["https:\/\/velipost.com\/wp-content\/uploads\/2025\/10\/decret-electoral-768x396.jpg",715,369,true],"large":["https:\/\/velipost.com\/wp-content\/uploads\/2025\/10\/decret-electoral-1024x528.jpg",715,369,true],"1536x1536":["https:\/\/velipost.com\/wp-content\/uploads\/2025\/10\/decret-electoral.jpg",1170,603,false],"2048x2048":["https:\/\/velipost.com\/wp-content\/uploads\/2025\/10\/decret-electoral.jpg",1170,603,false],"colornews-big-slider":["https:\/\/velipost.com\/wp-content\/uploads\/2025\/10\/decret-electoral-1070x470.jpg",1070,470,true],"colornews-big-slider-thumb":["https:\/\/velipost.com\/wp-content\/uploads\/2025\/10\/decret-electoral-184x109.jpg",184,109,true],"colornews-featured-post-medium":["https:\/\/velipost.com\/wp-content\/uploads\/2025\/10\/decret-electoral-345x265.jpg",345,265,true],"colornews-featured-post-small":["https:\/\/velipost.com\/wp-content\/uploads\/2025\/10\/decret-electoral-115x73.jpg",115,73,true],"colornews-random-posts":["https:\/\/velipost.com\/wp-content\/uploads\/2025\/10\/decret-electoral-215x215.jpg",215,215,true],"colornews-featured-image":["https:\/\/velipost.com\/wp-content\/uploads\/2025\/10\/decret-electoral-715x400.jpg",715,400,true],"mailpoet_newsletter_max":["https:\/\/velipost.com\/wp-content\/uploads\/2025\/10\/decret-electoral.jpg",1170,603,false]},"uagb_author_info":{"display_name":"VeliPost","author_link":"https:\/\/velipost.com\/?author=1"},"uagb_comment_info":0,"uagb_excerpt":"Le 12 d\u00e9cembre 2025, le Collectif du 4 D\u00e9cembre a adress\u00e9 une lettre ouverte au Conseil Pr\u00e9sidentiel de Transition et au Conseil \u00c9lectoral Provisoire","_links":{"self":[{"href":"https:\/\/velipost.com\/index.php?rest_route=\/wp\/v2\/posts\/5199","targetHints":{"allow":["GET"]}}],"collection":[{"href":"https:\/\/velipost.com\/index.php?rest_route=\/wp\/v2\/posts"}],"about":[{"href":"https:\/\/velipost.com\/index.php?rest_route=\/wp\/v2\/types\/post"}],"author":[{"embeddable":true,"href":"https:\/\/velipost.com\/index.php?rest_route=\/wp\/v2\/users\/1"}],"replies":[{"embeddable":true,"href":"https:\/\/velipost.com\/index.php?rest_route=%2Fwp%2Fv2%2Fcomments&post=5199"}],"version-history":[{"count":1,"href":"https:\/\/velipost.com\/index.php?rest_route=\/wp\/v2\/posts\/5199\/revisions"}],"predecessor-version":[{"id":5200,"href":"https:\/\/velipost.com\/index.php?rest_route=\/wp\/v2\/posts\/5199\/revisions\/5200"}],"wp:featuredmedia":[{"embeddable":true,"href":"https:\/\/velipost.com\/index.php?rest_route=\/wp\/v2\/media\/4758"}],"wp:attachment":[{"href":"https:\/\/velipost.com\/index.php?rest_route=%2Fwp%2Fv2%2Fmedia&parent=5199"}],"wp:term":[{"taxonomy":"category","embeddable":true,"href":"https:\/\/velipost.com\/index.php?rest_route=%2Fwp%2Fv2%2Fcategories&post=5199"},{"taxonomy":"post_tag","embeddable":true,"href":"https:\/\/velipost.com\/index.php?rest_route=%2Fwp%2Fv2%2Ftags&post=5199"}],"curies":[{"name":"wp","href":"https:\/\/api.w.org\/{rel}","templated":true}]}}