{"id":5184,"date":"2025-12-12T01:40:21","date_gmt":"2025-12-12T00:40:21","guid":{"rendered":"https:\/\/velipost.com\/?p=5184"},"modified":"2025-12-12T01:40:24","modified_gmt":"2025-12-12T00:40:24","slug":"un-incendie-devaste-le-marche-dumornay-et-plonge-les-commercants-dans-lincertitude-a-quelques-semaines-des-fetes","status":"publish","type":"post","link":"https:\/\/velipost.com\/?p=5184","title":{"rendered":"Un incendie d\u00e9vaste le march\u00e9 Dumornay et plonge les commer\u00e7ants dans l\u2019incertitude \u00e0 quelques semaines des f\u00eates"},"content":{"rendered":"\n<p>Un violent incendie a ravag\u00e9 dans la nuit du 10 au 11 d\u00e9cembre 2025 le march\u00e9 Dumornay, situ\u00e9 \u00e0 Carrefour-Feuilles. \u00c0 l\u2019approche des f\u00eates de fin d\u2019ann\u00e9e, les commer\u00e7ants se retrouvent d\u00e9munis face \u00e0 l\u2019ampleur des d\u00e9g\u00e2ts.<\/p>\n\n\n\n<p>Au petit matin, le site n\u2019\u00e9tait plus qu\u2019un tapis de cendres et de d\u00e9bris calcin\u00e9s s\u2019\u00e9tendant sur plusieurs dizaines de m\u00e8tres. La majorit\u00e9 des petites installations faites de t\u00f4les, de bois et de b\u00e2ches ont \u00e9t\u00e9 compl\u00e8tement consum\u00e9es. Les rares d\u00e9p\u00f4ts en b\u00e9ton encore debout portent eux aussi les marques du sinistre : la chaleur a d\u00e9truit la plupart des marchandises qu\u2019ils contenaient.<\/p>\n\n\n\n<p>Produits alimentaires, v\u00eatements, articles cosm\u00e9tiques\u2026 \u00ab Le feu a tout pris \u00bb, raconte une commer\u00e7ante qui tenait un petit restaurant sous b\u00e2che. Devant ce qui reste de son emplacement, elle tente de montrer ce qui fut son gagne-pain. \u00ab Je n\u2019ai rien pu sauver, m\u00eame mes marmites ont br\u00fbl\u00e9 \u00bb, dit-elle, les yeux rougis.<\/p>\n\n\n\n<p>Les sc\u00e8nes de d\u00e9tresse se multiplient sur l\u2019ensemble du site. Larmes, cris, effondrements : les victimes de l\u2019incendie peinent \u00e0 r\u00e9aliser l\u2019ampleur des pertes. Certaines r\u00e9clament l\u2019intervention de l\u2019\u00c9tat. D\u2019autres, d\u00e9courag\u00e9es, n\u2019attendent plus rien. \u00ab Ce n\u2019est pas la premi\u00e8re fois qu\u2019un march\u00e9 br\u00fble. Ils ne vont rien faire pour nous \u00bb, l\u00e2che une commer\u00e7ante en sanglots.<\/p>\n\n\n\n<p>Selon le t\u00e9moignage d\u2019une habitante du quartier, \u00e9galement vendeuse au march\u00e9, l\u2019incendie a d\u00e9but\u00e9 avant 22 heures. Les pompiers seraient arriv\u00e9s rapidement mais n\u2019auraient pas pu intervenir efficacement. \u00ab Les all\u00e9es sont trop \u00e9troites. Ils n\u2019ont pas pu faire entrer les camions \u00bb, explique-t-elle. Les sapeurs-pompiers rencontr\u00e9s sur place, encore \u00e0 pied d\u2019\u0153uvre, ont refus\u00e9 de commenter.<\/p>\n\n\n\n<p>Quelques stands ont \u00e9chapp\u00e9 aux flammes. Leurs propri\u00e9taires, soulag\u00e9s, s\u2019empressent de r\u00e9cup\u00e9rer leurs marchandises, craignant des actes de pillage dans le d\u00e9sordre ambiant.<\/p>\n\n\n\n<p>Le sinistre frappe les commer\u00e7ants \u00e0 un moment crucial. La p\u00e9riode des f\u00eates repr\u00e9sente, pour beaucoup, la principale source de revenus de l\u2019ann\u00e9e. D\u00e9j\u00e0 confront\u00e9s \u00e0 une \u00e9conomie fragile, les sinistr\u00e9s ne savent pas comment se relever. Pour certains, ce march\u00e9 \u00e9tait leur seul moyen de subsistance.<\/p>\n\n\n\n<p>VeliPost<\/p>\n\n\n\n<p><\/p>\n\n    <div class=\"xs_social_share_widget xs_share_url after_content \t\tmain_content  wslu-style-3 wslu-share-box-shaped wslu-fill-brand-hover-colored wslu-share-m-5 wslu-none wslu-share-horizontal wslu-theme-font-no wslu-main_content\">\n\n\t\t\n        <ul>\n\t\t\t                    <li class=\"xs-share-li twitter                        wslu-no-extra-data\">\n                        <a href=\"javascript:void(0);\"\n                           id=\"xs_feed_twitter\"\n                           onclick=\"xs_social_sharer(this);\"\n                           data-pid=\"5184\"\n                           data-uri_hash=\"ccae080fec61af75c00aebf0d20fa039\"\n                           data-key=\"twitter\"\n                           data-xs-href=\"https:\/\/twitter.com\/intent\/tweet?text=Un+incendie+d%C3%A9vaste+le+march%C3%A9+Dumornay+et+plonge+les+commer%C3%A7ants+dans+l%E2%80%99incertitude+%C3%A0+quelques+semaines+des+f%C3%AAtes+https%3A%2F%2Fvelipost.com%2Findex.php%3Frest_route%3D%252Fwp%252Fv2%252Fposts%252F5184&amp;original_referer=https%3A%2F%2Fvelipost.com%2Findex.php%3Frest_route%3D%252Fwp%252Fv2%252Fposts%252F5184&amp;related=xpeedstudio\">\n\n                            <div class=\"xs-social-icon\">\n                                <span class=\"met-social met-social-twitter\"><\/span>\n                            <\/div>\n\n\t\t\t\t\t\t\t\n                            <div class=\"wslu-hover-content\">\n                                <div class=\"xs-social-followers\">\n\t\t\t\t\t\t\t\t\t10                                <\/div>\n                                <div class=\"xs-social-follower-text\">\n\t\t\t\t\t\t\t\t\tShare                                <\/div>\n                                <div class=\"xs-social-follower-label\">\n\t\t\t\t\t\t\t\t\tTwitter                                <\/div>\n                            <\/div>\n                        <\/a>\n                    <\/li>\n\t\t\t\t\t                    <li class=\"xs-share-li telegram                        wslu-no-extra-data\">\n                        <a href=\"javascript:void(0);\"\n                           id=\"xs_feed_telegram\"\n                           onclick=\"xs_social_sharer(this);\"\n                           data-pid=\"5184\"\n                           data-uri_hash=\"ccae080fec61af75c00aebf0d20fa039\"\n                           data-key=\"telegram\"\n                           data-xs-href=\"https:\/\/telegram.me\/share\/url?url=https%3A%2F%2Fvelipost.com%2Findex.php%3Frest_route%3D%252Fwp%252Fv2%252Fposts%252F5184&amp;text=Un+incendie+d%C3%A9vaste+le+march%C3%A9+Dumornay+et+plonge+les+commer%C3%A7ants+dans+l%E2%80%99incertitude+%C3%A0+quelques+semaines+des+f%C3%AAtes\">\n\n                            <div class=\"xs-social-icon\">\n                                <span class=\"met-social met-social-telegram\"><\/span>\n                            <\/div>\n\n\t\t\t\t\t\t\t\n                            <div class=\"wslu-hover-content\">\n                                <div class=\"xs-social-followers\">\n\t\t\t\t\t\t\t\t\t0                                <\/div>\n                                <div class=\"xs-social-follower-text\">\n\t\t\t\t\t\t\t\t\tShare                                <\/div>\n                                <div class=\"xs-social-follower-label\">\n\t\t\t\t\t\t\t\t\tTelegram                                <\/div>\n                            <\/div>\n                        <\/a>\n                    <\/li>\n\t\t\t\t\t                    <li class=\"xs-share-li email                        wslu-no-extra-data\">\n                        <a href=\"javascript:void(0);\"\n                           id=\"xs_feed_email\"\n                           onclick=\"xs_social_sharer(this);\"\n                           data-pid=\"5184\"\n                           data-uri_hash=\"ccae080fec61af75c00aebf0d20fa039\"\n                           data-key=\"email\"\n                           data-xs-href=\"mailto:?body=Title%3A+Un+incendie+d%C3%A9vaste+le+march%C3%A9+Dumornay+et+plonge+les+commer%C3%A7ants+dans+l%E2%80%99incertitude+%C3%A0+quelques+semaines+des+f%C3%AAtes+%5Cn%5Cn+URL%3A+https%3A%2F%2Fvelipost.com%2Findex.php%3Frest_route%3D%252Fwp%252Fv2%252Fposts%252F5184&amp;subject=Un+incendie+d%C3%A9vaste+le+march%C3%A9+Dumornay+et+plonge+les+commer%C3%A7ants+dans+l%E2%80%99incertitude+%C3%A0+quelques+semaines+des+f%C3%AAtes\">\n\n                            <div class=\"xs-social-icon\">\n                                <span class=\"met-social met-social-email\"><\/span>\n                            <\/div>\n\n\t\t\t\t\t\t\t\n                            <div class=\"wslu-hover-content\">\n                                <div class=\"xs-social-followers\">\n\t\t\t\t\t\t\t\t\t0                                <\/div>\n                                <div class=\"xs-social-follower-text\">\n\t\t\t\t\t\t\t\t\tShare                                <\/div>\n                                <div class=\"xs-social-follower-label\">\n\t\t\t\t\t\t\t\t\tEmail                                <\/div>\n                            <\/div>\n                        <\/a>\n                    <\/li>\n\t\t\t\t\t        <\/ul>\n    <\/div> \n","protected":false},"excerpt":{"rendered":"<p>Un violent incendie a ravag\u00e9 dans la nuit du 10 au 11 d\u00e9cembre 2025 le march\u00e9 Dumornay, situ\u00e9 \u00e0 Carrefour-Feuilles. \u00c0 l\u2019approche des f\u00eates<\/p>\n","protected":false},"author":1,"featured_media":5185,"comment_status":"open","ping_status":"open","sticky":false,"template":"","format":"standard","meta":{"_uag_custom_page_level_css":"","footnotes":"","jetpack_publicize_message":"","jetpack_publicize_feature_enabled":true,"jetpack_social_post_already_shared":true,"jetpack_social_options":{"image_generator_settings":{"template":"highway","default_image_id":0,"font":"","enabled":false},"version":2}},"categories":[94],"tags":[],"class_list":["post-5184","post","type-post","status-publish","format-standard","has-post-thumbnail","hentry","category-a-la-une"],"yoast_head":"<!-- This site is optimized with the Yoast SEO plugin v25.3.1 - https:\/\/yoast.com\/wordpress\/plugins\/seo\/ -->\n<title>Un incendie d\u00e9vaste le march\u00e9 Dumornay et plonge les commer\u00e7ants dans l\u2019incertitude \u00e0 quelques semaines des f\u00eates &#8211; VeliPost<\/title>\n<meta name=\"robots\" content=\"index, follow, max-snippet:-1, max-image-preview:large, max-video-preview:-1\" \/>\n<link rel=\"canonical\" href=\"https:\/\/velipost.com\/?p=5184\" \/>\n<meta property=\"og:locale\" content=\"fr_FR\" \/>\n<meta property=\"og:type\" content=\"article\" \/>\n<meta property=\"og:title\" content=\"Un incendie d\u00e9vaste le march\u00e9 Dumornay et plonge les commer\u00e7ants dans l\u2019incertitude \u00e0 quelques semaines des f\u00eates &#8211; VeliPost\" \/>\n<meta property=\"og:description\" content=\"Un violent incendie a ravag\u00e9 dans la nuit du 10 au 11 d\u00e9cembre 2025 le march\u00e9 Dumornay, situ\u00e9 \u00e0 Carrefour-Feuilles. \u00c0 l\u2019approche des f\u00eates\" \/>\n<meta property=\"og:url\" content=\"https:\/\/velipost.com\/?p=5184\" \/>\n<meta property=\"og:site_name\" content=\"VeliPost\" \/>\n<meta property=\"article:publisher\" content=\"https:\/\/www.facebook.com\/veliposthaiti\" \/>\n<meta property=\"article:published_time\" content=\"2025-12-12T00:40:21+00:00\" \/>\n<meta property=\"article:modified_time\" content=\"2025-12-12T00:40:24+00:00\" \/>\n<meta property=\"og:image\" content=\"https:\/\/velipost.com\/wp-content\/uploads\/2025\/12\/WhatsApp-Image-2025-12-11-at-12.15.19.jpeg\" \/>\n\t<meta property=\"og:image:width\" content=\"1280\" \/>\n\t<meta property=\"og:image:height\" content=\"720\" \/>\n\t<meta property=\"og:image:type\" content=\"image\/jpeg\" \/>\n<meta name=\"author\" content=\"VeliPost\" \/>\n<meta name=\"twitter:card\" content=\"summary_large_image\" \/>\n<meta name=\"twitter:creator\" content=\"@veliposthaiti\" \/>\n<meta name=\"twitter:site\" content=\"@veliposthaiti\" \/>\n<meta name=\"twitter:label1\" content=\"\u00c9crit par\" \/>\n\t<meta name=\"twitter:data1\" content=\"VeliPost\" \/>\n\t<meta name=\"twitter:label2\" content=\"Dur\u00e9e de lecture estim\u00e9e\" \/>\n\t<meta name=\"twitter:data2\" content=\"2 minutes\" \/>\n<script type=\"application\/ld+json\" class=\"yoast-schema-graph\">{\"@context\":\"https:\/\/schema.org\",\"@graph\":[{\"@type\":\"Article\",\"@id\":\"https:\/\/velipost.com\/?p=5184#article\",\"isPartOf\":{\"@id\":\"https:\/\/velipost.com\/?p=5184\"},\"author\":{\"name\":\"VeliPost\",\"@id\":\"https:\/\/velipost.com\/#\/schema\/person\/32ff49a53c9c1bb24302ee8ece058096\"},\"headline\":\"Un incendie d\u00e9vaste le march\u00e9 Dumornay et plonge les commer\u00e7ants dans l\u2019incertitude \u00e0 quelques semaines des f\u00eates\",\"datePublished\":\"2025-12-12T00:40:21+00:00\",\"dateModified\":\"2025-12-12T00:40:24+00:00\",\"mainEntityOfPage\":{\"@id\":\"https:\/\/velipost.com\/?p=5184\"},\"wordCount\":414,\"commentCount\":0,\"publisher\":{\"@id\":\"https:\/\/velipost.com\/#organization\"},\"image\":{\"@id\":\"https:\/\/velipost.com\/?p=5184#primaryimage\"},\"thumbnailUrl\":\"https:\/\/velipost.com\/wp-content\/uploads\/2025\/12\/WhatsApp-Image-2025-12-11-at-12.15.19.jpeg\",\"articleSection\":[\"A la Une\"],\"inLanguage\":\"fr-FR\",\"potentialAction\":[{\"@type\":\"CommentAction\",\"name\":\"Comment\",\"target\":[\"https:\/\/velipost.com\/?p=5184#respond\"]}]},{\"@type\":\"WebPage\",\"@id\":\"https:\/\/velipost.com\/?p=5184\",\"url\":\"https:\/\/velipost.com\/?p=5184\",\"name\":\"Un incendie d\u00e9vaste le march\u00e9 Dumornay et plonge les commer\u00e7ants dans l\u2019incertitude \u00e0 quelques semaines des f\u00eates &#8211; VeliPost\",\"isPartOf\":{\"@id\":\"https:\/\/velipost.com\/#website\"},\"primaryImageOfPage\":{\"@id\":\"https:\/\/velipost.com\/?p=5184#primaryimage\"},\"image\":{\"@id\":\"https:\/\/velipost.com\/?p=5184#primaryimage\"},\"thumbnailUrl\":\"https:\/\/velipost.com\/wp-content\/uploads\/2025\/12\/WhatsApp-Image-2025-12-11-at-12.15.19.jpeg\",\"datePublished\":\"2025-12-12T00:40:21+00:00\",\"dateModified\":\"2025-12-12T00:40:24+00:00\",\"breadcrumb\":{\"@id\":\"https:\/\/velipost.com\/?p=5184#breadcrumb\"},\"inLanguage\":\"fr-FR\",\"potentialAction\":[{\"@type\":\"ReadAction\",\"target\":[\"https:\/\/velipost.com\/?p=5184\"]}]},{\"@type\":\"ImageObject\",\"inLanguage\":\"fr-FR\",\"@id\":\"https:\/\/velipost.com\/?p=5184#primaryimage\",\"url\":\"https:\/\/velipost.com\/wp-content\/uploads\/2025\/12\/WhatsApp-Image-2025-12-11-at-12.15.19.jpeg\",\"contentUrl\":\"https:\/\/velipost.com\/wp-content\/uploads\/2025\/12\/WhatsApp-Image-2025-12-11-at-12.15.19.jpeg\",\"width\":1280,\"height\":720},{\"@type\":\"BreadcrumbList\",\"@id\":\"https:\/\/velipost.com\/?p=5184#breadcrumb\",\"itemListElement\":[{\"@type\":\"ListItem\",\"position\":1,\"name\":\"Accueil\",\"item\":\"https:\/\/velipost.com\/\"},{\"@type\":\"ListItem\",\"position\":2,\"name\":\"Un incendie d\u00e9vaste le march\u00e9 Dumornay et plonge les commer\u00e7ants dans l\u2019incertitude \u00e0 quelques semaines des f\u00eates\"}]},{\"@type\":\"WebSite\",\"@id\":\"https:\/\/velipost.com\/#website\",\"url\":\"https:\/\/velipost.com\/\",\"name\":\"VeliPost\",\"description\":\"L\u2019info en un clic\",\"publisher\":{\"@id\":\"https:\/\/velipost.com\/#organization\"},\"potentialAction\":[{\"@type\":\"SearchAction\",\"target\":{\"@type\":\"EntryPoint\",\"urlTemplate\":\"https:\/\/velipost.com\/?s={search_term_string}\"},\"query-input\":{\"@type\":\"PropertyValueSpecification\",\"valueRequired\":true,\"valueName\":\"search_term_string\"}}],\"inLanguage\":\"fr-FR\"},{\"@type\":\"Organization\",\"@id\":\"https:\/\/velipost.com\/#organization\",\"name\":\"VeliPost\",\"url\":\"https:\/\/velipost.com\/\",\"logo\":{\"@type\":\"ImageObject\",\"inLanguage\":\"fr-FR\",\"@id\":\"https:\/\/velipost.com\/#\/schema\/logo\/image\/\",\"url\":\"https:\/\/velipost.com\/wp-content\/uploads\/2024\/08\/cropped-VP-logo-piti.png\",\"contentUrl\":\"https:\/\/velipost.com\/wp-content\/uploads\/2024\/08\/cropped-VP-logo-piti.png\",\"width\":201,\"height\":69,\"caption\":\"VeliPost\"},\"image\":{\"@id\":\"https:\/\/velipost.com\/#\/schema\/logo\/image\/\"},\"sameAs\":[\"https:\/\/www.facebook.com\/veliposthaiti\",\"https:\/\/x.com\/veliposthaiti\",\"https:\/\/www.instagram.com\/veliposthaiti\"]},{\"@type\":\"Person\",\"@id\":\"https:\/\/velipost.com\/#\/schema\/person\/32ff49a53c9c1bb24302ee8ece058096\",\"name\":\"VeliPost\",\"image\":{\"@type\":\"ImageObject\",\"inLanguage\":\"fr-FR\",\"@id\":\"https:\/\/velipost.com\/#\/schema\/person\/image\/\",\"url\":\"https:\/\/secure.gravatar.com\/avatar\/57c226c264de62f794185a89596d4a37b85a5ad20aca30d9d5a478b27d8c8d9d?s=96&d=mm&r=g\",\"contentUrl\":\"https:\/\/secure.gravatar.com\/avatar\/57c226c264de62f794185a89596d4a37b85a5ad20aca30d9d5a478b27d8c8d9d?s=96&d=mm&r=g\",\"caption\":\"VeliPost\"},\"sameAs\":[\"https:\/\/velipost.com\"],\"url\":\"https:\/\/velipost.com\/?author=1\"}]}<\/script>\n<!-- \/ Yoast SEO plugin. -->","yoast_head_json":{"title":"Un incendie d\u00e9vaste le march\u00e9 Dumornay et plonge les commer\u00e7ants dans l\u2019incertitude \u00e0 quelques semaines des f\u00eates &#8211; VeliPost","robots":{"index":"index","follow":"follow","max-snippet":"max-snippet:-1","max-image-preview":"max-image-preview:large","max-video-preview":"max-video-preview:-1"},"canonical":"https:\/\/velipost.com\/?p=5184","og_locale":"fr_FR","og_type":"article","og_title":"Un incendie d\u00e9vaste le march\u00e9 Dumornay et plonge les commer\u00e7ants dans l\u2019incertitude \u00e0 quelques semaines des f\u00eates &#8211; VeliPost","og_description":"Un violent incendie a ravag\u00e9 dans la nuit du 10 au 11 d\u00e9cembre 2025 le march\u00e9 Dumornay, situ\u00e9 \u00e0 Carrefour-Feuilles. \u00c0 l\u2019approche des f\u00eates","og_url":"https:\/\/velipost.com\/?p=5184","og_site_name":"VeliPost","article_publisher":"https:\/\/www.facebook.com\/veliposthaiti","article_published_time":"2025-12-12T00:40:21+00:00","article_modified_time":"2025-12-12T00:40:24+00:00","og_image":[{"width":1280,"height":720,"url":"https:\/\/velipost.com\/wp-content\/uploads\/2025\/12\/WhatsApp-Image-2025-12-11-at-12.15.19.jpeg","type":"image\/jpeg"}],"author":"VeliPost","twitter_card":"summary_large_image","twitter_creator":"@veliposthaiti","twitter_site":"@veliposthaiti","twitter_misc":{"\u00c9crit par":"VeliPost","Dur\u00e9e de lecture estim\u00e9e":"2 minutes"},"schema":{"@context":"https:\/\/schema.org","@graph":[{"@type":"Article","@id":"https:\/\/velipost.com\/?p=5184#article","isPartOf":{"@id":"https:\/\/velipost.com\/?p=5184"},"author":{"name":"VeliPost","@id":"https:\/\/velipost.com\/#\/schema\/person\/32ff49a53c9c1bb24302ee8ece058096"},"headline":"Un incendie d\u00e9vaste le march\u00e9 Dumornay et plonge les commer\u00e7ants dans l\u2019incertitude \u00e0 quelques semaines des f\u00eates","datePublished":"2025-12-12T00:40:21+00:00","dateModified":"2025-12-12T00:40:24+00:00","mainEntityOfPage":{"@id":"https:\/\/velipost.com\/?p=5184"},"wordCount":414,"commentCount":0,"publisher":{"@id":"https:\/\/velipost.com\/#organization"},"image":{"@id":"https:\/\/velipost.com\/?p=5184#primaryimage"},"thumbnailUrl":"https:\/\/velipost.com\/wp-content\/uploads\/2025\/12\/WhatsApp-Image-2025-12-11-at-12.15.19.jpeg","articleSection":["A la Une"],"inLanguage":"fr-FR","potentialAction":[{"@type":"CommentAction","name":"Comment","target":["https:\/\/velipost.com\/?p=5184#respond"]}]},{"@type":"WebPage","@id":"https:\/\/velipost.com\/?p=5184","url":"https:\/\/velipost.com\/?p=5184","name":"Un incendie d\u00e9vaste le march\u00e9 Dumornay et plonge les commer\u00e7ants dans l\u2019incertitude \u00e0 quelques semaines des f\u00eates &#8211; VeliPost","isPartOf":{"@id":"https:\/\/velipost.com\/#website"},"primaryImageOfPage":{"@id":"https:\/\/velipost.com\/?p=5184#primaryimage"},"image":{"@id":"https:\/\/velipost.com\/?p=5184#primaryimage"},"thumbnailUrl":"https:\/\/velipost.com\/wp-content\/uploads\/2025\/12\/WhatsApp-Image-2025-12-11-at-12.15.19.jpeg","datePublished":"2025-12-12T00:40:21+00:00","dateModified":"2025-12-12T00:40:24+00:00","breadcrumb":{"@id":"https:\/\/velipost.com\/?p=5184#breadcrumb"},"inLanguage":"fr-FR","potentialAction":[{"@type":"ReadAction","target":["https:\/\/velipost.com\/?p=5184"]}]},{"@type":"ImageObject","inLanguage":"fr-FR","@id":"https:\/\/velipost.com\/?p=5184#primaryimage","url":"https:\/\/velipost.com\/wp-content\/uploads\/2025\/12\/WhatsApp-Image-2025-12-11-at-12.15.19.jpeg","contentUrl":"https:\/\/velipost.com\/wp-content\/uploads\/2025\/12\/WhatsApp-Image-2025-12-11-at-12.15.19.jpeg","width":1280,"height":720},{"@type":"BreadcrumbList","@id":"https:\/\/velipost.com\/?p=5184#breadcrumb","itemListElement":[{"@type":"ListItem","position":1,"name":"Accueil","item":"https:\/\/velipost.com\/"},{"@type":"ListItem","position":2,"name":"Un incendie d\u00e9vaste le march\u00e9 Dumornay et plonge les commer\u00e7ants dans l\u2019incertitude \u00e0 quelques semaines des f\u00eates"}]},{"@type":"WebSite","@id":"https:\/\/velipost.com\/#website","url":"https:\/\/velipost.com\/","name":"VeliPost","description":"L\u2019info en un clic","publisher":{"@id":"https:\/\/velipost.com\/#organization"},"potentialAction":[{"@type":"SearchAction","target":{"@type":"EntryPoint","urlTemplate":"https:\/\/velipost.com\/?s={search_term_string}"},"query-input":{"@type":"PropertyValueSpecification","valueRequired":true,"valueName":"search_term_string"}}],"inLanguage":"fr-FR"},{"@type":"Organization","@id":"https:\/\/velipost.com\/#organization","name":"VeliPost","url":"https:\/\/velipost.com\/","logo":{"@type":"ImageObject","inLanguage":"fr-FR","@id":"https:\/\/velipost.com\/#\/schema\/logo\/image\/","url":"https:\/\/velipost.com\/wp-content\/uploads\/2024\/08\/cropped-VP-logo-piti.png","contentUrl":"https:\/\/velipost.com\/wp-content\/uploads\/2024\/08\/cropped-VP-logo-piti.png","width":201,"height":69,"caption":"VeliPost"},"image":{"@id":"https:\/\/velipost.com\/#\/schema\/logo\/image\/"},"sameAs":["https:\/\/www.facebook.com\/veliposthaiti","https:\/\/x.com\/veliposthaiti","https:\/\/www.instagram.com\/veliposthaiti"]},{"@type":"Person","@id":"https:\/\/velipost.com\/#\/schema\/person\/32ff49a53c9c1bb24302ee8ece058096","name":"VeliPost","image":{"@type":"ImageObject","inLanguage":"fr-FR","@id":"https:\/\/velipost.com\/#\/schema\/person\/image\/","url":"https:\/\/secure.gravatar.com\/avatar\/57c226c264de62f794185a89596d4a37b85a5ad20aca30d9d5a478b27d8c8d9d?s=96&d=mm&r=g","contentUrl":"https:\/\/secure.gravatar.com\/avatar\/57c226c264de62f794185a89596d4a37b85a5ad20aca30d9d5a478b27d8c8d9d?s=96&d=mm&r=g","caption":"VeliPost"},"sameAs":["https:\/\/velipost.com"],"url":"https:\/\/velipost.com\/?author=1"}]}},"views":0,"jetpack_publicize_connections":[],"uagb_featured_image_src":{"full":["https:\/\/velipost.com\/wp-content\/uploads\/2025\/12\/WhatsApp-Image-2025-12-11-at-12.15.19.jpeg",1280,720,false],"thumbnail":["https:\/\/velipost.com\/wp-content\/uploads\/2025\/12\/WhatsApp-Image-2025-12-11-at-12.15.19-150x150.jpeg",150,150,true],"medium":["https:\/\/velipost.com\/wp-content\/uploads\/2025\/12\/WhatsApp-Image-2025-12-11-at-12.15.19-300x169.jpeg",300,169,true],"medium_large":["https:\/\/velipost.com\/wp-content\/uploads\/2025\/12\/WhatsApp-Image-2025-12-11-at-12.15.19-768x432.jpeg",715,402,true],"large":["https:\/\/velipost.com\/wp-content\/uploads\/2025\/12\/WhatsApp-Image-2025-12-11-at-12.15.19-1024x576.jpeg",715,402,true],"1536x1536":["https:\/\/velipost.com\/wp-content\/uploads\/2025\/12\/WhatsApp-Image-2025-12-11-at-12.15.19.jpeg",1280,720,false],"2048x2048":["https:\/\/velipost.com\/wp-content\/uploads\/2025\/12\/WhatsApp-Image-2025-12-11-at-12.15.19.jpeg",1280,720,false],"colornews-big-slider":["https:\/\/velipost.com\/wp-content\/uploads\/2025\/12\/WhatsApp-Image-2025-12-11-at-12.15.19-1070x470.jpeg",1070,470,true],"colornews-big-slider-thumb":["https:\/\/velipost.com\/wp-content\/uploads\/2025\/12\/WhatsApp-Image-2025-12-11-at-12.15.19-184x109.jpeg",184,109,true],"colornews-featured-post-medium":["https:\/\/velipost.com\/wp-content\/uploads\/2025\/12\/WhatsApp-Image-2025-12-11-at-12.15.19-345x265.jpeg",345,265,true],"colornews-featured-post-small":["https:\/\/velipost.com\/wp-content\/uploads\/2025\/12\/WhatsApp-Image-2025-12-11-at-12.15.19-115x73.jpeg",115,73,true],"colornews-random-posts":["https:\/\/velipost.com\/wp-content\/uploads\/2025\/12\/WhatsApp-Image-2025-12-11-at-12.15.19-215x215.jpeg",215,215,true],"colornews-featured-image":["https:\/\/velipost.com\/wp-content\/uploads\/2025\/12\/WhatsApp-Image-2025-12-11-at-12.15.19-715x400.jpeg",715,400,true],"mailpoet_newsletter_max":["https:\/\/velipost.com\/wp-content\/uploads\/2025\/12\/WhatsApp-Image-2025-12-11-at-12.15.19.jpeg",1280,720,false]},"uagb_author_info":{"display_name":"VeliPost","author_link":"https:\/\/velipost.com\/?author=1"},"uagb_comment_info":0,"uagb_excerpt":"Un violent incendie a ravag\u00e9 dans la nuit du 10 au 11 d\u00e9cembre 2025 le march\u00e9 Dumornay, situ\u00e9 \u00e0 Carrefour-Feuilles. \u00c0 l\u2019approche des f\u00eates","_links":{"self":[{"href":"https:\/\/velipost.com\/index.php?rest_route=\/wp\/v2\/posts\/5184","targetHints":{"allow":["GET"]}}],"collection":[{"href":"https:\/\/velipost.com\/index.php?rest_route=\/wp\/v2\/posts"}],"about":[{"href":"https:\/\/velipost.com\/index.php?rest_route=\/wp\/v2\/types\/post"}],"author":[{"embeddable":true,"href":"https:\/\/velipost.com\/index.php?rest_route=\/wp\/v2\/users\/1"}],"replies":[{"embeddable":true,"href":"https:\/\/velipost.com\/index.php?rest_route=%2Fwp%2Fv2%2Fcomments&post=5184"}],"version-history":[{"count":1,"href":"https:\/\/velipost.com\/index.php?rest_route=\/wp\/v2\/posts\/5184\/revisions"}],"predecessor-version":[{"id":5186,"href":"https:\/\/velipost.com\/index.php?rest_route=\/wp\/v2\/posts\/5184\/revisions\/5186"}],"wp:featuredmedia":[{"embeddable":true,"href":"https:\/\/velipost.com\/index.php?rest_route=\/wp\/v2\/media\/5185"}],"wp:attachment":[{"href":"https:\/\/velipost.com\/index.php?rest_route=%2Fwp%2Fv2%2Fmedia&parent=5184"}],"wp:term":[{"taxonomy":"category","embeddable":true,"href":"https:\/\/velipost.com\/index.php?rest_route=%2Fwp%2Fv2%2Fcategories&post=5184"},{"taxonomy":"post_tag","embeddable":true,"href":"https:\/\/velipost.com\/index.php?rest_route=%2Fwp%2Fv2%2Ftags&post=5184"}],"curies":[{"name":"wp","href":"https:\/\/api.w.org\/{rel}","templated":true}]}}