{"id":5181,"date":"2025-12-12T01:33:37","date_gmt":"2025-12-12T00:33:37","guid":{"rendered":"https:\/\/velipost.com\/?p=5181"},"modified":"2025-12-12T01:34:24","modified_gmt":"2025-12-12T00:34:24","slug":"kattiana-duverneau-osias-represente-lafuch-nord-au-troisieme-dialogue-entre-les-organisations-de-la-societe-civile-et-les-nations-unies-a-geneve","status":"publish","type":"post","link":"https:\/\/velipost.com\/?p=5181","title":{"rendered":"Kattiana Duverneau OSIAS repr\u00e9sente l\u2019AFUCH-Nord au troisi\u00e8me Dialogue entre les Organisations de la Soci\u00e9t\u00e9 Civile et les Nations Unies \u00e0 Gen\u00e8ve"},"content":{"rendered":"\n<p>Kattiana Duverneau OSIAS, Fondatrice et Responsable des Relations Publiques de l\u2019Association des Femmes Universitaires du Cap-Ha\u00eftien Nord (AFUCH-Nord), a pris part au Troisi\u00e8me Dialogue entre les Organisations de la Soci\u00e9t\u00e9 Civile et les Nations Unies sur la consolidation de la paix, tenu les 10 et 11 d\u00e9cembre 2025 au Palais des Nations \u00e0 Gen\u00e8ve, Suisse, dans la Salle de conf\u00e9rence XII.<\/p>\n\n\n\n<p>Cet \u00e9v\u00e9nement d\u2019envergure internationale a r\u00e9uni des acteurs de la soci\u00e9t\u00e9 civile provenant de diverses r\u00e9gions du monde, ainsi que des repr\u00e9sentants des Nations Unies, dans le but de renforcer les strat\u00e9gies globales de consolidation de la paix.<\/p>\n\n\n\n<p>Un dialogue ax\u00e9 sur une approche syst\u00e9mique de la paix<\/p>\n\n\n\n<p>Le th\u00e8me central de l\u2019\u00e9dition 2025 portait sur \u00ab Mettre en \u0153uvre une Approche Syst\u00e9mique de la Consolidation et du Maintien de la Paix \u00bb, une orientation qui vise \u00e0 encourager une compr\u00e9hension plus holistique des facteurs influen\u00e7ant les conflits et les processus de paix.<br>Deux th\u00e8mes transversaux majeurs ont structur\u00e9 les \u00e9changes :<br>\u2022 Femmes, Paix et S\u00e9curit\u00e9 (FPS)<br>\u2022 Jeunesse, Paix et S\u00e9curit\u00e9 (YPS)<\/p>\n\n\n\n<p>Ces axes ont permis d\u2019aborder le r\u00f4le essentiel jou\u00e9 par les femmes et les jeunes dans la pr\u00e9vention des conflits, la m\u00e9diation, la r\u00e9silience communautaire et la reconstruction post-crise.<\/p>\n\n\n\n<p>La contribution de Kattiana Duverneau OSIAS<\/p>\n\n\n\n<p>La participation de Kattiana Duverneau OSIAS \u00e0 ce dialogue illustre l\u2019engagement constant de l\u2019AFUCH-Nord en faveur de la promotion du leadership f\u00e9minin, de l\u2019\u00e9ducation, et de la participation active des femmes ha\u00eftiennes dans les processus de paix. Par sa pr\u00e9sence, elle a port\u00e9 la voix des femmes universitaires du Nord d\u2019Ha\u00efti et contribu\u00e9 \u00e0 faire conna\u00eetre les r\u00e9alit\u00e9s sociopolitiques du pays, ainsi que les initiatives locales en faveur de la paix durable.<\/p>\n\n\n\n<p>Sa contribution s\u2019inscrit dans la mission de l\u2019AFUCH-Nord : valoriser les femmes, promouvoir leur implication dans la vie publique, et soutenir des actions orient\u00e9es vers la transformation sociale et la stabilit\u00e9 communautaire.<\/p>\n\n    <div class=\"xs_social_share_widget xs_share_url after_content \t\tmain_content  wslu-style-3 wslu-share-box-shaped wslu-fill-brand-hover-colored wslu-share-m-5 wslu-none wslu-share-horizontal wslu-theme-font-no wslu-main_content\">\n\n\t\t\n        <ul>\n\t\t\t                    <li class=\"xs-share-li twitter                        wslu-no-extra-data\">\n                        <a href=\"javascript:void(0);\"\n                           id=\"xs_feed_twitter\"\n                           onclick=\"xs_social_sharer(this);\"\n                           data-pid=\"5181\"\n                           data-uri_hash=\"d76dfe53fb6cbbf29c34ed99ab8981f9\"\n                           data-key=\"twitter\"\n                           data-xs-href=\"https:\/\/twitter.com\/intent\/tweet?text=Kattiana+Duverneau+OSIAS+repr%C3%A9sente+l%E2%80%99AFUCH-Nord+au+troisi%C3%A8me+Dialogue+entre+les+Organisations+de+la+Soci%C3%A9t%C3%A9+Civile+et+les+Nations+Unies+%C3%A0+Gen%C3%A8ve+https%3A%2F%2Fvelipost.com%2Findex.php%3Frest_route%3D%252Fwp%252Fv2%252Fposts%252F5181&amp;original_referer=https%3A%2F%2Fvelipost.com%2Findex.php%3Frest_route%3D%252Fwp%252Fv2%252Fposts%252F5181&amp;related=xpeedstudio\">\n\n                            <div class=\"xs-social-icon\">\n                                <span class=\"met-social met-social-twitter\"><\/span>\n                            <\/div>\n\n\t\t\t\t\t\t\t\n                            <div class=\"wslu-hover-content\">\n                                <div class=\"xs-social-followers\">\n\t\t\t\t\t\t\t\t\t10                                <\/div>\n                                <div class=\"xs-social-follower-text\">\n\t\t\t\t\t\t\t\t\tShare                                <\/div>\n                                <div class=\"xs-social-follower-label\">\n\t\t\t\t\t\t\t\t\tTwitter                                <\/div>\n                            <\/div>\n                        <\/a>\n                    <\/li>\n\t\t\t\t\t                    <li class=\"xs-share-li telegram                        wslu-no-extra-data\">\n                        <a href=\"javascript:void(0);\"\n                           id=\"xs_feed_telegram\"\n                           onclick=\"xs_social_sharer(this);\"\n                           data-pid=\"5181\"\n                           data-uri_hash=\"d76dfe53fb6cbbf29c34ed99ab8981f9\"\n                           data-key=\"telegram\"\n                           data-xs-href=\"https:\/\/telegram.me\/share\/url?url=https%3A%2F%2Fvelipost.com%2Findex.php%3Frest_route%3D%252Fwp%252Fv2%252Fposts%252F5181&amp;text=Kattiana+Duverneau+OSIAS+repr%C3%A9sente+l%E2%80%99AFUCH-Nord+au+troisi%C3%A8me+Dialogue+entre+les+Organisations+de+la+Soci%C3%A9t%C3%A9+Civile+et+les+Nations+Unies+%C3%A0+Gen%C3%A8ve\">\n\n                            <div class=\"xs-social-icon\">\n                                <span class=\"met-social met-social-telegram\"><\/span>\n                            <\/div>\n\n\t\t\t\t\t\t\t\n                            <div class=\"wslu-hover-content\">\n                                <div class=\"xs-social-followers\">\n\t\t\t\t\t\t\t\t\t0                                <\/div>\n                                <div class=\"xs-social-follower-text\">\n\t\t\t\t\t\t\t\t\tShare                                <\/div>\n                                <div class=\"xs-social-follower-label\">\n\t\t\t\t\t\t\t\t\tTelegram                                <\/div>\n                            <\/div>\n                        <\/a>\n                    <\/li>\n\t\t\t\t\t                    <li class=\"xs-share-li email                        wslu-no-extra-data\">\n                        <a href=\"javascript:void(0);\"\n                           id=\"xs_feed_email\"\n                           onclick=\"xs_social_sharer(this);\"\n                           data-pid=\"5181\"\n                           data-uri_hash=\"d76dfe53fb6cbbf29c34ed99ab8981f9\"\n                           data-key=\"email\"\n                           data-xs-href=\"mailto:?body=Title%3A+Kattiana+Duverneau+OSIAS+repr%C3%A9sente+l%E2%80%99AFUCH-Nord+au+troisi%C3%A8me+Dialogue+entre+les+Organisations+de+la+Soci%C3%A9t%C3%A9+Civile+et+les+Nations+Unies+%C3%A0+Gen%C3%A8ve+%5Cn%5Cn+URL%3A+https%3A%2F%2Fvelipost.com%2Findex.php%3Frest_route%3D%252Fwp%252Fv2%252Fposts%252F5181&amp;subject=Kattiana+Duverneau+OSIAS+repr%C3%A9sente+l%E2%80%99AFUCH-Nord+au+troisi%C3%A8me+Dialogue+entre+les+Organisations+de+la+Soci%C3%A9t%C3%A9+Civile+et+les+Nations+Unies+%C3%A0+Gen%C3%A8ve\">\n\n                            <div class=\"xs-social-icon\">\n                                <span class=\"met-social met-social-email\"><\/span>\n                            <\/div>\n\n\t\t\t\t\t\t\t\n                            <div class=\"wslu-hover-content\">\n                                <div class=\"xs-social-followers\">\n\t\t\t\t\t\t\t\t\t0                                <\/div>\n                                <div class=\"xs-social-follower-text\">\n\t\t\t\t\t\t\t\t\tShare                                <\/div>\n                                <div class=\"xs-social-follower-label\">\n\t\t\t\t\t\t\t\t\tEmail                                <\/div>\n                            <\/div>\n                        <\/a>\n                    <\/li>\n\t\t\t\t\t        <\/ul>\n    <\/div> \n","protected":false},"excerpt":{"rendered":"<p>Kattiana Duverneau OSIAS, Fondatrice et Responsable des Relations Publiques de l\u2019Association des Femmes Universitaires du Cap-Ha\u00eftien Nord (AFUCH-Nord), a pris part au Troisi\u00e8me Dialogue<\/p>\n","protected":false},"author":1,"featured_media":5182,"comment_status":"open","ping_status":"open","sticky":false,"template":"","format":"standard","meta":{"_uag_custom_page_level_css":"","footnotes":"","jetpack_publicize_message":"","jetpack_publicize_feature_enabled":true,"jetpack_social_post_already_shared":true,"jetpack_social_options":{"image_generator_settings":{"template":"highway","default_image_id":0,"font":"","enabled":false},"version":2}},"categories":[94],"tags":[],"class_list":["post-5181","post","type-post","status-publish","format-standard","has-post-thumbnail","hentry","category-a-la-une"],"yoast_head":"<!-- This site is optimized with the Yoast SEO plugin v25.3.1 - https:\/\/yoast.com\/wordpress\/plugins\/seo\/ -->\n<title>Kattiana Duverneau OSIAS repr\u00e9sente l\u2019AFUCH-Nord au troisi\u00e8me Dialogue entre les Organisations de la Soci\u00e9t\u00e9 Civile et les Nations Unies \u00e0 Gen\u00e8ve &#8211; VeliPost<\/title>\n<meta name=\"robots\" content=\"index, follow, max-snippet:-1, max-image-preview:large, max-video-preview:-1\" \/>\n<link rel=\"canonical\" href=\"https:\/\/velipost.com\/?p=5181\" \/>\n<meta property=\"og:locale\" content=\"fr_FR\" \/>\n<meta property=\"og:type\" content=\"article\" \/>\n<meta property=\"og:title\" content=\"Kattiana Duverneau OSIAS repr\u00e9sente l\u2019AFUCH-Nord au troisi\u00e8me Dialogue entre les Organisations de la Soci\u00e9t\u00e9 Civile et les Nations Unies \u00e0 Gen\u00e8ve &#8211; VeliPost\" \/>\n<meta property=\"og:description\" content=\"Kattiana Duverneau OSIAS, Fondatrice et Responsable des Relations Publiques de l\u2019Association des Femmes Universitaires du Cap-Ha\u00eftien Nord (AFUCH-Nord), a pris part au Troisi\u00e8me Dialogue\" \/>\n<meta property=\"og:url\" content=\"https:\/\/velipost.com\/?p=5181\" \/>\n<meta property=\"og:site_name\" content=\"VeliPost\" \/>\n<meta property=\"article:publisher\" content=\"https:\/\/www.facebook.com\/veliposthaiti\" \/>\n<meta property=\"article:published_time\" content=\"2025-12-12T00:33:37+00:00\" \/>\n<meta property=\"article:modified_time\" content=\"2025-12-12T00:34:24+00:00\" \/>\n<meta property=\"og:image\" content=\"https:\/\/velipost.com\/wp-content\/uploads\/2025\/12\/Kattiana-Duverneau-OSIAS.jpg\" \/>\n\t<meta property=\"og:image:width\" content=\"1170\" \/>\n\t<meta property=\"og:image:height\" content=\"603\" \/>\n\t<meta property=\"og:image:type\" content=\"image\/jpeg\" \/>\n<meta name=\"author\" content=\"VeliPost\" \/>\n<meta name=\"twitter:card\" content=\"summary_large_image\" \/>\n<meta name=\"twitter:creator\" content=\"@veliposthaiti\" \/>\n<meta name=\"twitter:site\" content=\"@veliposthaiti\" \/>\n<meta name=\"twitter:label1\" content=\"\u00c9crit par\" \/>\n\t<meta name=\"twitter:data1\" content=\"VeliPost\" \/>\n\t<meta name=\"twitter:label2\" content=\"Dur\u00e9e de lecture estim\u00e9e\" \/>\n\t<meta name=\"twitter:data2\" content=\"2 minutes\" \/>\n<script type=\"application\/ld+json\" class=\"yoast-schema-graph\">{\"@context\":\"https:\/\/schema.org\",\"@graph\":[{\"@type\":\"Article\",\"@id\":\"https:\/\/velipost.com\/?p=5181#article\",\"isPartOf\":{\"@id\":\"https:\/\/velipost.com\/?p=5181\"},\"author\":{\"name\":\"VeliPost\",\"@id\":\"https:\/\/velipost.com\/#\/schema\/person\/32ff49a53c9c1bb24302ee8ece058096\"},\"headline\":\"Kattiana Duverneau OSIAS repr\u00e9sente l\u2019AFUCH-Nord au troisi\u00e8me Dialogue entre les Organisations de la Soci\u00e9t\u00e9 Civile et les Nations Unies \u00e0 Gen\u00e8ve\",\"datePublished\":\"2025-12-12T00:33:37+00:00\",\"dateModified\":\"2025-12-12T00:34:24+00:00\",\"mainEntityOfPage\":{\"@id\":\"https:\/\/velipost.com\/?p=5181\"},\"wordCount\":367,\"commentCount\":0,\"publisher\":{\"@id\":\"https:\/\/velipost.com\/#organization\"},\"image\":{\"@id\":\"https:\/\/velipost.com\/?p=5181#primaryimage\"},\"thumbnailUrl\":\"https:\/\/velipost.com\/wp-content\/uploads\/2025\/12\/Kattiana-Duverneau-OSIAS.jpg\",\"articleSection\":[\"A la Une\"],\"inLanguage\":\"fr-FR\",\"potentialAction\":[{\"@type\":\"CommentAction\",\"name\":\"Comment\",\"target\":[\"https:\/\/velipost.com\/?p=5181#respond\"]}]},{\"@type\":\"WebPage\",\"@id\":\"https:\/\/velipost.com\/?p=5181\",\"url\":\"https:\/\/velipost.com\/?p=5181\",\"name\":\"Kattiana Duverneau OSIAS repr\u00e9sente l\u2019AFUCH-Nord au troisi\u00e8me Dialogue entre les Organisations de la Soci\u00e9t\u00e9 Civile et les Nations Unies \u00e0 Gen\u00e8ve &#8211; VeliPost\",\"isPartOf\":{\"@id\":\"https:\/\/velipost.com\/#website\"},\"primaryImageOfPage\":{\"@id\":\"https:\/\/velipost.com\/?p=5181#primaryimage\"},\"image\":{\"@id\":\"https:\/\/velipost.com\/?p=5181#primaryimage\"},\"thumbnailUrl\":\"https:\/\/velipost.com\/wp-content\/uploads\/2025\/12\/Kattiana-Duverneau-OSIAS.jpg\",\"datePublished\":\"2025-12-12T00:33:37+00:00\",\"dateModified\":\"2025-12-12T00:34:24+00:00\",\"breadcrumb\":{\"@id\":\"https:\/\/velipost.com\/?p=5181#breadcrumb\"},\"inLanguage\":\"fr-FR\",\"potentialAction\":[{\"@type\":\"ReadAction\",\"target\":[\"https:\/\/velipost.com\/?p=5181\"]}]},{\"@type\":\"ImageObject\",\"inLanguage\":\"fr-FR\",\"@id\":\"https:\/\/velipost.com\/?p=5181#primaryimage\",\"url\":\"https:\/\/velipost.com\/wp-content\/uploads\/2025\/12\/Kattiana-Duverneau-OSIAS.jpg\",\"contentUrl\":\"https:\/\/velipost.com\/wp-content\/uploads\/2025\/12\/Kattiana-Duverneau-OSIAS.jpg\",\"width\":1170,\"height\":603},{\"@type\":\"BreadcrumbList\",\"@id\":\"https:\/\/velipost.com\/?p=5181#breadcrumb\",\"itemListElement\":[{\"@type\":\"ListItem\",\"position\":1,\"name\":\"Accueil\",\"item\":\"https:\/\/velipost.com\/\"},{\"@type\":\"ListItem\",\"position\":2,\"name\":\"Kattiana Duverneau OSIAS repr\u00e9sente l\u2019AFUCH-Nord au troisi\u00e8me Dialogue entre les Organisations de la Soci\u00e9t\u00e9 Civile et les Nations Unies \u00e0 Gen\u00e8ve\"}]},{\"@type\":\"WebSite\",\"@id\":\"https:\/\/velipost.com\/#website\",\"url\":\"https:\/\/velipost.com\/\",\"name\":\"VeliPost\",\"description\":\"L\u2019info en un clic\",\"publisher\":{\"@id\":\"https:\/\/velipost.com\/#organization\"},\"potentialAction\":[{\"@type\":\"SearchAction\",\"target\":{\"@type\":\"EntryPoint\",\"urlTemplate\":\"https:\/\/velipost.com\/?s={search_term_string}\"},\"query-input\":{\"@type\":\"PropertyValueSpecification\",\"valueRequired\":true,\"valueName\":\"search_term_string\"}}],\"inLanguage\":\"fr-FR\"},{\"@type\":\"Organization\",\"@id\":\"https:\/\/velipost.com\/#organization\",\"name\":\"VeliPost\",\"url\":\"https:\/\/velipost.com\/\",\"logo\":{\"@type\":\"ImageObject\",\"inLanguage\":\"fr-FR\",\"@id\":\"https:\/\/velipost.com\/#\/schema\/logo\/image\/\",\"url\":\"https:\/\/velipost.com\/wp-content\/uploads\/2024\/08\/cropped-VP-logo-piti.png\",\"contentUrl\":\"https:\/\/velipost.com\/wp-content\/uploads\/2024\/08\/cropped-VP-logo-piti.png\",\"width\":201,\"height\":69,\"caption\":\"VeliPost\"},\"image\":{\"@id\":\"https:\/\/velipost.com\/#\/schema\/logo\/image\/\"},\"sameAs\":[\"https:\/\/www.facebook.com\/veliposthaiti\",\"https:\/\/x.com\/veliposthaiti\",\"https:\/\/www.instagram.com\/veliposthaiti\"]},{\"@type\":\"Person\",\"@id\":\"https:\/\/velipost.com\/#\/schema\/person\/32ff49a53c9c1bb24302ee8ece058096\",\"name\":\"VeliPost\",\"image\":{\"@type\":\"ImageObject\",\"inLanguage\":\"fr-FR\",\"@id\":\"https:\/\/velipost.com\/#\/schema\/person\/image\/\",\"url\":\"https:\/\/secure.gravatar.com\/avatar\/57c226c264de62f794185a89596d4a37b85a5ad20aca30d9d5a478b27d8c8d9d?s=96&d=mm&r=g\",\"contentUrl\":\"https:\/\/secure.gravatar.com\/avatar\/57c226c264de62f794185a89596d4a37b85a5ad20aca30d9d5a478b27d8c8d9d?s=96&d=mm&r=g\",\"caption\":\"VeliPost\"},\"sameAs\":[\"https:\/\/velipost.com\"],\"url\":\"https:\/\/velipost.com\/?author=1\"}]}<\/script>\n<!-- \/ Yoast SEO plugin. -->","yoast_head_json":{"title":"Kattiana Duverneau OSIAS repr\u00e9sente l\u2019AFUCH-Nord au troisi\u00e8me Dialogue entre les Organisations de la Soci\u00e9t\u00e9 Civile et les Nations Unies \u00e0 Gen\u00e8ve &#8211; VeliPost","robots":{"index":"index","follow":"follow","max-snippet":"max-snippet:-1","max-image-preview":"max-image-preview:large","max-video-preview":"max-video-preview:-1"},"canonical":"https:\/\/velipost.com\/?p=5181","og_locale":"fr_FR","og_type":"article","og_title":"Kattiana Duverneau OSIAS repr\u00e9sente l\u2019AFUCH-Nord au troisi\u00e8me Dialogue entre les Organisations de la Soci\u00e9t\u00e9 Civile et les Nations Unies \u00e0 Gen\u00e8ve &#8211; VeliPost","og_description":"Kattiana Duverneau OSIAS, Fondatrice et Responsable des Relations Publiques de l\u2019Association des Femmes Universitaires du Cap-Ha\u00eftien Nord (AFUCH-Nord), a pris part au Troisi\u00e8me Dialogue","og_url":"https:\/\/velipost.com\/?p=5181","og_site_name":"VeliPost","article_publisher":"https:\/\/www.facebook.com\/veliposthaiti","article_published_time":"2025-12-12T00:33:37+00:00","article_modified_time":"2025-12-12T00:34:24+00:00","og_image":[{"width":1170,"height":603,"url":"https:\/\/velipost.com\/wp-content\/uploads\/2025\/12\/Kattiana-Duverneau-OSIAS.jpg","type":"image\/jpeg"}],"author":"VeliPost","twitter_card":"summary_large_image","twitter_creator":"@veliposthaiti","twitter_site":"@veliposthaiti","twitter_misc":{"\u00c9crit par":"VeliPost","Dur\u00e9e de lecture estim\u00e9e":"2 minutes"},"schema":{"@context":"https:\/\/schema.org","@graph":[{"@type":"Article","@id":"https:\/\/velipost.com\/?p=5181#article","isPartOf":{"@id":"https:\/\/velipost.com\/?p=5181"},"author":{"name":"VeliPost","@id":"https:\/\/velipost.com\/#\/schema\/person\/32ff49a53c9c1bb24302ee8ece058096"},"headline":"Kattiana Duverneau OSIAS repr\u00e9sente l\u2019AFUCH-Nord au troisi\u00e8me Dialogue entre les Organisations de la Soci\u00e9t\u00e9 Civile et les Nations Unies \u00e0 Gen\u00e8ve","datePublished":"2025-12-12T00:33:37+00:00","dateModified":"2025-12-12T00:34:24+00:00","mainEntityOfPage":{"@id":"https:\/\/velipost.com\/?p=5181"},"wordCount":367,"commentCount":0,"publisher":{"@id":"https:\/\/velipost.com\/#organization"},"image":{"@id":"https:\/\/velipost.com\/?p=5181#primaryimage"},"thumbnailUrl":"https:\/\/velipost.com\/wp-content\/uploads\/2025\/12\/Kattiana-Duverneau-OSIAS.jpg","articleSection":["A la Une"],"inLanguage":"fr-FR","potentialAction":[{"@type":"CommentAction","name":"Comment","target":["https:\/\/velipost.com\/?p=5181#respond"]}]},{"@type":"WebPage","@id":"https:\/\/velipost.com\/?p=5181","url":"https:\/\/velipost.com\/?p=5181","name":"Kattiana Duverneau OSIAS repr\u00e9sente l\u2019AFUCH-Nord au troisi\u00e8me Dialogue entre les Organisations de la Soci\u00e9t\u00e9 Civile et les Nations Unies \u00e0 Gen\u00e8ve &#8211; VeliPost","isPartOf":{"@id":"https:\/\/velipost.com\/#website"},"primaryImageOfPage":{"@id":"https:\/\/velipost.com\/?p=5181#primaryimage"},"image":{"@id":"https:\/\/velipost.com\/?p=5181#primaryimage"},"thumbnailUrl":"https:\/\/velipost.com\/wp-content\/uploads\/2025\/12\/Kattiana-Duverneau-OSIAS.jpg","datePublished":"2025-12-12T00:33:37+00:00","dateModified":"2025-12-12T00:34:24+00:00","breadcrumb":{"@id":"https:\/\/velipost.com\/?p=5181#breadcrumb"},"inLanguage":"fr-FR","potentialAction":[{"@type":"ReadAction","target":["https:\/\/velipost.com\/?p=5181"]}]},{"@type":"ImageObject","inLanguage":"fr-FR","@id":"https:\/\/velipost.com\/?p=5181#primaryimage","url":"https:\/\/velipost.com\/wp-content\/uploads\/2025\/12\/Kattiana-Duverneau-OSIAS.jpg","contentUrl":"https:\/\/velipost.com\/wp-content\/uploads\/2025\/12\/Kattiana-Duverneau-OSIAS.jpg","width":1170,"height":603},{"@type":"BreadcrumbList","@id":"https:\/\/velipost.com\/?p=5181#breadcrumb","itemListElement":[{"@type":"ListItem","position":1,"name":"Accueil","item":"https:\/\/velipost.com\/"},{"@type":"ListItem","position":2,"name":"Kattiana Duverneau OSIAS repr\u00e9sente l\u2019AFUCH-Nord au troisi\u00e8me Dialogue entre les Organisations de la Soci\u00e9t\u00e9 Civile et les Nations Unies \u00e0 Gen\u00e8ve"}]},{"@type":"WebSite","@id":"https:\/\/velipost.com\/#website","url":"https:\/\/velipost.com\/","name":"VeliPost","description":"L\u2019info en un clic","publisher":{"@id":"https:\/\/velipost.com\/#organization"},"potentialAction":[{"@type":"SearchAction","target":{"@type":"EntryPoint","urlTemplate":"https:\/\/velipost.com\/?s={search_term_string}"},"query-input":{"@type":"PropertyValueSpecification","valueRequired":true,"valueName":"search_term_string"}}],"inLanguage":"fr-FR"},{"@type":"Organization","@id":"https:\/\/velipost.com\/#organization","name":"VeliPost","url":"https:\/\/velipost.com\/","logo":{"@type":"ImageObject","inLanguage":"fr-FR","@id":"https:\/\/velipost.com\/#\/schema\/logo\/image\/","url":"https:\/\/velipost.com\/wp-content\/uploads\/2024\/08\/cropped-VP-logo-piti.png","contentUrl":"https:\/\/velipost.com\/wp-content\/uploads\/2024\/08\/cropped-VP-logo-piti.png","width":201,"height":69,"caption":"VeliPost"},"image":{"@id":"https:\/\/velipost.com\/#\/schema\/logo\/image\/"},"sameAs":["https:\/\/www.facebook.com\/veliposthaiti","https:\/\/x.com\/veliposthaiti","https:\/\/www.instagram.com\/veliposthaiti"]},{"@type":"Person","@id":"https:\/\/velipost.com\/#\/schema\/person\/32ff49a53c9c1bb24302ee8ece058096","name":"VeliPost","image":{"@type":"ImageObject","inLanguage":"fr-FR","@id":"https:\/\/velipost.com\/#\/schema\/person\/image\/","url":"https:\/\/secure.gravatar.com\/avatar\/57c226c264de62f794185a89596d4a37b85a5ad20aca30d9d5a478b27d8c8d9d?s=96&d=mm&r=g","contentUrl":"https:\/\/secure.gravatar.com\/avatar\/57c226c264de62f794185a89596d4a37b85a5ad20aca30d9d5a478b27d8c8d9d?s=96&d=mm&r=g","caption":"VeliPost"},"sameAs":["https:\/\/velipost.com"],"url":"https:\/\/velipost.com\/?author=1"}]}},"views":0,"jetpack_publicize_connections":[],"uagb_featured_image_src":{"full":["https:\/\/velipost.com\/wp-content\/uploads\/2025\/12\/Kattiana-Duverneau-OSIAS.jpg",1170,603,false],"thumbnail":["https:\/\/velipost.com\/wp-content\/uploads\/2025\/12\/Kattiana-Duverneau-OSIAS-150x150.jpg",150,150,true],"medium":["https:\/\/velipost.com\/wp-content\/uploads\/2025\/12\/Kattiana-Duverneau-OSIAS-300x155.jpg",300,155,true],"medium_large":["https:\/\/velipost.com\/wp-content\/uploads\/2025\/12\/Kattiana-Duverneau-OSIAS-768x396.jpg",715,369,true],"large":["https:\/\/velipost.com\/wp-content\/uploads\/2025\/12\/Kattiana-Duverneau-OSIAS-1024x528.jpg",715,369,true],"1536x1536":["https:\/\/velipost.com\/wp-content\/uploads\/2025\/12\/Kattiana-Duverneau-OSIAS.jpg",1170,603,false],"2048x2048":["https:\/\/velipost.com\/wp-content\/uploads\/2025\/12\/Kattiana-Duverneau-OSIAS.jpg",1170,603,false],"colornews-big-slider":["https:\/\/velipost.com\/wp-content\/uploads\/2025\/12\/Kattiana-Duverneau-OSIAS-1070x470.jpg",1070,470,true],"colornews-big-slider-thumb":["https:\/\/velipost.com\/wp-content\/uploads\/2025\/12\/Kattiana-Duverneau-OSIAS-184x109.jpg",184,109,true],"colornews-featured-post-medium":["https:\/\/velipost.com\/wp-content\/uploads\/2025\/12\/Kattiana-Duverneau-OSIAS-345x265.jpg",345,265,true],"colornews-featured-post-small":["https:\/\/velipost.com\/wp-content\/uploads\/2025\/12\/Kattiana-Duverneau-OSIAS-115x73.jpg",115,73,true],"colornews-random-posts":["https:\/\/velipost.com\/wp-content\/uploads\/2025\/12\/Kattiana-Duverneau-OSIAS-215x215.jpg",215,215,true],"colornews-featured-image":["https:\/\/velipost.com\/wp-content\/uploads\/2025\/12\/Kattiana-Duverneau-OSIAS-715x400.jpg",715,400,true],"mailpoet_newsletter_max":["https:\/\/velipost.com\/wp-content\/uploads\/2025\/12\/Kattiana-Duverneau-OSIAS.jpg",1170,603,false]},"uagb_author_info":{"display_name":"VeliPost","author_link":"https:\/\/velipost.com\/?author=1"},"uagb_comment_info":0,"uagb_excerpt":"Kattiana Duverneau OSIAS, Fondatrice et Responsable des Relations Publiques de l\u2019Association des Femmes Universitaires du Cap-Ha\u00eftien Nord (AFUCH-Nord), a pris part au Troisi\u00e8me Dialogue","_links":{"self":[{"href":"https:\/\/velipost.com\/index.php?rest_route=\/wp\/v2\/posts\/5181","targetHints":{"allow":["GET"]}}],"collection":[{"href":"https:\/\/velipost.com\/index.php?rest_route=\/wp\/v2\/posts"}],"about":[{"href":"https:\/\/velipost.com\/index.php?rest_route=\/wp\/v2\/types\/post"}],"author":[{"embeddable":true,"href":"https:\/\/velipost.com\/index.php?rest_route=\/wp\/v2\/users\/1"}],"replies":[{"embeddable":true,"href":"https:\/\/velipost.com\/index.php?rest_route=%2Fwp%2Fv2%2Fcomments&post=5181"}],"version-history":[{"count":1,"href":"https:\/\/velipost.com\/index.php?rest_route=\/wp\/v2\/posts\/5181\/revisions"}],"predecessor-version":[{"id":5183,"href":"https:\/\/velipost.com\/index.php?rest_route=\/wp\/v2\/posts\/5181\/revisions\/5183"}],"wp:featuredmedia":[{"embeddable":true,"href":"https:\/\/velipost.com\/index.php?rest_route=\/wp\/v2\/media\/5182"}],"wp:attachment":[{"href":"https:\/\/velipost.com\/index.php?rest_route=%2Fwp%2Fv2%2Fmedia&parent=5181"}],"wp:term":[{"taxonomy":"category","embeddable":true,"href":"https:\/\/velipost.com\/index.php?rest_route=%2Fwp%2Fv2%2Fcategories&post=5181"},{"taxonomy":"post_tag","embeddable":true,"href":"https:\/\/velipost.com\/index.php?rest_route=%2Fwp%2Fv2%2Ftags&post=5181"}],"curies":[{"name":"wp","href":"https:\/\/api.w.org\/{rel}","templated":true}]}}