{"id":5170,"date":"2025-12-11T17:45:27","date_gmt":"2025-12-11T16:45:27","guid":{"rendered":"https:\/\/velipost.com\/?p=5170"},"modified":"2025-12-11T18:05:56","modified_gmt":"2025-12-11T17:05:56","slug":"avec-fleur-dhiver-stessa-bigord-signe-un-second-ouvrage-pour-enrichir-la-litterature-enfantine","status":"publish","type":"post","link":"https:\/\/velipost.com\/?p=5170","title":{"rendered":"Avec Fleur-d\u2019hiver, Stessa Bigord signe un second ouvrage pour enrichir la litt\u00e9rature enfantine"},"content":{"rendered":"\n<p>La jeune autrice Stessa May-Irah Bigord, \u00e2g\u00e9e de 11 ans, publie&nbsp;<em>Fleur-d\u2019hiver<\/em>, son deuxi\u00e8me ouvrage, qui sera pr\u00e9sent\u00e9 \u00e0 l\u2019occasion de la troisi\u00e8me \u00e9dition du Salon du Livre de Port-au-Prince. Ce nouveau livre jeunesse raconte le parcours d\u2019une fillette contrainte de quitter la campagne pour s\u2019installer en ville avec ses parents. Ce changement marque le d\u00e9but d\u2019une s\u00e9rie de d\u00e9couvertes, de questionnements et de d\u00e9fis.<\/p>\n\n\n\n<p>Dans cette histoire, Fleur-d\u2019hiver se retrouve confront\u00e9e \u00e0 un nouvel environnement o\u00f9 tout lui para\u00eet diff\u00e9rent : l\u2019\u00e9cole secondaire, les camarades qui l\u2019observent avec m\u00e9fiance, et une \u00e9l\u00e8ve d\u00e9termin\u00e9e \u00e0 lui mettre des b\u00e2tons dans les roues. Au milieu de ces tensions, un grand concours de talents attire son attention et devient une occasion de prouver ce qu\u2019elle vaut. La question demeure : saura-t-elle trouver sa place et relever ce d\u00e9fi inattendu ?<\/p>\n\n\n\n<p><em>Fleur-d\u2019hiver<\/em>&nbsp;raconte l\u2019histoire d\u2019une jeune fille qui quitte sa campagne pour s\u2019installer en ville avec ses parents. Enthousiaste mais un peu anxieuse, elle d\u00e9couvre le monde de l\u2019\u00e9cole secondaire, entre nouvelles amiti\u00e9s, premiers d\u00e9fis et une camarade qui cherche \u00e0 lui compliquer la vie. Alors qu\u2019un grand concours de talents approche, Fleur-d\u2019hiver doit trouver la confiance n\u00e9cessaire pour affronter des rivales d\u00e9termin\u00e9es. Ce livre m\u00eale aventure, \u00e9motions et cr\u00e9ativit\u00e9, avec de belles illustrations \u00e0 colorier qui accompagnent son parcours.<\/p>\n\n\n\n<p>Con\u00e7u comme un r\u00e9cit \u00e0 lire et \u00e0 colorier, l\u2019album encourage les enfants \u00e0 s\u2019immerger davantage dans l\u2019univers de l\u2019h\u00e9ro\u00efne gr\u00e2ce aux illustrations int\u00e9gr\u00e9es. Ce format interactif permet \u00e0 Stessa d\u2019aborder des th\u00e8mes qui lui tiennent \u00e0 c\u0153ur : l\u2019adaptation \u00e0 un nouvel espace de vie, la naissance de l\u2019amiti\u00e9 et l\u2019importance de la pers\u00e9v\u00e9rance face aux obstacles.<\/p>\n\n\n\n<p>N\u00e9e le 10 octobre 2014, Stessa s\u2019est int\u00e9ress\u00e9e tr\u00e8s t\u00f4t \u00e0 l\u2019\u00e9criture. \u00c0 8 ans, elle r\u00e9dige d\u00e9j\u00e0 ses premiers textes, inspir\u00e9e par son oncle Kenny Laguerre, com\u00e9dien, qui lui offre ses premiers livres et l\u2019encourage \u00e0 s\u2019\u00e9panouir dans la lecture. Elle puise \u00e9galement dans les histoires que lui racontait sa m\u00e8re, ce qui nourrit son envie de cr\u00e9er ses propres r\u00e9cits pour son petit fr\u00e8re et sa petite s\u0153ur, qu\u2019elle qualifie de \u00ab premiers fans \u00bb.<\/p>\n\n\n\n<p>Outre l\u2019\u00e9criture, elle d\u00e9veloppe de nombreuses passions : la lecture, la conception graphique, la danse, le chant, le montage vid\u00e9o et le crochet. Elle se projette dans un avenir o\u00f9 elle deviendra biblioth\u00e9caire et graphiste, et r\u00eave de cr\u00e9er une immense biblioth\u00e8que ouverte \u00e0 tous les enfants, particuli\u00e8rement ceux qui n\u2019ont pas acc\u00e8s aux livres.<\/p>\n\n\n\n<p>Apr\u00e8s&nbsp;<em>Les aventures de Monsieur Patate<\/em>, paru en 2024,&nbsp;<em>Fleur-d\u2019hiver<\/em>&nbsp;confirme la d\u00e9termination de la jeune autrice. Elle travaille d\u00e9j\u00e0 sur six autres manuscrits, preuve de son engagement envers la litt\u00e9rature jeunesse et de son d\u00e9sir de faire voyager les enfants \u00e0 travers ses histoires.<\/p>\n\n\n\n<p>La vente-signature de&nbsp;<em>Fleur-d\u2019hiver<\/em>&nbsp;est pr\u00e9vue lors du Salon du Livre de Port-au-Prince, le 12 d\u00e9cembre 2025, \u00e0 La R\u00e9serve H\u00f4tel, \u00e0 P\u00e9tion-Ville. Cette troisi\u00e8me \u00e9dition, organis\u00e9e sous le th\u00e8me \u00ab Prendre le temps de vivre et de r\u00eaver \u00bb, mettra en avant une programmation vari\u00e9e, des auteurs invit\u00e9s et de nouvelles initiatives destin\u00e9es \u00e0 promouvoir la lecture et la cr\u00e9ation litt\u00e9raire.<\/p>\n\n\n\n<p>Mederson Alcindor<\/p>\n\n    <div class=\"xs_social_share_widget xs_share_url after_content \t\tmain_content  wslu-style-3 wslu-share-box-shaped wslu-fill-brand-hover-colored wslu-share-m-5 wslu-none wslu-share-horizontal wslu-theme-font-no wslu-main_content\">\n\n\t\t\n        <ul>\n\t\t\t                    <li class=\"xs-share-li twitter                        wslu-no-extra-data\">\n                        <a href=\"javascript:void(0);\"\n                           id=\"xs_feed_twitter\"\n                           onclick=\"xs_social_sharer(this);\"\n                           data-pid=\"5170\"\n                           data-uri_hash=\"cc191b4e4bc389e162a706d626df60f4\"\n                           data-key=\"twitter\"\n                           data-xs-href=\"https:\/\/twitter.com\/intent\/tweet?text=Avec+Fleur-d%E2%80%99hiver%2C+Stessa+Bigord+signe+un+second+ouvrage+pour+enrichir+la+litt%C3%A9rature+enfantine+https%3A%2F%2Fvelipost.com%2Findex.php%3Frest_route%3D%252Fwp%252Fv2%252Fposts%252F5170&amp;original_referer=https%3A%2F%2Fvelipost.com%2Findex.php%3Frest_route%3D%252Fwp%252Fv2%252Fposts%252F5170&amp;related=xpeedstudio\">\n\n                            <div class=\"xs-social-icon\">\n                                <span class=\"met-social met-social-twitter\"><\/span>\n                            <\/div>\n\n\t\t\t\t\t\t\t\n                            <div class=\"wslu-hover-content\">\n                                <div class=\"xs-social-followers\">\n\t\t\t\t\t\t\t\t\t10                                <\/div>\n                                <div class=\"xs-social-follower-text\">\n\t\t\t\t\t\t\t\t\tShare                                <\/div>\n                                <div class=\"xs-social-follower-label\">\n\t\t\t\t\t\t\t\t\tTwitter                                <\/div>\n                            <\/div>\n                        <\/a>\n                    <\/li>\n\t\t\t\t\t                    <li class=\"xs-share-li telegram                        wslu-no-extra-data\">\n                        <a href=\"javascript:void(0);\"\n                           id=\"xs_feed_telegram\"\n                           onclick=\"xs_social_sharer(this);\"\n                           data-pid=\"5170\"\n                           data-uri_hash=\"cc191b4e4bc389e162a706d626df60f4\"\n                           data-key=\"telegram\"\n                           data-xs-href=\"https:\/\/telegram.me\/share\/url?url=https%3A%2F%2Fvelipost.com%2Findex.php%3Frest_route%3D%252Fwp%252Fv2%252Fposts%252F5170&amp;text=Avec+Fleur-d%E2%80%99hiver%2C+Stessa+Bigord+signe+un+second+ouvrage+pour+enrichir+la+litt%C3%A9rature+enfantine\">\n\n                            <div class=\"xs-social-icon\">\n                                <span class=\"met-social met-social-telegram\"><\/span>\n                            <\/div>\n\n\t\t\t\t\t\t\t\n                            <div class=\"wslu-hover-content\">\n                                <div class=\"xs-social-followers\">\n\t\t\t\t\t\t\t\t\t0                                <\/div>\n                                <div class=\"xs-social-follower-text\">\n\t\t\t\t\t\t\t\t\tShare                                <\/div>\n                                <div class=\"xs-social-follower-label\">\n\t\t\t\t\t\t\t\t\tTelegram                                <\/div>\n                            <\/div>\n                        <\/a>\n                    <\/li>\n\t\t\t\t\t                    <li class=\"xs-share-li email                        wslu-no-extra-data\">\n                        <a href=\"javascript:void(0);\"\n                           id=\"xs_feed_email\"\n                           onclick=\"xs_social_sharer(this);\"\n                           data-pid=\"5170\"\n                           data-uri_hash=\"cc191b4e4bc389e162a706d626df60f4\"\n                           data-key=\"email\"\n                           data-xs-href=\"mailto:?body=Title%3A+Avec+Fleur-d%E2%80%99hiver%2C+Stessa+Bigord+signe+un+second+ouvrage+pour+enrichir+la+litt%C3%A9rature+enfantine+%5Cn%5Cn+URL%3A+https%3A%2F%2Fvelipost.com%2Findex.php%3Frest_route%3D%252Fwp%252Fv2%252Fposts%252F5170&amp;subject=Avec+Fleur-d%E2%80%99hiver%2C+Stessa+Bigord+signe+un+second+ouvrage+pour+enrichir+la+litt%C3%A9rature+enfantine\">\n\n                            <div class=\"xs-social-icon\">\n                                <span class=\"met-social met-social-email\"><\/span>\n                            <\/div>\n\n\t\t\t\t\t\t\t\n                            <div class=\"wslu-hover-content\">\n                                <div class=\"xs-social-followers\">\n\t\t\t\t\t\t\t\t\t0                                <\/div>\n                                <div class=\"xs-social-follower-text\">\n\t\t\t\t\t\t\t\t\tShare                                <\/div>\n                                <div class=\"xs-social-follower-label\">\n\t\t\t\t\t\t\t\t\tEmail                                <\/div>\n                            <\/div>\n                        <\/a>\n                    <\/li>\n\t\t\t\t\t        <\/ul>\n    <\/div> \n","protected":false},"excerpt":{"rendered":"<p>La jeune autrice Stessa May-Irah Bigord, \u00e2g\u00e9e de 11 ans, publie&nbsp;Fleur-d\u2019hiver, son deuxi\u00e8me ouvrage, qui sera pr\u00e9sent\u00e9 \u00e0 l\u2019occasion de la troisi\u00e8me \u00e9dition du<\/p>\n","protected":false},"author":1,"featured_media":5171,"comment_status":"open","ping_status":"open","sticky":false,"template":"","format":"standard","meta":{"_uag_custom_page_level_css":"","footnotes":"","jetpack_publicize_message":"","jetpack_publicize_feature_enabled":true,"jetpack_social_post_already_shared":true,"jetpack_social_options":{"image_generator_settings":{"template":"highway","default_image_id":0,"font":"","enabled":false},"version":2}},"categories":[442],"tags":[],"class_list":["post-5170","post","type-post","status-publish","format-standard","has-post-thumbnail","hentry","category-litterature"],"yoast_head":"<!-- This site is optimized with the Yoast SEO plugin v25.3.1 - https:\/\/yoast.com\/wordpress\/plugins\/seo\/ -->\n<title>Avec Fleur-d\u2019hiver, Stessa Bigord signe un second ouvrage pour enrichir la litt\u00e9rature enfantine &#8211; VeliPost<\/title>\n<meta name=\"robots\" content=\"index, follow, max-snippet:-1, max-image-preview:large, max-video-preview:-1\" \/>\n<link rel=\"canonical\" href=\"https:\/\/velipost.com\/?p=5170\" \/>\n<meta property=\"og:locale\" content=\"fr_FR\" \/>\n<meta property=\"og:type\" content=\"article\" \/>\n<meta property=\"og:title\" content=\"Avec Fleur-d\u2019hiver, Stessa Bigord signe un second ouvrage pour enrichir la litt\u00e9rature enfantine &#8211; VeliPost\" \/>\n<meta property=\"og:description\" content=\"La jeune autrice Stessa May-Irah Bigord, \u00e2g\u00e9e de 11 ans, publie&nbsp;Fleur-d\u2019hiver, son deuxi\u00e8me ouvrage, qui sera pr\u00e9sent\u00e9 \u00e0 l\u2019occasion de la troisi\u00e8me \u00e9dition du\" \/>\n<meta property=\"og:url\" content=\"https:\/\/velipost.com\/?p=5170\" \/>\n<meta property=\"og:site_name\" content=\"VeliPost\" \/>\n<meta property=\"article:publisher\" content=\"https:\/\/www.facebook.com\/veliposthaiti\" \/>\n<meta property=\"article:published_time\" content=\"2025-12-11T16:45:27+00:00\" \/>\n<meta property=\"article:modified_time\" content=\"2025-12-11T17:05:56+00:00\" \/>\n<meta property=\"og:image\" content=\"https:\/\/velipost.com\/wp-content\/uploads\/2025\/12\/Fleur-dhiver.jpg\" \/>\n\t<meta property=\"og:image:width\" content=\"1170\" \/>\n\t<meta property=\"og:image:height\" content=\"603\" \/>\n\t<meta property=\"og:image:type\" content=\"image\/jpeg\" \/>\n<meta name=\"author\" content=\"VeliPost\" \/>\n<meta name=\"twitter:card\" content=\"summary_large_image\" \/>\n<meta name=\"twitter:creator\" content=\"@veliposthaiti\" \/>\n<meta name=\"twitter:site\" content=\"@veliposthaiti\" \/>\n<meta name=\"twitter:label1\" content=\"\u00c9crit par\" \/>\n\t<meta name=\"twitter:data1\" content=\"VeliPost\" \/>\n\t<meta name=\"twitter:label2\" content=\"Dur\u00e9e de lecture estim\u00e9e\" \/>\n\t<meta name=\"twitter:data2\" content=\"3 minutes\" \/>\n<script type=\"application\/ld+json\" class=\"yoast-schema-graph\">{\"@context\":\"https:\/\/schema.org\",\"@graph\":[{\"@type\":\"Article\",\"@id\":\"https:\/\/velipost.com\/?p=5170#article\",\"isPartOf\":{\"@id\":\"https:\/\/velipost.com\/?p=5170\"},\"author\":{\"name\":\"VeliPost\",\"@id\":\"https:\/\/velipost.com\/#\/schema\/person\/32ff49a53c9c1bb24302ee8ece058096\"},\"headline\":\"Avec Fleur-d\u2019hiver, Stessa Bigord signe un second ouvrage pour enrichir la litt\u00e9rature enfantine\",\"datePublished\":\"2025-12-11T16:45:27+00:00\",\"dateModified\":\"2025-12-11T17:05:56+00:00\",\"mainEntityOfPage\":{\"@id\":\"https:\/\/velipost.com\/?p=5170\"},\"wordCount\":613,\"commentCount\":0,\"publisher\":{\"@id\":\"https:\/\/velipost.com\/#organization\"},\"image\":{\"@id\":\"https:\/\/velipost.com\/?p=5170#primaryimage\"},\"thumbnailUrl\":\"https:\/\/velipost.com\/wp-content\/uploads\/2025\/12\/Fleur-dhiver.jpg\",\"articleSection\":[\"Litt\u00e9rature\"],\"inLanguage\":\"fr-FR\",\"potentialAction\":[{\"@type\":\"CommentAction\",\"name\":\"Comment\",\"target\":[\"https:\/\/velipost.com\/?p=5170#respond\"]}]},{\"@type\":\"WebPage\",\"@id\":\"https:\/\/velipost.com\/?p=5170\",\"url\":\"https:\/\/velipost.com\/?p=5170\",\"name\":\"Avec Fleur-d\u2019hiver, Stessa Bigord signe un second ouvrage pour enrichir la litt\u00e9rature enfantine &#8211; VeliPost\",\"isPartOf\":{\"@id\":\"https:\/\/velipost.com\/#website\"},\"primaryImageOfPage\":{\"@id\":\"https:\/\/velipost.com\/?p=5170#primaryimage\"},\"image\":{\"@id\":\"https:\/\/velipost.com\/?p=5170#primaryimage\"},\"thumbnailUrl\":\"https:\/\/velipost.com\/wp-content\/uploads\/2025\/12\/Fleur-dhiver.jpg\",\"datePublished\":\"2025-12-11T16:45:27+00:00\",\"dateModified\":\"2025-12-11T17:05:56+00:00\",\"breadcrumb\":{\"@id\":\"https:\/\/velipost.com\/?p=5170#breadcrumb\"},\"inLanguage\":\"fr-FR\",\"potentialAction\":[{\"@type\":\"ReadAction\",\"target\":[\"https:\/\/velipost.com\/?p=5170\"]}]},{\"@type\":\"ImageObject\",\"inLanguage\":\"fr-FR\",\"@id\":\"https:\/\/velipost.com\/?p=5170#primaryimage\",\"url\":\"https:\/\/velipost.com\/wp-content\/uploads\/2025\/12\/Fleur-dhiver.jpg\",\"contentUrl\":\"https:\/\/velipost.com\/wp-content\/uploads\/2025\/12\/Fleur-dhiver.jpg\",\"width\":1170,\"height\":603},{\"@type\":\"BreadcrumbList\",\"@id\":\"https:\/\/velipost.com\/?p=5170#breadcrumb\",\"itemListElement\":[{\"@type\":\"ListItem\",\"position\":1,\"name\":\"Accueil\",\"item\":\"https:\/\/velipost.com\/\"},{\"@type\":\"ListItem\",\"position\":2,\"name\":\"Avec Fleur-d\u2019hiver, Stessa Bigord signe un second ouvrage pour enrichir la litt\u00e9rature enfantine\"}]},{\"@type\":\"WebSite\",\"@id\":\"https:\/\/velipost.com\/#website\",\"url\":\"https:\/\/velipost.com\/\",\"name\":\"VeliPost\",\"description\":\"L\u2019info en un clic\",\"publisher\":{\"@id\":\"https:\/\/velipost.com\/#organization\"},\"potentialAction\":[{\"@type\":\"SearchAction\",\"target\":{\"@type\":\"EntryPoint\",\"urlTemplate\":\"https:\/\/velipost.com\/?s={search_term_string}\"},\"query-input\":{\"@type\":\"PropertyValueSpecification\",\"valueRequired\":true,\"valueName\":\"search_term_string\"}}],\"inLanguage\":\"fr-FR\"},{\"@type\":\"Organization\",\"@id\":\"https:\/\/velipost.com\/#organization\",\"name\":\"VeliPost\",\"url\":\"https:\/\/velipost.com\/\",\"logo\":{\"@type\":\"ImageObject\",\"inLanguage\":\"fr-FR\",\"@id\":\"https:\/\/velipost.com\/#\/schema\/logo\/image\/\",\"url\":\"https:\/\/velipost.com\/wp-content\/uploads\/2024\/08\/cropped-VP-logo-piti.png\",\"contentUrl\":\"https:\/\/velipost.com\/wp-content\/uploads\/2024\/08\/cropped-VP-logo-piti.png\",\"width\":201,\"height\":69,\"caption\":\"VeliPost\"},\"image\":{\"@id\":\"https:\/\/velipost.com\/#\/schema\/logo\/image\/\"},\"sameAs\":[\"https:\/\/www.facebook.com\/veliposthaiti\",\"https:\/\/x.com\/veliposthaiti\",\"https:\/\/www.instagram.com\/veliposthaiti\"]},{\"@type\":\"Person\",\"@id\":\"https:\/\/velipost.com\/#\/schema\/person\/32ff49a53c9c1bb24302ee8ece058096\",\"name\":\"VeliPost\",\"image\":{\"@type\":\"ImageObject\",\"inLanguage\":\"fr-FR\",\"@id\":\"https:\/\/velipost.com\/#\/schema\/person\/image\/\",\"url\":\"https:\/\/secure.gravatar.com\/avatar\/57c226c264de62f794185a89596d4a37b85a5ad20aca30d9d5a478b27d8c8d9d?s=96&d=mm&r=g\",\"contentUrl\":\"https:\/\/secure.gravatar.com\/avatar\/57c226c264de62f794185a89596d4a37b85a5ad20aca30d9d5a478b27d8c8d9d?s=96&d=mm&r=g\",\"caption\":\"VeliPost\"},\"sameAs\":[\"https:\/\/velipost.com\"],\"url\":\"https:\/\/velipost.com\/?author=1\"}]}<\/script>\n<!-- \/ Yoast SEO plugin. -->","yoast_head_json":{"title":"Avec Fleur-d\u2019hiver, Stessa Bigord signe un second ouvrage pour enrichir la litt\u00e9rature enfantine &#8211; VeliPost","robots":{"index":"index","follow":"follow","max-snippet":"max-snippet:-1","max-image-preview":"max-image-preview:large","max-video-preview":"max-video-preview:-1"},"canonical":"https:\/\/velipost.com\/?p=5170","og_locale":"fr_FR","og_type":"article","og_title":"Avec Fleur-d\u2019hiver, Stessa Bigord signe un second ouvrage pour enrichir la litt\u00e9rature enfantine &#8211; VeliPost","og_description":"La jeune autrice Stessa May-Irah Bigord, \u00e2g\u00e9e de 11 ans, publie&nbsp;Fleur-d\u2019hiver, son deuxi\u00e8me ouvrage, qui sera pr\u00e9sent\u00e9 \u00e0 l\u2019occasion de la troisi\u00e8me \u00e9dition du","og_url":"https:\/\/velipost.com\/?p=5170","og_site_name":"VeliPost","article_publisher":"https:\/\/www.facebook.com\/veliposthaiti","article_published_time":"2025-12-11T16:45:27+00:00","article_modified_time":"2025-12-11T17:05:56+00:00","og_image":[{"width":1170,"height":603,"url":"https:\/\/velipost.com\/wp-content\/uploads\/2025\/12\/Fleur-dhiver.jpg","type":"image\/jpeg"}],"author":"VeliPost","twitter_card":"summary_large_image","twitter_creator":"@veliposthaiti","twitter_site":"@veliposthaiti","twitter_misc":{"\u00c9crit par":"VeliPost","Dur\u00e9e de lecture estim\u00e9e":"3 minutes"},"schema":{"@context":"https:\/\/schema.org","@graph":[{"@type":"Article","@id":"https:\/\/velipost.com\/?p=5170#article","isPartOf":{"@id":"https:\/\/velipost.com\/?p=5170"},"author":{"name":"VeliPost","@id":"https:\/\/velipost.com\/#\/schema\/person\/32ff49a53c9c1bb24302ee8ece058096"},"headline":"Avec Fleur-d\u2019hiver, Stessa Bigord signe un second ouvrage pour enrichir la litt\u00e9rature enfantine","datePublished":"2025-12-11T16:45:27+00:00","dateModified":"2025-12-11T17:05:56+00:00","mainEntityOfPage":{"@id":"https:\/\/velipost.com\/?p=5170"},"wordCount":613,"commentCount":0,"publisher":{"@id":"https:\/\/velipost.com\/#organization"},"image":{"@id":"https:\/\/velipost.com\/?p=5170#primaryimage"},"thumbnailUrl":"https:\/\/velipost.com\/wp-content\/uploads\/2025\/12\/Fleur-dhiver.jpg","articleSection":["Litt\u00e9rature"],"inLanguage":"fr-FR","potentialAction":[{"@type":"CommentAction","name":"Comment","target":["https:\/\/velipost.com\/?p=5170#respond"]}]},{"@type":"WebPage","@id":"https:\/\/velipost.com\/?p=5170","url":"https:\/\/velipost.com\/?p=5170","name":"Avec Fleur-d\u2019hiver, Stessa Bigord signe un second ouvrage pour enrichir la litt\u00e9rature enfantine &#8211; VeliPost","isPartOf":{"@id":"https:\/\/velipost.com\/#website"},"primaryImageOfPage":{"@id":"https:\/\/velipost.com\/?p=5170#primaryimage"},"image":{"@id":"https:\/\/velipost.com\/?p=5170#primaryimage"},"thumbnailUrl":"https:\/\/velipost.com\/wp-content\/uploads\/2025\/12\/Fleur-dhiver.jpg","datePublished":"2025-12-11T16:45:27+00:00","dateModified":"2025-12-11T17:05:56+00:00","breadcrumb":{"@id":"https:\/\/velipost.com\/?p=5170#breadcrumb"},"inLanguage":"fr-FR","potentialAction":[{"@type":"ReadAction","target":["https:\/\/velipost.com\/?p=5170"]}]},{"@type":"ImageObject","inLanguage":"fr-FR","@id":"https:\/\/velipost.com\/?p=5170#primaryimage","url":"https:\/\/velipost.com\/wp-content\/uploads\/2025\/12\/Fleur-dhiver.jpg","contentUrl":"https:\/\/velipost.com\/wp-content\/uploads\/2025\/12\/Fleur-dhiver.jpg","width":1170,"height":603},{"@type":"BreadcrumbList","@id":"https:\/\/velipost.com\/?p=5170#breadcrumb","itemListElement":[{"@type":"ListItem","position":1,"name":"Accueil","item":"https:\/\/velipost.com\/"},{"@type":"ListItem","position":2,"name":"Avec Fleur-d\u2019hiver, Stessa Bigord signe un second ouvrage pour enrichir la litt\u00e9rature enfantine"}]},{"@type":"WebSite","@id":"https:\/\/velipost.com\/#website","url":"https:\/\/velipost.com\/","name":"VeliPost","description":"L\u2019info en un clic","publisher":{"@id":"https:\/\/velipost.com\/#organization"},"potentialAction":[{"@type":"SearchAction","target":{"@type":"EntryPoint","urlTemplate":"https:\/\/velipost.com\/?s={search_term_string}"},"query-input":{"@type":"PropertyValueSpecification","valueRequired":true,"valueName":"search_term_string"}}],"inLanguage":"fr-FR"},{"@type":"Organization","@id":"https:\/\/velipost.com\/#organization","name":"VeliPost","url":"https:\/\/velipost.com\/","logo":{"@type":"ImageObject","inLanguage":"fr-FR","@id":"https:\/\/velipost.com\/#\/schema\/logo\/image\/","url":"https:\/\/velipost.com\/wp-content\/uploads\/2024\/08\/cropped-VP-logo-piti.png","contentUrl":"https:\/\/velipost.com\/wp-content\/uploads\/2024\/08\/cropped-VP-logo-piti.png","width":201,"height":69,"caption":"VeliPost"},"image":{"@id":"https:\/\/velipost.com\/#\/schema\/logo\/image\/"},"sameAs":["https:\/\/www.facebook.com\/veliposthaiti","https:\/\/x.com\/veliposthaiti","https:\/\/www.instagram.com\/veliposthaiti"]},{"@type":"Person","@id":"https:\/\/velipost.com\/#\/schema\/person\/32ff49a53c9c1bb24302ee8ece058096","name":"VeliPost","image":{"@type":"ImageObject","inLanguage":"fr-FR","@id":"https:\/\/velipost.com\/#\/schema\/person\/image\/","url":"https:\/\/secure.gravatar.com\/avatar\/57c226c264de62f794185a89596d4a37b85a5ad20aca30d9d5a478b27d8c8d9d?s=96&d=mm&r=g","contentUrl":"https:\/\/secure.gravatar.com\/avatar\/57c226c264de62f794185a89596d4a37b85a5ad20aca30d9d5a478b27d8c8d9d?s=96&d=mm&r=g","caption":"VeliPost"},"sameAs":["https:\/\/velipost.com"],"url":"https:\/\/velipost.com\/?author=1"}]}},"views":0,"jetpack_publicize_connections":[],"uagb_featured_image_src":{"full":["https:\/\/velipost.com\/wp-content\/uploads\/2025\/12\/Fleur-dhiver.jpg",1170,603,false],"thumbnail":["https:\/\/velipost.com\/wp-content\/uploads\/2025\/12\/Fleur-dhiver-150x150.jpg",150,150,true],"medium":["https:\/\/velipost.com\/wp-content\/uploads\/2025\/12\/Fleur-dhiver-300x155.jpg",300,155,true],"medium_large":["https:\/\/velipost.com\/wp-content\/uploads\/2025\/12\/Fleur-dhiver-768x396.jpg",715,369,true],"large":["https:\/\/velipost.com\/wp-content\/uploads\/2025\/12\/Fleur-dhiver-1024x528.jpg",715,369,true],"1536x1536":["https:\/\/velipost.com\/wp-content\/uploads\/2025\/12\/Fleur-dhiver.jpg",1170,603,false],"2048x2048":["https:\/\/velipost.com\/wp-content\/uploads\/2025\/12\/Fleur-dhiver.jpg",1170,603,false],"colornews-big-slider":["https:\/\/velipost.com\/wp-content\/uploads\/2025\/12\/Fleur-dhiver-1070x470.jpg",1070,470,true],"colornews-big-slider-thumb":["https:\/\/velipost.com\/wp-content\/uploads\/2025\/12\/Fleur-dhiver-184x109.jpg",184,109,true],"colornews-featured-post-medium":["https:\/\/velipost.com\/wp-content\/uploads\/2025\/12\/Fleur-dhiver-345x265.jpg",345,265,true],"colornews-featured-post-small":["https:\/\/velipost.com\/wp-content\/uploads\/2025\/12\/Fleur-dhiver-115x73.jpg",115,73,true],"colornews-random-posts":["https:\/\/velipost.com\/wp-content\/uploads\/2025\/12\/Fleur-dhiver-215x215.jpg",215,215,true],"colornews-featured-image":["https:\/\/velipost.com\/wp-content\/uploads\/2025\/12\/Fleur-dhiver-715x400.jpg",715,400,true],"mailpoet_newsletter_max":["https:\/\/velipost.com\/wp-content\/uploads\/2025\/12\/Fleur-dhiver.jpg",1170,603,false]},"uagb_author_info":{"display_name":"VeliPost","author_link":"https:\/\/velipost.com\/?author=1"},"uagb_comment_info":0,"uagb_excerpt":"La jeune autrice Stessa May-Irah Bigord, \u00e2g\u00e9e de 11 ans, publie&nbsp;Fleur-d\u2019hiver, son deuxi\u00e8me ouvrage, qui sera pr\u00e9sent\u00e9 \u00e0 l\u2019occasion de la troisi\u00e8me \u00e9dition du","_links":{"self":[{"href":"https:\/\/velipost.com\/index.php?rest_route=\/wp\/v2\/posts\/5170","targetHints":{"allow":["GET"]}}],"collection":[{"href":"https:\/\/velipost.com\/index.php?rest_route=\/wp\/v2\/posts"}],"about":[{"href":"https:\/\/velipost.com\/index.php?rest_route=\/wp\/v2\/types\/post"}],"author":[{"embeddable":true,"href":"https:\/\/velipost.com\/index.php?rest_route=\/wp\/v2\/users\/1"}],"replies":[{"embeddable":true,"href":"https:\/\/velipost.com\/index.php?rest_route=%2Fwp%2Fv2%2Fcomments&post=5170"}],"version-history":[{"count":2,"href":"https:\/\/velipost.com\/index.php?rest_route=\/wp\/v2\/posts\/5170\/revisions"}],"predecessor-version":[{"id":5173,"href":"https:\/\/velipost.com\/index.php?rest_route=\/wp\/v2\/posts\/5170\/revisions\/5173"}],"wp:featuredmedia":[{"embeddable":true,"href":"https:\/\/velipost.com\/index.php?rest_route=\/wp\/v2\/media\/5171"}],"wp:attachment":[{"href":"https:\/\/velipost.com\/index.php?rest_route=%2Fwp%2Fv2%2Fmedia&parent=5170"}],"wp:term":[{"taxonomy":"category","embeddable":true,"href":"https:\/\/velipost.com\/index.php?rest_route=%2Fwp%2Fv2%2Fcategories&post=5170"},{"taxonomy":"post_tag","embeddable":true,"href":"https:\/\/velipost.com\/index.php?rest_route=%2Fwp%2Fv2%2Ftags&post=5170"}],"curies":[{"name":"wp","href":"https:\/\/api.w.org\/{rel}","templated":true}]}}