{"id":5166,"date":"2025-12-11T17:20:35","date_gmt":"2025-12-11T16:20:35","guid":{"rendered":"https:\/\/velipost.com\/?p=5166"},"modified":"2025-12-11T17:20:38","modified_gmt":"2025-12-11T16:20:38","slug":"la-8e-edition-des-journees-internationales-de-la-diaspora-haitienne-se-tiendra-du-17-au-19-avril-2026-a-montreal","status":"publish","type":"post","link":"https:\/\/velipost.com\/?p=5166","title":{"rendered":"La 8e \u00e9dition des Journ\u00e9es Internationales de la Diaspora Ha\u00eftienne se tiendra du 17 au 19 avril 2026 \u00e0 Montr\u00e9al"},"content":{"rendered":"\n<p>Du <strong>17 au 19 avril 2026<\/strong>, Montr\u00e9al deviendra l\u2019\u00e9picentre d\u2019un \u00e9v\u00e9nement d\u2019envergure internationale avec la tenue de la <strong>8\u1d49 \u00e9dition des Journ\u00e9es Internationales de la Diaspora Ha\u00eftienne (JIDH)<\/strong>. Cette \u00e9dition, plac\u00e9e sous le th\u00e8me <strong>\u00ab S\u2019unir pour une communaut\u00e9 forte et solidaire, tourn\u00e9e vers un avenir meilleur \u00bb<\/strong>, entend insuffler une nouvelle dynamique \u00e0 la mobilisation des Ha\u00eftiens \u00e9tablis aux quatre coins du globe.<\/p>\n\n\n\n<p>Durant trois jours, la m\u00e9tropole canadienne accueillera une diversit\u00e9 d\u2019acteurs issus de la communaut\u00e9 ha\u00eftienne et de ses alli\u00e9s : institutions, organisations socio-\u00e9conomiques, chercheurs, entrepreneurs innovants, investisseurs, artistes, jeunes professionnels et leaders culturels. L\u2019objectif est clair : ouvrir un espace de r\u00e9flexion, de proposition et de collaboration autour du r\u00f4le d\u00e9terminant que joue la diaspora dans le d\u00e9veloppement futur d\u2019Ha\u00efti et dans le rayonnement de sa culture.<\/p>\n\n\n\n<p>Cette \u00e9dition mettra en avant un programme ambitieux, pens\u00e9 pour cr\u00e9er un v\u00e9ritable pont entre les initiatives locales et les perspectives internationales. Au menu : conf\u00e9rences de haut niveau, panels th\u00e9matiques, ateliers strat\u00e9giques, salons \u00e9conomiques, rencontres de r\u00e9seautage, vitrines d\u2019innovation, expositions culturelles, ainsi qu\u2019un gala de distinction destin\u00e9 \u00e0 honorer les personnalit\u00e9s qui contribuent activement au dynamisme de la diaspora. Des entreprises priv\u00e9es prendront \u00e9galement part \u00e0 l\u2019\u00e9v\u00e9nement \u00e0 travers des concours, des prix sp\u00e9ciaux et des opportunit\u00e9s de recrutement.<\/p>\n\n\n\n<p>L\u2019\u00e9dition 2026 se veut \u00e9galement un espace de r\u00e9flexion strat\u00e9gique sur les d\u00e9fis actuels d\u2019Ha\u00efti. Gouvernance, relance \u00e9conomique, innovation sociale, d\u00e9veloppement rural, mobilit\u00e9 de la diaspora, engagement des jeunes et \u00e9galit\u00e9 des genres figureront parmi les th\u00e9matiques phares. Les JIDH entendent ainsi transformer Montr\u00e9al en une plateforme d\u2019id\u00e9es et de solutions, o\u00f9 experts, leaders communautaires et partenaires internationaux pourront imaginer des initiatives concr\u00e8tes et durables pour renforcer l\u2019avenir de la communaut\u00e9 ha\u00eftienne.<\/p>\n\n\n\n<p>Les JIDH 2026 s\u2019annoncent comme un moment cl\u00e9 pour consolider les liens entre les Ha\u00eftiens d\u2019ici et d\u2019ailleurs, tout en amplifiant la contribution de la diaspora dans la construction d\u2019un avenir collectif, plus stable, plus prosp\u00e8re et profond\u00e9ment solidaire. Les organisateurs invitent d\u00e9j\u00e0 les partenaires et les membres de la communaut\u00e9 \u00e0 r\u00e9server ces dates pour participer \u00e0 un rendez-vous qui promet d\u2019\u00eatre mobilisateur, inspirant et d\u00e9terminant pour la diaspora ha\u00eftienne.<\/p>\n\n    <div class=\"xs_social_share_widget xs_share_url after_content \t\tmain_content  wslu-style-3 wslu-share-box-shaped wslu-fill-brand-hover-colored wslu-share-m-5 wslu-none wslu-share-horizontal wslu-theme-font-no wslu-main_content\">\n\n\t\t\n        <ul>\n\t\t\t                    <li class=\"xs-share-li twitter                        wslu-no-extra-data\">\n                        <a href=\"javascript:void(0);\"\n                           id=\"xs_feed_twitter\"\n                           onclick=\"xs_social_sharer(this);\"\n                           data-pid=\"5166\"\n                           data-uri_hash=\"d06c0b90e2c675392673793f38f79cf0\"\n                           data-key=\"twitter\"\n                           data-xs-href=\"https:\/\/twitter.com\/intent\/tweet?text=La+8e+%C3%A9dition+des+Journ%C3%A9es+Internationales+de+la+Diaspora+Ha%C3%AFtienne+se+tiendra+du+17+au+19+avril+2026+%C3%A0+Montr%C3%A9al+https%3A%2F%2Fvelipost.com%2Findex.php%3Frest_route%3D%252Fwp%252Fv2%252Fposts%252F5166&amp;original_referer=https%3A%2F%2Fvelipost.com%2Findex.php%3Frest_route%3D%252Fwp%252Fv2%252Fposts%252F5166&amp;related=xpeedstudio\">\n\n                            <div class=\"xs-social-icon\">\n                                <span class=\"met-social met-social-twitter\"><\/span>\n                            <\/div>\n\n\t\t\t\t\t\t\t\n                            <div class=\"wslu-hover-content\">\n                                <div class=\"xs-social-followers\">\n\t\t\t\t\t\t\t\t\t10                                <\/div>\n                                <div class=\"xs-social-follower-text\">\n\t\t\t\t\t\t\t\t\tShare                                <\/div>\n                                <div class=\"xs-social-follower-label\">\n\t\t\t\t\t\t\t\t\tTwitter                                <\/div>\n                            <\/div>\n                        <\/a>\n                    <\/li>\n\t\t\t\t\t                    <li class=\"xs-share-li telegram                        wslu-no-extra-data\">\n                        <a href=\"javascript:void(0);\"\n                           id=\"xs_feed_telegram\"\n                           onclick=\"xs_social_sharer(this);\"\n                           data-pid=\"5166\"\n                           data-uri_hash=\"d06c0b90e2c675392673793f38f79cf0\"\n                           data-key=\"telegram\"\n                           data-xs-href=\"https:\/\/telegram.me\/share\/url?url=https%3A%2F%2Fvelipost.com%2Findex.php%3Frest_route%3D%252Fwp%252Fv2%252Fposts%252F5166&amp;text=La+8e+%C3%A9dition+des+Journ%C3%A9es+Internationales+de+la+Diaspora+Ha%C3%AFtienne+se+tiendra+du+17+au+19+avril+2026+%C3%A0+Montr%C3%A9al\">\n\n                            <div class=\"xs-social-icon\">\n                                <span class=\"met-social met-social-telegram\"><\/span>\n                            <\/div>\n\n\t\t\t\t\t\t\t\n                            <div class=\"wslu-hover-content\">\n                                <div class=\"xs-social-followers\">\n\t\t\t\t\t\t\t\t\t0                                <\/div>\n                                <div class=\"xs-social-follower-text\">\n\t\t\t\t\t\t\t\t\tShare                                <\/div>\n                                <div class=\"xs-social-follower-label\">\n\t\t\t\t\t\t\t\t\tTelegram                                <\/div>\n                            <\/div>\n                        <\/a>\n                    <\/li>\n\t\t\t\t\t                    <li class=\"xs-share-li email                        wslu-no-extra-data\">\n                        <a href=\"javascript:void(0);\"\n                           id=\"xs_feed_email\"\n                           onclick=\"xs_social_sharer(this);\"\n                           data-pid=\"5166\"\n                           data-uri_hash=\"d06c0b90e2c675392673793f38f79cf0\"\n                           data-key=\"email\"\n                           data-xs-href=\"mailto:?body=Title%3A+La+8e+%C3%A9dition+des+Journ%C3%A9es+Internationales+de+la+Diaspora+Ha%C3%AFtienne+se+tiendra+du+17+au+19+avril+2026+%C3%A0+Montr%C3%A9al+%5Cn%5Cn+URL%3A+https%3A%2F%2Fvelipost.com%2Findex.php%3Frest_route%3D%252Fwp%252Fv2%252Fposts%252F5166&amp;subject=La+8e+%C3%A9dition+des+Journ%C3%A9es+Internationales+de+la+Diaspora+Ha%C3%AFtienne+se+tiendra+du+17+au+19+avril+2026+%C3%A0+Montr%C3%A9al\">\n\n                            <div class=\"xs-social-icon\">\n                                <span class=\"met-social met-social-email\"><\/span>\n                            <\/div>\n\n\t\t\t\t\t\t\t\n                            <div class=\"wslu-hover-content\">\n                                <div class=\"xs-social-followers\">\n\t\t\t\t\t\t\t\t\t0                                <\/div>\n                                <div class=\"xs-social-follower-text\">\n\t\t\t\t\t\t\t\t\tShare                                <\/div>\n                                <div class=\"xs-social-follower-label\">\n\t\t\t\t\t\t\t\t\tEmail                                <\/div>\n                            <\/div>\n                        <\/a>\n                    <\/li>\n\t\t\t\t\t        <\/ul>\n    <\/div> \n","protected":false},"excerpt":{"rendered":"<p>Du 17 au 19 avril 2026, Montr\u00e9al deviendra l\u2019\u00e9picentre d\u2019un \u00e9v\u00e9nement d\u2019envergure internationale avec la tenue de la 8\u1d49 \u00e9dition des Journ\u00e9es Internationales de<\/p>\n","protected":false},"author":1,"featured_media":5168,"comment_status":"open","ping_status":"open","sticky":false,"template":"","format":"standard","meta":{"_uag_custom_page_level_css":"","footnotes":"","jetpack_publicize_message":"","jetpack_publicize_feature_enabled":true,"jetpack_social_post_already_shared":true,"jetpack_social_options":{"image_generator_settings":{"template":"highway","default_image_id":0,"font":"","enabled":false},"version":2}},"categories":[94],"tags":[],"class_list":["post-5166","post","type-post","status-publish","format-standard","has-post-thumbnail","hentry","category-a-la-une"],"yoast_head":"<!-- This site is optimized with the Yoast SEO plugin v25.3.1 - https:\/\/yoast.com\/wordpress\/plugins\/seo\/ -->\n<title>La 8e \u00e9dition des Journ\u00e9es Internationales de la Diaspora Ha\u00eftienne se tiendra du 17 au 19 avril 2026 \u00e0 Montr\u00e9al &#8211; VeliPost<\/title>\n<meta name=\"robots\" content=\"index, follow, max-snippet:-1, max-image-preview:large, max-video-preview:-1\" \/>\n<link rel=\"canonical\" href=\"https:\/\/velipost.com\/?p=5166\" \/>\n<meta property=\"og:locale\" content=\"fr_FR\" \/>\n<meta property=\"og:type\" content=\"article\" \/>\n<meta property=\"og:title\" content=\"La 8e \u00e9dition des Journ\u00e9es Internationales de la Diaspora Ha\u00eftienne se tiendra du 17 au 19 avril 2026 \u00e0 Montr\u00e9al &#8211; VeliPost\" \/>\n<meta property=\"og:description\" content=\"Du 17 au 19 avril 2026, Montr\u00e9al deviendra l\u2019\u00e9picentre d\u2019un \u00e9v\u00e9nement d\u2019envergure internationale avec la tenue de la 8\u1d49 \u00e9dition des Journ\u00e9es Internationales de\" \/>\n<meta property=\"og:url\" content=\"https:\/\/velipost.com\/?p=5166\" \/>\n<meta property=\"og:site_name\" content=\"VeliPost\" \/>\n<meta property=\"article:publisher\" content=\"https:\/\/www.facebook.com\/veliposthaiti\" \/>\n<meta property=\"article:published_time\" content=\"2025-12-11T16:20:35+00:00\" \/>\n<meta property=\"article:modified_time\" content=\"2025-12-11T16:20:38+00:00\" \/>\n<meta property=\"og:image\" content=\"https:\/\/velipost.com\/wp-content\/uploads\/2025\/12\/JIDH-26.jpg\" \/>\n\t<meta property=\"og:image:width\" content=\"1170\" \/>\n\t<meta property=\"og:image:height\" content=\"603\" \/>\n\t<meta property=\"og:image:type\" content=\"image\/jpeg\" \/>\n<meta name=\"author\" content=\"VeliPost\" \/>\n<meta name=\"twitter:card\" content=\"summary_large_image\" \/>\n<meta name=\"twitter:creator\" content=\"@veliposthaiti\" \/>\n<meta name=\"twitter:site\" content=\"@veliposthaiti\" \/>\n<meta name=\"twitter:label1\" content=\"\u00c9crit par\" \/>\n\t<meta name=\"twitter:data1\" content=\"VeliPost\" \/>\n\t<meta name=\"twitter:label2\" content=\"Dur\u00e9e de lecture estim\u00e9e\" \/>\n\t<meta name=\"twitter:data2\" content=\"2 minutes\" \/>\n<script type=\"application\/ld+json\" class=\"yoast-schema-graph\">{\"@context\":\"https:\/\/schema.org\",\"@graph\":[{\"@type\":\"Article\",\"@id\":\"https:\/\/velipost.com\/?p=5166#article\",\"isPartOf\":{\"@id\":\"https:\/\/velipost.com\/?p=5166\"},\"author\":{\"name\":\"VeliPost\",\"@id\":\"https:\/\/velipost.com\/#\/schema\/person\/32ff49a53c9c1bb24302ee8ece058096\"},\"headline\":\"La 8e \u00e9dition des Journ\u00e9es Internationales de la Diaspora Ha\u00eftienne se tiendra du 17 au 19 avril 2026 \u00e0 Montr\u00e9al\",\"datePublished\":\"2025-12-11T16:20:35+00:00\",\"dateModified\":\"2025-12-11T16:20:38+00:00\",\"mainEntityOfPage\":{\"@id\":\"https:\/\/velipost.com\/?p=5166\"},\"wordCount\":420,\"commentCount\":0,\"publisher\":{\"@id\":\"https:\/\/velipost.com\/#organization\"},\"image\":{\"@id\":\"https:\/\/velipost.com\/?p=5166#primaryimage\"},\"thumbnailUrl\":\"https:\/\/velipost.com\/wp-content\/uploads\/2025\/12\/JIDH-26.jpg\",\"articleSection\":[\"A la Une\"],\"inLanguage\":\"fr-FR\",\"potentialAction\":[{\"@type\":\"CommentAction\",\"name\":\"Comment\",\"target\":[\"https:\/\/velipost.com\/?p=5166#respond\"]}]},{\"@type\":\"WebPage\",\"@id\":\"https:\/\/velipost.com\/?p=5166\",\"url\":\"https:\/\/velipost.com\/?p=5166\",\"name\":\"La 8e \u00e9dition des Journ\u00e9es Internationales de la Diaspora Ha\u00eftienne se tiendra du 17 au 19 avril 2026 \u00e0 Montr\u00e9al &#8211; VeliPost\",\"isPartOf\":{\"@id\":\"https:\/\/velipost.com\/#website\"},\"primaryImageOfPage\":{\"@id\":\"https:\/\/velipost.com\/?p=5166#primaryimage\"},\"image\":{\"@id\":\"https:\/\/velipost.com\/?p=5166#primaryimage\"},\"thumbnailUrl\":\"https:\/\/velipost.com\/wp-content\/uploads\/2025\/12\/JIDH-26.jpg\",\"datePublished\":\"2025-12-11T16:20:35+00:00\",\"dateModified\":\"2025-12-11T16:20:38+00:00\",\"breadcrumb\":{\"@id\":\"https:\/\/velipost.com\/?p=5166#breadcrumb\"},\"inLanguage\":\"fr-FR\",\"potentialAction\":[{\"@type\":\"ReadAction\",\"target\":[\"https:\/\/velipost.com\/?p=5166\"]}]},{\"@type\":\"ImageObject\",\"inLanguage\":\"fr-FR\",\"@id\":\"https:\/\/velipost.com\/?p=5166#primaryimage\",\"url\":\"https:\/\/velipost.com\/wp-content\/uploads\/2025\/12\/JIDH-26.jpg\",\"contentUrl\":\"https:\/\/velipost.com\/wp-content\/uploads\/2025\/12\/JIDH-26.jpg\",\"width\":1170,\"height\":603},{\"@type\":\"BreadcrumbList\",\"@id\":\"https:\/\/velipost.com\/?p=5166#breadcrumb\",\"itemListElement\":[{\"@type\":\"ListItem\",\"position\":1,\"name\":\"Accueil\",\"item\":\"https:\/\/velipost.com\/\"},{\"@type\":\"ListItem\",\"position\":2,\"name\":\"La 8e \u00e9dition des Journ\u00e9es Internationales de la Diaspora Ha\u00eftienne se tiendra du 17 au 19 avril 2026 \u00e0 Montr\u00e9al\"}]},{\"@type\":\"WebSite\",\"@id\":\"https:\/\/velipost.com\/#website\",\"url\":\"https:\/\/velipost.com\/\",\"name\":\"VeliPost\",\"description\":\"L\u2019info en un clic\",\"publisher\":{\"@id\":\"https:\/\/velipost.com\/#organization\"},\"potentialAction\":[{\"@type\":\"SearchAction\",\"target\":{\"@type\":\"EntryPoint\",\"urlTemplate\":\"https:\/\/velipost.com\/?s={search_term_string}\"},\"query-input\":{\"@type\":\"PropertyValueSpecification\",\"valueRequired\":true,\"valueName\":\"search_term_string\"}}],\"inLanguage\":\"fr-FR\"},{\"@type\":\"Organization\",\"@id\":\"https:\/\/velipost.com\/#organization\",\"name\":\"VeliPost\",\"url\":\"https:\/\/velipost.com\/\",\"logo\":{\"@type\":\"ImageObject\",\"inLanguage\":\"fr-FR\",\"@id\":\"https:\/\/velipost.com\/#\/schema\/logo\/image\/\",\"url\":\"https:\/\/velipost.com\/wp-content\/uploads\/2024\/08\/cropped-VP-logo-piti.png\",\"contentUrl\":\"https:\/\/velipost.com\/wp-content\/uploads\/2024\/08\/cropped-VP-logo-piti.png\",\"width\":201,\"height\":69,\"caption\":\"VeliPost\"},\"image\":{\"@id\":\"https:\/\/velipost.com\/#\/schema\/logo\/image\/\"},\"sameAs\":[\"https:\/\/www.facebook.com\/veliposthaiti\",\"https:\/\/x.com\/veliposthaiti\",\"https:\/\/www.instagram.com\/veliposthaiti\"]},{\"@type\":\"Person\",\"@id\":\"https:\/\/velipost.com\/#\/schema\/person\/32ff49a53c9c1bb24302ee8ece058096\",\"name\":\"VeliPost\",\"image\":{\"@type\":\"ImageObject\",\"inLanguage\":\"fr-FR\",\"@id\":\"https:\/\/velipost.com\/#\/schema\/person\/image\/\",\"url\":\"https:\/\/secure.gravatar.com\/avatar\/57c226c264de62f794185a89596d4a37b85a5ad20aca30d9d5a478b27d8c8d9d?s=96&d=mm&r=g\",\"contentUrl\":\"https:\/\/secure.gravatar.com\/avatar\/57c226c264de62f794185a89596d4a37b85a5ad20aca30d9d5a478b27d8c8d9d?s=96&d=mm&r=g\",\"caption\":\"VeliPost\"},\"sameAs\":[\"https:\/\/velipost.com\"],\"url\":\"https:\/\/velipost.com\/?author=1\"}]}<\/script>\n<!-- \/ Yoast SEO plugin. -->","yoast_head_json":{"title":"La 8e \u00e9dition des Journ\u00e9es Internationales de la Diaspora Ha\u00eftienne se tiendra du 17 au 19 avril 2026 \u00e0 Montr\u00e9al &#8211; VeliPost","robots":{"index":"index","follow":"follow","max-snippet":"max-snippet:-1","max-image-preview":"max-image-preview:large","max-video-preview":"max-video-preview:-1"},"canonical":"https:\/\/velipost.com\/?p=5166","og_locale":"fr_FR","og_type":"article","og_title":"La 8e \u00e9dition des Journ\u00e9es Internationales de la Diaspora Ha\u00eftienne se tiendra du 17 au 19 avril 2026 \u00e0 Montr\u00e9al &#8211; VeliPost","og_description":"Du 17 au 19 avril 2026, Montr\u00e9al deviendra l\u2019\u00e9picentre d\u2019un \u00e9v\u00e9nement d\u2019envergure internationale avec la tenue de la 8\u1d49 \u00e9dition des Journ\u00e9es Internationales de","og_url":"https:\/\/velipost.com\/?p=5166","og_site_name":"VeliPost","article_publisher":"https:\/\/www.facebook.com\/veliposthaiti","article_published_time":"2025-12-11T16:20:35+00:00","article_modified_time":"2025-12-11T16:20:38+00:00","og_image":[{"width":1170,"height":603,"url":"https:\/\/velipost.com\/wp-content\/uploads\/2025\/12\/JIDH-26.jpg","type":"image\/jpeg"}],"author":"VeliPost","twitter_card":"summary_large_image","twitter_creator":"@veliposthaiti","twitter_site":"@veliposthaiti","twitter_misc":{"\u00c9crit par":"VeliPost","Dur\u00e9e de lecture estim\u00e9e":"2 minutes"},"schema":{"@context":"https:\/\/schema.org","@graph":[{"@type":"Article","@id":"https:\/\/velipost.com\/?p=5166#article","isPartOf":{"@id":"https:\/\/velipost.com\/?p=5166"},"author":{"name":"VeliPost","@id":"https:\/\/velipost.com\/#\/schema\/person\/32ff49a53c9c1bb24302ee8ece058096"},"headline":"La 8e \u00e9dition des Journ\u00e9es Internationales de la Diaspora Ha\u00eftienne se tiendra du 17 au 19 avril 2026 \u00e0 Montr\u00e9al","datePublished":"2025-12-11T16:20:35+00:00","dateModified":"2025-12-11T16:20:38+00:00","mainEntityOfPage":{"@id":"https:\/\/velipost.com\/?p=5166"},"wordCount":420,"commentCount":0,"publisher":{"@id":"https:\/\/velipost.com\/#organization"},"image":{"@id":"https:\/\/velipost.com\/?p=5166#primaryimage"},"thumbnailUrl":"https:\/\/velipost.com\/wp-content\/uploads\/2025\/12\/JIDH-26.jpg","articleSection":["A la Une"],"inLanguage":"fr-FR","potentialAction":[{"@type":"CommentAction","name":"Comment","target":["https:\/\/velipost.com\/?p=5166#respond"]}]},{"@type":"WebPage","@id":"https:\/\/velipost.com\/?p=5166","url":"https:\/\/velipost.com\/?p=5166","name":"La 8e \u00e9dition des Journ\u00e9es Internationales de la Diaspora Ha\u00eftienne se tiendra du 17 au 19 avril 2026 \u00e0 Montr\u00e9al &#8211; VeliPost","isPartOf":{"@id":"https:\/\/velipost.com\/#website"},"primaryImageOfPage":{"@id":"https:\/\/velipost.com\/?p=5166#primaryimage"},"image":{"@id":"https:\/\/velipost.com\/?p=5166#primaryimage"},"thumbnailUrl":"https:\/\/velipost.com\/wp-content\/uploads\/2025\/12\/JIDH-26.jpg","datePublished":"2025-12-11T16:20:35+00:00","dateModified":"2025-12-11T16:20:38+00:00","breadcrumb":{"@id":"https:\/\/velipost.com\/?p=5166#breadcrumb"},"inLanguage":"fr-FR","potentialAction":[{"@type":"ReadAction","target":["https:\/\/velipost.com\/?p=5166"]}]},{"@type":"ImageObject","inLanguage":"fr-FR","@id":"https:\/\/velipost.com\/?p=5166#primaryimage","url":"https:\/\/velipost.com\/wp-content\/uploads\/2025\/12\/JIDH-26.jpg","contentUrl":"https:\/\/velipost.com\/wp-content\/uploads\/2025\/12\/JIDH-26.jpg","width":1170,"height":603},{"@type":"BreadcrumbList","@id":"https:\/\/velipost.com\/?p=5166#breadcrumb","itemListElement":[{"@type":"ListItem","position":1,"name":"Accueil","item":"https:\/\/velipost.com\/"},{"@type":"ListItem","position":2,"name":"La 8e \u00e9dition des Journ\u00e9es Internationales de la Diaspora Ha\u00eftienne se tiendra du 17 au 19 avril 2026 \u00e0 Montr\u00e9al"}]},{"@type":"WebSite","@id":"https:\/\/velipost.com\/#website","url":"https:\/\/velipost.com\/","name":"VeliPost","description":"L\u2019info en un clic","publisher":{"@id":"https:\/\/velipost.com\/#organization"},"potentialAction":[{"@type":"SearchAction","target":{"@type":"EntryPoint","urlTemplate":"https:\/\/velipost.com\/?s={search_term_string}"},"query-input":{"@type":"PropertyValueSpecification","valueRequired":true,"valueName":"search_term_string"}}],"inLanguage":"fr-FR"},{"@type":"Organization","@id":"https:\/\/velipost.com\/#organization","name":"VeliPost","url":"https:\/\/velipost.com\/","logo":{"@type":"ImageObject","inLanguage":"fr-FR","@id":"https:\/\/velipost.com\/#\/schema\/logo\/image\/","url":"https:\/\/velipost.com\/wp-content\/uploads\/2024\/08\/cropped-VP-logo-piti.png","contentUrl":"https:\/\/velipost.com\/wp-content\/uploads\/2024\/08\/cropped-VP-logo-piti.png","width":201,"height":69,"caption":"VeliPost"},"image":{"@id":"https:\/\/velipost.com\/#\/schema\/logo\/image\/"},"sameAs":["https:\/\/www.facebook.com\/veliposthaiti","https:\/\/x.com\/veliposthaiti","https:\/\/www.instagram.com\/veliposthaiti"]},{"@type":"Person","@id":"https:\/\/velipost.com\/#\/schema\/person\/32ff49a53c9c1bb24302ee8ece058096","name":"VeliPost","image":{"@type":"ImageObject","inLanguage":"fr-FR","@id":"https:\/\/velipost.com\/#\/schema\/person\/image\/","url":"https:\/\/secure.gravatar.com\/avatar\/57c226c264de62f794185a89596d4a37b85a5ad20aca30d9d5a478b27d8c8d9d?s=96&d=mm&r=g","contentUrl":"https:\/\/secure.gravatar.com\/avatar\/57c226c264de62f794185a89596d4a37b85a5ad20aca30d9d5a478b27d8c8d9d?s=96&d=mm&r=g","caption":"VeliPost"},"sameAs":["https:\/\/velipost.com"],"url":"https:\/\/velipost.com\/?author=1"}]}},"views":0,"jetpack_publicize_connections":[],"uagb_featured_image_src":{"full":["https:\/\/velipost.com\/wp-content\/uploads\/2025\/12\/JIDH-26.jpg",1170,603,false],"thumbnail":["https:\/\/velipost.com\/wp-content\/uploads\/2025\/12\/JIDH-26-150x150.jpg",150,150,true],"medium":["https:\/\/velipost.com\/wp-content\/uploads\/2025\/12\/JIDH-26-300x155.jpg",300,155,true],"medium_large":["https:\/\/velipost.com\/wp-content\/uploads\/2025\/12\/JIDH-26-768x396.jpg",715,369,true],"large":["https:\/\/velipost.com\/wp-content\/uploads\/2025\/12\/JIDH-26-1024x528.jpg",715,369,true],"1536x1536":["https:\/\/velipost.com\/wp-content\/uploads\/2025\/12\/JIDH-26.jpg",1170,603,false],"2048x2048":["https:\/\/velipost.com\/wp-content\/uploads\/2025\/12\/JIDH-26.jpg",1170,603,false],"colornews-big-slider":["https:\/\/velipost.com\/wp-content\/uploads\/2025\/12\/JIDH-26-1070x470.jpg",1070,470,true],"colornews-big-slider-thumb":["https:\/\/velipost.com\/wp-content\/uploads\/2025\/12\/JIDH-26-184x109.jpg",184,109,true],"colornews-featured-post-medium":["https:\/\/velipost.com\/wp-content\/uploads\/2025\/12\/JIDH-26-345x265.jpg",345,265,true],"colornews-featured-post-small":["https:\/\/velipost.com\/wp-content\/uploads\/2025\/12\/JIDH-26-115x73.jpg",115,73,true],"colornews-random-posts":["https:\/\/velipost.com\/wp-content\/uploads\/2025\/12\/JIDH-26-215x215.jpg",215,215,true],"colornews-featured-image":["https:\/\/velipost.com\/wp-content\/uploads\/2025\/12\/JIDH-26-715x400.jpg",715,400,true],"mailpoet_newsletter_max":["https:\/\/velipost.com\/wp-content\/uploads\/2025\/12\/JIDH-26.jpg",1170,603,false]},"uagb_author_info":{"display_name":"VeliPost","author_link":"https:\/\/velipost.com\/?author=1"},"uagb_comment_info":0,"uagb_excerpt":"Du 17 au 19 avril 2026, Montr\u00e9al deviendra l\u2019\u00e9picentre d\u2019un \u00e9v\u00e9nement d\u2019envergure internationale avec la tenue de la 8\u1d49 \u00e9dition des Journ\u00e9es Internationales de","_links":{"self":[{"href":"https:\/\/velipost.com\/index.php?rest_route=\/wp\/v2\/posts\/5166","targetHints":{"allow":["GET"]}}],"collection":[{"href":"https:\/\/velipost.com\/index.php?rest_route=\/wp\/v2\/posts"}],"about":[{"href":"https:\/\/velipost.com\/index.php?rest_route=\/wp\/v2\/types\/post"}],"author":[{"embeddable":true,"href":"https:\/\/velipost.com\/index.php?rest_route=\/wp\/v2\/users\/1"}],"replies":[{"embeddable":true,"href":"https:\/\/velipost.com\/index.php?rest_route=%2Fwp%2Fv2%2Fcomments&post=5166"}],"version-history":[{"count":1,"href":"https:\/\/velipost.com\/index.php?rest_route=\/wp\/v2\/posts\/5166\/revisions"}],"predecessor-version":[{"id":5169,"href":"https:\/\/velipost.com\/index.php?rest_route=\/wp\/v2\/posts\/5166\/revisions\/5169"}],"wp:featuredmedia":[{"embeddable":true,"href":"https:\/\/velipost.com\/index.php?rest_route=\/wp\/v2\/media\/5168"}],"wp:attachment":[{"href":"https:\/\/velipost.com\/index.php?rest_route=%2Fwp%2Fv2%2Fmedia&parent=5166"}],"wp:term":[{"taxonomy":"category","embeddable":true,"href":"https:\/\/velipost.com\/index.php?rest_route=%2Fwp%2Fv2%2Fcategories&post=5166"},{"taxonomy":"post_tag","embeddable":true,"href":"https:\/\/velipost.com\/index.php?rest_route=%2Fwp%2Fv2%2Ftags&post=5166"}],"curies":[{"name":"wp","href":"https:\/\/api.w.org\/{rel}","templated":true}]}}