{"id":5163,"date":"2025-12-10T21:49:23","date_gmt":"2025-12-10T20:49:23","guid":{"rendered":"https:\/\/velipost.com\/?p=5163"},"modified":"2025-12-10T21:49:25","modified_gmt":"2025-12-10T20:49:25","slug":"concours-de-textes-et-reportages-sur-les-droits-humains-opc-esther-kimberly-bazile-roobens-isma-et-lisa-fahimie-joseph-triomphent-a-la-9%e1%b5%89-edition","status":"publish","type":"post","link":"https:\/\/velipost.com\/?p=5163","title":{"rendered":"Concours de textes et reportages sur les droits humains \u2013 OPC : Esther Kimberly Bazile, Roobens Isma et Lisa Fahimie Joseph triomphent \u00e0 la 9\u1d49 \u00e9dition"},"content":{"rendered":"\n<p>La 9\u1d49 \u00e9dition du concours de textes et de reportages sur les droits humains, organis\u00e9e par l\u2019Office de la Protection du Citoyen (OPC), s\u2019est cl\u00f4tur\u00e9e le lundi 8 d\u00e9cembre \u00e0 l\u2019h\u00f4tel Montana. Neuf laur\u00e9ats \u2014 trois journalistes, trois \u00e9tudiants et trois \u00e9coliers \u2014 ont \u00e9t\u00e9 distingu\u00e9s pour la qualit\u00e9 de leurs travaux et leur capacit\u00e9 \u00e0 les d\u00e9fendre devant un jury compos\u00e9 de professionnels et d\u2019universitaires.<\/p>\n\n\n\n<p>La c\u00e9r\u00e9monie, d\u00e9sormais inscrite dans la tradition de l\u2019OPC, s\u2019est tenue \u00e0 la veille de la Journ\u00e9e internationale des droits de l\u2019homme et dans le cadre des&nbsp;<em>16 jours d\u2019activisme contre les violences faites aux femmes et aux filles<\/em>.<\/p>\n\n\n\n<p>Dans la cat\u00e9gorie journalistes, Esther Kimberly Bazile et Jonasson Orig\u00e8ne (Le Nouvelliste), Rose-Berline Barth\u00e9lemy (Radio T\u00e9l\u00e9 M\u00e9tropole) ainsi que Christian Poinvil (Fernando Live) se sont d\u00e9marqu\u00e9s. Chez les \u00e9tudiants, Roobens Isma, Sarah Jeune et Alyssa Marie Cassandra Laguerre ont \u00e9t\u00e9 prim\u00e9s, tandis que dans la cat\u00e9gorie \u00e9coliers, Lisa Fahimie Joseph, Nyrlande Jacquet et Marc Kerry Louis ont \u00e9t\u00e9 honor\u00e9s.<\/p>\n\n\n\n<p>Le premier prix de chaque cat\u00e9gorie s\u2019est accompagn\u00e9 de r\u00e9compenses vari\u00e9es : ordinateurs portables, livres, bons d\u2019achat, m\u00e9dailles et plaques d\u2019honneur. L\u2019OPC a \u00e9galement annonc\u00e9 une bourse compl\u00e8te pour la laur\u00e9ate \u00e9coli\u00e8re ainsi que des contrats \u00e0 plein temps au sein de l\u2019institution pour les laur\u00e9ats journalistes et \u00e9tudiants.<\/p>\n\n\n\n<p>Le concours a \u00e9t\u00e9 organis\u00e9 avec l\u2019appui du PNUD, de l\u2019UNICEF et d\u2019autres partenaires. Arnaud Royer, repr\u00e9sentant du Haut-Commissariat des Nations Unies aux droits de l\u2019homme en Ha\u00efti, a salu\u00e9 l\u2019engagement de l\u2019OPC dans la protection des citoyens. Djenanne Felix-D\u00e9sir, cheffe d\u2019unit\u00e9 Gouvernance du PNUD, a encourag\u00e9 la valorisation des travaux des candidats non prim\u00e9s \u00e0 travers une publication, rappelant l\u2019importance d\u2019offrir aux jeunes un espace d\u2019expression sur des th\u00e8mes tels que la s\u00e9curit\u00e9, la gouvernance, les violences bas\u00e9es sur le genre et la lutte contre la corruption. De son c\u00f4t\u00e9, Erica Francillon C\u00e9lestin, repr\u00e9sentante de l\u2019UNESCO, a insist\u00e9 sur la n\u00e9cessit\u00e9 de diffuser largement les travaux r\u00e9alis\u00e9s.<\/p>\n\n\n\n<p>Le ministre de l\u2019\u00c9ducation nationale, Augustin Antoine, a soulign\u00e9 l\u2019importance de permettre aux jeunes de r\u00e9fl\u00e9chir aux enjeux cruciaux pour l\u2019avenir de la nation.<\/p>\n\n\n\n<p>La c\u00e9r\u00e9monie a \u00e9galement \u00e9t\u00e9 l\u2019occasion de rendre hommage \u00e0 des personnalit\u00e9s et militants engag\u00e9s pour la promotion des droits humains et de l\u2019\u00e9ducation en Ha\u00efti. Parmi eux figurent : Pierre Esp\u00e9rance (RNDDH), Me Camille Occius (OCNH), Jocelyne Colas (CE-JILAP), Guerline Residor (CRIFA), le journaliste Joseph Guyler C. Delva (SOS Journalistes) et le professeur Guy \u00c9tienne (Coll\u00e8ge Catt\u2019s Pressoir).<\/p>\n\n\n\n<p>Le Protecteur du citoyen, Me Jean Wilner Morin, a rappel\u00e9 l\u2019histoire d\u2019Ha\u00efti dans la d\u00e9fense des droits humains, notamment lors de l\u2019adoption de la D\u00e9claration universelle des droits de l\u2019homme \u00e0 Paris en 1948. Il a n\u00e9anmoins d\u00e9plor\u00e9 la situation actuelle du pays, o\u00f9 les droits et libert\u00e9s sont r\u00e9guli\u00e8rement bafou\u00e9s, confrontant les citoyens \u00e0 des ph\u00e9nom\u00e8nes tels que les enl\u00e8vements, assassinats, viols et d\u00e9placements forc\u00e9s \u2014 autant de sujets abord\u00e9s par les participants du concours.<\/p>\n\n\n\n<p>Me Morin a r\u00e9affirm\u00e9 l\u2019engagement de l\u2019OPC \u00e0 d\u00e9fendre les droits humains et \u00e0 soutenir les victimes d\u2019abus, tout en encourageant la jeunesse \u00e0 s\u2019approprier ces th\u00e9matiques essentielles au d\u00e9veloppement et \u00e0 la justice sociale.<\/p>\n\n    <div class=\"xs_social_share_widget xs_share_url after_content \t\tmain_content  wslu-style-3 wslu-share-box-shaped wslu-fill-brand-hover-colored wslu-share-m-5 wslu-none wslu-share-horizontal wslu-theme-font-no wslu-main_content\">\n\n\t\t\n        <ul>\n\t\t\t                    <li class=\"xs-share-li twitter                        wslu-no-extra-data\">\n                        <a href=\"javascript:void(0);\"\n                           id=\"xs_feed_twitter\"\n                           onclick=\"xs_social_sharer(this);\"\n                           data-pid=\"5163\"\n                           data-uri_hash=\"5a3525b7b2d17a20acb6653e0d9d3ada\"\n                           data-key=\"twitter\"\n                           data-xs-href=\"https:\/\/twitter.com\/intent\/tweet?text=Concours+de+textes+et+reportages+sur+les+droits+humains+%E2%80%93+OPC+%3A+Esther+Kimberly+Bazile%2C+Roobens+Isma+et+Lisa+Fahimie+Joseph+triomphent+%C3%A0+la+9%E1%B5%89+%C3%A9dition+https%3A%2F%2Fvelipost.com%2Findex.php%3Frest_route%3D%252Fwp%252Fv2%252Fposts%252F5163&amp;original_referer=https%3A%2F%2Fvelipost.com%2Findex.php%3Frest_route%3D%252Fwp%252Fv2%252Fposts%252F5163&amp;related=xpeedstudio\">\n\n                            <div class=\"xs-social-icon\">\n                                <span class=\"met-social met-social-twitter\"><\/span>\n                            <\/div>\n\n\t\t\t\t\t\t\t\n                            <div class=\"wslu-hover-content\">\n                                <div class=\"xs-social-followers\">\n\t\t\t\t\t\t\t\t\t10                                <\/div>\n                                <div class=\"xs-social-follower-text\">\n\t\t\t\t\t\t\t\t\tShare                                <\/div>\n                                <div class=\"xs-social-follower-label\">\n\t\t\t\t\t\t\t\t\tTwitter                                <\/div>\n                            <\/div>\n                        <\/a>\n                    <\/li>\n\t\t\t\t\t                    <li class=\"xs-share-li telegram                        wslu-no-extra-data\">\n                        <a href=\"javascript:void(0);\"\n                           id=\"xs_feed_telegram\"\n                           onclick=\"xs_social_sharer(this);\"\n                           data-pid=\"5163\"\n                           data-uri_hash=\"5a3525b7b2d17a20acb6653e0d9d3ada\"\n                           data-key=\"telegram\"\n                           data-xs-href=\"https:\/\/telegram.me\/share\/url?url=https%3A%2F%2Fvelipost.com%2Findex.php%3Frest_route%3D%252Fwp%252Fv2%252Fposts%252F5163&amp;text=Concours+de+textes+et+reportages+sur+les+droits+humains+%E2%80%93+OPC+%3A+Esther+Kimberly+Bazile%2C+Roobens+Isma+et+Lisa+Fahimie+Joseph+triomphent+%C3%A0+la+9%E1%B5%89+%C3%A9dition\">\n\n                            <div class=\"xs-social-icon\">\n                                <span class=\"met-social met-social-telegram\"><\/span>\n                            <\/div>\n\n\t\t\t\t\t\t\t\n                            <div class=\"wslu-hover-content\">\n                                <div class=\"xs-social-followers\">\n\t\t\t\t\t\t\t\t\t0                                <\/div>\n                                <div class=\"xs-social-follower-text\">\n\t\t\t\t\t\t\t\t\tShare                                <\/div>\n                                <div class=\"xs-social-follower-label\">\n\t\t\t\t\t\t\t\t\tTelegram                                <\/div>\n                            <\/div>\n                        <\/a>\n                    <\/li>\n\t\t\t\t\t                    <li class=\"xs-share-li email                        wslu-no-extra-data\">\n                        <a href=\"javascript:void(0);\"\n                           id=\"xs_feed_email\"\n                           onclick=\"xs_social_sharer(this);\"\n                           data-pid=\"5163\"\n                           data-uri_hash=\"5a3525b7b2d17a20acb6653e0d9d3ada\"\n                           data-key=\"email\"\n                           data-xs-href=\"mailto:?body=Title%3A+Concours+de+textes+et+reportages+sur+les+droits+humains+%E2%80%93+OPC+%3A+Esther+Kimberly+Bazile%2C+Roobens+Isma+et+Lisa+Fahimie+Joseph+triomphent+%C3%A0+la+9%E1%B5%89+%C3%A9dition+%5Cn%5Cn+URL%3A+https%3A%2F%2Fvelipost.com%2Findex.php%3Frest_route%3D%252Fwp%252Fv2%252Fposts%252F5163&amp;subject=Concours+de+textes+et+reportages+sur+les+droits+humains+%E2%80%93+OPC+%3A+Esther+Kimberly+Bazile%2C+Roobens+Isma+et+Lisa+Fahimie+Joseph+triomphent+%C3%A0+la+9%E1%B5%89+%C3%A9dition\">\n\n                            <div class=\"xs-social-icon\">\n                                <span class=\"met-social met-social-email\"><\/span>\n                            <\/div>\n\n\t\t\t\t\t\t\t\n                            <div class=\"wslu-hover-content\">\n                                <div class=\"xs-social-followers\">\n\t\t\t\t\t\t\t\t\t0                                <\/div>\n                                <div class=\"xs-social-follower-text\">\n\t\t\t\t\t\t\t\t\tShare                                <\/div>\n                                <div class=\"xs-social-follower-label\">\n\t\t\t\t\t\t\t\t\tEmail                                <\/div>\n                            <\/div>\n                        <\/a>\n                    <\/li>\n\t\t\t\t\t        <\/ul>\n    <\/div> \n","protected":false},"excerpt":{"rendered":"<p>La 9\u1d49 \u00e9dition du concours de textes et de reportages sur les droits humains, organis\u00e9e par l\u2019Office de la Protection du Citoyen (OPC), s\u2019est<\/p>\n","protected":false},"author":1,"featured_media":5164,"comment_status":"open","ping_status":"open","sticky":false,"template":"","format":"standard","meta":{"_uag_custom_page_level_css":"","footnotes":"","jetpack_publicize_message":"","jetpack_publicize_feature_enabled":true,"jetpack_social_post_already_shared":true,"jetpack_social_options":{"image_generator_settings":{"template":"highway","default_image_id":0,"font":"","enabled":false},"version":2}},"categories":[94],"tags":[],"class_list":["post-5163","post","type-post","status-publish","format-standard","has-post-thumbnail","hentry","category-a-la-une"],"yoast_head":"<!-- This site is optimized with the Yoast SEO plugin v25.3.1 - https:\/\/yoast.com\/wordpress\/plugins\/seo\/ -->\n<title>Concours de textes et reportages sur les droits humains \u2013 OPC : Esther Kimberly Bazile, Roobens Isma et Lisa Fahimie Joseph triomphent \u00e0 la 9\u1d49 \u00e9dition &#8211; VeliPost<\/title>\n<meta name=\"robots\" content=\"index, follow, max-snippet:-1, max-image-preview:large, max-video-preview:-1\" \/>\n<link rel=\"canonical\" href=\"https:\/\/velipost.com\/?p=5163\" \/>\n<meta property=\"og:locale\" content=\"fr_FR\" \/>\n<meta property=\"og:type\" content=\"article\" \/>\n<meta property=\"og:title\" content=\"Concours de textes et reportages sur les droits humains \u2013 OPC : Esther Kimberly Bazile, Roobens Isma et Lisa Fahimie Joseph triomphent \u00e0 la 9\u1d49 \u00e9dition &#8211; VeliPost\" \/>\n<meta property=\"og:description\" content=\"La 9\u1d49 \u00e9dition du concours de textes et de reportages sur les droits humains, organis\u00e9e par l\u2019Office de la Protection du Citoyen (OPC), s\u2019est\" \/>\n<meta property=\"og:url\" content=\"https:\/\/velipost.com\/?p=5163\" \/>\n<meta property=\"og:site_name\" content=\"VeliPost\" \/>\n<meta property=\"article:publisher\" content=\"https:\/\/www.facebook.com\/veliposthaiti\" \/>\n<meta property=\"article:published_time\" content=\"2025-12-10T20:49:23+00:00\" \/>\n<meta property=\"article:modified_time\" content=\"2025-12-10T20:49:25+00:00\" \/>\n<meta property=\"og:image\" content=\"https:\/\/velipost.com\/wp-content\/uploads\/2025\/12\/Prix-OPC.jpg\" \/>\n\t<meta property=\"og:image:width\" content=\"1170\" \/>\n\t<meta property=\"og:image:height\" content=\"603\" \/>\n\t<meta property=\"og:image:type\" content=\"image\/jpeg\" \/>\n<meta name=\"author\" content=\"VeliPost\" \/>\n<meta name=\"twitter:card\" content=\"summary_large_image\" \/>\n<meta name=\"twitter:creator\" content=\"@veliposthaiti\" \/>\n<meta name=\"twitter:site\" content=\"@veliposthaiti\" \/>\n<meta name=\"twitter:label1\" content=\"\u00c9crit par\" \/>\n\t<meta name=\"twitter:data1\" content=\"VeliPost\" \/>\n\t<meta name=\"twitter:label2\" content=\"Dur\u00e9e de lecture estim\u00e9e\" \/>\n\t<meta name=\"twitter:data2\" content=\"3 minutes\" \/>\n<script type=\"application\/ld+json\" class=\"yoast-schema-graph\">{\"@context\":\"https:\/\/schema.org\",\"@graph\":[{\"@type\":\"Article\",\"@id\":\"https:\/\/velipost.com\/?p=5163#article\",\"isPartOf\":{\"@id\":\"https:\/\/velipost.com\/?p=5163\"},\"author\":{\"name\":\"VeliPost\",\"@id\":\"https:\/\/velipost.com\/#\/schema\/person\/32ff49a53c9c1bb24302ee8ece058096\"},\"headline\":\"Concours de textes et reportages sur les droits humains \u2013 OPC : Esther Kimberly Bazile, Roobens Isma et Lisa Fahimie Joseph triomphent \u00e0 la 9\u1d49 \u00e9dition\",\"datePublished\":\"2025-12-10T20:49:23+00:00\",\"dateModified\":\"2025-12-10T20:49:25+00:00\",\"mainEntityOfPage\":{\"@id\":\"https:\/\/velipost.com\/?p=5163\"},\"wordCount\":626,\"commentCount\":0,\"publisher\":{\"@id\":\"https:\/\/velipost.com\/#organization\"},\"image\":{\"@id\":\"https:\/\/velipost.com\/?p=5163#primaryimage\"},\"thumbnailUrl\":\"https:\/\/velipost.com\/wp-content\/uploads\/2025\/12\/Prix-OPC.jpg\",\"articleSection\":[\"A la Une\"],\"inLanguage\":\"fr-FR\",\"potentialAction\":[{\"@type\":\"CommentAction\",\"name\":\"Comment\",\"target\":[\"https:\/\/velipost.com\/?p=5163#respond\"]}]},{\"@type\":\"WebPage\",\"@id\":\"https:\/\/velipost.com\/?p=5163\",\"url\":\"https:\/\/velipost.com\/?p=5163\",\"name\":\"Concours de textes et reportages sur les droits humains \u2013 OPC : Esther Kimberly Bazile, Roobens Isma et Lisa Fahimie Joseph triomphent \u00e0 la 9\u1d49 \u00e9dition &#8211; VeliPost\",\"isPartOf\":{\"@id\":\"https:\/\/velipost.com\/#website\"},\"primaryImageOfPage\":{\"@id\":\"https:\/\/velipost.com\/?p=5163#primaryimage\"},\"image\":{\"@id\":\"https:\/\/velipost.com\/?p=5163#primaryimage\"},\"thumbnailUrl\":\"https:\/\/velipost.com\/wp-content\/uploads\/2025\/12\/Prix-OPC.jpg\",\"datePublished\":\"2025-12-10T20:49:23+00:00\",\"dateModified\":\"2025-12-10T20:49:25+00:00\",\"breadcrumb\":{\"@id\":\"https:\/\/velipost.com\/?p=5163#breadcrumb\"},\"inLanguage\":\"fr-FR\",\"potentialAction\":[{\"@type\":\"ReadAction\",\"target\":[\"https:\/\/velipost.com\/?p=5163\"]}]},{\"@type\":\"ImageObject\",\"inLanguage\":\"fr-FR\",\"@id\":\"https:\/\/velipost.com\/?p=5163#primaryimage\",\"url\":\"https:\/\/velipost.com\/wp-content\/uploads\/2025\/12\/Prix-OPC.jpg\",\"contentUrl\":\"https:\/\/velipost.com\/wp-content\/uploads\/2025\/12\/Prix-OPC.jpg\",\"width\":1170,\"height\":603},{\"@type\":\"BreadcrumbList\",\"@id\":\"https:\/\/velipost.com\/?p=5163#breadcrumb\",\"itemListElement\":[{\"@type\":\"ListItem\",\"position\":1,\"name\":\"Accueil\",\"item\":\"https:\/\/velipost.com\/\"},{\"@type\":\"ListItem\",\"position\":2,\"name\":\"Concours de textes et reportages sur les droits humains \u2013 OPC : Esther Kimberly Bazile, Roobens Isma et Lisa Fahimie Joseph triomphent \u00e0 la 9\u1d49 \u00e9dition\"}]},{\"@type\":\"WebSite\",\"@id\":\"https:\/\/velipost.com\/#website\",\"url\":\"https:\/\/velipost.com\/\",\"name\":\"VeliPost\",\"description\":\"L\u2019info en un clic\",\"publisher\":{\"@id\":\"https:\/\/velipost.com\/#organization\"},\"potentialAction\":[{\"@type\":\"SearchAction\",\"target\":{\"@type\":\"EntryPoint\",\"urlTemplate\":\"https:\/\/velipost.com\/?s={search_term_string}\"},\"query-input\":{\"@type\":\"PropertyValueSpecification\",\"valueRequired\":true,\"valueName\":\"search_term_string\"}}],\"inLanguage\":\"fr-FR\"},{\"@type\":\"Organization\",\"@id\":\"https:\/\/velipost.com\/#organization\",\"name\":\"VeliPost\",\"url\":\"https:\/\/velipost.com\/\",\"logo\":{\"@type\":\"ImageObject\",\"inLanguage\":\"fr-FR\",\"@id\":\"https:\/\/velipost.com\/#\/schema\/logo\/image\/\",\"url\":\"https:\/\/velipost.com\/wp-content\/uploads\/2024\/08\/cropped-VP-logo-piti.png\",\"contentUrl\":\"https:\/\/velipost.com\/wp-content\/uploads\/2024\/08\/cropped-VP-logo-piti.png\",\"width\":201,\"height\":69,\"caption\":\"VeliPost\"},\"image\":{\"@id\":\"https:\/\/velipost.com\/#\/schema\/logo\/image\/\"},\"sameAs\":[\"https:\/\/www.facebook.com\/veliposthaiti\",\"https:\/\/x.com\/veliposthaiti\",\"https:\/\/www.instagram.com\/veliposthaiti\"]},{\"@type\":\"Person\",\"@id\":\"https:\/\/velipost.com\/#\/schema\/person\/32ff49a53c9c1bb24302ee8ece058096\",\"name\":\"VeliPost\",\"image\":{\"@type\":\"ImageObject\",\"inLanguage\":\"fr-FR\",\"@id\":\"https:\/\/velipost.com\/#\/schema\/person\/image\/\",\"url\":\"https:\/\/secure.gravatar.com\/avatar\/57c226c264de62f794185a89596d4a37b85a5ad20aca30d9d5a478b27d8c8d9d?s=96&d=mm&r=g\",\"contentUrl\":\"https:\/\/secure.gravatar.com\/avatar\/57c226c264de62f794185a89596d4a37b85a5ad20aca30d9d5a478b27d8c8d9d?s=96&d=mm&r=g\",\"caption\":\"VeliPost\"},\"sameAs\":[\"https:\/\/velipost.com\"],\"url\":\"https:\/\/velipost.com\/?author=1\"}]}<\/script>\n<!-- \/ Yoast SEO plugin. -->","yoast_head_json":{"title":"Concours de textes et reportages sur les droits humains \u2013 OPC : Esther Kimberly Bazile, Roobens Isma et Lisa Fahimie Joseph triomphent \u00e0 la 9\u1d49 \u00e9dition &#8211; VeliPost","robots":{"index":"index","follow":"follow","max-snippet":"max-snippet:-1","max-image-preview":"max-image-preview:large","max-video-preview":"max-video-preview:-1"},"canonical":"https:\/\/velipost.com\/?p=5163","og_locale":"fr_FR","og_type":"article","og_title":"Concours de textes et reportages sur les droits humains \u2013 OPC : Esther Kimberly Bazile, Roobens Isma et Lisa Fahimie Joseph triomphent \u00e0 la 9\u1d49 \u00e9dition &#8211; VeliPost","og_description":"La 9\u1d49 \u00e9dition du concours de textes et de reportages sur les droits humains, organis\u00e9e par l\u2019Office de la Protection du Citoyen (OPC), s\u2019est","og_url":"https:\/\/velipost.com\/?p=5163","og_site_name":"VeliPost","article_publisher":"https:\/\/www.facebook.com\/veliposthaiti","article_published_time":"2025-12-10T20:49:23+00:00","article_modified_time":"2025-12-10T20:49:25+00:00","og_image":[{"width":1170,"height":603,"url":"https:\/\/velipost.com\/wp-content\/uploads\/2025\/12\/Prix-OPC.jpg","type":"image\/jpeg"}],"author":"VeliPost","twitter_card":"summary_large_image","twitter_creator":"@veliposthaiti","twitter_site":"@veliposthaiti","twitter_misc":{"\u00c9crit par":"VeliPost","Dur\u00e9e de lecture estim\u00e9e":"3 minutes"},"schema":{"@context":"https:\/\/schema.org","@graph":[{"@type":"Article","@id":"https:\/\/velipost.com\/?p=5163#article","isPartOf":{"@id":"https:\/\/velipost.com\/?p=5163"},"author":{"name":"VeliPost","@id":"https:\/\/velipost.com\/#\/schema\/person\/32ff49a53c9c1bb24302ee8ece058096"},"headline":"Concours de textes et reportages sur les droits humains \u2013 OPC : Esther Kimberly Bazile, Roobens Isma et Lisa Fahimie Joseph triomphent \u00e0 la 9\u1d49 \u00e9dition","datePublished":"2025-12-10T20:49:23+00:00","dateModified":"2025-12-10T20:49:25+00:00","mainEntityOfPage":{"@id":"https:\/\/velipost.com\/?p=5163"},"wordCount":626,"commentCount":0,"publisher":{"@id":"https:\/\/velipost.com\/#organization"},"image":{"@id":"https:\/\/velipost.com\/?p=5163#primaryimage"},"thumbnailUrl":"https:\/\/velipost.com\/wp-content\/uploads\/2025\/12\/Prix-OPC.jpg","articleSection":["A la Une"],"inLanguage":"fr-FR","potentialAction":[{"@type":"CommentAction","name":"Comment","target":["https:\/\/velipost.com\/?p=5163#respond"]}]},{"@type":"WebPage","@id":"https:\/\/velipost.com\/?p=5163","url":"https:\/\/velipost.com\/?p=5163","name":"Concours de textes et reportages sur les droits humains \u2013 OPC : Esther Kimberly Bazile, Roobens Isma et Lisa Fahimie Joseph triomphent \u00e0 la 9\u1d49 \u00e9dition &#8211; VeliPost","isPartOf":{"@id":"https:\/\/velipost.com\/#website"},"primaryImageOfPage":{"@id":"https:\/\/velipost.com\/?p=5163#primaryimage"},"image":{"@id":"https:\/\/velipost.com\/?p=5163#primaryimage"},"thumbnailUrl":"https:\/\/velipost.com\/wp-content\/uploads\/2025\/12\/Prix-OPC.jpg","datePublished":"2025-12-10T20:49:23+00:00","dateModified":"2025-12-10T20:49:25+00:00","breadcrumb":{"@id":"https:\/\/velipost.com\/?p=5163#breadcrumb"},"inLanguage":"fr-FR","potentialAction":[{"@type":"ReadAction","target":["https:\/\/velipost.com\/?p=5163"]}]},{"@type":"ImageObject","inLanguage":"fr-FR","@id":"https:\/\/velipost.com\/?p=5163#primaryimage","url":"https:\/\/velipost.com\/wp-content\/uploads\/2025\/12\/Prix-OPC.jpg","contentUrl":"https:\/\/velipost.com\/wp-content\/uploads\/2025\/12\/Prix-OPC.jpg","width":1170,"height":603},{"@type":"BreadcrumbList","@id":"https:\/\/velipost.com\/?p=5163#breadcrumb","itemListElement":[{"@type":"ListItem","position":1,"name":"Accueil","item":"https:\/\/velipost.com\/"},{"@type":"ListItem","position":2,"name":"Concours de textes et reportages sur les droits humains \u2013 OPC : Esther Kimberly Bazile, Roobens Isma et Lisa Fahimie Joseph triomphent \u00e0 la 9\u1d49 \u00e9dition"}]},{"@type":"WebSite","@id":"https:\/\/velipost.com\/#website","url":"https:\/\/velipost.com\/","name":"VeliPost","description":"L\u2019info en un clic","publisher":{"@id":"https:\/\/velipost.com\/#organization"},"potentialAction":[{"@type":"SearchAction","target":{"@type":"EntryPoint","urlTemplate":"https:\/\/velipost.com\/?s={search_term_string}"},"query-input":{"@type":"PropertyValueSpecification","valueRequired":true,"valueName":"search_term_string"}}],"inLanguage":"fr-FR"},{"@type":"Organization","@id":"https:\/\/velipost.com\/#organization","name":"VeliPost","url":"https:\/\/velipost.com\/","logo":{"@type":"ImageObject","inLanguage":"fr-FR","@id":"https:\/\/velipost.com\/#\/schema\/logo\/image\/","url":"https:\/\/velipost.com\/wp-content\/uploads\/2024\/08\/cropped-VP-logo-piti.png","contentUrl":"https:\/\/velipost.com\/wp-content\/uploads\/2024\/08\/cropped-VP-logo-piti.png","width":201,"height":69,"caption":"VeliPost"},"image":{"@id":"https:\/\/velipost.com\/#\/schema\/logo\/image\/"},"sameAs":["https:\/\/www.facebook.com\/veliposthaiti","https:\/\/x.com\/veliposthaiti","https:\/\/www.instagram.com\/veliposthaiti"]},{"@type":"Person","@id":"https:\/\/velipost.com\/#\/schema\/person\/32ff49a53c9c1bb24302ee8ece058096","name":"VeliPost","image":{"@type":"ImageObject","inLanguage":"fr-FR","@id":"https:\/\/velipost.com\/#\/schema\/person\/image\/","url":"https:\/\/secure.gravatar.com\/avatar\/57c226c264de62f794185a89596d4a37b85a5ad20aca30d9d5a478b27d8c8d9d?s=96&d=mm&r=g","contentUrl":"https:\/\/secure.gravatar.com\/avatar\/57c226c264de62f794185a89596d4a37b85a5ad20aca30d9d5a478b27d8c8d9d?s=96&d=mm&r=g","caption":"VeliPost"},"sameAs":["https:\/\/velipost.com"],"url":"https:\/\/velipost.com\/?author=1"}]}},"views":0,"jetpack_publicize_connections":[],"uagb_featured_image_src":{"full":["https:\/\/velipost.com\/wp-content\/uploads\/2025\/12\/Prix-OPC.jpg",1170,603,false],"thumbnail":["https:\/\/velipost.com\/wp-content\/uploads\/2025\/12\/Prix-OPC-150x150.jpg",150,150,true],"medium":["https:\/\/velipost.com\/wp-content\/uploads\/2025\/12\/Prix-OPC-300x155.jpg",300,155,true],"medium_large":["https:\/\/velipost.com\/wp-content\/uploads\/2025\/12\/Prix-OPC-768x396.jpg",715,369,true],"large":["https:\/\/velipost.com\/wp-content\/uploads\/2025\/12\/Prix-OPC-1024x528.jpg",715,369,true],"1536x1536":["https:\/\/velipost.com\/wp-content\/uploads\/2025\/12\/Prix-OPC.jpg",1170,603,false],"2048x2048":["https:\/\/velipost.com\/wp-content\/uploads\/2025\/12\/Prix-OPC.jpg",1170,603,false],"colornews-big-slider":["https:\/\/velipost.com\/wp-content\/uploads\/2025\/12\/Prix-OPC-1070x470.jpg",1070,470,true],"colornews-big-slider-thumb":["https:\/\/velipost.com\/wp-content\/uploads\/2025\/12\/Prix-OPC-184x109.jpg",184,109,true],"colornews-featured-post-medium":["https:\/\/velipost.com\/wp-content\/uploads\/2025\/12\/Prix-OPC-345x265.jpg",345,265,true],"colornews-featured-post-small":["https:\/\/velipost.com\/wp-content\/uploads\/2025\/12\/Prix-OPC-115x73.jpg",115,73,true],"colornews-random-posts":["https:\/\/velipost.com\/wp-content\/uploads\/2025\/12\/Prix-OPC-215x215.jpg",215,215,true],"colornews-featured-image":["https:\/\/velipost.com\/wp-content\/uploads\/2025\/12\/Prix-OPC-715x400.jpg",715,400,true],"mailpoet_newsletter_max":["https:\/\/velipost.com\/wp-content\/uploads\/2025\/12\/Prix-OPC.jpg",1170,603,false]},"uagb_author_info":{"display_name":"VeliPost","author_link":"https:\/\/velipost.com\/?author=1"},"uagb_comment_info":0,"uagb_excerpt":"La 9\u1d49 \u00e9dition du concours de textes et de reportages sur les droits humains, organis\u00e9e par l\u2019Office de la Protection du Citoyen (OPC), s\u2019est","_links":{"self":[{"href":"https:\/\/velipost.com\/index.php?rest_route=\/wp\/v2\/posts\/5163","targetHints":{"allow":["GET"]}}],"collection":[{"href":"https:\/\/velipost.com\/index.php?rest_route=\/wp\/v2\/posts"}],"about":[{"href":"https:\/\/velipost.com\/index.php?rest_route=\/wp\/v2\/types\/post"}],"author":[{"embeddable":true,"href":"https:\/\/velipost.com\/index.php?rest_route=\/wp\/v2\/users\/1"}],"replies":[{"embeddable":true,"href":"https:\/\/velipost.com\/index.php?rest_route=%2Fwp%2Fv2%2Fcomments&post=5163"}],"version-history":[{"count":1,"href":"https:\/\/velipost.com\/index.php?rest_route=\/wp\/v2\/posts\/5163\/revisions"}],"predecessor-version":[{"id":5165,"href":"https:\/\/velipost.com\/index.php?rest_route=\/wp\/v2\/posts\/5163\/revisions\/5165"}],"wp:featuredmedia":[{"embeddable":true,"href":"https:\/\/velipost.com\/index.php?rest_route=\/wp\/v2\/media\/5164"}],"wp:attachment":[{"href":"https:\/\/velipost.com\/index.php?rest_route=%2Fwp%2Fv2%2Fmedia&parent=5163"}],"wp:term":[{"taxonomy":"category","embeddable":true,"href":"https:\/\/velipost.com\/index.php?rest_route=%2Fwp%2Fv2%2Fcategories&post=5163"},{"taxonomy":"post_tag","embeddable":true,"href":"https:\/\/velipost.com\/index.php?rest_route=%2Fwp%2Fv2%2Ftags&post=5163"}],"curies":[{"name":"wp","href":"https:\/\/api.w.org\/{rel}","templated":true}]}}