{"id":5158,"date":"2025-12-09T22:25:41","date_gmt":"2025-12-09T21:25:41","guid":{"rendered":"https:\/\/velipost.com\/?p=5158"},"modified":"2025-12-09T22:25:44","modified_gmt":"2025-12-09T21:25:44","slug":"le-projet-numerique-ikat-franchit-une-nouvelle-etape-a-la-die","status":"publish","type":"post","link":"https:\/\/velipost.com\/?p=5158","title":{"rendered":"Le projet num\u00e9rique \u00ab iKat \u00bb franchit une nouvelle \u00e9tape \u00e0 la DIE"},"content":{"rendered":"\n<p>Le Directeur g\u00e9n\u00e9ral de la Direction de l\u2019Immigration et de l\u2019\u00c9migration (DIE), Antoine Jean Simon F\u00e9nelon, a pr\u00e9sent\u00e9 ce mardi les derni\u00e8res avanc\u00e9es du projet \u00ab iKat \u00bb lors des Mardis de la Nation. Cette carte num\u00e9rique d\u2019embarquement et de d\u00e9barquement, lanc\u00e9e r\u00e9cemment, s\u2019inscrit dans une vaste entreprise de modernisation des services de l\u2019\u00c9tat.<\/p>\n\n\n\n<p>Port\u00e9 par le Premier ministre Alix Didier Fils-Aim\u00e9, en partenariat avec l\u2019IHSI, la Douane et le MSPP, \u00ab iKat \u00bb vise \u00e0 transformer la gestion des donn\u00e9es migratoires, douani\u00e8res et sanitaires. Le syst\u00e8me permet d\u2019harmoniser les proc\u00e9dures avec les normes internationales et d\u2019am\u00e9liorer la circulation des informations entre institutions.<\/p>\n\n\n\n<p>Selon M. F\u00e9nelon, tous les voyageurs doivent d\u00e9sormais remplir le formulaire num\u00e9rique 72 heures avant leur d\u00e9placement, que ce soit par voie terrestre, a\u00e9rienne ou maritime. Cette mesure renforce l\u2019efficacit\u00e9 du contr\u00f4le migratoire et r\u00e9duit les formalit\u00e9s traditionnelles.<\/p>\n\n\n\n<p>L\u2019outil offre \u00e9galement aux autorit\u00e9s un acc\u00e8s rapide et s\u00e9curis\u00e9 aux statistiques essentielles pour analyser les flux et anticiper les besoins du pays. Pour la DIE, il s\u2019agit d\u2019une avanc\u00e9e majeure dans la modernisation du service public.<\/p>\n\n\n\n<p>Avec \u00ab iKat \u00bb, le gouvernement entend faciliter l\u2019exp\u00e9rience des voyageurs tout en renfor\u00e7ant la capacit\u00e9 administrative de l\u2019\u00c9tat ha\u00eftien.<\/p>\n\n    <div class=\"xs_social_share_widget xs_share_url after_content \t\tmain_content  wslu-style-3 wslu-share-box-shaped wslu-fill-brand-hover-colored wslu-share-m-5 wslu-none wslu-share-horizontal wslu-theme-font-no wslu-main_content\">\n\n\t\t\n        <ul>\n\t\t\t                    <li class=\"xs-share-li twitter                        wslu-no-extra-data\">\n                        <a href=\"javascript:void(0);\"\n                           id=\"xs_feed_twitter\"\n                           onclick=\"xs_social_sharer(this);\"\n                           data-pid=\"5158\"\n                           data-uri_hash=\"1568a27df0cb103018408529f4c3a57f\"\n                           data-key=\"twitter\"\n                           data-xs-href=\"https:\/\/twitter.com\/intent\/tweet?text=Le+projet+num%C3%A9rique+%C2%AB+iKat+%C2%BB+franchit+une+nouvelle+%C3%A9tape+%C3%A0+la+DIE+https%3A%2F%2Fvelipost.com%2Findex.php%3Frest_route%3D%252Fwp%252Fv2%252Fposts%252F5158&amp;original_referer=https%3A%2F%2Fvelipost.com%2Findex.php%3Frest_route%3D%252Fwp%252Fv2%252Fposts%252F5158&amp;related=xpeedstudio\">\n\n                            <div class=\"xs-social-icon\">\n                                <span class=\"met-social met-social-twitter\"><\/span>\n                            <\/div>\n\n\t\t\t\t\t\t\t\n                            <div class=\"wslu-hover-content\">\n                                <div class=\"xs-social-followers\">\n\t\t\t\t\t\t\t\t\t10                                <\/div>\n                                <div class=\"xs-social-follower-text\">\n\t\t\t\t\t\t\t\t\tShare                                <\/div>\n                                <div class=\"xs-social-follower-label\">\n\t\t\t\t\t\t\t\t\tTwitter                                <\/div>\n                            <\/div>\n                        <\/a>\n                    <\/li>\n\t\t\t\t\t                    <li class=\"xs-share-li telegram                        wslu-no-extra-data\">\n                        <a href=\"javascript:void(0);\"\n                           id=\"xs_feed_telegram\"\n                           onclick=\"xs_social_sharer(this);\"\n                           data-pid=\"5158\"\n                           data-uri_hash=\"1568a27df0cb103018408529f4c3a57f\"\n                           data-key=\"telegram\"\n                           data-xs-href=\"https:\/\/telegram.me\/share\/url?url=https%3A%2F%2Fvelipost.com%2Findex.php%3Frest_route%3D%252Fwp%252Fv2%252Fposts%252F5158&amp;text=Le+projet+num%C3%A9rique+%C2%AB+iKat+%C2%BB+franchit+une+nouvelle+%C3%A9tape+%C3%A0+la+DIE\">\n\n                            <div class=\"xs-social-icon\">\n                                <span class=\"met-social met-social-telegram\"><\/span>\n                            <\/div>\n\n\t\t\t\t\t\t\t\n                            <div class=\"wslu-hover-content\">\n                                <div class=\"xs-social-followers\">\n\t\t\t\t\t\t\t\t\t0                                <\/div>\n                                <div class=\"xs-social-follower-text\">\n\t\t\t\t\t\t\t\t\tShare                                <\/div>\n                                <div class=\"xs-social-follower-label\">\n\t\t\t\t\t\t\t\t\tTelegram                                <\/div>\n                            <\/div>\n                        <\/a>\n                    <\/li>\n\t\t\t\t\t                    <li class=\"xs-share-li email                        wslu-no-extra-data\">\n                        <a href=\"javascript:void(0);\"\n                           id=\"xs_feed_email\"\n                           onclick=\"xs_social_sharer(this);\"\n                           data-pid=\"5158\"\n                           data-uri_hash=\"1568a27df0cb103018408529f4c3a57f\"\n                           data-key=\"email\"\n                           data-xs-href=\"mailto:?body=Title%3A+Le+projet+num%C3%A9rique+%C2%AB+iKat+%C2%BB+franchit+une+nouvelle+%C3%A9tape+%C3%A0+la+DIE+%5Cn%5Cn+URL%3A+https%3A%2F%2Fvelipost.com%2Findex.php%3Frest_route%3D%252Fwp%252Fv2%252Fposts%252F5158&amp;subject=Le+projet+num%C3%A9rique+%C2%AB+iKat+%C2%BB+franchit+une+nouvelle+%C3%A9tape+%C3%A0+la+DIE\">\n\n                            <div class=\"xs-social-icon\">\n                                <span class=\"met-social met-social-email\"><\/span>\n                            <\/div>\n\n\t\t\t\t\t\t\t\n                            <div class=\"wslu-hover-content\">\n                                <div class=\"xs-social-followers\">\n\t\t\t\t\t\t\t\t\t0                                <\/div>\n                                <div class=\"xs-social-follower-text\">\n\t\t\t\t\t\t\t\t\tShare                                <\/div>\n                                <div class=\"xs-social-follower-label\">\n\t\t\t\t\t\t\t\t\tEmail                                <\/div>\n                            <\/div>\n                        <\/a>\n                    <\/li>\n\t\t\t\t\t        <\/ul>\n    <\/div> \n","protected":false},"excerpt":{"rendered":"<p>Le Directeur g\u00e9n\u00e9ral de la Direction de l\u2019Immigration et de l\u2019\u00c9migration (DIE), Antoine Jean Simon F\u00e9nelon, a pr\u00e9sent\u00e9 ce mardi les derni\u00e8res avanc\u00e9es du<\/p>\n","protected":false},"author":1,"featured_media":5159,"comment_status":"open","ping_status":"open","sticky":false,"template":"","format":"standard","meta":{"_uag_custom_page_level_css":"","footnotes":"","jetpack_publicize_message":"","jetpack_publicize_feature_enabled":true,"jetpack_social_post_already_shared":true,"jetpack_social_options":{"image_generator_settings":{"template":"highway","default_image_id":0,"font":"","enabled":false},"version":2}},"categories":[63],"tags":[],"class_list":["post-5158","post","type-post","status-publish","format-standard","has-post-thumbnail","hentry","category-technologie"],"yoast_head":"<!-- This site is optimized with the Yoast SEO plugin v25.3.1 - https:\/\/yoast.com\/wordpress\/plugins\/seo\/ -->\n<title>Le projet num\u00e9rique \u00ab iKat \u00bb franchit une nouvelle \u00e9tape \u00e0 la DIE &#8211; VeliPost<\/title>\n<meta name=\"robots\" content=\"index, follow, max-snippet:-1, max-image-preview:large, max-video-preview:-1\" \/>\n<link rel=\"canonical\" href=\"https:\/\/velipost.com\/?p=5158\" \/>\n<meta property=\"og:locale\" content=\"fr_FR\" \/>\n<meta property=\"og:type\" content=\"article\" \/>\n<meta property=\"og:title\" content=\"Le projet num\u00e9rique \u00ab iKat \u00bb franchit une nouvelle \u00e9tape \u00e0 la DIE &#8211; VeliPost\" \/>\n<meta property=\"og:description\" content=\"Le Directeur g\u00e9n\u00e9ral de la Direction de l\u2019Immigration et de l\u2019\u00c9migration (DIE), Antoine Jean Simon F\u00e9nelon, a pr\u00e9sent\u00e9 ce mardi les derni\u00e8res avanc\u00e9es du\" \/>\n<meta property=\"og:url\" content=\"https:\/\/velipost.com\/?p=5158\" \/>\n<meta property=\"og:site_name\" content=\"VeliPost\" \/>\n<meta property=\"article:publisher\" content=\"https:\/\/www.facebook.com\/veliposthaiti\" \/>\n<meta property=\"article:published_time\" content=\"2025-12-09T21:25:41+00:00\" \/>\n<meta property=\"article:modified_time\" content=\"2025-12-09T21:25:44+00:00\" \/>\n<meta property=\"og:image\" content=\"https:\/\/velipost.com\/wp-content\/uploads\/2025\/12\/Antoine-Jean-Simon-Fenelon.jpg\" \/>\n\t<meta property=\"og:image:width\" content=\"1170\" \/>\n\t<meta property=\"og:image:height\" content=\"603\" \/>\n\t<meta property=\"og:image:type\" content=\"image\/jpeg\" \/>\n<meta name=\"author\" content=\"VeliPost\" \/>\n<meta name=\"twitter:card\" content=\"summary_large_image\" \/>\n<meta name=\"twitter:creator\" content=\"@veliposthaiti\" \/>\n<meta name=\"twitter:site\" content=\"@veliposthaiti\" \/>\n<meta name=\"twitter:label1\" content=\"\u00c9crit par\" \/>\n\t<meta name=\"twitter:data1\" content=\"VeliPost\" \/>\n\t<meta name=\"twitter:label2\" content=\"Dur\u00e9e de lecture estim\u00e9e\" \/>\n\t<meta name=\"twitter:data2\" content=\"2 minutes\" \/>\n<script type=\"application\/ld+json\" class=\"yoast-schema-graph\">{\"@context\":\"https:\/\/schema.org\",\"@graph\":[{\"@type\":\"Article\",\"@id\":\"https:\/\/velipost.com\/?p=5158#article\",\"isPartOf\":{\"@id\":\"https:\/\/velipost.com\/?p=5158\"},\"author\":{\"name\":\"VeliPost\",\"@id\":\"https:\/\/velipost.com\/#\/schema\/person\/32ff49a53c9c1bb24302ee8ece058096\"},\"headline\":\"Le projet num\u00e9rique \u00ab iKat \u00bb franchit une nouvelle \u00e9tape \u00e0 la DIE\",\"datePublished\":\"2025-12-09T21:25:41+00:00\",\"dateModified\":\"2025-12-09T21:25:44+00:00\",\"mainEntityOfPage\":{\"@id\":\"https:\/\/velipost.com\/?p=5158\"},\"wordCount\":245,\"commentCount\":0,\"publisher\":{\"@id\":\"https:\/\/velipost.com\/#organization\"},\"image\":{\"@id\":\"https:\/\/velipost.com\/?p=5158#primaryimage\"},\"thumbnailUrl\":\"https:\/\/velipost.com\/wp-content\/uploads\/2025\/12\/Antoine-Jean-Simon-Fenelon.jpg\",\"articleSection\":[\"Tech\"],\"inLanguage\":\"fr-FR\",\"potentialAction\":[{\"@type\":\"CommentAction\",\"name\":\"Comment\",\"target\":[\"https:\/\/velipost.com\/?p=5158#respond\"]}]},{\"@type\":\"WebPage\",\"@id\":\"https:\/\/velipost.com\/?p=5158\",\"url\":\"https:\/\/velipost.com\/?p=5158\",\"name\":\"Le projet num\u00e9rique \u00ab iKat \u00bb franchit une nouvelle \u00e9tape \u00e0 la DIE &#8211; VeliPost\",\"isPartOf\":{\"@id\":\"https:\/\/velipost.com\/#website\"},\"primaryImageOfPage\":{\"@id\":\"https:\/\/velipost.com\/?p=5158#primaryimage\"},\"image\":{\"@id\":\"https:\/\/velipost.com\/?p=5158#primaryimage\"},\"thumbnailUrl\":\"https:\/\/velipost.com\/wp-content\/uploads\/2025\/12\/Antoine-Jean-Simon-Fenelon.jpg\",\"datePublished\":\"2025-12-09T21:25:41+00:00\",\"dateModified\":\"2025-12-09T21:25:44+00:00\",\"breadcrumb\":{\"@id\":\"https:\/\/velipost.com\/?p=5158#breadcrumb\"},\"inLanguage\":\"fr-FR\",\"potentialAction\":[{\"@type\":\"ReadAction\",\"target\":[\"https:\/\/velipost.com\/?p=5158\"]}]},{\"@type\":\"ImageObject\",\"inLanguage\":\"fr-FR\",\"@id\":\"https:\/\/velipost.com\/?p=5158#primaryimage\",\"url\":\"https:\/\/velipost.com\/wp-content\/uploads\/2025\/12\/Antoine-Jean-Simon-Fenelon.jpg\",\"contentUrl\":\"https:\/\/velipost.com\/wp-content\/uploads\/2025\/12\/Antoine-Jean-Simon-Fenelon.jpg\",\"width\":1170,\"height\":603},{\"@type\":\"BreadcrumbList\",\"@id\":\"https:\/\/velipost.com\/?p=5158#breadcrumb\",\"itemListElement\":[{\"@type\":\"ListItem\",\"position\":1,\"name\":\"Accueil\",\"item\":\"https:\/\/velipost.com\/\"},{\"@type\":\"ListItem\",\"position\":2,\"name\":\"Le projet num\u00e9rique \u00ab iKat \u00bb franchit une nouvelle \u00e9tape \u00e0 la DIE\"}]},{\"@type\":\"WebSite\",\"@id\":\"https:\/\/velipost.com\/#website\",\"url\":\"https:\/\/velipost.com\/\",\"name\":\"VeliPost\",\"description\":\"L\u2019info en un clic\",\"publisher\":{\"@id\":\"https:\/\/velipost.com\/#organization\"},\"potentialAction\":[{\"@type\":\"SearchAction\",\"target\":{\"@type\":\"EntryPoint\",\"urlTemplate\":\"https:\/\/velipost.com\/?s={search_term_string}\"},\"query-input\":{\"@type\":\"PropertyValueSpecification\",\"valueRequired\":true,\"valueName\":\"search_term_string\"}}],\"inLanguage\":\"fr-FR\"},{\"@type\":\"Organization\",\"@id\":\"https:\/\/velipost.com\/#organization\",\"name\":\"VeliPost\",\"url\":\"https:\/\/velipost.com\/\",\"logo\":{\"@type\":\"ImageObject\",\"inLanguage\":\"fr-FR\",\"@id\":\"https:\/\/velipost.com\/#\/schema\/logo\/image\/\",\"url\":\"https:\/\/velipost.com\/wp-content\/uploads\/2024\/08\/cropped-VP-logo-piti.png\",\"contentUrl\":\"https:\/\/velipost.com\/wp-content\/uploads\/2024\/08\/cropped-VP-logo-piti.png\",\"width\":201,\"height\":69,\"caption\":\"VeliPost\"},\"image\":{\"@id\":\"https:\/\/velipost.com\/#\/schema\/logo\/image\/\"},\"sameAs\":[\"https:\/\/www.facebook.com\/veliposthaiti\",\"https:\/\/x.com\/veliposthaiti\",\"https:\/\/www.instagram.com\/veliposthaiti\"]},{\"@type\":\"Person\",\"@id\":\"https:\/\/velipost.com\/#\/schema\/person\/32ff49a53c9c1bb24302ee8ece058096\",\"name\":\"VeliPost\",\"image\":{\"@type\":\"ImageObject\",\"inLanguage\":\"fr-FR\",\"@id\":\"https:\/\/velipost.com\/#\/schema\/person\/image\/\",\"url\":\"https:\/\/secure.gravatar.com\/avatar\/57c226c264de62f794185a89596d4a37b85a5ad20aca30d9d5a478b27d8c8d9d?s=96&d=mm&r=g\",\"contentUrl\":\"https:\/\/secure.gravatar.com\/avatar\/57c226c264de62f794185a89596d4a37b85a5ad20aca30d9d5a478b27d8c8d9d?s=96&d=mm&r=g\",\"caption\":\"VeliPost\"},\"sameAs\":[\"https:\/\/velipost.com\"],\"url\":\"https:\/\/velipost.com\/?author=1\"}]}<\/script>\n<!-- \/ Yoast SEO plugin. -->","yoast_head_json":{"title":"Le projet num\u00e9rique \u00ab iKat \u00bb franchit une nouvelle \u00e9tape \u00e0 la DIE &#8211; VeliPost","robots":{"index":"index","follow":"follow","max-snippet":"max-snippet:-1","max-image-preview":"max-image-preview:large","max-video-preview":"max-video-preview:-1"},"canonical":"https:\/\/velipost.com\/?p=5158","og_locale":"fr_FR","og_type":"article","og_title":"Le projet num\u00e9rique \u00ab iKat \u00bb franchit une nouvelle \u00e9tape \u00e0 la DIE &#8211; VeliPost","og_description":"Le Directeur g\u00e9n\u00e9ral de la Direction de l\u2019Immigration et de l\u2019\u00c9migration (DIE), Antoine Jean Simon F\u00e9nelon, a pr\u00e9sent\u00e9 ce mardi les derni\u00e8res avanc\u00e9es du","og_url":"https:\/\/velipost.com\/?p=5158","og_site_name":"VeliPost","article_publisher":"https:\/\/www.facebook.com\/veliposthaiti","article_published_time":"2025-12-09T21:25:41+00:00","article_modified_time":"2025-12-09T21:25:44+00:00","og_image":[{"width":1170,"height":603,"url":"https:\/\/velipost.com\/wp-content\/uploads\/2025\/12\/Antoine-Jean-Simon-Fenelon.jpg","type":"image\/jpeg"}],"author":"VeliPost","twitter_card":"summary_large_image","twitter_creator":"@veliposthaiti","twitter_site":"@veliposthaiti","twitter_misc":{"\u00c9crit par":"VeliPost","Dur\u00e9e de lecture estim\u00e9e":"2 minutes"},"schema":{"@context":"https:\/\/schema.org","@graph":[{"@type":"Article","@id":"https:\/\/velipost.com\/?p=5158#article","isPartOf":{"@id":"https:\/\/velipost.com\/?p=5158"},"author":{"name":"VeliPost","@id":"https:\/\/velipost.com\/#\/schema\/person\/32ff49a53c9c1bb24302ee8ece058096"},"headline":"Le projet num\u00e9rique \u00ab iKat \u00bb franchit une nouvelle \u00e9tape \u00e0 la DIE","datePublished":"2025-12-09T21:25:41+00:00","dateModified":"2025-12-09T21:25:44+00:00","mainEntityOfPage":{"@id":"https:\/\/velipost.com\/?p=5158"},"wordCount":245,"commentCount":0,"publisher":{"@id":"https:\/\/velipost.com\/#organization"},"image":{"@id":"https:\/\/velipost.com\/?p=5158#primaryimage"},"thumbnailUrl":"https:\/\/velipost.com\/wp-content\/uploads\/2025\/12\/Antoine-Jean-Simon-Fenelon.jpg","articleSection":["Tech"],"inLanguage":"fr-FR","potentialAction":[{"@type":"CommentAction","name":"Comment","target":["https:\/\/velipost.com\/?p=5158#respond"]}]},{"@type":"WebPage","@id":"https:\/\/velipost.com\/?p=5158","url":"https:\/\/velipost.com\/?p=5158","name":"Le projet num\u00e9rique \u00ab iKat \u00bb franchit une nouvelle \u00e9tape \u00e0 la DIE &#8211; VeliPost","isPartOf":{"@id":"https:\/\/velipost.com\/#website"},"primaryImageOfPage":{"@id":"https:\/\/velipost.com\/?p=5158#primaryimage"},"image":{"@id":"https:\/\/velipost.com\/?p=5158#primaryimage"},"thumbnailUrl":"https:\/\/velipost.com\/wp-content\/uploads\/2025\/12\/Antoine-Jean-Simon-Fenelon.jpg","datePublished":"2025-12-09T21:25:41+00:00","dateModified":"2025-12-09T21:25:44+00:00","breadcrumb":{"@id":"https:\/\/velipost.com\/?p=5158#breadcrumb"},"inLanguage":"fr-FR","potentialAction":[{"@type":"ReadAction","target":["https:\/\/velipost.com\/?p=5158"]}]},{"@type":"ImageObject","inLanguage":"fr-FR","@id":"https:\/\/velipost.com\/?p=5158#primaryimage","url":"https:\/\/velipost.com\/wp-content\/uploads\/2025\/12\/Antoine-Jean-Simon-Fenelon.jpg","contentUrl":"https:\/\/velipost.com\/wp-content\/uploads\/2025\/12\/Antoine-Jean-Simon-Fenelon.jpg","width":1170,"height":603},{"@type":"BreadcrumbList","@id":"https:\/\/velipost.com\/?p=5158#breadcrumb","itemListElement":[{"@type":"ListItem","position":1,"name":"Accueil","item":"https:\/\/velipost.com\/"},{"@type":"ListItem","position":2,"name":"Le projet num\u00e9rique \u00ab iKat \u00bb franchit une nouvelle \u00e9tape \u00e0 la DIE"}]},{"@type":"WebSite","@id":"https:\/\/velipost.com\/#website","url":"https:\/\/velipost.com\/","name":"VeliPost","description":"L\u2019info en un clic","publisher":{"@id":"https:\/\/velipost.com\/#organization"},"potentialAction":[{"@type":"SearchAction","target":{"@type":"EntryPoint","urlTemplate":"https:\/\/velipost.com\/?s={search_term_string}"},"query-input":{"@type":"PropertyValueSpecification","valueRequired":true,"valueName":"search_term_string"}}],"inLanguage":"fr-FR"},{"@type":"Organization","@id":"https:\/\/velipost.com\/#organization","name":"VeliPost","url":"https:\/\/velipost.com\/","logo":{"@type":"ImageObject","inLanguage":"fr-FR","@id":"https:\/\/velipost.com\/#\/schema\/logo\/image\/","url":"https:\/\/velipost.com\/wp-content\/uploads\/2024\/08\/cropped-VP-logo-piti.png","contentUrl":"https:\/\/velipost.com\/wp-content\/uploads\/2024\/08\/cropped-VP-logo-piti.png","width":201,"height":69,"caption":"VeliPost"},"image":{"@id":"https:\/\/velipost.com\/#\/schema\/logo\/image\/"},"sameAs":["https:\/\/www.facebook.com\/veliposthaiti","https:\/\/x.com\/veliposthaiti","https:\/\/www.instagram.com\/veliposthaiti"]},{"@type":"Person","@id":"https:\/\/velipost.com\/#\/schema\/person\/32ff49a53c9c1bb24302ee8ece058096","name":"VeliPost","image":{"@type":"ImageObject","inLanguage":"fr-FR","@id":"https:\/\/velipost.com\/#\/schema\/person\/image\/","url":"https:\/\/secure.gravatar.com\/avatar\/57c226c264de62f794185a89596d4a37b85a5ad20aca30d9d5a478b27d8c8d9d?s=96&d=mm&r=g","contentUrl":"https:\/\/secure.gravatar.com\/avatar\/57c226c264de62f794185a89596d4a37b85a5ad20aca30d9d5a478b27d8c8d9d?s=96&d=mm&r=g","caption":"VeliPost"},"sameAs":["https:\/\/velipost.com"],"url":"https:\/\/velipost.com\/?author=1"}]}},"views":0,"jetpack_publicize_connections":[],"uagb_featured_image_src":{"full":["https:\/\/velipost.com\/wp-content\/uploads\/2025\/12\/Antoine-Jean-Simon-Fenelon.jpg",1170,603,false],"thumbnail":["https:\/\/velipost.com\/wp-content\/uploads\/2025\/12\/Antoine-Jean-Simon-Fenelon-150x150.jpg",150,150,true],"medium":["https:\/\/velipost.com\/wp-content\/uploads\/2025\/12\/Antoine-Jean-Simon-Fenelon-300x155.jpg",300,155,true],"medium_large":["https:\/\/velipost.com\/wp-content\/uploads\/2025\/12\/Antoine-Jean-Simon-Fenelon-768x396.jpg",715,369,true],"large":["https:\/\/velipost.com\/wp-content\/uploads\/2025\/12\/Antoine-Jean-Simon-Fenelon-1024x528.jpg",715,369,true],"1536x1536":["https:\/\/velipost.com\/wp-content\/uploads\/2025\/12\/Antoine-Jean-Simon-Fenelon.jpg",1170,603,false],"2048x2048":["https:\/\/velipost.com\/wp-content\/uploads\/2025\/12\/Antoine-Jean-Simon-Fenelon.jpg",1170,603,false],"colornews-big-slider":["https:\/\/velipost.com\/wp-content\/uploads\/2025\/12\/Antoine-Jean-Simon-Fenelon-1070x470.jpg",1070,470,true],"colornews-big-slider-thumb":["https:\/\/velipost.com\/wp-content\/uploads\/2025\/12\/Antoine-Jean-Simon-Fenelon-184x109.jpg",184,109,true],"colornews-featured-post-medium":["https:\/\/velipost.com\/wp-content\/uploads\/2025\/12\/Antoine-Jean-Simon-Fenelon-345x265.jpg",345,265,true],"colornews-featured-post-small":["https:\/\/velipost.com\/wp-content\/uploads\/2025\/12\/Antoine-Jean-Simon-Fenelon-115x73.jpg",115,73,true],"colornews-random-posts":["https:\/\/velipost.com\/wp-content\/uploads\/2025\/12\/Antoine-Jean-Simon-Fenelon-215x215.jpg",215,215,true],"colornews-featured-image":["https:\/\/velipost.com\/wp-content\/uploads\/2025\/12\/Antoine-Jean-Simon-Fenelon-715x400.jpg",715,400,true],"mailpoet_newsletter_max":["https:\/\/velipost.com\/wp-content\/uploads\/2025\/12\/Antoine-Jean-Simon-Fenelon.jpg",1170,603,false]},"uagb_author_info":{"display_name":"VeliPost","author_link":"https:\/\/velipost.com\/?author=1"},"uagb_comment_info":0,"uagb_excerpt":"Le Directeur g\u00e9n\u00e9ral de la Direction de l\u2019Immigration et de l\u2019\u00c9migration (DIE), Antoine Jean Simon F\u00e9nelon, a pr\u00e9sent\u00e9 ce mardi les derni\u00e8res avanc\u00e9es du","_links":{"self":[{"href":"https:\/\/velipost.com\/index.php?rest_route=\/wp\/v2\/posts\/5158","targetHints":{"allow":["GET"]}}],"collection":[{"href":"https:\/\/velipost.com\/index.php?rest_route=\/wp\/v2\/posts"}],"about":[{"href":"https:\/\/velipost.com\/index.php?rest_route=\/wp\/v2\/types\/post"}],"author":[{"embeddable":true,"href":"https:\/\/velipost.com\/index.php?rest_route=\/wp\/v2\/users\/1"}],"replies":[{"embeddable":true,"href":"https:\/\/velipost.com\/index.php?rest_route=%2Fwp%2Fv2%2Fcomments&post=5158"}],"version-history":[{"count":1,"href":"https:\/\/velipost.com\/index.php?rest_route=\/wp\/v2\/posts\/5158\/revisions"}],"predecessor-version":[{"id":5160,"href":"https:\/\/velipost.com\/index.php?rest_route=\/wp\/v2\/posts\/5158\/revisions\/5160"}],"wp:featuredmedia":[{"embeddable":true,"href":"https:\/\/velipost.com\/index.php?rest_route=\/wp\/v2\/media\/5159"}],"wp:attachment":[{"href":"https:\/\/velipost.com\/index.php?rest_route=%2Fwp%2Fv2%2Fmedia&parent=5158"}],"wp:term":[{"taxonomy":"category","embeddable":true,"href":"https:\/\/velipost.com\/index.php?rest_route=%2Fwp%2Fv2%2Fcategories&post=5158"},{"taxonomy":"post_tag","embeddable":true,"href":"https:\/\/velipost.com\/index.php?rest_route=%2Fwp%2Fv2%2Ftags&post=5158"}],"curies":[{"name":"wp","href":"https:\/\/api.w.org\/{rel}","templated":true}]}}