{"id":5146,"date":"2025-12-09T13:50:09","date_gmt":"2025-12-09T12:50:09","guid":{"rendered":"https:\/\/velipost.com\/?p=5146"},"modified":"2025-12-09T13:50:12","modified_gmt":"2025-12-09T12:50:12","slug":"les-eveques-dhaiti-lancent-un-appel-a-lunite-et-a-la-responsabilite-nationale","status":"publish","type":"post","link":"https:\/\/velipost.com\/?p=5146","title":{"rendered":"Les \u00e9v\u00eaques d\u2019Ha\u00efti lancent un appel \u00e0 l\u2019unit\u00e9 et \u00e0 la responsabilit\u00e9 nationale"},"content":{"rendered":"\n<p>\u00c0 l\u2019approche des f\u00eates de fin d\u2019ann\u00e9e, la Conf\u00e9rence \u00c9piscopale d\u2019Ha\u00efti (CEH) a publi\u00e9, ce 8 d\u00e9cembre 2025, son traditionnel message de No\u00ebl. Les \u00e9v\u00eaques y livrent un appel fort \u00e0 l\u2019esp\u00e9rance, \u00e0 la paix et \u00e0 la responsabilit\u00e9 nationale, dans un pays encore meurtri par l\u2019ins\u00e9curit\u00e9 et l\u2019instabilit\u00e9 institutionnelle.<\/p>\n\n\n\n<p>Les pr\u00e9lats rappellent que la naissance du Christ, \u00ab lumi\u00e8re qui brille dans nos t\u00e9n\u00e8bres \u00bb, survient dans un monde marqu\u00e9 par la pauvret\u00e9 et la souffrance. Une image qui, selon eux, rejoint profond\u00e9ment la r\u00e9alit\u00e9 du peuple ha\u00eftien. Tout en reconnaissant les \u00e9preuves, ils affirment que la foi invite \u00e0 ne pas c\u00e9der au d\u00e9sespoir. L\u2019esp\u00e9rance, disent-ils, n\u2019est pas un optimisme na\u00eff, mais un engagement responsable pour reconstruire le pays.<\/p>\n\n\n\n<p>Les \u00e9v\u00eaques insistent sur la n\u00e9cessit\u00e9 d\u2019une mobilisation collective. Ils appellent pr\u00eatres, religieux, la\u00efcs, jeunes et adultes \u00e0 devenir des \u00ab artisans de paix \u00bb. Ils saluent \u00e9galement la qualification r\u00e9cente de la s\u00e9lection nationale de football, qu\u2019ils voient comme un signe de d\u00e9passement et d\u2019unit\u00e9 possible malgr\u00e9 l\u2019adversit\u00e9.<\/p>\n\n\n\n<p>Face aux limites de l\u2019\u00c9tat et \u00e0 la mont\u00e9e de la violence, la CEH exhorte les acteurs politiques, sociaux et institutionnels \u00e0 s\u2019\u00e9lever au-dessus des int\u00e9r\u00eats partisans. Elle insiste sur le respect de la Constitution de 1987, qui demeure la r\u00e9f\u00e9rence principale pour la stabilit\u00e9 juridique, notamment \u00e0 l\u2019approche du 7 f\u00e9vrier 2026, date marquant la fin du mandat du Conseil Pr\u00e9sidentiel de Transition.<\/p>\n\n\n\n<p>Les \u00e9v\u00eaques estiment aussi que des \u00e9lections cr\u00e9dibles ne pourront se tenir que dans un climat s\u00e9curitaire r\u00e9tabli. Ils appellent l\u2019\u00c9tat, ainsi que les partenaires nationaux et internationaux, \u00e0 prendre les mesures n\u00e9cessaires pour assurer cette condition indispensable. Ils encouragent l\u2019\u00e9mergence d\u2019un leadership nouveau, bas\u00e9 sur la probit\u00e9, le service et le refus de la corruption.<\/p>\n\n\n\n<p>Les membres de la CEH confient Ha\u00efti au Christ, \u00ab Prince de la Paix \u00bb, et prient pour une ann\u00e9e 2026 porteuse de changement. Ils invoquent \u00e9galement la protection de la Vierge Marie sur la nation et sur ceux qui travaillent pour la paix.<\/p>\n\n    <div class=\"xs_social_share_widget xs_share_url after_content \t\tmain_content  wslu-style-3 wslu-share-box-shaped wslu-fill-brand-hover-colored wslu-share-m-5 wslu-none wslu-share-horizontal wslu-theme-font-no wslu-main_content\">\n\n\t\t\n        <ul>\n\t\t\t                    <li class=\"xs-share-li twitter                        wslu-no-extra-data\">\n                        <a href=\"javascript:void(0);\"\n                           id=\"xs_feed_twitter\"\n                           onclick=\"xs_social_sharer(this);\"\n                           data-pid=\"5146\"\n                           data-uri_hash=\"9a462c8e598bcdfbc8d995a4f26fa915\"\n                           data-key=\"twitter\"\n                           data-xs-href=\"https:\/\/twitter.com\/intent\/tweet?text=Les+%C3%A9v%C3%AAques+d%E2%80%99Ha%C3%AFti+lancent+un+appel+%C3%A0+l%E2%80%99unit%C3%A9+et+%C3%A0+la+responsabilit%C3%A9+nationale+https%3A%2F%2Fvelipost.com%2Findex.php%3Frest_route%3D%252Fwp%252Fv2%252Fposts%252F5146&amp;original_referer=https%3A%2F%2Fvelipost.com%2Findex.php%3Frest_route%3D%252Fwp%252Fv2%252Fposts%252F5146&amp;related=xpeedstudio\">\n\n                            <div class=\"xs-social-icon\">\n                                <span class=\"met-social met-social-twitter\"><\/span>\n                            <\/div>\n\n\t\t\t\t\t\t\t\n                            <div class=\"wslu-hover-content\">\n                                <div class=\"xs-social-followers\">\n\t\t\t\t\t\t\t\t\t10                                <\/div>\n                                <div class=\"xs-social-follower-text\">\n\t\t\t\t\t\t\t\t\tShare                                <\/div>\n                                <div class=\"xs-social-follower-label\">\n\t\t\t\t\t\t\t\t\tTwitter                                <\/div>\n                            <\/div>\n                        <\/a>\n                    <\/li>\n\t\t\t\t\t                    <li class=\"xs-share-li telegram                        wslu-no-extra-data\">\n                        <a href=\"javascript:void(0);\"\n                           id=\"xs_feed_telegram\"\n                           onclick=\"xs_social_sharer(this);\"\n                           data-pid=\"5146\"\n                           data-uri_hash=\"9a462c8e598bcdfbc8d995a4f26fa915\"\n                           data-key=\"telegram\"\n                           data-xs-href=\"https:\/\/telegram.me\/share\/url?url=https%3A%2F%2Fvelipost.com%2Findex.php%3Frest_route%3D%252Fwp%252Fv2%252Fposts%252F5146&amp;text=Les+%C3%A9v%C3%AAques+d%E2%80%99Ha%C3%AFti+lancent+un+appel+%C3%A0+l%E2%80%99unit%C3%A9+et+%C3%A0+la+responsabilit%C3%A9+nationale\">\n\n                            <div class=\"xs-social-icon\">\n                                <span class=\"met-social met-social-telegram\"><\/span>\n                            <\/div>\n\n\t\t\t\t\t\t\t\n                            <div class=\"wslu-hover-content\">\n                                <div class=\"xs-social-followers\">\n\t\t\t\t\t\t\t\t\t0                                <\/div>\n                                <div class=\"xs-social-follower-text\">\n\t\t\t\t\t\t\t\t\tShare                                <\/div>\n                                <div class=\"xs-social-follower-label\">\n\t\t\t\t\t\t\t\t\tTelegram                                <\/div>\n                            <\/div>\n                        <\/a>\n                    <\/li>\n\t\t\t\t\t                    <li class=\"xs-share-li email                        wslu-no-extra-data\">\n                        <a href=\"javascript:void(0);\"\n                           id=\"xs_feed_email\"\n                           onclick=\"xs_social_sharer(this);\"\n                           data-pid=\"5146\"\n                           data-uri_hash=\"9a462c8e598bcdfbc8d995a4f26fa915\"\n                           data-key=\"email\"\n                           data-xs-href=\"mailto:?body=Title%3A+Les+%C3%A9v%C3%AAques+d%E2%80%99Ha%C3%AFti+lancent+un+appel+%C3%A0+l%E2%80%99unit%C3%A9+et+%C3%A0+la+responsabilit%C3%A9+nationale+%5Cn%5Cn+URL%3A+https%3A%2F%2Fvelipost.com%2Findex.php%3Frest_route%3D%252Fwp%252Fv2%252Fposts%252F5146&amp;subject=Les+%C3%A9v%C3%AAques+d%E2%80%99Ha%C3%AFti+lancent+un+appel+%C3%A0+l%E2%80%99unit%C3%A9+et+%C3%A0+la+responsabilit%C3%A9+nationale\">\n\n                            <div class=\"xs-social-icon\">\n                                <span class=\"met-social met-social-email\"><\/span>\n                            <\/div>\n\n\t\t\t\t\t\t\t\n                            <div class=\"wslu-hover-content\">\n                                <div class=\"xs-social-followers\">\n\t\t\t\t\t\t\t\t\t0                                <\/div>\n                                <div class=\"xs-social-follower-text\">\n\t\t\t\t\t\t\t\t\tShare                                <\/div>\n                                <div class=\"xs-social-follower-label\">\n\t\t\t\t\t\t\t\t\tEmail                                <\/div>\n                            <\/div>\n                        <\/a>\n                    <\/li>\n\t\t\t\t\t        <\/ul>\n    <\/div> \n","protected":false},"excerpt":{"rendered":"<p>\u00c0 l\u2019approche des f\u00eates de fin d\u2019ann\u00e9e, la Conf\u00e9rence \u00c9piscopale d\u2019Ha\u00efti (CEH) a publi\u00e9, ce 8 d\u00e9cembre 2025, son traditionnel message de No\u00ebl. Les<\/p>\n","protected":false},"author":1,"featured_media":5147,"comment_status":"open","ping_status":"open","sticky":false,"template":"","format":"standard","meta":{"_uag_custom_page_level_css":"","footnotes":"","jetpack_publicize_message":"","jetpack_publicize_feature_enabled":true,"jetpack_social_post_already_shared":true,"jetpack_social_options":{"image_generator_settings":{"template":"highway","default_image_id":0,"font":"","enabled":false},"version":2}},"categories":[94],"tags":[],"class_list":["post-5146","post","type-post","status-publish","format-standard","has-post-thumbnail","hentry","category-a-la-une"],"yoast_head":"<!-- This site is optimized with the Yoast SEO plugin v25.3.1 - https:\/\/yoast.com\/wordpress\/plugins\/seo\/ -->\n<title>Les \u00e9v\u00eaques d\u2019Ha\u00efti lancent un appel \u00e0 l\u2019unit\u00e9 et \u00e0 la responsabilit\u00e9 nationale &#8211; VeliPost<\/title>\n<meta name=\"robots\" content=\"index, follow, max-snippet:-1, max-image-preview:large, max-video-preview:-1\" \/>\n<link rel=\"canonical\" href=\"https:\/\/velipost.com\/?p=5146\" \/>\n<meta property=\"og:locale\" content=\"fr_FR\" \/>\n<meta property=\"og:type\" content=\"article\" \/>\n<meta property=\"og:title\" content=\"Les \u00e9v\u00eaques d\u2019Ha\u00efti lancent un appel \u00e0 l\u2019unit\u00e9 et \u00e0 la responsabilit\u00e9 nationale &#8211; VeliPost\" \/>\n<meta property=\"og:description\" content=\"\u00c0 l\u2019approche des f\u00eates de fin d\u2019ann\u00e9e, la Conf\u00e9rence \u00c9piscopale d\u2019Ha\u00efti (CEH) a publi\u00e9, ce 8 d\u00e9cembre 2025, son traditionnel message de No\u00ebl. Les\" \/>\n<meta property=\"og:url\" content=\"https:\/\/velipost.com\/?p=5146\" \/>\n<meta property=\"og:site_name\" content=\"VeliPost\" \/>\n<meta property=\"article:publisher\" content=\"https:\/\/www.facebook.com\/veliposthaiti\" \/>\n<meta property=\"article:published_time\" content=\"2025-12-09T12:50:09+00:00\" \/>\n<meta property=\"article:modified_time\" content=\"2025-12-09T12:50:12+00:00\" \/>\n<meta property=\"og:image\" content=\"https:\/\/velipost.com\/wp-content\/uploads\/2025\/12\/eveques.jpg\" \/>\n\t<meta property=\"og:image:width\" content=\"1170\" \/>\n\t<meta property=\"og:image:height\" content=\"603\" \/>\n\t<meta property=\"og:image:type\" content=\"image\/jpeg\" \/>\n<meta name=\"author\" content=\"VeliPost\" \/>\n<meta name=\"twitter:card\" content=\"summary_large_image\" \/>\n<meta name=\"twitter:creator\" content=\"@veliposthaiti\" \/>\n<meta name=\"twitter:site\" content=\"@veliposthaiti\" \/>\n<meta name=\"twitter:label1\" content=\"\u00c9crit par\" \/>\n\t<meta name=\"twitter:data1\" content=\"VeliPost\" \/>\n\t<meta name=\"twitter:label2\" content=\"Dur\u00e9e de lecture estim\u00e9e\" \/>\n\t<meta name=\"twitter:data2\" content=\"2 minutes\" \/>\n<script type=\"application\/ld+json\" class=\"yoast-schema-graph\">{\"@context\":\"https:\/\/schema.org\",\"@graph\":[{\"@type\":\"Article\",\"@id\":\"https:\/\/velipost.com\/?p=5146#article\",\"isPartOf\":{\"@id\":\"https:\/\/velipost.com\/?p=5146\"},\"author\":{\"name\":\"VeliPost\",\"@id\":\"https:\/\/velipost.com\/#\/schema\/person\/32ff49a53c9c1bb24302ee8ece058096\"},\"headline\":\"Les \u00e9v\u00eaques d\u2019Ha\u00efti lancent un appel \u00e0 l\u2019unit\u00e9 et \u00e0 la responsabilit\u00e9 nationale\",\"datePublished\":\"2025-12-09T12:50:09+00:00\",\"dateModified\":\"2025-12-09T12:50:12+00:00\",\"mainEntityOfPage\":{\"@id\":\"https:\/\/velipost.com\/?p=5146\"},\"wordCount\":386,\"commentCount\":0,\"publisher\":{\"@id\":\"https:\/\/velipost.com\/#organization\"},\"image\":{\"@id\":\"https:\/\/velipost.com\/?p=5146#primaryimage\"},\"thumbnailUrl\":\"https:\/\/velipost.com\/wp-content\/uploads\/2025\/12\/eveques.jpg\",\"articleSection\":[\"A la Une\"],\"inLanguage\":\"fr-FR\",\"potentialAction\":[{\"@type\":\"CommentAction\",\"name\":\"Comment\",\"target\":[\"https:\/\/velipost.com\/?p=5146#respond\"]}]},{\"@type\":\"WebPage\",\"@id\":\"https:\/\/velipost.com\/?p=5146\",\"url\":\"https:\/\/velipost.com\/?p=5146\",\"name\":\"Les \u00e9v\u00eaques d\u2019Ha\u00efti lancent un appel \u00e0 l\u2019unit\u00e9 et \u00e0 la responsabilit\u00e9 nationale &#8211; VeliPost\",\"isPartOf\":{\"@id\":\"https:\/\/velipost.com\/#website\"},\"primaryImageOfPage\":{\"@id\":\"https:\/\/velipost.com\/?p=5146#primaryimage\"},\"image\":{\"@id\":\"https:\/\/velipost.com\/?p=5146#primaryimage\"},\"thumbnailUrl\":\"https:\/\/velipost.com\/wp-content\/uploads\/2025\/12\/eveques.jpg\",\"datePublished\":\"2025-12-09T12:50:09+00:00\",\"dateModified\":\"2025-12-09T12:50:12+00:00\",\"breadcrumb\":{\"@id\":\"https:\/\/velipost.com\/?p=5146#breadcrumb\"},\"inLanguage\":\"fr-FR\",\"potentialAction\":[{\"@type\":\"ReadAction\",\"target\":[\"https:\/\/velipost.com\/?p=5146\"]}]},{\"@type\":\"ImageObject\",\"inLanguage\":\"fr-FR\",\"@id\":\"https:\/\/velipost.com\/?p=5146#primaryimage\",\"url\":\"https:\/\/velipost.com\/wp-content\/uploads\/2025\/12\/eveques.jpg\",\"contentUrl\":\"https:\/\/velipost.com\/wp-content\/uploads\/2025\/12\/eveques.jpg\",\"width\":1170,\"height\":603},{\"@type\":\"BreadcrumbList\",\"@id\":\"https:\/\/velipost.com\/?p=5146#breadcrumb\",\"itemListElement\":[{\"@type\":\"ListItem\",\"position\":1,\"name\":\"Accueil\",\"item\":\"https:\/\/velipost.com\/\"},{\"@type\":\"ListItem\",\"position\":2,\"name\":\"Les \u00e9v\u00eaques d\u2019Ha\u00efti lancent un appel \u00e0 l\u2019unit\u00e9 et \u00e0 la responsabilit\u00e9 nationale\"}]},{\"@type\":\"WebSite\",\"@id\":\"https:\/\/velipost.com\/#website\",\"url\":\"https:\/\/velipost.com\/\",\"name\":\"VeliPost\",\"description\":\"L\u2019info en un clic\",\"publisher\":{\"@id\":\"https:\/\/velipost.com\/#organization\"},\"potentialAction\":[{\"@type\":\"SearchAction\",\"target\":{\"@type\":\"EntryPoint\",\"urlTemplate\":\"https:\/\/velipost.com\/?s={search_term_string}\"},\"query-input\":{\"@type\":\"PropertyValueSpecification\",\"valueRequired\":true,\"valueName\":\"search_term_string\"}}],\"inLanguage\":\"fr-FR\"},{\"@type\":\"Organization\",\"@id\":\"https:\/\/velipost.com\/#organization\",\"name\":\"VeliPost\",\"url\":\"https:\/\/velipost.com\/\",\"logo\":{\"@type\":\"ImageObject\",\"inLanguage\":\"fr-FR\",\"@id\":\"https:\/\/velipost.com\/#\/schema\/logo\/image\/\",\"url\":\"https:\/\/velipost.com\/wp-content\/uploads\/2024\/08\/cropped-VP-logo-piti.png\",\"contentUrl\":\"https:\/\/velipost.com\/wp-content\/uploads\/2024\/08\/cropped-VP-logo-piti.png\",\"width\":201,\"height\":69,\"caption\":\"VeliPost\"},\"image\":{\"@id\":\"https:\/\/velipost.com\/#\/schema\/logo\/image\/\"},\"sameAs\":[\"https:\/\/www.facebook.com\/veliposthaiti\",\"https:\/\/x.com\/veliposthaiti\",\"https:\/\/www.instagram.com\/veliposthaiti\"]},{\"@type\":\"Person\",\"@id\":\"https:\/\/velipost.com\/#\/schema\/person\/32ff49a53c9c1bb24302ee8ece058096\",\"name\":\"VeliPost\",\"image\":{\"@type\":\"ImageObject\",\"inLanguage\":\"fr-FR\",\"@id\":\"https:\/\/velipost.com\/#\/schema\/person\/image\/\",\"url\":\"https:\/\/secure.gravatar.com\/avatar\/57c226c264de62f794185a89596d4a37b85a5ad20aca30d9d5a478b27d8c8d9d?s=96&d=mm&r=g\",\"contentUrl\":\"https:\/\/secure.gravatar.com\/avatar\/57c226c264de62f794185a89596d4a37b85a5ad20aca30d9d5a478b27d8c8d9d?s=96&d=mm&r=g\",\"caption\":\"VeliPost\"},\"sameAs\":[\"https:\/\/velipost.com\"],\"url\":\"https:\/\/velipost.com\/?author=1\"}]}<\/script>\n<!-- \/ Yoast SEO plugin. -->","yoast_head_json":{"title":"Les \u00e9v\u00eaques d\u2019Ha\u00efti lancent un appel \u00e0 l\u2019unit\u00e9 et \u00e0 la responsabilit\u00e9 nationale &#8211; VeliPost","robots":{"index":"index","follow":"follow","max-snippet":"max-snippet:-1","max-image-preview":"max-image-preview:large","max-video-preview":"max-video-preview:-1"},"canonical":"https:\/\/velipost.com\/?p=5146","og_locale":"fr_FR","og_type":"article","og_title":"Les \u00e9v\u00eaques d\u2019Ha\u00efti lancent un appel \u00e0 l\u2019unit\u00e9 et \u00e0 la responsabilit\u00e9 nationale &#8211; VeliPost","og_description":"\u00c0 l\u2019approche des f\u00eates de fin d\u2019ann\u00e9e, la Conf\u00e9rence \u00c9piscopale d\u2019Ha\u00efti (CEH) a publi\u00e9, ce 8 d\u00e9cembre 2025, son traditionnel message de No\u00ebl. Les","og_url":"https:\/\/velipost.com\/?p=5146","og_site_name":"VeliPost","article_publisher":"https:\/\/www.facebook.com\/veliposthaiti","article_published_time":"2025-12-09T12:50:09+00:00","article_modified_time":"2025-12-09T12:50:12+00:00","og_image":[{"width":1170,"height":603,"url":"https:\/\/velipost.com\/wp-content\/uploads\/2025\/12\/eveques.jpg","type":"image\/jpeg"}],"author":"VeliPost","twitter_card":"summary_large_image","twitter_creator":"@veliposthaiti","twitter_site":"@veliposthaiti","twitter_misc":{"\u00c9crit par":"VeliPost","Dur\u00e9e de lecture estim\u00e9e":"2 minutes"},"schema":{"@context":"https:\/\/schema.org","@graph":[{"@type":"Article","@id":"https:\/\/velipost.com\/?p=5146#article","isPartOf":{"@id":"https:\/\/velipost.com\/?p=5146"},"author":{"name":"VeliPost","@id":"https:\/\/velipost.com\/#\/schema\/person\/32ff49a53c9c1bb24302ee8ece058096"},"headline":"Les \u00e9v\u00eaques d\u2019Ha\u00efti lancent un appel \u00e0 l\u2019unit\u00e9 et \u00e0 la responsabilit\u00e9 nationale","datePublished":"2025-12-09T12:50:09+00:00","dateModified":"2025-12-09T12:50:12+00:00","mainEntityOfPage":{"@id":"https:\/\/velipost.com\/?p=5146"},"wordCount":386,"commentCount":0,"publisher":{"@id":"https:\/\/velipost.com\/#organization"},"image":{"@id":"https:\/\/velipost.com\/?p=5146#primaryimage"},"thumbnailUrl":"https:\/\/velipost.com\/wp-content\/uploads\/2025\/12\/eveques.jpg","articleSection":["A la Une"],"inLanguage":"fr-FR","potentialAction":[{"@type":"CommentAction","name":"Comment","target":["https:\/\/velipost.com\/?p=5146#respond"]}]},{"@type":"WebPage","@id":"https:\/\/velipost.com\/?p=5146","url":"https:\/\/velipost.com\/?p=5146","name":"Les \u00e9v\u00eaques d\u2019Ha\u00efti lancent un appel \u00e0 l\u2019unit\u00e9 et \u00e0 la responsabilit\u00e9 nationale &#8211; VeliPost","isPartOf":{"@id":"https:\/\/velipost.com\/#website"},"primaryImageOfPage":{"@id":"https:\/\/velipost.com\/?p=5146#primaryimage"},"image":{"@id":"https:\/\/velipost.com\/?p=5146#primaryimage"},"thumbnailUrl":"https:\/\/velipost.com\/wp-content\/uploads\/2025\/12\/eveques.jpg","datePublished":"2025-12-09T12:50:09+00:00","dateModified":"2025-12-09T12:50:12+00:00","breadcrumb":{"@id":"https:\/\/velipost.com\/?p=5146#breadcrumb"},"inLanguage":"fr-FR","potentialAction":[{"@type":"ReadAction","target":["https:\/\/velipost.com\/?p=5146"]}]},{"@type":"ImageObject","inLanguage":"fr-FR","@id":"https:\/\/velipost.com\/?p=5146#primaryimage","url":"https:\/\/velipost.com\/wp-content\/uploads\/2025\/12\/eveques.jpg","contentUrl":"https:\/\/velipost.com\/wp-content\/uploads\/2025\/12\/eveques.jpg","width":1170,"height":603},{"@type":"BreadcrumbList","@id":"https:\/\/velipost.com\/?p=5146#breadcrumb","itemListElement":[{"@type":"ListItem","position":1,"name":"Accueil","item":"https:\/\/velipost.com\/"},{"@type":"ListItem","position":2,"name":"Les \u00e9v\u00eaques d\u2019Ha\u00efti lancent un appel \u00e0 l\u2019unit\u00e9 et \u00e0 la responsabilit\u00e9 nationale"}]},{"@type":"WebSite","@id":"https:\/\/velipost.com\/#website","url":"https:\/\/velipost.com\/","name":"VeliPost","description":"L\u2019info en un clic","publisher":{"@id":"https:\/\/velipost.com\/#organization"},"potentialAction":[{"@type":"SearchAction","target":{"@type":"EntryPoint","urlTemplate":"https:\/\/velipost.com\/?s={search_term_string}"},"query-input":{"@type":"PropertyValueSpecification","valueRequired":true,"valueName":"search_term_string"}}],"inLanguage":"fr-FR"},{"@type":"Organization","@id":"https:\/\/velipost.com\/#organization","name":"VeliPost","url":"https:\/\/velipost.com\/","logo":{"@type":"ImageObject","inLanguage":"fr-FR","@id":"https:\/\/velipost.com\/#\/schema\/logo\/image\/","url":"https:\/\/velipost.com\/wp-content\/uploads\/2024\/08\/cropped-VP-logo-piti.png","contentUrl":"https:\/\/velipost.com\/wp-content\/uploads\/2024\/08\/cropped-VP-logo-piti.png","width":201,"height":69,"caption":"VeliPost"},"image":{"@id":"https:\/\/velipost.com\/#\/schema\/logo\/image\/"},"sameAs":["https:\/\/www.facebook.com\/veliposthaiti","https:\/\/x.com\/veliposthaiti","https:\/\/www.instagram.com\/veliposthaiti"]},{"@type":"Person","@id":"https:\/\/velipost.com\/#\/schema\/person\/32ff49a53c9c1bb24302ee8ece058096","name":"VeliPost","image":{"@type":"ImageObject","inLanguage":"fr-FR","@id":"https:\/\/velipost.com\/#\/schema\/person\/image\/","url":"https:\/\/secure.gravatar.com\/avatar\/57c226c264de62f794185a89596d4a37b85a5ad20aca30d9d5a478b27d8c8d9d?s=96&d=mm&r=g","contentUrl":"https:\/\/secure.gravatar.com\/avatar\/57c226c264de62f794185a89596d4a37b85a5ad20aca30d9d5a478b27d8c8d9d?s=96&d=mm&r=g","caption":"VeliPost"},"sameAs":["https:\/\/velipost.com"],"url":"https:\/\/velipost.com\/?author=1"}]}},"views":1,"jetpack_publicize_connections":[],"uagb_featured_image_src":{"full":["https:\/\/velipost.com\/wp-content\/uploads\/2025\/12\/eveques.jpg",1170,603,false],"thumbnail":["https:\/\/velipost.com\/wp-content\/uploads\/2025\/12\/eveques-150x150.jpg",150,150,true],"medium":["https:\/\/velipost.com\/wp-content\/uploads\/2025\/12\/eveques-300x155.jpg",300,155,true],"medium_large":["https:\/\/velipost.com\/wp-content\/uploads\/2025\/12\/eveques-768x396.jpg",715,369,true],"large":["https:\/\/velipost.com\/wp-content\/uploads\/2025\/12\/eveques-1024x528.jpg",715,369,true],"1536x1536":["https:\/\/velipost.com\/wp-content\/uploads\/2025\/12\/eveques.jpg",1170,603,false],"2048x2048":["https:\/\/velipost.com\/wp-content\/uploads\/2025\/12\/eveques.jpg",1170,603,false],"colornews-big-slider":["https:\/\/velipost.com\/wp-content\/uploads\/2025\/12\/eveques-1070x470.jpg",1070,470,true],"colornews-big-slider-thumb":["https:\/\/velipost.com\/wp-content\/uploads\/2025\/12\/eveques-184x109.jpg",184,109,true],"colornews-featured-post-medium":["https:\/\/velipost.com\/wp-content\/uploads\/2025\/12\/eveques-345x265.jpg",345,265,true],"colornews-featured-post-small":["https:\/\/velipost.com\/wp-content\/uploads\/2025\/12\/eveques-115x73.jpg",115,73,true],"colornews-random-posts":["https:\/\/velipost.com\/wp-content\/uploads\/2025\/12\/eveques-215x215.jpg",215,215,true],"colornews-featured-image":["https:\/\/velipost.com\/wp-content\/uploads\/2025\/12\/eveques-715x400.jpg",715,400,true],"mailpoet_newsletter_max":["https:\/\/velipost.com\/wp-content\/uploads\/2025\/12\/eveques.jpg",1170,603,false]},"uagb_author_info":{"display_name":"VeliPost","author_link":"https:\/\/velipost.com\/?author=1"},"uagb_comment_info":0,"uagb_excerpt":"\u00c0 l\u2019approche des f\u00eates de fin d\u2019ann\u00e9e, la Conf\u00e9rence \u00c9piscopale d\u2019Ha\u00efti (CEH) a publi\u00e9, ce 8 d\u00e9cembre 2025, son traditionnel message de No\u00ebl. Les","_links":{"self":[{"href":"https:\/\/velipost.com\/index.php?rest_route=\/wp\/v2\/posts\/5146","targetHints":{"allow":["GET"]}}],"collection":[{"href":"https:\/\/velipost.com\/index.php?rest_route=\/wp\/v2\/posts"}],"about":[{"href":"https:\/\/velipost.com\/index.php?rest_route=\/wp\/v2\/types\/post"}],"author":[{"embeddable":true,"href":"https:\/\/velipost.com\/index.php?rest_route=\/wp\/v2\/users\/1"}],"replies":[{"embeddable":true,"href":"https:\/\/velipost.com\/index.php?rest_route=%2Fwp%2Fv2%2Fcomments&post=5146"}],"version-history":[{"count":1,"href":"https:\/\/velipost.com\/index.php?rest_route=\/wp\/v2\/posts\/5146\/revisions"}],"predecessor-version":[{"id":5148,"href":"https:\/\/velipost.com\/index.php?rest_route=\/wp\/v2\/posts\/5146\/revisions\/5148"}],"wp:featuredmedia":[{"embeddable":true,"href":"https:\/\/velipost.com\/index.php?rest_route=\/wp\/v2\/media\/5147"}],"wp:attachment":[{"href":"https:\/\/velipost.com\/index.php?rest_route=%2Fwp%2Fv2%2Fmedia&parent=5146"}],"wp:term":[{"taxonomy":"category","embeddable":true,"href":"https:\/\/velipost.com\/index.php?rest_route=%2Fwp%2Fv2%2Fcategories&post=5146"},{"taxonomy":"post_tag","embeddable":true,"href":"https:\/\/velipost.com\/index.php?rest_route=%2Fwp%2Fv2%2Ftags&post=5146"}],"curies":[{"name":"wp","href":"https:\/\/api.w.org\/{rel}","templated":true}]}}