{"id":5127,"date":"2025-12-06T14:59:56","date_gmt":"2025-12-06T13:59:56","guid":{"rendered":"https:\/\/velipost.com\/?p=5127"},"modified":"2025-12-06T15:00:33","modified_gmt":"2025-12-06T14:00:33","slug":"le-cpt-appelle-a-une-enquete-transparente-sur-la-mort-de-stephora-anne-mircie-joseph-en-republique-dominicaine","status":"publish","type":"post","link":"https:\/\/velipost.com\/?p=5127","title":{"rendered":"Le CPT appelle \u00e0 une enqu\u00eate transparente sur la mort de Stephora Anne-Mircie Joseph en R\u00e9publique dominicaine"},"content":{"rendered":"\n<p>Le Conseil Pr\u00e9sidentiel de Transition (CPT) a pr\u00e9sent\u00e9 ses condol\u00e9ances \u00e0 la famille de Stephora Anne-Mircie Joseph, une jeune Ha\u00eftienne d\u00e9c\u00e9d\u00e9e le 14 novembre 2025 \u00e0 Santiago, en R\u00e9publique dominicaine, dans des circonstances encore non \u00e9lucid\u00e9es.<\/p>\n\n\n\n<p>Dans une note officielle, le CPT assure la famille de son soutien et souligne que les repr\u00e9sentations diplomatiques et consulaires d\u2019Ha\u00efti en R\u00e9publique dominicaine ont \u00e9t\u00e9 mobilis\u00e9es pour accompagner les proches de la victime et suivre de pr\u00e8s l\u2019\u00e9volution du dossier.<\/p>\n\n\n\n<p>Le Conseil r\u00e9affirme son attachement aux droits fondamentaux, \u00e0 la dignit\u00e9 humaine et aux garanties proc\u00e9durales, appelant les autorit\u00e9s dominicaines \u00e0 conduire une enqu\u00eate rapide, transparente et compl\u00e8te pour \u00e9claircir les circonstances de ce d\u00e9c\u00e8s tragique.<\/p>\n\n\n\n<p>Cette affaire survient alors que les cas de violences et de traitements d\u00e9gradants contre les migrants ha\u00eftiens ou les personnes d\u2019origine ha\u00eftienne en R\u00e9publique dominicaine se multiplient. Le CPT d\u00e9plore cette situation pr\u00e9occupante et souligne la n\u00e9cessit\u00e9 d\u2019une coop\u00e9ration responsable entre les deux pays pour prot\u00e9ger les droits humains.<\/p>\n\n\n\n<p>Le Conseil confirme sa volont\u00e9 de collaborer avec les autorit\u00e9s dominicaines \u00e0 travers les m\u00e9canismes institutionnels existants afin d\u2019\u00e9tablir la v\u00e9rit\u00e9 et garantir justice et protection pour tous.<\/p>\n\n    <div class=\"xs_social_share_widget xs_share_url after_content \t\tmain_content  wslu-style-3 wslu-share-box-shaped wslu-fill-brand-hover-colored wslu-share-m-5 wslu-none wslu-share-horizontal wslu-theme-font-no wslu-main_content\">\n\n\t\t\n        <ul>\n\t\t\t                    <li class=\"xs-share-li twitter                        wslu-no-extra-data\">\n                        <a href=\"javascript:void(0);\"\n                           id=\"xs_feed_twitter\"\n                           onclick=\"xs_social_sharer(this);\"\n                           data-pid=\"5127\"\n                           data-uri_hash=\"71c06f8776c2205f65a2d11c97cfd37d\"\n                           data-key=\"twitter\"\n                           data-xs-href=\"https:\/\/twitter.com\/intent\/tweet?text=Le+CPT+appelle+%C3%A0+une+enqu%C3%AAte+transparente+sur+la+mort+de+Stephora+Anne-Mircie+Joseph+en+R%C3%A9publique+dominicaine+https%3A%2F%2Fvelipost.com%2Findex.php%3Frest_route%3D%252Fwp%252Fv2%252Fposts%252F5127&amp;original_referer=https%3A%2F%2Fvelipost.com%2Findex.php%3Frest_route%3D%252Fwp%252Fv2%252Fposts%252F5127&amp;related=xpeedstudio\">\n\n                            <div class=\"xs-social-icon\">\n                                <span class=\"met-social met-social-twitter\"><\/span>\n                            <\/div>\n\n\t\t\t\t\t\t\t\n                            <div class=\"wslu-hover-content\">\n                                <div class=\"xs-social-followers\">\n\t\t\t\t\t\t\t\t\t10                                <\/div>\n                                <div class=\"xs-social-follower-text\">\n\t\t\t\t\t\t\t\t\tShare                                <\/div>\n                                <div class=\"xs-social-follower-label\">\n\t\t\t\t\t\t\t\t\tTwitter                                <\/div>\n                            <\/div>\n                        <\/a>\n                    <\/li>\n\t\t\t\t\t                    <li class=\"xs-share-li telegram                        wslu-no-extra-data\">\n                        <a href=\"javascript:void(0);\"\n                           id=\"xs_feed_telegram\"\n                           onclick=\"xs_social_sharer(this);\"\n                           data-pid=\"5127\"\n                           data-uri_hash=\"71c06f8776c2205f65a2d11c97cfd37d\"\n                           data-key=\"telegram\"\n                           data-xs-href=\"https:\/\/telegram.me\/share\/url?url=https%3A%2F%2Fvelipost.com%2Findex.php%3Frest_route%3D%252Fwp%252Fv2%252Fposts%252F5127&amp;text=Le+CPT+appelle+%C3%A0+une+enqu%C3%AAte+transparente+sur+la+mort+de+Stephora+Anne-Mircie+Joseph+en+R%C3%A9publique+dominicaine\">\n\n                            <div class=\"xs-social-icon\">\n                                <span class=\"met-social met-social-telegram\"><\/span>\n                            <\/div>\n\n\t\t\t\t\t\t\t\n                            <div class=\"wslu-hover-content\">\n                                <div class=\"xs-social-followers\">\n\t\t\t\t\t\t\t\t\t0                                <\/div>\n                                <div class=\"xs-social-follower-text\">\n\t\t\t\t\t\t\t\t\tShare                                <\/div>\n                                <div class=\"xs-social-follower-label\">\n\t\t\t\t\t\t\t\t\tTelegram                                <\/div>\n                            <\/div>\n                        <\/a>\n                    <\/li>\n\t\t\t\t\t                    <li class=\"xs-share-li email                        wslu-no-extra-data\">\n                        <a href=\"javascript:void(0);\"\n                           id=\"xs_feed_email\"\n                           onclick=\"xs_social_sharer(this);\"\n                           data-pid=\"5127\"\n                           data-uri_hash=\"71c06f8776c2205f65a2d11c97cfd37d\"\n                           data-key=\"email\"\n                           data-xs-href=\"mailto:?body=Title%3A+Le+CPT+appelle+%C3%A0+une+enqu%C3%AAte+transparente+sur+la+mort+de+Stephora+Anne-Mircie+Joseph+en+R%C3%A9publique+dominicaine+%5Cn%5Cn+URL%3A+https%3A%2F%2Fvelipost.com%2Findex.php%3Frest_route%3D%252Fwp%252Fv2%252Fposts%252F5127&amp;subject=Le+CPT+appelle+%C3%A0+une+enqu%C3%AAte+transparente+sur+la+mort+de+Stephora+Anne-Mircie+Joseph+en+R%C3%A9publique+dominicaine\">\n\n                            <div class=\"xs-social-icon\">\n                                <span class=\"met-social met-social-email\"><\/span>\n                            <\/div>\n\n\t\t\t\t\t\t\t\n                            <div class=\"wslu-hover-content\">\n                                <div class=\"xs-social-followers\">\n\t\t\t\t\t\t\t\t\t0                                <\/div>\n                                <div class=\"xs-social-follower-text\">\n\t\t\t\t\t\t\t\t\tShare                                <\/div>\n                                <div class=\"xs-social-follower-label\">\n\t\t\t\t\t\t\t\t\tEmail                                <\/div>\n                            <\/div>\n                        <\/a>\n                    <\/li>\n\t\t\t\t\t        <\/ul>\n    <\/div> \n","protected":false},"excerpt":{"rendered":"<p>Le Conseil Pr\u00e9sidentiel de Transition (CPT) a pr\u00e9sent\u00e9 ses condol\u00e9ances \u00e0 la famille de Stephora Anne-Mircie Joseph, une jeune Ha\u00eftienne d\u00e9c\u00e9d\u00e9e le 14 novembre<\/p>\n","protected":false},"author":1,"featured_media":5128,"comment_status":"open","ping_status":"open","sticky":false,"template":"","format":"standard","meta":{"_uag_custom_page_level_css":"","footnotes":"","jetpack_publicize_message":"","jetpack_publicize_feature_enabled":true,"jetpack_social_post_already_shared":true,"jetpack_social_options":{"image_generator_settings":{"template":"highway","default_image_id":0,"font":"","enabled":false},"version":2}},"categories":[94],"tags":[],"class_list":["post-5127","post","type-post","status-publish","format-standard","has-post-thumbnail","hentry","category-a-la-une"],"yoast_head":"<!-- This site is optimized with the Yoast SEO plugin v25.3.1 - https:\/\/yoast.com\/wordpress\/plugins\/seo\/ -->\n<title>Le CPT appelle \u00e0 une enqu\u00eate transparente sur la mort de Stephora Anne-Mircie Joseph en R\u00e9publique dominicaine &#8211; VeliPost<\/title>\n<meta name=\"robots\" content=\"index, follow, max-snippet:-1, max-image-preview:large, max-video-preview:-1\" \/>\n<link rel=\"canonical\" href=\"https:\/\/velipost.com\/?p=5127\" \/>\n<meta property=\"og:locale\" content=\"fr_FR\" \/>\n<meta property=\"og:type\" content=\"article\" \/>\n<meta property=\"og:title\" content=\"Le CPT appelle \u00e0 une enqu\u00eate transparente sur la mort de Stephora Anne-Mircie Joseph en R\u00e9publique dominicaine &#8211; VeliPost\" \/>\n<meta property=\"og:description\" content=\"Le Conseil Pr\u00e9sidentiel de Transition (CPT) a pr\u00e9sent\u00e9 ses condol\u00e9ances \u00e0 la famille de Stephora Anne-Mircie Joseph, une jeune Ha\u00eftienne d\u00e9c\u00e9d\u00e9e le 14 novembre\" \/>\n<meta property=\"og:url\" content=\"https:\/\/velipost.com\/?p=5127\" \/>\n<meta property=\"og:site_name\" content=\"VeliPost\" \/>\n<meta property=\"article:publisher\" content=\"https:\/\/www.facebook.com\/veliposthaiti\" \/>\n<meta property=\"article:published_time\" content=\"2025-12-06T13:59:56+00:00\" \/>\n<meta property=\"article:modified_time\" content=\"2025-12-06T14:00:33+00:00\" \/>\n<meta property=\"og:image\" content=\"https:\/\/velipost.com\/wp-content\/uploads\/2025\/12\/Sephora.jpg\" \/>\n\t<meta property=\"og:image:width\" content=\"1170\" \/>\n\t<meta property=\"og:image:height\" content=\"603\" \/>\n\t<meta property=\"og:image:type\" content=\"image\/jpeg\" \/>\n<meta name=\"author\" content=\"VeliPost\" \/>\n<meta name=\"twitter:card\" content=\"summary_large_image\" \/>\n<meta name=\"twitter:creator\" content=\"@veliposthaiti\" \/>\n<meta name=\"twitter:site\" content=\"@veliposthaiti\" \/>\n<meta name=\"twitter:label1\" content=\"\u00c9crit par\" \/>\n\t<meta name=\"twitter:data1\" content=\"VeliPost\" \/>\n\t<meta name=\"twitter:label2\" content=\"Dur\u00e9e de lecture estim\u00e9e\" \/>\n\t<meta name=\"twitter:data2\" content=\"2 minutes\" \/>\n<script type=\"application\/ld+json\" class=\"yoast-schema-graph\">{\"@context\":\"https:\/\/schema.org\",\"@graph\":[{\"@type\":\"Article\",\"@id\":\"https:\/\/velipost.com\/?p=5127#article\",\"isPartOf\":{\"@id\":\"https:\/\/velipost.com\/?p=5127\"},\"author\":{\"name\":\"VeliPost\",\"@id\":\"https:\/\/velipost.com\/#\/schema\/person\/32ff49a53c9c1bb24302ee8ece058096\"},\"headline\":\"Le CPT appelle \u00e0 une enqu\u00eate transparente sur la mort de Stephora Anne-Mircie Joseph en R\u00e9publique dominicaine\",\"datePublished\":\"2025-12-06T13:59:56+00:00\",\"dateModified\":\"2025-12-06T14:00:33+00:00\",\"mainEntityOfPage\":{\"@id\":\"https:\/\/velipost.com\/?p=5127\"},\"wordCount\":239,\"commentCount\":0,\"publisher\":{\"@id\":\"https:\/\/velipost.com\/#organization\"},\"image\":{\"@id\":\"https:\/\/velipost.com\/?p=5127#primaryimage\"},\"thumbnailUrl\":\"https:\/\/velipost.com\/wp-content\/uploads\/2025\/12\/Sephora.jpg\",\"articleSection\":[\"A la Une\"],\"inLanguage\":\"fr-FR\",\"potentialAction\":[{\"@type\":\"CommentAction\",\"name\":\"Comment\",\"target\":[\"https:\/\/velipost.com\/?p=5127#respond\"]}]},{\"@type\":\"WebPage\",\"@id\":\"https:\/\/velipost.com\/?p=5127\",\"url\":\"https:\/\/velipost.com\/?p=5127\",\"name\":\"Le CPT appelle \u00e0 une enqu\u00eate transparente sur la mort de Stephora Anne-Mircie Joseph en R\u00e9publique dominicaine &#8211; VeliPost\",\"isPartOf\":{\"@id\":\"https:\/\/velipost.com\/#website\"},\"primaryImageOfPage\":{\"@id\":\"https:\/\/velipost.com\/?p=5127#primaryimage\"},\"image\":{\"@id\":\"https:\/\/velipost.com\/?p=5127#primaryimage\"},\"thumbnailUrl\":\"https:\/\/velipost.com\/wp-content\/uploads\/2025\/12\/Sephora.jpg\",\"datePublished\":\"2025-12-06T13:59:56+00:00\",\"dateModified\":\"2025-12-06T14:00:33+00:00\",\"breadcrumb\":{\"@id\":\"https:\/\/velipost.com\/?p=5127#breadcrumb\"},\"inLanguage\":\"fr-FR\",\"potentialAction\":[{\"@type\":\"ReadAction\",\"target\":[\"https:\/\/velipost.com\/?p=5127\"]}]},{\"@type\":\"ImageObject\",\"inLanguage\":\"fr-FR\",\"@id\":\"https:\/\/velipost.com\/?p=5127#primaryimage\",\"url\":\"https:\/\/velipost.com\/wp-content\/uploads\/2025\/12\/Sephora.jpg\",\"contentUrl\":\"https:\/\/velipost.com\/wp-content\/uploads\/2025\/12\/Sephora.jpg\",\"width\":1170,\"height\":603},{\"@type\":\"BreadcrumbList\",\"@id\":\"https:\/\/velipost.com\/?p=5127#breadcrumb\",\"itemListElement\":[{\"@type\":\"ListItem\",\"position\":1,\"name\":\"Accueil\",\"item\":\"https:\/\/velipost.com\/\"},{\"@type\":\"ListItem\",\"position\":2,\"name\":\"Le CPT appelle \u00e0 une enqu\u00eate transparente sur la mort de Stephora Anne-Mircie Joseph en R\u00e9publique dominicaine\"}]},{\"@type\":\"WebSite\",\"@id\":\"https:\/\/velipost.com\/#website\",\"url\":\"https:\/\/velipost.com\/\",\"name\":\"VeliPost\",\"description\":\"L\u2019info en un clic\",\"publisher\":{\"@id\":\"https:\/\/velipost.com\/#organization\"},\"potentialAction\":[{\"@type\":\"SearchAction\",\"target\":{\"@type\":\"EntryPoint\",\"urlTemplate\":\"https:\/\/velipost.com\/?s={search_term_string}\"},\"query-input\":{\"@type\":\"PropertyValueSpecification\",\"valueRequired\":true,\"valueName\":\"search_term_string\"}}],\"inLanguage\":\"fr-FR\"},{\"@type\":\"Organization\",\"@id\":\"https:\/\/velipost.com\/#organization\",\"name\":\"VeliPost\",\"url\":\"https:\/\/velipost.com\/\",\"logo\":{\"@type\":\"ImageObject\",\"inLanguage\":\"fr-FR\",\"@id\":\"https:\/\/velipost.com\/#\/schema\/logo\/image\/\",\"url\":\"https:\/\/velipost.com\/wp-content\/uploads\/2024\/08\/cropped-VP-logo-piti.png\",\"contentUrl\":\"https:\/\/velipost.com\/wp-content\/uploads\/2024\/08\/cropped-VP-logo-piti.png\",\"width\":201,\"height\":69,\"caption\":\"VeliPost\"},\"image\":{\"@id\":\"https:\/\/velipost.com\/#\/schema\/logo\/image\/\"},\"sameAs\":[\"https:\/\/www.facebook.com\/veliposthaiti\",\"https:\/\/x.com\/veliposthaiti\",\"https:\/\/www.instagram.com\/veliposthaiti\"]},{\"@type\":\"Person\",\"@id\":\"https:\/\/velipost.com\/#\/schema\/person\/32ff49a53c9c1bb24302ee8ece058096\",\"name\":\"VeliPost\",\"image\":{\"@type\":\"ImageObject\",\"inLanguage\":\"fr-FR\",\"@id\":\"https:\/\/velipost.com\/#\/schema\/person\/image\/\",\"url\":\"https:\/\/secure.gravatar.com\/avatar\/57c226c264de62f794185a89596d4a37b85a5ad20aca30d9d5a478b27d8c8d9d?s=96&d=mm&r=g\",\"contentUrl\":\"https:\/\/secure.gravatar.com\/avatar\/57c226c264de62f794185a89596d4a37b85a5ad20aca30d9d5a478b27d8c8d9d?s=96&d=mm&r=g\",\"caption\":\"VeliPost\"},\"sameAs\":[\"https:\/\/velipost.com\"],\"url\":\"https:\/\/velipost.com\/?author=1\"}]}<\/script>\n<!-- \/ Yoast SEO plugin. -->","yoast_head_json":{"title":"Le CPT appelle \u00e0 une enqu\u00eate transparente sur la mort de Stephora Anne-Mircie Joseph en R\u00e9publique dominicaine &#8211; VeliPost","robots":{"index":"index","follow":"follow","max-snippet":"max-snippet:-1","max-image-preview":"max-image-preview:large","max-video-preview":"max-video-preview:-1"},"canonical":"https:\/\/velipost.com\/?p=5127","og_locale":"fr_FR","og_type":"article","og_title":"Le CPT appelle \u00e0 une enqu\u00eate transparente sur la mort de Stephora Anne-Mircie Joseph en R\u00e9publique dominicaine &#8211; VeliPost","og_description":"Le Conseil Pr\u00e9sidentiel de Transition (CPT) a pr\u00e9sent\u00e9 ses condol\u00e9ances \u00e0 la famille de Stephora Anne-Mircie Joseph, une jeune Ha\u00eftienne d\u00e9c\u00e9d\u00e9e le 14 novembre","og_url":"https:\/\/velipost.com\/?p=5127","og_site_name":"VeliPost","article_publisher":"https:\/\/www.facebook.com\/veliposthaiti","article_published_time":"2025-12-06T13:59:56+00:00","article_modified_time":"2025-12-06T14:00:33+00:00","og_image":[{"width":1170,"height":603,"url":"https:\/\/velipost.com\/wp-content\/uploads\/2025\/12\/Sephora.jpg","type":"image\/jpeg"}],"author":"VeliPost","twitter_card":"summary_large_image","twitter_creator":"@veliposthaiti","twitter_site":"@veliposthaiti","twitter_misc":{"\u00c9crit par":"VeliPost","Dur\u00e9e de lecture estim\u00e9e":"2 minutes"},"schema":{"@context":"https:\/\/schema.org","@graph":[{"@type":"Article","@id":"https:\/\/velipost.com\/?p=5127#article","isPartOf":{"@id":"https:\/\/velipost.com\/?p=5127"},"author":{"name":"VeliPost","@id":"https:\/\/velipost.com\/#\/schema\/person\/32ff49a53c9c1bb24302ee8ece058096"},"headline":"Le CPT appelle \u00e0 une enqu\u00eate transparente sur la mort de Stephora Anne-Mircie Joseph en R\u00e9publique dominicaine","datePublished":"2025-12-06T13:59:56+00:00","dateModified":"2025-12-06T14:00:33+00:00","mainEntityOfPage":{"@id":"https:\/\/velipost.com\/?p=5127"},"wordCount":239,"commentCount":0,"publisher":{"@id":"https:\/\/velipost.com\/#organization"},"image":{"@id":"https:\/\/velipost.com\/?p=5127#primaryimage"},"thumbnailUrl":"https:\/\/velipost.com\/wp-content\/uploads\/2025\/12\/Sephora.jpg","articleSection":["A la Une"],"inLanguage":"fr-FR","potentialAction":[{"@type":"CommentAction","name":"Comment","target":["https:\/\/velipost.com\/?p=5127#respond"]}]},{"@type":"WebPage","@id":"https:\/\/velipost.com\/?p=5127","url":"https:\/\/velipost.com\/?p=5127","name":"Le CPT appelle \u00e0 une enqu\u00eate transparente sur la mort de Stephora Anne-Mircie Joseph en R\u00e9publique dominicaine &#8211; VeliPost","isPartOf":{"@id":"https:\/\/velipost.com\/#website"},"primaryImageOfPage":{"@id":"https:\/\/velipost.com\/?p=5127#primaryimage"},"image":{"@id":"https:\/\/velipost.com\/?p=5127#primaryimage"},"thumbnailUrl":"https:\/\/velipost.com\/wp-content\/uploads\/2025\/12\/Sephora.jpg","datePublished":"2025-12-06T13:59:56+00:00","dateModified":"2025-12-06T14:00:33+00:00","breadcrumb":{"@id":"https:\/\/velipost.com\/?p=5127#breadcrumb"},"inLanguage":"fr-FR","potentialAction":[{"@type":"ReadAction","target":["https:\/\/velipost.com\/?p=5127"]}]},{"@type":"ImageObject","inLanguage":"fr-FR","@id":"https:\/\/velipost.com\/?p=5127#primaryimage","url":"https:\/\/velipost.com\/wp-content\/uploads\/2025\/12\/Sephora.jpg","contentUrl":"https:\/\/velipost.com\/wp-content\/uploads\/2025\/12\/Sephora.jpg","width":1170,"height":603},{"@type":"BreadcrumbList","@id":"https:\/\/velipost.com\/?p=5127#breadcrumb","itemListElement":[{"@type":"ListItem","position":1,"name":"Accueil","item":"https:\/\/velipost.com\/"},{"@type":"ListItem","position":2,"name":"Le CPT appelle \u00e0 une enqu\u00eate transparente sur la mort de Stephora Anne-Mircie Joseph en R\u00e9publique dominicaine"}]},{"@type":"WebSite","@id":"https:\/\/velipost.com\/#website","url":"https:\/\/velipost.com\/","name":"VeliPost","description":"L\u2019info en un clic","publisher":{"@id":"https:\/\/velipost.com\/#organization"},"potentialAction":[{"@type":"SearchAction","target":{"@type":"EntryPoint","urlTemplate":"https:\/\/velipost.com\/?s={search_term_string}"},"query-input":{"@type":"PropertyValueSpecification","valueRequired":true,"valueName":"search_term_string"}}],"inLanguage":"fr-FR"},{"@type":"Organization","@id":"https:\/\/velipost.com\/#organization","name":"VeliPost","url":"https:\/\/velipost.com\/","logo":{"@type":"ImageObject","inLanguage":"fr-FR","@id":"https:\/\/velipost.com\/#\/schema\/logo\/image\/","url":"https:\/\/velipost.com\/wp-content\/uploads\/2024\/08\/cropped-VP-logo-piti.png","contentUrl":"https:\/\/velipost.com\/wp-content\/uploads\/2024\/08\/cropped-VP-logo-piti.png","width":201,"height":69,"caption":"VeliPost"},"image":{"@id":"https:\/\/velipost.com\/#\/schema\/logo\/image\/"},"sameAs":["https:\/\/www.facebook.com\/veliposthaiti","https:\/\/x.com\/veliposthaiti","https:\/\/www.instagram.com\/veliposthaiti"]},{"@type":"Person","@id":"https:\/\/velipost.com\/#\/schema\/person\/32ff49a53c9c1bb24302ee8ece058096","name":"VeliPost","image":{"@type":"ImageObject","inLanguage":"fr-FR","@id":"https:\/\/velipost.com\/#\/schema\/person\/image\/","url":"https:\/\/secure.gravatar.com\/avatar\/57c226c264de62f794185a89596d4a37b85a5ad20aca30d9d5a478b27d8c8d9d?s=96&d=mm&r=g","contentUrl":"https:\/\/secure.gravatar.com\/avatar\/57c226c264de62f794185a89596d4a37b85a5ad20aca30d9d5a478b27d8c8d9d?s=96&d=mm&r=g","caption":"VeliPost"},"sameAs":["https:\/\/velipost.com"],"url":"https:\/\/velipost.com\/?author=1"}]}},"views":0,"jetpack_publicize_connections":[],"uagb_featured_image_src":{"full":["https:\/\/velipost.com\/wp-content\/uploads\/2025\/12\/Sephora.jpg",1170,603,false],"thumbnail":["https:\/\/velipost.com\/wp-content\/uploads\/2025\/12\/Sephora-150x150.jpg",150,150,true],"medium":["https:\/\/velipost.com\/wp-content\/uploads\/2025\/12\/Sephora-300x155.jpg",300,155,true],"medium_large":["https:\/\/velipost.com\/wp-content\/uploads\/2025\/12\/Sephora-768x396.jpg",715,369,true],"large":["https:\/\/velipost.com\/wp-content\/uploads\/2025\/12\/Sephora-1024x528.jpg",715,369,true],"1536x1536":["https:\/\/velipost.com\/wp-content\/uploads\/2025\/12\/Sephora.jpg",1170,603,false],"2048x2048":["https:\/\/velipost.com\/wp-content\/uploads\/2025\/12\/Sephora.jpg",1170,603,false],"colornews-big-slider":["https:\/\/velipost.com\/wp-content\/uploads\/2025\/12\/Sephora-1070x470.jpg",1070,470,true],"colornews-big-slider-thumb":["https:\/\/velipost.com\/wp-content\/uploads\/2025\/12\/Sephora-184x109.jpg",184,109,true],"colornews-featured-post-medium":["https:\/\/velipost.com\/wp-content\/uploads\/2025\/12\/Sephora-345x265.jpg",345,265,true],"colornews-featured-post-small":["https:\/\/velipost.com\/wp-content\/uploads\/2025\/12\/Sephora-115x73.jpg",115,73,true],"colornews-random-posts":["https:\/\/velipost.com\/wp-content\/uploads\/2025\/12\/Sephora-215x215.jpg",215,215,true],"colornews-featured-image":["https:\/\/velipost.com\/wp-content\/uploads\/2025\/12\/Sephora-715x400.jpg",715,400,true],"mailpoet_newsletter_max":["https:\/\/velipost.com\/wp-content\/uploads\/2025\/12\/Sephora.jpg",1170,603,false]},"uagb_author_info":{"display_name":"VeliPost","author_link":"https:\/\/velipost.com\/?author=1"},"uagb_comment_info":0,"uagb_excerpt":"Le Conseil Pr\u00e9sidentiel de Transition (CPT) a pr\u00e9sent\u00e9 ses condol\u00e9ances \u00e0 la famille de Stephora Anne-Mircie Joseph, une jeune Ha\u00eftienne d\u00e9c\u00e9d\u00e9e le 14 novembre","_links":{"self":[{"href":"https:\/\/velipost.com\/index.php?rest_route=\/wp\/v2\/posts\/5127","targetHints":{"allow":["GET"]}}],"collection":[{"href":"https:\/\/velipost.com\/index.php?rest_route=\/wp\/v2\/posts"}],"about":[{"href":"https:\/\/velipost.com\/index.php?rest_route=\/wp\/v2\/types\/post"}],"author":[{"embeddable":true,"href":"https:\/\/velipost.com\/index.php?rest_route=\/wp\/v2\/users\/1"}],"replies":[{"embeddable":true,"href":"https:\/\/velipost.com\/index.php?rest_route=%2Fwp%2Fv2%2Fcomments&post=5127"}],"version-history":[{"count":1,"href":"https:\/\/velipost.com\/index.php?rest_route=\/wp\/v2\/posts\/5127\/revisions"}],"predecessor-version":[{"id":5129,"href":"https:\/\/velipost.com\/index.php?rest_route=\/wp\/v2\/posts\/5127\/revisions\/5129"}],"wp:featuredmedia":[{"embeddable":true,"href":"https:\/\/velipost.com\/index.php?rest_route=\/wp\/v2\/media\/5128"}],"wp:attachment":[{"href":"https:\/\/velipost.com\/index.php?rest_route=%2Fwp%2Fv2%2Fmedia&parent=5127"}],"wp:term":[{"taxonomy":"category","embeddable":true,"href":"https:\/\/velipost.com\/index.php?rest_route=%2Fwp%2Fv2%2Fcategories&post=5127"},{"taxonomy":"post_tag","embeddable":true,"href":"https:\/\/velipost.com\/index.php?rest_route=%2Fwp%2Fv2%2Ftags&post=5127"}],"curies":[{"name":"wp","href":"https:\/\/api.w.org\/{rel}","templated":true}]}}