{"id":5117,"date":"2025-12-05T18:53:48","date_gmt":"2025-12-05T17:53:48","guid":{"rendered":"https:\/\/velipost.com\/?p=5117"},"modified":"2025-12-05T18:53:51","modified_gmt":"2025-12-05T17:53:51","slug":"rendez-vous-a-la-3%e1%b5%89-edition-du-sommet-de-la-diplomatie-et-du-developpement-communautaire-de-la-fded-quand-la-jeunesse-sengage-pour-le-pays","status":"publish","type":"post","link":"https:\/\/velipost.com\/?p=5117","title":{"rendered":"Rendez-vous \u00e0 la 3\u1d49 \u00e9dition du Sommet de la diplomatie et du d\u00e9veloppement communautaire de la FDED : quand la jeunesse s\u2019engage pour le pays"},"content":{"rendered":"\n<p>La Fondation Davidson Emmanuel D\u00e9sir relance la troisi\u00e8me \u00e9dition du Sommet international de la diplomatie et du d\u00e9veloppement communautaire, pr\u00e9vue le 13 d\u00e9cembre 2025 \u00e0 l\u2019H\u00f4tel Royal Oasis, au prix de 40 dollars US. L\u2019initiative, tr\u00e8s attendue par les jeunes, revient avec l\u2019ambition de faire de cette g\u00e9n\u00e9ration un acteur central des transformations dont le pays a besoin.<\/p>\n\n\n\n<p>Plusieurs personnalit\u00e9s issues des milieux diplomatique, \u00e9conomique et social enrichiront les discussions : Cristobal Dupouy, repr\u00e9sentant du Secr\u00e9taire g\u00e9n\u00e9ral de l\u2019OEA en Ha\u00efti ; Marie Goretti Nduwayo, parlementaire burundaise ; Chenet St-Vil, ambassadeur de la Cr\u00e9ation artistique aupr\u00e8s de l\u2019ONU ; Ronald Gabriel, gouverneur de la BRH ; Aim\u00e9e Th\u00e9r\u00e8se Faye, directrice du COCO-EJF au S\u00e9n\u00e9gal ; et l\u2019\u00e9conomiste Kesner Pharel, PDG du Group Croissance. Les panels seront mod\u00e9r\u00e9s par Davidson Emmanuel D\u00e9sir et Rose Berline Bathelemy.<\/p>\n\n\n\n<p>Pour cette \u00e9dition, les d\u00e9bats porteront sur des sujets en prise directe avec les d\u00e9fis actuels : la jeunesse et la construction de la paix ; la stabilit\u00e9 durable ; la justice sociale ; l\u2019entrepreneuriat communautaire ; l\u2019\u00e9conomie informelle ; l\u2019\u00e9conomie sociale et solidaire ; et l\u2019investissement de la diaspora.<\/p>\n\n\n\n<p>Pour Davidson Emmanuel D\u00e9sir, PDG de la Fondation, ce rendez-vous doit permettre aux jeunes de franchir une \u00e9tape d\u00e9cisive.<\/p>\n\n\n\n<p>\u00ab Nous voulons encourager une g\u00e9n\u00e9ration de leaders inform\u00e9s, capables d\u2019agir dans leurs communaut\u00e9s. Le sommet doit leur offrir confiance, rep\u00e8res et outils pour avancer \u00bb, explique-t-il.<\/p>\n\n\n\n<p>Les organisateurs esp\u00e8rent que cette \u00e9dition favorisera la cr\u00e9ation d\u2019un r\u00e9seau de jeunes acteurs engag\u00e9s, la naissance d\u2019initiatives communautaires solides et un engagement accru dans la diplomatie citoyenne.<\/p>\n\n\n\n<p>Dans un contexte marqu\u00e9 par l\u2019instabilit\u00e9, ils soulignent l\u2019urgence de renforcer les capacit\u00e9s des jeunes. Ils rappellent qu\u2019un pays ne peut progresser sans une jeunesse instruite, organis\u00e9e et consciente de son r\u00f4le dans la soci\u00e9t\u00e9. Le sommet souhaite ainsi offrir un espace d\u2019id\u00e9es, d\u2019\u00e9changes et d\u2019orientation, o\u00f9 peuvent na\u00eetre des projets et des alliances utiles au d\u00e9veloppement du pays.<\/p>\n\n    <div class=\"xs_social_share_widget xs_share_url after_content \t\tmain_content  wslu-style-3 wslu-share-box-shaped wslu-fill-brand-hover-colored wslu-share-m-5 wslu-none wslu-share-horizontal wslu-theme-font-no wslu-main_content\">\n\n\t\t\n        <ul>\n\t\t\t                    <li class=\"xs-share-li twitter                        wslu-no-extra-data\">\n                        <a href=\"javascript:void(0);\"\n                           id=\"xs_feed_twitter\"\n                           onclick=\"xs_social_sharer(this);\"\n                           data-pid=\"5117\"\n                           data-uri_hash=\"8c7f8dd9926eb9dd168848cd147f2e20\"\n                           data-key=\"twitter\"\n                           data-xs-href=\"https:\/\/twitter.com\/intent\/tweet?text=Rendez-vous+%C3%A0+la+3%E1%B5%89+%C3%A9dition+du+Sommet+de+la+diplomatie+et+du+d%C3%A9veloppement+communautaire+de+la+FDED+%3A+quand+la+jeunesse+s%E2%80%99engage+pour+le+pays+https%3A%2F%2Fvelipost.com%2Findex.php%3Frest_route%3D%252Fwp%252Fv2%252Fposts%252F5117&amp;original_referer=https%3A%2F%2Fvelipost.com%2Findex.php%3Frest_route%3D%252Fwp%252Fv2%252Fposts%252F5117&amp;related=xpeedstudio\">\n\n                            <div class=\"xs-social-icon\">\n                                <span class=\"met-social met-social-twitter\"><\/span>\n                            <\/div>\n\n\t\t\t\t\t\t\t\n                            <div class=\"wslu-hover-content\">\n                                <div class=\"xs-social-followers\">\n\t\t\t\t\t\t\t\t\t10                                <\/div>\n                                <div class=\"xs-social-follower-text\">\n\t\t\t\t\t\t\t\t\tShare                                <\/div>\n                                <div class=\"xs-social-follower-label\">\n\t\t\t\t\t\t\t\t\tTwitter                                <\/div>\n                            <\/div>\n                        <\/a>\n                    <\/li>\n\t\t\t\t\t                    <li class=\"xs-share-li telegram                        wslu-no-extra-data\">\n                        <a href=\"javascript:void(0);\"\n                           id=\"xs_feed_telegram\"\n                           onclick=\"xs_social_sharer(this);\"\n                           data-pid=\"5117\"\n                           data-uri_hash=\"8c7f8dd9926eb9dd168848cd147f2e20\"\n                           data-key=\"telegram\"\n                           data-xs-href=\"https:\/\/telegram.me\/share\/url?url=https%3A%2F%2Fvelipost.com%2Findex.php%3Frest_route%3D%252Fwp%252Fv2%252Fposts%252F5117&amp;text=Rendez-vous+%C3%A0+la+3%E1%B5%89+%C3%A9dition+du+Sommet+de+la+diplomatie+et+du+d%C3%A9veloppement+communautaire+de+la+FDED+%3A+quand+la+jeunesse+s%E2%80%99engage+pour+le+pays\">\n\n                            <div class=\"xs-social-icon\">\n                                <span class=\"met-social met-social-telegram\"><\/span>\n                            <\/div>\n\n\t\t\t\t\t\t\t\n                            <div class=\"wslu-hover-content\">\n                                <div class=\"xs-social-followers\">\n\t\t\t\t\t\t\t\t\t0                                <\/div>\n                                <div class=\"xs-social-follower-text\">\n\t\t\t\t\t\t\t\t\tShare                                <\/div>\n                                <div class=\"xs-social-follower-label\">\n\t\t\t\t\t\t\t\t\tTelegram                                <\/div>\n                            <\/div>\n                        <\/a>\n                    <\/li>\n\t\t\t\t\t                    <li class=\"xs-share-li email                        wslu-no-extra-data\">\n                        <a href=\"javascript:void(0);\"\n                           id=\"xs_feed_email\"\n                           onclick=\"xs_social_sharer(this);\"\n                           data-pid=\"5117\"\n                           data-uri_hash=\"8c7f8dd9926eb9dd168848cd147f2e20\"\n                           data-key=\"email\"\n                           data-xs-href=\"mailto:?body=Title%3A+Rendez-vous+%C3%A0+la+3%E1%B5%89+%C3%A9dition+du+Sommet+de+la+diplomatie+et+du+d%C3%A9veloppement+communautaire+de+la+FDED+%3A+quand+la+jeunesse+s%E2%80%99engage+pour+le+pays+%5Cn%5Cn+URL%3A+https%3A%2F%2Fvelipost.com%2Findex.php%3Frest_route%3D%252Fwp%252Fv2%252Fposts%252F5117&amp;subject=Rendez-vous+%C3%A0+la+3%E1%B5%89+%C3%A9dition+du+Sommet+de+la+diplomatie+et+du+d%C3%A9veloppement+communautaire+de+la+FDED+%3A+quand+la+jeunesse+s%E2%80%99engage+pour+le+pays\">\n\n                            <div class=\"xs-social-icon\">\n                                <span class=\"met-social met-social-email\"><\/span>\n                            <\/div>\n\n\t\t\t\t\t\t\t\n                            <div class=\"wslu-hover-content\">\n                                <div class=\"xs-social-followers\">\n\t\t\t\t\t\t\t\t\t0                                <\/div>\n                                <div class=\"xs-social-follower-text\">\n\t\t\t\t\t\t\t\t\tShare                                <\/div>\n                                <div class=\"xs-social-follower-label\">\n\t\t\t\t\t\t\t\t\tEmail                                <\/div>\n                            <\/div>\n                        <\/a>\n                    <\/li>\n\t\t\t\t\t        <\/ul>\n    <\/div> \n","protected":false},"excerpt":{"rendered":"<p>La Fondation Davidson Emmanuel D\u00e9sir relance la troisi\u00e8me \u00e9dition du Sommet international de la diplomatie et du d\u00e9veloppement communautaire, pr\u00e9vue le 13 d\u00e9cembre 2025<\/p>\n","protected":false},"author":1,"featured_media":5119,"comment_status":"open","ping_status":"open","sticky":false,"template":"","format":"standard","meta":{"_uag_custom_page_level_css":"","footnotes":"","jetpack_publicize_message":"","jetpack_publicize_feature_enabled":true,"jetpack_social_post_already_shared":true,"jetpack_social_options":{"image_generator_settings":{"template":"highway","default_image_id":0,"font":"","enabled":false},"version":2}},"categories":[94],"tags":[],"class_list":["post-5117","post","type-post","status-publish","format-standard","has-post-thumbnail","hentry","category-a-la-une"],"yoast_head":"<!-- This site is optimized with the Yoast SEO plugin v25.3.1 - https:\/\/yoast.com\/wordpress\/plugins\/seo\/ -->\n<title>Rendez-vous \u00e0 la 3\u1d49 \u00e9dition du Sommet de la diplomatie et du d\u00e9veloppement communautaire de la FDED : quand la jeunesse s\u2019engage pour le pays &#8211; VeliPost<\/title>\n<meta name=\"robots\" content=\"index, follow, max-snippet:-1, max-image-preview:large, max-video-preview:-1\" \/>\n<link rel=\"canonical\" href=\"https:\/\/velipost.com\/?p=5117\" \/>\n<meta property=\"og:locale\" content=\"fr_FR\" \/>\n<meta property=\"og:type\" content=\"article\" \/>\n<meta property=\"og:title\" content=\"Rendez-vous \u00e0 la 3\u1d49 \u00e9dition du Sommet de la diplomatie et du d\u00e9veloppement communautaire de la FDED : quand la jeunesse s\u2019engage pour le pays &#8211; VeliPost\" \/>\n<meta property=\"og:description\" content=\"La Fondation Davidson Emmanuel D\u00e9sir relance la troisi\u00e8me \u00e9dition du Sommet international de la diplomatie et du d\u00e9veloppement communautaire, pr\u00e9vue le 13 d\u00e9cembre 2025\" \/>\n<meta property=\"og:url\" content=\"https:\/\/velipost.com\/?p=5117\" \/>\n<meta property=\"og:site_name\" content=\"VeliPost\" \/>\n<meta property=\"article:publisher\" content=\"https:\/\/www.facebook.com\/veliposthaiti\" \/>\n<meta property=\"article:published_time\" content=\"2025-12-05T17:53:48+00:00\" \/>\n<meta property=\"article:modified_time\" content=\"2025-12-05T17:53:51+00:00\" \/>\n<meta property=\"og:image\" content=\"https:\/\/velipost.com\/wp-content\/uploads\/2025\/12\/Sommet-de-la-diplomatie-et-du-developpement.jpg\" \/>\n\t<meta property=\"og:image:width\" content=\"1170\" \/>\n\t<meta property=\"og:image:height\" content=\"603\" \/>\n\t<meta property=\"og:image:type\" content=\"image\/jpeg\" \/>\n<meta name=\"author\" content=\"VeliPost\" \/>\n<meta name=\"twitter:card\" content=\"summary_large_image\" \/>\n<meta name=\"twitter:creator\" content=\"@veliposthaiti\" \/>\n<meta name=\"twitter:site\" content=\"@veliposthaiti\" \/>\n<meta name=\"twitter:label1\" content=\"\u00c9crit par\" \/>\n\t<meta name=\"twitter:data1\" content=\"VeliPost\" \/>\n\t<meta name=\"twitter:label2\" content=\"Dur\u00e9e de lecture estim\u00e9e\" \/>\n\t<meta name=\"twitter:data2\" content=\"2 minutes\" \/>\n<script type=\"application\/ld+json\" class=\"yoast-schema-graph\">{\"@context\":\"https:\/\/schema.org\",\"@graph\":[{\"@type\":\"Article\",\"@id\":\"https:\/\/velipost.com\/?p=5117#article\",\"isPartOf\":{\"@id\":\"https:\/\/velipost.com\/?p=5117\"},\"author\":{\"name\":\"VeliPost\",\"@id\":\"https:\/\/velipost.com\/#\/schema\/person\/32ff49a53c9c1bb24302ee8ece058096\"},\"headline\":\"Rendez-vous \u00e0 la 3\u1d49 \u00e9dition du Sommet de la diplomatie et du d\u00e9veloppement communautaire de la FDED : quand la jeunesse s\u2019engage pour le pays\",\"datePublished\":\"2025-12-05T17:53:48+00:00\",\"dateModified\":\"2025-12-05T17:53:51+00:00\",\"mainEntityOfPage\":{\"@id\":\"https:\/\/velipost.com\/?p=5117\"},\"wordCount\":387,\"commentCount\":0,\"publisher\":{\"@id\":\"https:\/\/velipost.com\/#organization\"},\"image\":{\"@id\":\"https:\/\/velipost.com\/?p=5117#primaryimage\"},\"thumbnailUrl\":\"https:\/\/velipost.com\/wp-content\/uploads\/2025\/12\/Sommet-de-la-diplomatie-et-du-developpement.jpg\",\"articleSection\":[\"A la Une\"],\"inLanguage\":\"fr-FR\",\"potentialAction\":[{\"@type\":\"CommentAction\",\"name\":\"Comment\",\"target\":[\"https:\/\/velipost.com\/?p=5117#respond\"]}]},{\"@type\":\"WebPage\",\"@id\":\"https:\/\/velipost.com\/?p=5117\",\"url\":\"https:\/\/velipost.com\/?p=5117\",\"name\":\"Rendez-vous \u00e0 la 3\u1d49 \u00e9dition du Sommet de la diplomatie et du d\u00e9veloppement communautaire de la FDED : quand la jeunesse s\u2019engage pour le pays &#8211; VeliPost\",\"isPartOf\":{\"@id\":\"https:\/\/velipost.com\/#website\"},\"primaryImageOfPage\":{\"@id\":\"https:\/\/velipost.com\/?p=5117#primaryimage\"},\"image\":{\"@id\":\"https:\/\/velipost.com\/?p=5117#primaryimage\"},\"thumbnailUrl\":\"https:\/\/velipost.com\/wp-content\/uploads\/2025\/12\/Sommet-de-la-diplomatie-et-du-developpement.jpg\",\"datePublished\":\"2025-12-05T17:53:48+00:00\",\"dateModified\":\"2025-12-05T17:53:51+00:00\",\"breadcrumb\":{\"@id\":\"https:\/\/velipost.com\/?p=5117#breadcrumb\"},\"inLanguage\":\"fr-FR\",\"potentialAction\":[{\"@type\":\"ReadAction\",\"target\":[\"https:\/\/velipost.com\/?p=5117\"]}]},{\"@type\":\"ImageObject\",\"inLanguage\":\"fr-FR\",\"@id\":\"https:\/\/velipost.com\/?p=5117#primaryimage\",\"url\":\"https:\/\/velipost.com\/wp-content\/uploads\/2025\/12\/Sommet-de-la-diplomatie-et-du-developpement.jpg\",\"contentUrl\":\"https:\/\/velipost.com\/wp-content\/uploads\/2025\/12\/Sommet-de-la-diplomatie-et-du-developpement.jpg\",\"width\":1170,\"height\":603},{\"@type\":\"BreadcrumbList\",\"@id\":\"https:\/\/velipost.com\/?p=5117#breadcrumb\",\"itemListElement\":[{\"@type\":\"ListItem\",\"position\":1,\"name\":\"Accueil\",\"item\":\"https:\/\/velipost.com\/\"},{\"@type\":\"ListItem\",\"position\":2,\"name\":\"Rendez-vous \u00e0 la 3\u1d49 \u00e9dition du Sommet de la diplomatie et du d\u00e9veloppement communautaire de la FDED : quand la jeunesse s\u2019engage pour le pays\"}]},{\"@type\":\"WebSite\",\"@id\":\"https:\/\/velipost.com\/#website\",\"url\":\"https:\/\/velipost.com\/\",\"name\":\"VeliPost\",\"description\":\"L\u2019info en un clic\",\"publisher\":{\"@id\":\"https:\/\/velipost.com\/#organization\"},\"potentialAction\":[{\"@type\":\"SearchAction\",\"target\":{\"@type\":\"EntryPoint\",\"urlTemplate\":\"https:\/\/velipost.com\/?s={search_term_string}\"},\"query-input\":{\"@type\":\"PropertyValueSpecification\",\"valueRequired\":true,\"valueName\":\"search_term_string\"}}],\"inLanguage\":\"fr-FR\"},{\"@type\":\"Organization\",\"@id\":\"https:\/\/velipost.com\/#organization\",\"name\":\"VeliPost\",\"url\":\"https:\/\/velipost.com\/\",\"logo\":{\"@type\":\"ImageObject\",\"inLanguage\":\"fr-FR\",\"@id\":\"https:\/\/velipost.com\/#\/schema\/logo\/image\/\",\"url\":\"https:\/\/velipost.com\/wp-content\/uploads\/2024\/08\/cropped-VP-logo-piti.png\",\"contentUrl\":\"https:\/\/velipost.com\/wp-content\/uploads\/2024\/08\/cropped-VP-logo-piti.png\",\"width\":201,\"height\":69,\"caption\":\"VeliPost\"},\"image\":{\"@id\":\"https:\/\/velipost.com\/#\/schema\/logo\/image\/\"},\"sameAs\":[\"https:\/\/www.facebook.com\/veliposthaiti\",\"https:\/\/x.com\/veliposthaiti\",\"https:\/\/www.instagram.com\/veliposthaiti\"]},{\"@type\":\"Person\",\"@id\":\"https:\/\/velipost.com\/#\/schema\/person\/32ff49a53c9c1bb24302ee8ece058096\",\"name\":\"VeliPost\",\"image\":{\"@type\":\"ImageObject\",\"inLanguage\":\"fr-FR\",\"@id\":\"https:\/\/velipost.com\/#\/schema\/person\/image\/\",\"url\":\"https:\/\/secure.gravatar.com\/avatar\/57c226c264de62f794185a89596d4a37b85a5ad20aca30d9d5a478b27d8c8d9d?s=96&d=mm&r=g\",\"contentUrl\":\"https:\/\/secure.gravatar.com\/avatar\/57c226c264de62f794185a89596d4a37b85a5ad20aca30d9d5a478b27d8c8d9d?s=96&d=mm&r=g\",\"caption\":\"VeliPost\"},\"sameAs\":[\"https:\/\/velipost.com\"],\"url\":\"https:\/\/velipost.com\/?author=1\"}]}<\/script>\n<!-- \/ Yoast SEO plugin. -->","yoast_head_json":{"title":"Rendez-vous \u00e0 la 3\u1d49 \u00e9dition du Sommet de la diplomatie et du d\u00e9veloppement communautaire de la FDED : quand la jeunesse s\u2019engage pour le pays &#8211; VeliPost","robots":{"index":"index","follow":"follow","max-snippet":"max-snippet:-1","max-image-preview":"max-image-preview:large","max-video-preview":"max-video-preview:-1"},"canonical":"https:\/\/velipost.com\/?p=5117","og_locale":"fr_FR","og_type":"article","og_title":"Rendez-vous \u00e0 la 3\u1d49 \u00e9dition du Sommet de la diplomatie et du d\u00e9veloppement communautaire de la FDED : quand la jeunesse s\u2019engage pour le pays &#8211; VeliPost","og_description":"La Fondation Davidson Emmanuel D\u00e9sir relance la troisi\u00e8me \u00e9dition du Sommet international de la diplomatie et du d\u00e9veloppement communautaire, pr\u00e9vue le 13 d\u00e9cembre 2025","og_url":"https:\/\/velipost.com\/?p=5117","og_site_name":"VeliPost","article_publisher":"https:\/\/www.facebook.com\/veliposthaiti","article_published_time":"2025-12-05T17:53:48+00:00","article_modified_time":"2025-12-05T17:53:51+00:00","og_image":[{"width":1170,"height":603,"url":"https:\/\/velipost.com\/wp-content\/uploads\/2025\/12\/Sommet-de-la-diplomatie-et-du-developpement.jpg","type":"image\/jpeg"}],"author":"VeliPost","twitter_card":"summary_large_image","twitter_creator":"@veliposthaiti","twitter_site":"@veliposthaiti","twitter_misc":{"\u00c9crit par":"VeliPost","Dur\u00e9e de lecture estim\u00e9e":"2 minutes"},"schema":{"@context":"https:\/\/schema.org","@graph":[{"@type":"Article","@id":"https:\/\/velipost.com\/?p=5117#article","isPartOf":{"@id":"https:\/\/velipost.com\/?p=5117"},"author":{"name":"VeliPost","@id":"https:\/\/velipost.com\/#\/schema\/person\/32ff49a53c9c1bb24302ee8ece058096"},"headline":"Rendez-vous \u00e0 la 3\u1d49 \u00e9dition du Sommet de la diplomatie et du d\u00e9veloppement communautaire de la FDED : quand la jeunesse s\u2019engage pour le pays","datePublished":"2025-12-05T17:53:48+00:00","dateModified":"2025-12-05T17:53:51+00:00","mainEntityOfPage":{"@id":"https:\/\/velipost.com\/?p=5117"},"wordCount":387,"commentCount":0,"publisher":{"@id":"https:\/\/velipost.com\/#organization"},"image":{"@id":"https:\/\/velipost.com\/?p=5117#primaryimage"},"thumbnailUrl":"https:\/\/velipost.com\/wp-content\/uploads\/2025\/12\/Sommet-de-la-diplomatie-et-du-developpement.jpg","articleSection":["A la Une"],"inLanguage":"fr-FR","potentialAction":[{"@type":"CommentAction","name":"Comment","target":["https:\/\/velipost.com\/?p=5117#respond"]}]},{"@type":"WebPage","@id":"https:\/\/velipost.com\/?p=5117","url":"https:\/\/velipost.com\/?p=5117","name":"Rendez-vous \u00e0 la 3\u1d49 \u00e9dition du Sommet de la diplomatie et du d\u00e9veloppement communautaire de la FDED : quand la jeunesse s\u2019engage pour le pays &#8211; VeliPost","isPartOf":{"@id":"https:\/\/velipost.com\/#website"},"primaryImageOfPage":{"@id":"https:\/\/velipost.com\/?p=5117#primaryimage"},"image":{"@id":"https:\/\/velipost.com\/?p=5117#primaryimage"},"thumbnailUrl":"https:\/\/velipost.com\/wp-content\/uploads\/2025\/12\/Sommet-de-la-diplomatie-et-du-developpement.jpg","datePublished":"2025-12-05T17:53:48+00:00","dateModified":"2025-12-05T17:53:51+00:00","breadcrumb":{"@id":"https:\/\/velipost.com\/?p=5117#breadcrumb"},"inLanguage":"fr-FR","potentialAction":[{"@type":"ReadAction","target":["https:\/\/velipost.com\/?p=5117"]}]},{"@type":"ImageObject","inLanguage":"fr-FR","@id":"https:\/\/velipost.com\/?p=5117#primaryimage","url":"https:\/\/velipost.com\/wp-content\/uploads\/2025\/12\/Sommet-de-la-diplomatie-et-du-developpement.jpg","contentUrl":"https:\/\/velipost.com\/wp-content\/uploads\/2025\/12\/Sommet-de-la-diplomatie-et-du-developpement.jpg","width":1170,"height":603},{"@type":"BreadcrumbList","@id":"https:\/\/velipost.com\/?p=5117#breadcrumb","itemListElement":[{"@type":"ListItem","position":1,"name":"Accueil","item":"https:\/\/velipost.com\/"},{"@type":"ListItem","position":2,"name":"Rendez-vous \u00e0 la 3\u1d49 \u00e9dition du Sommet de la diplomatie et du d\u00e9veloppement communautaire de la FDED : quand la jeunesse s\u2019engage pour le pays"}]},{"@type":"WebSite","@id":"https:\/\/velipost.com\/#website","url":"https:\/\/velipost.com\/","name":"VeliPost","description":"L\u2019info en un clic","publisher":{"@id":"https:\/\/velipost.com\/#organization"},"potentialAction":[{"@type":"SearchAction","target":{"@type":"EntryPoint","urlTemplate":"https:\/\/velipost.com\/?s={search_term_string}"},"query-input":{"@type":"PropertyValueSpecification","valueRequired":true,"valueName":"search_term_string"}}],"inLanguage":"fr-FR"},{"@type":"Organization","@id":"https:\/\/velipost.com\/#organization","name":"VeliPost","url":"https:\/\/velipost.com\/","logo":{"@type":"ImageObject","inLanguage":"fr-FR","@id":"https:\/\/velipost.com\/#\/schema\/logo\/image\/","url":"https:\/\/velipost.com\/wp-content\/uploads\/2024\/08\/cropped-VP-logo-piti.png","contentUrl":"https:\/\/velipost.com\/wp-content\/uploads\/2024\/08\/cropped-VP-logo-piti.png","width":201,"height":69,"caption":"VeliPost"},"image":{"@id":"https:\/\/velipost.com\/#\/schema\/logo\/image\/"},"sameAs":["https:\/\/www.facebook.com\/veliposthaiti","https:\/\/x.com\/veliposthaiti","https:\/\/www.instagram.com\/veliposthaiti"]},{"@type":"Person","@id":"https:\/\/velipost.com\/#\/schema\/person\/32ff49a53c9c1bb24302ee8ece058096","name":"VeliPost","image":{"@type":"ImageObject","inLanguage":"fr-FR","@id":"https:\/\/velipost.com\/#\/schema\/person\/image\/","url":"https:\/\/secure.gravatar.com\/avatar\/57c226c264de62f794185a89596d4a37b85a5ad20aca30d9d5a478b27d8c8d9d?s=96&d=mm&r=g","contentUrl":"https:\/\/secure.gravatar.com\/avatar\/57c226c264de62f794185a89596d4a37b85a5ad20aca30d9d5a478b27d8c8d9d?s=96&d=mm&r=g","caption":"VeliPost"},"sameAs":["https:\/\/velipost.com"],"url":"https:\/\/velipost.com\/?author=1"}]}},"views":0,"jetpack_publicize_connections":[],"uagb_featured_image_src":{"full":["https:\/\/velipost.com\/wp-content\/uploads\/2025\/12\/Sommet-de-la-diplomatie-et-du-developpement.jpg",1170,603,false],"thumbnail":["https:\/\/velipost.com\/wp-content\/uploads\/2025\/12\/Sommet-de-la-diplomatie-et-du-developpement-150x150.jpg",150,150,true],"medium":["https:\/\/velipost.com\/wp-content\/uploads\/2025\/12\/Sommet-de-la-diplomatie-et-du-developpement-300x155.jpg",300,155,true],"medium_large":["https:\/\/velipost.com\/wp-content\/uploads\/2025\/12\/Sommet-de-la-diplomatie-et-du-developpement-768x396.jpg",715,369,true],"large":["https:\/\/velipost.com\/wp-content\/uploads\/2025\/12\/Sommet-de-la-diplomatie-et-du-developpement-1024x528.jpg",715,369,true],"1536x1536":["https:\/\/velipost.com\/wp-content\/uploads\/2025\/12\/Sommet-de-la-diplomatie-et-du-developpement.jpg",1170,603,false],"2048x2048":["https:\/\/velipost.com\/wp-content\/uploads\/2025\/12\/Sommet-de-la-diplomatie-et-du-developpement.jpg",1170,603,false],"colornews-big-slider":["https:\/\/velipost.com\/wp-content\/uploads\/2025\/12\/Sommet-de-la-diplomatie-et-du-developpement-1070x470.jpg",1070,470,true],"colornews-big-slider-thumb":["https:\/\/velipost.com\/wp-content\/uploads\/2025\/12\/Sommet-de-la-diplomatie-et-du-developpement-184x109.jpg",184,109,true],"colornews-featured-post-medium":["https:\/\/velipost.com\/wp-content\/uploads\/2025\/12\/Sommet-de-la-diplomatie-et-du-developpement-345x265.jpg",345,265,true],"colornews-featured-post-small":["https:\/\/velipost.com\/wp-content\/uploads\/2025\/12\/Sommet-de-la-diplomatie-et-du-developpement-115x73.jpg",115,73,true],"colornews-random-posts":["https:\/\/velipost.com\/wp-content\/uploads\/2025\/12\/Sommet-de-la-diplomatie-et-du-developpement-215x215.jpg",215,215,true],"colornews-featured-image":["https:\/\/velipost.com\/wp-content\/uploads\/2025\/12\/Sommet-de-la-diplomatie-et-du-developpement-715x400.jpg",715,400,true],"mailpoet_newsletter_max":["https:\/\/velipost.com\/wp-content\/uploads\/2025\/12\/Sommet-de-la-diplomatie-et-du-developpement.jpg",1170,603,false]},"uagb_author_info":{"display_name":"VeliPost","author_link":"https:\/\/velipost.com\/?author=1"},"uagb_comment_info":0,"uagb_excerpt":"La Fondation Davidson Emmanuel D\u00e9sir relance la troisi\u00e8me \u00e9dition du Sommet international de la diplomatie et du d\u00e9veloppement communautaire, pr\u00e9vue le 13 d\u00e9cembre 2025","_links":{"self":[{"href":"https:\/\/velipost.com\/index.php?rest_route=\/wp\/v2\/posts\/5117","targetHints":{"allow":["GET"]}}],"collection":[{"href":"https:\/\/velipost.com\/index.php?rest_route=\/wp\/v2\/posts"}],"about":[{"href":"https:\/\/velipost.com\/index.php?rest_route=\/wp\/v2\/types\/post"}],"author":[{"embeddable":true,"href":"https:\/\/velipost.com\/index.php?rest_route=\/wp\/v2\/users\/1"}],"replies":[{"embeddable":true,"href":"https:\/\/velipost.com\/index.php?rest_route=%2Fwp%2Fv2%2Fcomments&post=5117"}],"version-history":[{"count":1,"href":"https:\/\/velipost.com\/index.php?rest_route=\/wp\/v2\/posts\/5117\/revisions"}],"predecessor-version":[{"id":5118,"href":"https:\/\/velipost.com\/index.php?rest_route=\/wp\/v2\/posts\/5117\/revisions\/5118"}],"wp:featuredmedia":[{"embeddable":true,"href":"https:\/\/velipost.com\/index.php?rest_route=\/wp\/v2\/media\/5119"}],"wp:attachment":[{"href":"https:\/\/velipost.com\/index.php?rest_route=%2Fwp%2Fv2%2Fmedia&parent=5117"}],"wp:term":[{"taxonomy":"category","embeddable":true,"href":"https:\/\/velipost.com\/index.php?rest_route=%2Fwp%2Fv2%2Fcategories&post=5117"},{"taxonomy":"post_tag","embeddable":true,"href":"https:\/\/velipost.com\/index.php?rest_route=%2Fwp%2Fv2%2Ftags&post=5117"}],"curies":[{"name":"wp","href":"https:\/\/api.w.org\/{rel}","templated":true}]}}