{"id":5114,"date":"2025-12-05T18:29:17","date_gmt":"2025-12-05T17:29:17","guid":{"rendered":"https:\/\/velipost.com\/?p=5114"},"modified":"2025-12-05T18:29:19","modified_gmt":"2025-12-05T17:29:19","slug":"80-ans-dhistoire-lifh-un-repere-culturel-et-academique-au-coeur-des-tempetes-haitiennes","status":"publish","type":"post","link":"https:\/\/velipost.com\/?p=5114","title":{"rendered":"80 ans d\u2019histoire : l\u2019IFH, un rep\u00e8re culturel et acad\u00e9mique au c\u0153ur des temp\u00eates ha\u00eftiennes"},"content":{"rendered":"\n<p>L\u2019Institut fran\u00e7ais d\u2019Ha\u00efti (IFH) c\u00e9l\u00e8bre cette semaine ses 80 ans d\u2019existence. Pour marquer cet anniversaire, une s\u00e9rie d\u2019activit\u00e9s culturelles, acad\u00e9miques et scientifiques est organis\u00e9e du 3 au 7 d\u00e9cembre dans la capitale. Fond\u00e9e en 1945, l\u2019institution s\u2019est impos\u00e9e, au fil des d\u00e9cennies, comme un acteur important de la vie culturelle et \u00e9ducative du pays.<\/p>\n\n\n\n<p>Les c\u00e9l\u00e9brations ont d\u00e9but\u00e9 le mercredi 3 d\u00e9cembre lors d\u2019un cocktail organis\u00e9 \u00e0 la r\u00e9sidence de France \u00e0 Bourdon. Des personnalit\u00e9s du monde artistique, culturel, universitaire et politique, ainsi que des membres de la presse, ont r\u00e9pondu \u00e0 l\u2019invitation.<\/p>\n\n\n\n<p>L\u2019ambassadeur de France, Antoine Michon, a rappel\u00e9 que l\u2019Institut n\u2019est pas seulement un centre culturel, mais aussi \u00ab un lieu de m\u00e9moire et un pont entre les deux pays \u00bb.<\/p>\n\n\n\n<h3 class=\"wp-block-heading\"><strong>Une table ronde ax\u00e9e sur la coop\u00e9ration universitaire<\/strong><\/h3>\n\n\n\n<p>Le lendemain, une table ronde consacr\u00e9e \u00e0 l\u2019enseignement sup\u00e9rieur s\u2019est tenue au Lyc\u00e9e Alexandre Dumas autour du th\u00e8me :<\/p>\n\n\n\n<p><strong>\u00ab Coop\u00e9ration universitaire et mobilit\u00e9 : o\u00f9 en est Ha\u00efti, et o\u00f9 allons-nous ? \u00bb<\/strong><\/p>\n\n\n\n<p>Organis\u00e9e par Campus France Ha\u00efti, cette rencontre a r\u00e9uni des responsables universitaires, des repr\u00e9sentants d\u2019institutions publiques et des acteurs de la coop\u00e9ration scientifique. Parmi les intervenants figuraient : Antoine Michon, ambassadeur de France ; Jacky Lumarque, recteur de l\u2019Universit\u00e9 Quisqueya ; Mich\u00e8le D. Pierre-Louis, pr\u00e9sidente de la FOKAL ; Ronald Gabriel, gouverneur de la BRH ; David Bruchon, directeur d\u2019Expertise France en Ha\u00efti ; ainsi que des repr\u00e9sentants du Rectorat de l\u2019Universit\u00e9 d\u2019\u00c9tat d\u2019Ha\u00efti.<\/p>\n\n\n\n<p>Les \u00e9changes ont port\u00e9 sur l\u2019\u00e9tat de l\u2019enseignement sup\u00e9rieur en Ha\u00efti, les besoins en formation, le r\u00f4le de la mobilit\u00e9 internationale et l\u2019importance des partenariats universitaires.<\/p>\n\n\n\n<p>Par visioconf\u00e9rence, une \u00e9tudiante ha\u00eftienne poursuivant ses \u00e9tudes en France, Fredeline Etelus, a partag\u00e9 son exp\u00e9rience et soulign\u00e9 l\u2019importance de l\u2019accompagnement offert par Campus France et l\u2019IFH.<\/p>\n\n\n\n<p>Selon les donn\u00e9es pr\u00e9sent\u00e9es lors de la rencontre, Ha\u00efti compte aujourd\u2019hui :<\/p>\n\n\n\n<ul class=\"wp-block-list\">\n<li>23 entit\u00e9s de l\u2019Universit\u00e9 d\u2019\u00c9tat r\u00e9parties dans neuf d\u00e9partements ;<\/li>\n\n\n\n<li>10 universit\u00e9s r\u00e9gionales ;<\/li>\n\n\n\n<li>8 \u00e9tablissements publics rattach\u00e9s \u00e0 des minist\u00e8res ;<\/li>\n\n\n\n<li>158 institutions priv\u00e9es, concentr\u00e9es \u00e0 75 % dans l\u2019Ouest.<\/li>\n<\/ul>\n\n\n\n<p>Le secteur priv\u00e9 repr\u00e9sente environ&nbsp;<strong>89 % de l\u2019offre de formation sup\u00e9rieure<\/strong>. Le pays compte \u00e9galement&nbsp;<strong>424 programmes de licence<\/strong>, domin\u00e9s par l\u2019administration et l\u2019\u00e9ducation, ainsi qu\u2019une dizaine de ma\u00eetrises et&nbsp;<strong>quatre doctorats<\/strong>.<\/p>\n\n\n\n<p>En plus de la table ronde, l\u2019IFH propose une s\u00e9rie de conf\u00e9rences, de rencontres publiques, de projections et un enregistrement de podcast en direct. La semaine se cl\u00f4turera par un grand concert r\u00e9unissant James Germain, Alima, Magounda et d\u2019autres artistes.<\/p>\n\n\n\n<h3 class=\"wp-block-heading\"><strong>Un h\u00e9ritage solide, un avenir \u00e0 construire<\/strong><\/h3>\n\n\n\n<p>Inaugur\u00e9 le 7 d\u00e9cembre 1945 en pr\u00e9sence du pr\u00e9sident \u00c9lie Lescot, l\u2019Institut fran\u00e7ais d\u2019Ha\u00efti est n\u00e9 d\u2019un accord culturel sign\u00e9 apr\u00e8s la Seconde Guerre mondiale. Depuis, il a travers\u00e9 les crises politiques, les changements sociaux et les p\u00e9riodes difficiles, tout en maintenant son r\u00f4le de lieu de savoir, d\u2019\u00e9change et de cr\u00e9ation.<\/p>\n\n\n\n<p>Pour ses 80 ans, l\u2019IFH r\u00e9affirme sa volont\u00e9 de continuer \u00e0 rassembler, former et accompagner, dans un pays o\u00f9 l\u2019acc\u00e8s \u00e0 la culture et \u00e0 l\u2019\u00e9ducation reste un d\u00e9fi permanent.<\/p>\n\n    <div class=\"xs_social_share_widget xs_share_url after_content \t\tmain_content  wslu-style-3 wslu-share-box-shaped wslu-fill-brand-hover-colored wslu-share-m-5 wslu-none wslu-share-horizontal wslu-theme-font-no wslu-main_content\">\n\n\t\t\n        <ul>\n\t\t\t                    <li class=\"xs-share-li twitter                        wslu-no-extra-data\">\n                        <a href=\"javascript:void(0);\"\n                           id=\"xs_feed_twitter\"\n                           onclick=\"xs_social_sharer(this);\"\n                           data-pid=\"5114\"\n                           data-uri_hash=\"1c86b2921016173f36408ad3fa2dccfb\"\n                           data-key=\"twitter\"\n                           data-xs-href=\"https:\/\/twitter.com\/intent\/tweet?text=80+ans+d%E2%80%99histoire+%3A+l%E2%80%99IFH%2C+un+rep%C3%A8re+culturel+et+acad%C3%A9mique+au+c%C5%93ur+des+temp%C3%AAtes+ha%C3%AFtiennes+https%3A%2F%2Fvelipost.com%2Findex.php%3Frest_route%3D%252Fwp%252Fv2%252Fposts%252F5114&amp;original_referer=https%3A%2F%2Fvelipost.com%2Findex.php%3Frest_route%3D%252Fwp%252Fv2%252Fposts%252F5114&amp;related=xpeedstudio\">\n\n                            <div class=\"xs-social-icon\">\n                                <span class=\"met-social met-social-twitter\"><\/span>\n                            <\/div>\n\n\t\t\t\t\t\t\t\n                            <div class=\"wslu-hover-content\">\n                                <div class=\"xs-social-followers\">\n\t\t\t\t\t\t\t\t\t10                                <\/div>\n                                <div class=\"xs-social-follower-text\">\n\t\t\t\t\t\t\t\t\tShare                                <\/div>\n                                <div class=\"xs-social-follower-label\">\n\t\t\t\t\t\t\t\t\tTwitter                                <\/div>\n                            <\/div>\n                        <\/a>\n                    <\/li>\n\t\t\t\t\t                    <li class=\"xs-share-li telegram                        wslu-no-extra-data\">\n                        <a href=\"javascript:void(0);\"\n                           id=\"xs_feed_telegram\"\n                           onclick=\"xs_social_sharer(this);\"\n                           data-pid=\"5114\"\n                           data-uri_hash=\"1c86b2921016173f36408ad3fa2dccfb\"\n                           data-key=\"telegram\"\n                           data-xs-href=\"https:\/\/telegram.me\/share\/url?url=https%3A%2F%2Fvelipost.com%2Findex.php%3Frest_route%3D%252Fwp%252Fv2%252Fposts%252F5114&amp;text=80+ans+d%E2%80%99histoire+%3A+l%E2%80%99IFH%2C+un+rep%C3%A8re+culturel+et+acad%C3%A9mique+au+c%C5%93ur+des+temp%C3%AAtes+ha%C3%AFtiennes\">\n\n                            <div class=\"xs-social-icon\">\n                                <span class=\"met-social met-social-telegram\"><\/span>\n                            <\/div>\n\n\t\t\t\t\t\t\t\n                            <div class=\"wslu-hover-content\">\n                                <div class=\"xs-social-followers\">\n\t\t\t\t\t\t\t\t\t0                                <\/div>\n                                <div class=\"xs-social-follower-text\">\n\t\t\t\t\t\t\t\t\tShare                                <\/div>\n                                <div class=\"xs-social-follower-label\">\n\t\t\t\t\t\t\t\t\tTelegram                                <\/div>\n                            <\/div>\n                        <\/a>\n                    <\/li>\n\t\t\t\t\t                    <li class=\"xs-share-li email                        wslu-no-extra-data\">\n                        <a href=\"javascript:void(0);\"\n                           id=\"xs_feed_email\"\n                           onclick=\"xs_social_sharer(this);\"\n                           data-pid=\"5114\"\n                           data-uri_hash=\"1c86b2921016173f36408ad3fa2dccfb\"\n                           data-key=\"email\"\n                           data-xs-href=\"mailto:?body=Title%3A+80+ans+d%E2%80%99histoire+%3A+l%E2%80%99IFH%2C+un+rep%C3%A8re+culturel+et+acad%C3%A9mique+au+c%C5%93ur+des+temp%C3%AAtes+ha%C3%AFtiennes+%5Cn%5Cn+URL%3A+https%3A%2F%2Fvelipost.com%2Findex.php%3Frest_route%3D%252Fwp%252Fv2%252Fposts%252F5114&amp;subject=80+ans+d%E2%80%99histoire+%3A+l%E2%80%99IFH%2C+un+rep%C3%A8re+culturel+et+acad%C3%A9mique+au+c%C5%93ur+des+temp%C3%AAtes+ha%C3%AFtiennes\">\n\n                            <div class=\"xs-social-icon\">\n                                <span class=\"met-social met-social-email\"><\/span>\n                            <\/div>\n\n\t\t\t\t\t\t\t\n                            <div class=\"wslu-hover-content\">\n                                <div class=\"xs-social-followers\">\n\t\t\t\t\t\t\t\t\t0                                <\/div>\n                                <div class=\"xs-social-follower-text\">\n\t\t\t\t\t\t\t\t\tShare                                <\/div>\n                                <div class=\"xs-social-follower-label\">\n\t\t\t\t\t\t\t\t\tEmail                                <\/div>\n                            <\/div>\n                        <\/a>\n                    <\/li>\n\t\t\t\t\t        <\/ul>\n    <\/div> \n","protected":false},"excerpt":{"rendered":"<p>L\u2019Institut fran\u00e7ais d\u2019Ha\u00efti (IFH) c\u00e9l\u00e8bre cette semaine ses 80 ans d\u2019existence. Pour marquer cet anniversaire, une s\u00e9rie d\u2019activit\u00e9s culturelles, acad\u00e9miques et scientifiques est organis\u00e9e<\/p>\n","protected":false},"author":1,"featured_media":5115,"comment_status":"open","ping_status":"open","sticky":false,"template":"","format":"standard","meta":{"_uag_custom_page_level_css":"","footnotes":"","jetpack_publicize_message":"","jetpack_publicize_feature_enabled":true,"jetpack_social_post_already_shared":true,"jetpack_social_options":{"image_generator_settings":{"template":"highway","default_image_id":0,"font":"","enabled":false},"version":2}},"categories":[54],"tags":[],"class_list":["post-5114","post","type-post","status-publish","format-standard","has-post-thumbnail","hentry","category-culture"],"yoast_head":"<!-- This site is optimized with the Yoast SEO plugin v25.3.1 - https:\/\/yoast.com\/wordpress\/plugins\/seo\/ -->\n<title>80 ans d\u2019histoire : l\u2019IFH, un rep\u00e8re culturel et acad\u00e9mique au c\u0153ur des temp\u00eates ha\u00eftiennes &#8211; VeliPost<\/title>\n<meta name=\"robots\" content=\"index, follow, max-snippet:-1, max-image-preview:large, max-video-preview:-1\" \/>\n<link rel=\"canonical\" href=\"https:\/\/velipost.com\/?p=5114\" \/>\n<meta property=\"og:locale\" content=\"fr_FR\" \/>\n<meta property=\"og:type\" content=\"article\" \/>\n<meta property=\"og:title\" content=\"80 ans d\u2019histoire : l\u2019IFH, un rep\u00e8re culturel et acad\u00e9mique au c\u0153ur des temp\u00eates ha\u00eftiennes &#8211; VeliPost\" \/>\n<meta property=\"og:description\" content=\"L\u2019Institut fran\u00e7ais d\u2019Ha\u00efti (IFH) c\u00e9l\u00e8bre cette semaine ses 80 ans d\u2019existence. Pour marquer cet anniversaire, une s\u00e9rie d\u2019activit\u00e9s culturelles, acad\u00e9miques et scientifiques est organis\u00e9e\" \/>\n<meta property=\"og:url\" content=\"https:\/\/velipost.com\/?p=5114\" \/>\n<meta property=\"og:site_name\" content=\"VeliPost\" \/>\n<meta property=\"article:publisher\" content=\"https:\/\/www.facebook.com\/veliposthaiti\" \/>\n<meta property=\"article:published_time\" content=\"2025-12-05T17:29:17+00:00\" \/>\n<meta property=\"article:modified_time\" content=\"2025-12-05T17:29:19+00:00\" \/>\n<meta property=\"og:image\" content=\"https:\/\/velipost.com\/wp-content\/uploads\/2025\/12\/IFH.jpg\" \/>\n\t<meta property=\"og:image:width\" content=\"1170\" \/>\n\t<meta property=\"og:image:height\" content=\"603\" \/>\n\t<meta property=\"og:image:type\" content=\"image\/jpeg\" \/>\n<meta name=\"author\" content=\"VeliPost\" \/>\n<meta name=\"twitter:card\" content=\"summary_large_image\" \/>\n<meta name=\"twitter:creator\" content=\"@veliposthaiti\" \/>\n<meta name=\"twitter:site\" content=\"@veliposthaiti\" \/>\n<meta name=\"twitter:label1\" content=\"\u00c9crit par\" \/>\n\t<meta name=\"twitter:data1\" content=\"VeliPost\" \/>\n\t<meta name=\"twitter:label2\" content=\"Dur\u00e9e de lecture estim\u00e9e\" \/>\n\t<meta name=\"twitter:data2\" content=\"3 minutes\" \/>\n<script type=\"application\/ld+json\" class=\"yoast-schema-graph\">{\"@context\":\"https:\/\/schema.org\",\"@graph\":[{\"@type\":\"Article\",\"@id\":\"https:\/\/velipost.com\/?p=5114#article\",\"isPartOf\":{\"@id\":\"https:\/\/velipost.com\/?p=5114\"},\"author\":{\"name\":\"VeliPost\",\"@id\":\"https:\/\/velipost.com\/#\/schema\/person\/32ff49a53c9c1bb24302ee8ece058096\"},\"headline\":\"80 ans d\u2019histoire : l\u2019IFH, un rep\u00e8re culturel et acad\u00e9mique au c\u0153ur des temp\u00eates ha\u00eftiennes\",\"datePublished\":\"2025-12-05T17:29:17+00:00\",\"dateModified\":\"2025-12-05T17:29:19+00:00\",\"mainEntityOfPage\":{\"@id\":\"https:\/\/velipost.com\/?p=5114\"},\"wordCount\":596,\"commentCount\":0,\"publisher\":{\"@id\":\"https:\/\/velipost.com\/#organization\"},\"image\":{\"@id\":\"https:\/\/velipost.com\/?p=5114#primaryimage\"},\"thumbnailUrl\":\"https:\/\/velipost.com\/wp-content\/uploads\/2025\/12\/IFH.jpg\",\"articleSection\":[\"Culture\"],\"inLanguage\":\"fr-FR\",\"potentialAction\":[{\"@type\":\"CommentAction\",\"name\":\"Comment\",\"target\":[\"https:\/\/velipost.com\/?p=5114#respond\"]}]},{\"@type\":\"WebPage\",\"@id\":\"https:\/\/velipost.com\/?p=5114\",\"url\":\"https:\/\/velipost.com\/?p=5114\",\"name\":\"80 ans d\u2019histoire : l\u2019IFH, un rep\u00e8re culturel et acad\u00e9mique au c\u0153ur des temp\u00eates ha\u00eftiennes &#8211; VeliPost\",\"isPartOf\":{\"@id\":\"https:\/\/velipost.com\/#website\"},\"primaryImageOfPage\":{\"@id\":\"https:\/\/velipost.com\/?p=5114#primaryimage\"},\"image\":{\"@id\":\"https:\/\/velipost.com\/?p=5114#primaryimage\"},\"thumbnailUrl\":\"https:\/\/velipost.com\/wp-content\/uploads\/2025\/12\/IFH.jpg\",\"datePublished\":\"2025-12-05T17:29:17+00:00\",\"dateModified\":\"2025-12-05T17:29:19+00:00\",\"breadcrumb\":{\"@id\":\"https:\/\/velipost.com\/?p=5114#breadcrumb\"},\"inLanguage\":\"fr-FR\",\"potentialAction\":[{\"@type\":\"ReadAction\",\"target\":[\"https:\/\/velipost.com\/?p=5114\"]}]},{\"@type\":\"ImageObject\",\"inLanguage\":\"fr-FR\",\"@id\":\"https:\/\/velipost.com\/?p=5114#primaryimage\",\"url\":\"https:\/\/velipost.com\/wp-content\/uploads\/2025\/12\/IFH.jpg\",\"contentUrl\":\"https:\/\/velipost.com\/wp-content\/uploads\/2025\/12\/IFH.jpg\",\"width\":1170,\"height\":603},{\"@type\":\"BreadcrumbList\",\"@id\":\"https:\/\/velipost.com\/?p=5114#breadcrumb\",\"itemListElement\":[{\"@type\":\"ListItem\",\"position\":1,\"name\":\"Accueil\",\"item\":\"https:\/\/velipost.com\/\"},{\"@type\":\"ListItem\",\"position\":2,\"name\":\"80 ans d\u2019histoire : l\u2019IFH, un rep\u00e8re culturel et acad\u00e9mique au c\u0153ur des temp\u00eates ha\u00eftiennes\"}]},{\"@type\":\"WebSite\",\"@id\":\"https:\/\/velipost.com\/#website\",\"url\":\"https:\/\/velipost.com\/\",\"name\":\"VeliPost\",\"description\":\"L\u2019info en un clic\",\"publisher\":{\"@id\":\"https:\/\/velipost.com\/#organization\"},\"potentialAction\":[{\"@type\":\"SearchAction\",\"target\":{\"@type\":\"EntryPoint\",\"urlTemplate\":\"https:\/\/velipost.com\/?s={search_term_string}\"},\"query-input\":{\"@type\":\"PropertyValueSpecification\",\"valueRequired\":true,\"valueName\":\"search_term_string\"}}],\"inLanguage\":\"fr-FR\"},{\"@type\":\"Organization\",\"@id\":\"https:\/\/velipost.com\/#organization\",\"name\":\"VeliPost\",\"url\":\"https:\/\/velipost.com\/\",\"logo\":{\"@type\":\"ImageObject\",\"inLanguage\":\"fr-FR\",\"@id\":\"https:\/\/velipost.com\/#\/schema\/logo\/image\/\",\"url\":\"https:\/\/velipost.com\/wp-content\/uploads\/2024\/08\/cropped-VP-logo-piti.png\",\"contentUrl\":\"https:\/\/velipost.com\/wp-content\/uploads\/2024\/08\/cropped-VP-logo-piti.png\",\"width\":201,\"height\":69,\"caption\":\"VeliPost\"},\"image\":{\"@id\":\"https:\/\/velipost.com\/#\/schema\/logo\/image\/\"},\"sameAs\":[\"https:\/\/www.facebook.com\/veliposthaiti\",\"https:\/\/x.com\/veliposthaiti\",\"https:\/\/www.instagram.com\/veliposthaiti\"]},{\"@type\":\"Person\",\"@id\":\"https:\/\/velipost.com\/#\/schema\/person\/32ff49a53c9c1bb24302ee8ece058096\",\"name\":\"VeliPost\",\"image\":{\"@type\":\"ImageObject\",\"inLanguage\":\"fr-FR\",\"@id\":\"https:\/\/velipost.com\/#\/schema\/person\/image\/\",\"url\":\"https:\/\/secure.gravatar.com\/avatar\/57c226c264de62f794185a89596d4a37b85a5ad20aca30d9d5a478b27d8c8d9d?s=96&d=mm&r=g\",\"contentUrl\":\"https:\/\/secure.gravatar.com\/avatar\/57c226c264de62f794185a89596d4a37b85a5ad20aca30d9d5a478b27d8c8d9d?s=96&d=mm&r=g\",\"caption\":\"VeliPost\"},\"sameAs\":[\"https:\/\/velipost.com\"],\"url\":\"https:\/\/velipost.com\/?author=1\"}]}<\/script>\n<!-- \/ Yoast SEO plugin. -->","yoast_head_json":{"title":"80 ans d\u2019histoire : l\u2019IFH, un rep\u00e8re culturel et acad\u00e9mique au c\u0153ur des temp\u00eates ha\u00eftiennes &#8211; VeliPost","robots":{"index":"index","follow":"follow","max-snippet":"max-snippet:-1","max-image-preview":"max-image-preview:large","max-video-preview":"max-video-preview:-1"},"canonical":"https:\/\/velipost.com\/?p=5114","og_locale":"fr_FR","og_type":"article","og_title":"80 ans d\u2019histoire : l\u2019IFH, un rep\u00e8re culturel et acad\u00e9mique au c\u0153ur des temp\u00eates ha\u00eftiennes &#8211; VeliPost","og_description":"L\u2019Institut fran\u00e7ais d\u2019Ha\u00efti (IFH) c\u00e9l\u00e8bre cette semaine ses 80 ans d\u2019existence. Pour marquer cet anniversaire, une s\u00e9rie d\u2019activit\u00e9s culturelles, acad\u00e9miques et scientifiques est organis\u00e9e","og_url":"https:\/\/velipost.com\/?p=5114","og_site_name":"VeliPost","article_publisher":"https:\/\/www.facebook.com\/veliposthaiti","article_published_time":"2025-12-05T17:29:17+00:00","article_modified_time":"2025-12-05T17:29:19+00:00","og_image":[{"width":1170,"height":603,"url":"https:\/\/velipost.com\/wp-content\/uploads\/2025\/12\/IFH.jpg","type":"image\/jpeg"}],"author":"VeliPost","twitter_card":"summary_large_image","twitter_creator":"@veliposthaiti","twitter_site":"@veliposthaiti","twitter_misc":{"\u00c9crit par":"VeliPost","Dur\u00e9e de lecture estim\u00e9e":"3 minutes"},"schema":{"@context":"https:\/\/schema.org","@graph":[{"@type":"Article","@id":"https:\/\/velipost.com\/?p=5114#article","isPartOf":{"@id":"https:\/\/velipost.com\/?p=5114"},"author":{"name":"VeliPost","@id":"https:\/\/velipost.com\/#\/schema\/person\/32ff49a53c9c1bb24302ee8ece058096"},"headline":"80 ans d\u2019histoire : l\u2019IFH, un rep\u00e8re culturel et acad\u00e9mique au c\u0153ur des temp\u00eates ha\u00eftiennes","datePublished":"2025-12-05T17:29:17+00:00","dateModified":"2025-12-05T17:29:19+00:00","mainEntityOfPage":{"@id":"https:\/\/velipost.com\/?p=5114"},"wordCount":596,"commentCount":0,"publisher":{"@id":"https:\/\/velipost.com\/#organization"},"image":{"@id":"https:\/\/velipost.com\/?p=5114#primaryimage"},"thumbnailUrl":"https:\/\/velipost.com\/wp-content\/uploads\/2025\/12\/IFH.jpg","articleSection":["Culture"],"inLanguage":"fr-FR","potentialAction":[{"@type":"CommentAction","name":"Comment","target":["https:\/\/velipost.com\/?p=5114#respond"]}]},{"@type":"WebPage","@id":"https:\/\/velipost.com\/?p=5114","url":"https:\/\/velipost.com\/?p=5114","name":"80 ans d\u2019histoire : l\u2019IFH, un rep\u00e8re culturel et acad\u00e9mique au c\u0153ur des temp\u00eates ha\u00eftiennes &#8211; VeliPost","isPartOf":{"@id":"https:\/\/velipost.com\/#website"},"primaryImageOfPage":{"@id":"https:\/\/velipost.com\/?p=5114#primaryimage"},"image":{"@id":"https:\/\/velipost.com\/?p=5114#primaryimage"},"thumbnailUrl":"https:\/\/velipost.com\/wp-content\/uploads\/2025\/12\/IFH.jpg","datePublished":"2025-12-05T17:29:17+00:00","dateModified":"2025-12-05T17:29:19+00:00","breadcrumb":{"@id":"https:\/\/velipost.com\/?p=5114#breadcrumb"},"inLanguage":"fr-FR","potentialAction":[{"@type":"ReadAction","target":["https:\/\/velipost.com\/?p=5114"]}]},{"@type":"ImageObject","inLanguage":"fr-FR","@id":"https:\/\/velipost.com\/?p=5114#primaryimage","url":"https:\/\/velipost.com\/wp-content\/uploads\/2025\/12\/IFH.jpg","contentUrl":"https:\/\/velipost.com\/wp-content\/uploads\/2025\/12\/IFH.jpg","width":1170,"height":603},{"@type":"BreadcrumbList","@id":"https:\/\/velipost.com\/?p=5114#breadcrumb","itemListElement":[{"@type":"ListItem","position":1,"name":"Accueil","item":"https:\/\/velipost.com\/"},{"@type":"ListItem","position":2,"name":"80 ans d\u2019histoire : l\u2019IFH, un rep\u00e8re culturel et acad\u00e9mique au c\u0153ur des temp\u00eates ha\u00eftiennes"}]},{"@type":"WebSite","@id":"https:\/\/velipost.com\/#website","url":"https:\/\/velipost.com\/","name":"VeliPost","description":"L\u2019info en un clic","publisher":{"@id":"https:\/\/velipost.com\/#organization"},"potentialAction":[{"@type":"SearchAction","target":{"@type":"EntryPoint","urlTemplate":"https:\/\/velipost.com\/?s={search_term_string}"},"query-input":{"@type":"PropertyValueSpecification","valueRequired":true,"valueName":"search_term_string"}}],"inLanguage":"fr-FR"},{"@type":"Organization","@id":"https:\/\/velipost.com\/#organization","name":"VeliPost","url":"https:\/\/velipost.com\/","logo":{"@type":"ImageObject","inLanguage":"fr-FR","@id":"https:\/\/velipost.com\/#\/schema\/logo\/image\/","url":"https:\/\/velipost.com\/wp-content\/uploads\/2024\/08\/cropped-VP-logo-piti.png","contentUrl":"https:\/\/velipost.com\/wp-content\/uploads\/2024\/08\/cropped-VP-logo-piti.png","width":201,"height":69,"caption":"VeliPost"},"image":{"@id":"https:\/\/velipost.com\/#\/schema\/logo\/image\/"},"sameAs":["https:\/\/www.facebook.com\/veliposthaiti","https:\/\/x.com\/veliposthaiti","https:\/\/www.instagram.com\/veliposthaiti"]},{"@type":"Person","@id":"https:\/\/velipost.com\/#\/schema\/person\/32ff49a53c9c1bb24302ee8ece058096","name":"VeliPost","image":{"@type":"ImageObject","inLanguage":"fr-FR","@id":"https:\/\/velipost.com\/#\/schema\/person\/image\/","url":"https:\/\/secure.gravatar.com\/avatar\/57c226c264de62f794185a89596d4a37b85a5ad20aca30d9d5a478b27d8c8d9d?s=96&d=mm&r=g","contentUrl":"https:\/\/secure.gravatar.com\/avatar\/57c226c264de62f794185a89596d4a37b85a5ad20aca30d9d5a478b27d8c8d9d?s=96&d=mm&r=g","caption":"VeliPost"},"sameAs":["https:\/\/velipost.com"],"url":"https:\/\/velipost.com\/?author=1"}]}},"views":0,"jetpack_publicize_connections":[],"uagb_featured_image_src":{"full":["https:\/\/velipost.com\/wp-content\/uploads\/2025\/12\/IFH.jpg",1170,603,false],"thumbnail":["https:\/\/velipost.com\/wp-content\/uploads\/2025\/12\/IFH-150x150.jpg",150,150,true],"medium":["https:\/\/velipost.com\/wp-content\/uploads\/2025\/12\/IFH-300x155.jpg",300,155,true],"medium_large":["https:\/\/velipost.com\/wp-content\/uploads\/2025\/12\/IFH-768x396.jpg",715,369,true],"large":["https:\/\/velipost.com\/wp-content\/uploads\/2025\/12\/IFH-1024x528.jpg",715,369,true],"1536x1536":["https:\/\/velipost.com\/wp-content\/uploads\/2025\/12\/IFH.jpg",1170,603,false],"2048x2048":["https:\/\/velipost.com\/wp-content\/uploads\/2025\/12\/IFH.jpg",1170,603,false],"colornews-big-slider":["https:\/\/velipost.com\/wp-content\/uploads\/2025\/12\/IFH-1070x470.jpg",1070,470,true],"colornews-big-slider-thumb":["https:\/\/velipost.com\/wp-content\/uploads\/2025\/12\/IFH-184x109.jpg",184,109,true],"colornews-featured-post-medium":["https:\/\/velipost.com\/wp-content\/uploads\/2025\/12\/IFH-345x265.jpg",345,265,true],"colornews-featured-post-small":["https:\/\/velipost.com\/wp-content\/uploads\/2025\/12\/IFH-115x73.jpg",115,73,true],"colornews-random-posts":["https:\/\/velipost.com\/wp-content\/uploads\/2025\/12\/IFH-215x215.jpg",215,215,true],"colornews-featured-image":["https:\/\/velipost.com\/wp-content\/uploads\/2025\/12\/IFH-715x400.jpg",715,400,true],"mailpoet_newsletter_max":["https:\/\/velipost.com\/wp-content\/uploads\/2025\/12\/IFH.jpg",1170,603,false]},"uagb_author_info":{"display_name":"VeliPost","author_link":"https:\/\/velipost.com\/?author=1"},"uagb_comment_info":0,"uagb_excerpt":"L\u2019Institut fran\u00e7ais d\u2019Ha\u00efti (IFH) c\u00e9l\u00e8bre cette semaine ses 80 ans d\u2019existence. Pour marquer cet anniversaire, une s\u00e9rie d\u2019activit\u00e9s culturelles, acad\u00e9miques et scientifiques est organis\u00e9e","_links":{"self":[{"href":"https:\/\/velipost.com\/index.php?rest_route=\/wp\/v2\/posts\/5114","targetHints":{"allow":["GET"]}}],"collection":[{"href":"https:\/\/velipost.com\/index.php?rest_route=\/wp\/v2\/posts"}],"about":[{"href":"https:\/\/velipost.com\/index.php?rest_route=\/wp\/v2\/types\/post"}],"author":[{"embeddable":true,"href":"https:\/\/velipost.com\/index.php?rest_route=\/wp\/v2\/users\/1"}],"replies":[{"embeddable":true,"href":"https:\/\/velipost.com\/index.php?rest_route=%2Fwp%2Fv2%2Fcomments&post=5114"}],"version-history":[{"count":1,"href":"https:\/\/velipost.com\/index.php?rest_route=\/wp\/v2\/posts\/5114\/revisions"}],"predecessor-version":[{"id":5116,"href":"https:\/\/velipost.com\/index.php?rest_route=\/wp\/v2\/posts\/5114\/revisions\/5116"}],"wp:featuredmedia":[{"embeddable":true,"href":"https:\/\/velipost.com\/index.php?rest_route=\/wp\/v2\/media\/5115"}],"wp:attachment":[{"href":"https:\/\/velipost.com\/index.php?rest_route=%2Fwp%2Fv2%2Fmedia&parent=5114"}],"wp:term":[{"taxonomy":"category","embeddable":true,"href":"https:\/\/velipost.com\/index.php?rest_route=%2Fwp%2Fv2%2Fcategories&post=5114"},{"taxonomy":"post_tag","embeddable":true,"href":"https:\/\/velipost.com\/index.php?rest_route=%2Fwp%2Fv2%2Ftags&post=5114"}],"curies":[{"name":"wp","href":"https:\/\/api.w.org\/{rel}","templated":true}]}}